{"id":101469,"date":"2021-11-30T13:29:30","date_gmt":"2021-11-30T12:29:30","guid":{"rendered":"https:\/\/www.monaco-tribune.com\/2021\/11\/a-dream-menu-at-the-festival-des-etoiles-monte-carlos-prestigious-closing-dinner\/"},"modified":"2021-12-01T10:30:43","modified_gmt":"2021-12-01T09:30:43","slug":"a-dream-menu-at-the-festival-des-etoiles-monte-carlos-prestigious-closing-dinner","status":"publish","type":"post","link":"https:\/\/www.monaco-tribune.com\/en\/2021\/11\/a-dream-menu-at-the-festival-des-etoiles-monte-carlos-prestigious-closing-dinner\/","title":{"rendered":"A dream menu at the Festival des \u00c9toil\u00e9s de Monte-Carlo&#8217;s prestigious closing dinner"},"content":{"rendered":"\n<p><strong>The Festival des \u00c9toil\u00e9s de Monte-Carlo officially concluded on Saturday 27 November with a fabulous closing event at the Casino.<\/strong><\/p>\n\n<p>It&#8217;s been a literal feast for lovers of fine food&#8230; From May to November 2021, three pairs of chefs pooled their talents at the\u00a0 <a href=\"https:\/\/www.monaco-tribune.com\/en\/2021\/09\/monto-carlo-festival-of-stars-three-dream-chef-duos-on-the-menu\/\">Festival des \u00c9toil\u00e9s de Monte-Carlo<\/a>, organised by the Monte-Carlo Soci\u00e9t\u00e9 des Bains de Mer (SBM).<\/p>\n\n<p>To celebrate the end of this gastronomic adventure, the highlight of the event was scheduled for Saturday, November 27. The Salle M\u00e9decin at Monte-Carlo&#8217;s Casino hosted a prestigious five-course dinner, honoured by the presence of the Prince, his nephew and niece-in-law Louis and Marie Ducruet.<\/p>\n\n<blockquote class=\"wp-block-quote is-layout-flow wp-block-quote-is-layout-flow\"><p><em>When the SBM brings together all its resources, it really carries out its mission to the full: cultivating the true <\/em>Art de Vivre<em>, reinventing it each time with exceptional new events <\/em><i><\/i><\/p><cite><em>Jean-Luc Biamonti, Deputy President of Monte-Carlo Soci\u00e9t\u00e9 des Bains de Mer<\/em><\/cite><\/blockquote>\n\n<h2 class=\"wp-block-heading\" id=\"h-un-menu-qui-fait-rever\">A dream menu<\/h2>\n\n<p>The six Michelin-starred chefs Yannick All\u00e9no, Franck Cerutti, Alain Ducasse, Manon Fleury, Dominique Lory and Marcel Ravin were in attendance to prepare their \u201cSignature\u201d dish, enhanced by a food and wine pairing. Just look at this menu: <\/p>\n\n<ul class=\"wp-block-list\"><li>San Remo Gamberoni and its fine rock fish gel\u00e9e and caviar,<\/li><li>Monte-Carlo egg with alba truffle, cassava and maracudja fruit, <\/li><li>Squash and citrus lace, orange blossom water cream,<\/li><li>Farmed veal with black truffles and wild mushrooms,<\/li><li>Fir tree extract in iced jelly with coffee, spicy crystalline shards and rich hot chocolate cream<\/li><\/ul>\n<p>To top off this successful first edition, a plaque of honour with the names of the six chefs was inaugurated by Jean-Luc Biamonti, Deputy Chairman of the SBM. A second edition of the Festival des \u00c9toil\u00e9s has already been announced for next year.<\/p>\n\n<figure class=\"wp-block-gallery columns-1 is-cropped wp-block-gallery-1 is-layout-flex wp-block-gallery-is-layout-flex\"><ul class=\"blocks-gallery-grid\"><li class=\"blocks-gallery-item\"><figure><img loading=\"lazy\" decoding=\"async\" width=\"1024\" height=\"683\" src=\"https:\/\/www.monaco-tribune.com\/wp-content\/uploads\/2021\/11\/festival-des-etoiles-monte-carlo-1024x683.jpg\" alt=\"\u00ab Festival des Etoil\u00e9s Monte-Carlo \u00bbA start studded gala dinner at the Casino de Monte-Carlo to conclude the 2021 edition\" data-id=\"101402\" data-full-url=\"https:\/\/www.monaco-tribune.com\/wp-content\/uploads\/2021\/11\/festival-des-etoiles-monte-carlo.jpg\" data-link=\"https:\/\/www.monaco-tribune.com\/?attachment_id=101402\" class=\"wp-image-101403\" srcset=\"https:\/\/www.monaco-tribune.com\/wp-content\/uploads\/2021\/11\/festival-des-etoiles-monte-carlo-1024x683.jpg 1024w, https:\/\/www.monaco-tribune.com\/wp-content\/uploads\/2021\/11\/festival-des-etoiles-monte-carlo-450x300.jpg 450w, https:\/\/www.monaco-tribune.com\/wp-content\/uploads\/2021\/11\/festival-des-etoiles-monte-carlo-225x150.jpg 225w, https:\/\/www.monaco-tribune.com\/wp-content\/uploads\/2021\/11\/festival-des-etoiles-monte-carlo-768x512.jpg 768w, https:\/\/www.monaco-tribune.com\/wp-content\/uploads\/2021\/11\/festival-des-etoiles-monte-carlo-175x117.jpg 175w, https:\/\/www.monaco-tribune.com\/wp-content\/uploads\/2021\/11\/festival-des-etoiles-monte-carlo.jpg 1200w\" sizes=\"auto, (max-width: 1024px) 100vw, 1024px\" \/><figcaption class=\"blocks-gallery-item__caption\">\u00a9 Monte-Carlo SBM<\/figcaption><\/figure><\/li><li class=\"blocks-gallery-item\"><figure><img loading=\"lazy\" decoding=\"async\" width=\"1024\" height=\"683\" src=\"https:\/\/www.monaco-tribune.com\/wp-content\/uploads\/2021\/11\/festival-des-etoiles-monte-carlo-4-1024x683.jpg\" alt=\"\" data-id=\"101394\" data-full-url=\"https:\/\/www.monaco-tribune.com\/wp-content\/uploads\/2021\/11\/festival-des-etoiles-monte-carlo-4.jpg\" data-link=\"https:\/\/www.monaco-tribune.com\/?attachment_id=101394\" class=\"wp-image-101395\" srcset=\"https:\/\/www.monaco-tribune.com\/wp-content\/uploads\/2021\/11\/festival-des-etoiles-monte-carlo-4-1024x683.jpg 1024w, https:\/\/www.monaco-tribune.com\/wp-content\/uploads\/2021\/11\/festival-des-etoiles-monte-carlo-4-450x300.jpg 450w, https:\/\/www.monaco-tribune.com\/wp-content\/uploads\/2021\/11\/festival-des-etoiles-monte-carlo-4-225x150.jpg 225w, https:\/\/www.monaco-tribune.com\/wp-content\/uploads\/2021\/11\/festival-des-etoiles-monte-carlo-4-768x512.jpg 768w, https:\/\/www.monaco-tribune.com\/wp-content\/uploads\/2021\/11\/festival-des-etoiles-monte-carlo-4-175x117.jpg 175w, https:\/\/www.monaco-tribune.com\/wp-content\/uploads\/2021\/11\/festival-des-etoiles-monte-carlo-4.jpg 1200w\" sizes=\"auto, (max-width: 1024px) 100vw, 1024px\" \/><figcaption class=\"blocks-gallery-item__caption\">\u00a9 Monte-Carlo SBM<\/figcaption><\/figure><\/li><li class=\"blocks-gallery-item\"><figure><img loading=\"lazy\" decoding=\"async\" width=\"1024\" height=\"683\" src=\"https:\/\/www.monaco-tribune.com\/wp-content\/uploads\/2021\/11\/festival-des-etoiles-monte-carlo-3-1024x683.jpg\" alt=\"\" data-id=\"101390\" data-full-url=\"https:\/\/www.monaco-tribune.com\/wp-content\/uploads\/2021\/11\/festival-des-etoiles-monte-carlo-3.jpg\" data-link=\"https:\/\/www.monaco-tribune.com\/?attachment_id=101390\" class=\"wp-image-101391\" srcset=\"https:\/\/www.monaco-tribune.com\/wp-content\/uploads\/2021\/11\/festival-des-etoiles-monte-carlo-3-1024x683.jpg 1024w, https:\/\/www.monaco-tribune.com\/wp-content\/uploads\/2021\/11\/festival-des-etoiles-monte-carlo-3-450x300.jpg 450w, https:\/\/www.monaco-tribune.com\/wp-content\/uploads\/2021\/11\/festival-des-etoiles-monte-carlo-3-225x150.jpg 225w, https:\/\/www.monaco-tribune.com\/wp-content\/uploads\/2021\/11\/festival-des-etoiles-monte-carlo-3-768x512.jpg 768w, https:\/\/www.monaco-tribune.com\/wp-content\/uploads\/2021\/11\/festival-des-etoiles-monte-carlo-3-175x117.jpg 175w, https:\/\/www.monaco-tribune.com\/wp-content\/uploads\/2021\/11\/festival-des-etoiles-monte-carlo-3.jpg 1200w\" sizes=\"auto, (max-width: 1024px) 100vw, 1024px\" \/><figcaption class=\"blocks-gallery-item__caption\">\u00a9 Monte-Carlo SBM<\/figcaption><\/figure><\/li><li class=\"blocks-gallery-item\"><figure><img loading=\"lazy\" decoding=\"async\" width=\"1024\" height=\"683\" src=\"https:\/\/www.monaco-tribune.com\/wp-content\/uploads\/2021\/11\/festival-des-etoiles-monte-carlo-1-1024x683.jpg\" alt=\"\" data-id=\"101386\" data-full-url=\"https:\/\/www.monaco-tribune.com\/wp-content\/uploads\/2021\/11\/festival-des-etoiles-monte-carlo-1.jpg\" data-link=\"https:\/\/www.monaco-tribune.com\/?attachment_id=101386\" class=\"wp-image-101387\" srcset=\"https:\/\/www.monaco-tribune.com\/wp-content\/uploads\/2021\/11\/festival-des-etoiles-monte-carlo-1-1024x683.jpg 1024w, https:\/\/www.monaco-tribune.com\/wp-content\/uploads\/2021\/11\/festival-des-etoiles-monte-carlo-1-450x300.jpg 450w, https:\/\/www.monaco-tribune.com\/wp-content\/uploads\/2021\/11\/festival-des-etoiles-monte-carlo-1-225x150.jpg 225w, https:\/\/www.monaco-tribune.com\/wp-content\/uploads\/2021\/11\/festival-des-etoiles-monte-carlo-1-768x512.jpg 768w, https:\/\/www.monaco-tribune.com\/wp-content\/uploads\/2021\/11\/festival-des-etoiles-monte-carlo-1-175x117.jpg 175w, https:\/\/www.monaco-tribune.com\/wp-content\/uploads\/2021\/11\/festival-des-etoiles-monte-carlo-1.jpg 1200w\" sizes=\"auto, (max-width: 1024px) 100vw, 1024px\" \/><figcaption class=\"blocks-gallery-item__caption\">\u00a9 Monte-Carlo SBM<\/figcaption><\/figure><\/li><\/ul><\/figure>","protected":false},"excerpt":{"rendered":"<p>The Festival des \u00c9toil\u00e9s de Monte-Carlo officially concluded on Saturday 27 November with a fabulous closing event at the Casino. [&hellip;]<\/p>\n","protected":false},"author":57,"featured_media":101399,"comment_status":"closed","ping_status":"closed","sticky":false,"template":"","format":"standard","meta":{"_acf_changed":false,"footnotes":""},"categories":[1825,243,251],"tags":[2861],"post_sectags":[],"post_format":[2465],"class_list":["post-101469","post","type-post","status-publish","format-standard","has-post-thumbnail","hentry","category-editors-choice","category-news","category-whats-on","tag-eating-out","format-in-brief"],"acf":[],"yoast_head":"<!-- This site is optimized with the Yoast SEO Premium plugin v26.8 (Yoast SEO v27.4) - https:\/\/yoast.com\/product\/yoast-seo-premium-wordpress\/ -->\n<title>A dream menu at the Festival des \u00c9toil\u00e9s de Monte-Carlo&#039;s prestigious closing dinner<\/title>\n<meta name=\"description\" content=\"The Festival des \u00c9toil\u00e9s de Monte-Carlo officially concluded on Saturday 27 November with a fabulous closing event at the Casino. It&#039;s been a literal\" \/>\n<meta name=\"robots\" content=\"index, follow, max-snippet:-1, max-image-preview:large, max-video-preview:-1\" \/>\n<link rel=\"canonical\" href=\"https:\/\/www.monaco-tribune.com\/en\/2021\/11\/a-dream-menu-at-the-festival-des-etoiles-monte-carlos-prestigious-closing-dinner\/\" \/>\n<meta property=\"og:locale\" content=\"en_US\" \/>\n<meta property=\"og:type\" content=\"article\" \/>\n<meta property=\"og:title\" content=\"A dream menu at the Festival des \u00c9toil\u00e9s de Monte-Carlo&#039;s prestigious closing dinner - Monaco Tribune\" \/>\n<meta property=\"og:description\" content=\"The Festival des \u00c9toil\u00e9s de Monte-Carlo officially concluded on Saturday 27 November with a fabulous closing event at the Casino. It&#039;s been a literal\" \/>\n<meta property=\"og:url\" content=\"https:\/\/www.monaco-tribune.com\/en\/2021\/11\/a-dream-menu-at-the-festival-des-etoiles-monte-carlos-prestigious-closing-dinner\/\" \/>\n<meta property=\"og:site_name\" content=\"Monaco Tribune\" \/>\n<meta property=\"article:publisher\" content=\"https:\/\/www.facebook.com\/MonacoTribune\" \/>\n<meta property=\"article:published_time\" content=\"2021-11-30T12:29:30+00:00\" \/>\n<meta property=\"article:modified_time\" content=\"2021-12-01T09:30:43+00:00\" \/>\n<meta property=\"og:image\" content=\"https:\/\/www.monaco-tribune.com\/wp-content\/uploads\/2021\/11\/festival-des-etoiles-monte-carlo-5.jpg\" \/>\n\t<meta property=\"og:image:width\" content=\"1200\" \/>\n\t<meta property=\"og:image:height\" content=\"800\" \/>\n\t<meta property=\"og:image:type\" content=\"image\/jpeg\" \/>\n<meta name=\"author\" content=\"Josepha Toquereau\" \/>\n<meta name=\"twitter:card\" content=\"summary_large_image\" \/>\n<meta name=\"twitter:creator\" content=\"@MonacoTribune\" \/>\n<meta name=\"twitter:site\" content=\"@MonacoTribune\" \/>\n<script type=\"application\/ld+json\" class=\"yoast-schema-graph\">{\"@context\":\"https:\\\/\\\/schema.org\",\"@graph\":[{\"@type\":\"NewsArticle\",\"@id\":\"https:\\\/\\\/www.monaco-tribune.com\\\/en\\\/2021\\\/11\\\/a-dream-menu-at-the-festival-des-etoiles-monte-carlos-prestigious-closing-dinner\\\/#article\",\"isPartOf\":{\"@id\":\"https:\\\/\\\/www.monaco-tribune.com\\\/en\\\/2021\\\/11\\\/a-dream-menu-at-the-festival-des-etoiles-monte-carlos-prestigious-closing-dinner\\\/\"},\"author\":{\"name\":\"Josepha Toquereau\",\"@id\":\"https:\\\/\\\/www.monaco-tribune.com\\\/en\\\/#\\\/schema\\\/person\\\/c8eeb5e36b6ed3782736273e5eb7d764\"},\"headline\":\"A dream menu at the Festival des \u00c9toil\u00e9s de Monte-Carlo&#8217;s prestigious closing dinner\",\"datePublished\":\"2021-11-30T12:29:30+00:00\",\"dateModified\":\"2021-12-01T09:30:43+00:00\",\"mainEntityOfPage\":{\"@id\":\"https:\\\/\\\/www.monaco-tribune.com\\\/en\\\/2021\\\/11\\\/a-dream-menu-at-the-festival-des-etoiles-monte-carlos-prestigious-closing-dinner\\\/\"},\"wordCount\":311,\"publisher\":{\"@id\":\"https:\\\/\\\/www.monaco-tribune.com\\\/en\\\/#organization\"},\"image\":{\"@id\":\"https:\\\/\\\/www.monaco-tribune.com\\\/en\\\/2021\\\/11\\\/a-dream-menu-at-the-festival-des-etoiles-monte-carlos-prestigious-closing-dinner\\\/#primaryimage\"},\"thumbnailUrl\":\"https:\\\/\\\/www.monaco-tribune.com\\\/wp-content\\\/uploads\\\/2021\\\/11\\\/festival-des-etoiles-monte-carlo-5.jpg\",\"keywords\":[\"Eating out\"],\"articleSection\":[\"Editor&#039;s choice\",\"News\",\"What&#039;s on\"],\"inLanguage\":\"en-US\",\"copyrightYear\":\"2021\",\"copyrightHolder\":{\"@id\":\"https:\\\/\\\/www.monaco-tribune.com\\\/#organization\"}},{\"@type\":\"WebPage\",\"@id\":\"https:\\\/\\\/www.monaco-tribune.com\\\/en\\\/2021\\\/11\\\/a-dream-menu-at-the-festival-des-etoiles-monte-carlos-prestigious-closing-dinner\\\/\",\"url\":\"https:\\\/\\\/www.monaco-tribune.com\\\/en\\\/2021\\\/11\\\/a-dream-menu-at-the-festival-des-etoiles-monte-carlos-prestigious-closing-dinner\\\/\",\"name\":\"A dream menu at the Festival des \u00c9toil\u00e9s de Monte-Carlo's prestigious closing dinner\",\"isPartOf\":{\"@id\":\"https:\\\/\\\/www.monaco-tribune.com\\\/en\\\/#website\"},\"primaryImageOfPage\":{\"@id\":\"https:\\\/\\\/www.monaco-tribune.com\\\/en\\\/2021\\\/11\\\/a-dream-menu-at-the-festival-des-etoiles-monte-carlos-prestigious-closing-dinner\\\/#primaryimage\"},\"image\":{\"@id\":\"https:\\\/\\\/www.monaco-tribune.com\\\/en\\\/2021\\\/11\\\/a-dream-menu-at-the-festival-des-etoiles-monte-carlos-prestigious-closing-dinner\\\/#primaryimage\"},\"thumbnailUrl\":\"https:\\\/\\\/www.monaco-tribune.com\\\/wp-content\\\/uploads\\\/2021\\\/11\\\/festival-des-etoiles-monte-carlo-5.jpg\",\"datePublished\":\"2021-11-30T12:29:30+00:00\",\"dateModified\":\"2021-12-01T09:30:43+00:00\",\"description\":\"The Festival des \u00c9toil\u00e9s de Monte-Carlo officially concluded on Saturday 27 November with a fabulous closing event at the Casino. It's been a literal\",\"breadcrumb\":{\"@id\":\"https:\\\/\\\/www.monaco-tribune.com\\\/en\\\/2021\\\/11\\\/a-dream-menu-at-the-festival-des-etoiles-monte-carlos-prestigious-closing-dinner\\\/#breadcrumb\"},\"inLanguage\":\"en-US\",\"potentialAction\":[{\"@type\":\"ReadAction\",\"target\":[\"https:\\\/\\\/www.monaco-tribune.com\\\/en\\\/2021\\\/11\\\/a-dream-menu-at-the-festival-des-etoiles-monte-carlos-prestigious-closing-dinner\\\/\"]}]},{\"@type\":\"ImageObject\",\"inLanguage\":\"en-US\",\"@id\":\"https:\\\/\\\/www.monaco-tribune.com\\\/en\\\/2021\\\/11\\\/a-dream-menu-at-the-festival-des-etoiles-monte-carlos-prestigious-closing-dinner\\\/#primaryimage\",\"url\":\"https:\\\/\\\/www.monaco-tribune.com\\\/wp-content\\\/uploads\\\/2021\\\/11\\\/festival-des-etoiles-monte-carlo-5.jpg\",\"contentUrl\":\"https:\\\/\\\/www.monaco-tribune.com\\\/wp-content\\\/uploads\\\/2021\\\/11\\\/festival-des-etoiles-monte-carlo-5.jpg\",\"width\":1200,\"height\":800,\"caption\":\"Monte-Carlo SBM\"},{\"@type\":\"BreadcrumbList\",\"@id\":\"https:\\\/\\\/www.monaco-tribune.com\\\/en\\\/2021\\\/11\\\/a-dream-menu-at-the-festival-des-etoiles-monte-carlos-prestigious-closing-dinner\\\/#breadcrumb\",\"itemListElement\":[{\"@type\":\"ListItem\",\"position\":1,\"name\":\"Accueil\",\"item\":\"https:\\\/\\\/www.monaco-tribune.com\\\/en\\\/\"},{\"@type\":\"ListItem\",\"position\":2,\"name\":\"A dream menu at the Festival des \u00c9toil\u00e9s de Monte-Carlo&rsquo;s prestigious closing dinner\"}]},{\"@type\":\"WebSite\",\"@id\":\"https:\\\/\\\/www.monaco-tribune.com\\\/en\\\/#website\",\"url\":\"https:\\\/\\\/www.monaco-tribune.com\\\/en\\\/\",\"name\":\"Monaco Tribune\",\"description\":\"Monaco : actualit\u00e9s \u00e9conomiques, politiques, culturelles et sportives de Monaco et de la French Riviera.\",\"publisher\":{\"@id\":\"https:\\\/\\\/www.monaco-tribune.com\\\/en\\\/#organization\"},\"potentialAction\":[{\"@type\":\"SearchAction\",\"target\":{\"@type\":\"EntryPoint\",\"urlTemplate\":\"https:\\\/\\\/www.monaco-tribune.com\\\/en\\\/?s={search_term_string}\"},\"query-input\":{\"@type\":\"PropertyValueSpecification\",\"valueRequired\":true,\"valueName\":\"search_term_string\"}}],\"inLanguage\":\"en-US\"},{\"@type\":\"Organization\",\"@id\":\"https:\\\/\\\/www.monaco-tribune.com\\\/en\\\/#organization\",\"name\":\"Monaco Tribune\",\"url\":\"https:\\\/\\\/www.monaco-tribune.com\\\/en\\\/\",\"logo\":{\"@type\":\"ImageObject\",\"inLanguage\":\"en-US\",\"@id\":\"https:\\\/\\\/www.monaco-tribune.com\\\/en\\\/#\\\/schema\\\/logo\\\/image\\\/\",\"url\":\"https:\\\/\\\/www.monaco-tribune.com\\\/wp-content\\\/uploads\\\/2022\\\/11\\\/logo-monaco-tribune.png\",\"contentUrl\":\"https:\\\/\\\/www.monaco-tribune.com\\\/wp-content\\\/uploads\\\/2022\\\/11\\\/logo-monaco-tribune.png\",\"width\":1548,\"height\":600,\"caption\":\"Monaco Tribune\"},\"image\":{\"@id\":\"https:\\\/\\\/www.monaco-tribune.com\\\/en\\\/#\\\/schema\\\/logo\\\/image\\\/\"},\"sameAs\":[\"https:\\\/\\\/www.facebook.com\\\/MonacoTribune\",\"https:\\\/\\\/x.com\\\/MonacoTribune\",\"https:\\\/\\\/www.instagram.com\\\/monacotribune\\\/\",\"https:\\\/\\\/www.linkedin.com\\\/company\\\/monaco-tribune\",\"https:\\\/\\\/www.youtube.com\\\/channel\\\/UCHle1MnG6hw1y4lWKijVbMA\"]},{\"@type\":\"Person\",\"@id\":\"https:\\\/\\\/www.monaco-tribune.com\\\/en\\\/#\\\/schema\\\/person\\\/c8eeb5e36b6ed3782736273e5eb7d764\",\"name\":\"Josepha Toquereau\",\"image\":{\"@type\":\"ImageObject\",\"inLanguage\":\"en-US\",\"@id\":\"https:\\\/\\\/secure.gravatar.com\\\/avatar\\\/3e06e87605717b00d3b9743f79fca038480454ef05226ef9de5dfa9577c3363f?s=96&d=mm&r=g\",\"url\":\"https:\\\/\\\/secure.gravatar.com\\\/avatar\\\/3e06e87605717b00d3b9743f79fca038480454ef05226ef9de5dfa9577c3363f?s=96&d=mm&r=g\",\"contentUrl\":\"https:\\\/\\\/secure.gravatar.com\\\/avatar\\\/3e06e87605717b00d3b9743f79fca038480454ef05226ef9de5dfa9577c3363f?s=96&d=mm&r=g\",\"caption\":\"Josepha Toquereau\"},\"url\":\"https:\\\/\\\/www.monaco-tribune.com\\\/en\\\/author\\\/josephatoquereau\\\/\"}]}<\/script>\n<!-- \/ Yoast SEO Premium plugin. -->","yoast_head_json":{"title":"A dream menu at the Festival des \u00c9toil\u00e9s de Monte-Carlo's prestigious closing dinner","description":"The Festival des \u00c9toil\u00e9s de Monte-Carlo officially concluded on Saturday 27 November with a fabulous closing event at the Casino. It's been a literal","robots":{"index":"index","follow":"follow","max-snippet":"max-snippet:-1","max-image-preview":"max-image-preview:large","max-video-preview":"max-video-preview:-1"},"canonical":"https:\/\/www.monaco-tribune.com\/en\/2021\/11\/a-dream-menu-at-the-festival-des-etoiles-monte-carlos-prestigious-closing-dinner\/","og_locale":"en_US","og_type":"article","og_title":"A dream menu at the Festival des \u00c9toil\u00e9s de Monte-Carlo's prestigious closing dinner - Monaco Tribune","og_description":"The Festival des \u00c9toil\u00e9s de Monte-Carlo officially concluded on Saturday 27 November with a fabulous closing event at the Casino. It's been a literal","og_url":"https:\/\/www.monaco-tribune.com\/en\/2021\/11\/a-dream-menu-at-the-festival-des-etoiles-monte-carlos-prestigious-closing-dinner\/","og_site_name":"Monaco Tribune","article_publisher":"https:\/\/www.facebook.com\/MonacoTribune","article_published_time":"2021-11-30T12:29:30+00:00","article_modified_time":"2021-12-01T09:30:43+00:00","og_image":[{"width":1200,"height":800,"url":"https:\/\/www.monaco-tribune.com\/wp-content\/uploads\/2021\/11\/festival-des-etoiles-monte-carlo-5.jpg","type":"image\/jpeg"}],"author":"Josepha Toquereau","twitter_card":"summary_large_image","twitter_creator":"@MonacoTribune","twitter_site":"@MonacoTribune","schema":{"@context":"https:\/\/schema.org","@graph":[{"@type":"NewsArticle","@id":"https:\/\/www.monaco-tribune.com\/en\/2021\/11\/a-dream-menu-at-the-festival-des-etoiles-monte-carlos-prestigious-closing-dinner\/#article","isPartOf":{"@id":"https:\/\/www.monaco-tribune.com\/en\/2021\/11\/a-dream-menu-at-the-festival-des-etoiles-monte-carlos-prestigious-closing-dinner\/"},"author":{"name":"Josepha Toquereau","@id":"https:\/\/www.monaco-tribune.com\/en\/#\/schema\/person\/c8eeb5e36b6ed3782736273e5eb7d764"},"headline":"A dream menu at the Festival des \u00c9toil\u00e9s de Monte-Carlo&#8217;s prestigious closing dinner","datePublished":"2021-11-30T12:29:30+00:00","dateModified":"2021-12-01T09:30:43+00:00","mainEntityOfPage":{"@id":"https:\/\/www.monaco-tribune.com\/en\/2021\/11\/a-dream-menu-at-the-festival-des-etoiles-monte-carlos-prestigious-closing-dinner\/"},"wordCount":311,"publisher":{"@id":"https:\/\/www.monaco-tribune.com\/en\/#organization"},"image":{"@id":"https:\/\/www.monaco-tribune.com\/en\/2021\/11\/a-dream-menu-at-the-festival-des-etoiles-monte-carlos-prestigious-closing-dinner\/#primaryimage"},"thumbnailUrl":"https:\/\/www.monaco-tribune.com\/wp-content\/uploads\/2021\/11\/festival-des-etoiles-monte-carlo-5.jpg","keywords":["Eating out"],"articleSection":["Editor&#039;s choice","News","What&#039;s on"],"inLanguage":"en-US","copyrightYear":"2021","copyrightHolder":{"@id":"https:\/\/www.monaco-tribune.com\/#organization"}},{"@type":"WebPage","@id":"https:\/\/www.monaco-tribune.com\/en\/2021\/11\/a-dream-menu-at-the-festival-des-etoiles-monte-carlos-prestigious-closing-dinner\/","url":"https:\/\/www.monaco-tribune.com\/en\/2021\/11\/a-dream-menu-at-the-festival-des-etoiles-monte-carlos-prestigious-closing-dinner\/","name":"A dream menu at the Festival des \u00c9toil\u00e9s de Monte-Carlo's prestigious closing dinner","isPartOf":{"@id":"https:\/\/www.monaco-tribune.com\/en\/#website"},"primaryImageOfPage":{"@id":"https:\/\/www.monaco-tribune.com\/en\/2021\/11\/a-dream-menu-at-the-festival-des-etoiles-monte-carlos-prestigious-closing-dinner\/#primaryimage"},"image":{"@id":"https:\/\/www.monaco-tribune.com\/en\/2021\/11\/a-dream-menu-at-the-festival-des-etoiles-monte-carlos-prestigious-closing-dinner\/#primaryimage"},"thumbnailUrl":"https:\/\/www.monaco-tribune.com\/wp-content\/uploads\/2021\/11\/festival-des-etoiles-monte-carlo-5.jpg","datePublished":"2021-11-30T12:29:30+00:00","dateModified":"2021-12-01T09:30:43+00:00","description":"The Festival des \u00c9toil\u00e9s de Monte-Carlo officially concluded on Saturday 27 November with a fabulous closing event at the Casino. It's been a literal","breadcrumb":{"@id":"https:\/\/www.monaco-tribune.com\/en\/2021\/11\/a-dream-menu-at-the-festival-des-etoiles-monte-carlos-prestigious-closing-dinner\/#breadcrumb"},"inLanguage":"en-US","potentialAction":[{"@type":"ReadAction","target":["https:\/\/www.monaco-tribune.com\/en\/2021\/11\/a-dream-menu-at-the-festival-des-etoiles-monte-carlos-prestigious-closing-dinner\/"]}]},{"@type":"ImageObject","inLanguage":"en-US","@id":"https:\/\/www.monaco-tribune.com\/en\/2021\/11\/a-dream-menu-at-the-festival-des-etoiles-monte-carlos-prestigious-closing-dinner\/#primaryimage","url":"https:\/\/www.monaco-tribune.com\/wp-content\/uploads\/2021\/11\/festival-des-etoiles-monte-carlo-5.jpg","contentUrl":"https:\/\/www.monaco-tribune.com\/wp-content\/uploads\/2021\/11\/festival-des-etoiles-monte-carlo-5.jpg","width":1200,"height":800,"caption":"Monte-Carlo SBM"},{"@type":"BreadcrumbList","@id":"https:\/\/www.monaco-tribune.com\/en\/2021\/11\/a-dream-menu-at-the-festival-des-etoiles-monte-carlos-prestigious-closing-dinner\/#breadcrumb","itemListElement":[{"@type":"ListItem","position":1,"name":"Accueil","item":"https:\/\/www.monaco-tribune.com\/en\/"},{"@type":"ListItem","position":2,"name":"A dream menu at the Festival des \u00c9toil\u00e9s de Monte-Carlo&rsquo;s prestigious closing dinner"}]},{"@type":"WebSite","@id":"https:\/\/www.monaco-tribune.com\/en\/#website","url":"https:\/\/www.monaco-tribune.com\/en\/","name":"Monaco Tribune","description":"Monaco : actualit\u00e9s \u00e9conomiques, politiques, culturelles et sportives de Monaco et de la French Riviera.","publisher":{"@id":"https:\/\/www.monaco-tribune.com\/en\/#organization"},"potentialAction":[{"@type":"SearchAction","target":{"@type":"EntryPoint","urlTemplate":"https:\/\/www.monaco-tribune.com\/en\/?s={search_term_string}"},"query-input":{"@type":"PropertyValueSpecification","valueRequired":true,"valueName":"search_term_string"}}],"inLanguage":"en-US"},{"@type":"Organization","@id":"https:\/\/www.monaco-tribune.com\/en\/#organization","name":"Monaco Tribune","url":"https:\/\/www.monaco-tribune.com\/en\/","logo":{"@type":"ImageObject","inLanguage":"en-US","@id":"https:\/\/www.monaco-tribune.com\/en\/#\/schema\/logo\/image\/","url":"https:\/\/www.monaco-tribune.com\/wp-content\/uploads\/2022\/11\/logo-monaco-tribune.png","contentUrl":"https:\/\/www.monaco-tribune.com\/wp-content\/uploads\/2022\/11\/logo-monaco-tribune.png","width":1548,"height":600,"caption":"Monaco Tribune"},"image":{"@id":"https:\/\/www.monaco-tribune.com\/en\/#\/schema\/logo\/image\/"},"sameAs":["https:\/\/www.facebook.com\/MonacoTribune","https:\/\/x.com\/MonacoTribune","https:\/\/www.instagram.com\/monacotribune\/","https:\/\/www.linkedin.com\/company\/monaco-tribune","https:\/\/www.youtube.com\/channel\/UCHle1MnG6hw1y4lWKijVbMA"]},{"@type":"Person","@id":"https:\/\/www.monaco-tribune.com\/en\/#\/schema\/person\/c8eeb5e36b6ed3782736273e5eb7d764","name":"Josepha Toquereau","image":{"@type":"ImageObject","inLanguage":"en-US","@id":"https:\/\/secure.gravatar.com\/avatar\/3e06e87605717b00d3b9743f79fca038480454ef05226ef9de5dfa9577c3363f?s=96&d=mm&r=g","url":"https:\/\/secure.gravatar.com\/avatar\/3e06e87605717b00d3b9743f79fca038480454ef05226ef9de5dfa9577c3363f?s=96&d=mm&r=g","contentUrl":"https:\/\/secure.gravatar.com\/avatar\/3e06e87605717b00d3b9743f79fca038480454ef05226ef9de5dfa9577c3363f?s=96&d=mm&r=g","caption":"Josepha Toquereau"},"url":"https:\/\/www.monaco-tribune.com\/en\/author\/josephatoquereau\/"}]}},"_links":{"self":[{"href":"https:\/\/www.monaco-tribune.com\/en\/wp-json\/wp\/v2\/posts\/101469","targetHints":{"allow":["GET"]}}],"collection":[{"href":"https:\/\/www.monaco-tribune.com\/en\/wp-json\/wp\/v2\/posts"}],"about":[{"href":"https:\/\/www.monaco-tribune.com\/en\/wp-json\/wp\/v2\/types\/post"}],"author":[{"embeddable":true,"href":"https:\/\/www.monaco-tribune.com\/en\/wp-json\/wp\/v2\/users\/57"}],"replies":[{"embeddable":true,"href":"https:\/\/www.monaco-tribune.com\/en\/wp-json\/wp\/v2\/comments?post=101469"}],"version-history":[{"count":0,"href":"https:\/\/www.monaco-tribune.com\/en\/wp-json\/wp\/v2\/posts\/101469\/revisions"}],"wp:featuredmedia":[{"embeddable":true,"href":"https:\/\/www.monaco-tribune.com\/en\/wp-json\/wp\/v2\/media\/101399"}],"wp:attachment":[{"href":"https:\/\/www.monaco-tribune.com\/en\/wp-json\/wp\/v2\/media?parent=101469"}],"wp:term":[{"taxonomy":"category","embeddable":true,"href":"https:\/\/www.monaco-tribune.com\/en\/wp-json\/wp\/v2\/categories?post=101469"},{"taxonomy":"post_tag","embeddable":true,"href":"https:\/\/www.monaco-tribune.com\/en\/wp-json\/wp\/v2\/tags?post=101469"},{"taxonomy":"sectag","embeddable":true,"href":"https:\/\/www.monaco-tribune.com\/en\/wp-json\/wp\/v2\/post_sectags?post=101469"},{"taxonomy":"format","embeddable":true,"href":"https:\/\/www.monaco-tribune.com\/en\/wp-json\/wp\/v2\/post_format?post=101469"}],"curies":[{"name":"wp","href":"https:\/\/api.w.org\/{rel}","templated":true}]}}