{"id":10350,"date":"2019-04-09T17:06:53","date_gmt":"2019-04-09T15:06:53","guid":{"rendered":"https:\/\/www.monaco-tribune.com\/?p=10350"},"modified":"2019-04-09T17:06:53","modified_gmt":"2019-04-09T15:06:53","slug":"electroacoustic-music-in-the-spotlight-on-april-18th","status":"publish","type":"post","link":"https:\/\/www.monaco-tribune.com\/en\/2019\/04\/electroacoustic-music-in-the-spotlight-on-april-18th\/","title":{"rendered":"Electroacoustic Music in the spotlight on April 18th"},"content":{"rendered":"<h3>The fifth edition of the biennale<em> Rencontres Internationales de la Musique \u00e9lectroacoustique<\/em> (International Meeting for Electroacoustic Music) will be held in Monaco from April 18th to 20th. This event, organized by the Rainier III Academy, highlights this whole segment of contemporary music.<\/h3>\n<p>Under the leadership of Mario Mary, an impressive lesson in electroacoustic music is being organized at the Rainier III Academy. This vein of contemporary creation, which consists of elaborating musical pieces from new sounds generated electronic synthesis, digital music, and experimentation holds special regard in the Principality, where the International Competition for Electroacoustic Composition is organized.<\/p>\n<h2>An open biennale<\/h2>\n<p>Every two years, the <a href=\"https:\/\/www.academierainier3.mc\/fr\/electroacoustique\/monaco-electroacoustique-2019\"><em>Rencontres Internationales de la Musique \u00e9lectroacoustique<\/em> <\/a>welcomes all actors from this relatively small sphere to participate. This year, the event will be accompanied by three concerts at the Th\u00e9\u00e2tre des Vari\u00e9t\u00e9s, where, at 8:30 PM on April 18th, 19th, and 20th, several original creations will be presented.<\/p>\n<p>These events are an opportunity for the general public to appreciate a very specific musical genre that unfolds in original forms. In addition to its practice, electroacoustic musical theory will not go forgotten, with the organization of two composition masterclasses, spatialization workshops, conferences, and round table discussions. Three major composers of this vague are the guests of honor of this edition: Jo\u00e3o Pedro Oliveira, Annette Vande Gorne, and Daniel Terrugi. Finally, students from around the world will present their own creations within the Academy space&#8230; A unique glimpse at the present and the future of the genre!<\/p>\n<p>*Article originally published on the <a href=\"https:\/\/www.monaco-tribune.com\/2019\/04\/la-musique-electroacoustique-a-lhonneur-le-18-avril-sur-le-rocher\/\">French edition<\/a> of the Monaco Tribune.<\/p>\n","protected":false},"excerpt":{"rendered":"<p>The fifth edition of the biennale Rencontres Internationales de la Musique \u00e9lectroacoustique (International Meeting for Electroacoustic Music) will be held [&hellip;]<\/p>\n","protected":false},"author":8,"featured_media":10351,"comment_status":"closed","ping_status":"open","sticky":false,"template":"","format":"standard","meta":{"_acf_changed":false,"footnotes":""},"categories":[],"tags":[557,745,776,1034],"post_sectags":[],"post_format":[],"class_list":["post-10350","post","type-post","status-publish","format-standard","has-post-thumbnail","hentry","tag-culture","tag-monaco-en","tag-music-en","tag-rencontres-internationales-de-la-musique-electroacoustique"],"acf":[],"yoast_head":"<!-- This site is optimized with the Yoast SEO Premium plugin v26.8 (Yoast SEO v27.5) - https:\/\/yoast.com\/product\/yoast-seo-premium-wordpress\/ -->\n<title>Electroacoustic Music in the spotlight on April 18th<\/title>\n<meta name=\"description\" content=\"The fifth edition of the biennale Rencontres Internationales de la Musique \u00e9lectroacoustique (International Meeting for Electroacoustic Music) will be...\" \/>\n<meta name=\"robots\" content=\"index, follow, max-snippet:-1, max-image-preview:large, max-video-preview:-1\" \/>\n<link rel=\"canonical\" href=\"https:\/\/www.monaco-tribune.com\/en\/2019\/04\/electroacoustic-music-in-the-spotlight-on-april-18th\/\" \/>\n<meta property=\"og:locale\" content=\"en_US\" \/>\n<meta property=\"og:type\" content=\"article\" \/>\n<meta property=\"og:title\" content=\"Electroacoustic Music in the spotlight on April 18th - Monaco Tribune\" \/>\n<meta property=\"og:description\" content=\"The fifth edition of the biennale Rencontres Internationales de la Musique \u00e9lectroacoustique (International Meeting for Electroacoustic Music) will be\" \/>\n<meta property=\"og:url\" content=\"https:\/\/www.monaco-tribune.com\/en\/2019\/04\/electroacoustic-music-in-the-spotlight-on-april-18th\/\" \/>\n<meta property=\"og:site_name\" content=\"Monaco Tribune\" \/>\n<meta property=\"article:publisher\" content=\"https:\/\/www.facebook.com\/MonacoTribune\" \/>\n<meta property=\"article:published_time\" content=\"2019-04-09T15:06:53+00:00\" \/>\n<meta property=\"og:image\" content=\"https:\/\/www.monaco-tribune.com\/wp-content\/uploads\/2019\/04\/Electroacoustic-Music-in-the-spotlight-on-April-18th.jpg\" \/>\n\t<meta property=\"og:image:width\" content=\"807\" \/>\n\t<meta property=\"og:image:height\" content=\"491\" \/>\n\t<meta property=\"og:image:type\" content=\"image\/jpeg\" \/>\n<meta name=\"author\" content=\"Kiel Bonhomme\" \/>\n<meta name=\"twitter:card\" content=\"summary_large_image\" \/>\n<meta name=\"twitter:creator\" content=\"@MonacoTribune\" \/>\n<meta name=\"twitter:site\" content=\"@MonacoTribune\" \/>\n<script type=\"application\/ld+json\" class=\"yoast-schema-graph\">{\"@context\":\"https:\\\/\\\/schema.org\",\"@graph\":[{\"@type\":\"NewsArticle\",\"@id\":\"https:\\\/\\\/www.monaco-tribune.com\\\/en\\\/2019\\\/04\\\/electroacoustic-music-in-the-spotlight-on-april-18th\\\/#article\",\"isPartOf\":{\"@id\":\"https:\\\/\\\/www.monaco-tribune.com\\\/en\\\/2019\\\/04\\\/electroacoustic-music-in-the-spotlight-on-april-18th\\\/\"},\"author\":{\"name\":\"Kiel Bonhomme\",\"@id\":\"https:\\\/\\\/www.monaco-tribune.com\\\/en\\\/#\\\/schema\\\/person\\\/9d13bdaae6c0783f39a7213543b15524\"},\"headline\":\"Electroacoustic Music in the spotlight on April 18th\",\"datePublished\":\"2019-04-09T15:06:53+00:00\",\"mainEntityOfPage\":{\"@id\":\"https:\\\/\\\/www.monaco-tribune.com\\\/en\\\/2019\\\/04\\\/electroacoustic-music-in-the-spotlight-on-april-18th\\\/\"},\"wordCount\":271,\"publisher\":{\"@id\":\"https:\\\/\\\/www.monaco-tribune.com\\\/en\\\/#organization\"},\"image\":{\"@id\":\"https:\\\/\\\/www.monaco-tribune.com\\\/en\\\/2019\\\/04\\\/electroacoustic-music-in-the-spotlight-on-april-18th\\\/#primaryimage\"},\"thumbnailUrl\":\"https:\\\/\\\/www.monaco-tribune.com\\\/wp-content\\\/uploads\\\/2019\\\/04\\\/Electroacoustic-Music-in-the-spotlight-on-April-18th.jpg\",\"keywords\":[\"Culture\",\"Monaco\",\"music\",\"Rencontres Internationales de la Musique \u00e9lectroacoustique\"],\"inLanguage\":\"en-US\",\"copyrightYear\":\"2019\",\"copyrightHolder\":{\"@id\":\"https:\\\/\\\/www.monaco-tribune.com\\\/#organization\"}},{\"@type\":\"WebPage\",\"@id\":\"https:\\\/\\\/www.monaco-tribune.com\\\/en\\\/2019\\\/04\\\/electroacoustic-music-in-the-spotlight-on-april-18th\\\/\",\"url\":\"https:\\\/\\\/www.monaco-tribune.com\\\/en\\\/2019\\\/04\\\/electroacoustic-music-in-the-spotlight-on-april-18th\\\/\",\"name\":\"Electroacoustic Music in the spotlight on April 18th\",\"isPartOf\":{\"@id\":\"https:\\\/\\\/www.monaco-tribune.com\\\/en\\\/#website\"},\"primaryImageOfPage\":{\"@id\":\"https:\\\/\\\/www.monaco-tribune.com\\\/en\\\/2019\\\/04\\\/electroacoustic-music-in-the-spotlight-on-april-18th\\\/#primaryimage\"},\"image\":{\"@id\":\"https:\\\/\\\/www.monaco-tribune.com\\\/en\\\/2019\\\/04\\\/electroacoustic-music-in-the-spotlight-on-april-18th\\\/#primaryimage\"},\"thumbnailUrl\":\"https:\\\/\\\/www.monaco-tribune.com\\\/wp-content\\\/uploads\\\/2019\\\/04\\\/Electroacoustic-Music-in-the-spotlight-on-April-18th.jpg\",\"datePublished\":\"2019-04-09T15:06:53+00:00\",\"description\":\"The fifth edition of the biennale Rencontres Internationales de la Musique \u00e9lectroacoustique (International Meeting for Electroacoustic Music) will be...\",\"breadcrumb\":{\"@id\":\"https:\\\/\\\/www.monaco-tribune.com\\\/en\\\/2019\\\/04\\\/electroacoustic-music-in-the-spotlight-on-april-18th\\\/#breadcrumb\"},\"inLanguage\":\"en-US\",\"potentialAction\":[{\"@type\":\"ReadAction\",\"target\":[\"https:\\\/\\\/www.monaco-tribune.com\\\/en\\\/2019\\\/04\\\/electroacoustic-music-in-the-spotlight-on-april-18th\\\/\"]}]},{\"@type\":\"ImageObject\",\"inLanguage\":\"en-US\",\"@id\":\"https:\\\/\\\/www.monaco-tribune.com\\\/en\\\/2019\\\/04\\\/electroacoustic-music-in-the-spotlight-on-april-18th\\\/#primaryimage\",\"url\":\"https:\\\/\\\/www.monaco-tribune.com\\\/wp-content\\\/uploads\\\/2019\\\/04\\\/Electroacoustic-Music-in-the-spotlight-on-April-18th.jpg\",\"contentUrl\":\"https:\\\/\\\/www.monaco-tribune.com\\\/wp-content\\\/uploads\\\/2019\\\/04\\\/Electroacoustic-Music-in-the-spotlight-on-April-18th.jpg\",\"width\":807,\"height\":491,\"caption\":\"Electroacoustic Music in the spotlight on April 18th\"},{\"@type\":\"BreadcrumbList\",\"@id\":\"https:\\\/\\\/www.monaco-tribune.com\\\/en\\\/2019\\\/04\\\/electroacoustic-music-in-the-spotlight-on-april-18th\\\/#breadcrumb\",\"itemListElement\":[{\"@type\":\"ListItem\",\"position\":1,\"name\":\"Accueil\",\"item\":\"https:\\\/\\\/www.monaco-tribune.com\\\/en\\\/\"},{\"@type\":\"ListItem\",\"position\":2,\"name\":\"Electroacoustic Music in the spotlight on April 18th\"}]},{\"@type\":\"WebSite\",\"@id\":\"https:\\\/\\\/www.monaco-tribune.com\\\/en\\\/#website\",\"url\":\"https:\\\/\\\/www.monaco-tribune.com\\\/en\\\/\",\"name\":\"Monaco Tribune\",\"description\":\"Monaco : actualit\u00e9s \u00e9conomiques, politiques, culturelles et sportives de Monaco et de la French Riviera.\",\"publisher\":{\"@id\":\"https:\\\/\\\/www.monaco-tribune.com\\\/en\\\/#organization\"},\"potentialAction\":[{\"@type\":\"SearchAction\",\"target\":{\"@type\":\"EntryPoint\",\"urlTemplate\":\"https:\\\/\\\/www.monaco-tribune.com\\\/en\\\/?s={search_term_string}\"},\"query-input\":{\"@type\":\"PropertyValueSpecification\",\"valueRequired\":true,\"valueName\":\"search_term_string\"}}],\"inLanguage\":\"en-US\"},{\"@type\":\"Organization\",\"@id\":\"https:\\\/\\\/www.monaco-tribune.com\\\/en\\\/#organization\",\"name\":\"Monaco Tribune\",\"url\":\"https:\\\/\\\/www.monaco-tribune.com\\\/en\\\/\",\"logo\":{\"@type\":\"ImageObject\",\"inLanguage\":\"en-US\",\"@id\":\"https:\\\/\\\/www.monaco-tribune.com\\\/en\\\/#\\\/schema\\\/logo\\\/image\\\/\",\"url\":\"https:\\\/\\\/www.monaco-tribune.com\\\/wp-content\\\/uploads\\\/2022\\\/11\\\/logo-monaco-tribune.png\",\"contentUrl\":\"https:\\\/\\\/www.monaco-tribune.com\\\/wp-content\\\/uploads\\\/2022\\\/11\\\/logo-monaco-tribune.png\",\"width\":1548,\"height\":600,\"caption\":\"Monaco Tribune\"},\"image\":{\"@id\":\"https:\\\/\\\/www.monaco-tribune.com\\\/en\\\/#\\\/schema\\\/logo\\\/image\\\/\"},\"sameAs\":[\"https:\\\/\\\/www.facebook.com\\\/MonacoTribune\",\"https:\\\/\\\/x.com\\\/MonacoTribune\",\"https:\\\/\\\/www.instagram.com\\\/monacotribune\\\/\",\"https:\\\/\\\/www.linkedin.com\\\/company\\\/monaco-tribune\",\"https:\\\/\\\/www.youtube.com\\\/channel\\\/UCHle1MnG6hw1y4lWKijVbMA\"]},{\"@type\":\"Person\",\"@id\":\"https:\\\/\\\/www.monaco-tribune.com\\\/en\\\/#\\\/schema\\\/person\\\/9d13bdaae6c0783f39a7213543b15524\",\"name\":\"Kiel Bonhomme\",\"image\":{\"@type\":\"ImageObject\",\"inLanguage\":\"en-US\",\"@id\":\"https:\\\/\\\/secure.gravatar.com\\\/avatar\\\/97c36b4643135a16063173a908cccbbf4081ac0be675c9bf343636ae8a0141c2?s=96&d=mm&r=g\",\"url\":\"https:\\\/\\\/secure.gravatar.com\\\/avatar\\\/97c36b4643135a16063173a908cccbbf4081ac0be675c9bf343636ae8a0141c2?s=96&d=mm&r=g\",\"contentUrl\":\"https:\\\/\\\/secure.gravatar.com\\\/avatar\\\/97c36b4643135a16063173a908cccbbf4081ac0be675c9bf343636ae8a0141c2?s=96&d=mm&r=g\",\"caption\":\"Kiel Bonhomme\"},\"description\":\"Kiel Bonhomme is a journalist and content editor from New York, currently residing in Lyon, France. Covering art &amp; culture, sports, and business happenings for the Monaco Tribune.\",\"url\":\"https:\\\/\\\/www.monaco-tribune.com\\\/en\\\/author\\\/kiel-bonhomme\\\/\"}]}<\/script>\n<!-- \/ Yoast SEO Premium plugin. -->","yoast_head_json":{"title":"Electroacoustic Music in the spotlight on April 18th","description":"The fifth edition of the biennale Rencontres Internationales de la Musique \u00e9lectroacoustique (International Meeting for Electroacoustic Music) will be...","robots":{"index":"index","follow":"follow","max-snippet":"max-snippet:-1","max-image-preview":"max-image-preview:large","max-video-preview":"max-video-preview:-1"},"canonical":"https:\/\/www.monaco-tribune.com\/en\/2019\/04\/electroacoustic-music-in-the-spotlight-on-april-18th\/","og_locale":"en_US","og_type":"article","og_title":"Electroacoustic Music in the spotlight on April 18th - Monaco Tribune","og_description":"The fifth edition of the biennale Rencontres Internationales de la Musique \u00e9lectroacoustique (International Meeting for Electroacoustic Music) will be","og_url":"https:\/\/www.monaco-tribune.com\/en\/2019\/04\/electroacoustic-music-in-the-spotlight-on-april-18th\/","og_site_name":"Monaco Tribune","article_publisher":"https:\/\/www.facebook.com\/MonacoTribune","article_published_time":"2019-04-09T15:06:53+00:00","og_image":[{"width":807,"height":491,"url":"https:\/\/www.monaco-tribune.com\/wp-content\/uploads\/2019\/04\/Electroacoustic-Music-in-the-spotlight-on-April-18th.jpg","type":"image\/jpeg"}],"author":"Kiel Bonhomme","twitter_card":"summary_large_image","twitter_creator":"@MonacoTribune","twitter_site":"@MonacoTribune","schema":{"@context":"https:\/\/schema.org","@graph":[{"@type":"NewsArticle","@id":"https:\/\/www.monaco-tribune.com\/en\/2019\/04\/electroacoustic-music-in-the-spotlight-on-april-18th\/#article","isPartOf":{"@id":"https:\/\/www.monaco-tribune.com\/en\/2019\/04\/electroacoustic-music-in-the-spotlight-on-april-18th\/"},"author":{"name":"Kiel Bonhomme","@id":"https:\/\/www.monaco-tribune.com\/en\/#\/schema\/person\/9d13bdaae6c0783f39a7213543b15524"},"headline":"Electroacoustic Music in the spotlight on April 18th","datePublished":"2019-04-09T15:06:53+00:00","mainEntityOfPage":{"@id":"https:\/\/www.monaco-tribune.com\/en\/2019\/04\/electroacoustic-music-in-the-spotlight-on-april-18th\/"},"wordCount":271,"publisher":{"@id":"https:\/\/www.monaco-tribune.com\/en\/#organization"},"image":{"@id":"https:\/\/www.monaco-tribune.com\/en\/2019\/04\/electroacoustic-music-in-the-spotlight-on-april-18th\/#primaryimage"},"thumbnailUrl":"https:\/\/www.monaco-tribune.com\/wp-content\/uploads\/2019\/04\/Electroacoustic-Music-in-the-spotlight-on-April-18th.jpg","keywords":["Culture","Monaco","music","Rencontres Internationales de la Musique \u00e9lectroacoustique"],"inLanguage":"en-US","copyrightYear":"2019","copyrightHolder":{"@id":"https:\/\/www.monaco-tribune.com\/#organization"}},{"@type":"WebPage","@id":"https:\/\/www.monaco-tribune.com\/en\/2019\/04\/electroacoustic-music-in-the-spotlight-on-april-18th\/","url":"https:\/\/www.monaco-tribune.com\/en\/2019\/04\/electroacoustic-music-in-the-spotlight-on-april-18th\/","name":"Electroacoustic Music in the spotlight on April 18th","isPartOf":{"@id":"https:\/\/www.monaco-tribune.com\/en\/#website"},"primaryImageOfPage":{"@id":"https:\/\/www.monaco-tribune.com\/en\/2019\/04\/electroacoustic-music-in-the-spotlight-on-april-18th\/#primaryimage"},"image":{"@id":"https:\/\/www.monaco-tribune.com\/en\/2019\/04\/electroacoustic-music-in-the-spotlight-on-april-18th\/#primaryimage"},"thumbnailUrl":"https:\/\/www.monaco-tribune.com\/wp-content\/uploads\/2019\/04\/Electroacoustic-Music-in-the-spotlight-on-April-18th.jpg","datePublished":"2019-04-09T15:06:53+00:00","description":"The fifth edition of the biennale Rencontres Internationales de la Musique \u00e9lectroacoustique (International Meeting for Electroacoustic Music) will be...","breadcrumb":{"@id":"https:\/\/www.monaco-tribune.com\/en\/2019\/04\/electroacoustic-music-in-the-spotlight-on-april-18th\/#breadcrumb"},"inLanguage":"en-US","potentialAction":[{"@type":"ReadAction","target":["https:\/\/www.monaco-tribune.com\/en\/2019\/04\/electroacoustic-music-in-the-spotlight-on-april-18th\/"]}]},{"@type":"ImageObject","inLanguage":"en-US","@id":"https:\/\/www.monaco-tribune.com\/en\/2019\/04\/electroacoustic-music-in-the-spotlight-on-april-18th\/#primaryimage","url":"https:\/\/www.monaco-tribune.com\/wp-content\/uploads\/2019\/04\/Electroacoustic-Music-in-the-spotlight-on-April-18th.jpg","contentUrl":"https:\/\/www.monaco-tribune.com\/wp-content\/uploads\/2019\/04\/Electroacoustic-Music-in-the-spotlight-on-April-18th.jpg","width":807,"height":491,"caption":"Electroacoustic Music in the spotlight on April 18th"},{"@type":"BreadcrumbList","@id":"https:\/\/www.monaco-tribune.com\/en\/2019\/04\/electroacoustic-music-in-the-spotlight-on-april-18th\/#breadcrumb","itemListElement":[{"@type":"ListItem","position":1,"name":"Accueil","item":"https:\/\/www.monaco-tribune.com\/en\/"},{"@type":"ListItem","position":2,"name":"Electroacoustic Music in the spotlight on April 18th"}]},{"@type":"WebSite","@id":"https:\/\/www.monaco-tribune.com\/en\/#website","url":"https:\/\/www.monaco-tribune.com\/en\/","name":"Monaco Tribune","description":"Monaco : actualit\u00e9s \u00e9conomiques, politiques, culturelles et sportives de Monaco et de la French Riviera.","publisher":{"@id":"https:\/\/www.monaco-tribune.com\/en\/#organization"},"potentialAction":[{"@type":"SearchAction","target":{"@type":"EntryPoint","urlTemplate":"https:\/\/www.monaco-tribune.com\/en\/?s={search_term_string}"},"query-input":{"@type":"PropertyValueSpecification","valueRequired":true,"valueName":"search_term_string"}}],"inLanguage":"en-US"},{"@type":"Organization","@id":"https:\/\/www.monaco-tribune.com\/en\/#organization","name":"Monaco Tribune","url":"https:\/\/www.monaco-tribune.com\/en\/","logo":{"@type":"ImageObject","inLanguage":"en-US","@id":"https:\/\/www.monaco-tribune.com\/en\/#\/schema\/logo\/image\/","url":"https:\/\/www.monaco-tribune.com\/wp-content\/uploads\/2022\/11\/logo-monaco-tribune.png","contentUrl":"https:\/\/www.monaco-tribune.com\/wp-content\/uploads\/2022\/11\/logo-monaco-tribune.png","width":1548,"height":600,"caption":"Monaco Tribune"},"image":{"@id":"https:\/\/www.monaco-tribune.com\/en\/#\/schema\/logo\/image\/"},"sameAs":["https:\/\/www.facebook.com\/MonacoTribune","https:\/\/x.com\/MonacoTribune","https:\/\/www.instagram.com\/monacotribune\/","https:\/\/www.linkedin.com\/company\/monaco-tribune","https:\/\/www.youtube.com\/channel\/UCHle1MnG6hw1y4lWKijVbMA"]},{"@type":"Person","@id":"https:\/\/www.monaco-tribune.com\/en\/#\/schema\/person\/9d13bdaae6c0783f39a7213543b15524","name":"Kiel Bonhomme","image":{"@type":"ImageObject","inLanguage":"en-US","@id":"https:\/\/secure.gravatar.com\/avatar\/97c36b4643135a16063173a908cccbbf4081ac0be675c9bf343636ae8a0141c2?s=96&d=mm&r=g","url":"https:\/\/secure.gravatar.com\/avatar\/97c36b4643135a16063173a908cccbbf4081ac0be675c9bf343636ae8a0141c2?s=96&d=mm&r=g","contentUrl":"https:\/\/secure.gravatar.com\/avatar\/97c36b4643135a16063173a908cccbbf4081ac0be675c9bf343636ae8a0141c2?s=96&d=mm&r=g","caption":"Kiel Bonhomme"},"description":"Kiel Bonhomme is a journalist and content editor from New York, currently residing in Lyon, France. Covering art &amp; culture, sports, and business happenings for the Monaco Tribune.","url":"https:\/\/www.monaco-tribune.com\/en\/author\/kiel-bonhomme\/"}]}},"_links":{"self":[{"href":"https:\/\/www.monaco-tribune.com\/en\/wp-json\/wp\/v2\/posts\/10350","targetHints":{"allow":["GET"]}}],"collection":[{"href":"https:\/\/www.monaco-tribune.com\/en\/wp-json\/wp\/v2\/posts"}],"about":[{"href":"https:\/\/www.monaco-tribune.com\/en\/wp-json\/wp\/v2\/types\/post"}],"author":[{"embeddable":true,"href":"https:\/\/www.monaco-tribune.com\/en\/wp-json\/wp\/v2\/users\/8"}],"replies":[{"embeddable":true,"href":"https:\/\/www.monaco-tribune.com\/en\/wp-json\/wp\/v2\/comments?post=10350"}],"version-history":[{"count":0,"href":"https:\/\/www.monaco-tribune.com\/en\/wp-json\/wp\/v2\/posts\/10350\/revisions"}],"wp:featuredmedia":[{"embeddable":true,"href":"https:\/\/www.monaco-tribune.com\/en\/wp-json\/wp\/v2\/media\/10351"}],"wp:attachment":[{"href":"https:\/\/www.monaco-tribune.com\/en\/wp-json\/wp\/v2\/media?parent=10350"}],"wp:term":[{"taxonomy":"category","embeddable":true,"href":"https:\/\/www.monaco-tribune.com\/en\/wp-json\/wp\/v2\/categories?post=10350"},{"taxonomy":"post_tag","embeddable":true,"href":"https:\/\/www.monaco-tribune.com\/en\/wp-json\/wp\/v2\/tags?post=10350"},{"taxonomy":"sectag","embeddable":true,"href":"https:\/\/www.monaco-tribune.com\/en\/wp-json\/wp\/v2\/post_sectags?post=10350"},{"taxonomy":"format","embeddable":true,"href":"https:\/\/www.monaco-tribune.com\/en\/wp-json\/wp\/v2\/post_format?post=10350"}],"curies":[{"name":"wp","href":"https:\/\/api.w.org\/{rel}","templated":true}]}}