{"id":105883,"date":"2022-01-07T16:57:43","date_gmt":"2022-01-07T15:57:43","guid":{"rendered":"https:\/\/www.monaco-tribune.com\/2022\/01\/carla-bruni-the-sales-and-philosophy-what-to-do-in-monaco-this-week-end-and-next-week\/"},"modified":"2022-01-22T17:32:34","modified_gmt":"2022-01-22T16:32:34","slug":"carla-bruni-the-sales-and-philosophy-what-to-do-in-monaco-this-week-end-and-next-week","status":"publish","type":"post","link":"https:\/\/www.monaco-tribune.com\/en\/2022\/01\/carla-bruni-the-sales-and-philosophy-what-to-do-in-monaco-this-week-end-and-next-week\/","title":{"rendered":"Carla Bruni, the sales and philosophy: what to do in Monaco this week-end and next week"},"content":{"rendered":"\n<p><strong>Our editorial teams&#8217; recommendations will keep you busy from 7 to 13 January.<\/strong><\/p>\n\n<h4 class=\"wp-block-heading\" id=\"h-vendredi-7-janvier\">Friday, 7 January<\/h4>\n\n<p>The famous singer Carla Bruni is in concert this Friday in the Principality, at the Grimaldi Forum at 8:30 p.m. \u00a0She will perform songs from her new album of original compositions, written with Calogero, Julien Clerc and Michel Amsellem. There are still a few seats available, <a href=\"https:\/\/montecarloticket.com\/0526\/fChoixSeance.aspx?idstructure=0526&amp;EventId=833&amp;request=QcE+w0WHSuCzWDnDWpkYGsQqvYDsJea2aZd\/BWumjn0P4paW9VHq7EePp3XHTD0Tygw+rnczGQs=&amp;yymm=202201\"> with online bookings here<\/a>.<\/p>\n\n<h4 class=\"wp-block-heading\" id=\"h-samedi-8-janvier\">Saturday, 8 January<\/h4>\n\n<p>The sales are already on in Monaco! \u00a0Time to treat yourself and grab a bargain, but also to support local stores\u00a0<a href=\"https:\/\/www.monaco-tribune.com\/en\/2021\/12\/carlo-the-must-have-app-for-the-holiday-season\/\">through the Carlo mobile app<\/a>. \u00a0With more than 300 partner stores in the Principality, you are bound to find what you&#8217;re after, with cash back to boot!<\/p>\n\n<h4 class=\"wp-block-heading\" id=\"h-dimanche-9-janvier\">Sunday, 9 January<\/h4>\n\n<p>Why not use Sunday to check out the exhibitions that are currently on at the Nouveau Mus\u00e9e National de Monaco? \u00a0The Villa Sauber and Villa Paloma are hosting <a href=\"https:\/\/www.monaco-tribune.com\/en\/2021\/12\/two-new-exhibitions-to-see-at-the-nouveau-musee-national-de-monaco\/\">two unusual exhibitions<\/a> : &#8220;Monaco-Alexandria, the great detour&#8221; and &#8220;Tremblings&#8221;. \u00a0Plus everybody gets in for free on Sundays!<\/p>\n\n<h4 class=\"wp-block-heading\" id=\"h-lundi-10-janvier\">Monday, 10 January<\/h4>\n\n<p>To get the week off to a good start, the &#8220;Association Mon\u00e9gasque pour la Connaissance des Arts&#8221; is holding a conference at the Th\u00e9\u00e2tre des Vari\u00e9t\u00e9s at 6:30 p.m., on the topic of cubism. Professer and art historian Serge Legat will cover the biggest names in the movement, such as Pablo Picasso, Paul C\u00e9zanne or Georges Braque. <\/p>\n\n<p><em><a href=\"https:\/\/mailchi.mp\/d76013b9e613\/amca-confrence-peindre-la-musique-le-2-dcembre-2019-18-h-30-au-thtre-des-varits-monaco-10496540?fbclid=IwAR2GFFjTM1SkN2aOU4Y9qsth27MkDX8l7LrpZEms8LlYQwuMG1nf-Y3Uho4\">More details<\/a><\/em><\/p>\n\n<h4 class=\"wp-block-heading\" id=\"h-mardi-11-janvier\">Tuesday, 11 January<\/h4>\n\n<p id=\"h-\">Even though Epiphany is past, we can still treat ourselves to something tasty!  Whether you&#8217;ve already had some or not this year,  you can still find &#8216;galettes des rois&#8217; in Monaco&#8217;s bakeries.  The hard part is choosing between brioche or marzipan&#8230;<\/p>\n\n<h4 class=\"wp-block-heading\" id=\"h-mercredi-12-janvier\">Wednesday, 12 January<\/h4>\n\n<p>Le Th\u00e9\u00e2tre des Muses is open to children aged 5 at 2:30 p.m.  On the bill: the story of a prince who is neither handsome, nor strong, nor rich, who decides to go to see Merlin the famous magician, so that he can become a real Prince Charming.  But things don&#8217;t quite go to plan in the enchanted kingdom&#8230;<\/p>\n\n<p><em><a href=\"https:\/\/my.weezevent.com\/au-royaume-de-merlin\">More details<\/a><\/em><\/p>\n\n<h4 class=\"wp-block-heading\" id=\"h-jeudi-13-janvier\">Thursday, 13 January<\/h4>\n\n<p>A philosophical end to the week, with a debate entitled: &#8220;What should we believe? Who should we believe?&#8221; &#8216;Les Rencontres Philosophiques de Monaco&#8217; will be meeting up at the Lyc\u00e9e Technique et H\u00f4telier at 7 p.m., with Robert Maggiori, founder member of the Rencontres Philosophiques, the philosopher Camille Riquier and the sociologist Laurent Cordonier. The three will discuss what believing means, addressing the topics of religion, superstition, and trust in others.<\/p>\n\n<p><em><a href=\"https:\/\/philomonaco.com\/\">More details<\/a><\/em><\/p>\n","protected":false},"excerpt":{"rendered":"<p>Our editorial teams&#8217; recommendations will keep you busy from 7 to 13 January. Friday, 7 January The famous singer Carla [&hellip;]<\/p>\n","protected":false},"author":60,"featured_media":105700,"comment_status":"closed","ping_status":"closed","sticky":false,"template":"","format":"standard","meta":{"_acf_changed":false,"footnotes":""},"categories":[1825,243,251],"tags":[2844],"post_sectags":[],"post_format":[2452],"class_list":["post-105883","post","type-post","status-publish","format-standard","has-post-thumbnail","hentry","category-editors-choice","category-news","category-whats-on","tag-events-en","format-events"],"acf":[],"yoast_head":"<!-- This site is optimized with the Yoast SEO Premium plugin v26.8 (Yoast SEO v27.4) - https:\/\/yoast.com\/product\/yoast-seo-premium-wordpress\/ -->\n<title>Carla Bruni, the sales and philosophy: what to do in Monaco this week-end and next week<\/title>\n<meta name=\"description\" content=\"Our editorial teams&#039; recommendations will keep you busy from 7 to 13 January. Friday, 7 January The famous singer Carla Bruni is in concert this Friday in\" \/>\n<meta name=\"robots\" content=\"index, follow, max-snippet:-1, max-image-preview:large, max-video-preview:-1\" \/>\n<link rel=\"canonical\" href=\"https:\/\/www.monaco-tribune.com\/en\/2022\/01\/carla-bruni-the-sales-and-philosophy-what-to-do-in-monaco-this-week-end-and-next-week\/\" \/>\n<meta property=\"og:locale\" content=\"en_US\" \/>\n<meta property=\"og:type\" content=\"article\" \/>\n<meta property=\"og:title\" content=\"Carla Bruni, the sales and philosophy: what to do in Monaco this week-end and next week - Monaco Tribune\" \/>\n<meta property=\"og:description\" content=\"Our editorial teams&#039; recommendations will keep you busy from 7 to 13 January. Friday, 7 January The famous singer Carla Bruni is in concert this Friday in\" \/>\n<meta property=\"og:url\" content=\"https:\/\/www.monaco-tribune.com\/en\/2022\/01\/carla-bruni-the-sales-and-philosophy-what-to-do-in-monaco-this-week-end-and-next-week\/\" \/>\n<meta property=\"og:site_name\" content=\"Monaco Tribune\" \/>\n<meta property=\"article:publisher\" content=\"https:\/\/www.facebook.com\/MonacoTribune\" \/>\n<meta property=\"article:published_time\" content=\"2022-01-07T15:57:43+00:00\" \/>\n<meta property=\"article:modified_time\" content=\"2022-01-22T16:32:34+00:00\" \/>\n<meta property=\"og:image\" content=\"https:\/\/www.monaco-tribune.com\/wp-content\/uploads\/2022\/01\/capture-de\u0301cran-2022-01-06-a\u0300-12.10.29.png\" \/>\n\t<meta property=\"og:image:width\" content=\"1193\" \/>\n\t<meta property=\"og:image:height\" content=\"811\" \/>\n\t<meta property=\"og:image:type\" content=\"image\/png\" \/>\n<meta name=\"author\" content=\"Camille Esteve\" \/>\n<meta name=\"twitter:card\" content=\"summary_large_image\" \/>\n<meta name=\"twitter:creator\" content=\"@MonacoTribune\" \/>\n<meta name=\"twitter:site\" content=\"@MonacoTribune\" \/>\n<script type=\"application\/ld+json\" class=\"yoast-schema-graph\">{\"@context\":\"https:\\\/\\\/schema.org\",\"@graph\":[{\"@type\":\"NewsArticle\",\"@id\":\"https:\\\/\\\/www.monaco-tribune.com\\\/en\\\/2022\\\/01\\\/carla-bruni-the-sales-and-philosophy-what-to-do-in-monaco-this-week-end-and-next-week\\\/#article\",\"isPartOf\":{\"@id\":\"https:\\\/\\\/www.monaco-tribune.com\\\/en\\\/2022\\\/01\\\/carla-bruni-the-sales-and-philosophy-what-to-do-in-monaco-this-week-end-and-next-week\\\/\"},\"author\":{\"name\":\"Camille Esteve\",\"@id\":\"https:\\\/\\\/www.monaco-tribune.com\\\/en\\\/#\\\/schema\\\/person\\\/a855d420fff4d03637641d60b93ac62e\"},\"headline\":\"Carla Bruni, the sales and philosophy: what to do in Monaco this week-end and next week\",\"datePublished\":\"2022-01-07T15:57:43+00:00\",\"dateModified\":\"2022-01-22T16:32:34+00:00\",\"mainEntityOfPage\":{\"@id\":\"https:\\\/\\\/www.monaco-tribune.com\\\/en\\\/2022\\\/01\\\/carla-bruni-the-sales-and-philosophy-what-to-do-in-monaco-this-week-end-and-next-week\\\/\"},\"wordCount\":429,\"publisher\":{\"@id\":\"https:\\\/\\\/www.monaco-tribune.com\\\/en\\\/#organization\"},\"image\":{\"@id\":\"https:\\\/\\\/www.monaco-tribune.com\\\/en\\\/2022\\\/01\\\/carla-bruni-the-sales-and-philosophy-what-to-do-in-monaco-this-week-end-and-next-week\\\/#primaryimage\"},\"thumbnailUrl\":\"https:\\\/\\\/www.monaco-tribune.com\\\/wp-content\\\/uploads\\\/2022\\\/01\\\/capture-de\u0301cran-2022-01-06-a\u0300-12.10.29.png\",\"keywords\":[\"Events\"],\"articleSection\":[\"Editor&#039;s choice\",\"News\",\"What&#039;s on\"],\"inLanguage\":\"en-US\",\"copyrightYear\":\"2022\",\"copyrightHolder\":{\"@id\":\"https:\\\/\\\/www.monaco-tribune.com\\\/#organization\"}},{\"@type\":\"WebPage\",\"@id\":\"https:\\\/\\\/www.monaco-tribune.com\\\/en\\\/2022\\\/01\\\/carla-bruni-the-sales-and-philosophy-what-to-do-in-monaco-this-week-end-and-next-week\\\/\",\"url\":\"https:\\\/\\\/www.monaco-tribune.com\\\/en\\\/2022\\\/01\\\/carla-bruni-the-sales-and-philosophy-what-to-do-in-monaco-this-week-end-and-next-week\\\/\",\"name\":\"Carla Bruni, the sales and philosophy: what to do in Monaco this week-end and next week\",\"isPartOf\":{\"@id\":\"https:\\\/\\\/www.monaco-tribune.com\\\/en\\\/#website\"},\"primaryImageOfPage\":{\"@id\":\"https:\\\/\\\/www.monaco-tribune.com\\\/en\\\/2022\\\/01\\\/carla-bruni-the-sales-and-philosophy-what-to-do-in-monaco-this-week-end-and-next-week\\\/#primaryimage\"},\"image\":{\"@id\":\"https:\\\/\\\/www.monaco-tribune.com\\\/en\\\/2022\\\/01\\\/carla-bruni-the-sales-and-philosophy-what-to-do-in-monaco-this-week-end-and-next-week\\\/#primaryimage\"},\"thumbnailUrl\":\"https:\\\/\\\/www.monaco-tribune.com\\\/wp-content\\\/uploads\\\/2022\\\/01\\\/capture-de\u0301cran-2022-01-06-a\u0300-12.10.29.png\",\"datePublished\":\"2022-01-07T15:57:43+00:00\",\"dateModified\":\"2022-01-22T16:32:34+00:00\",\"description\":\"Our editorial teams' recommendations will keep you busy from 7 to 13 January. Friday, 7 January The famous singer Carla Bruni is in concert this Friday in\",\"breadcrumb\":{\"@id\":\"https:\\\/\\\/www.monaco-tribune.com\\\/en\\\/2022\\\/01\\\/carla-bruni-the-sales-and-philosophy-what-to-do-in-monaco-this-week-end-and-next-week\\\/#breadcrumb\"},\"inLanguage\":\"en-US\",\"potentialAction\":[{\"@type\":\"ReadAction\",\"target\":[\"https:\\\/\\\/www.monaco-tribune.com\\\/en\\\/2022\\\/01\\\/carla-bruni-the-sales-and-philosophy-what-to-do-in-monaco-this-week-end-and-next-week\\\/\"]}]},{\"@type\":\"ImageObject\",\"inLanguage\":\"en-US\",\"@id\":\"https:\\\/\\\/www.monaco-tribune.com\\\/en\\\/2022\\\/01\\\/carla-bruni-the-sales-and-philosophy-what-to-do-in-monaco-this-week-end-and-next-week\\\/#primaryimage\",\"url\":\"https:\\\/\\\/www.monaco-tribune.com\\\/wp-content\\\/uploads\\\/2022\\\/01\\\/capture-de\u0301cran-2022-01-06-a\u0300-12.10.29.png\",\"contentUrl\":\"https:\\\/\\\/www.monaco-tribune.com\\\/wp-content\\\/uploads\\\/2022\\\/01\\\/capture-de\u0301cran-2022-01-06-a\u0300-12.10.29.png\",\"width\":1193,\"height\":811,\"caption\":\"All rights reserved\"},{\"@type\":\"BreadcrumbList\",\"@id\":\"https:\\\/\\\/www.monaco-tribune.com\\\/en\\\/2022\\\/01\\\/carla-bruni-the-sales-and-philosophy-what-to-do-in-monaco-this-week-end-and-next-week\\\/#breadcrumb\",\"itemListElement\":[{\"@type\":\"ListItem\",\"position\":1,\"name\":\"Accueil\",\"item\":\"https:\\\/\\\/www.monaco-tribune.com\\\/en\\\/\"},{\"@type\":\"ListItem\",\"position\":2,\"name\":\"Carla Bruni, the sales and philosophy: what to do in Monaco this week-end and next week\"}]},{\"@type\":\"WebSite\",\"@id\":\"https:\\\/\\\/www.monaco-tribune.com\\\/en\\\/#website\",\"url\":\"https:\\\/\\\/www.monaco-tribune.com\\\/en\\\/\",\"name\":\"Monaco Tribune\",\"description\":\"Monaco : actualit\u00e9s \u00e9conomiques, politiques, culturelles et sportives de Monaco et de la French Riviera.\",\"publisher\":{\"@id\":\"https:\\\/\\\/www.monaco-tribune.com\\\/en\\\/#organization\"},\"potentialAction\":[{\"@type\":\"SearchAction\",\"target\":{\"@type\":\"EntryPoint\",\"urlTemplate\":\"https:\\\/\\\/www.monaco-tribune.com\\\/en\\\/?s={search_term_string}\"},\"query-input\":{\"@type\":\"PropertyValueSpecification\",\"valueRequired\":true,\"valueName\":\"search_term_string\"}}],\"inLanguage\":\"en-US\"},{\"@type\":\"Organization\",\"@id\":\"https:\\\/\\\/www.monaco-tribune.com\\\/en\\\/#organization\",\"name\":\"Monaco Tribune\",\"url\":\"https:\\\/\\\/www.monaco-tribune.com\\\/en\\\/\",\"logo\":{\"@type\":\"ImageObject\",\"inLanguage\":\"en-US\",\"@id\":\"https:\\\/\\\/www.monaco-tribune.com\\\/en\\\/#\\\/schema\\\/logo\\\/image\\\/\",\"url\":\"https:\\\/\\\/www.monaco-tribune.com\\\/wp-content\\\/uploads\\\/2022\\\/11\\\/logo-monaco-tribune.png\",\"contentUrl\":\"https:\\\/\\\/www.monaco-tribune.com\\\/wp-content\\\/uploads\\\/2022\\\/11\\\/logo-monaco-tribune.png\",\"width\":1548,\"height\":600,\"caption\":\"Monaco Tribune\"},\"image\":{\"@id\":\"https:\\\/\\\/www.monaco-tribune.com\\\/en\\\/#\\\/schema\\\/logo\\\/image\\\/\"},\"sameAs\":[\"https:\\\/\\\/www.facebook.com\\\/MonacoTribune\",\"https:\\\/\\\/x.com\\\/MonacoTribune\",\"https:\\\/\\\/www.instagram.com\\\/monacotribune\\\/\",\"https:\\\/\\\/www.linkedin.com\\\/company\\\/monaco-tribune\",\"https:\\\/\\\/www.youtube.com\\\/channel\\\/UCHle1MnG6hw1y4lWKijVbMA\"]},{\"@type\":\"Person\",\"@id\":\"https:\\\/\\\/www.monaco-tribune.com\\\/en\\\/#\\\/schema\\\/person\\\/a855d420fff4d03637641d60b93ac62e\",\"name\":\"Camille Esteve\",\"image\":{\"@type\":\"ImageObject\",\"inLanguage\":\"en-US\",\"@id\":\"https:\\\/\\\/secure.gravatar.com\\\/avatar\\\/eaaa2355a7bb56c0018a391c20a55bf9b4690e3f493231dd850e612bfa6ce161?s=96&d=mm&r=g\",\"url\":\"https:\\\/\\\/secure.gravatar.com\\\/avatar\\\/eaaa2355a7bb56c0018a391c20a55bf9b4690e3f493231dd850e612bfa6ce161?s=96&d=mm&r=g\",\"contentUrl\":\"https:\\\/\\\/secure.gravatar.com\\\/avatar\\\/eaaa2355a7bb56c0018a391c20a55bf9b4690e3f493231dd850e612bfa6ce161?s=96&d=mm&r=g\",\"caption\":\"Camille Esteve\"},\"url\":\"https:\\\/\\\/www.monaco-tribune.com\\\/en\\\/author\\\/camilleesteve\\\/\"}]}<\/script>\n<!-- \/ Yoast SEO Premium plugin. -->","yoast_head_json":{"title":"Carla Bruni, the sales and philosophy: what to do in Monaco this week-end and next week","description":"Our editorial teams' recommendations will keep you busy from 7 to 13 January. Friday, 7 January The famous singer Carla Bruni is in concert this Friday in","robots":{"index":"index","follow":"follow","max-snippet":"max-snippet:-1","max-image-preview":"max-image-preview:large","max-video-preview":"max-video-preview:-1"},"canonical":"https:\/\/www.monaco-tribune.com\/en\/2022\/01\/carla-bruni-the-sales-and-philosophy-what-to-do-in-monaco-this-week-end-and-next-week\/","og_locale":"en_US","og_type":"article","og_title":"Carla Bruni, the sales and philosophy: what to do in Monaco this week-end and next week - Monaco Tribune","og_description":"Our editorial teams' recommendations will keep you busy from 7 to 13 January. Friday, 7 January The famous singer Carla Bruni is in concert this Friday in","og_url":"https:\/\/www.monaco-tribune.com\/en\/2022\/01\/carla-bruni-the-sales-and-philosophy-what-to-do-in-monaco-this-week-end-and-next-week\/","og_site_name":"Monaco Tribune","article_publisher":"https:\/\/www.facebook.com\/MonacoTribune","article_published_time":"2022-01-07T15:57:43+00:00","article_modified_time":"2022-01-22T16:32:34+00:00","og_image":[{"width":1193,"height":811,"url":"https:\/\/www.monaco-tribune.com\/wp-content\/uploads\/2022\/01\/capture-de\u0301cran-2022-01-06-a\u0300-12.10.29.png","type":"image\/png"}],"author":"Camille Esteve","twitter_card":"summary_large_image","twitter_creator":"@MonacoTribune","twitter_site":"@MonacoTribune","schema":{"@context":"https:\/\/schema.org","@graph":[{"@type":"NewsArticle","@id":"https:\/\/www.monaco-tribune.com\/en\/2022\/01\/carla-bruni-the-sales-and-philosophy-what-to-do-in-monaco-this-week-end-and-next-week\/#article","isPartOf":{"@id":"https:\/\/www.monaco-tribune.com\/en\/2022\/01\/carla-bruni-the-sales-and-philosophy-what-to-do-in-monaco-this-week-end-and-next-week\/"},"author":{"name":"Camille Esteve","@id":"https:\/\/www.monaco-tribune.com\/en\/#\/schema\/person\/a855d420fff4d03637641d60b93ac62e"},"headline":"Carla Bruni, the sales and philosophy: what to do in Monaco this week-end and next week","datePublished":"2022-01-07T15:57:43+00:00","dateModified":"2022-01-22T16:32:34+00:00","mainEntityOfPage":{"@id":"https:\/\/www.monaco-tribune.com\/en\/2022\/01\/carla-bruni-the-sales-and-philosophy-what-to-do-in-monaco-this-week-end-and-next-week\/"},"wordCount":429,"publisher":{"@id":"https:\/\/www.monaco-tribune.com\/en\/#organization"},"image":{"@id":"https:\/\/www.monaco-tribune.com\/en\/2022\/01\/carla-bruni-the-sales-and-philosophy-what-to-do-in-monaco-this-week-end-and-next-week\/#primaryimage"},"thumbnailUrl":"https:\/\/www.monaco-tribune.com\/wp-content\/uploads\/2022\/01\/capture-de\u0301cran-2022-01-06-a\u0300-12.10.29.png","keywords":["Events"],"articleSection":["Editor&#039;s choice","News","What&#039;s on"],"inLanguage":"en-US","copyrightYear":"2022","copyrightHolder":{"@id":"https:\/\/www.monaco-tribune.com\/#organization"}},{"@type":"WebPage","@id":"https:\/\/www.monaco-tribune.com\/en\/2022\/01\/carla-bruni-the-sales-and-philosophy-what-to-do-in-monaco-this-week-end-and-next-week\/","url":"https:\/\/www.monaco-tribune.com\/en\/2022\/01\/carla-bruni-the-sales-and-philosophy-what-to-do-in-monaco-this-week-end-and-next-week\/","name":"Carla Bruni, the sales and philosophy: what to do in Monaco this week-end and next week","isPartOf":{"@id":"https:\/\/www.monaco-tribune.com\/en\/#website"},"primaryImageOfPage":{"@id":"https:\/\/www.monaco-tribune.com\/en\/2022\/01\/carla-bruni-the-sales-and-philosophy-what-to-do-in-monaco-this-week-end-and-next-week\/#primaryimage"},"image":{"@id":"https:\/\/www.monaco-tribune.com\/en\/2022\/01\/carla-bruni-the-sales-and-philosophy-what-to-do-in-monaco-this-week-end-and-next-week\/#primaryimage"},"thumbnailUrl":"https:\/\/www.monaco-tribune.com\/wp-content\/uploads\/2022\/01\/capture-de\u0301cran-2022-01-06-a\u0300-12.10.29.png","datePublished":"2022-01-07T15:57:43+00:00","dateModified":"2022-01-22T16:32:34+00:00","description":"Our editorial teams' recommendations will keep you busy from 7 to 13 January. Friday, 7 January The famous singer Carla Bruni is in concert this Friday in","breadcrumb":{"@id":"https:\/\/www.monaco-tribune.com\/en\/2022\/01\/carla-bruni-the-sales-and-philosophy-what-to-do-in-monaco-this-week-end-and-next-week\/#breadcrumb"},"inLanguage":"en-US","potentialAction":[{"@type":"ReadAction","target":["https:\/\/www.monaco-tribune.com\/en\/2022\/01\/carla-bruni-the-sales-and-philosophy-what-to-do-in-monaco-this-week-end-and-next-week\/"]}]},{"@type":"ImageObject","inLanguage":"en-US","@id":"https:\/\/www.monaco-tribune.com\/en\/2022\/01\/carla-bruni-the-sales-and-philosophy-what-to-do-in-monaco-this-week-end-and-next-week\/#primaryimage","url":"https:\/\/www.monaco-tribune.com\/wp-content\/uploads\/2022\/01\/capture-de\u0301cran-2022-01-06-a\u0300-12.10.29.png","contentUrl":"https:\/\/www.monaco-tribune.com\/wp-content\/uploads\/2022\/01\/capture-de\u0301cran-2022-01-06-a\u0300-12.10.29.png","width":1193,"height":811,"caption":"All rights reserved"},{"@type":"BreadcrumbList","@id":"https:\/\/www.monaco-tribune.com\/en\/2022\/01\/carla-bruni-the-sales-and-philosophy-what-to-do-in-monaco-this-week-end-and-next-week\/#breadcrumb","itemListElement":[{"@type":"ListItem","position":1,"name":"Accueil","item":"https:\/\/www.monaco-tribune.com\/en\/"},{"@type":"ListItem","position":2,"name":"Carla Bruni, the sales and philosophy: what to do in Monaco this week-end and next week"}]},{"@type":"WebSite","@id":"https:\/\/www.monaco-tribune.com\/en\/#website","url":"https:\/\/www.monaco-tribune.com\/en\/","name":"Monaco Tribune","description":"Monaco : actualit\u00e9s \u00e9conomiques, politiques, culturelles et sportives de Monaco et de la French Riviera.","publisher":{"@id":"https:\/\/www.monaco-tribune.com\/en\/#organization"},"potentialAction":[{"@type":"SearchAction","target":{"@type":"EntryPoint","urlTemplate":"https:\/\/www.monaco-tribune.com\/en\/?s={search_term_string}"},"query-input":{"@type":"PropertyValueSpecification","valueRequired":true,"valueName":"search_term_string"}}],"inLanguage":"en-US"},{"@type":"Organization","@id":"https:\/\/www.monaco-tribune.com\/en\/#organization","name":"Monaco Tribune","url":"https:\/\/www.monaco-tribune.com\/en\/","logo":{"@type":"ImageObject","inLanguage":"en-US","@id":"https:\/\/www.monaco-tribune.com\/en\/#\/schema\/logo\/image\/","url":"https:\/\/www.monaco-tribune.com\/wp-content\/uploads\/2022\/11\/logo-monaco-tribune.png","contentUrl":"https:\/\/www.monaco-tribune.com\/wp-content\/uploads\/2022\/11\/logo-monaco-tribune.png","width":1548,"height":600,"caption":"Monaco Tribune"},"image":{"@id":"https:\/\/www.monaco-tribune.com\/en\/#\/schema\/logo\/image\/"},"sameAs":["https:\/\/www.facebook.com\/MonacoTribune","https:\/\/x.com\/MonacoTribune","https:\/\/www.instagram.com\/monacotribune\/","https:\/\/www.linkedin.com\/company\/monaco-tribune","https:\/\/www.youtube.com\/channel\/UCHle1MnG6hw1y4lWKijVbMA"]},{"@type":"Person","@id":"https:\/\/www.monaco-tribune.com\/en\/#\/schema\/person\/a855d420fff4d03637641d60b93ac62e","name":"Camille Esteve","image":{"@type":"ImageObject","inLanguage":"en-US","@id":"https:\/\/secure.gravatar.com\/avatar\/eaaa2355a7bb56c0018a391c20a55bf9b4690e3f493231dd850e612bfa6ce161?s=96&d=mm&r=g","url":"https:\/\/secure.gravatar.com\/avatar\/eaaa2355a7bb56c0018a391c20a55bf9b4690e3f493231dd850e612bfa6ce161?s=96&d=mm&r=g","contentUrl":"https:\/\/secure.gravatar.com\/avatar\/eaaa2355a7bb56c0018a391c20a55bf9b4690e3f493231dd850e612bfa6ce161?s=96&d=mm&r=g","caption":"Camille Esteve"},"url":"https:\/\/www.monaco-tribune.com\/en\/author\/camilleesteve\/"}]}},"_links":{"self":[{"href":"https:\/\/www.monaco-tribune.com\/en\/wp-json\/wp\/v2\/posts\/105883","targetHints":{"allow":["GET"]}}],"collection":[{"href":"https:\/\/www.monaco-tribune.com\/en\/wp-json\/wp\/v2\/posts"}],"about":[{"href":"https:\/\/www.monaco-tribune.com\/en\/wp-json\/wp\/v2\/types\/post"}],"author":[{"embeddable":true,"href":"https:\/\/www.monaco-tribune.com\/en\/wp-json\/wp\/v2\/users\/60"}],"replies":[{"embeddable":true,"href":"https:\/\/www.monaco-tribune.com\/en\/wp-json\/wp\/v2\/comments?post=105883"}],"version-history":[{"count":0,"href":"https:\/\/www.monaco-tribune.com\/en\/wp-json\/wp\/v2\/posts\/105883\/revisions"}],"wp:featuredmedia":[{"embeddable":true,"href":"https:\/\/www.monaco-tribune.com\/en\/wp-json\/wp\/v2\/media\/105700"}],"wp:attachment":[{"href":"https:\/\/www.monaco-tribune.com\/en\/wp-json\/wp\/v2\/media?parent=105883"}],"wp:term":[{"taxonomy":"category","embeddable":true,"href":"https:\/\/www.monaco-tribune.com\/en\/wp-json\/wp\/v2\/categories?post=105883"},{"taxonomy":"post_tag","embeddable":true,"href":"https:\/\/www.monaco-tribune.com\/en\/wp-json\/wp\/v2\/tags?post=105883"},{"taxonomy":"sectag","embeddable":true,"href":"https:\/\/www.monaco-tribune.com\/en\/wp-json\/wp\/v2\/post_sectags?post=105883"},{"taxonomy":"format","embeddable":true,"href":"https:\/\/www.monaco-tribune.com\/en\/wp-json\/wp\/v2\/post_format?post=105883"}],"curies":[{"name":"wp","href":"https:\/\/api.w.org\/{rel}","templated":true}]}}