{"id":10593,"date":"2019-04-17T14:06:41","date_gmt":"2019-04-17T12:06:41","guid":{"rendered":"https:\/\/www.monaco-tribune.com\/?p=10593"},"modified":"2022-11-28T21:50:03","modified_gmt":"2022-11-28T20:50:03","slug":"monaco-sculptures-art-occupies-the-principality","status":"publish","type":"post","link":"https:\/\/www.monaco-tribune.com\/en\/2019\/04\/monaco-sculptures-art-occupies-the-principality\/","title":{"rendered":"Monaco Sculptures: Art occupies the Principality"},"content":{"rendered":"<h3>For the last several years, at the initiative of Prince Albert II, the art of sculpture has held a special place in Monaco. Artcurial has chosen to place itself in this furrow for the inauguration of its office in Monaco. For the occasion, the auction house is organizing a &#8220;Monaco Sculptures&#8221; visit that is full of promise.<\/h3>\n<p>For its second edition, running from April 24 to 28, 2019, the Monaco Art Week will embrace all of the Principality&#8217;s neighborhoods. The Artcurial auction house will take advantage of the week to inaugurate its new permanent locale located at 3\/9 boulevard des Moulins. It promises to be a splendid event. And the leaders of the auction house have been thinking big: an exhibition with a specific selection of sculptures by twentieth and twenty-first-century artists will be open to the public and accessible to all.<\/p>\n<h2>An auction in July<\/h2>\n<p>Takis, Caesar, Arman, Bernar Venet, Wang Du, and Richard Deacon&#8230; Some great names of the art dear to Praxiteles will first be gathered in the Monegasque art market&#8217;s new space. In a second time, these modern and contemporary creations will be disseminated throughout the Principality and will draw an unprecedented artistic walkthrough. Designed by Artcurial in partnership with the Soci\u00e9t\u00e9 des Bains de Mer (SBM), this first edition of &#8220;Monaco Sculptures&#8221; will be visible throughout the Soci\u00e9t\u00e9 des Bains de Mer network: Hotel de Paris Monte-Carlo, H\u00f4tel Hermitage Monte- Carlo, Monte-Carlo Bay Hotel &amp; Resort, Monte-Carlo Beach&#8230; The works will then be sold at auction, at an exceptional sale on July 19th, at 3 pm.<\/p>\n<p>&#8220;Monaco Sculptures&#8221;. From April 24, 2019, until the end of the summer. Auction on July 19, 2019.<\/p>\n<p>*Article originally published on the <a href=\"https:\/\/www.monaco-tribune.com\/2019\/04\/monaco-sculptures-24-avril\/\">French edition<\/a> of the Monaco Tribune.<\/p>\n","protected":false},"excerpt":{"rendered":"<p>For the last several years, at the initiative of Prince Albert II, the art of sculpture has held a special [&hellip;]<\/p>\n","protected":false},"author":8,"featured_media":10610,"comment_status":"closed","ping_status":"open","sticky":false,"template":"","format":"standard","meta":{"_acf_changed":false,"footnotes":""},"categories":[247,251],"tags":[875,979,484,745,1072],"post_sectags":[],"post_format":[],"class_list":["post-10593","post","type-post","status-publish","format-standard","has-post-thumbnail","hentry","category-business","category-whats-on","tag-art-culture","tag-artcurial-en","tag-exhibition","tag-monaco-en","tag-monaco-sculptures"],"acf":[],"yoast_head":"<!-- This site is optimized with the Yoast SEO Premium plugin v26.8 (Yoast SEO v27.5) - https:\/\/yoast.com\/product\/yoast-seo-premium-wordpress\/ -->\n<title>Monaco Sculptures: Art occupies the Principality<\/title>\n<meta name=\"description\" content=\"For the last several years, at the initiative of Prince Albert II, sculptures have held a special place in Monaco. Artcurial has chosen to place...\" \/>\n<meta name=\"robots\" content=\"index, follow, max-snippet:-1, max-image-preview:large, max-video-preview:-1\" \/>\n<link rel=\"canonical\" href=\"https:\/\/www.monaco-tribune.com\/en\/2019\/04\/monaco-sculptures-art-occupies-the-principality\/\" \/>\n<meta property=\"og:locale\" content=\"en_US\" \/>\n<meta property=\"og:type\" content=\"article\" \/>\n<meta property=\"og:title\" content=\"Monaco Sculptures: Art occupies the Principality - Monaco Tribune\" \/>\n<meta property=\"og:description\" content=\"For the last several years, at the initiative of Prince Albert II, the art of sculpture has held a special place in Monaco. Artcurial has chosen to place\" \/>\n<meta property=\"og:url\" content=\"https:\/\/www.monaco-tribune.com\/en\/2019\/04\/monaco-sculptures-art-occupies-the-principality\/\" \/>\n<meta property=\"og:site_name\" content=\"Monaco Tribune\" \/>\n<meta property=\"article:publisher\" content=\"https:\/\/www.facebook.com\/MonacoTribune\" \/>\n<meta property=\"article:published_time\" content=\"2019-04-17T12:06:41+00:00\" \/>\n<meta property=\"article:modified_time\" content=\"2022-11-28T20:50:03+00:00\" \/>\n<meta property=\"og:image\" content=\"https:\/\/www.monaco-tribune.com\/wp-content\/uploads\/2019\/04\/Monaco-Sculptures-Art-occupies-the-Principality.jpg\" \/>\n\t<meta property=\"og:image:width\" content=\"807\" \/>\n\t<meta property=\"og:image:height\" content=\"491\" \/>\n\t<meta property=\"og:image:type\" content=\"image\/jpeg\" \/>\n<meta name=\"author\" content=\"Kiel Bonhomme\" \/>\n<meta name=\"twitter:card\" content=\"summary_large_image\" \/>\n<meta name=\"twitter:creator\" content=\"@MonacoTribune\" \/>\n<meta name=\"twitter:site\" content=\"@MonacoTribune\" \/>\n<script type=\"application\/ld+json\" class=\"yoast-schema-graph\">{\"@context\":\"https:\\\/\\\/schema.org\",\"@graph\":[{\"@type\":\"NewsArticle\",\"@id\":\"https:\\\/\\\/www.monaco-tribune.com\\\/en\\\/2019\\\/04\\\/monaco-sculptures-art-occupies-the-principality\\\/#article\",\"isPartOf\":{\"@id\":\"https:\\\/\\\/www.monaco-tribune.com\\\/en\\\/2019\\\/04\\\/monaco-sculptures-art-occupies-the-principality\\\/\"},\"author\":{\"name\":\"Kiel Bonhomme\",\"@id\":\"https:\\\/\\\/www.monaco-tribune.com\\\/en\\\/#\\\/schema\\\/person\\\/9d13bdaae6c0783f39a7213543b15524\"},\"headline\":\"Monaco Sculptures: Art occupies the Principality\",\"datePublished\":\"2019-04-17T12:06:41+00:00\",\"dateModified\":\"2022-11-28T20:50:03+00:00\",\"mainEntityOfPage\":{\"@id\":\"https:\\\/\\\/www.monaco-tribune.com\\\/en\\\/2019\\\/04\\\/monaco-sculptures-art-occupies-the-principality\\\/\"},\"wordCount\":291,\"publisher\":{\"@id\":\"https:\\\/\\\/www.monaco-tribune.com\\\/en\\\/#organization\"},\"image\":{\"@id\":\"https:\\\/\\\/www.monaco-tribune.com\\\/en\\\/2019\\\/04\\\/monaco-sculptures-art-occupies-the-principality\\\/#primaryimage\"},\"thumbnailUrl\":\"https:\\\/\\\/www.monaco-tribune.com\\\/wp-content\\\/uploads\\\/2019\\\/04\\\/Monaco-Sculptures-Art-occupies-the-Principality.jpg\",\"keywords\":[\"Art &amp; Culture\",\"Artcurial\",\"Exhibition\",\"Monaco\",\"Monaco Sculptures\"],\"articleSection\":[\"Business\",\"What&#039;s on\"],\"inLanguage\":\"en-US\",\"copyrightYear\":\"2019\",\"copyrightHolder\":{\"@id\":\"https:\\\/\\\/www.monaco-tribune.com\\\/#organization\"}},{\"@type\":\"WebPage\",\"@id\":\"https:\\\/\\\/www.monaco-tribune.com\\\/en\\\/2019\\\/04\\\/monaco-sculptures-art-occupies-the-principality\\\/\",\"url\":\"https:\\\/\\\/www.monaco-tribune.com\\\/en\\\/2019\\\/04\\\/monaco-sculptures-art-occupies-the-principality\\\/\",\"name\":\"Monaco Sculptures: Art occupies the Principality\",\"isPartOf\":{\"@id\":\"https:\\\/\\\/www.monaco-tribune.com\\\/en\\\/#website\"},\"primaryImageOfPage\":{\"@id\":\"https:\\\/\\\/www.monaco-tribune.com\\\/en\\\/2019\\\/04\\\/monaco-sculptures-art-occupies-the-principality\\\/#primaryimage\"},\"image\":{\"@id\":\"https:\\\/\\\/www.monaco-tribune.com\\\/en\\\/2019\\\/04\\\/monaco-sculptures-art-occupies-the-principality\\\/#primaryimage\"},\"thumbnailUrl\":\"https:\\\/\\\/www.monaco-tribune.com\\\/wp-content\\\/uploads\\\/2019\\\/04\\\/Monaco-Sculptures-Art-occupies-the-Principality.jpg\",\"datePublished\":\"2019-04-17T12:06:41+00:00\",\"dateModified\":\"2022-11-28T20:50:03+00:00\",\"description\":\"For the last several years, at the initiative of Prince Albert II, sculptures have held a special place in Monaco. Artcurial has chosen to place...\",\"breadcrumb\":{\"@id\":\"https:\\\/\\\/www.monaco-tribune.com\\\/en\\\/2019\\\/04\\\/monaco-sculptures-art-occupies-the-principality\\\/#breadcrumb\"},\"inLanguage\":\"en-US\",\"potentialAction\":[{\"@type\":\"ReadAction\",\"target\":[\"https:\\\/\\\/www.monaco-tribune.com\\\/en\\\/2019\\\/04\\\/monaco-sculptures-art-occupies-the-principality\\\/\"]}]},{\"@type\":\"ImageObject\",\"inLanguage\":\"en-US\",\"@id\":\"https:\\\/\\\/www.monaco-tribune.com\\\/en\\\/2019\\\/04\\\/monaco-sculptures-art-occupies-the-principality\\\/#primaryimage\",\"url\":\"https:\\\/\\\/www.monaco-tribune.com\\\/wp-content\\\/uploads\\\/2019\\\/04\\\/Monaco-Sculptures-Art-occupies-the-Principality.jpg\",\"contentUrl\":\"https:\\\/\\\/www.monaco-tribune.com\\\/wp-content\\\/uploads\\\/2019\\\/04\\\/Monaco-Sculptures-Art-occupies-the-Principality.jpg\",\"width\":807,\"height\":491,\"caption\":\"Monaco Sculptures- Art occupies the Principality\"},{\"@type\":\"BreadcrumbList\",\"@id\":\"https:\\\/\\\/www.monaco-tribune.com\\\/en\\\/2019\\\/04\\\/monaco-sculptures-art-occupies-the-principality\\\/#breadcrumb\",\"itemListElement\":[{\"@type\":\"ListItem\",\"position\":1,\"name\":\"Accueil\",\"item\":\"https:\\\/\\\/www.monaco-tribune.com\\\/en\\\/\"},{\"@type\":\"ListItem\",\"position\":2,\"name\":\"Monaco Sculptures: Art occupies the Principality\"}]},{\"@type\":\"WebSite\",\"@id\":\"https:\\\/\\\/www.monaco-tribune.com\\\/en\\\/#website\",\"url\":\"https:\\\/\\\/www.monaco-tribune.com\\\/en\\\/\",\"name\":\"Monaco Tribune\",\"description\":\"Monaco : actualit\u00e9s \u00e9conomiques, politiques, culturelles et sportives de Monaco et de la French Riviera.\",\"publisher\":{\"@id\":\"https:\\\/\\\/www.monaco-tribune.com\\\/en\\\/#organization\"},\"potentialAction\":[{\"@type\":\"SearchAction\",\"target\":{\"@type\":\"EntryPoint\",\"urlTemplate\":\"https:\\\/\\\/www.monaco-tribune.com\\\/en\\\/?s={search_term_string}\"},\"query-input\":{\"@type\":\"PropertyValueSpecification\",\"valueRequired\":true,\"valueName\":\"search_term_string\"}}],\"inLanguage\":\"en-US\"},{\"@type\":\"Organization\",\"@id\":\"https:\\\/\\\/www.monaco-tribune.com\\\/en\\\/#organization\",\"name\":\"Monaco Tribune\",\"url\":\"https:\\\/\\\/www.monaco-tribune.com\\\/en\\\/\",\"logo\":{\"@type\":\"ImageObject\",\"inLanguage\":\"en-US\",\"@id\":\"https:\\\/\\\/www.monaco-tribune.com\\\/en\\\/#\\\/schema\\\/logo\\\/image\\\/\",\"url\":\"https:\\\/\\\/www.monaco-tribune.com\\\/wp-content\\\/uploads\\\/2022\\\/11\\\/logo-monaco-tribune.png\",\"contentUrl\":\"https:\\\/\\\/www.monaco-tribune.com\\\/wp-content\\\/uploads\\\/2022\\\/11\\\/logo-monaco-tribune.png\",\"width\":1548,\"height\":600,\"caption\":\"Monaco Tribune\"},\"image\":{\"@id\":\"https:\\\/\\\/www.monaco-tribune.com\\\/en\\\/#\\\/schema\\\/logo\\\/image\\\/\"},\"sameAs\":[\"https:\\\/\\\/www.facebook.com\\\/MonacoTribune\",\"https:\\\/\\\/x.com\\\/MonacoTribune\",\"https:\\\/\\\/www.instagram.com\\\/monacotribune\\\/\",\"https:\\\/\\\/www.linkedin.com\\\/company\\\/monaco-tribune\",\"https:\\\/\\\/www.youtube.com\\\/channel\\\/UCHle1MnG6hw1y4lWKijVbMA\"]},{\"@type\":\"Person\",\"@id\":\"https:\\\/\\\/www.monaco-tribune.com\\\/en\\\/#\\\/schema\\\/person\\\/9d13bdaae6c0783f39a7213543b15524\",\"name\":\"Kiel Bonhomme\",\"image\":{\"@type\":\"ImageObject\",\"inLanguage\":\"en-US\",\"@id\":\"https:\\\/\\\/secure.gravatar.com\\\/avatar\\\/97c36b4643135a16063173a908cccbbf4081ac0be675c9bf343636ae8a0141c2?s=96&d=mm&r=g\",\"url\":\"https:\\\/\\\/secure.gravatar.com\\\/avatar\\\/97c36b4643135a16063173a908cccbbf4081ac0be675c9bf343636ae8a0141c2?s=96&d=mm&r=g\",\"contentUrl\":\"https:\\\/\\\/secure.gravatar.com\\\/avatar\\\/97c36b4643135a16063173a908cccbbf4081ac0be675c9bf343636ae8a0141c2?s=96&d=mm&r=g\",\"caption\":\"Kiel Bonhomme\"},\"description\":\"Kiel Bonhomme is a journalist and content editor from New York, currently residing in Lyon, France. Covering art &amp; culture, sports, and business happenings for the Monaco Tribune.\",\"url\":\"https:\\\/\\\/www.monaco-tribune.com\\\/en\\\/author\\\/kiel-bonhomme\\\/\"}]}<\/script>\n<!-- \/ Yoast SEO Premium plugin. -->","yoast_head_json":{"title":"Monaco Sculptures: Art occupies the Principality","description":"For the last several years, at the initiative of Prince Albert II, sculptures have held a special place in Monaco. Artcurial has chosen to place...","robots":{"index":"index","follow":"follow","max-snippet":"max-snippet:-1","max-image-preview":"max-image-preview:large","max-video-preview":"max-video-preview:-1"},"canonical":"https:\/\/www.monaco-tribune.com\/en\/2019\/04\/monaco-sculptures-art-occupies-the-principality\/","og_locale":"en_US","og_type":"article","og_title":"Monaco Sculptures: Art occupies the Principality - Monaco Tribune","og_description":"For the last several years, at the initiative of Prince Albert II, the art of sculpture has held a special place in Monaco. Artcurial has chosen to place","og_url":"https:\/\/www.monaco-tribune.com\/en\/2019\/04\/monaco-sculptures-art-occupies-the-principality\/","og_site_name":"Monaco Tribune","article_publisher":"https:\/\/www.facebook.com\/MonacoTribune","article_published_time":"2019-04-17T12:06:41+00:00","article_modified_time":"2022-11-28T20:50:03+00:00","og_image":[{"width":807,"height":491,"url":"https:\/\/www.monaco-tribune.com\/wp-content\/uploads\/2019\/04\/Monaco-Sculptures-Art-occupies-the-Principality.jpg","type":"image\/jpeg"}],"author":"Kiel Bonhomme","twitter_card":"summary_large_image","twitter_creator":"@MonacoTribune","twitter_site":"@MonacoTribune","schema":{"@context":"https:\/\/schema.org","@graph":[{"@type":"NewsArticle","@id":"https:\/\/www.monaco-tribune.com\/en\/2019\/04\/monaco-sculptures-art-occupies-the-principality\/#article","isPartOf":{"@id":"https:\/\/www.monaco-tribune.com\/en\/2019\/04\/monaco-sculptures-art-occupies-the-principality\/"},"author":{"name":"Kiel Bonhomme","@id":"https:\/\/www.monaco-tribune.com\/en\/#\/schema\/person\/9d13bdaae6c0783f39a7213543b15524"},"headline":"Monaco Sculptures: Art occupies the Principality","datePublished":"2019-04-17T12:06:41+00:00","dateModified":"2022-11-28T20:50:03+00:00","mainEntityOfPage":{"@id":"https:\/\/www.monaco-tribune.com\/en\/2019\/04\/monaco-sculptures-art-occupies-the-principality\/"},"wordCount":291,"publisher":{"@id":"https:\/\/www.monaco-tribune.com\/en\/#organization"},"image":{"@id":"https:\/\/www.monaco-tribune.com\/en\/2019\/04\/monaco-sculptures-art-occupies-the-principality\/#primaryimage"},"thumbnailUrl":"https:\/\/www.monaco-tribune.com\/wp-content\/uploads\/2019\/04\/Monaco-Sculptures-Art-occupies-the-Principality.jpg","keywords":["Art &amp; Culture","Artcurial","Exhibition","Monaco","Monaco Sculptures"],"articleSection":["Business","What&#039;s on"],"inLanguage":"en-US","copyrightYear":"2019","copyrightHolder":{"@id":"https:\/\/www.monaco-tribune.com\/#organization"}},{"@type":"WebPage","@id":"https:\/\/www.monaco-tribune.com\/en\/2019\/04\/monaco-sculptures-art-occupies-the-principality\/","url":"https:\/\/www.monaco-tribune.com\/en\/2019\/04\/monaco-sculptures-art-occupies-the-principality\/","name":"Monaco Sculptures: Art occupies the Principality","isPartOf":{"@id":"https:\/\/www.monaco-tribune.com\/en\/#website"},"primaryImageOfPage":{"@id":"https:\/\/www.monaco-tribune.com\/en\/2019\/04\/monaco-sculptures-art-occupies-the-principality\/#primaryimage"},"image":{"@id":"https:\/\/www.monaco-tribune.com\/en\/2019\/04\/monaco-sculptures-art-occupies-the-principality\/#primaryimage"},"thumbnailUrl":"https:\/\/www.monaco-tribune.com\/wp-content\/uploads\/2019\/04\/Monaco-Sculptures-Art-occupies-the-Principality.jpg","datePublished":"2019-04-17T12:06:41+00:00","dateModified":"2022-11-28T20:50:03+00:00","description":"For the last several years, at the initiative of Prince Albert II, sculptures have held a special place in Monaco. Artcurial has chosen to place...","breadcrumb":{"@id":"https:\/\/www.monaco-tribune.com\/en\/2019\/04\/monaco-sculptures-art-occupies-the-principality\/#breadcrumb"},"inLanguage":"en-US","potentialAction":[{"@type":"ReadAction","target":["https:\/\/www.monaco-tribune.com\/en\/2019\/04\/monaco-sculptures-art-occupies-the-principality\/"]}]},{"@type":"ImageObject","inLanguage":"en-US","@id":"https:\/\/www.monaco-tribune.com\/en\/2019\/04\/monaco-sculptures-art-occupies-the-principality\/#primaryimage","url":"https:\/\/www.monaco-tribune.com\/wp-content\/uploads\/2019\/04\/Monaco-Sculptures-Art-occupies-the-Principality.jpg","contentUrl":"https:\/\/www.monaco-tribune.com\/wp-content\/uploads\/2019\/04\/Monaco-Sculptures-Art-occupies-the-Principality.jpg","width":807,"height":491,"caption":"Monaco Sculptures- Art occupies the Principality"},{"@type":"BreadcrumbList","@id":"https:\/\/www.monaco-tribune.com\/en\/2019\/04\/monaco-sculptures-art-occupies-the-principality\/#breadcrumb","itemListElement":[{"@type":"ListItem","position":1,"name":"Accueil","item":"https:\/\/www.monaco-tribune.com\/en\/"},{"@type":"ListItem","position":2,"name":"Monaco Sculptures: Art occupies the Principality"}]},{"@type":"WebSite","@id":"https:\/\/www.monaco-tribune.com\/en\/#website","url":"https:\/\/www.monaco-tribune.com\/en\/","name":"Monaco Tribune","description":"Monaco : actualit\u00e9s \u00e9conomiques, politiques, culturelles et sportives de Monaco et de la French Riviera.","publisher":{"@id":"https:\/\/www.monaco-tribune.com\/en\/#organization"},"potentialAction":[{"@type":"SearchAction","target":{"@type":"EntryPoint","urlTemplate":"https:\/\/www.monaco-tribune.com\/en\/?s={search_term_string}"},"query-input":{"@type":"PropertyValueSpecification","valueRequired":true,"valueName":"search_term_string"}}],"inLanguage":"en-US"},{"@type":"Organization","@id":"https:\/\/www.monaco-tribune.com\/en\/#organization","name":"Monaco Tribune","url":"https:\/\/www.monaco-tribune.com\/en\/","logo":{"@type":"ImageObject","inLanguage":"en-US","@id":"https:\/\/www.monaco-tribune.com\/en\/#\/schema\/logo\/image\/","url":"https:\/\/www.monaco-tribune.com\/wp-content\/uploads\/2022\/11\/logo-monaco-tribune.png","contentUrl":"https:\/\/www.monaco-tribune.com\/wp-content\/uploads\/2022\/11\/logo-monaco-tribune.png","width":1548,"height":600,"caption":"Monaco Tribune"},"image":{"@id":"https:\/\/www.monaco-tribune.com\/en\/#\/schema\/logo\/image\/"},"sameAs":["https:\/\/www.facebook.com\/MonacoTribune","https:\/\/x.com\/MonacoTribune","https:\/\/www.instagram.com\/monacotribune\/","https:\/\/www.linkedin.com\/company\/monaco-tribune","https:\/\/www.youtube.com\/channel\/UCHle1MnG6hw1y4lWKijVbMA"]},{"@type":"Person","@id":"https:\/\/www.monaco-tribune.com\/en\/#\/schema\/person\/9d13bdaae6c0783f39a7213543b15524","name":"Kiel Bonhomme","image":{"@type":"ImageObject","inLanguage":"en-US","@id":"https:\/\/secure.gravatar.com\/avatar\/97c36b4643135a16063173a908cccbbf4081ac0be675c9bf343636ae8a0141c2?s=96&d=mm&r=g","url":"https:\/\/secure.gravatar.com\/avatar\/97c36b4643135a16063173a908cccbbf4081ac0be675c9bf343636ae8a0141c2?s=96&d=mm&r=g","contentUrl":"https:\/\/secure.gravatar.com\/avatar\/97c36b4643135a16063173a908cccbbf4081ac0be675c9bf343636ae8a0141c2?s=96&d=mm&r=g","caption":"Kiel Bonhomme"},"description":"Kiel Bonhomme is a journalist and content editor from New York, currently residing in Lyon, France. Covering art &amp; culture, sports, and business happenings for the Monaco Tribune.","url":"https:\/\/www.monaco-tribune.com\/en\/author\/kiel-bonhomme\/"}]}},"_links":{"self":[{"href":"https:\/\/www.monaco-tribune.com\/en\/wp-json\/wp\/v2\/posts\/10593","targetHints":{"allow":["GET"]}}],"collection":[{"href":"https:\/\/www.monaco-tribune.com\/en\/wp-json\/wp\/v2\/posts"}],"about":[{"href":"https:\/\/www.monaco-tribune.com\/en\/wp-json\/wp\/v2\/types\/post"}],"author":[{"embeddable":true,"href":"https:\/\/www.monaco-tribune.com\/en\/wp-json\/wp\/v2\/users\/8"}],"replies":[{"embeddable":true,"href":"https:\/\/www.monaco-tribune.com\/en\/wp-json\/wp\/v2\/comments?post=10593"}],"version-history":[{"count":0,"href":"https:\/\/www.monaco-tribune.com\/en\/wp-json\/wp\/v2\/posts\/10593\/revisions"}],"wp:featuredmedia":[{"embeddable":true,"href":"https:\/\/www.monaco-tribune.com\/en\/wp-json\/wp\/v2\/media\/10610"}],"wp:attachment":[{"href":"https:\/\/www.monaco-tribune.com\/en\/wp-json\/wp\/v2\/media?parent=10593"}],"wp:term":[{"taxonomy":"category","embeddable":true,"href":"https:\/\/www.monaco-tribune.com\/en\/wp-json\/wp\/v2\/categories?post=10593"},{"taxonomy":"post_tag","embeddable":true,"href":"https:\/\/www.monaco-tribune.com\/en\/wp-json\/wp\/v2\/tags?post=10593"},{"taxonomy":"sectag","embeddable":true,"href":"https:\/\/www.monaco-tribune.com\/en\/wp-json\/wp\/v2\/post_sectags?post=10593"},{"taxonomy":"format","embeddable":true,"href":"https:\/\/www.monaco-tribune.com\/en\/wp-json\/wp\/v2\/post_format?post=10593"}],"curies":[{"name":"wp","href":"https:\/\/api.w.org\/{rel}","templated":true}]}}