{"id":109987,"date":"2022-02-08T20:57:59","date_gmt":"2022-02-08T19:57:59","guid":{"rendered":"https:\/\/www.monaco-tribune.com\/2022\/02\/profile-davide-lewton-brain-cutting-quite-a-figure-in-skating\/"},"modified":"2022-02-10T10:12:38","modified_gmt":"2022-02-10T09:12:38","slug":"profile-davide-lewton-brain-cutting-quite-a-figure-in-skating","status":"publish","type":"post","link":"https:\/\/www.monaco-tribune.com\/en\/2022\/02\/profile-davide-lewton-brain-cutting-quite-a-figure-in-skating\/","title":{"rendered":"PROFILE. Davide Lewton Brain, cutting quite a figure in skating"},"content":{"rendered":"\n<p><strong>A great prospect in his discipline, the Monegasque figure skater has made an excellent start to the season.&nbsp; We look back on the career path of this ambitious and dedicated athlete, who is the pride of the Principality internationally.<\/strong><\/p>\n\n\n\n<p>You may have bumped into him a few years ago on the temporary ice rink on Port Hercule. An eight-year-old boy with light brown hair, pretty good on the ice. Fifteen years later, Davide Lewton Brain is all  grown up and today he flies the Principality&#8217;s flag beyond our borders.<\/p>\n\n\n\n<p>It must be said that with a mother who was a prima ballerina with the Monte Carlo Ballets and a father who was also a dancer and is now an osteopath, the young man&#8217;s destiny seemed to be all mapped out.  Born in Nice of Italian descent on his mother&#8217;s side and British on his father&#8217;s, at 23 he now represents Monaco in international figure skating competitions.<\/p>\n\n\n\n<h2 class=\"wp-block-heading\" id=\"h-the-olympic-dream\">The Olympic dream <\/h2>\n\n\n\n<p>The Marketing Masters student recently took part in the European championships in Tallinn (Estonia), with a performance that confirmed his progress. Coming very close to qualifying for the Winter Olympics that are currently taking place in Beijing (China) <a href=\"https:\/\/www.monaco-tribune.com\/en\/2022\/01\/meet-the-monegasque-athletes-who-will-compete-in-the-beijing-winter-olympics\/\">where three Monegasque athletes are taking part<\/a>, Davide Lewton Brain dreams of qualifying for the 2026 Games.<\/p>\n\n\n\n<blockquote class=\"wp-block-quote is-layout-flow wp-block-quote-is-layout-flow\"><p>Genetically, with dancer parents, Davide quickly showed a natural talent for figure skating<\/p><cite>Val\u00e9rie Gallo<\/cite><\/blockquote>\n\n\n\n<p>But before thinking about the Olympic event, the young man is concentrating on the World championships, which will take place in March near Montpellier.\u00a0\u201cI have three competitions left in February to qualify for it&#8221;, he told us from Sofia in Bulgaria, the first of those three upcoming events, which saw him place second in the short program. &#8220;After two frustrating years due to the Covid-19 pandemic, I am really keen to have a great season.&#8221;<\/p>\n\n\n\n<div class=\"wp-block-image\"><figure class=\"aligncenter size-full\"><img loading=\"lazy\" decoding=\"async\" width=\"825\" height=\"445\" src=\"https:\/\/www.monaco-tribune.com\/wp-content\/uploads\/2022\/02\/davide-belinda-schoenberger-min-e1644231617423.jpeg\" alt=\"\" class=\"wp-image-109728\" srcset=\"https:\/\/www.monaco-tribune.com\/wp-content\/uploads\/2022\/02\/davide-belinda-schoenberger-min-e1644231617423.jpeg 825w, https:\/\/www.monaco-tribune.com\/wp-content\/uploads\/2022\/02\/davide-belinda-schoenberger-min-e1644231617423-556x300.jpeg 556w\" sizes=\"auto, (max-width: 825px) 100vw, 825px\" \/><figcaption>\u00a9 Belinda Schoenberger<\/figcaption><\/figure><\/div>\n\n\n\n<p>Passionate about his sport since he fell into it at the age of eight on the Principality&#8217;s open-air ice rink, Davide Lewton Brain has shown immense determination to build a career and is now vying with opponents who started competing very early. &#8220;Davide fell in love with skating as soon as he started&#8221;, smiles Val\u00e9rie Gallo, who has accompanied him for many years on the  competition circuit, and who has watched his progress. &#8220;Genetically, with dancer parents, Davide quickly showed a natural talent for figure skating.&#8221; <\/p>\n\n\n\n<p>&#8220;Those genetics helped him with the aerial skills, but today he is up against &#8216;boys&#8217; who started skating school at the age of five. They had mastered all the technical difficulties before puberty, before the body changes. When Davide started competing, his body had already changed. But he is a hard worker who plays to his strengths and gets results.&#8221;<\/p>\n\n\n\n<p><strong>SEE ALSO: <\/strong><a href=\"https:\/\/www.monaco-tribune.com\/en\/2021\/09\/portrait-hugo-micallef-prince-of-the-ring-with-an-artistic-sensibility\/\">PROFILE. Hugo Micallef, prince of the ring with artistic sensibility<\/a><\/p>\n\n\n\n<figure class=\"wp-block-embed aligncenter is-type-video is-provider-youtube wp-block-embed-youtube wp-embed-aspect-16-9 wp-has-aspect-ratio\"><div class=\"wp-block-embed__wrapper\">\n<iframe title=\"Davide Lewton Brain (Monaco) \u2013 2021\/2022 French Figure Skating Championships FS\" width=\"500\" height=\"281\" src=\"https:\/\/www.youtube.com\/embed\/gWHYh2inBEo?feature=oembed\" frameborder=\"0\" allow=\"accelerometer; autoplay; clipboard-write; encrypted-media; gyroscope; picture-in-picture; web-share\" referrerpolicy=\"strict-origin-when-cross-origin\" allowfullscreen><\/iframe>\n<\/div><\/figure>\n\n\n\n<h2 class=\"wp-block-heading\">Annecy, his adopted home <\/h2>\n\n\n\n<p>Davide certainly did not have access to the same infrastructures as his counterparts in Eastern and Northern Europe, and even in France, when he was young. A member of the Monegasque Skating Federation (FMP), the Nice-born skater had to &#8216;go into exile&#8217; at the age of fifteen near Annecy, to continue his training. A charming city, renowned for its old town and cobblestones, but also for its many canals and its lake, which he never left.<\/p>\n\n\n\n<blockquote class=\"wp-block-quote is-layout-flow wp-block-quote-is-layout-flow\"><p>It is not easy to juggle everything, but I am aware how lucky I am to be able to pursue my passion on a daily basis. <\/p><cite>Davide Lewton Brain<\/cite><\/blockquote>\n\n\n\n<p>\u201cI couldn&#8217;t see myself living in a city with no water, like Grenoble or Paris. When you&#8217;ve grown up in Monaco, with the sea every summer, you need a city with outdoor activities&#8221;, he smiles.&nbsp; Meanwhile, his long days are taken up with training sessions and remote marketing studies.&nbsp;&#8220;I also have physical training and mental preparation sessions. It is not easy to juggle everything, but I am aware how lucky I am to be able to pursue my passion on a daily basis.&#8221;<\/p>\n\n\n\n<p>&#8220;Shy but funny and pleasant to be around&#8221;, in the words of Val\u00e9rie Gallo, the FMP prot\u00e9g\u00e9 does not conceal his pride at defending the Principality&#8217;s colours.&nbsp;\u201cThere aren&#8217;t many Monegasque skaters, so it&#8217;s always a pleasure to fly the Principality&#8217;s flag internationally.&#8221;\n\nAn already unforgettable experience that he hopes will last as long as possible.<\/p>\n\n\n\n<p><strong>SEE ALSO: <\/strong><a href=\"https:\/\/www.monaco-tribune.com\/en\/2021\/08\/interview-laura-gramaglia-a-promising-monegasque-endurance-rider\/\">INTERVIEW. Laura Gramaglia, a promising Monegasque endurance rider<\/a><\/p>\n","protected":false},"excerpt":{"rendered":"<p>A great prospect in his discipline, the Monegasque figure skater has made an excellent start to the season.&nbsp; We look [&hellip;]<\/p>\n","protected":false},"author":24,"featured_media":109723,"comment_status":"closed","ping_status":"closed","sticky":false,"template":"","format":"standard","meta":{"_acf_changed":false,"footnotes":""},"categories":[1825,243,257],"tags":[],"post_sectags":[],"post_format":[2460],"class_list":["post-109987","post","type-post","status-publish","format-standard","has-post-thumbnail","hentry","category-editors-choice","category-news","category-sports-en","format-profile"],"acf":[],"yoast_head":"<!-- This site is optimized with the Yoast SEO Premium plugin v26.8 (Yoast SEO v27.4) - https:\/\/yoast.com\/product\/yoast-seo-premium-wordpress\/ -->\n<title>PROFILE. Davide Lewton Brain, cutting quite a figure in skating<\/title>\n<meta name=\"description\" content=\"A great prospect in his discipline, the Monegasque figure skater has made an excellent start to the season.&nbsp; We look back on the career path of this\" \/>\n<meta name=\"robots\" content=\"index, follow, max-snippet:-1, max-image-preview:large, max-video-preview:-1\" \/>\n<link rel=\"canonical\" href=\"https:\/\/www.monaco-tribune.com\/en\/2022\/02\/profile-davide-lewton-brain-cutting-quite-a-figure-in-skating\/\" \/>\n<meta property=\"og:locale\" content=\"en_US\" \/>\n<meta property=\"og:type\" content=\"article\" \/>\n<meta property=\"og:title\" content=\"PROFILE. Davide Lewton Brain, cutting quite a figure in skating - Monaco Tribune\" \/>\n<meta property=\"og:description\" content=\"A great prospect in his discipline, the Monegasque figure skater has made an excellent start to the season.&nbsp; We look back on the career path of this\" \/>\n<meta property=\"og:url\" content=\"https:\/\/www.monaco-tribune.com\/en\/2022\/02\/profile-davide-lewton-brain-cutting-quite-a-figure-in-skating\/\" \/>\n<meta property=\"og:site_name\" content=\"Monaco Tribune\" \/>\n<meta property=\"article:publisher\" content=\"https:\/\/www.facebook.com\/MonacoTribune\" \/>\n<meta property=\"article:published_time\" content=\"2022-02-08T19:57:59+00:00\" \/>\n<meta property=\"article:modified_time\" content=\"2022-02-10T09:12:38+00:00\" \/>\n<meta property=\"og:image\" content=\"https:\/\/www.monaco-tribune.com\/wp-content\/uploads\/2022\/02\/lewton-brain-davide-min.jpeg\" \/>\n\t<meta property=\"og:image:width\" content=\"822\" \/>\n\t<meta property=\"og:image:height\" content=\"477\" \/>\n\t<meta property=\"og:image:type\" content=\"image\/jpeg\" \/>\n<meta name=\"author\" content=\"Romain Boisaubert\" \/>\n<meta name=\"twitter:card\" content=\"summary_large_image\" \/>\n<meta name=\"twitter:creator\" content=\"@MonacoTribune\" \/>\n<meta name=\"twitter:site\" content=\"@MonacoTribune\" \/>\n<script type=\"application\/ld+json\" class=\"yoast-schema-graph\">{\"@context\":\"https:\\\/\\\/schema.org\",\"@graph\":[{\"@type\":\"NewsArticle\",\"@id\":\"https:\\\/\\\/www.monaco-tribune.com\\\/en\\\/2022\\\/02\\\/profile-davide-lewton-brain-cutting-quite-a-figure-in-skating\\\/#article\",\"isPartOf\":{\"@id\":\"https:\\\/\\\/www.monaco-tribune.com\\\/en\\\/2022\\\/02\\\/profile-davide-lewton-brain-cutting-quite-a-figure-in-skating\\\/\"},\"author\":{\"name\":\"Romain Boisaubert\",\"@id\":\"https:\\\/\\\/www.monaco-tribune.com\\\/en\\\/#\\\/schema\\\/person\\\/330a3732947cf8cb41b2533a0eadd62e\"},\"headline\":\"PROFILE. Davide Lewton Brain, cutting quite a figure in skating\",\"datePublished\":\"2022-02-08T19:57:59+00:00\",\"dateModified\":\"2022-02-10T09:12:38+00:00\",\"mainEntityOfPage\":{\"@id\":\"https:\\\/\\\/www.monaco-tribune.com\\\/en\\\/2022\\\/02\\\/profile-davide-lewton-brain-cutting-quite-a-figure-in-skating\\\/\"},\"wordCount\":756,\"publisher\":{\"@id\":\"https:\\\/\\\/www.monaco-tribune.com\\\/en\\\/#organization\"},\"image\":{\"@id\":\"https:\\\/\\\/www.monaco-tribune.com\\\/en\\\/2022\\\/02\\\/profile-davide-lewton-brain-cutting-quite-a-figure-in-skating\\\/#primaryimage\"},\"thumbnailUrl\":\"https:\\\/\\\/www.monaco-tribune.com\\\/wp-content\\\/uploads\\\/2022\\\/02\\\/lewton-brain-davide-min.jpeg\",\"articleSection\":[\"Editor&#039;s choice\",\"News\",\"Sports\"],\"inLanguage\":\"en-US\",\"copyrightYear\":\"2022\",\"copyrightHolder\":{\"@id\":\"https:\\\/\\\/www.monaco-tribune.com\\\/#organization\"}},{\"@type\":\"WebPage\",\"@id\":\"https:\\\/\\\/www.monaco-tribune.com\\\/en\\\/2022\\\/02\\\/profile-davide-lewton-brain-cutting-quite-a-figure-in-skating\\\/\",\"url\":\"https:\\\/\\\/www.monaco-tribune.com\\\/en\\\/2022\\\/02\\\/profile-davide-lewton-brain-cutting-quite-a-figure-in-skating\\\/\",\"name\":\"PROFILE. Davide Lewton Brain, cutting quite a figure in skating\",\"isPartOf\":{\"@id\":\"https:\\\/\\\/www.monaco-tribune.com\\\/en\\\/#website\"},\"primaryImageOfPage\":{\"@id\":\"https:\\\/\\\/www.monaco-tribune.com\\\/en\\\/2022\\\/02\\\/profile-davide-lewton-brain-cutting-quite-a-figure-in-skating\\\/#primaryimage\"},\"image\":{\"@id\":\"https:\\\/\\\/www.monaco-tribune.com\\\/en\\\/2022\\\/02\\\/profile-davide-lewton-brain-cutting-quite-a-figure-in-skating\\\/#primaryimage\"},\"thumbnailUrl\":\"https:\\\/\\\/www.monaco-tribune.com\\\/wp-content\\\/uploads\\\/2022\\\/02\\\/lewton-brain-davide-min.jpeg\",\"datePublished\":\"2022-02-08T19:57:59+00:00\",\"dateModified\":\"2022-02-10T09:12:38+00:00\",\"description\":\"A great prospect in his discipline, the Monegasque figure skater has made an excellent start to the season.&nbsp; We look back on the career path of this\",\"breadcrumb\":{\"@id\":\"https:\\\/\\\/www.monaco-tribune.com\\\/en\\\/2022\\\/02\\\/profile-davide-lewton-brain-cutting-quite-a-figure-in-skating\\\/#breadcrumb\"},\"inLanguage\":\"en-US\",\"potentialAction\":[{\"@type\":\"ReadAction\",\"target\":[\"https:\\\/\\\/www.monaco-tribune.com\\\/en\\\/2022\\\/02\\\/profile-davide-lewton-brain-cutting-quite-a-figure-in-skating\\\/\"]}]},{\"@type\":\"ImageObject\",\"inLanguage\":\"en-US\",\"@id\":\"https:\\\/\\\/www.monaco-tribune.com\\\/en\\\/2022\\\/02\\\/profile-davide-lewton-brain-cutting-quite-a-figure-in-skating\\\/#primaryimage\",\"url\":\"https:\\\/\\\/www.monaco-tribune.com\\\/wp-content\\\/uploads\\\/2022\\\/02\\\/lewton-brain-davide-min.jpeg\",\"contentUrl\":\"https:\\\/\\\/www.monaco-tribune.com\\\/wp-content\\\/uploads\\\/2022\\\/02\\\/lewton-brain-davide-min.jpeg\",\"width\":822,\"height\":477,\"caption\":\"Belinda Schoenberger\"},{\"@type\":\"BreadcrumbList\",\"@id\":\"https:\\\/\\\/www.monaco-tribune.com\\\/en\\\/2022\\\/02\\\/profile-davide-lewton-brain-cutting-quite-a-figure-in-skating\\\/#breadcrumb\",\"itemListElement\":[{\"@type\":\"ListItem\",\"position\":1,\"name\":\"Accueil\",\"item\":\"https:\\\/\\\/www.monaco-tribune.com\\\/en\\\/\"},{\"@type\":\"ListItem\",\"position\":2,\"name\":\"PROFILE. Davide Lewton Brain, cutting quite a figure in skating\"}]},{\"@type\":\"WebSite\",\"@id\":\"https:\\\/\\\/www.monaco-tribune.com\\\/en\\\/#website\",\"url\":\"https:\\\/\\\/www.monaco-tribune.com\\\/en\\\/\",\"name\":\"Monaco Tribune\",\"description\":\"Monaco : actualit\u00e9s \u00e9conomiques, politiques, culturelles et sportives de Monaco et de la French Riviera.\",\"publisher\":{\"@id\":\"https:\\\/\\\/www.monaco-tribune.com\\\/en\\\/#organization\"},\"potentialAction\":[{\"@type\":\"SearchAction\",\"target\":{\"@type\":\"EntryPoint\",\"urlTemplate\":\"https:\\\/\\\/www.monaco-tribune.com\\\/en\\\/?s={search_term_string}\"},\"query-input\":{\"@type\":\"PropertyValueSpecification\",\"valueRequired\":true,\"valueName\":\"search_term_string\"}}],\"inLanguage\":\"en-US\"},{\"@type\":\"Organization\",\"@id\":\"https:\\\/\\\/www.monaco-tribune.com\\\/en\\\/#organization\",\"name\":\"Monaco Tribune\",\"url\":\"https:\\\/\\\/www.monaco-tribune.com\\\/en\\\/\",\"logo\":{\"@type\":\"ImageObject\",\"inLanguage\":\"en-US\",\"@id\":\"https:\\\/\\\/www.monaco-tribune.com\\\/en\\\/#\\\/schema\\\/logo\\\/image\\\/\",\"url\":\"https:\\\/\\\/www.monaco-tribune.com\\\/wp-content\\\/uploads\\\/2022\\\/11\\\/logo-monaco-tribune.png\",\"contentUrl\":\"https:\\\/\\\/www.monaco-tribune.com\\\/wp-content\\\/uploads\\\/2022\\\/11\\\/logo-monaco-tribune.png\",\"width\":1548,\"height\":600,\"caption\":\"Monaco Tribune\"},\"image\":{\"@id\":\"https:\\\/\\\/www.monaco-tribune.com\\\/en\\\/#\\\/schema\\\/logo\\\/image\\\/\"},\"sameAs\":[\"https:\\\/\\\/www.facebook.com\\\/MonacoTribune\",\"https:\\\/\\\/x.com\\\/MonacoTribune\",\"https:\\\/\\\/www.instagram.com\\\/monacotribune\\\/\",\"https:\\\/\\\/www.linkedin.com\\\/company\\\/monaco-tribune\",\"https:\\\/\\\/www.youtube.com\\\/channel\\\/UCHle1MnG6hw1y4lWKijVbMA\"]},{\"@type\":\"Person\",\"@id\":\"https:\\\/\\\/www.monaco-tribune.com\\\/en\\\/#\\\/schema\\\/person\\\/330a3732947cf8cb41b2533a0eadd62e\",\"name\":\"Romain Boisaubert\",\"image\":{\"@type\":\"ImageObject\",\"inLanguage\":\"en-US\",\"@id\":\"https:\\\/\\\/secure.gravatar.com\\\/avatar\\\/f8b90d41f1eabd1cbe4cf59e09d8db41a697d51919bf2dfe727589a24a4a4d54?s=96&d=mm&r=g\",\"url\":\"https:\\\/\\\/secure.gravatar.com\\\/avatar\\\/f8b90d41f1eabd1cbe4cf59e09d8db41a697d51919bf2dfe727589a24a4a4d54?s=96&d=mm&r=g\",\"contentUrl\":\"https:\\\/\\\/secure.gravatar.com\\\/avatar\\\/f8b90d41f1eabd1cbe4cf59e09d8db41a697d51919bf2dfe727589a24a4a4d54?s=96&d=mm&r=g\",\"caption\":\"Romain Boisaubert\"},\"description\":\"Test bio\",\"url\":\"https:\\\/\\\/www.monaco-tribune.com\\\/en\\\/author\\\/romain-boisaubert\\\/\"}]}<\/script>\n<!-- \/ Yoast SEO Premium plugin. -->","yoast_head_json":{"title":"PROFILE. Davide Lewton Brain, cutting quite a figure in skating","description":"A great prospect in his discipline, the Monegasque figure skater has made an excellent start to the season.&nbsp; We look back on the career path of this","robots":{"index":"index","follow":"follow","max-snippet":"max-snippet:-1","max-image-preview":"max-image-preview:large","max-video-preview":"max-video-preview:-1"},"canonical":"https:\/\/www.monaco-tribune.com\/en\/2022\/02\/profile-davide-lewton-brain-cutting-quite-a-figure-in-skating\/","og_locale":"en_US","og_type":"article","og_title":"PROFILE. Davide Lewton Brain, cutting quite a figure in skating - Monaco Tribune","og_description":"A great prospect in his discipline, the Monegasque figure skater has made an excellent start to the season.&nbsp; We look back on the career path of this","og_url":"https:\/\/www.monaco-tribune.com\/en\/2022\/02\/profile-davide-lewton-brain-cutting-quite-a-figure-in-skating\/","og_site_name":"Monaco Tribune","article_publisher":"https:\/\/www.facebook.com\/MonacoTribune","article_published_time":"2022-02-08T19:57:59+00:00","article_modified_time":"2022-02-10T09:12:38+00:00","og_image":[{"width":822,"height":477,"url":"https:\/\/www.monaco-tribune.com\/wp-content\/uploads\/2022\/02\/lewton-brain-davide-min.jpeg","type":"image\/jpeg"}],"author":"Romain Boisaubert","twitter_card":"summary_large_image","twitter_creator":"@MonacoTribune","twitter_site":"@MonacoTribune","schema":{"@context":"https:\/\/schema.org","@graph":[{"@type":"NewsArticle","@id":"https:\/\/www.monaco-tribune.com\/en\/2022\/02\/profile-davide-lewton-brain-cutting-quite-a-figure-in-skating\/#article","isPartOf":{"@id":"https:\/\/www.monaco-tribune.com\/en\/2022\/02\/profile-davide-lewton-brain-cutting-quite-a-figure-in-skating\/"},"author":{"name":"Romain Boisaubert","@id":"https:\/\/www.monaco-tribune.com\/en\/#\/schema\/person\/330a3732947cf8cb41b2533a0eadd62e"},"headline":"PROFILE. Davide Lewton Brain, cutting quite a figure in skating","datePublished":"2022-02-08T19:57:59+00:00","dateModified":"2022-02-10T09:12:38+00:00","mainEntityOfPage":{"@id":"https:\/\/www.monaco-tribune.com\/en\/2022\/02\/profile-davide-lewton-brain-cutting-quite-a-figure-in-skating\/"},"wordCount":756,"publisher":{"@id":"https:\/\/www.monaco-tribune.com\/en\/#organization"},"image":{"@id":"https:\/\/www.monaco-tribune.com\/en\/2022\/02\/profile-davide-lewton-brain-cutting-quite-a-figure-in-skating\/#primaryimage"},"thumbnailUrl":"https:\/\/www.monaco-tribune.com\/wp-content\/uploads\/2022\/02\/lewton-brain-davide-min.jpeg","articleSection":["Editor&#039;s choice","News","Sports"],"inLanguage":"en-US","copyrightYear":"2022","copyrightHolder":{"@id":"https:\/\/www.monaco-tribune.com\/#organization"}},{"@type":"WebPage","@id":"https:\/\/www.monaco-tribune.com\/en\/2022\/02\/profile-davide-lewton-brain-cutting-quite-a-figure-in-skating\/","url":"https:\/\/www.monaco-tribune.com\/en\/2022\/02\/profile-davide-lewton-brain-cutting-quite-a-figure-in-skating\/","name":"PROFILE. Davide Lewton Brain, cutting quite a figure in skating","isPartOf":{"@id":"https:\/\/www.monaco-tribune.com\/en\/#website"},"primaryImageOfPage":{"@id":"https:\/\/www.monaco-tribune.com\/en\/2022\/02\/profile-davide-lewton-brain-cutting-quite-a-figure-in-skating\/#primaryimage"},"image":{"@id":"https:\/\/www.monaco-tribune.com\/en\/2022\/02\/profile-davide-lewton-brain-cutting-quite-a-figure-in-skating\/#primaryimage"},"thumbnailUrl":"https:\/\/www.monaco-tribune.com\/wp-content\/uploads\/2022\/02\/lewton-brain-davide-min.jpeg","datePublished":"2022-02-08T19:57:59+00:00","dateModified":"2022-02-10T09:12:38+00:00","description":"A great prospect in his discipline, the Monegasque figure skater has made an excellent start to the season.&nbsp; We look back on the career path of this","breadcrumb":{"@id":"https:\/\/www.monaco-tribune.com\/en\/2022\/02\/profile-davide-lewton-brain-cutting-quite-a-figure-in-skating\/#breadcrumb"},"inLanguage":"en-US","potentialAction":[{"@type":"ReadAction","target":["https:\/\/www.monaco-tribune.com\/en\/2022\/02\/profile-davide-lewton-brain-cutting-quite-a-figure-in-skating\/"]}]},{"@type":"ImageObject","inLanguage":"en-US","@id":"https:\/\/www.monaco-tribune.com\/en\/2022\/02\/profile-davide-lewton-brain-cutting-quite-a-figure-in-skating\/#primaryimage","url":"https:\/\/www.monaco-tribune.com\/wp-content\/uploads\/2022\/02\/lewton-brain-davide-min.jpeg","contentUrl":"https:\/\/www.monaco-tribune.com\/wp-content\/uploads\/2022\/02\/lewton-brain-davide-min.jpeg","width":822,"height":477,"caption":"Belinda Schoenberger"},{"@type":"BreadcrumbList","@id":"https:\/\/www.monaco-tribune.com\/en\/2022\/02\/profile-davide-lewton-brain-cutting-quite-a-figure-in-skating\/#breadcrumb","itemListElement":[{"@type":"ListItem","position":1,"name":"Accueil","item":"https:\/\/www.monaco-tribune.com\/en\/"},{"@type":"ListItem","position":2,"name":"PROFILE. Davide Lewton Brain, cutting quite a figure in skating"}]},{"@type":"WebSite","@id":"https:\/\/www.monaco-tribune.com\/en\/#website","url":"https:\/\/www.monaco-tribune.com\/en\/","name":"Monaco Tribune","description":"Monaco : actualit\u00e9s \u00e9conomiques, politiques, culturelles et sportives de Monaco et de la French Riviera.","publisher":{"@id":"https:\/\/www.monaco-tribune.com\/en\/#organization"},"potentialAction":[{"@type":"SearchAction","target":{"@type":"EntryPoint","urlTemplate":"https:\/\/www.monaco-tribune.com\/en\/?s={search_term_string}"},"query-input":{"@type":"PropertyValueSpecification","valueRequired":true,"valueName":"search_term_string"}}],"inLanguage":"en-US"},{"@type":"Organization","@id":"https:\/\/www.monaco-tribune.com\/en\/#organization","name":"Monaco Tribune","url":"https:\/\/www.monaco-tribune.com\/en\/","logo":{"@type":"ImageObject","inLanguage":"en-US","@id":"https:\/\/www.monaco-tribune.com\/en\/#\/schema\/logo\/image\/","url":"https:\/\/www.monaco-tribune.com\/wp-content\/uploads\/2022\/11\/logo-monaco-tribune.png","contentUrl":"https:\/\/www.monaco-tribune.com\/wp-content\/uploads\/2022\/11\/logo-monaco-tribune.png","width":1548,"height":600,"caption":"Monaco Tribune"},"image":{"@id":"https:\/\/www.monaco-tribune.com\/en\/#\/schema\/logo\/image\/"},"sameAs":["https:\/\/www.facebook.com\/MonacoTribune","https:\/\/x.com\/MonacoTribune","https:\/\/www.instagram.com\/monacotribune\/","https:\/\/www.linkedin.com\/company\/monaco-tribune","https:\/\/www.youtube.com\/channel\/UCHle1MnG6hw1y4lWKijVbMA"]},{"@type":"Person","@id":"https:\/\/www.monaco-tribune.com\/en\/#\/schema\/person\/330a3732947cf8cb41b2533a0eadd62e","name":"Romain Boisaubert","image":{"@type":"ImageObject","inLanguage":"en-US","@id":"https:\/\/secure.gravatar.com\/avatar\/f8b90d41f1eabd1cbe4cf59e09d8db41a697d51919bf2dfe727589a24a4a4d54?s=96&d=mm&r=g","url":"https:\/\/secure.gravatar.com\/avatar\/f8b90d41f1eabd1cbe4cf59e09d8db41a697d51919bf2dfe727589a24a4a4d54?s=96&d=mm&r=g","contentUrl":"https:\/\/secure.gravatar.com\/avatar\/f8b90d41f1eabd1cbe4cf59e09d8db41a697d51919bf2dfe727589a24a4a4d54?s=96&d=mm&r=g","caption":"Romain Boisaubert"},"description":"Test bio","url":"https:\/\/www.monaco-tribune.com\/en\/author\/romain-boisaubert\/"}]}},"_links":{"self":[{"href":"https:\/\/www.monaco-tribune.com\/en\/wp-json\/wp\/v2\/posts\/109987","targetHints":{"allow":["GET"]}}],"collection":[{"href":"https:\/\/www.monaco-tribune.com\/en\/wp-json\/wp\/v2\/posts"}],"about":[{"href":"https:\/\/www.monaco-tribune.com\/en\/wp-json\/wp\/v2\/types\/post"}],"author":[{"embeddable":true,"href":"https:\/\/www.monaco-tribune.com\/en\/wp-json\/wp\/v2\/users\/24"}],"replies":[{"embeddable":true,"href":"https:\/\/www.monaco-tribune.com\/en\/wp-json\/wp\/v2\/comments?post=109987"}],"version-history":[{"count":0,"href":"https:\/\/www.monaco-tribune.com\/en\/wp-json\/wp\/v2\/posts\/109987\/revisions"}],"wp:featuredmedia":[{"embeddable":true,"href":"https:\/\/www.monaco-tribune.com\/en\/wp-json\/wp\/v2\/media\/109723"}],"wp:attachment":[{"href":"https:\/\/www.monaco-tribune.com\/en\/wp-json\/wp\/v2\/media?parent=109987"}],"wp:term":[{"taxonomy":"category","embeddable":true,"href":"https:\/\/www.monaco-tribune.com\/en\/wp-json\/wp\/v2\/categories?post=109987"},{"taxonomy":"post_tag","embeddable":true,"href":"https:\/\/www.monaco-tribune.com\/en\/wp-json\/wp\/v2\/tags?post=109987"},{"taxonomy":"sectag","embeddable":true,"href":"https:\/\/www.monaco-tribune.com\/en\/wp-json\/wp\/v2\/post_sectags?post=109987"},{"taxonomy":"format","embeddable":true,"href":"https:\/\/www.monaco-tribune.com\/en\/wp-json\/wp\/v2\/post_format?post=109987"}],"curies":[{"name":"wp","href":"https:\/\/api.w.org\/{rel}","templated":true}]}}