{"id":111882,"date":"2022-02-23T16:16:35","date_gmt":"2022-02-23T15:16:35","guid":{"rendered":"https:\/\/www.monaco-tribune.com\/2022\/02\/monaco-and-serbia-sign-new-cooperation-agreement\/"},"modified":"2022-02-24T20:44:12","modified_gmt":"2022-02-24T19:44:12","slug":"monaco-and-serbia-sign-new-cooperation-agreement","status":"publish","type":"post","link":"https:\/\/www.monaco-tribune.com\/en\/2022\/02\/monaco-and-serbia-sign-new-cooperation-agreement\/","title":{"rendered":"Monaco and Serbia sign new cooperation agreement"},"content":{"rendered":"\n<p><strong>Prince Albert II welcomed the President of Serbia, Aleksandar Vu\u010di\u0107, to the Prince&#8217;s Palace on Tuesday February 22.<\/strong><\/p>\n\n<p>The purpose of the official visit was to further strengthen ties between Monaco and Serbia. The two countries have maintained diplomatic relations since 2007. Prince Albert II visited Belgrade in October 2020, where <a href=\"https:\/\/www.monaco-tribune.com\/en\/2020\/10\/what-we-know-about-hsh-prince-albert-ii-of-monacos-official-visit-to-serbia\/\">an economic agreement between Monaco and Serbia was signed.<\/a><\/p>\n\n<p>While at the Prince&#8217;s Palace, President Vu\u010di\u0107, accompanied by a Serbian delegation, attended the customary military inspection alongside Prince Albert II. <\/p>\n\n<p>The Sovereign then presented the Serbian President with the Grand Cross of the Order of Saint Charles.<\/p>\n\n<p>\u201cPrince Albert II is a very knowledgeable and a very charming person. He speaks to everybody in the world. I had an opportunity to learn many things from him, to understand the situation in the world better,\u201d the Serbian President told <a href=\"https:\/\/youtu.be\/oJVu_8mEFYc?t=120\">Monaco Info<\/a>.<\/p>\n\n<figure class=\"wp-block-gallery has-nested-images columns-1 is-cropped wp-block-gallery-1 is-layout-flex wp-block-gallery-is-layout-flex\">\n<figure class=\"wp-block-image size-large\"><img loading=\"lazy\" decoding=\"async\" width=\"1020\" height=\"680\" data-id=\"111858\" src=\"https:\/\/www.monaco-tribune.com\/wp-content\/uploads\/2022\/02\/monaco-serbie-accord.jpg\" alt=\"\" class=\"wp-image-111858\" srcset=\"https:\/\/www.monaco-tribune.com\/wp-content\/uploads\/2022\/02\/monaco-serbie-accord.jpg 1020w, https:\/\/www.monaco-tribune.com\/wp-content\/uploads\/2022\/02\/monaco-serbie-accord-450x300.jpg 450w\" sizes=\"auto, (max-width: 1020px) 100vw, 1020px\" \/><figcaption><em>\u00a9 Gaetan Luci &#8211; Prince&#8217;s Palace<\/em><\/figcaption><\/figure>\n\n\n\n<figure class=\"wp-block-image size-large\"><img loading=\"lazy\" decoding=\"async\" width=\"1020\" height=\"649\" data-id=\"111862\" src=\"https:\/\/www.monaco-tribune.com\/wp-content\/uploads\/2022\/02\/monaco-serbie-visite-officielle.jpg\" alt=\"\" class=\"wp-image-111862\" srcset=\"https:\/\/www.monaco-tribune.com\/wp-content\/uploads\/2022\/02\/monaco-serbie-visite-officielle.jpg 1020w, https:\/\/www.monaco-tribune.com\/wp-content\/uploads\/2022\/02\/monaco-serbie-visite-officielle-471x300.jpg 471w\" sizes=\"auto, (max-width: 1020px) 100vw, 1020px\" \/><figcaption><em>\u00a9 Gaetan Luci &#8211; Prince&#8217;s Palace<\/em><\/figcaption><\/figure>\n<\/figure>\n\n<h2 class=\"wp-block-heading\" id=\"h-un-accord-cadre-de-cooperation\">A framework cooperation agreement<\/h2>\n\n<p>Following the military ceremony, a framework cooperation agreement between the two countries was signed by the Serbian Foreign Minister, Nikola Selakovic, and Monaco&#8217;s Minister of Foreign Affairs and Cooperation, Isabelle Berro-Amade\u00ef. This agreement will &#8220;strengthen the ties that bind the two states in areas of common interest such as the economy, investments and the environment&#8221;, Isabelle Berro-Amade\u00ef stressed.<\/p>\n\n<p>The agreement includes the pursuit of new synergies, the creation of partnerships, the establishment of an air link between Belgrade and Nice and much more.  <\/p>\n\n<p>The visit concluded in the evening at the Op\u00e9ra de Monte-Carlo, where Prince Albert II and President Vu\u010di\u0107 attended the performance of &#8220;Werther&#8221;, an opera by Jules Massenet.<\/p>\n","protected":false},"excerpt":{"rendered":"<p>Prince Albert II welcomed the President of Serbia, Aleksandar Vu\u010di\u0107, to the Prince&#8217;s Palace on Tuesday February 22. The purpose [&hellip;]<\/p>\n","protected":false},"author":63,"featured_media":111853,"comment_status":"closed","ping_status":"closed","sticky":false,"template":"","format":"standard","meta":{"_acf_changed":false,"footnotes":""},"categories":[1825,243,254],"tags":[],"post_sectags":[],"post_format":[2465],"class_list":["post-111882","post","type-post","status-publish","format-standard","has-post-thumbnail","hentry","category-editors-choice","category-news","category-people-en","format-in-brief"],"acf":[],"yoast_head":"<!-- This site is optimized with the Yoast SEO Premium plugin v27.5 (Yoast SEO v27.5) - https:\/\/yoast.com\/product\/yoast-seo-premium-wordpress\/ -->\n<title>Monaco and Serbia sign new cooperation agreement<\/title>\n<meta name=\"description\" content=\"Prince Albert II welcomed the President of Serbia, Aleksandar Vu\u010di\u0107, to the Prince&#039;s Palace on Tuesday February 22. The purpose of the official visit was\" \/>\n<meta name=\"robots\" content=\"index, follow, max-snippet:-1, max-image-preview:large, max-video-preview:-1\" \/>\n<link rel=\"canonical\" href=\"https:\/\/www.monaco-tribune.com\/en\/2022\/02\/monaco-and-serbia-sign-new-cooperation-agreement\/\" \/>\n<meta property=\"og:locale\" content=\"en_US\" \/>\n<meta property=\"og:type\" content=\"article\" \/>\n<meta property=\"og:title\" content=\"Monaco and Serbia sign new cooperation agreement - Monaco Tribune\" \/>\n<meta property=\"og:description\" content=\"Prince Albert II welcomed the President of Serbia, Aleksandar Vu\u010di\u0107, to the Prince&#039;s Palace on Tuesday February 22. The purpose of the official visit was\" \/>\n<meta property=\"og:url\" content=\"https:\/\/www.monaco-tribune.com\/en\/2022\/02\/monaco-and-serbia-sign-new-cooperation-agreement\/\" \/>\n<meta property=\"og:site_name\" content=\"Monaco Tribune\" \/>\n<meta property=\"article:publisher\" content=\"https:\/\/www.facebook.com\/MonacoTribune\" \/>\n<meta property=\"article:published_time\" content=\"2022-02-23T15:16:35+00:00\" \/>\n<meta property=\"article:modified_time\" content=\"2022-02-24T19:44:12+00:00\" \/>\n<meta property=\"og:image\" content=\"https:\/\/www.monaco-tribune.com\/wp-content\/uploads\/2022\/02\/monaco-serbie-.jpeg\" \/>\n\t<meta property=\"og:image:width\" content=\"1020\" \/>\n\t<meta property=\"og:image:height\" content=\"680\" \/>\n\t<meta property=\"og:image:type\" content=\"image\/jpeg\" \/>\n<meta name=\"author\" content=\"J\u00e9r\u00f4me Vinette\" \/>\n<meta name=\"twitter:card\" content=\"summary_large_image\" \/>\n<meta name=\"twitter:creator\" content=\"@MonacoTribune\" \/>\n<meta name=\"twitter:site\" content=\"@MonacoTribune\" \/>\n<script type=\"application\/ld+json\" class=\"yoast-schema-graph\">{\"@context\":\"https:\\\/\\\/schema.org\",\"@graph\":[{\"@type\":\"NewsArticle\",\"@id\":\"https:\\\/\\\/www.monaco-tribune.com\\\/en\\\/2022\\\/02\\\/monaco-and-serbia-sign-new-cooperation-agreement\\\/#article\",\"isPartOf\":{\"@id\":\"https:\\\/\\\/www.monaco-tribune.com\\\/en\\\/2022\\\/02\\\/monaco-and-serbia-sign-new-cooperation-agreement\\\/\"},\"author\":{\"name\":\"J\u00e9r\u00f4me Vinette\",\"@id\":\"https:\\\/\\\/www.monaco-tribune.com\\\/en\\\/#\\\/schema\\\/person\\\/74bfbad64aac6760e9f9b8ce1c6ff3d8\"},\"headline\":\"Monaco and Serbia sign new cooperation agreement\",\"datePublished\":\"2022-02-23T15:16:35+00:00\",\"dateModified\":\"2022-02-24T19:44:12+00:00\",\"mainEntityOfPage\":{\"@id\":\"https:\\\/\\\/www.monaco-tribune.com\\\/en\\\/2022\\\/02\\\/monaco-and-serbia-sign-new-cooperation-agreement\\\/\"},\"wordCount\":279,\"publisher\":{\"@id\":\"https:\\\/\\\/www.monaco-tribune.com\\\/en\\\/#organization\"},\"image\":{\"@id\":\"https:\\\/\\\/www.monaco-tribune.com\\\/en\\\/2022\\\/02\\\/monaco-and-serbia-sign-new-cooperation-agreement\\\/#primaryimage\"},\"thumbnailUrl\":\"https:\\\/\\\/www.monaco-tribune.com\\\/wp-content\\\/uploads\\\/2022\\\/02\\\/monaco-serbie-.jpeg\",\"articleSection\":[\"Editor&#039;s choice\",\"News\",\"Princely Family\"],\"inLanguage\":\"en-US\",\"copyrightYear\":\"2022\",\"copyrightHolder\":{\"@id\":\"https:\\\/\\\/www.monaco-tribune.com\\\/#organization\"}},{\"@type\":\"WebPage\",\"@id\":\"https:\\\/\\\/www.monaco-tribune.com\\\/en\\\/2022\\\/02\\\/monaco-and-serbia-sign-new-cooperation-agreement\\\/\",\"url\":\"https:\\\/\\\/www.monaco-tribune.com\\\/en\\\/2022\\\/02\\\/monaco-and-serbia-sign-new-cooperation-agreement\\\/\",\"name\":\"Monaco and Serbia sign new cooperation agreement\",\"isPartOf\":{\"@id\":\"https:\\\/\\\/www.monaco-tribune.com\\\/en\\\/#website\"},\"primaryImageOfPage\":{\"@id\":\"https:\\\/\\\/www.monaco-tribune.com\\\/en\\\/2022\\\/02\\\/monaco-and-serbia-sign-new-cooperation-agreement\\\/#primaryimage\"},\"image\":{\"@id\":\"https:\\\/\\\/www.monaco-tribune.com\\\/en\\\/2022\\\/02\\\/monaco-and-serbia-sign-new-cooperation-agreement\\\/#primaryimage\"},\"thumbnailUrl\":\"https:\\\/\\\/www.monaco-tribune.com\\\/wp-content\\\/uploads\\\/2022\\\/02\\\/monaco-serbie-.jpeg\",\"datePublished\":\"2022-02-23T15:16:35+00:00\",\"dateModified\":\"2022-02-24T19:44:12+00:00\",\"description\":\"Prince Albert II welcomed the President of Serbia, Aleksandar Vu\u010di\u0107, to the Prince's Palace on Tuesday February 22. The purpose of the official visit was\",\"breadcrumb\":{\"@id\":\"https:\\\/\\\/www.monaco-tribune.com\\\/en\\\/2022\\\/02\\\/monaco-and-serbia-sign-new-cooperation-agreement\\\/#breadcrumb\"},\"inLanguage\":\"en-US\",\"potentialAction\":[{\"@type\":\"ReadAction\",\"target\":[\"https:\\\/\\\/www.monaco-tribune.com\\\/en\\\/2022\\\/02\\\/monaco-and-serbia-sign-new-cooperation-agreement\\\/\"]}]},{\"@type\":\"ImageObject\",\"inLanguage\":\"en-US\",\"@id\":\"https:\\\/\\\/www.monaco-tribune.com\\\/en\\\/2022\\\/02\\\/monaco-and-serbia-sign-new-cooperation-agreement\\\/#primaryimage\",\"url\":\"https:\\\/\\\/www.monaco-tribune.com\\\/wp-content\\\/uploads\\\/2022\\\/02\\\/monaco-serbie-.jpeg\",\"contentUrl\":\"https:\\\/\\\/www.monaco-tribune.com\\\/wp-content\\\/uploads\\\/2022\\\/02\\\/monaco-serbie-.jpeg\",\"width\":1020,\"height\":680,\"caption\":\"Communication Department \\\/ St\u00e9phane Danna\"},{\"@type\":\"BreadcrumbList\",\"@id\":\"https:\\\/\\\/www.monaco-tribune.com\\\/en\\\/2022\\\/02\\\/monaco-and-serbia-sign-new-cooperation-agreement\\\/#breadcrumb\",\"itemListElement\":[{\"@type\":\"ListItem\",\"position\":1,\"name\":\"Accueil\",\"item\":\"https:\\\/\\\/www.monaco-tribune.com\\\/en\\\/\"},{\"@type\":\"ListItem\",\"position\":2,\"name\":\"Monaco and Serbia sign new cooperation agreement\"}]},{\"@type\":\"WebSite\",\"@id\":\"https:\\\/\\\/www.monaco-tribune.com\\\/en\\\/#website\",\"url\":\"https:\\\/\\\/www.monaco-tribune.com\\\/en\\\/\",\"name\":\"Monaco Tribune\",\"description\":\"Monaco : actualit\u00e9s \u00e9conomiques, politiques, culturelles et sportives de Monaco et de la French Riviera.\",\"publisher\":{\"@id\":\"https:\\\/\\\/www.monaco-tribune.com\\\/en\\\/#organization\"},\"potentialAction\":[{\"@type\":\"SearchAction\",\"target\":{\"@type\":\"EntryPoint\",\"urlTemplate\":\"https:\\\/\\\/www.monaco-tribune.com\\\/en\\\/?s={search_term_string}\"},\"query-input\":{\"@type\":\"PropertyValueSpecification\",\"valueRequired\":true,\"valueName\":\"search_term_string\"}}],\"inLanguage\":\"en-US\"},{\"@type\":\"Organization\",\"@id\":\"https:\\\/\\\/www.monaco-tribune.com\\\/en\\\/#organization\",\"name\":\"Monaco Tribune\",\"url\":\"https:\\\/\\\/www.monaco-tribune.com\\\/en\\\/\",\"logo\":{\"@type\":\"ImageObject\",\"inLanguage\":\"en-US\",\"@id\":\"https:\\\/\\\/www.monaco-tribune.com\\\/en\\\/#\\\/schema\\\/logo\\\/image\\\/\",\"url\":\"https:\\\/\\\/www.monaco-tribune.com\\\/wp-content\\\/uploads\\\/2022\\\/11\\\/logo-monaco-tribune.png\",\"contentUrl\":\"https:\\\/\\\/www.monaco-tribune.com\\\/wp-content\\\/uploads\\\/2022\\\/11\\\/logo-monaco-tribune.png\",\"width\":1548,\"height\":600,\"caption\":\"Monaco Tribune\"},\"image\":{\"@id\":\"https:\\\/\\\/www.monaco-tribune.com\\\/en\\\/#\\\/schema\\\/logo\\\/image\\\/\"},\"sameAs\":[\"https:\\\/\\\/www.facebook.com\\\/MonacoTribune\",\"https:\\\/\\\/x.com\\\/MonacoTribune\",\"https:\\\/\\\/www.instagram.com\\\/monacotribune\\\/\",\"https:\\\/\\\/www.linkedin.com\\\/company\\\/monaco-tribune\",\"https:\\\/\\\/www.youtube.com\\\/channel\\\/UCHle1MnG6hw1y4lWKijVbMA\"]},{\"@type\":\"Person\",\"@id\":\"https:\\\/\\\/www.monaco-tribune.com\\\/en\\\/#\\\/schema\\\/person\\\/74bfbad64aac6760e9f9b8ce1c6ff3d8\",\"name\":\"J\u00e9r\u00f4me Vinette\",\"image\":{\"@type\":\"ImageObject\",\"inLanguage\":\"en-US\",\"@id\":\"https:\\\/\\\/secure.gravatar.com\\\/avatar\\\/b38f1f0eb28fe6c73663325eaf1a900551ae51d1e9fa6071d1449489e9b7311e?s=96&d=mm&r=g\",\"url\":\"https:\\\/\\\/secure.gravatar.com\\\/avatar\\\/b38f1f0eb28fe6c73663325eaf1a900551ae51d1e9fa6071d1449489e9b7311e?s=96&d=mm&r=g\",\"contentUrl\":\"https:\\\/\\\/secure.gravatar.com\\\/avatar\\\/b38f1f0eb28fe6c73663325eaf1a900551ae51d1e9fa6071d1449489e9b7311e?s=96&d=mm&r=g\",\"caption\":\"J\u00e9r\u00f4me Vinette\"},\"url\":\"https:\\\/\\\/www.monaco-tribune.com\\\/en\\\/author\\\/jeromevinette\\\/\"}]}<\/script>\n<!-- \/ Yoast SEO Premium plugin. -->","yoast_head_json":{"title":"Monaco and Serbia sign new cooperation agreement","description":"Prince Albert II welcomed the President of Serbia, Aleksandar Vu\u010di\u0107, to the Prince's Palace on Tuesday February 22. The purpose of the official visit was","robots":{"index":"index","follow":"follow","max-snippet":"max-snippet:-1","max-image-preview":"max-image-preview:large","max-video-preview":"max-video-preview:-1"},"canonical":"https:\/\/www.monaco-tribune.com\/en\/2022\/02\/monaco-and-serbia-sign-new-cooperation-agreement\/","og_locale":"en_US","og_type":"article","og_title":"Monaco and Serbia sign new cooperation agreement - Monaco Tribune","og_description":"Prince Albert II welcomed the President of Serbia, Aleksandar Vu\u010di\u0107, to the Prince's Palace on Tuesday February 22. The purpose of the official visit was","og_url":"https:\/\/www.monaco-tribune.com\/en\/2022\/02\/monaco-and-serbia-sign-new-cooperation-agreement\/","og_site_name":"Monaco Tribune","article_publisher":"https:\/\/www.facebook.com\/MonacoTribune","article_published_time":"2022-02-23T15:16:35+00:00","article_modified_time":"2022-02-24T19:44:12+00:00","og_image":[{"width":1020,"height":680,"url":"https:\/\/www.monaco-tribune.com\/wp-content\/uploads\/2022\/02\/monaco-serbie-.jpeg","type":"image\/jpeg"}],"author":"J\u00e9r\u00f4me Vinette","twitter_card":"summary_large_image","twitter_creator":"@MonacoTribune","twitter_site":"@MonacoTribune","schema":{"@context":"https:\/\/schema.org","@graph":[{"@type":"NewsArticle","@id":"https:\/\/www.monaco-tribune.com\/en\/2022\/02\/monaco-and-serbia-sign-new-cooperation-agreement\/#article","isPartOf":{"@id":"https:\/\/www.monaco-tribune.com\/en\/2022\/02\/monaco-and-serbia-sign-new-cooperation-agreement\/"},"author":{"name":"J\u00e9r\u00f4me Vinette","@id":"https:\/\/www.monaco-tribune.com\/en\/#\/schema\/person\/74bfbad64aac6760e9f9b8ce1c6ff3d8"},"headline":"Monaco and Serbia sign new cooperation agreement","datePublished":"2022-02-23T15:16:35+00:00","dateModified":"2022-02-24T19:44:12+00:00","mainEntityOfPage":{"@id":"https:\/\/www.monaco-tribune.com\/en\/2022\/02\/monaco-and-serbia-sign-new-cooperation-agreement\/"},"wordCount":279,"publisher":{"@id":"https:\/\/www.monaco-tribune.com\/en\/#organization"},"image":{"@id":"https:\/\/www.monaco-tribune.com\/en\/2022\/02\/monaco-and-serbia-sign-new-cooperation-agreement\/#primaryimage"},"thumbnailUrl":"https:\/\/www.monaco-tribune.com\/wp-content\/uploads\/2022\/02\/monaco-serbie-.jpeg","articleSection":["Editor&#039;s choice","News","Princely Family"],"inLanguage":"en-US","copyrightYear":"2022","copyrightHolder":{"@id":"https:\/\/www.monaco-tribune.com\/#organization"}},{"@type":"WebPage","@id":"https:\/\/www.monaco-tribune.com\/en\/2022\/02\/monaco-and-serbia-sign-new-cooperation-agreement\/","url":"https:\/\/www.monaco-tribune.com\/en\/2022\/02\/monaco-and-serbia-sign-new-cooperation-agreement\/","name":"Monaco and Serbia sign new cooperation agreement","isPartOf":{"@id":"https:\/\/www.monaco-tribune.com\/en\/#website"},"primaryImageOfPage":{"@id":"https:\/\/www.monaco-tribune.com\/en\/2022\/02\/monaco-and-serbia-sign-new-cooperation-agreement\/#primaryimage"},"image":{"@id":"https:\/\/www.monaco-tribune.com\/en\/2022\/02\/monaco-and-serbia-sign-new-cooperation-agreement\/#primaryimage"},"thumbnailUrl":"https:\/\/www.monaco-tribune.com\/wp-content\/uploads\/2022\/02\/monaco-serbie-.jpeg","datePublished":"2022-02-23T15:16:35+00:00","dateModified":"2022-02-24T19:44:12+00:00","description":"Prince Albert II welcomed the President of Serbia, Aleksandar Vu\u010di\u0107, to the Prince's Palace on Tuesday February 22. The purpose of the official visit was","breadcrumb":{"@id":"https:\/\/www.monaco-tribune.com\/en\/2022\/02\/monaco-and-serbia-sign-new-cooperation-agreement\/#breadcrumb"},"inLanguage":"en-US","potentialAction":[{"@type":"ReadAction","target":["https:\/\/www.monaco-tribune.com\/en\/2022\/02\/monaco-and-serbia-sign-new-cooperation-agreement\/"]}]},{"@type":"ImageObject","inLanguage":"en-US","@id":"https:\/\/www.monaco-tribune.com\/en\/2022\/02\/monaco-and-serbia-sign-new-cooperation-agreement\/#primaryimage","url":"https:\/\/www.monaco-tribune.com\/wp-content\/uploads\/2022\/02\/monaco-serbie-.jpeg","contentUrl":"https:\/\/www.monaco-tribune.com\/wp-content\/uploads\/2022\/02\/monaco-serbie-.jpeg","width":1020,"height":680,"caption":"Communication Department \/ St\u00e9phane Danna"},{"@type":"BreadcrumbList","@id":"https:\/\/www.monaco-tribune.com\/en\/2022\/02\/monaco-and-serbia-sign-new-cooperation-agreement\/#breadcrumb","itemListElement":[{"@type":"ListItem","position":1,"name":"Accueil","item":"https:\/\/www.monaco-tribune.com\/en\/"},{"@type":"ListItem","position":2,"name":"Monaco and Serbia sign new cooperation agreement"}]},{"@type":"WebSite","@id":"https:\/\/www.monaco-tribune.com\/en\/#website","url":"https:\/\/www.monaco-tribune.com\/en\/","name":"Monaco Tribune","description":"Monaco : actualit\u00e9s \u00e9conomiques, politiques, culturelles et sportives de Monaco et de la French Riviera.","publisher":{"@id":"https:\/\/www.monaco-tribune.com\/en\/#organization"},"potentialAction":[{"@type":"SearchAction","target":{"@type":"EntryPoint","urlTemplate":"https:\/\/www.monaco-tribune.com\/en\/?s={search_term_string}"},"query-input":{"@type":"PropertyValueSpecification","valueRequired":true,"valueName":"search_term_string"}}],"inLanguage":"en-US"},{"@type":"Organization","@id":"https:\/\/www.monaco-tribune.com\/en\/#organization","name":"Monaco Tribune","url":"https:\/\/www.monaco-tribune.com\/en\/","logo":{"@type":"ImageObject","inLanguage":"en-US","@id":"https:\/\/www.monaco-tribune.com\/en\/#\/schema\/logo\/image\/","url":"https:\/\/www.monaco-tribune.com\/wp-content\/uploads\/2022\/11\/logo-monaco-tribune.png","contentUrl":"https:\/\/www.monaco-tribune.com\/wp-content\/uploads\/2022\/11\/logo-monaco-tribune.png","width":1548,"height":600,"caption":"Monaco Tribune"},"image":{"@id":"https:\/\/www.monaco-tribune.com\/en\/#\/schema\/logo\/image\/"},"sameAs":["https:\/\/www.facebook.com\/MonacoTribune","https:\/\/x.com\/MonacoTribune","https:\/\/www.instagram.com\/monacotribune\/","https:\/\/www.linkedin.com\/company\/monaco-tribune","https:\/\/www.youtube.com\/channel\/UCHle1MnG6hw1y4lWKijVbMA"]},{"@type":"Person","@id":"https:\/\/www.monaco-tribune.com\/en\/#\/schema\/person\/74bfbad64aac6760e9f9b8ce1c6ff3d8","name":"J\u00e9r\u00f4me Vinette","image":{"@type":"ImageObject","inLanguage":"en-US","@id":"https:\/\/secure.gravatar.com\/avatar\/b38f1f0eb28fe6c73663325eaf1a900551ae51d1e9fa6071d1449489e9b7311e?s=96&d=mm&r=g","url":"https:\/\/secure.gravatar.com\/avatar\/b38f1f0eb28fe6c73663325eaf1a900551ae51d1e9fa6071d1449489e9b7311e?s=96&d=mm&r=g","contentUrl":"https:\/\/secure.gravatar.com\/avatar\/b38f1f0eb28fe6c73663325eaf1a900551ae51d1e9fa6071d1449489e9b7311e?s=96&d=mm&r=g","caption":"J\u00e9r\u00f4me Vinette"},"url":"https:\/\/www.monaco-tribune.com\/en\/author\/jeromevinette\/"}]}},"_links":{"self":[{"href":"https:\/\/www.monaco-tribune.com\/en\/wp-json\/wp\/v2\/posts\/111882","targetHints":{"allow":["GET"]}}],"collection":[{"href":"https:\/\/www.monaco-tribune.com\/en\/wp-json\/wp\/v2\/posts"}],"about":[{"href":"https:\/\/www.monaco-tribune.com\/en\/wp-json\/wp\/v2\/types\/post"}],"author":[{"embeddable":true,"href":"https:\/\/www.monaco-tribune.com\/en\/wp-json\/wp\/v2\/users\/63"}],"replies":[{"embeddable":true,"href":"https:\/\/www.monaco-tribune.com\/en\/wp-json\/wp\/v2\/comments?post=111882"}],"version-history":[{"count":0,"href":"https:\/\/www.monaco-tribune.com\/en\/wp-json\/wp\/v2\/posts\/111882\/revisions"}],"wp:featuredmedia":[{"embeddable":true,"href":"https:\/\/www.monaco-tribune.com\/en\/wp-json\/wp\/v2\/media\/111853"}],"wp:attachment":[{"href":"https:\/\/www.monaco-tribune.com\/en\/wp-json\/wp\/v2\/media?parent=111882"}],"wp:term":[{"taxonomy":"category","embeddable":true,"href":"https:\/\/www.monaco-tribune.com\/en\/wp-json\/wp\/v2\/categories?post=111882"},{"taxonomy":"post_tag","embeddable":true,"href":"https:\/\/www.monaco-tribune.com\/en\/wp-json\/wp\/v2\/tags?post=111882"},{"taxonomy":"sectag","embeddable":true,"href":"https:\/\/www.monaco-tribune.com\/en\/wp-json\/wp\/v2\/post_sectags?post=111882"},{"taxonomy":"format","embeddable":true,"href":"https:\/\/www.monaco-tribune.com\/en\/wp-json\/wp\/v2\/post_format?post=111882"}],"curies":[{"name":"wp","href":"https:\/\/api.w.org\/{rel}","templated":true}]}}