{"id":117454,"date":"2022-04-11T16:53:23","date_gmt":"2022-04-11T14:53:23","guid":{"rendered":"https:\/\/www.monaco-tribune.com\/2022\/04\/presidential-elections-2022-who-did-the-prinicipalitys-french-voters-pick-in-the-first-round\/"},"modified":"2022-04-11T16:53:24","modified_gmt":"2022-04-11T14:53:24","slug":"presidential-elections-2022-who-did-the-prinicipalitys-french-voters-pick-in-the-first-round","status":"publish","type":"post","link":"https:\/\/www.monaco-tribune.com\/en\/2022\/04\/presidential-elections-2022-who-did-the-prinicipalitys-french-voters-pick-in-the-first-round\/","title":{"rendered":"Presidential elections 2022: Who did the Prinicipality&#8217;s French voters pick in the first round?"},"content":{"rendered":"\n<p><strong>2,392 voters turned out at the polls out of 5,185 registered voters.<\/strong><\/p>\n\n<p>A turnout of barely 46%, almost ten points less than in 2017.  On Sunday 10 April, more than 2,000 French citizens living in Monaco expressed their opinion, even though there was a higher abstention rate than in the last presidential elections. But for whom did the majority of residents vote?<\/p>\n\n<p>The leading duo in Monaco will be the one to face off in the second round on April 24. Emmanuel Macron (LREM) came first with 789 votes, followed by Marine Le Pen (RN), with 568. But unlike in France, where the score was so close between the far right and far left that it almost changed at the last minute, Eric Zemmour (Reconqu\u00eate) came third with 426 votes.  <\/p>\n\n<p><strong>SEE ALSO: <a href=\"https:\/\/www.youtube.com\/watch?v=2vMQl7N2LJQ&amp;t=3s target=\" rel=\"noopener\">What do Monegasques think of the presidential elections in France?<\/a><\/strong><\/p>\n\n<p>The gap then widens, with the number 4, Jean-Luc M\u00e9lenchon (LFI), earning 157 votes. Val\u00e9rie P\u00e9cresse (LR) and Yannick Jadot (EELV) came close behind with 144 and 113 votes respectively. <\/p>\n\n<p>At the bottom of the list, as in France, we find Nicolas Dupont-Aignant (DLF, 72 votes), Jean Lassalle (R\u00e9sistons, 51 votes), Anne Hidalgo (PS, 17 votes), Fabrien Roussel (PCF, 15 votes), Philippe Poutou (NPA, 10 votes) and Nathalie Arthaud (LO, 4 votes).<\/p>\n","protected":false},"excerpt":{"rendered":"<p>2,392 voters turned out at the polls out of 5,185 registered voters. A turnout of barely 46%, almost ten points [&hellip;]<\/p>\n","protected":false},"author":60,"featured_media":117419,"comment_status":"closed","ping_status":"closed","sticky":false,"template":"","format":"standard","meta":{"_acf_changed":false,"footnotes":""},"categories":[243,258],"tags":[],"post_sectags":[],"post_format":[2465],"class_list":["post-117454","post","type-post","status-publish","format-standard","has-post-thumbnail","hentry","category-news","category-public-life","format-in-brief"],"acf":[],"yoast_head":"<!-- This site is optimized with the Yoast SEO Premium plugin v26.8 (Yoast SEO v27.5) - https:\/\/yoast.com\/product\/yoast-seo-premium-wordpress\/ -->\n<title>Presidential elections 2022: Who did the Prinicipality&#039;s French voters pick in the first round?<\/title>\n<meta name=\"description\" content=\"2,392 voters turned out at the polls out of 5,185 registered voters. A turnout of barely 46%, almost ten points less than in 2017. On Sunday 10 April,\" \/>\n<meta name=\"robots\" content=\"index, follow, max-snippet:-1, max-image-preview:large, max-video-preview:-1\" \/>\n<link rel=\"canonical\" href=\"https:\/\/www.monaco-tribune.com\/en\/2022\/04\/presidential-elections-2022-who-did-the-prinicipalitys-french-voters-pick-in-the-first-round\/\" \/>\n<meta property=\"og:locale\" content=\"en_US\" \/>\n<meta property=\"og:type\" content=\"article\" \/>\n<meta property=\"og:title\" content=\"Presidential elections 2022: Who did the Prinicipality&#039;s French voters pick in the first round? - Monaco Tribune\" \/>\n<meta property=\"og:description\" content=\"2,392 voters turned out at the polls out of 5,185 registered voters. A turnout of barely 46%, almost ten points less than in 2017. On Sunday 10 April,\" \/>\n<meta property=\"og:url\" content=\"https:\/\/www.monaco-tribune.com\/en\/2022\/04\/presidential-elections-2022-who-did-the-prinicipalitys-french-voters-pick-in-the-first-round\/\" \/>\n<meta property=\"og:site_name\" content=\"Monaco Tribune\" \/>\n<meta property=\"article:publisher\" content=\"https:\/\/www.facebook.com\/MonacoTribune\" \/>\n<meta property=\"article:published_time\" content=\"2022-04-11T14:53:23+00:00\" \/>\n<meta property=\"article:modified_time\" content=\"2022-04-11T14:53:24+00:00\" \/>\n<meta property=\"og:image\" content=\"https:\/\/www.monaco-tribune.com\/wp-content\/uploads\/2022\/04\/vote-presidentielles-france-monaco.jpeg\" \/>\n\t<meta property=\"og:image:width\" content=\"1020\" \/>\n\t<meta property=\"og:image:height\" content=\"478\" \/>\n\t<meta property=\"og:image:type\" content=\"image\/jpeg\" \/>\n<meta name=\"author\" content=\"Camille Esteve\" \/>\n<meta name=\"twitter:card\" content=\"summary_large_image\" \/>\n<meta name=\"twitter:creator\" content=\"@MonacoTribune\" \/>\n<meta name=\"twitter:site\" content=\"@MonacoTribune\" \/>\n<script type=\"application\/ld+json\" class=\"yoast-schema-graph\">{\"@context\":\"https:\\\/\\\/schema.org\",\"@graph\":[{\"@type\":\"NewsArticle\",\"@id\":\"https:\\\/\\\/www.monaco-tribune.com\\\/en\\\/2022\\\/04\\\/presidential-elections-2022-who-did-the-prinicipalitys-french-voters-pick-in-the-first-round\\\/#article\",\"isPartOf\":{\"@id\":\"https:\\\/\\\/www.monaco-tribune.com\\\/en\\\/2022\\\/04\\\/presidential-elections-2022-who-did-the-prinicipalitys-french-voters-pick-in-the-first-round\\\/\"},\"author\":{\"name\":\"Camille Esteve\",\"@id\":\"https:\\\/\\\/www.monaco-tribune.com\\\/en\\\/#\\\/schema\\\/person\\\/a855d420fff4d03637641d60b93ac62e\"},\"headline\":\"Presidential elections 2022: Who did the Prinicipality&#8217;s French voters pick in the first round?\",\"datePublished\":\"2022-04-11T14:53:23+00:00\",\"dateModified\":\"2022-04-11T14:53:24+00:00\",\"mainEntityOfPage\":{\"@id\":\"https:\\\/\\\/www.monaco-tribune.com\\\/en\\\/2022\\\/04\\\/presidential-elections-2022-who-did-the-prinicipalitys-french-voters-pick-in-the-first-round\\\/\"},\"wordCount\":213,\"publisher\":{\"@id\":\"https:\\\/\\\/www.monaco-tribune.com\\\/en\\\/#organization\"},\"image\":{\"@id\":\"https:\\\/\\\/www.monaco-tribune.com\\\/en\\\/2022\\\/04\\\/presidential-elections-2022-who-did-the-prinicipalitys-french-voters-pick-in-the-first-round\\\/#primaryimage\"},\"thumbnailUrl\":\"https:\\\/\\\/www.monaco-tribune.com\\\/wp-content\\\/uploads\\\/2022\\\/04\\\/vote-presidentielles-france-monaco.jpeg\",\"articleSection\":[\"News\",\"Society\"],\"inLanguage\":\"en-US\",\"copyrightYear\":\"2022\",\"copyrightHolder\":{\"@id\":\"https:\\\/\\\/www.monaco-tribune.com\\\/#organization\"}},{\"@type\":\"WebPage\",\"@id\":\"https:\\\/\\\/www.monaco-tribune.com\\\/en\\\/2022\\\/04\\\/presidential-elections-2022-who-did-the-prinicipalitys-french-voters-pick-in-the-first-round\\\/\",\"url\":\"https:\\\/\\\/www.monaco-tribune.com\\\/en\\\/2022\\\/04\\\/presidential-elections-2022-who-did-the-prinicipalitys-french-voters-pick-in-the-first-round\\\/\",\"name\":\"Presidential elections 2022: Who did the Prinicipality's French voters pick in the first round?\",\"isPartOf\":{\"@id\":\"https:\\\/\\\/www.monaco-tribune.com\\\/en\\\/#website\"},\"primaryImageOfPage\":{\"@id\":\"https:\\\/\\\/www.monaco-tribune.com\\\/en\\\/2022\\\/04\\\/presidential-elections-2022-who-did-the-prinicipalitys-french-voters-pick-in-the-first-round\\\/#primaryimage\"},\"image\":{\"@id\":\"https:\\\/\\\/www.monaco-tribune.com\\\/en\\\/2022\\\/04\\\/presidential-elections-2022-who-did-the-prinicipalitys-french-voters-pick-in-the-first-round\\\/#primaryimage\"},\"thumbnailUrl\":\"https:\\\/\\\/www.monaco-tribune.com\\\/wp-content\\\/uploads\\\/2022\\\/04\\\/vote-presidentielles-france-monaco.jpeg\",\"datePublished\":\"2022-04-11T14:53:23+00:00\",\"dateModified\":\"2022-04-11T14:53:24+00:00\",\"description\":\"2,392 voters turned out at the polls out of 5,185 registered voters. A turnout of barely 46%, almost ten points less than in 2017. On Sunday 10 April,\",\"breadcrumb\":{\"@id\":\"https:\\\/\\\/www.monaco-tribune.com\\\/en\\\/2022\\\/04\\\/presidential-elections-2022-who-did-the-prinicipalitys-french-voters-pick-in-the-first-round\\\/#breadcrumb\"},\"inLanguage\":\"en-US\",\"potentialAction\":[{\"@type\":\"ReadAction\",\"target\":[\"https:\\\/\\\/www.monaco-tribune.com\\\/en\\\/2022\\\/04\\\/presidential-elections-2022-who-did-the-prinicipalitys-french-voters-pick-in-the-first-round\\\/\"]}]},{\"@type\":\"ImageObject\",\"inLanguage\":\"en-US\",\"@id\":\"https:\\\/\\\/www.monaco-tribune.com\\\/en\\\/2022\\\/04\\\/presidential-elections-2022-who-did-the-prinicipalitys-french-voters-pick-in-the-first-round\\\/#primaryimage\",\"url\":\"https:\\\/\\\/www.monaco-tribune.com\\\/wp-content\\\/uploads\\\/2022\\\/04\\\/vote-presidentielles-france-monaco.jpeg\",\"contentUrl\":\"https:\\\/\\\/www.monaco-tribune.com\\\/wp-content\\\/uploads\\\/2022\\\/04\\\/vote-presidentielles-france-monaco.jpeg\",\"width\":1020,\"height\":478,\"caption\":\"French Home Office\"},{\"@type\":\"BreadcrumbList\",\"@id\":\"https:\\\/\\\/www.monaco-tribune.com\\\/en\\\/2022\\\/04\\\/presidential-elections-2022-who-did-the-prinicipalitys-french-voters-pick-in-the-first-round\\\/#breadcrumb\",\"itemListElement\":[{\"@type\":\"ListItem\",\"position\":1,\"name\":\"Accueil\",\"item\":\"https:\\\/\\\/www.monaco-tribune.com\\\/en\\\/\"},{\"@type\":\"ListItem\",\"position\":2,\"name\":\"Presidential elections 2022: Who did the Prinicipality&rsquo;s French voters pick in the first round?\"}]},{\"@type\":\"WebSite\",\"@id\":\"https:\\\/\\\/www.monaco-tribune.com\\\/en\\\/#website\",\"url\":\"https:\\\/\\\/www.monaco-tribune.com\\\/en\\\/\",\"name\":\"Monaco Tribune\",\"description\":\"Monaco : actualit\u00e9s \u00e9conomiques, politiques, culturelles et sportives de Monaco et de la French Riviera.\",\"publisher\":{\"@id\":\"https:\\\/\\\/www.monaco-tribune.com\\\/en\\\/#organization\"},\"potentialAction\":[{\"@type\":\"SearchAction\",\"target\":{\"@type\":\"EntryPoint\",\"urlTemplate\":\"https:\\\/\\\/www.monaco-tribune.com\\\/en\\\/?s={search_term_string}\"},\"query-input\":{\"@type\":\"PropertyValueSpecification\",\"valueRequired\":true,\"valueName\":\"search_term_string\"}}],\"inLanguage\":\"en-US\"},{\"@type\":\"Organization\",\"@id\":\"https:\\\/\\\/www.monaco-tribune.com\\\/en\\\/#organization\",\"name\":\"Monaco Tribune\",\"url\":\"https:\\\/\\\/www.monaco-tribune.com\\\/en\\\/\",\"logo\":{\"@type\":\"ImageObject\",\"inLanguage\":\"en-US\",\"@id\":\"https:\\\/\\\/www.monaco-tribune.com\\\/en\\\/#\\\/schema\\\/logo\\\/image\\\/\",\"url\":\"https:\\\/\\\/www.monaco-tribune.com\\\/wp-content\\\/uploads\\\/2022\\\/11\\\/logo-monaco-tribune.png\",\"contentUrl\":\"https:\\\/\\\/www.monaco-tribune.com\\\/wp-content\\\/uploads\\\/2022\\\/11\\\/logo-monaco-tribune.png\",\"width\":1548,\"height\":600,\"caption\":\"Monaco Tribune\"},\"image\":{\"@id\":\"https:\\\/\\\/www.monaco-tribune.com\\\/en\\\/#\\\/schema\\\/logo\\\/image\\\/\"},\"sameAs\":[\"https:\\\/\\\/www.facebook.com\\\/MonacoTribune\",\"https:\\\/\\\/x.com\\\/MonacoTribune\",\"https:\\\/\\\/www.instagram.com\\\/monacotribune\\\/\",\"https:\\\/\\\/www.linkedin.com\\\/company\\\/monaco-tribune\",\"https:\\\/\\\/www.youtube.com\\\/channel\\\/UCHle1MnG6hw1y4lWKijVbMA\"]},{\"@type\":\"Person\",\"@id\":\"https:\\\/\\\/www.monaco-tribune.com\\\/en\\\/#\\\/schema\\\/person\\\/a855d420fff4d03637641d60b93ac62e\",\"name\":\"Camille Esteve\",\"image\":{\"@type\":\"ImageObject\",\"inLanguage\":\"en-US\",\"@id\":\"https:\\\/\\\/secure.gravatar.com\\\/avatar\\\/eaaa2355a7bb56c0018a391c20a55bf9b4690e3f493231dd850e612bfa6ce161?s=96&d=mm&r=g\",\"url\":\"https:\\\/\\\/secure.gravatar.com\\\/avatar\\\/eaaa2355a7bb56c0018a391c20a55bf9b4690e3f493231dd850e612bfa6ce161?s=96&d=mm&r=g\",\"contentUrl\":\"https:\\\/\\\/secure.gravatar.com\\\/avatar\\\/eaaa2355a7bb56c0018a391c20a55bf9b4690e3f493231dd850e612bfa6ce161?s=96&d=mm&r=g\",\"caption\":\"Camille Esteve\"},\"url\":\"https:\\\/\\\/www.monaco-tribune.com\\\/en\\\/author\\\/camilleesteve\\\/\"}]}<\/script>\n<!-- \/ Yoast SEO Premium plugin. -->","yoast_head_json":{"title":"Presidential elections 2022: Who did the Prinicipality's French voters pick in the first round?","description":"2,392 voters turned out at the polls out of 5,185 registered voters. A turnout of barely 46%, almost ten points less than in 2017. On Sunday 10 April,","robots":{"index":"index","follow":"follow","max-snippet":"max-snippet:-1","max-image-preview":"max-image-preview:large","max-video-preview":"max-video-preview:-1"},"canonical":"https:\/\/www.monaco-tribune.com\/en\/2022\/04\/presidential-elections-2022-who-did-the-prinicipalitys-french-voters-pick-in-the-first-round\/","og_locale":"en_US","og_type":"article","og_title":"Presidential elections 2022: Who did the Prinicipality's French voters pick in the first round? - Monaco Tribune","og_description":"2,392 voters turned out at the polls out of 5,185 registered voters. A turnout of barely 46%, almost ten points less than in 2017. On Sunday 10 April,","og_url":"https:\/\/www.monaco-tribune.com\/en\/2022\/04\/presidential-elections-2022-who-did-the-prinicipalitys-french-voters-pick-in-the-first-round\/","og_site_name":"Monaco Tribune","article_publisher":"https:\/\/www.facebook.com\/MonacoTribune","article_published_time":"2022-04-11T14:53:23+00:00","article_modified_time":"2022-04-11T14:53:24+00:00","og_image":[{"width":1020,"height":478,"url":"https:\/\/www.monaco-tribune.com\/wp-content\/uploads\/2022\/04\/vote-presidentielles-france-monaco.jpeg","type":"image\/jpeg"}],"author":"Camille Esteve","twitter_card":"summary_large_image","twitter_creator":"@MonacoTribune","twitter_site":"@MonacoTribune","schema":{"@context":"https:\/\/schema.org","@graph":[{"@type":"NewsArticle","@id":"https:\/\/www.monaco-tribune.com\/en\/2022\/04\/presidential-elections-2022-who-did-the-prinicipalitys-french-voters-pick-in-the-first-round\/#article","isPartOf":{"@id":"https:\/\/www.monaco-tribune.com\/en\/2022\/04\/presidential-elections-2022-who-did-the-prinicipalitys-french-voters-pick-in-the-first-round\/"},"author":{"name":"Camille Esteve","@id":"https:\/\/www.monaco-tribune.com\/en\/#\/schema\/person\/a855d420fff4d03637641d60b93ac62e"},"headline":"Presidential elections 2022: Who did the Prinicipality&#8217;s French voters pick in the first round?","datePublished":"2022-04-11T14:53:23+00:00","dateModified":"2022-04-11T14:53:24+00:00","mainEntityOfPage":{"@id":"https:\/\/www.monaco-tribune.com\/en\/2022\/04\/presidential-elections-2022-who-did-the-prinicipalitys-french-voters-pick-in-the-first-round\/"},"wordCount":213,"publisher":{"@id":"https:\/\/www.monaco-tribune.com\/en\/#organization"},"image":{"@id":"https:\/\/www.monaco-tribune.com\/en\/2022\/04\/presidential-elections-2022-who-did-the-prinicipalitys-french-voters-pick-in-the-first-round\/#primaryimage"},"thumbnailUrl":"https:\/\/www.monaco-tribune.com\/wp-content\/uploads\/2022\/04\/vote-presidentielles-france-monaco.jpeg","articleSection":["News","Society"],"inLanguage":"en-US","copyrightYear":"2022","copyrightHolder":{"@id":"https:\/\/www.monaco-tribune.com\/#organization"}},{"@type":"WebPage","@id":"https:\/\/www.monaco-tribune.com\/en\/2022\/04\/presidential-elections-2022-who-did-the-prinicipalitys-french-voters-pick-in-the-first-round\/","url":"https:\/\/www.monaco-tribune.com\/en\/2022\/04\/presidential-elections-2022-who-did-the-prinicipalitys-french-voters-pick-in-the-first-round\/","name":"Presidential elections 2022: Who did the Prinicipality's French voters pick in the first round?","isPartOf":{"@id":"https:\/\/www.monaco-tribune.com\/en\/#website"},"primaryImageOfPage":{"@id":"https:\/\/www.monaco-tribune.com\/en\/2022\/04\/presidential-elections-2022-who-did-the-prinicipalitys-french-voters-pick-in-the-first-round\/#primaryimage"},"image":{"@id":"https:\/\/www.monaco-tribune.com\/en\/2022\/04\/presidential-elections-2022-who-did-the-prinicipalitys-french-voters-pick-in-the-first-round\/#primaryimage"},"thumbnailUrl":"https:\/\/www.monaco-tribune.com\/wp-content\/uploads\/2022\/04\/vote-presidentielles-france-monaco.jpeg","datePublished":"2022-04-11T14:53:23+00:00","dateModified":"2022-04-11T14:53:24+00:00","description":"2,392 voters turned out at the polls out of 5,185 registered voters. A turnout of barely 46%, almost ten points less than in 2017. On Sunday 10 April,","breadcrumb":{"@id":"https:\/\/www.monaco-tribune.com\/en\/2022\/04\/presidential-elections-2022-who-did-the-prinicipalitys-french-voters-pick-in-the-first-round\/#breadcrumb"},"inLanguage":"en-US","potentialAction":[{"@type":"ReadAction","target":["https:\/\/www.monaco-tribune.com\/en\/2022\/04\/presidential-elections-2022-who-did-the-prinicipalitys-french-voters-pick-in-the-first-round\/"]}]},{"@type":"ImageObject","inLanguage":"en-US","@id":"https:\/\/www.monaco-tribune.com\/en\/2022\/04\/presidential-elections-2022-who-did-the-prinicipalitys-french-voters-pick-in-the-first-round\/#primaryimage","url":"https:\/\/www.monaco-tribune.com\/wp-content\/uploads\/2022\/04\/vote-presidentielles-france-monaco.jpeg","contentUrl":"https:\/\/www.monaco-tribune.com\/wp-content\/uploads\/2022\/04\/vote-presidentielles-france-monaco.jpeg","width":1020,"height":478,"caption":"French Home Office"},{"@type":"BreadcrumbList","@id":"https:\/\/www.monaco-tribune.com\/en\/2022\/04\/presidential-elections-2022-who-did-the-prinicipalitys-french-voters-pick-in-the-first-round\/#breadcrumb","itemListElement":[{"@type":"ListItem","position":1,"name":"Accueil","item":"https:\/\/www.monaco-tribune.com\/en\/"},{"@type":"ListItem","position":2,"name":"Presidential elections 2022: Who did the Prinicipality&rsquo;s French voters pick in the first round?"}]},{"@type":"WebSite","@id":"https:\/\/www.monaco-tribune.com\/en\/#website","url":"https:\/\/www.monaco-tribune.com\/en\/","name":"Monaco Tribune","description":"Monaco : actualit\u00e9s \u00e9conomiques, politiques, culturelles et sportives de Monaco et de la French Riviera.","publisher":{"@id":"https:\/\/www.monaco-tribune.com\/en\/#organization"},"potentialAction":[{"@type":"SearchAction","target":{"@type":"EntryPoint","urlTemplate":"https:\/\/www.monaco-tribune.com\/en\/?s={search_term_string}"},"query-input":{"@type":"PropertyValueSpecification","valueRequired":true,"valueName":"search_term_string"}}],"inLanguage":"en-US"},{"@type":"Organization","@id":"https:\/\/www.monaco-tribune.com\/en\/#organization","name":"Monaco Tribune","url":"https:\/\/www.monaco-tribune.com\/en\/","logo":{"@type":"ImageObject","inLanguage":"en-US","@id":"https:\/\/www.monaco-tribune.com\/en\/#\/schema\/logo\/image\/","url":"https:\/\/www.monaco-tribune.com\/wp-content\/uploads\/2022\/11\/logo-monaco-tribune.png","contentUrl":"https:\/\/www.monaco-tribune.com\/wp-content\/uploads\/2022\/11\/logo-monaco-tribune.png","width":1548,"height":600,"caption":"Monaco Tribune"},"image":{"@id":"https:\/\/www.monaco-tribune.com\/en\/#\/schema\/logo\/image\/"},"sameAs":["https:\/\/www.facebook.com\/MonacoTribune","https:\/\/x.com\/MonacoTribune","https:\/\/www.instagram.com\/monacotribune\/","https:\/\/www.linkedin.com\/company\/monaco-tribune","https:\/\/www.youtube.com\/channel\/UCHle1MnG6hw1y4lWKijVbMA"]},{"@type":"Person","@id":"https:\/\/www.monaco-tribune.com\/en\/#\/schema\/person\/a855d420fff4d03637641d60b93ac62e","name":"Camille Esteve","image":{"@type":"ImageObject","inLanguage":"en-US","@id":"https:\/\/secure.gravatar.com\/avatar\/eaaa2355a7bb56c0018a391c20a55bf9b4690e3f493231dd850e612bfa6ce161?s=96&d=mm&r=g","url":"https:\/\/secure.gravatar.com\/avatar\/eaaa2355a7bb56c0018a391c20a55bf9b4690e3f493231dd850e612bfa6ce161?s=96&d=mm&r=g","contentUrl":"https:\/\/secure.gravatar.com\/avatar\/eaaa2355a7bb56c0018a391c20a55bf9b4690e3f493231dd850e612bfa6ce161?s=96&d=mm&r=g","caption":"Camille Esteve"},"url":"https:\/\/www.monaco-tribune.com\/en\/author\/camilleesteve\/"}]}},"_links":{"self":[{"href":"https:\/\/www.monaco-tribune.com\/en\/wp-json\/wp\/v2\/posts\/117454","targetHints":{"allow":["GET"]}}],"collection":[{"href":"https:\/\/www.monaco-tribune.com\/en\/wp-json\/wp\/v2\/posts"}],"about":[{"href":"https:\/\/www.monaco-tribune.com\/en\/wp-json\/wp\/v2\/types\/post"}],"author":[{"embeddable":true,"href":"https:\/\/www.monaco-tribune.com\/en\/wp-json\/wp\/v2\/users\/60"}],"replies":[{"embeddable":true,"href":"https:\/\/www.monaco-tribune.com\/en\/wp-json\/wp\/v2\/comments?post=117454"}],"version-history":[{"count":0,"href":"https:\/\/www.monaco-tribune.com\/en\/wp-json\/wp\/v2\/posts\/117454\/revisions"}],"wp:featuredmedia":[{"embeddable":true,"href":"https:\/\/www.monaco-tribune.com\/en\/wp-json\/wp\/v2\/media\/117419"}],"wp:attachment":[{"href":"https:\/\/www.monaco-tribune.com\/en\/wp-json\/wp\/v2\/media?parent=117454"}],"wp:term":[{"taxonomy":"category","embeddable":true,"href":"https:\/\/www.monaco-tribune.com\/en\/wp-json\/wp\/v2\/categories?post=117454"},{"taxonomy":"post_tag","embeddable":true,"href":"https:\/\/www.monaco-tribune.com\/en\/wp-json\/wp\/v2\/tags?post=117454"},{"taxonomy":"sectag","embeddable":true,"href":"https:\/\/www.monaco-tribune.com\/en\/wp-json\/wp\/v2\/post_sectags?post=117454"},{"taxonomy":"format","embeddable":true,"href":"https:\/\/www.monaco-tribune.com\/en\/wp-json\/wp\/v2\/post_format?post=117454"}],"curies":[{"name":"wp","href":"https:\/\/api.w.org\/{rel}","templated":true}]}}