{"id":122186,"date":"2022-05-16T11:52:37","date_gmt":"2022-05-16T09:52:37","guid":{"rendered":"https:\/\/www.monaco-tribune.com\/2022\/05\/taste-test-elsa-at-the-monte-carlo-beach\/"},"modified":"2022-05-16T12:02:43","modified_gmt":"2022-05-16T10:02:43","slug":"taste-test-elsa-at-the-monte-carlo-beach","status":"publish","type":"post","link":"https:\/\/www.monaco-tribune.com\/en\/2022\/05\/taste-test-elsa-at-the-monte-carlo-beach\/","title":{"rendered":"TASTE TEST: Elsa, at the Monte-Carlo Beach"},"content":{"rendered":"\n<p><strong>Chef M\u00e9lanie Serre has taken over the reins of this beautiful establishment, run by the Soci\u00e9t\u00e9 des Bains de Mer.<\/strong><\/p>\n\n\n\n<div class=\"wp-block-image\"><figure class=\"alignright size-large is-resized\"><img loading=\"lazy\" decoding=\"async\" src=\"https:\/\/www.monaco-tribune.com\/wp-content\/uploads\/2022\/05\/melanie-serre-elsa-682x1024.jpeg\" alt=\"melanie-serre-elsa\" class=\"wp-image-121838\" width=\"341\" height=\"512\" srcset=\"https:\/\/www.monaco-tribune.com\/wp-content\/uploads\/2022\/05\/melanie-serre-elsa-682x1024.jpeg 682w, https:\/\/www.monaco-tribune.com\/wp-content\/uploads\/2022\/05\/melanie-serre-elsa-200x300.jpeg 200w, https:\/\/www.monaco-tribune.com\/wp-content\/uploads\/2022\/05\/melanie-serre-elsa.jpeg 1020w\" sizes=\"auto, (max-width: 341px) 100vw, 341px\" \/><figcaption>M\u00e9lanie Serre \u00a9 Monte-Carlo SBM<\/figcaption><\/figure><\/div>\n\n\n\n<p>Take fresh, organic, local and seasonal produce, add a pinch of creativity, sprinkle with a breathtaking view of the sea, and you have the recipe for Elsa, the Monte-Carlo Beach restaurant, whose kitchen is now expertly managed by chef M\u00e9lanie Serre.<\/p>\n\n\n\n<p>However, the young woman was not originally destined for a career in the kitchen, even if cooking was never far away: &#8220;After a scientific baccalaureate, I went on to study for a degree in hotel and restaurant management, because during my adolescence I worked for my uncle, who was a catering chef. Every Saturday, I would be doing weddings while my friends were out partying. I loved that wedding mood, where people were happy and everything went well.&#8221;<\/p>\n\n\n\n<p>&#8220;After graduating from high school, I thought I wanted to go in that direction, but I didn&#8217;t want to do the cooking: I wanted to go into management. I even remember that I said for the school entrance interview: &#8216;One day, I will have a hotel on each continent.&#8217; &#8220;<\/p>\n\n\n\n<p>Several internships with renowned caterers later, M\u00e9lanie Serre&#8217;s project has changed but her ambition remains intact. When she first arrived in Monaco in 2011, she joined the staff at Jo\u00ebl Robuchon and Christophe Cussac&#8217;s M\u00e9tropole. At the request of Jo\u00ebl Robuchon, she took care of his Atelier in Paris four years later, before opening her own restaurant in the capital, which she still manages today with her partner. <\/p>\n\n\n\n<h2 class=\"wp-block-heading\" id=\"h-une-cuisine-100-biologique\">100% organic cuisine<\/h2>\n\n\n\n<p>So now she has a whole new challenge: taking care of two establishments, one in Paris, the other in Roquebrune-Cap-Martin. Once the excitement died down, we needed to get organised. And, above all, commit fully to organic food, her trademark. &#8220;It&#8217;s a real challenge: you are dependent on nature, on the seasons, on what you&#8217;re going to be given. It&#8217;s hard when you have a restaurant, with a set menu. For example, today, I have rhubarb for dessert, but maybe next week there will be no more rhubarb. <\/p>\n\n\n\n<p><strong>LIRE AUSSI : <a href=\"https:\/\/www.monaco-tribune.com\/en\/2022\/04\/taste-test-pavyllon-yannick-allenos-new-monaco-restaurant\/\">Taste test: Pavyllon, Yannick All\u00e9no\u2019s new Monaco restaurant<\/a><\/strong><\/p>\n\n\n\n<div class=\"wp-block-image\"><figure class=\"aligncenter size-full\"><img loading=\"lazy\" decoding=\"async\" width=\"1020\" height=\"681\" src=\"https:\/\/www.monaco-tribune.com\/wp-content\/uploads\/2022\/05\/elsa-restaurant.jpeg\" alt=\"elsa-restaurant\" class=\"wp-image-121834\" srcset=\"https:\/\/www.monaco-tribune.com\/wp-content\/uploads\/2022\/05\/elsa-restaurant.jpeg 1020w, https:\/\/www.monaco-tribune.com\/wp-content\/uploads\/2022\/05\/elsa-restaurant-449x300.jpeg 449w\" sizes=\"auto, (max-width: 1020px) 100vw, 1020px\" \/><figcaption><em>\u00a9 Monte-Carlo SBM<\/em><\/figcaption><\/figure><\/div>\n\n\n\n<p>&#8220;You have to be able to adapt, to change quite quickly, sometimes. It&#8217;s even trickier for organic than for seasonal products. Plus, there isn&#8217;t an organic version for certain products, such as sat\u00e9, an Asian spice. I absolutely wanted to make a sat\u00e9 sabayon to go with asparagus, but organic sat\u00e9 doesn&#8217;t exist, so I had to learn how to make sat\u00e9. I also learned how to make &#8216;brick&#8217; pastry!&#8221;<\/p>\n\n\n\n<div class=\"wp-block-image\"><figure class=\"aligncenter size-full\"><img loading=\"lazy\" decoding=\"async\" width=\"1020\" height=\"681\" src=\"https:\/\/www.monaco-tribune.com\/wp-content\/uploads\/2022\/05\/rouget-plat-elsa.jpeg\" alt=\"rouget-plat-elsa\" class=\"wp-image-121846\" srcset=\"https:\/\/www.monaco-tribune.com\/wp-content\/uploads\/2022\/05\/rouget-plat-elsa.jpeg 1020w, https:\/\/www.monaco-tribune.com\/wp-content\/uploads\/2022\/05\/rouget-plat-elsa-449x300.jpeg 449w\" sizes=\"auto, (max-width: 1020px) 100vw, 1020px\" \/><figcaption><em>Filleted Mediterranean red mullet, potato gnocchi, peppery baby rocket and black garlic condiment &#8211; \u00a9 Monte-Carlo SBM<\/em><\/figcaption><\/figure><\/div>\n\n\n\n<p>Along with the organic approach, M\u00e9lanie Serre&#8217;s aim is to provide a menu that is based on healthy foods, without being bland.<\/p>\n\n\n\n<p>&#8220;You always need to seek out the best product from the best supplier. I need to have a feeling with the person I&#8217;m going to work with, to see how they work, to bring out the best in the product.  But the most important thing is cuisine that has taste, with chilli, pepper&#8230;  A spicy cuisine, with character.&#8221;<\/p>\n\n\n\n<p><strong>SEE ALSO: <\/strong><a href=\"https:\/\/www.monaco-tribune.com\/en\/2022\/04\/taste-test-em-sherif-a-culinary-journey-to-lebanon\/\"><b>Taste test: Em Sherif, a culinary journey to Lebanon<\/b><\/a><\/p>\n\n\n\n<h2 class=\"wp-block-heading\" id=\"h-notre-avis\">Our opinion<\/h2>\n\n\n\n<p>And it would be an understatement to say that the gamble has paid off! With light and healthy dishes, and lots of flavour! We particularly recommend the carrot with cumin, carrot top pesto and chilled orange and ginger jus, which appeals as much because its presentation as because of its incomparable flavours!<\/p>\n\n\n\n<div class=\"wp-block-image\"><figure class=\"aligncenter size-full\"><img loading=\"lazy\" decoding=\"async\" width=\"1020\" height=\"681\" src=\"https:\/\/www.monaco-tribune.com\/wp-content\/uploads\/2022\/05\/plat-carotte-elsa.jpeg\" alt=\"plat-carotte-elsa\" class=\"wp-image-121842\" srcset=\"https:\/\/www.monaco-tribune.com\/wp-content\/uploads\/2022\/05\/plat-carotte-elsa.jpeg 1020w, https:\/\/www.monaco-tribune.com\/wp-content\/uploads\/2022\/05\/plat-carotte-elsa-449x300.jpeg 449w\" sizes=\"auto, (max-width: 1020px) 100vw, 1020px\" \/><figcaption><em>\u00a9 Monte-Carlo SBM<\/em><\/figcaption><\/figure><\/div>\n\n\n\n<p>The desserts add a touch of lightness and freshness, especially welcome in summer. What&#8217;s more the magnificent sunny terrace, offering a beautiful view of the Mediterranean, gives the impression of already being on holiday. <\/p>\n\n\n\n<p>An absolute must-try before October 2, 2022, when the season ends.<\/p>\n\n\n\n<p><em>Practical details: <\/em><\/p>\n\n\n\n<ul class=\"wp-block-list\"><li>Open for lunch and dinner from Wednesday to Sunday.<\/li><li>Lunch from 12:30 to 14:30. Dinner from 19:30 to 22:30.<\/li><li>Lunch: starter \/ main course \/ dessert 68\u20ac on weekdays, 88\u20ac on weekends and holidays<\/li><li>Five course tasting menu: 138 \u20ac<\/li><\/ul>\n","protected":false},"excerpt":{"rendered":"<p>Chef M\u00e9lanie Serre has taken over the reins of this beautiful establishment, run by the Soci\u00e9t\u00e9 des Bains de Mer. [&hellip;]<\/p>\n","protected":false},"author":60,"featured_media":121830,"comment_status":"closed","ping_status":"closed","sticky":false,"template":"","format":"standard","meta":{"_acf_changed":false,"footnotes":""},"categories":[1825,243,251],"tags":[2861],"post_sectags":[],"post_format":[2466],"class_list":["post-122186","post","type-post","status-publish","format-standard","has-post-thumbnail","hentry","category-editors-choice","category-news","category-whats-on","tag-eating-out","format-review"],"acf":[],"yoast_head":"<!-- This site is optimized with the Yoast SEO Premium plugin v26.8 (Yoast SEO v27.4) - https:\/\/yoast.com\/product\/yoast-seo-premium-wordpress\/ -->\n<title>TASTE TEST: Elsa, at the Monte-Carlo Beach<\/title>\n<meta name=\"description\" content=\"Chef M\u00e9lanie Serre has taken over the reins of this beautiful establishment, run by the Soci\u00e9t\u00e9 des Bains de Mer. M\u00e9lanie Serre \u00a9 Monte-Carlo SBM Take\" \/>\n<meta name=\"robots\" content=\"index, follow, max-snippet:-1, max-image-preview:large, max-video-preview:-1\" \/>\n<link rel=\"canonical\" href=\"https:\/\/www.monaco-tribune.com\/en\/2022\/05\/taste-test-elsa-at-the-monte-carlo-beach\/\" \/>\n<meta property=\"og:locale\" content=\"en_US\" \/>\n<meta property=\"og:type\" content=\"article\" \/>\n<meta property=\"og:title\" content=\"TASTE TEST: Elsa, at the Monte-Carlo Beach - Monaco Tribune\" \/>\n<meta property=\"og:description\" content=\"Chef M\u00e9lanie Serre has taken over the reins of this beautiful establishment, run by the Soci\u00e9t\u00e9 des Bains de Mer. M\u00e9lanie Serre \u00a9 Monte-Carlo SBM Take\" \/>\n<meta property=\"og:url\" content=\"https:\/\/www.monaco-tribune.com\/en\/2022\/05\/taste-test-elsa-at-the-monte-carlo-beach\/\" \/>\n<meta property=\"og:site_name\" content=\"Monaco Tribune\" \/>\n<meta property=\"article:publisher\" content=\"https:\/\/www.facebook.com\/MonacoTribune\" \/>\n<meta property=\"article:published_time\" content=\"2022-05-16T09:52:37+00:00\" \/>\n<meta property=\"article:modified_time\" content=\"2022-05-16T10:02:43+00:00\" \/>\n<meta property=\"og:image\" content=\"https:\/\/www.monaco-tribune.com\/wp-content\/uploads\/2022\/05\/elsa-restaurant-monte-carlo-beach.jpeg\" \/>\n\t<meta property=\"og:image:width\" content=\"1020\" \/>\n\t<meta property=\"og:image:height\" content=\"680\" \/>\n\t<meta property=\"og:image:type\" content=\"image\/jpeg\" \/>\n<meta name=\"author\" content=\"Camille Esteve\" \/>\n<meta name=\"twitter:card\" content=\"summary_large_image\" \/>\n<meta name=\"twitter:creator\" content=\"@MonacoTribune\" \/>\n<meta name=\"twitter:site\" content=\"@MonacoTribune\" \/>\n<script type=\"application\/ld+json\" class=\"yoast-schema-graph\">{\"@context\":\"https:\\\/\\\/schema.org\",\"@graph\":[{\"@type\":\"NewsArticle\",\"@id\":\"https:\\\/\\\/www.monaco-tribune.com\\\/en\\\/2022\\\/05\\\/taste-test-elsa-at-the-monte-carlo-beach\\\/#article\",\"isPartOf\":{\"@id\":\"https:\\\/\\\/www.monaco-tribune.com\\\/en\\\/2022\\\/05\\\/taste-test-elsa-at-the-monte-carlo-beach\\\/\"},\"author\":{\"name\":\"Camille Esteve\",\"@id\":\"https:\\\/\\\/www.monaco-tribune.com\\\/en\\\/#\\\/schema\\\/person\\\/a855d420fff4d03637641d60b93ac62e\"},\"headline\":\"TASTE TEST: Elsa, at the Monte-Carlo Beach\",\"datePublished\":\"2022-05-16T09:52:37+00:00\",\"dateModified\":\"2022-05-16T10:02:43+00:00\",\"mainEntityOfPage\":{\"@id\":\"https:\\\/\\\/www.monaco-tribune.com\\\/en\\\/2022\\\/05\\\/taste-test-elsa-at-the-monte-carlo-beach\\\/\"},\"wordCount\":699,\"publisher\":{\"@id\":\"https:\\\/\\\/www.monaco-tribune.com\\\/en\\\/#organization\"},\"image\":{\"@id\":\"https:\\\/\\\/www.monaco-tribune.com\\\/en\\\/2022\\\/05\\\/taste-test-elsa-at-the-monte-carlo-beach\\\/#primaryimage\"},\"thumbnailUrl\":\"https:\\\/\\\/www.monaco-tribune.com\\\/wp-content\\\/uploads\\\/2022\\\/05\\\/elsa-restaurant-monte-carlo-beach.jpeg\",\"keywords\":[\"Eating out\"],\"articleSection\":[\"Editor&#039;s choice\",\"News\",\"What&#039;s on\"],\"inLanguage\":\"en-US\",\"copyrightYear\":\"2022\",\"copyrightHolder\":{\"@id\":\"https:\\\/\\\/www.monaco-tribune.com\\\/#organization\"}},{\"@type\":\"WebPage\",\"@id\":\"https:\\\/\\\/www.monaco-tribune.com\\\/en\\\/2022\\\/05\\\/taste-test-elsa-at-the-monte-carlo-beach\\\/\",\"url\":\"https:\\\/\\\/www.monaco-tribune.com\\\/en\\\/2022\\\/05\\\/taste-test-elsa-at-the-monte-carlo-beach\\\/\",\"name\":\"TASTE TEST: Elsa, at the Monte-Carlo Beach\",\"isPartOf\":{\"@id\":\"https:\\\/\\\/www.monaco-tribune.com\\\/en\\\/#website\"},\"primaryImageOfPage\":{\"@id\":\"https:\\\/\\\/www.monaco-tribune.com\\\/en\\\/2022\\\/05\\\/taste-test-elsa-at-the-monte-carlo-beach\\\/#primaryimage\"},\"image\":{\"@id\":\"https:\\\/\\\/www.monaco-tribune.com\\\/en\\\/2022\\\/05\\\/taste-test-elsa-at-the-monte-carlo-beach\\\/#primaryimage\"},\"thumbnailUrl\":\"https:\\\/\\\/www.monaco-tribune.com\\\/wp-content\\\/uploads\\\/2022\\\/05\\\/elsa-restaurant-monte-carlo-beach.jpeg\",\"datePublished\":\"2022-05-16T09:52:37+00:00\",\"dateModified\":\"2022-05-16T10:02:43+00:00\",\"description\":\"Chef M\u00e9lanie Serre has taken over the reins of this beautiful establishment, run by the Soci\u00e9t\u00e9 des Bains de Mer. M\u00e9lanie Serre \u00a9 Monte-Carlo SBM Take\",\"breadcrumb\":{\"@id\":\"https:\\\/\\\/www.monaco-tribune.com\\\/en\\\/2022\\\/05\\\/taste-test-elsa-at-the-monte-carlo-beach\\\/#breadcrumb\"},\"inLanguage\":\"en-US\",\"potentialAction\":[{\"@type\":\"ReadAction\",\"target\":[\"https:\\\/\\\/www.monaco-tribune.com\\\/en\\\/2022\\\/05\\\/taste-test-elsa-at-the-monte-carlo-beach\\\/\"]}]},{\"@type\":\"ImageObject\",\"inLanguage\":\"en-US\",\"@id\":\"https:\\\/\\\/www.monaco-tribune.com\\\/en\\\/2022\\\/05\\\/taste-test-elsa-at-the-monte-carlo-beach\\\/#primaryimage\",\"url\":\"https:\\\/\\\/www.monaco-tribune.com\\\/wp-content\\\/uploads\\\/2022\\\/05\\\/elsa-restaurant-monte-carlo-beach.jpeg\",\"contentUrl\":\"https:\\\/\\\/www.monaco-tribune.com\\\/wp-content\\\/uploads\\\/2022\\\/05\\\/elsa-restaurant-monte-carlo-beach.jpeg\",\"width\":1020,\"height\":680,\"caption\":\"Monte-Carlo SBM\"},{\"@type\":\"BreadcrumbList\",\"@id\":\"https:\\\/\\\/www.monaco-tribune.com\\\/en\\\/2022\\\/05\\\/taste-test-elsa-at-the-monte-carlo-beach\\\/#breadcrumb\",\"itemListElement\":[{\"@type\":\"ListItem\",\"position\":1,\"name\":\"Accueil\",\"item\":\"https:\\\/\\\/www.monaco-tribune.com\\\/en\\\/\"},{\"@type\":\"ListItem\",\"position\":2,\"name\":\"TASTE TEST: Elsa, at the Monte-Carlo Beach\"}]},{\"@type\":\"WebSite\",\"@id\":\"https:\\\/\\\/www.monaco-tribune.com\\\/en\\\/#website\",\"url\":\"https:\\\/\\\/www.monaco-tribune.com\\\/en\\\/\",\"name\":\"Monaco Tribune\",\"description\":\"Monaco : actualit\u00e9s \u00e9conomiques, politiques, culturelles et sportives de Monaco et de la French Riviera.\",\"publisher\":{\"@id\":\"https:\\\/\\\/www.monaco-tribune.com\\\/en\\\/#organization\"},\"potentialAction\":[{\"@type\":\"SearchAction\",\"target\":{\"@type\":\"EntryPoint\",\"urlTemplate\":\"https:\\\/\\\/www.monaco-tribune.com\\\/en\\\/?s={search_term_string}\"},\"query-input\":{\"@type\":\"PropertyValueSpecification\",\"valueRequired\":true,\"valueName\":\"search_term_string\"}}],\"inLanguage\":\"en-US\"},{\"@type\":\"Organization\",\"@id\":\"https:\\\/\\\/www.monaco-tribune.com\\\/en\\\/#organization\",\"name\":\"Monaco Tribune\",\"url\":\"https:\\\/\\\/www.monaco-tribune.com\\\/en\\\/\",\"logo\":{\"@type\":\"ImageObject\",\"inLanguage\":\"en-US\",\"@id\":\"https:\\\/\\\/www.monaco-tribune.com\\\/en\\\/#\\\/schema\\\/logo\\\/image\\\/\",\"url\":\"https:\\\/\\\/www.monaco-tribune.com\\\/wp-content\\\/uploads\\\/2022\\\/11\\\/logo-monaco-tribune.png\",\"contentUrl\":\"https:\\\/\\\/www.monaco-tribune.com\\\/wp-content\\\/uploads\\\/2022\\\/11\\\/logo-monaco-tribune.png\",\"width\":1548,\"height\":600,\"caption\":\"Monaco Tribune\"},\"image\":{\"@id\":\"https:\\\/\\\/www.monaco-tribune.com\\\/en\\\/#\\\/schema\\\/logo\\\/image\\\/\"},\"sameAs\":[\"https:\\\/\\\/www.facebook.com\\\/MonacoTribune\",\"https:\\\/\\\/x.com\\\/MonacoTribune\",\"https:\\\/\\\/www.instagram.com\\\/monacotribune\\\/\",\"https:\\\/\\\/www.linkedin.com\\\/company\\\/monaco-tribune\",\"https:\\\/\\\/www.youtube.com\\\/channel\\\/UCHle1MnG6hw1y4lWKijVbMA\"]},{\"@type\":\"Person\",\"@id\":\"https:\\\/\\\/www.monaco-tribune.com\\\/en\\\/#\\\/schema\\\/person\\\/a855d420fff4d03637641d60b93ac62e\",\"name\":\"Camille Esteve\",\"image\":{\"@type\":\"ImageObject\",\"inLanguage\":\"en-US\",\"@id\":\"https:\\\/\\\/secure.gravatar.com\\\/avatar\\\/eaaa2355a7bb56c0018a391c20a55bf9b4690e3f493231dd850e612bfa6ce161?s=96&d=mm&r=g\",\"url\":\"https:\\\/\\\/secure.gravatar.com\\\/avatar\\\/eaaa2355a7bb56c0018a391c20a55bf9b4690e3f493231dd850e612bfa6ce161?s=96&d=mm&r=g\",\"contentUrl\":\"https:\\\/\\\/secure.gravatar.com\\\/avatar\\\/eaaa2355a7bb56c0018a391c20a55bf9b4690e3f493231dd850e612bfa6ce161?s=96&d=mm&r=g\",\"caption\":\"Camille Esteve\"},\"url\":\"https:\\\/\\\/www.monaco-tribune.com\\\/en\\\/author\\\/camilleesteve\\\/\"}]}<\/script>\n<!-- \/ Yoast SEO Premium plugin. -->","yoast_head_json":{"title":"TASTE TEST: Elsa, at the Monte-Carlo Beach","description":"Chef M\u00e9lanie Serre has taken over the reins of this beautiful establishment, run by the Soci\u00e9t\u00e9 des Bains de Mer. M\u00e9lanie Serre \u00a9 Monte-Carlo SBM Take","robots":{"index":"index","follow":"follow","max-snippet":"max-snippet:-1","max-image-preview":"max-image-preview:large","max-video-preview":"max-video-preview:-1"},"canonical":"https:\/\/www.monaco-tribune.com\/en\/2022\/05\/taste-test-elsa-at-the-monte-carlo-beach\/","og_locale":"en_US","og_type":"article","og_title":"TASTE TEST: Elsa, at the Monte-Carlo Beach - Monaco Tribune","og_description":"Chef M\u00e9lanie Serre has taken over the reins of this beautiful establishment, run by the Soci\u00e9t\u00e9 des Bains de Mer. M\u00e9lanie Serre \u00a9 Monte-Carlo SBM Take","og_url":"https:\/\/www.monaco-tribune.com\/en\/2022\/05\/taste-test-elsa-at-the-monte-carlo-beach\/","og_site_name":"Monaco Tribune","article_publisher":"https:\/\/www.facebook.com\/MonacoTribune","article_published_time":"2022-05-16T09:52:37+00:00","article_modified_time":"2022-05-16T10:02:43+00:00","og_image":[{"width":1020,"height":680,"url":"https:\/\/www.monaco-tribune.com\/wp-content\/uploads\/2022\/05\/elsa-restaurant-monte-carlo-beach.jpeg","type":"image\/jpeg"}],"author":"Camille Esteve","twitter_card":"summary_large_image","twitter_creator":"@MonacoTribune","twitter_site":"@MonacoTribune","schema":{"@context":"https:\/\/schema.org","@graph":[{"@type":"NewsArticle","@id":"https:\/\/www.monaco-tribune.com\/en\/2022\/05\/taste-test-elsa-at-the-monte-carlo-beach\/#article","isPartOf":{"@id":"https:\/\/www.monaco-tribune.com\/en\/2022\/05\/taste-test-elsa-at-the-monte-carlo-beach\/"},"author":{"name":"Camille Esteve","@id":"https:\/\/www.monaco-tribune.com\/en\/#\/schema\/person\/a855d420fff4d03637641d60b93ac62e"},"headline":"TASTE TEST: Elsa, at the Monte-Carlo Beach","datePublished":"2022-05-16T09:52:37+00:00","dateModified":"2022-05-16T10:02:43+00:00","mainEntityOfPage":{"@id":"https:\/\/www.monaco-tribune.com\/en\/2022\/05\/taste-test-elsa-at-the-monte-carlo-beach\/"},"wordCount":699,"publisher":{"@id":"https:\/\/www.monaco-tribune.com\/en\/#organization"},"image":{"@id":"https:\/\/www.monaco-tribune.com\/en\/2022\/05\/taste-test-elsa-at-the-monte-carlo-beach\/#primaryimage"},"thumbnailUrl":"https:\/\/www.monaco-tribune.com\/wp-content\/uploads\/2022\/05\/elsa-restaurant-monte-carlo-beach.jpeg","keywords":["Eating out"],"articleSection":["Editor&#039;s choice","News","What&#039;s on"],"inLanguage":"en-US","copyrightYear":"2022","copyrightHolder":{"@id":"https:\/\/www.monaco-tribune.com\/#organization"}},{"@type":"WebPage","@id":"https:\/\/www.monaco-tribune.com\/en\/2022\/05\/taste-test-elsa-at-the-monte-carlo-beach\/","url":"https:\/\/www.monaco-tribune.com\/en\/2022\/05\/taste-test-elsa-at-the-monte-carlo-beach\/","name":"TASTE TEST: Elsa, at the Monte-Carlo Beach","isPartOf":{"@id":"https:\/\/www.monaco-tribune.com\/en\/#website"},"primaryImageOfPage":{"@id":"https:\/\/www.monaco-tribune.com\/en\/2022\/05\/taste-test-elsa-at-the-monte-carlo-beach\/#primaryimage"},"image":{"@id":"https:\/\/www.monaco-tribune.com\/en\/2022\/05\/taste-test-elsa-at-the-monte-carlo-beach\/#primaryimage"},"thumbnailUrl":"https:\/\/www.monaco-tribune.com\/wp-content\/uploads\/2022\/05\/elsa-restaurant-monte-carlo-beach.jpeg","datePublished":"2022-05-16T09:52:37+00:00","dateModified":"2022-05-16T10:02:43+00:00","description":"Chef M\u00e9lanie Serre has taken over the reins of this beautiful establishment, run by the Soci\u00e9t\u00e9 des Bains de Mer. M\u00e9lanie Serre \u00a9 Monte-Carlo SBM Take","breadcrumb":{"@id":"https:\/\/www.monaco-tribune.com\/en\/2022\/05\/taste-test-elsa-at-the-monte-carlo-beach\/#breadcrumb"},"inLanguage":"en-US","potentialAction":[{"@type":"ReadAction","target":["https:\/\/www.monaco-tribune.com\/en\/2022\/05\/taste-test-elsa-at-the-monte-carlo-beach\/"]}]},{"@type":"ImageObject","inLanguage":"en-US","@id":"https:\/\/www.monaco-tribune.com\/en\/2022\/05\/taste-test-elsa-at-the-monte-carlo-beach\/#primaryimage","url":"https:\/\/www.monaco-tribune.com\/wp-content\/uploads\/2022\/05\/elsa-restaurant-monte-carlo-beach.jpeg","contentUrl":"https:\/\/www.monaco-tribune.com\/wp-content\/uploads\/2022\/05\/elsa-restaurant-monte-carlo-beach.jpeg","width":1020,"height":680,"caption":"Monte-Carlo SBM"},{"@type":"BreadcrumbList","@id":"https:\/\/www.monaco-tribune.com\/en\/2022\/05\/taste-test-elsa-at-the-monte-carlo-beach\/#breadcrumb","itemListElement":[{"@type":"ListItem","position":1,"name":"Accueil","item":"https:\/\/www.monaco-tribune.com\/en\/"},{"@type":"ListItem","position":2,"name":"TASTE TEST: Elsa, at the Monte-Carlo Beach"}]},{"@type":"WebSite","@id":"https:\/\/www.monaco-tribune.com\/en\/#website","url":"https:\/\/www.monaco-tribune.com\/en\/","name":"Monaco Tribune","description":"Monaco : actualit\u00e9s \u00e9conomiques, politiques, culturelles et sportives de Monaco et de la French Riviera.","publisher":{"@id":"https:\/\/www.monaco-tribune.com\/en\/#organization"},"potentialAction":[{"@type":"SearchAction","target":{"@type":"EntryPoint","urlTemplate":"https:\/\/www.monaco-tribune.com\/en\/?s={search_term_string}"},"query-input":{"@type":"PropertyValueSpecification","valueRequired":true,"valueName":"search_term_string"}}],"inLanguage":"en-US"},{"@type":"Organization","@id":"https:\/\/www.monaco-tribune.com\/en\/#organization","name":"Monaco Tribune","url":"https:\/\/www.monaco-tribune.com\/en\/","logo":{"@type":"ImageObject","inLanguage":"en-US","@id":"https:\/\/www.monaco-tribune.com\/en\/#\/schema\/logo\/image\/","url":"https:\/\/www.monaco-tribune.com\/wp-content\/uploads\/2022\/11\/logo-monaco-tribune.png","contentUrl":"https:\/\/www.monaco-tribune.com\/wp-content\/uploads\/2022\/11\/logo-monaco-tribune.png","width":1548,"height":600,"caption":"Monaco Tribune"},"image":{"@id":"https:\/\/www.monaco-tribune.com\/en\/#\/schema\/logo\/image\/"},"sameAs":["https:\/\/www.facebook.com\/MonacoTribune","https:\/\/x.com\/MonacoTribune","https:\/\/www.instagram.com\/monacotribune\/","https:\/\/www.linkedin.com\/company\/monaco-tribune","https:\/\/www.youtube.com\/channel\/UCHle1MnG6hw1y4lWKijVbMA"]},{"@type":"Person","@id":"https:\/\/www.monaco-tribune.com\/en\/#\/schema\/person\/a855d420fff4d03637641d60b93ac62e","name":"Camille Esteve","image":{"@type":"ImageObject","inLanguage":"en-US","@id":"https:\/\/secure.gravatar.com\/avatar\/eaaa2355a7bb56c0018a391c20a55bf9b4690e3f493231dd850e612bfa6ce161?s=96&d=mm&r=g","url":"https:\/\/secure.gravatar.com\/avatar\/eaaa2355a7bb56c0018a391c20a55bf9b4690e3f493231dd850e612bfa6ce161?s=96&d=mm&r=g","contentUrl":"https:\/\/secure.gravatar.com\/avatar\/eaaa2355a7bb56c0018a391c20a55bf9b4690e3f493231dd850e612bfa6ce161?s=96&d=mm&r=g","caption":"Camille Esteve"},"url":"https:\/\/www.monaco-tribune.com\/en\/author\/camilleesteve\/"}]}},"_links":{"self":[{"href":"https:\/\/www.monaco-tribune.com\/en\/wp-json\/wp\/v2\/posts\/122186","targetHints":{"allow":["GET"]}}],"collection":[{"href":"https:\/\/www.monaco-tribune.com\/en\/wp-json\/wp\/v2\/posts"}],"about":[{"href":"https:\/\/www.monaco-tribune.com\/en\/wp-json\/wp\/v2\/types\/post"}],"author":[{"embeddable":true,"href":"https:\/\/www.monaco-tribune.com\/en\/wp-json\/wp\/v2\/users\/60"}],"replies":[{"embeddable":true,"href":"https:\/\/www.monaco-tribune.com\/en\/wp-json\/wp\/v2\/comments?post=122186"}],"version-history":[{"count":0,"href":"https:\/\/www.monaco-tribune.com\/en\/wp-json\/wp\/v2\/posts\/122186\/revisions"}],"wp:featuredmedia":[{"embeddable":true,"href":"https:\/\/www.monaco-tribune.com\/en\/wp-json\/wp\/v2\/media\/121830"}],"wp:attachment":[{"href":"https:\/\/www.monaco-tribune.com\/en\/wp-json\/wp\/v2\/media?parent=122186"}],"wp:term":[{"taxonomy":"category","embeddable":true,"href":"https:\/\/www.monaco-tribune.com\/en\/wp-json\/wp\/v2\/categories?post=122186"},{"taxonomy":"post_tag","embeddable":true,"href":"https:\/\/www.monaco-tribune.com\/en\/wp-json\/wp\/v2\/tags?post=122186"},{"taxonomy":"sectag","embeddable":true,"href":"https:\/\/www.monaco-tribune.com\/en\/wp-json\/wp\/v2\/post_sectags?post=122186"},{"taxonomy":"format","embeddable":true,"href":"https:\/\/www.monaco-tribune.com\/en\/wp-json\/wp\/v2\/post_format?post=122186"}],"curies":[{"name":"wp","href":"https:\/\/api.w.org\/{rel}","templated":true}]}}