{"id":125993,"date":"2022-06-14T11:23:37","date_gmt":"2022-06-14T09:23:37","guid":{"rendered":"https:\/\/www.monaco-tribune.com\/2022\/06\/taste-test-la-mome-monte-carlo-on-the-port-palace-rooftop\/"},"modified":"2024-07-08T16:59:00","modified_gmt":"2024-07-08T14:59:00","slug":"taste-test-la-mome-monte-carlo-on-the-port-palace-rooftop","status":"publish","type":"post","link":"https:\/\/www.monaco-tribune.com\/en\/2022\/06\/taste-test-la-mome-monte-carlo-on-the-port-palace-rooftop\/","title":{"rendered":"TASTE TEST: La M\u00f4me Monte-Carlo on the Port Palace rooftop"},"content":{"rendered":"<div class=\"wp-block-image\">\n<figure class=\"alignright size-large is-resized\"><img loading=\"lazy\" decoding=\"async\" width=\"683\" height=\"1024\" src=\"https:\/\/www.monaco-tribune.com\/wp-content\/uploads\/2022\/06\/antoine-ugo-lecorche-la-mome-monaco-683x1024.jpg\" alt=\"antoine-ugo-lecorche-la-mome-monaco\" class=\"wp-image-125852\" style=\"width:331px;height:495px\" srcset=\"https:\/\/www.monaco-tribune.com\/wp-content\/uploads\/2022\/06\/antoine-ugo-lecorche-la-mome-monaco-683x1024.jpg 683w, https:\/\/www.monaco-tribune.com\/wp-content\/uploads\/2022\/06\/antoine-ugo-lecorche-la-mome-monaco-200x300.jpg 200w, https:\/\/www.monaco-tribune.com\/wp-content\/uploads\/2022\/06\/antoine-ugo-lecorche-la-mome-monaco.jpg 1020w\" sizes=\"auto, (max-width: 683px) 100vw, 683px\" \/><figcaption class=\"wp-element-caption\"><em>\u00a9 Yann Deret<\/em><\/figcaption><\/figure>\n<\/div>\n\n\n<p><strong>Following on from Cannes, the La M\u00f4me group has just opened a new venue in Monaco, on Port Hercule.<\/strong><\/p>\n\n\n\n<p>Another beautiful venue has just opened in the heart of the Principality. Already accustomed to the C\u00f4te d&#8217;Azur, and Cannes in particular, the La M\u00f4me group is now setting sail on a new adventure in Monte-Carlo. At the helm, twin brothers: Ugo and Antoine Lecorch\u00e9.<\/p>\n\n\n\n<p>It all began in 2015, when the two brothers decided to create the La M\u00f4me group, a nod to Lucienne Suzanne Vreurick, also known as the &#8220;La M\u00f4me Moineau&#8221; (the little sparrow), a small flower seller in the Montmartre and Montparnasse nightclubs in the 1920s. The young girl became a singer and then a billionaire by marrying a rich engineer and businessman, and became a regular on the C\u00f4te d&#8217;Azur and in its casinos.<\/p>\n\n\n\n<p>No coincidence then that today, their journey has led them to Monte-Carlo. With a beautiful view of port Hercule, a chic and sophisticated decor was chosen for the restaurant, using bluish tones that are reminiscent of the shades used in the cult film <em>To Catch a Thief<\/em>, in which Grace Kelly shared top billing with Cary Grant.<\/p>\n\n\n\n<p>Cuisine-wise, the restaurant offers a wide selection of Mediterranean specialities, with Proven\u00e7al, Italian or Greek influences. You will find, for example, the flame-smoked aubergine with virgin sauce and piquillo pepper cream, a beautiful rocket, pecorino and summer truffle salad, or seriola Tiradito, served in a tzatziki style.  <\/p>\n\n\n\n<p><strong>SEE ALSO&nbsp;<a href=\"https:\/\/www.monaco-tribune.com\/en\/2022\/05\/taste-test-elsa-at-the-monte-carlo-beach\/\">TASTE TEST: Elsa, at the Monte-Carlo Beach<\/a><\/strong><\/p>\n\n\n\n<figure class=\"wp-block-gallery has-nested-images columns-1 is-cropped aligncenter wp-block-gallery-1 is-layout-flex wp-block-gallery-is-layout-flex\">\n<figure class=\"wp-block-image size-full is-resized\"><img loading=\"lazy\" decoding=\"async\" width=\"1020\" height=\"680\" data-id=\"125860\" src=\"https:\/\/www.monaco-tribune.com\/wp-content\/uploads\/2022\/06\/la-mome-restaurant-terrasse.jpg\" alt=\"la-mome-restaurant-terrasse\" class=\"wp-image-125860\" style=\"width:968px;height:645px\" srcset=\"https:\/\/www.monaco-tribune.com\/wp-content\/uploads\/2022\/06\/la-mome-restaurant-terrasse.jpg 1020w, https:\/\/www.monaco-tribune.com\/wp-content\/uploads\/2022\/06\/la-mome-restaurant-terrasse-450x300.jpg 450w\" sizes=\"auto, (max-width: 1020px) 100vw, 1020px\" \/><\/figure>\n\n\n\n<figure class=\"wp-block-image size-full\"><img loading=\"lazy\" decoding=\"async\" width=\"1020\" height=\"680\" data-id=\"125890\" src=\"https:\/\/www.monaco-tribune.com\/wp-content\/uploads\/2022\/06\/la-mome-restaurant-monte-carlo.jpg\" alt=\"la-mome-restaurant-monte-carlo\" class=\"wp-image-125890\" srcset=\"https:\/\/www.monaco-tribune.com\/wp-content\/uploads\/2022\/06\/la-mome-restaurant-monte-carlo.jpg 1020w, https:\/\/www.monaco-tribune.com\/wp-content\/uploads\/2022\/06\/la-mome-restaurant-monte-carlo-450x300.jpg 450w\" sizes=\"auto, (max-width: 1020px) 100vw, 1020px\" \/><\/figure>\n<figcaption class=\"blocks-gallery-caption wp-element-caption\"><em><em>\u00a9 Yann Deret<\/em><\/em><\/figcaption><\/figure>\n\n\n\n<h2 class=\"wp-block-heading\" id=\"h-our-opinion\">Our opinion<\/h2>\n\n\n\n<p>Whether it&#8217;s a tasty lunch or dinner you&#8217;re looking for, La M\u00f4me Monte-Carlo is definitely an excellent address. The fresh, quality products are paired astutely and well-balanced. A special mention for the truffled arancini, the beef tartare with lemon and stracciatella cream, and for the Puglia burrata, which are just delicious! <\/p>\n\n\n<div class=\"wp-block-image\">\n<figure class=\"aligncenter size-full\"><img loading=\"lazy\" decoding=\"async\" width=\"1020\" height=\"681\" src=\"https:\/\/www.monaco-tribune.com\/wp-content\/uploads\/2022\/06\/la-mome-monaco.jpg\" alt=\"la-mome-monaco\" class=\"wp-image-125864\" srcset=\"https:\/\/www.monaco-tribune.com\/wp-content\/uploads\/2022\/06\/la-mome-monaco.jpg 1020w, https:\/\/www.monaco-tribune.com\/wp-content\/uploads\/2022\/06\/la-mome-monaco-449x300.jpg 449w\" sizes=\"auto, (max-width: 1020px) 100vw, 1020px\" \/><figcaption class=\"wp-element-caption\"><em>\u00a9 La Mome<\/em><\/figcaption><\/figure>\n<\/div>\n\n\n<p><strong>RELATED READING : <a href=\"https:\/\/www.monaco-tribune.com\/en\/2022\/04\/taste-test-pavyllon-yannick-allenos-new-monaco-restaurant\/\">TASTE TEST: Pavyllon, Yannick Allen&#8217;s new Monaco restaurant<\/a><\/strong><\/p>\n\n\n\n<p>There is a vast choice of desserts. Whether it&#8217;s home-made waffles with chocolate or caramel sauces for the sweet-toothed, a lovely fresh fruit platter for the health-consciou<em>s<\/em>, or a giant pecan cookie with salted caramel sauce and chocolate duo to share, there is something for everyone.<\/p>\n\n\n\n<figure class=\"wp-block-gallery has-nested-images columns-1 is-cropped wp-block-gallery-2 is-layout-flex wp-block-gallery-is-layout-flex\">\n<figure class=\"wp-block-image size-large\"><img loading=\"lazy\" decoding=\"async\" width=\"1020\" height=\"1360\" data-id=\"125884\" src=\"https:\/\/www.monaco-tribune.com\/wp-content\/uploads\/2022\/06\/desserts-la-mome-monte-carlo-gaufre-1.jpg\" alt=\"desserts-la-mome-monte-carlo-gaufre\" class=\"wp-image-125884\" srcset=\"https:\/\/www.monaco-tribune.com\/wp-content\/uploads\/2022\/06\/desserts-la-mome-monte-carlo-gaufre-1.jpg 1020w, https:\/\/www.monaco-tribune.com\/wp-content\/uploads\/2022\/06\/desserts-la-mome-monte-carlo-gaufre-1-225x300.jpg 225w, https:\/\/www.monaco-tribune.com\/wp-content\/uploads\/2022\/06\/desserts-la-mome-monte-carlo-gaufre-1-768x1024.jpg 768w\" sizes=\"auto, (max-width: 1020px) 100vw, 1020px\" \/><\/figure>\n\n\n\n<figure class=\"wp-block-image size-large\"><img loading=\"lazy\" decoding=\"async\" width=\"1020\" height=\"610\" data-id=\"125880\" src=\"https:\/\/www.monaco-tribune.com\/wp-content\/uploads\/2022\/06\/desserts-la-mome-monte-carlo-fruits.jpg\" alt=\"desserts-la-mome-monte-carlo-fruits\" class=\"wp-image-125880\" srcset=\"https:\/\/www.monaco-tribune.com\/wp-content\/uploads\/2022\/06\/desserts-la-mome-monte-carlo-fruits.jpg 1020w, https:\/\/www.monaco-tribune.com\/wp-content\/uploads\/2022\/06\/desserts-la-mome-monte-carlo-fruits-502x300.jpg 502w\" sizes=\"auto, (max-width: 1020px) 100vw, 1020px\" \/><\/figure>\n<figcaption class=\"blocks-gallery-caption wp-element-caption\"><em><em>\u00a9 Camille Esteve \/ Monaco Tribune<\/em><\/em><\/figcaption><\/figure>\n\n\n\n<p><strong>SEE ALSO: <a href=\"https:\/\/www.monaco-tribune.com\/en\/2022\/04\/taste-test-the-new-cova-pastry-shop-on-the-larvotto\/\">Taste test: the new Cova pastry shop on the Larvotto<\/a><\/strong><\/p>\n\n\n\n<p>Dishes that can be enjoyed in a magnificent setting, where quiet and coolness combine for a pleasant, relaxed meal. The restaurant also provides live musical entertainment every evening. All with a very reasonable price-quality ratio. In short, an absolutely must-try address!<\/p>\n\n\n\n<p><em>Practical details:<\/em><\/p>\n\n\n\n<ul class=\"wp-block-list\">\n<li>La M\u00f4me Monte-Carlo, roof of the Port Palace Hotel, 6th floor, 7 avenue John Fitzgerald Kennedy, 98000 Monaco<\/li>\n\n\n\n<li>+377 99 92 11 93<\/li>\n\n\n\n<li>Open every day for lunch and dinner<\/li>\n\n\n\n<li>Average price: 50 euros (starter + main)<\/li>\n\n\n\n<li>The restaurant also provides vegetarian and gluten-free dishes<\/li>\n\n\n\n<li>A private room can accommodate around fifteen people<\/li>\n<\/ul>\n","protected":false},"excerpt":{"rendered":"<p>Following on from Cannes, the La M\u00f4me group has just opened a new venue in Monaco, on Port Hercule. Another [&hellip;]<\/p>\n","protected":false},"author":60,"featured_media":125898,"comment_status":"closed","ping_status":"closed","sticky":false,"template":"","format":"standard","meta":{"_acf_changed":false,"footnotes":""},"categories":[1825,243,251],"tags":[2861],"post_sectags":[],"post_format":[2466],"class_list":["post-125993","post","type-post","status-publish","format-standard","has-post-thumbnail","hentry","category-editors-choice","category-news","category-whats-on","tag-eating-out","format-review"],"acf":[],"yoast_head":"<!-- This site is optimized with the Yoast SEO Premium plugin v26.8 (Yoast SEO v27.4) - https:\/\/yoast.com\/product\/yoast-seo-premium-wordpress\/ -->\n<title>TASTE TEST: La M\u00f4me Monte-Carlo on the Port Palace rooftop<\/title>\n<meta name=\"description\" content=\"\u00a9 Yann Deret Following on from Cannes, the La M\u00f4me group has just opened a new venue in Monaco, on Port Hercule. Another beautiful venue has just opened\" \/>\n<meta name=\"robots\" content=\"index, follow, max-snippet:-1, max-image-preview:large, max-video-preview:-1\" \/>\n<link rel=\"canonical\" href=\"https:\/\/www.monaco-tribune.com\/en\/2022\/06\/taste-test-la-mome-monte-carlo-on-the-port-palace-rooftop\/\" \/>\n<meta property=\"og:locale\" content=\"en_US\" \/>\n<meta property=\"og:type\" content=\"article\" \/>\n<meta property=\"og:title\" content=\"TASTE TEST: La M\u00f4me Monte-Carlo on the Port Palace rooftop - Monaco Tribune\" \/>\n<meta property=\"og:description\" content=\"\u00a9 Yann Deret Following on from Cannes, the La M\u00f4me group has just opened a new venue in Monaco, on Port Hercule. Another beautiful venue has just opened\" \/>\n<meta property=\"og:url\" content=\"https:\/\/www.monaco-tribune.com\/en\/2022\/06\/taste-test-la-mome-monte-carlo-on-the-port-palace-rooftop\/\" \/>\n<meta property=\"og:site_name\" content=\"Monaco Tribune\" \/>\n<meta property=\"article:publisher\" content=\"https:\/\/www.facebook.com\/MonacoTribune\" \/>\n<meta property=\"article:published_time\" content=\"2022-06-14T09:23:37+00:00\" \/>\n<meta property=\"article:modified_time\" content=\"2024-07-08T14:59:00+00:00\" \/>\n<meta property=\"og:image\" content=\"https:\/\/www.monaco-tribune.com\/wp-content\/uploads\/2022\/06\/la-mome-restaurant-1.png\" \/>\n\t<meta property=\"og:image:width\" content=\"1020\" \/>\n\t<meta property=\"og:image:height\" content=\"684\" \/>\n\t<meta property=\"og:image:type\" content=\"image\/png\" \/>\n<meta name=\"author\" content=\"Camille Esteve\" \/>\n<meta name=\"twitter:card\" content=\"summary_large_image\" \/>\n<meta name=\"twitter:creator\" content=\"@MonacoTribune\" \/>\n<meta name=\"twitter:site\" content=\"@MonacoTribune\" \/>\n<script type=\"application\/ld+json\" class=\"yoast-schema-graph\">{\"@context\":\"https:\\\/\\\/schema.org\",\"@graph\":[{\"@type\":\"NewsArticle\",\"@id\":\"https:\\\/\\\/www.monaco-tribune.com\\\/en\\\/2022\\\/06\\\/taste-test-la-mome-monte-carlo-on-the-port-palace-rooftop\\\/#article\",\"isPartOf\":{\"@id\":\"https:\\\/\\\/www.monaco-tribune.com\\\/en\\\/2022\\\/06\\\/taste-test-la-mome-monte-carlo-on-the-port-palace-rooftop\\\/\"},\"author\":{\"name\":\"Camille Esteve\",\"@id\":\"https:\\\/\\\/www.monaco-tribune.com\\\/en\\\/#\\\/schema\\\/person\\\/a855d420fff4d03637641d60b93ac62e\"},\"headline\":\"TASTE TEST: La M\u00f4me Monte-Carlo on the Port Palace rooftop\",\"datePublished\":\"2022-06-14T09:23:37+00:00\",\"dateModified\":\"2024-07-08T14:59:00+00:00\",\"mainEntityOfPage\":{\"@id\":\"https:\\\/\\\/www.monaco-tribune.com\\\/en\\\/2022\\\/06\\\/taste-test-la-mome-monte-carlo-on-the-port-palace-rooftop\\\/\"},\"wordCount\":495,\"publisher\":{\"@id\":\"https:\\\/\\\/www.monaco-tribune.com\\\/en\\\/#organization\"},\"image\":{\"@id\":\"https:\\\/\\\/www.monaco-tribune.com\\\/en\\\/2022\\\/06\\\/taste-test-la-mome-monte-carlo-on-the-port-palace-rooftop\\\/#primaryimage\"},\"thumbnailUrl\":\"https:\\\/\\\/www.monaco-tribune.com\\\/wp-content\\\/uploads\\\/2022\\\/06\\\/la-mome-restaurant-1.png\",\"keywords\":[\"Eating out\"],\"articleSection\":[\"Editor&#039;s choice\",\"News\",\"What&#039;s on\"],\"inLanguage\":\"en-US\",\"copyrightYear\":\"2022\",\"copyrightHolder\":{\"@id\":\"https:\\\/\\\/www.monaco-tribune.com\\\/#organization\"}},{\"@type\":\"WebPage\",\"@id\":\"https:\\\/\\\/www.monaco-tribune.com\\\/en\\\/2022\\\/06\\\/taste-test-la-mome-monte-carlo-on-the-port-palace-rooftop\\\/\",\"url\":\"https:\\\/\\\/www.monaco-tribune.com\\\/en\\\/2022\\\/06\\\/taste-test-la-mome-monte-carlo-on-the-port-palace-rooftop\\\/\",\"name\":\"TASTE TEST: La M\u00f4me Monte-Carlo on the Port Palace rooftop\",\"isPartOf\":{\"@id\":\"https:\\\/\\\/www.monaco-tribune.com\\\/en\\\/#website\"},\"primaryImageOfPage\":{\"@id\":\"https:\\\/\\\/www.monaco-tribune.com\\\/en\\\/2022\\\/06\\\/taste-test-la-mome-monte-carlo-on-the-port-palace-rooftop\\\/#primaryimage\"},\"image\":{\"@id\":\"https:\\\/\\\/www.monaco-tribune.com\\\/en\\\/2022\\\/06\\\/taste-test-la-mome-monte-carlo-on-the-port-palace-rooftop\\\/#primaryimage\"},\"thumbnailUrl\":\"https:\\\/\\\/www.monaco-tribune.com\\\/wp-content\\\/uploads\\\/2022\\\/06\\\/la-mome-restaurant-1.png\",\"datePublished\":\"2022-06-14T09:23:37+00:00\",\"dateModified\":\"2024-07-08T14:59:00+00:00\",\"description\":\"\u00a9 Yann Deret Following on from Cannes, the La M\u00f4me group has just opened a new venue in Monaco, on Port Hercule. Another beautiful venue has just opened\",\"breadcrumb\":{\"@id\":\"https:\\\/\\\/www.monaco-tribune.com\\\/en\\\/2022\\\/06\\\/taste-test-la-mome-monte-carlo-on-the-port-palace-rooftop\\\/#breadcrumb\"},\"inLanguage\":\"en-US\",\"potentialAction\":[{\"@type\":\"ReadAction\",\"target\":[\"https:\\\/\\\/www.monaco-tribune.com\\\/en\\\/2022\\\/06\\\/taste-test-la-mome-monte-carlo-on-the-port-palace-rooftop\\\/\"]}]},{\"@type\":\"ImageObject\",\"inLanguage\":\"en-US\",\"@id\":\"https:\\\/\\\/www.monaco-tribune.com\\\/en\\\/2022\\\/06\\\/taste-test-la-mome-monte-carlo-on-the-port-palace-rooftop\\\/#primaryimage\",\"url\":\"https:\\\/\\\/www.monaco-tribune.com\\\/wp-content\\\/uploads\\\/2022\\\/06\\\/la-mome-restaurant-1.png\",\"contentUrl\":\"https:\\\/\\\/www.monaco-tribune.com\\\/wp-content\\\/uploads\\\/2022\\\/06\\\/la-mome-restaurant-1.png\",\"width\":1020,\"height\":684,\"caption\":\"La M\u00f4me\"},{\"@type\":\"BreadcrumbList\",\"@id\":\"https:\\\/\\\/www.monaco-tribune.com\\\/en\\\/2022\\\/06\\\/taste-test-la-mome-monte-carlo-on-the-port-palace-rooftop\\\/#breadcrumb\",\"itemListElement\":[{\"@type\":\"ListItem\",\"position\":1,\"name\":\"Accueil\",\"item\":\"https:\\\/\\\/www.monaco-tribune.com\\\/en\\\/\"},{\"@type\":\"ListItem\",\"position\":2,\"name\":\"TASTE TEST: La M\u00f4me Monte-Carlo on the Port Palace rooftop\"}]},{\"@type\":\"WebSite\",\"@id\":\"https:\\\/\\\/www.monaco-tribune.com\\\/en\\\/#website\",\"url\":\"https:\\\/\\\/www.monaco-tribune.com\\\/en\\\/\",\"name\":\"Monaco Tribune\",\"description\":\"Monaco : actualit\u00e9s \u00e9conomiques, politiques, culturelles et sportives de Monaco et de la French Riviera.\",\"publisher\":{\"@id\":\"https:\\\/\\\/www.monaco-tribune.com\\\/en\\\/#organization\"},\"potentialAction\":[{\"@type\":\"SearchAction\",\"target\":{\"@type\":\"EntryPoint\",\"urlTemplate\":\"https:\\\/\\\/www.monaco-tribune.com\\\/en\\\/?s={search_term_string}\"},\"query-input\":{\"@type\":\"PropertyValueSpecification\",\"valueRequired\":true,\"valueName\":\"search_term_string\"}}],\"inLanguage\":\"en-US\"},{\"@type\":\"Organization\",\"@id\":\"https:\\\/\\\/www.monaco-tribune.com\\\/en\\\/#organization\",\"name\":\"Monaco Tribune\",\"url\":\"https:\\\/\\\/www.monaco-tribune.com\\\/en\\\/\",\"logo\":{\"@type\":\"ImageObject\",\"inLanguage\":\"en-US\",\"@id\":\"https:\\\/\\\/www.monaco-tribune.com\\\/en\\\/#\\\/schema\\\/logo\\\/image\\\/\",\"url\":\"https:\\\/\\\/www.monaco-tribune.com\\\/wp-content\\\/uploads\\\/2022\\\/11\\\/logo-monaco-tribune.png\",\"contentUrl\":\"https:\\\/\\\/www.monaco-tribune.com\\\/wp-content\\\/uploads\\\/2022\\\/11\\\/logo-monaco-tribune.png\",\"width\":1548,\"height\":600,\"caption\":\"Monaco Tribune\"},\"image\":{\"@id\":\"https:\\\/\\\/www.monaco-tribune.com\\\/en\\\/#\\\/schema\\\/logo\\\/image\\\/\"},\"sameAs\":[\"https:\\\/\\\/www.facebook.com\\\/MonacoTribune\",\"https:\\\/\\\/x.com\\\/MonacoTribune\",\"https:\\\/\\\/www.instagram.com\\\/monacotribune\\\/\",\"https:\\\/\\\/www.linkedin.com\\\/company\\\/monaco-tribune\",\"https:\\\/\\\/www.youtube.com\\\/channel\\\/UCHle1MnG6hw1y4lWKijVbMA\"]},{\"@type\":\"Person\",\"@id\":\"https:\\\/\\\/www.monaco-tribune.com\\\/en\\\/#\\\/schema\\\/person\\\/a855d420fff4d03637641d60b93ac62e\",\"name\":\"Camille Esteve\",\"image\":{\"@type\":\"ImageObject\",\"inLanguage\":\"en-US\",\"@id\":\"https:\\\/\\\/secure.gravatar.com\\\/avatar\\\/eaaa2355a7bb56c0018a391c20a55bf9b4690e3f493231dd850e612bfa6ce161?s=96&d=mm&r=g\",\"url\":\"https:\\\/\\\/secure.gravatar.com\\\/avatar\\\/eaaa2355a7bb56c0018a391c20a55bf9b4690e3f493231dd850e612bfa6ce161?s=96&d=mm&r=g\",\"contentUrl\":\"https:\\\/\\\/secure.gravatar.com\\\/avatar\\\/eaaa2355a7bb56c0018a391c20a55bf9b4690e3f493231dd850e612bfa6ce161?s=96&d=mm&r=g\",\"caption\":\"Camille Esteve\"},\"url\":\"https:\\\/\\\/www.monaco-tribune.com\\\/en\\\/author\\\/camilleesteve\\\/\"}]}<\/script>\n<!-- \/ Yoast SEO Premium plugin. -->","yoast_head_json":{"title":"TASTE TEST: La M\u00f4me Monte-Carlo on the Port Palace rooftop","description":"\u00a9 Yann Deret Following on from Cannes, the La M\u00f4me group has just opened a new venue in Monaco, on Port Hercule. Another beautiful venue has just opened","robots":{"index":"index","follow":"follow","max-snippet":"max-snippet:-1","max-image-preview":"max-image-preview:large","max-video-preview":"max-video-preview:-1"},"canonical":"https:\/\/www.monaco-tribune.com\/en\/2022\/06\/taste-test-la-mome-monte-carlo-on-the-port-palace-rooftop\/","og_locale":"en_US","og_type":"article","og_title":"TASTE TEST: La M\u00f4me Monte-Carlo on the Port Palace rooftop - Monaco Tribune","og_description":"\u00a9 Yann Deret Following on from Cannes, the La M\u00f4me group has just opened a new venue in Monaco, on Port Hercule. Another beautiful venue has just opened","og_url":"https:\/\/www.monaco-tribune.com\/en\/2022\/06\/taste-test-la-mome-monte-carlo-on-the-port-palace-rooftop\/","og_site_name":"Monaco Tribune","article_publisher":"https:\/\/www.facebook.com\/MonacoTribune","article_published_time":"2022-06-14T09:23:37+00:00","article_modified_time":"2024-07-08T14:59:00+00:00","og_image":[{"width":1020,"height":684,"url":"https:\/\/www.monaco-tribune.com\/wp-content\/uploads\/2022\/06\/la-mome-restaurant-1.png","type":"image\/png"}],"author":"Camille Esteve","twitter_card":"summary_large_image","twitter_creator":"@MonacoTribune","twitter_site":"@MonacoTribune","schema":{"@context":"https:\/\/schema.org","@graph":[{"@type":"NewsArticle","@id":"https:\/\/www.monaco-tribune.com\/en\/2022\/06\/taste-test-la-mome-monte-carlo-on-the-port-palace-rooftop\/#article","isPartOf":{"@id":"https:\/\/www.monaco-tribune.com\/en\/2022\/06\/taste-test-la-mome-monte-carlo-on-the-port-palace-rooftop\/"},"author":{"name":"Camille Esteve","@id":"https:\/\/www.monaco-tribune.com\/en\/#\/schema\/person\/a855d420fff4d03637641d60b93ac62e"},"headline":"TASTE TEST: La M\u00f4me Monte-Carlo on the Port Palace rooftop","datePublished":"2022-06-14T09:23:37+00:00","dateModified":"2024-07-08T14:59:00+00:00","mainEntityOfPage":{"@id":"https:\/\/www.monaco-tribune.com\/en\/2022\/06\/taste-test-la-mome-monte-carlo-on-the-port-palace-rooftop\/"},"wordCount":495,"publisher":{"@id":"https:\/\/www.monaco-tribune.com\/en\/#organization"},"image":{"@id":"https:\/\/www.monaco-tribune.com\/en\/2022\/06\/taste-test-la-mome-monte-carlo-on-the-port-palace-rooftop\/#primaryimage"},"thumbnailUrl":"https:\/\/www.monaco-tribune.com\/wp-content\/uploads\/2022\/06\/la-mome-restaurant-1.png","keywords":["Eating out"],"articleSection":["Editor&#039;s choice","News","What&#039;s on"],"inLanguage":"en-US","copyrightYear":"2022","copyrightHolder":{"@id":"https:\/\/www.monaco-tribune.com\/#organization"}},{"@type":"WebPage","@id":"https:\/\/www.monaco-tribune.com\/en\/2022\/06\/taste-test-la-mome-monte-carlo-on-the-port-palace-rooftop\/","url":"https:\/\/www.monaco-tribune.com\/en\/2022\/06\/taste-test-la-mome-monte-carlo-on-the-port-palace-rooftop\/","name":"TASTE TEST: La M\u00f4me Monte-Carlo on the Port Palace rooftop","isPartOf":{"@id":"https:\/\/www.monaco-tribune.com\/en\/#website"},"primaryImageOfPage":{"@id":"https:\/\/www.monaco-tribune.com\/en\/2022\/06\/taste-test-la-mome-monte-carlo-on-the-port-palace-rooftop\/#primaryimage"},"image":{"@id":"https:\/\/www.monaco-tribune.com\/en\/2022\/06\/taste-test-la-mome-monte-carlo-on-the-port-palace-rooftop\/#primaryimage"},"thumbnailUrl":"https:\/\/www.monaco-tribune.com\/wp-content\/uploads\/2022\/06\/la-mome-restaurant-1.png","datePublished":"2022-06-14T09:23:37+00:00","dateModified":"2024-07-08T14:59:00+00:00","description":"\u00a9 Yann Deret Following on from Cannes, the La M\u00f4me group has just opened a new venue in Monaco, on Port Hercule. Another beautiful venue has just opened","breadcrumb":{"@id":"https:\/\/www.monaco-tribune.com\/en\/2022\/06\/taste-test-la-mome-monte-carlo-on-the-port-palace-rooftop\/#breadcrumb"},"inLanguage":"en-US","potentialAction":[{"@type":"ReadAction","target":["https:\/\/www.monaco-tribune.com\/en\/2022\/06\/taste-test-la-mome-monte-carlo-on-the-port-palace-rooftop\/"]}]},{"@type":"ImageObject","inLanguage":"en-US","@id":"https:\/\/www.monaco-tribune.com\/en\/2022\/06\/taste-test-la-mome-monte-carlo-on-the-port-palace-rooftop\/#primaryimage","url":"https:\/\/www.monaco-tribune.com\/wp-content\/uploads\/2022\/06\/la-mome-restaurant-1.png","contentUrl":"https:\/\/www.monaco-tribune.com\/wp-content\/uploads\/2022\/06\/la-mome-restaurant-1.png","width":1020,"height":684,"caption":"La M\u00f4me"},{"@type":"BreadcrumbList","@id":"https:\/\/www.monaco-tribune.com\/en\/2022\/06\/taste-test-la-mome-monte-carlo-on-the-port-palace-rooftop\/#breadcrumb","itemListElement":[{"@type":"ListItem","position":1,"name":"Accueil","item":"https:\/\/www.monaco-tribune.com\/en\/"},{"@type":"ListItem","position":2,"name":"TASTE TEST: La M\u00f4me Monte-Carlo on the Port Palace rooftop"}]},{"@type":"WebSite","@id":"https:\/\/www.monaco-tribune.com\/en\/#website","url":"https:\/\/www.monaco-tribune.com\/en\/","name":"Monaco Tribune","description":"Monaco : actualit\u00e9s \u00e9conomiques, politiques, culturelles et sportives de Monaco et de la French Riviera.","publisher":{"@id":"https:\/\/www.monaco-tribune.com\/en\/#organization"},"potentialAction":[{"@type":"SearchAction","target":{"@type":"EntryPoint","urlTemplate":"https:\/\/www.monaco-tribune.com\/en\/?s={search_term_string}"},"query-input":{"@type":"PropertyValueSpecification","valueRequired":true,"valueName":"search_term_string"}}],"inLanguage":"en-US"},{"@type":"Organization","@id":"https:\/\/www.monaco-tribune.com\/en\/#organization","name":"Monaco Tribune","url":"https:\/\/www.monaco-tribune.com\/en\/","logo":{"@type":"ImageObject","inLanguage":"en-US","@id":"https:\/\/www.monaco-tribune.com\/en\/#\/schema\/logo\/image\/","url":"https:\/\/www.monaco-tribune.com\/wp-content\/uploads\/2022\/11\/logo-monaco-tribune.png","contentUrl":"https:\/\/www.monaco-tribune.com\/wp-content\/uploads\/2022\/11\/logo-monaco-tribune.png","width":1548,"height":600,"caption":"Monaco Tribune"},"image":{"@id":"https:\/\/www.monaco-tribune.com\/en\/#\/schema\/logo\/image\/"},"sameAs":["https:\/\/www.facebook.com\/MonacoTribune","https:\/\/x.com\/MonacoTribune","https:\/\/www.instagram.com\/monacotribune\/","https:\/\/www.linkedin.com\/company\/monaco-tribune","https:\/\/www.youtube.com\/channel\/UCHle1MnG6hw1y4lWKijVbMA"]},{"@type":"Person","@id":"https:\/\/www.monaco-tribune.com\/en\/#\/schema\/person\/a855d420fff4d03637641d60b93ac62e","name":"Camille Esteve","image":{"@type":"ImageObject","inLanguage":"en-US","@id":"https:\/\/secure.gravatar.com\/avatar\/eaaa2355a7bb56c0018a391c20a55bf9b4690e3f493231dd850e612bfa6ce161?s=96&d=mm&r=g","url":"https:\/\/secure.gravatar.com\/avatar\/eaaa2355a7bb56c0018a391c20a55bf9b4690e3f493231dd850e612bfa6ce161?s=96&d=mm&r=g","contentUrl":"https:\/\/secure.gravatar.com\/avatar\/eaaa2355a7bb56c0018a391c20a55bf9b4690e3f493231dd850e612bfa6ce161?s=96&d=mm&r=g","caption":"Camille Esteve"},"url":"https:\/\/www.monaco-tribune.com\/en\/author\/camilleesteve\/"}]}},"_links":{"self":[{"href":"https:\/\/www.monaco-tribune.com\/en\/wp-json\/wp\/v2\/posts\/125993","targetHints":{"allow":["GET"]}}],"collection":[{"href":"https:\/\/www.monaco-tribune.com\/en\/wp-json\/wp\/v2\/posts"}],"about":[{"href":"https:\/\/www.monaco-tribune.com\/en\/wp-json\/wp\/v2\/types\/post"}],"author":[{"embeddable":true,"href":"https:\/\/www.monaco-tribune.com\/en\/wp-json\/wp\/v2\/users\/60"}],"replies":[{"embeddable":true,"href":"https:\/\/www.monaco-tribune.com\/en\/wp-json\/wp\/v2\/comments?post=125993"}],"version-history":[{"count":1,"href":"https:\/\/www.monaco-tribune.com\/en\/wp-json\/wp\/v2\/posts\/125993\/revisions"}],"predecessor-version":[{"id":241506,"href":"https:\/\/www.monaco-tribune.com\/en\/wp-json\/wp\/v2\/posts\/125993\/revisions\/241506"}],"wp:featuredmedia":[{"embeddable":true,"href":"https:\/\/www.monaco-tribune.com\/en\/wp-json\/wp\/v2\/media\/125898"}],"wp:attachment":[{"href":"https:\/\/www.monaco-tribune.com\/en\/wp-json\/wp\/v2\/media?parent=125993"}],"wp:term":[{"taxonomy":"category","embeddable":true,"href":"https:\/\/www.monaco-tribune.com\/en\/wp-json\/wp\/v2\/categories?post=125993"},{"taxonomy":"post_tag","embeddable":true,"href":"https:\/\/www.monaco-tribune.com\/en\/wp-json\/wp\/v2\/tags?post=125993"},{"taxonomy":"sectag","embeddable":true,"href":"https:\/\/www.monaco-tribune.com\/en\/wp-json\/wp\/v2\/post_sectags?post=125993"},{"taxonomy":"format","embeddable":true,"href":"https:\/\/www.monaco-tribune.com\/en\/wp-json\/wp\/v2\/post_format?post=125993"}],"curies":[{"name":"wp","href":"https:\/\/api.w.org\/{rel}","templated":true}]}}