{"id":134760,"date":"2022-08-17T12:50:56","date_gmt":"2022-08-17T10:50:56","guid":{"rendered":"https:\/\/www.monaco-tribune.com\/2022\/08\/monacair-founded-by-stefano-casiraghi-to-fly-american-flag\/"},"modified":"2022-08-17T12:53:49","modified_gmt":"2022-08-17T10:53:49","slug":"monacair-founded-by-stefano-casiraghi-to-fly-american-flag","status":"publish","type":"post","link":"https:\/\/www.monaco-tribune.com\/en\/2022\/08\/monacair-founded-by-stefano-casiraghi-to-fly-american-flag\/","title":{"rendered":"Monacair, founded by Stefano Casiraghi, to fly American flag"},"content":{"rendered":"\n<p><strong>The American company Blade Air Mobility intends to become the biggest helicopter transport service in Europe and aims to bring its vertical aircraft models, currently in development, to Europe.<\/strong><\/p>\n\n<p>The American company Blade Air Mobility is expanding in Europe. Specialising in urban and air transportation, the company is already well established in New York, Vancouver and India. For its latest acquisition, the American firm has entered into agreements with three European helicopter transport companies: Monacair, H\u00e9li S\u00e9curit\u00e9 and a third whose name has not yet been disclosed. Together these three companies generated \u20ac30 million, carrying 125,000 passengers in 2019.<\/p>\n\n<p>The acquisitions should enable the US company to become the biggest helicopter passenger service in Europe. Monacair was already one of the largest. Founded by Stefano Casiraghi, the company operates some 50 round trips per day between Nice C\u00f4te D&#8217;Azur airport and Monaco, in addition to transporting Prince Albert II, the Princely Family and members of the Government. <\/p>\n\n<h2 class=\"wp-block-heading\" id=\"h-des-changements-pour-monacair\">What impact on Monacair?<\/h2>\n\n<p>For the time being, Monacair&#8217;s acquisition by Blade Air Mobility is not expected to have an impact on Monaco&#8217;s helicopters. However, the American firm&#8217;s arrival shows a real commitment to its future in the Principality. Monaco should introduce Vertical Electric Aircraft (VAE) in time. These are new, silent and emission-free aircraft.<\/p>\n\n<p>Whereas until now Monacair mainly provided flights between Nice C\u00f4te d&#8217;Azur airport and Monaco, Blade Air Mobility should also be developing air links with other heliports in Italy and southern France. <\/p>\n\n<p>The agreements also provide for Monacair&#8217;s current CEO, Damien Mazaudier, to join the management team at Blade Air Mobility.<\/p>\n\n<p>&#8220;Blade&#8217;s strong global platform, technology and brand, coupled with Monacair&#8217;s solid operational history, aircraft management business, strategic infrastructure and customer confidence, is an unbeatable combination that will drive urban air mobility in Europe.\u00a0 On behalf of the Casiraghi family, we fully support [&#8230;] the European launch of Blade&#8217;s commercial services,&#8221; stated Marco Casiraghi, co-founder of Monacair.<\/p>\n","protected":false},"excerpt":{"rendered":"<p>The American company Blade Air Mobility intends to become the biggest helicopter transport service in Europe and aims to bring [&hellip;]<\/p>\n","protected":false},"author":66,"featured_media":134731,"comment_status":"closed","ping_status":"closed","sticky":false,"template":"","format":"standard","meta":{"_acf_changed":false,"footnotes":""},"categories":[247,1825,243],"tags":[],"post_sectags":[],"post_format":[2465],"class_list":["post-134760","post","type-post","status-publish","format-standard","has-post-thumbnail","hentry","category-business","category-editors-choice","category-news","format-in-brief"],"acf":[],"yoast_head":"<!-- This site is optimized with the Yoast SEO Premium plugin v26.8 (Yoast SEO v27.4) - https:\/\/yoast.com\/product\/yoast-seo-premium-wordpress\/ -->\n<title>Monacair, founded by Stefano Casiraghi, to fly American flag<\/title>\n<meta name=\"description\" content=\"The American company Blade Air Mobility intends to become the biggest helicopter transport service in Europe and aims to bring its vertical aircraft\" \/>\n<meta name=\"robots\" content=\"index, follow, max-snippet:-1, max-image-preview:large, max-video-preview:-1\" \/>\n<link rel=\"canonical\" href=\"https:\/\/www.monaco-tribune.com\/en\/2022\/08\/monacair-founded-by-stefano-casiraghi-to-fly-american-flag\/\" \/>\n<meta property=\"og:locale\" content=\"en_US\" \/>\n<meta property=\"og:type\" content=\"article\" \/>\n<meta property=\"og:title\" content=\"Monacair, founded by Stefano Casiraghi, to fly American flag - Monaco Tribune\" \/>\n<meta property=\"og:description\" content=\"The American company Blade Air Mobility intends to become the biggest helicopter transport service in Europe and aims to bring its vertical aircraft\" \/>\n<meta property=\"og:url\" content=\"https:\/\/www.monaco-tribune.com\/en\/2022\/08\/monacair-founded-by-stefano-casiraghi-to-fly-american-flag\/\" \/>\n<meta property=\"og:site_name\" content=\"Monaco Tribune\" \/>\n<meta property=\"article:publisher\" content=\"https:\/\/www.facebook.com\/MonacoTribune\" \/>\n<meta property=\"article:published_time\" content=\"2022-08-17T10:50:56+00:00\" \/>\n<meta property=\"article:modified_time\" content=\"2022-08-17T10:53:49+00:00\" \/>\n<meta property=\"og:image\" content=\"https:\/\/www.monaco-tribune.com\/wp-content\/uploads\/2022\/08\/monacair-blade-air-mobility-monaco-monte-carlo-1.jpg\" \/>\n\t<meta property=\"og:image:width\" content=\"1706\" \/>\n\t<meta property=\"og:image:height\" content=\"1137\" \/>\n\t<meta property=\"og:image:type\" content=\"image\/jpeg\" \/>\n<meta name=\"author\" content=\"Th\u00e9o Briand\" \/>\n<meta name=\"twitter:card\" content=\"summary_large_image\" \/>\n<meta name=\"twitter:creator\" content=\"@MonacoTribune\" \/>\n<meta name=\"twitter:site\" content=\"@MonacoTribune\" \/>\n<script type=\"application\/ld+json\" class=\"yoast-schema-graph\">{\"@context\":\"https:\\\/\\\/schema.org\",\"@graph\":[{\"@type\":\"NewsArticle\",\"@id\":\"https:\\\/\\\/www.monaco-tribune.com\\\/en\\\/2022\\\/08\\\/monacair-founded-by-stefano-casiraghi-to-fly-american-flag\\\/#article\",\"isPartOf\":{\"@id\":\"https:\\\/\\\/www.monaco-tribune.com\\\/en\\\/2022\\\/08\\\/monacair-founded-by-stefano-casiraghi-to-fly-american-flag\\\/\"},\"author\":{\"name\":\"Th\u00e9o Briand\",\"@id\":\"https:\\\/\\\/www.monaco-tribune.com\\\/en\\\/#\\\/schema\\\/person\\\/94fb5723547bd83dea1eed97e25145aa\"},\"headline\":\"Monacair, founded by Stefano Casiraghi, to fly American flag\",\"datePublished\":\"2022-08-17T10:50:56+00:00\",\"dateModified\":\"2022-08-17T10:53:49+00:00\",\"mainEntityOfPage\":{\"@id\":\"https:\\\/\\\/www.monaco-tribune.com\\\/en\\\/2022\\\/08\\\/monacair-founded-by-stefano-casiraghi-to-fly-american-flag\\\/\"},\"wordCount\":335,\"publisher\":{\"@id\":\"https:\\\/\\\/www.monaco-tribune.com\\\/en\\\/#organization\"},\"image\":{\"@id\":\"https:\\\/\\\/www.monaco-tribune.com\\\/en\\\/2022\\\/08\\\/monacair-founded-by-stefano-casiraghi-to-fly-american-flag\\\/#primaryimage\"},\"thumbnailUrl\":\"https:\\\/\\\/www.monaco-tribune.com\\\/wp-content\\\/uploads\\\/2022\\\/08\\\/monacair-blade-air-mobility-monaco-monte-carlo-1.jpg\",\"articleSection\":[\"Business\",\"Editor&#039;s choice\",\"News\"],\"inLanguage\":\"en-US\",\"copyrightYear\":\"2022\",\"copyrightHolder\":{\"@id\":\"https:\\\/\\\/www.monaco-tribune.com\\\/#organization\"}},{\"@type\":\"WebPage\",\"@id\":\"https:\\\/\\\/www.monaco-tribune.com\\\/en\\\/2022\\\/08\\\/monacair-founded-by-stefano-casiraghi-to-fly-american-flag\\\/\",\"url\":\"https:\\\/\\\/www.monaco-tribune.com\\\/en\\\/2022\\\/08\\\/monacair-founded-by-stefano-casiraghi-to-fly-american-flag\\\/\",\"name\":\"Monacair, founded by Stefano Casiraghi, to fly American flag\",\"isPartOf\":{\"@id\":\"https:\\\/\\\/www.monaco-tribune.com\\\/en\\\/#website\"},\"primaryImageOfPage\":{\"@id\":\"https:\\\/\\\/www.monaco-tribune.com\\\/en\\\/2022\\\/08\\\/monacair-founded-by-stefano-casiraghi-to-fly-american-flag\\\/#primaryimage\"},\"image\":{\"@id\":\"https:\\\/\\\/www.monaco-tribune.com\\\/en\\\/2022\\\/08\\\/monacair-founded-by-stefano-casiraghi-to-fly-american-flag\\\/#primaryimage\"},\"thumbnailUrl\":\"https:\\\/\\\/www.monaco-tribune.com\\\/wp-content\\\/uploads\\\/2022\\\/08\\\/monacair-blade-air-mobility-monaco-monte-carlo-1.jpg\",\"datePublished\":\"2022-08-17T10:50:56+00:00\",\"dateModified\":\"2022-08-17T10:53:49+00:00\",\"description\":\"The American company Blade Air Mobility intends to become the biggest helicopter transport service in Europe and aims to bring its vertical aircraft\",\"breadcrumb\":{\"@id\":\"https:\\\/\\\/www.monaco-tribune.com\\\/en\\\/2022\\\/08\\\/monacair-founded-by-stefano-casiraghi-to-fly-american-flag\\\/#breadcrumb\"},\"inLanguage\":\"en-US\",\"potentialAction\":[{\"@type\":\"ReadAction\",\"target\":[\"https:\\\/\\\/www.monaco-tribune.com\\\/en\\\/2022\\\/08\\\/monacair-founded-by-stefano-casiraghi-to-fly-american-flag\\\/\"]}]},{\"@type\":\"ImageObject\",\"inLanguage\":\"en-US\",\"@id\":\"https:\\\/\\\/www.monaco-tribune.com\\\/en\\\/2022\\\/08\\\/monacair-founded-by-stefano-casiraghi-to-fly-american-flag\\\/#primaryimage\",\"url\":\"https:\\\/\\\/www.monaco-tribune.com\\\/wp-content\\\/uploads\\\/2022\\\/08\\\/monacair-blade-air-mobility-monaco-monte-carlo-1.jpg\",\"contentUrl\":\"https:\\\/\\\/www.monaco-tribune.com\\\/wp-content\\\/uploads\\\/2022\\\/08\\\/monacair-blade-air-mobility-monaco-monte-carlo-1.jpg\",\"width\":1706,\"height\":1137,\"caption\":\"Monacair\"},{\"@type\":\"BreadcrumbList\",\"@id\":\"https:\\\/\\\/www.monaco-tribune.com\\\/en\\\/2022\\\/08\\\/monacair-founded-by-stefano-casiraghi-to-fly-american-flag\\\/#breadcrumb\",\"itemListElement\":[{\"@type\":\"ListItem\",\"position\":1,\"name\":\"Accueil\",\"item\":\"https:\\\/\\\/www.monaco-tribune.com\\\/en\\\/\"},{\"@type\":\"ListItem\",\"position\":2,\"name\":\"Monacair, founded by Stefano Casiraghi, to fly American flag\"}]},{\"@type\":\"WebSite\",\"@id\":\"https:\\\/\\\/www.monaco-tribune.com\\\/en\\\/#website\",\"url\":\"https:\\\/\\\/www.monaco-tribune.com\\\/en\\\/\",\"name\":\"Monaco Tribune\",\"description\":\"Monaco : actualit\u00e9s \u00e9conomiques, politiques, culturelles et sportives de Monaco et de la French Riviera.\",\"publisher\":{\"@id\":\"https:\\\/\\\/www.monaco-tribune.com\\\/en\\\/#organization\"},\"potentialAction\":[{\"@type\":\"SearchAction\",\"target\":{\"@type\":\"EntryPoint\",\"urlTemplate\":\"https:\\\/\\\/www.monaco-tribune.com\\\/en\\\/?s={search_term_string}\"},\"query-input\":{\"@type\":\"PropertyValueSpecification\",\"valueRequired\":true,\"valueName\":\"search_term_string\"}}],\"inLanguage\":\"en-US\"},{\"@type\":\"Organization\",\"@id\":\"https:\\\/\\\/www.monaco-tribune.com\\\/en\\\/#organization\",\"name\":\"Monaco Tribune\",\"url\":\"https:\\\/\\\/www.monaco-tribune.com\\\/en\\\/\",\"logo\":{\"@type\":\"ImageObject\",\"inLanguage\":\"en-US\",\"@id\":\"https:\\\/\\\/www.monaco-tribune.com\\\/en\\\/#\\\/schema\\\/logo\\\/image\\\/\",\"url\":\"https:\\\/\\\/www.monaco-tribune.com\\\/wp-content\\\/uploads\\\/2022\\\/11\\\/logo-monaco-tribune.png\",\"contentUrl\":\"https:\\\/\\\/www.monaco-tribune.com\\\/wp-content\\\/uploads\\\/2022\\\/11\\\/logo-monaco-tribune.png\",\"width\":1548,\"height\":600,\"caption\":\"Monaco Tribune\"},\"image\":{\"@id\":\"https:\\\/\\\/www.monaco-tribune.com\\\/en\\\/#\\\/schema\\\/logo\\\/image\\\/\"},\"sameAs\":[\"https:\\\/\\\/www.facebook.com\\\/MonacoTribune\",\"https:\\\/\\\/x.com\\\/MonacoTribune\",\"https:\\\/\\\/www.instagram.com\\\/monacotribune\\\/\",\"https:\\\/\\\/www.linkedin.com\\\/company\\\/monaco-tribune\",\"https:\\\/\\\/www.youtube.com\\\/channel\\\/UCHle1MnG6hw1y4lWKijVbMA\"]},{\"@type\":\"Person\",\"@id\":\"https:\\\/\\\/www.monaco-tribune.com\\\/en\\\/#\\\/schema\\\/person\\\/94fb5723547bd83dea1eed97e25145aa\",\"name\":\"Th\u00e9o Briand\",\"image\":{\"@type\":\"ImageObject\",\"inLanguage\":\"en-US\",\"@id\":\"https:\\\/\\\/secure.gravatar.com\\\/avatar\\\/1c02cfd8b8054d8c376f9a942a1dc4dbacfd8ba5e6f8dbb5e16f4aa3d281972a?s=96&d=mm&r=g\",\"url\":\"https:\\\/\\\/secure.gravatar.com\\\/avatar\\\/1c02cfd8b8054d8c376f9a942a1dc4dbacfd8ba5e6f8dbb5e16f4aa3d281972a?s=96&d=mm&r=g\",\"contentUrl\":\"https:\\\/\\\/secure.gravatar.com\\\/avatar\\\/1c02cfd8b8054d8c376f9a942a1dc4dbacfd8ba5e6f8dbb5e16f4aa3d281972a?s=96&d=mm&r=g\",\"caption\":\"Th\u00e9o Briand\"},\"url\":\"https:\\\/\\\/www.monaco-tribune.com\\\/en\\\/author\\\/theobriand\\\/\"}]}<\/script>\n<!-- \/ Yoast SEO Premium plugin. -->","yoast_head_json":{"title":"Monacair, founded by Stefano Casiraghi, to fly American flag","description":"The American company Blade Air Mobility intends to become the biggest helicopter transport service in Europe and aims to bring its vertical aircraft","robots":{"index":"index","follow":"follow","max-snippet":"max-snippet:-1","max-image-preview":"max-image-preview:large","max-video-preview":"max-video-preview:-1"},"canonical":"https:\/\/www.monaco-tribune.com\/en\/2022\/08\/monacair-founded-by-stefano-casiraghi-to-fly-american-flag\/","og_locale":"en_US","og_type":"article","og_title":"Monacair, founded by Stefano Casiraghi, to fly American flag - Monaco Tribune","og_description":"The American company Blade Air Mobility intends to become the biggest helicopter transport service in Europe and aims to bring its vertical aircraft","og_url":"https:\/\/www.monaco-tribune.com\/en\/2022\/08\/monacair-founded-by-stefano-casiraghi-to-fly-american-flag\/","og_site_name":"Monaco Tribune","article_publisher":"https:\/\/www.facebook.com\/MonacoTribune","article_published_time":"2022-08-17T10:50:56+00:00","article_modified_time":"2022-08-17T10:53:49+00:00","og_image":[{"width":1706,"height":1137,"url":"https:\/\/www.monaco-tribune.com\/wp-content\/uploads\/2022\/08\/monacair-blade-air-mobility-monaco-monte-carlo-1.jpg","type":"image\/jpeg"}],"author":"Th\u00e9o Briand","twitter_card":"summary_large_image","twitter_creator":"@MonacoTribune","twitter_site":"@MonacoTribune","schema":{"@context":"https:\/\/schema.org","@graph":[{"@type":"NewsArticle","@id":"https:\/\/www.monaco-tribune.com\/en\/2022\/08\/monacair-founded-by-stefano-casiraghi-to-fly-american-flag\/#article","isPartOf":{"@id":"https:\/\/www.monaco-tribune.com\/en\/2022\/08\/monacair-founded-by-stefano-casiraghi-to-fly-american-flag\/"},"author":{"name":"Th\u00e9o Briand","@id":"https:\/\/www.monaco-tribune.com\/en\/#\/schema\/person\/94fb5723547bd83dea1eed97e25145aa"},"headline":"Monacair, founded by Stefano Casiraghi, to fly American flag","datePublished":"2022-08-17T10:50:56+00:00","dateModified":"2022-08-17T10:53:49+00:00","mainEntityOfPage":{"@id":"https:\/\/www.monaco-tribune.com\/en\/2022\/08\/monacair-founded-by-stefano-casiraghi-to-fly-american-flag\/"},"wordCount":335,"publisher":{"@id":"https:\/\/www.monaco-tribune.com\/en\/#organization"},"image":{"@id":"https:\/\/www.monaco-tribune.com\/en\/2022\/08\/monacair-founded-by-stefano-casiraghi-to-fly-american-flag\/#primaryimage"},"thumbnailUrl":"https:\/\/www.monaco-tribune.com\/wp-content\/uploads\/2022\/08\/monacair-blade-air-mobility-monaco-monte-carlo-1.jpg","articleSection":["Business","Editor&#039;s choice","News"],"inLanguage":"en-US","copyrightYear":"2022","copyrightHolder":{"@id":"https:\/\/www.monaco-tribune.com\/#organization"}},{"@type":"WebPage","@id":"https:\/\/www.monaco-tribune.com\/en\/2022\/08\/monacair-founded-by-stefano-casiraghi-to-fly-american-flag\/","url":"https:\/\/www.monaco-tribune.com\/en\/2022\/08\/monacair-founded-by-stefano-casiraghi-to-fly-american-flag\/","name":"Monacair, founded by Stefano Casiraghi, to fly American flag","isPartOf":{"@id":"https:\/\/www.monaco-tribune.com\/en\/#website"},"primaryImageOfPage":{"@id":"https:\/\/www.monaco-tribune.com\/en\/2022\/08\/monacair-founded-by-stefano-casiraghi-to-fly-american-flag\/#primaryimage"},"image":{"@id":"https:\/\/www.monaco-tribune.com\/en\/2022\/08\/monacair-founded-by-stefano-casiraghi-to-fly-american-flag\/#primaryimage"},"thumbnailUrl":"https:\/\/www.monaco-tribune.com\/wp-content\/uploads\/2022\/08\/monacair-blade-air-mobility-monaco-monte-carlo-1.jpg","datePublished":"2022-08-17T10:50:56+00:00","dateModified":"2022-08-17T10:53:49+00:00","description":"The American company Blade Air Mobility intends to become the biggest helicopter transport service in Europe and aims to bring its vertical aircraft","breadcrumb":{"@id":"https:\/\/www.monaco-tribune.com\/en\/2022\/08\/monacair-founded-by-stefano-casiraghi-to-fly-american-flag\/#breadcrumb"},"inLanguage":"en-US","potentialAction":[{"@type":"ReadAction","target":["https:\/\/www.monaco-tribune.com\/en\/2022\/08\/monacair-founded-by-stefano-casiraghi-to-fly-american-flag\/"]}]},{"@type":"ImageObject","inLanguage":"en-US","@id":"https:\/\/www.monaco-tribune.com\/en\/2022\/08\/monacair-founded-by-stefano-casiraghi-to-fly-american-flag\/#primaryimage","url":"https:\/\/www.monaco-tribune.com\/wp-content\/uploads\/2022\/08\/monacair-blade-air-mobility-monaco-monte-carlo-1.jpg","contentUrl":"https:\/\/www.monaco-tribune.com\/wp-content\/uploads\/2022\/08\/monacair-blade-air-mobility-monaco-monte-carlo-1.jpg","width":1706,"height":1137,"caption":"Monacair"},{"@type":"BreadcrumbList","@id":"https:\/\/www.monaco-tribune.com\/en\/2022\/08\/monacair-founded-by-stefano-casiraghi-to-fly-american-flag\/#breadcrumb","itemListElement":[{"@type":"ListItem","position":1,"name":"Accueil","item":"https:\/\/www.monaco-tribune.com\/en\/"},{"@type":"ListItem","position":2,"name":"Monacair, founded by Stefano Casiraghi, to fly American flag"}]},{"@type":"WebSite","@id":"https:\/\/www.monaco-tribune.com\/en\/#website","url":"https:\/\/www.monaco-tribune.com\/en\/","name":"Monaco Tribune","description":"Monaco : actualit\u00e9s \u00e9conomiques, politiques, culturelles et sportives de Monaco et de la French Riviera.","publisher":{"@id":"https:\/\/www.monaco-tribune.com\/en\/#organization"},"potentialAction":[{"@type":"SearchAction","target":{"@type":"EntryPoint","urlTemplate":"https:\/\/www.monaco-tribune.com\/en\/?s={search_term_string}"},"query-input":{"@type":"PropertyValueSpecification","valueRequired":true,"valueName":"search_term_string"}}],"inLanguage":"en-US"},{"@type":"Organization","@id":"https:\/\/www.monaco-tribune.com\/en\/#organization","name":"Monaco Tribune","url":"https:\/\/www.monaco-tribune.com\/en\/","logo":{"@type":"ImageObject","inLanguage":"en-US","@id":"https:\/\/www.monaco-tribune.com\/en\/#\/schema\/logo\/image\/","url":"https:\/\/www.monaco-tribune.com\/wp-content\/uploads\/2022\/11\/logo-monaco-tribune.png","contentUrl":"https:\/\/www.monaco-tribune.com\/wp-content\/uploads\/2022\/11\/logo-monaco-tribune.png","width":1548,"height":600,"caption":"Monaco Tribune"},"image":{"@id":"https:\/\/www.monaco-tribune.com\/en\/#\/schema\/logo\/image\/"},"sameAs":["https:\/\/www.facebook.com\/MonacoTribune","https:\/\/x.com\/MonacoTribune","https:\/\/www.instagram.com\/monacotribune\/","https:\/\/www.linkedin.com\/company\/monaco-tribune","https:\/\/www.youtube.com\/channel\/UCHle1MnG6hw1y4lWKijVbMA"]},{"@type":"Person","@id":"https:\/\/www.monaco-tribune.com\/en\/#\/schema\/person\/94fb5723547bd83dea1eed97e25145aa","name":"Th\u00e9o Briand","image":{"@type":"ImageObject","inLanguage":"en-US","@id":"https:\/\/secure.gravatar.com\/avatar\/1c02cfd8b8054d8c376f9a942a1dc4dbacfd8ba5e6f8dbb5e16f4aa3d281972a?s=96&d=mm&r=g","url":"https:\/\/secure.gravatar.com\/avatar\/1c02cfd8b8054d8c376f9a942a1dc4dbacfd8ba5e6f8dbb5e16f4aa3d281972a?s=96&d=mm&r=g","contentUrl":"https:\/\/secure.gravatar.com\/avatar\/1c02cfd8b8054d8c376f9a942a1dc4dbacfd8ba5e6f8dbb5e16f4aa3d281972a?s=96&d=mm&r=g","caption":"Th\u00e9o Briand"},"url":"https:\/\/www.monaco-tribune.com\/en\/author\/theobriand\/"}]}},"_links":{"self":[{"href":"https:\/\/www.monaco-tribune.com\/en\/wp-json\/wp\/v2\/posts\/134760","targetHints":{"allow":["GET"]}}],"collection":[{"href":"https:\/\/www.monaco-tribune.com\/en\/wp-json\/wp\/v2\/posts"}],"about":[{"href":"https:\/\/www.monaco-tribune.com\/en\/wp-json\/wp\/v2\/types\/post"}],"author":[{"embeddable":true,"href":"https:\/\/www.monaco-tribune.com\/en\/wp-json\/wp\/v2\/users\/66"}],"replies":[{"embeddable":true,"href":"https:\/\/www.monaco-tribune.com\/en\/wp-json\/wp\/v2\/comments?post=134760"}],"version-history":[{"count":0,"href":"https:\/\/www.monaco-tribune.com\/en\/wp-json\/wp\/v2\/posts\/134760\/revisions"}],"wp:featuredmedia":[{"embeddable":true,"href":"https:\/\/www.monaco-tribune.com\/en\/wp-json\/wp\/v2\/media\/134731"}],"wp:attachment":[{"href":"https:\/\/www.monaco-tribune.com\/en\/wp-json\/wp\/v2\/media?parent=134760"}],"wp:term":[{"taxonomy":"category","embeddable":true,"href":"https:\/\/www.monaco-tribune.com\/en\/wp-json\/wp\/v2\/categories?post=134760"},{"taxonomy":"post_tag","embeddable":true,"href":"https:\/\/www.monaco-tribune.com\/en\/wp-json\/wp\/v2\/tags?post=134760"},{"taxonomy":"sectag","embeddable":true,"href":"https:\/\/www.monaco-tribune.com\/en\/wp-json\/wp\/v2\/post_sectags?post=134760"},{"taxonomy":"format","embeddable":true,"href":"https:\/\/www.monaco-tribune.com\/en\/wp-json\/wp\/v2\/post_format?post=134760"}],"curies":[{"name":"wp","href":"https:\/\/api.w.org\/{rel}","templated":true}]}}