{"id":137028,"date":"2022-09-07T17:24:01","date_gmt":"2022-09-07T15:24:01","guid":{"rendered":"https:\/\/www.monaco-tribune.com\/2022\/09\/electricity-bigger-bills-likely-in-2023\/"},"modified":"2022-09-07T17:54:04","modified_gmt":"2022-09-07T15:54:04","slug":"electricity-bigger-bills-likely-in-2023","status":"publish","type":"post","link":"https:\/\/www.monaco-tribune.com\/en\/2022\/09\/electricity-bigger-bills-likely-in-2023\/","title":{"rendered":"Electricity: bigger bills likely in 2023"},"content":{"rendered":"\n<p><strong>The war in Ukraine had little impact on Monegasque residents&#8217; and businesses&#8217; electricity bills in 2022, but things could get tougher next year. <\/strong><\/p>\n\n<p>In an interview with Monaco Info, Thomas Battaglione, CEO of SMEG (Soci\u00e9t\u00e9 Mon\u00e9gasque de l&#8217;Electricit\u00e9 et du Gaz), explained that the post-Covid-19 economic upturn is leading to an increase in energy demand (electricity, gas, oil, etc). <\/p>\n\n<p>At the same time, supply is being disrupted by the Russian-Ukrainian conflict, with reductions or even suspensions of Russian gas supplies to the West, and by the gradual shutting down of nuclear power plants in Europe. <\/p>\n\n<p>As a result, supply in Europe is becoming increasingly difficult. There is a real risk of shortages, and price increases seem inevitable. <\/p>\n\n<h2 class=\"wp-block-heading\" id=\"h-les-tarifs-inchanges-cette-annee\">Stable prices this year<\/h2>\n\n<p>Price increases are already being felt in France and other countries such as Germany, but have yet to hit Monaco. The Principality has been spared until now, because although SMEG buys its electricity and gas on the European markets, it was able to secure supplies before the start of the war in Ukraine and the beginning of the health crisis. <\/p>\n\n<p>The 2022 tariffs are therefore more or less the same as in previous years. <\/p>\n\n<p><strong>SEE ALSO: <a href=\"https:\/\/www.monaco-tribune.com\/en\/2021\/12\/transitions-in-terms-of-savings-and-the-environment-what-is-the-best-source-of-energy-in-monaco\/\">In terms of savings and the environment, what is the best source of energy in Monaco?<\/a><\/strong><\/p>\n\n<h2 class=\"wp-block-heading\" id=\"h-hausse-de-40-en-2023\">40% increase in 2023<\/h2>\n\n<p>&#8220;For 2023, we are in exactly the same situation as all the European countries,&#8221;\u00a0warns SMEG&#8217;s CEO. The company is now buying electricity at much higher prices. This means that if purchase terms remain unchanged, prices will increase by 40% for Monegasque residents and companies.<\/p>\n\n<p>This substantial increase could lead to hardship for lower-income households and smaller businesses, especially since inflation is being felt in other areas. Food, real estate, fuel&#8230; the current price hikes are across the board.<\/p>\n\n<p>In order to lighten the load, SMEG is working with the Government to set up a buffer mechanism. In France, for example, the Government is relying on the price cap. The scheme sets a ceiling for energy price increases so as to protect the French population&#8217;s spending power. <\/p>\n","protected":false},"excerpt":{"rendered":"<p>The war in Ukraine had little impact on Monegasque residents&#8217; and businesses&#8217; electricity bills in 2022, but things could get [&hellip;]<\/p>\n","protected":false},"author":69,"featured_media":136852,"comment_status":"closed","ping_status":"closed","sticky":false,"template":"","format":"standard","meta":{"_acf_changed":false,"footnotes":""},"categories":[1825,243,258],"tags":[],"post_sectags":[],"post_format":[2465],"class_list":["post-137028","post","type-post","status-publish","format-standard","has-post-thumbnail","hentry","category-editors-choice","category-news","category-public-life","format-in-brief"],"acf":[],"yoast_head":"<!-- This site is optimized with the Yoast SEO Premium plugin v26.8 (Yoast SEO v27.4) - https:\/\/yoast.com\/product\/yoast-seo-premium-wordpress\/ -->\n<title>Electricity: bigger bills likely in 2023<\/title>\n<meta name=\"description\" content=\"The war in Ukraine had little impact on Monegasque residents&#039; and businesses&#039; electricity bills in 2022, but things could get tougher next year. In an\" \/>\n<meta name=\"robots\" content=\"index, follow, max-snippet:-1, max-image-preview:large, max-video-preview:-1\" \/>\n<link rel=\"canonical\" href=\"https:\/\/www.monaco-tribune.com\/en\/2022\/09\/electricity-bigger-bills-likely-in-2023\/\" \/>\n<meta property=\"og:locale\" content=\"en_US\" \/>\n<meta property=\"og:type\" content=\"article\" \/>\n<meta property=\"og:title\" content=\"Electricity: bigger bills likely in 2023 - Monaco Tribune\" \/>\n<meta property=\"og:description\" content=\"The war in Ukraine had little impact on Monegasque residents&#039; and businesses&#039; electricity bills in 2022, but things could get tougher next year. In an\" \/>\n<meta property=\"og:url\" content=\"https:\/\/www.monaco-tribune.com\/en\/2022\/09\/electricity-bigger-bills-likely-in-2023\/\" \/>\n<meta property=\"og:site_name\" content=\"Monaco Tribune\" \/>\n<meta property=\"article:publisher\" content=\"https:\/\/www.facebook.com\/MonacoTribune\" \/>\n<meta property=\"article:published_time\" content=\"2022-09-07T15:24:01+00:00\" \/>\n<meta property=\"article:modified_time\" content=\"2022-09-07T15:54:04+00:00\" \/>\n<meta property=\"og:image\" content=\"https:\/\/www.monaco-tribune.com\/wp-content\/uploads\/2022\/09\/electricite-monaco-smeg-nuit.jpg\" \/>\n\t<meta property=\"og:image:width\" content=\"1020\" \/>\n\t<meta property=\"og:image:height\" content=\"630\" \/>\n\t<meta property=\"og:image:type\" content=\"image\/jpeg\" \/>\n<meta name=\"author\" content=\"Sarah Incari\" \/>\n<meta name=\"twitter:card\" content=\"summary_large_image\" \/>\n<meta name=\"twitter:creator\" content=\"@MonacoTribune\" \/>\n<meta name=\"twitter:site\" content=\"@MonacoTribune\" \/>\n<script type=\"application\/ld+json\" class=\"yoast-schema-graph\">{\"@context\":\"https:\\\/\\\/schema.org\",\"@graph\":[{\"@type\":\"NewsArticle\",\"@id\":\"https:\\\/\\\/www.monaco-tribune.com\\\/en\\\/2022\\\/09\\\/electricity-bigger-bills-likely-in-2023\\\/#article\",\"isPartOf\":{\"@id\":\"https:\\\/\\\/www.monaco-tribune.com\\\/en\\\/2022\\\/09\\\/electricity-bigger-bills-likely-in-2023\\\/\"},\"author\":{\"name\":\"Sarah Incari\",\"@id\":\"https:\\\/\\\/www.monaco-tribune.com\\\/en\\\/#\\\/schema\\\/person\\\/dd3b5770833f791d3f4d808f1aa84499\"},\"headline\":\"Electricity: bigger bills likely in 2023\",\"datePublished\":\"2022-09-07T15:24:01+00:00\",\"dateModified\":\"2022-09-07T15:54:04+00:00\",\"mainEntityOfPage\":{\"@id\":\"https:\\\/\\\/www.monaco-tribune.com\\\/en\\\/2022\\\/09\\\/electricity-bigger-bills-likely-in-2023\\\/\"},\"wordCount\":348,\"publisher\":{\"@id\":\"https:\\\/\\\/www.monaco-tribune.com\\\/en\\\/#organization\"},\"image\":{\"@id\":\"https:\\\/\\\/www.monaco-tribune.com\\\/en\\\/2022\\\/09\\\/electricity-bigger-bills-likely-in-2023\\\/#primaryimage\"},\"thumbnailUrl\":\"https:\\\/\\\/www.monaco-tribune.com\\\/wp-content\\\/uploads\\\/2022\\\/09\\\/electricite-monaco-smeg-nuit.jpg\",\"articleSection\":[\"Editor&#039;s choice\",\"News\",\"Society\"],\"inLanguage\":\"en-US\",\"copyrightYear\":\"2022\",\"copyrightHolder\":{\"@id\":\"https:\\\/\\\/www.monaco-tribune.com\\\/#organization\"}},{\"@type\":\"WebPage\",\"@id\":\"https:\\\/\\\/www.monaco-tribune.com\\\/en\\\/2022\\\/09\\\/electricity-bigger-bills-likely-in-2023\\\/\",\"url\":\"https:\\\/\\\/www.monaco-tribune.com\\\/en\\\/2022\\\/09\\\/electricity-bigger-bills-likely-in-2023\\\/\",\"name\":\"Electricity: bigger bills likely in 2023\",\"isPartOf\":{\"@id\":\"https:\\\/\\\/www.monaco-tribune.com\\\/en\\\/#website\"},\"primaryImageOfPage\":{\"@id\":\"https:\\\/\\\/www.monaco-tribune.com\\\/en\\\/2022\\\/09\\\/electricity-bigger-bills-likely-in-2023\\\/#primaryimage\"},\"image\":{\"@id\":\"https:\\\/\\\/www.monaco-tribune.com\\\/en\\\/2022\\\/09\\\/electricity-bigger-bills-likely-in-2023\\\/#primaryimage\"},\"thumbnailUrl\":\"https:\\\/\\\/www.monaco-tribune.com\\\/wp-content\\\/uploads\\\/2022\\\/09\\\/electricite-monaco-smeg-nuit.jpg\",\"datePublished\":\"2022-09-07T15:24:01+00:00\",\"dateModified\":\"2022-09-07T15:54:04+00:00\",\"description\":\"The war in Ukraine had little impact on Monegasque residents' and businesses' electricity bills in 2022, but things could get tougher next year. In an\",\"breadcrumb\":{\"@id\":\"https:\\\/\\\/www.monaco-tribune.com\\\/en\\\/2022\\\/09\\\/electricity-bigger-bills-likely-in-2023\\\/#breadcrumb\"},\"inLanguage\":\"en-US\",\"potentialAction\":[{\"@type\":\"ReadAction\",\"target\":[\"https:\\\/\\\/www.monaco-tribune.com\\\/en\\\/2022\\\/09\\\/electricity-bigger-bills-likely-in-2023\\\/\"]}]},{\"@type\":\"ImageObject\",\"inLanguage\":\"en-US\",\"@id\":\"https:\\\/\\\/www.monaco-tribune.com\\\/en\\\/2022\\\/09\\\/electricity-bigger-bills-likely-in-2023\\\/#primaryimage\",\"url\":\"https:\\\/\\\/www.monaco-tribune.com\\\/wp-content\\\/uploads\\\/2022\\\/09\\\/electricite-monaco-smeg-nuit.jpg\",\"contentUrl\":\"https:\\\/\\\/www.monaco-tribune.com\\\/wp-content\\\/uploads\\\/2022\\\/09\\\/electricite-monaco-smeg-nuit.jpg\",\"width\":1020,\"height\":630,\"caption\":\"\u00a9 SMEG\"},{\"@type\":\"BreadcrumbList\",\"@id\":\"https:\\\/\\\/www.monaco-tribune.com\\\/en\\\/2022\\\/09\\\/electricity-bigger-bills-likely-in-2023\\\/#breadcrumb\",\"itemListElement\":[{\"@type\":\"ListItem\",\"position\":1,\"name\":\"Accueil\",\"item\":\"https:\\\/\\\/www.monaco-tribune.com\\\/en\\\/\"},{\"@type\":\"ListItem\",\"position\":2,\"name\":\"Electricity: bigger bills likely in 2023\"}]},{\"@type\":\"WebSite\",\"@id\":\"https:\\\/\\\/www.monaco-tribune.com\\\/en\\\/#website\",\"url\":\"https:\\\/\\\/www.monaco-tribune.com\\\/en\\\/\",\"name\":\"Monaco Tribune\",\"description\":\"Monaco : actualit\u00e9s \u00e9conomiques, politiques, culturelles et sportives de Monaco et de la French Riviera.\",\"publisher\":{\"@id\":\"https:\\\/\\\/www.monaco-tribune.com\\\/en\\\/#organization\"},\"potentialAction\":[{\"@type\":\"SearchAction\",\"target\":{\"@type\":\"EntryPoint\",\"urlTemplate\":\"https:\\\/\\\/www.monaco-tribune.com\\\/en\\\/?s={search_term_string}\"},\"query-input\":{\"@type\":\"PropertyValueSpecification\",\"valueRequired\":true,\"valueName\":\"search_term_string\"}}],\"inLanguage\":\"en-US\"},{\"@type\":\"Organization\",\"@id\":\"https:\\\/\\\/www.monaco-tribune.com\\\/en\\\/#organization\",\"name\":\"Monaco Tribune\",\"url\":\"https:\\\/\\\/www.monaco-tribune.com\\\/en\\\/\",\"logo\":{\"@type\":\"ImageObject\",\"inLanguage\":\"en-US\",\"@id\":\"https:\\\/\\\/www.monaco-tribune.com\\\/en\\\/#\\\/schema\\\/logo\\\/image\\\/\",\"url\":\"https:\\\/\\\/www.monaco-tribune.com\\\/wp-content\\\/uploads\\\/2022\\\/11\\\/logo-monaco-tribune.png\",\"contentUrl\":\"https:\\\/\\\/www.monaco-tribune.com\\\/wp-content\\\/uploads\\\/2022\\\/11\\\/logo-monaco-tribune.png\",\"width\":1548,\"height\":600,\"caption\":\"Monaco Tribune\"},\"image\":{\"@id\":\"https:\\\/\\\/www.monaco-tribune.com\\\/en\\\/#\\\/schema\\\/logo\\\/image\\\/\"},\"sameAs\":[\"https:\\\/\\\/www.facebook.com\\\/MonacoTribune\",\"https:\\\/\\\/x.com\\\/MonacoTribune\",\"https:\\\/\\\/www.instagram.com\\\/monacotribune\\\/\",\"https:\\\/\\\/www.linkedin.com\\\/company\\\/monaco-tribune\",\"https:\\\/\\\/www.youtube.com\\\/channel\\\/UCHle1MnG6hw1y4lWKijVbMA\"]},{\"@type\":\"Person\",\"@id\":\"https:\\\/\\\/www.monaco-tribune.com\\\/en\\\/#\\\/schema\\\/person\\\/dd3b5770833f791d3f4d808f1aa84499\",\"name\":\"Sarah Incari\",\"image\":{\"@type\":\"ImageObject\",\"inLanguage\":\"en-US\",\"@id\":\"https:\\\/\\\/secure.gravatar.com\\\/avatar\\\/4ac0b37be892d57107ccdd804e3f2a03bf1e3fca097512136d3603859293cb0e?s=96&d=mm&r=g\",\"url\":\"https:\\\/\\\/secure.gravatar.com\\\/avatar\\\/4ac0b37be892d57107ccdd804e3f2a03bf1e3fca097512136d3603859293cb0e?s=96&d=mm&r=g\",\"contentUrl\":\"https:\\\/\\\/secure.gravatar.com\\\/avatar\\\/4ac0b37be892d57107ccdd804e3f2a03bf1e3fca097512136d3603859293cb0e?s=96&d=mm&r=g\",\"caption\":\"Sarah Incari\"},\"url\":\"https:\\\/\\\/www.monaco-tribune.com\\\/en\\\/author\\\/sarahincari\\\/\"}]}<\/script>\n<!-- \/ Yoast SEO Premium plugin. -->","yoast_head_json":{"title":"Electricity: bigger bills likely in 2023","description":"The war in Ukraine had little impact on Monegasque residents' and businesses' electricity bills in 2022, but things could get tougher next year. In an","robots":{"index":"index","follow":"follow","max-snippet":"max-snippet:-1","max-image-preview":"max-image-preview:large","max-video-preview":"max-video-preview:-1"},"canonical":"https:\/\/www.monaco-tribune.com\/en\/2022\/09\/electricity-bigger-bills-likely-in-2023\/","og_locale":"en_US","og_type":"article","og_title":"Electricity: bigger bills likely in 2023 - Monaco Tribune","og_description":"The war in Ukraine had little impact on Monegasque residents' and businesses' electricity bills in 2022, but things could get tougher next year. In an","og_url":"https:\/\/www.monaco-tribune.com\/en\/2022\/09\/electricity-bigger-bills-likely-in-2023\/","og_site_name":"Monaco Tribune","article_publisher":"https:\/\/www.facebook.com\/MonacoTribune","article_published_time":"2022-09-07T15:24:01+00:00","article_modified_time":"2022-09-07T15:54:04+00:00","og_image":[{"width":1020,"height":630,"url":"https:\/\/www.monaco-tribune.com\/wp-content\/uploads\/2022\/09\/electricite-monaco-smeg-nuit.jpg","type":"image\/jpeg"}],"author":"Sarah Incari","twitter_card":"summary_large_image","twitter_creator":"@MonacoTribune","twitter_site":"@MonacoTribune","schema":{"@context":"https:\/\/schema.org","@graph":[{"@type":"NewsArticle","@id":"https:\/\/www.monaco-tribune.com\/en\/2022\/09\/electricity-bigger-bills-likely-in-2023\/#article","isPartOf":{"@id":"https:\/\/www.monaco-tribune.com\/en\/2022\/09\/electricity-bigger-bills-likely-in-2023\/"},"author":{"name":"Sarah Incari","@id":"https:\/\/www.monaco-tribune.com\/en\/#\/schema\/person\/dd3b5770833f791d3f4d808f1aa84499"},"headline":"Electricity: bigger bills likely in 2023","datePublished":"2022-09-07T15:24:01+00:00","dateModified":"2022-09-07T15:54:04+00:00","mainEntityOfPage":{"@id":"https:\/\/www.monaco-tribune.com\/en\/2022\/09\/electricity-bigger-bills-likely-in-2023\/"},"wordCount":348,"publisher":{"@id":"https:\/\/www.monaco-tribune.com\/en\/#organization"},"image":{"@id":"https:\/\/www.monaco-tribune.com\/en\/2022\/09\/electricity-bigger-bills-likely-in-2023\/#primaryimage"},"thumbnailUrl":"https:\/\/www.monaco-tribune.com\/wp-content\/uploads\/2022\/09\/electricite-monaco-smeg-nuit.jpg","articleSection":["Editor&#039;s choice","News","Society"],"inLanguage":"en-US","copyrightYear":"2022","copyrightHolder":{"@id":"https:\/\/www.monaco-tribune.com\/#organization"}},{"@type":"WebPage","@id":"https:\/\/www.monaco-tribune.com\/en\/2022\/09\/electricity-bigger-bills-likely-in-2023\/","url":"https:\/\/www.monaco-tribune.com\/en\/2022\/09\/electricity-bigger-bills-likely-in-2023\/","name":"Electricity: bigger bills likely in 2023","isPartOf":{"@id":"https:\/\/www.monaco-tribune.com\/en\/#website"},"primaryImageOfPage":{"@id":"https:\/\/www.monaco-tribune.com\/en\/2022\/09\/electricity-bigger-bills-likely-in-2023\/#primaryimage"},"image":{"@id":"https:\/\/www.monaco-tribune.com\/en\/2022\/09\/electricity-bigger-bills-likely-in-2023\/#primaryimage"},"thumbnailUrl":"https:\/\/www.monaco-tribune.com\/wp-content\/uploads\/2022\/09\/electricite-monaco-smeg-nuit.jpg","datePublished":"2022-09-07T15:24:01+00:00","dateModified":"2022-09-07T15:54:04+00:00","description":"The war in Ukraine had little impact on Monegasque residents' and businesses' electricity bills in 2022, but things could get tougher next year. In an","breadcrumb":{"@id":"https:\/\/www.monaco-tribune.com\/en\/2022\/09\/electricity-bigger-bills-likely-in-2023\/#breadcrumb"},"inLanguage":"en-US","potentialAction":[{"@type":"ReadAction","target":["https:\/\/www.monaco-tribune.com\/en\/2022\/09\/electricity-bigger-bills-likely-in-2023\/"]}]},{"@type":"ImageObject","inLanguage":"en-US","@id":"https:\/\/www.monaco-tribune.com\/en\/2022\/09\/electricity-bigger-bills-likely-in-2023\/#primaryimage","url":"https:\/\/www.monaco-tribune.com\/wp-content\/uploads\/2022\/09\/electricite-monaco-smeg-nuit.jpg","contentUrl":"https:\/\/www.monaco-tribune.com\/wp-content\/uploads\/2022\/09\/electricite-monaco-smeg-nuit.jpg","width":1020,"height":630,"caption":"\u00a9 SMEG"},{"@type":"BreadcrumbList","@id":"https:\/\/www.monaco-tribune.com\/en\/2022\/09\/electricity-bigger-bills-likely-in-2023\/#breadcrumb","itemListElement":[{"@type":"ListItem","position":1,"name":"Accueil","item":"https:\/\/www.monaco-tribune.com\/en\/"},{"@type":"ListItem","position":2,"name":"Electricity: bigger bills likely in 2023"}]},{"@type":"WebSite","@id":"https:\/\/www.monaco-tribune.com\/en\/#website","url":"https:\/\/www.monaco-tribune.com\/en\/","name":"Monaco Tribune","description":"Monaco : actualit\u00e9s \u00e9conomiques, politiques, culturelles et sportives de Monaco et de la French Riviera.","publisher":{"@id":"https:\/\/www.monaco-tribune.com\/en\/#organization"},"potentialAction":[{"@type":"SearchAction","target":{"@type":"EntryPoint","urlTemplate":"https:\/\/www.monaco-tribune.com\/en\/?s={search_term_string}"},"query-input":{"@type":"PropertyValueSpecification","valueRequired":true,"valueName":"search_term_string"}}],"inLanguage":"en-US"},{"@type":"Organization","@id":"https:\/\/www.monaco-tribune.com\/en\/#organization","name":"Monaco Tribune","url":"https:\/\/www.monaco-tribune.com\/en\/","logo":{"@type":"ImageObject","inLanguage":"en-US","@id":"https:\/\/www.monaco-tribune.com\/en\/#\/schema\/logo\/image\/","url":"https:\/\/www.monaco-tribune.com\/wp-content\/uploads\/2022\/11\/logo-monaco-tribune.png","contentUrl":"https:\/\/www.monaco-tribune.com\/wp-content\/uploads\/2022\/11\/logo-monaco-tribune.png","width":1548,"height":600,"caption":"Monaco Tribune"},"image":{"@id":"https:\/\/www.monaco-tribune.com\/en\/#\/schema\/logo\/image\/"},"sameAs":["https:\/\/www.facebook.com\/MonacoTribune","https:\/\/x.com\/MonacoTribune","https:\/\/www.instagram.com\/monacotribune\/","https:\/\/www.linkedin.com\/company\/monaco-tribune","https:\/\/www.youtube.com\/channel\/UCHle1MnG6hw1y4lWKijVbMA"]},{"@type":"Person","@id":"https:\/\/www.monaco-tribune.com\/en\/#\/schema\/person\/dd3b5770833f791d3f4d808f1aa84499","name":"Sarah Incari","image":{"@type":"ImageObject","inLanguage":"en-US","@id":"https:\/\/secure.gravatar.com\/avatar\/4ac0b37be892d57107ccdd804e3f2a03bf1e3fca097512136d3603859293cb0e?s=96&d=mm&r=g","url":"https:\/\/secure.gravatar.com\/avatar\/4ac0b37be892d57107ccdd804e3f2a03bf1e3fca097512136d3603859293cb0e?s=96&d=mm&r=g","contentUrl":"https:\/\/secure.gravatar.com\/avatar\/4ac0b37be892d57107ccdd804e3f2a03bf1e3fca097512136d3603859293cb0e?s=96&d=mm&r=g","caption":"Sarah Incari"},"url":"https:\/\/www.monaco-tribune.com\/en\/author\/sarahincari\/"}]}},"_links":{"self":[{"href":"https:\/\/www.monaco-tribune.com\/en\/wp-json\/wp\/v2\/posts\/137028","targetHints":{"allow":["GET"]}}],"collection":[{"href":"https:\/\/www.monaco-tribune.com\/en\/wp-json\/wp\/v2\/posts"}],"about":[{"href":"https:\/\/www.monaco-tribune.com\/en\/wp-json\/wp\/v2\/types\/post"}],"author":[{"embeddable":true,"href":"https:\/\/www.monaco-tribune.com\/en\/wp-json\/wp\/v2\/users\/69"}],"replies":[{"embeddable":true,"href":"https:\/\/www.monaco-tribune.com\/en\/wp-json\/wp\/v2\/comments?post=137028"}],"version-history":[{"count":0,"href":"https:\/\/www.monaco-tribune.com\/en\/wp-json\/wp\/v2\/posts\/137028\/revisions"}],"wp:featuredmedia":[{"embeddable":true,"href":"https:\/\/www.monaco-tribune.com\/en\/wp-json\/wp\/v2\/media\/136852"}],"wp:attachment":[{"href":"https:\/\/www.monaco-tribune.com\/en\/wp-json\/wp\/v2\/media?parent=137028"}],"wp:term":[{"taxonomy":"category","embeddable":true,"href":"https:\/\/www.monaco-tribune.com\/en\/wp-json\/wp\/v2\/categories?post=137028"},{"taxonomy":"post_tag","embeddable":true,"href":"https:\/\/www.monaco-tribune.com\/en\/wp-json\/wp\/v2\/tags?post=137028"},{"taxonomy":"sectag","embeddable":true,"href":"https:\/\/www.monaco-tribune.com\/en\/wp-json\/wp\/v2\/post_sectags?post=137028"},{"taxonomy":"format","embeddable":true,"href":"https:\/\/www.monaco-tribune.com\/en\/wp-json\/wp\/v2\/post_format?post=137028"}],"curies":[{"name":"wp","href":"https:\/\/api.w.org\/{rel}","templated":true}]}}