{"id":139607,"date":"2022-09-22T16:27:29","date_gmt":"2022-09-22T14:27:29","guid":{"rendered":"https:\/\/www.monaco-tribune.com\/2022\/09\/national-council-welcomes-peace-and-sport-to-the-chamber\/"},"modified":"2022-09-22T16:29:36","modified_gmt":"2022-09-22T14:29:36","slug":"national-council-welcomes-peace-and-sport-to-the-chamber","status":"publish","type":"post","link":"https:\/\/www.monaco-tribune.com\/en\/2022\/09\/national-council-welcomes-peace-and-sport-to-the-chamber\/","title":{"rendered":"National Council welcomes Peace and Sport to the Chamber"},"content":{"rendered":"\n<p><strong>The international organisation was invited to the National Council Chamber on Wednesday evening as part of the celebration of the UN International Day of Peace. \u00a0<\/strong><\/p>\n\n<p>It was an opportunity for several Peace Champions, in particular Venuste Niyongabo, the Olympic 5000m champion, and Fiorina Berezovsky, the chess champion, to talk to representatives of Monaco&#8217;s youth.<\/p>\n<div class=\"wp-block-image\">\n<figure class=\"aligncenter size-large\"><img decoding=\"async\" src=\"https:\/\/www.monaco-tribune.com\/wp-content\/uploads\/2022\/09\/bouzou-joe&#x308;l-journe&#x301;e-international-de-la-paix-au-conseil-national-21-septembre-2022-1-1024x683.jpg\" alt=\"\" class=\"wp-image-139475\"\/><figcaption>\u00a9National Council<\/figcaption><\/figure>\n<\/div>\n<p>A National Youth Council of which the swimmer Th\u00e9o Druenne, also a Peace Champion, is a member. In the presence of St\u00e9phane Valeri, President of the National Council, Jo\u00ebl Bouzou, President\/Founder of Peace and Sport and Marine Grisoul, President of the Commission for Education, Youth and Sport, the Champions for Peace presented the charity&#8217;s different initiatives, stressing the crucial role of sport for peace.<\/p>\n\n<h2 class=\"wp-block-heading\" id=\"h-les-jeux-de-l-amitie-prochaine-grande-echeance-de-peace-and-sport\">The Friendship Games, Peace and Sport&#8217;s next big event <\/h2>\n\n<p>&#8220;Peace through sport is not just an ideal, we regularly have tangible evidence that it is possible.\u00a0Our grassroots programmes have shown that sports-based initiatives can accelerate social transformation in very concrete ways,&#8221; said J\u00f6el Bouzou.<\/p>\n\n<p>&#8220;In Burkina Faso, Togo, Colombia, India, Mali, Morocco, Burundi and Rwanda, peace through sport is being taught through our Peacemakers Project. Since May 2021, thousands of children have benefited from ready-made &#8216;peace through sport&#8217; sessions delivered by hundreds of educators trained by Peace and Sport.&#8221;<\/p>\n<div class=\"wp-block-image\">\n<figure class=\"aligncenter size-large\"><img decoding=\"async\" src=\"https:\/\/www.monaco-tribune.com\/wp-content\/uploads\/2022\/09\/plan-ge&#x301;ne&#x301;ral-journe&#x301;e-international-de-la-paix-au-conseil-national-21-septembre-2022-5-1024x683.jpg\" alt=\"\" class=\"wp-image-139479\"\/><figcaption>\u00a9National Council<\/figcaption><\/figure>\n<\/div>\n<p>Peace and Sport representatives are currently in Colombia for the 13th Friendship Games, which will take place from 23 to 25 September. <\/p>\n\n<p>&#8220;Over the past few years, the sports dynamic has already enabled you to rehabilitate child soldiers, give confidence back to war orphans, take in refugees and facilitate access to schooling,&#8221; stressed St\u00e9phane Valeri, speaking to Peace and Sport.\u00a0&#8220;At the same time, your successes on the ground have raised awareness among policy makers and governments to see sport as a real conduit for peace.&#8221;<\/p>\n","protected":false},"excerpt":{"rendered":"<p>The international organisation was invited to the National Council Chamber on Wednesday evening as part of the celebration of the [&hellip;]<\/p>\n","protected":false},"author":21,"featured_media":139471,"comment_status":"closed","ping_status":"closed","sticky":false,"template":"","format":"standard","meta":{"_acf_changed":false,"footnotes":""},"categories":[243,257],"tags":[],"post_sectags":[],"post_format":[2465],"class_list":["post-139607","post","type-post","status-publish","format-standard","has-post-thumbnail","hentry","category-news","category-sports-en","format-in-brief"],"acf":[],"yoast_head":"<!-- This site is optimized with the Yoast SEO Premium plugin v26.8 (Yoast SEO v27.4) - https:\/\/yoast.com\/product\/yoast-seo-premium-wordpress\/ -->\n<title>National Council welcomes Peace and Sport to the Chamber<\/title>\n<meta name=\"description\" content=\"The international organisation was invited to the National Council Chamber on Wednesday evening as part of the celebration of the UN International Day of\" \/>\n<meta name=\"robots\" content=\"index, follow, max-snippet:-1, max-image-preview:large, max-video-preview:-1\" \/>\n<link rel=\"canonical\" href=\"https:\/\/www.monaco-tribune.com\/en\/2022\/09\/national-council-welcomes-peace-and-sport-to-the-chamber\/\" \/>\n<meta property=\"og:locale\" content=\"en_US\" \/>\n<meta property=\"og:type\" content=\"article\" \/>\n<meta property=\"og:title\" content=\"National Council welcomes Peace and Sport to the Chamber - Monaco Tribune\" \/>\n<meta property=\"og:description\" content=\"The international organisation was invited to the National Council Chamber on Wednesday evening as part of the celebration of the UN International Day of\" \/>\n<meta property=\"og:url\" content=\"https:\/\/www.monaco-tribune.com\/en\/2022\/09\/national-council-welcomes-peace-and-sport-to-the-chamber\/\" \/>\n<meta property=\"og:site_name\" content=\"Monaco Tribune\" \/>\n<meta property=\"article:publisher\" content=\"https:\/\/www.facebook.com\/MonacoTribune\" \/>\n<meta property=\"article:published_time\" content=\"2022-09-22T14:27:29+00:00\" \/>\n<meta property=\"article:modified_time\" content=\"2022-09-22T14:29:36+00:00\" \/>\n<meta property=\"og:image\" content=\"https:\/\/www.monaco-tribune.com\/wp-content\/uploads\/2022\/09\/plan-ge\u0301ne\u0301ral-journe\u0301e-international-de-la-paix-au-conseil-national-21-septembre-2022-2.jpg\" \/>\n\t<meta property=\"og:image:width\" content=\"1500\" \/>\n\t<meta property=\"og:image:height\" content=\"1000\" \/>\n\t<meta property=\"og:image:type\" content=\"image\/jpeg\" \/>\n<meta name=\"author\" content=\"Monaco Tribune\" \/>\n<meta name=\"twitter:card\" content=\"summary_large_image\" \/>\n<meta name=\"twitter:creator\" content=\"@MonacoTribune\" \/>\n<meta name=\"twitter:site\" content=\"@MonacoTribune\" \/>\n<script type=\"application\/ld+json\" class=\"yoast-schema-graph\">{\"@context\":\"https:\\\/\\\/schema.org\",\"@graph\":[{\"@type\":\"NewsArticle\",\"@id\":\"https:\\\/\\\/www.monaco-tribune.com\\\/en\\\/2022\\\/09\\\/national-council-welcomes-peace-and-sport-to-the-chamber\\\/#article\",\"isPartOf\":{\"@id\":\"https:\\\/\\\/www.monaco-tribune.com\\\/en\\\/2022\\\/09\\\/national-council-welcomes-peace-and-sport-to-the-chamber\\\/\"},\"author\":{\"name\":\"Monaco Tribune\",\"@id\":\"https:\\\/\\\/www.monaco-tribune.com\\\/en\\\/#\\\/schema\\\/person\\\/8f6ed8c063276e2397589eda5b7a2f2d\"},\"headline\":\"National Council welcomes Peace and Sport to the Chamber\",\"datePublished\":\"2022-09-22T14:27:29+00:00\",\"dateModified\":\"2022-09-22T14:29:36+00:00\",\"mainEntityOfPage\":{\"@id\":\"https:\\\/\\\/www.monaco-tribune.com\\\/en\\\/2022\\\/09\\\/national-council-welcomes-peace-and-sport-to-the-chamber\\\/\"},\"wordCount\":313,\"publisher\":{\"@id\":\"https:\\\/\\\/www.monaco-tribune.com\\\/en\\\/#organization\"},\"image\":{\"@id\":\"https:\\\/\\\/www.monaco-tribune.com\\\/en\\\/2022\\\/09\\\/national-council-welcomes-peace-and-sport-to-the-chamber\\\/#primaryimage\"},\"thumbnailUrl\":\"https:\\\/\\\/www.monaco-tribune.com\\\/wp-content\\\/uploads\\\/2022\\\/09\\\/plan-ge\u0301ne\u0301ral-journe\u0301e-international-de-la-paix-au-conseil-national-21-septembre-2022-2.jpg\",\"articleSection\":[\"News\",\"Sports\"],\"inLanguage\":\"en-US\",\"copyrightYear\":\"2022\",\"copyrightHolder\":{\"@id\":\"https:\\\/\\\/www.monaco-tribune.com\\\/#organization\"}},{\"@type\":\"WebPage\",\"@id\":\"https:\\\/\\\/www.monaco-tribune.com\\\/en\\\/2022\\\/09\\\/national-council-welcomes-peace-and-sport-to-the-chamber\\\/\",\"url\":\"https:\\\/\\\/www.monaco-tribune.com\\\/en\\\/2022\\\/09\\\/national-council-welcomes-peace-and-sport-to-the-chamber\\\/\",\"name\":\"National Council welcomes Peace and Sport to the Chamber\",\"isPartOf\":{\"@id\":\"https:\\\/\\\/www.monaco-tribune.com\\\/en\\\/#website\"},\"primaryImageOfPage\":{\"@id\":\"https:\\\/\\\/www.monaco-tribune.com\\\/en\\\/2022\\\/09\\\/national-council-welcomes-peace-and-sport-to-the-chamber\\\/#primaryimage\"},\"image\":{\"@id\":\"https:\\\/\\\/www.monaco-tribune.com\\\/en\\\/2022\\\/09\\\/national-council-welcomes-peace-and-sport-to-the-chamber\\\/#primaryimage\"},\"thumbnailUrl\":\"https:\\\/\\\/www.monaco-tribune.com\\\/wp-content\\\/uploads\\\/2022\\\/09\\\/plan-ge\u0301ne\u0301ral-journe\u0301e-international-de-la-paix-au-conseil-national-21-septembre-2022-2.jpg\",\"datePublished\":\"2022-09-22T14:27:29+00:00\",\"dateModified\":\"2022-09-22T14:29:36+00:00\",\"description\":\"The international organisation was invited to the National Council Chamber on Wednesday evening as part of the celebration of the UN International Day of\",\"breadcrumb\":{\"@id\":\"https:\\\/\\\/www.monaco-tribune.com\\\/en\\\/2022\\\/09\\\/national-council-welcomes-peace-and-sport-to-the-chamber\\\/#breadcrumb\"},\"inLanguage\":\"en-US\",\"potentialAction\":[{\"@type\":\"ReadAction\",\"target\":[\"https:\\\/\\\/www.monaco-tribune.com\\\/en\\\/2022\\\/09\\\/national-council-welcomes-peace-and-sport-to-the-chamber\\\/\"]}]},{\"@type\":\"ImageObject\",\"inLanguage\":\"en-US\",\"@id\":\"https:\\\/\\\/www.monaco-tribune.com\\\/en\\\/2022\\\/09\\\/national-council-welcomes-peace-and-sport-to-the-chamber\\\/#primaryimage\",\"url\":\"https:\\\/\\\/www.monaco-tribune.com\\\/wp-content\\\/uploads\\\/2022\\\/09\\\/plan-ge\u0301ne\u0301ral-journe\u0301e-international-de-la-paix-au-conseil-national-21-septembre-2022-2.jpg\",\"contentUrl\":\"https:\\\/\\\/www.monaco-tribune.com\\\/wp-content\\\/uploads\\\/2022\\\/09\\\/plan-ge\u0301ne\u0301ral-journe\u0301e-international-de-la-paix-au-conseil-national-21-septembre-2022-2.jpg\",\"width\":1500,\"height\":1000},{\"@type\":\"BreadcrumbList\",\"@id\":\"https:\\\/\\\/www.monaco-tribune.com\\\/en\\\/2022\\\/09\\\/national-council-welcomes-peace-and-sport-to-the-chamber\\\/#breadcrumb\",\"itemListElement\":[{\"@type\":\"ListItem\",\"position\":1,\"name\":\"Accueil\",\"item\":\"https:\\\/\\\/www.monaco-tribune.com\\\/en\\\/\"},{\"@type\":\"ListItem\",\"position\":2,\"name\":\"National Council welcomes Peace and Sport to the Chamber\"}]},{\"@type\":\"WebSite\",\"@id\":\"https:\\\/\\\/www.monaco-tribune.com\\\/en\\\/#website\",\"url\":\"https:\\\/\\\/www.monaco-tribune.com\\\/en\\\/\",\"name\":\"Monaco Tribune\",\"description\":\"Monaco : actualit\u00e9s \u00e9conomiques, politiques, culturelles et sportives de Monaco et de la French Riviera.\",\"publisher\":{\"@id\":\"https:\\\/\\\/www.monaco-tribune.com\\\/en\\\/#organization\"},\"potentialAction\":[{\"@type\":\"SearchAction\",\"target\":{\"@type\":\"EntryPoint\",\"urlTemplate\":\"https:\\\/\\\/www.monaco-tribune.com\\\/en\\\/?s={search_term_string}\"},\"query-input\":{\"@type\":\"PropertyValueSpecification\",\"valueRequired\":true,\"valueName\":\"search_term_string\"}}],\"inLanguage\":\"en-US\"},{\"@type\":\"Organization\",\"@id\":\"https:\\\/\\\/www.monaco-tribune.com\\\/en\\\/#organization\",\"name\":\"Monaco Tribune\",\"url\":\"https:\\\/\\\/www.monaco-tribune.com\\\/en\\\/\",\"logo\":{\"@type\":\"ImageObject\",\"inLanguage\":\"en-US\",\"@id\":\"https:\\\/\\\/www.monaco-tribune.com\\\/en\\\/#\\\/schema\\\/logo\\\/image\\\/\",\"url\":\"https:\\\/\\\/www.monaco-tribune.com\\\/wp-content\\\/uploads\\\/2022\\\/11\\\/logo-monaco-tribune.png\",\"contentUrl\":\"https:\\\/\\\/www.monaco-tribune.com\\\/wp-content\\\/uploads\\\/2022\\\/11\\\/logo-monaco-tribune.png\",\"width\":1548,\"height\":600,\"caption\":\"Monaco Tribune\"},\"image\":{\"@id\":\"https:\\\/\\\/www.monaco-tribune.com\\\/en\\\/#\\\/schema\\\/logo\\\/image\\\/\"},\"sameAs\":[\"https:\\\/\\\/www.facebook.com\\\/MonacoTribune\",\"https:\\\/\\\/x.com\\\/MonacoTribune\",\"https:\\\/\\\/www.instagram.com\\\/monacotribune\\\/\",\"https:\\\/\\\/www.linkedin.com\\\/company\\\/monaco-tribune\",\"https:\\\/\\\/www.youtube.com\\\/channel\\\/UCHle1MnG6hw1y4lWKijVbMA\"]},{\"@type\":\"Person\",\"@id\":\"https:\\\/\\\/www.monaco-tribune.com\\\/en\\\/#\\\/schema\\\/person\\\/8f6ed8c063276e2397589eda5b7a2f2d\",\"name\":\"Monaco Tribune\",\"image\":{\"@type\":\"ImageObject\",\"inLanguage\":\"en-US\",\"@id\":\"https:\\\/\\\/secure.gravatar.com\\\/avatar\\\/3010e6c5d6c8056ec1c25228fe68ea089879e5ae0de884e0247744ee988aaf6a?s=96&d=mm&r=g\",\"url\":\"https:\\\/\\\/secure.gravatar.com\\\/avatar\\\/3010e6c5d6c8056ec1c25228fe68ea089879e5ae0de884e0247744ee988aaf6a?s=96&d=mm&r=g\",\"contentUrl\":\"https:\\\/\\\/secure.gravatar.com\\\/avatar\\\/3010e6c5d6c8056ec1c25228fe68ea089879e5ae0de884e0247744ee988aaf6a?s=96&d=mm&r=g\",\"caption\":\"Monaco Tribune\"},\"url\":\"https:\\\/\\\/www.monaco-tribune.com\\\/en\\\/author\\\/monaco-tribune\\\/\"}]}<\/script>\n<!-- \/ Yoast SEO Premium plugin. -->","yoast_head_json":{"title":"National Council welcomes Peace and Sport to the Chamber","description":"The international organisation was invited to the National Council Chamber on Wednesday evening as part of the celebration of the UN International Day of","robots":{"index":"index","follow":"follow","max-snippet":"max-snippet:-1","max-image-preview":"max-image-preview:large","max-video-preview":"max-video-preview:-1"},"canonical":"https:\/\/www.monaco-tribune.com\/en\/2022\/09\/national-council-welcomes-peace-and-sport-to-the-chamber\/","og_locale":"en_US","og_type":"article","og_title":"National Council welcomes Peace and Sport to the Chamber - Monaco Tribune","og_description":"The international organisation was invited to the National Council Chamber on Wednesday evening as part of the celebration of the UN International Day of","og_url":"https:\/\/www.monaco-tribune.com\/en\/2022\/09\/national-council-welcomes-peace-and-sport-to-the-chamber\/","og_site_name":"Monaco Tribune","article_publisher":"https:\/\/www.facebook.com\/MonacoTribune","article_published_time":"2022-09-22T14:27:29+00:00","article_modified_time":"2022-09-22T14:29:36+00:00","og_image":[{"width":1500,"height":1000,"url":"https:\/\/www.monaco-tribune.com\/wp-content\/uploads\/2022\/09\/plan-ge\u0301ne\u0301ral-journe\u0301e-international-de-la-paix-au-conseil-national-21-septembre-2022-2.jpg","type":"image\/jpeg"}],"author":"Monaco Tribune","twitter_card":"summary_large_image","twitter_creator":"@MonacoTribune","twitter_site":"@MonacoTribune","schema":{"@context":"https:\/\/schema.org","@graph":[{"@type":"NewsArticle","@id":"https:\/\/www.monaco-tribune.com\/en\/2022\/09\/national-council-welcomes-peace-and-sport-to-the-chamber\/#article","isPartOf":{"@id":"https:\/\/www.monaco-tribune.com\/en\/2022\/09\/national-council-welcomes-peace-and-sport-to-the-chamber\/"},"author":{"name":"Monaco Tribune","@id":"https:\/\/www.monaco-tribune.com\/en\/#\/schema\/person\/8f6ed8c063276e2397589eda5b7a2f2d"},"headline":"National Council welcomes Peace and Sport to the Chamber","datePublished":"2022-09-22T14:27:29+00:00","dateModified":"2022-09-22T14:29:36+00:00","mainEntityOfPage":{"@id":"https:\/\/www.monaco-tribune.com\/en\/2022\/09\/national-council-welcomes-peace-and-sport-to-the-chamber\/"},"wordCount":313,"publisher":{"@id":"https:\/\/www.monaco-tribune.com\/en\/#organization"},"image":{"@id":"https:\/\/www.monaco-tribune.com\/en\/2022\/09\/national-council-welcomes-peace-and-sport-to-the-chamber\/#primaryimage"},"thumbnailUrl":"https:\/\/www.monaco-tribune.com\/wp-content\/uploads\/2022\/09\/plan-ge\u0301ne\u0301ral-journe\u0301e-international-de-la-paix-au-conseil-national-21-septembre-2022-2.jpg","articleSection":["News","Sports"],"inLanguage":"en-US","copyrightYear":"2022","copyrightHolder":{"@id":"https:\/\/www.monaco-tribune.com\/#organization"}},{"@type":"WebPage","@id":"https:\/\/www.monaco-tribune.com\/en\/2022\/09\/national-council-welcomes-peace-and-sport-to-the-chamber\/","url":"https:\/\/www.monaco-tribune.com\/en\/2022\/09\/national-council-welcomes-peace-and-sport-to-the-chamber\/","name":"National Council welcomes Peace and Sport to the Chamber","isPartOf":{"@id":"https:\/\/www.monaco-tribune.com\/en\/#website"},"primaryImageOfPage":{"@id":"https:\/\/www.monaco-tribune.com\/en\/2022\/09\/national-council-welcomes-peace-and-sport-to-the-chamber\/#primaryimage"},"image":{"@id":"https:\/\/www.monaco-tribune.com\/en\/2022\/09\/national-council-welcomes-peace-and-sport-to-the-chamber\/#primaryimage"},"thumbnailUrl":"https:\/\/www.monaco-tribune.com\/wp-content\/uploads\/2022\/09\/plan-ge\u0301ne\u0301ral-journe\u0301e-international-de-la-paix-au-conseil-national-21-septembre-2022-2.jpg","datePublished":"2022-09-22T14:27:29+00:00","dateModified":"2022-09-22T14:29:36+00:00","description":"The international organisation was invited to the National Council Chamber on Wednesday evening as part of the celebration of the UN International Day of","breadcrumb":{"@id":"https:\/\/www.monaco-tribune.com\/en\/2022\/09\/national-council-welcomes-peace-and-sport-to-the-chamber\/#breadcrumb"},"inLanguage":"en-US","potentialAction":[{"@type":"ReadAction","target":["https:\/\/www.monaco-tribune.com\/en\/2022\/09\/national-council-welcomes-peace-and-sport-to-the-chamber\/"]}]},{"@type":"ImageObject","inLanguage":"en-US","@id":"https:\/\/www.monaco-tribune.com\/en\/2022\/09\/national-council-welcomes-peace-and-sport-to-the-chamber\/#primaryimage","url":"https:\/\/www.monaco-tribune.com\/wp-content\/uploads\/2022\/09\/plan-ge\u0301ne\u0301ral-journe\u0301e-international-de-la-paix-au-conseil-national-21-septembre-2022-2.jpg","contentUrl":"https:\/\/www.monaco-tribune.com\/wp-content\/uploads\/2022\/09\/plan-ge\u0301ne\u0301ral-journe\u0301e-international-de-la-paix-au-conseil-national-21-septembre-2022-2.jpg","width":1500,"height":1000},{"@type":"BreadcrumbList","@id":"https:\/\/www.monaco-tribune.com\/en\/2022\/09\/national-council-welcomes-peace-and-sport-to-the-chamber\/#breadcrumb","itemListElement":[{"@type":"ListItem","position":1,"name":"Accueil","item":"https:\/\/www.monaco-tribune.com\/en\/"},{"@type":"ListItem","position":2,"name":"National Council welcomes Peace and Sport to the Chamber"}]},{"@type":"WebSite","@id":"https:\/\/www.monaco-tribune.com\/en\/#website","url":"https:\/\/www.monaco-tribune.com\/en\/","name":"Monaco Tribune","description":"Monaco : actualit\u00e9s \u00e9conomiques, politiques, culturelles et sportives de Monaco et de la French Riviera.","publisher":{"@id":"https:\/\/www.monaco-tribune.com\/en\/#organization"},"potentialAction":[{"@type":"SearchAction","target":{"@type":"EntryPoint","urlTemplate":"https:\/\/www.monaco-tribune.com\/en\/?s={search_term_string}"},"query-input":{"@type":"PropertyValueSpecification","valueRequired":true,"valueName":"search_term_string"}}],"inLanguage":"en-US"},{"@type":"Organization","@id":"https:\/\/www.monaco-tribune.com\/en\/#organization","name":"Monaco Tribune","url":"https:\/\/www.monaco-tribune.com\/en\/","logo":{"@type":"ImageObject","inLanguage":"en-US","@id":"https:\/\/www.monaco-tribune.com\/en\/#\/schema\/logo\/image\/","url":"https:\/\/www.monaco-tribune.com\/wp-content\/uploads\/2022\/11\/logo-monaco-tribune.png","contentUrl":"https:\/\/www.monaco-tribune.com\/wp-content\/uploads\/2022\/11\/logo-monaco-tribune.png","width":1548,"height":600,"caption":"Monaco Tribune"},"image":{"@id":"https:\/\/www.monaco-tribune.com\/en\/#\/schema\/logo\/image\/"},"sameAs":["https:\/\/www.facebook.com\/MonacoTribune","https:\/\/x.com\/MonacoTribune","https:\/\/www.instagram.com\/monacotribune\/","https:\/\/www.linkedin.com\/company\/monaco-tribune","https:\/\/www.youtube.com\/channel\/UCHle1MnG6hw1y4lWKijVbMA"]},{"@type":"Person","@id":"https:\/\/www.monaco-tribune.com\/en\/#\/schema\/person\/8f6ed8c063276e2397589eda5b7a2f2d","name":"Monaco Tribune","image":{"@type":"ImageObject","inLanguage":"en-US","@id":"https:\/\/secure.gravatar.com\/avatar\/3010e6c5d6c8056ec1c25228fe68ea089879e5ae0de884e0247744ee988aaf6a?s=96&d=mm&r=g","url":"https:\/\/secure.gravatar.com\/avatar\/3010e6c5d6c8056ec1c25228fe68ea089879e5ae0de884e0247744ee988aaf6a?s=96&d=mm&r=g","contentUrl":"https:\/\/secure.gravatar.com\/avatar\/3010e6c5d6c8056ec1c25228fe68ea089879e5ae0de884e0247744ee988aaf6a?s=96&d=mm&r=g","caption":"Monaco Tribune"},"url":"https:\/\/www.monaco-tribune.com\/en\/author\/monaco-tribune\/"}]}},"_links":{"self":[{"href":"https:\/\/www.monaco-tribune.com\/en\/wp-json\/wp\/v2\/posts\/139607","targetHints":{"allow":["GET"]}}],"collection":[{"href":"https:\/\/www.monaco-tribune.com\/en\/wp-json\/wp\/v2\/posts"}],"about":[{"href":"https:\/\/www.monaco-tribune.com\/en\/wp-json\/wp\/v2\/types\/post"}],"author":[{"embeddable":true,"href":"https:\/\/www.monaco-tribune.com\/en\/wp-json\/wp\/v2\/users\/21"}],"replies":[{"embeddable":true,"href":"https:\/\/www.monaco-tribune.com\/en\/wp-json\/wp\/v2\/comments?post=139607"}],"version-history":[{"count":0,"href":"https:\/\/www.monaco-tribune.com\/en\/wp-json\/wp\/v2\/posts\/139607\/revisions"}],"wp:featuredmedia":[{"embeddable":true,"href":"https:\/\/www.monaco-tribune.com\/en\/wp-json\/wp\/v2\/media\/139471"}],"wp:attachment":[{"href":"https:\/\/www.monaco-tribune.com\/en\/wp-json\/wp\/v2\/media?parent=139607"}],"wp:term":[{"taxonomy":"category","embeddable":true,"href":"https:\/\/www.monaco-tribune.com\/en\/wp-json\/wp\/v2\/categories?post=139607"},{"taxonomy":"post_tag","embeddable":true,"href":"https:\/\/www.monaco-tribune.com\/en\/wp-json\/wp\/v2\/tags?post=139607"},{"taxonomy":"sectag","embeddable":true,"href":"https:\/\/www.monaco-tribune.com\/en\/wp-json\/wp\/v2\/post_sectags?post=139607"},{"taxonomy":"format","embeddable":true,"href":"https:\/\/www.monaco-tribune.com\/en\/wp-json\/wp\/v2\/post_format?post=139607"}],"curies":[{"name":"wp","href":"https:\/\/api.w.org\/{rel}","templated":true}]}}