{"id":145146,"date":"2022-10-12T14:25:42","date_gmt":"2022-10-12T12:25:42","guid":{"rendered":"https:\/\/www.monaco-tribune.com\/2022\/10\/covid-19-vaccination-campaign-against-new-variants-started-on-monday\/"},"modified":"2022-10-12T14:32:47","modified_gmt":"2022-10-12T12:32:47","slug":"covid-19-vaccination-campaign-against-new-variants-started-on-monday","status":"publish","type":"post","link":"https:\/\/www.monaco-tribune.com\/en\/2022\/10\/covid-19-vaccination-campaign-against-new-variants-started-on-monday\/","title":{"rendered":"Covid-19: vaccination campaign against new variants started on Monday"},"content":{"rendered":"\n<p><strong>The incidence rate is rising again in France and Monaco.<\/strong><\/p>\n\n<p>On Monday October 10, the Principality kicked off its vaccination campaign against Covid-19 with the Pfizer-BioNTech vaccine, suited to the variants that are currently prevalent, i.e. the original strain and the Omicron BA.4 and BA.5 variants. <\/p>\n\n<p>The vaccine is intended for fully vaccinated people, those who have already received at least two vaccine injections, or who have received an injection and contracted the virus (positive PCR or antigenic test). The booster dose is also particularly recommended for people aged 60 and over, pregnant women, and people who are immunocompromised or have co-morbidities.<\/p>\n\n<p>To receive the booster dose, you can make an appointment with the Covid19 call centre on +377 92 05 55 00, available 7 days a week from 9am to 5pm, on<a href=\"https:\/\/vaccination-covid19.gouv.mc\/\" target=\"_blank\" rel=\"noopener\"> the Government of Monaco website<\/a> or on <a href=\"https:\/\/patient.monacosante.mc\/fr\/vaccination-covid-19\/monaco\" target=\"_blank\" rel=\"noopener\">Monaco Sant\u00e9<\/a>.<\/p>\n\n<p>Those aged 12 and over can also receive an initial Pfizer-BioNTech injection.<\/p>\n\n<p>The epidemic seems to be taking off again in France and Monaco. According to the Agence R\u00e9gionale de Sant\u00e9 Provence-Alpes-C\u00f4te-d&#8217;Azur (regional health authority), the incidence rate has been on the rise over the past month, particularly in the Alpes-Maritimes, with 390 positive cases per 100,000 inhabitants, compared to 316 last week. <\/p>\n\n<p>In the Principality, the incidence rate was 235 positive cases per 100,000 inhabitants on Sunday 9 October, compared to 197 the previous week. As of 9 October, eight people were in hospital at the CHPG. None of them are being treated in intensive care, however.<\/p>\n","protected":false},"excerpt":{"rendered":"<p>The incidence rate is rising again in France and Monaco. On Monday October 10, the Principality kicked off its vaccination [&hellip;]<\/p>\n","protected":false},"author":60,"featured_media":75876,"comment_status":"closed","ping_status":"closed","sticky":false,"template":"","format":"standard","meta":{"_acf_changed":false,"footnotes":""},"categories":[1825,243,258],"tags":[],"post_sectags":[],"post_format":[2454],"class_list":["post-145146","post","type-post","status-publish","format-standard","has-post-thumbnail","hentry","category-editors-choice","category-news","category-public-life","format-guide"],"acf":[],"yoast_head":"<!-- This site is optimized with the Yoast SEO Premium plugin v26.8 (Yoast SEO v27.5) - https:\/\/yoast.com\/product\/yoast-seo-premium-wordpress\/ -->\n<title>Covid-19: vaccination campaign against new variants started on Monday<\/title>\n<meta name=\"description\" content=\"The incidence rate is rising again in France and Monaco. On Monday October 10, the Principality kicked off its vaccination campaign against Covid-19 with\" \/>\n<meta name=\"robots\" content=\"index, follow, max-snippet:-1, max-image-preview:large, max-video-preview:-1\" \/>\n<link rel=\"canonical\" href=\"https:\/\/www.monaco-tribune.com\/en\/2022\/10\/covid-19-vaccination-campaign-against-new-variants-started-on-monday\/\" \/>\n<meta property=\"og:locale\" content=\"en_US\" \/>\n<meta property=\"og:type\" content=\"article\" \/>\n<meta property=\"og:title\" content=\"Covid-19: vaccination campaign against new variants started on Monday - Monaco Tribune\" \/>\n<meta property=\"og:description\" content=\"The incidence rate is rising again in France and Monaco. On Monday October 10, the Principality kicked off its vaccination campaign against Covid-19 with\" \/>\n<meta property=\"og:url\" content=\"https:\/\/www.monaco-tribune.com\/en\/2022\/10\/covid-19-vaccination-campaign-against-new-variants-started-on-monday\/\" \/>\n<meta property=\"og:site_name\" content=\"Monaco Tribune\" \/>\n<meta property=\"article:publisher\" content=\"https:\/\/www.facebook.com\/MonacoTribune\" \/>\n<meta property=\"article:published_time\" content=\"2022-10-12T12:25:42+00:00\" \/>\n<meta property=\"article:modified_time\" content=\"2022-10-12T12:32:47+00:00\" \/>\n<meta property=\"og:image\" content=\"https:\/\/www.monaco-tribune.com\/wp-content\/uploads\/2021\/04\/monaco-covid-depistage-monaco-info-1.jpeg\" \/>\n\t<meta property=\"og:image:width\" content=\"1200\" \/>\n\t<meta property=\"og:image:height\" content=\"800\" \/>\n\t<meta property=\"og:image:type\" content=\"image\/jpeg\" \/>\n<meta name=\"author\" content=\"Camille Esteve\" \/>\n<meta name=\"twitter:card\" content=\"summary_large_image\" \/>\n<meta name=\"twitter:creator\" content=\"@MonacoTribune\" \/>\n<meta name=\"twitter:site\" content=\"@MonacoTribune\" \/>\n<script type=\"application\/ld+json\" class=\"yoast-schema-graph\">{\"@context\":\"https:\\\/\\\/schema.org\",\"@graph\":[{\"@type\":\"NewsArticle\",\"@id\":\"https:\\\/\\\/www.monaco-tribune.com\\\/en\\\/2022\\\/10\\\/covid-19-vaccination-campaign-against-new-variants-started-on-monday\\\/#article\",\"isPartOf\":{\"@id\":\"https:\\\/\\\/www.monaco-tribune.com\\\/en\\\/2022\\\/10\\\/covid-19-vaccination-campaign-against-new-variants-started-on-monday\\\/\"},\"author\":{\"name\":\"Camille Esteve\",\"@id\":\"https:\\\/\\\/www.monaco-tribune.com\\\/en\\\/#\\\/schema\\\/person\\\/a855d420fff4d03637641d60b93ac62e\"},\"headline\":\"Covid-19: vaccination campaign against new variants started on Monday\",\"datePublished\":\"2022-10-12T12:25:42+00:00\",\"dateModified\":\"2022-10-12T12:32:47+00:00\",\"mainEntityOfPage\":{\"@id\":\"https:\\\/\\\/www.monaco-tribune.com\\\/en\\\/2022\\\/10\\\/covid-19-vaccination-campaign-against-new-variants-started-on-monday\\\/\"},\"wordCount\":246,\"publisher\":{\"@id\":\"https:\\\/\\\/www.monaco-tribune.com\\\/en\\\/#organization\"},\"image\":{\"@id\":\"https:\\\/\\\/www.monaco-tribune.com\\\/en\\\/2022\\\/10\\\/covid-19-vaccination-campaign-against-new-variants-started-on-monday\\\/#primaryimage\"},\"thumbnailUrl\":\"https:\\\/\\\/www.monaco-tribune.com\\\/wp-content\\\/uploads\\\/2021\\\/04\\\/monaco-covid-depistage-monaco-info-1.jpeg\",\"articleSection\":[\"Editor&#039;s choice\",\"News\",\"Society\"],\"inLanguage\":\"en-US\",\"copyrightYear\":\"2022\",\"copyrightHolder\":{\"@id\":\"https:\\\/\\\/www.monaco-tribune.com\\\/#organization\"}},{\"@type\":\"WebPage\",\"@id\":\"https:\\\/\\\/www.monaco-tribune.com\\\/en\\\/2022\\\/10\\\/covid-19-vaccination-campaign-against-new-variants-started-on-monday\\\/\",\"url\":\"https:\\\/\\\/www.monaco-tribune.com\\\/en\\\/2022\\\/10\\\/covid-19-vaccination-campaign-against-new-variants-started-on-monday\\\/\",\"name\":\"Covid-19: vaccination campaign against new variants started on Monday\",\"isPartOf\":{\"@id\":\"https:\\\/\\\/www.monaco-tribune.com\\\/en\\\/#website\"},\"primaryImageOfPage\":{\"@id\":\"https:\\\/\\\/www.monaco-tribune.com\\\/en\\\/2022\\\/10\\\/covid-19-vaccination-campaign-against-new-variants-started-on-monday\\\/#primaryimage\"},\"image\":{\"@id\":\"https:\\\/\\\/www.monaco-tribune.com\\\/en\\\/2022\\\/10\\\/covid-19-vaccination-campaign-against-new-variants-started-on-monday\\\/#primaryimage\"},\"thumbnailUrl\":\"https:\\\/\\\/www.monaco-tribune.com\\\/wp-content\\\/uploads\\\/2021\\\/04\\\/monaco-covid-depistage-monaco-info-1.jpeg\",\"datePublished\":\"2022-10-12T12:25:42+00:00\",\"dateModified\":\"2022-10-12T12:32:47+00:00\",\"description\":\"The incidence rate is rising again in France and Monaco. On Monday October 10, the Principality kicked off its vaccination campaign against Covid-19 with\",\"breadcrumb\":{\"@id\":\"https:\\\/\\\/www.monaco-tribune.com\\\/en\\\/2022\\\/10\\\/covid-19-vaccination-campaign-against-new-variants-started-on-monday\\\/#breadcrumb\"},\"inLanguage\":\"en-US\",\"potentialAction\":[{\"@type\":\"ReadAction\",\"target\":[\"https:\\\/\\\/www.monaco-tribune.com\\\/en\\\/2022\\\/10\\\/covid-19-vaccination-campaign-against-new-variants-started-on-monday\\\/\"]}]},{\"@type\":\"ImageObject\",\"inLanguage\":\"en-US\",\"@id\":\"https:\\\/\\\/www.monaco-tribune.com\\\/en\\\/2022\\\/10\\\/covid-19-vaccination-campaign-against-new-variants-started-on-monday\\\/#primaryimage\",\"url\":\"https:\\\/\\\/www.monaco-tribune.com\\\/wp-content\\\/uploads\\\/2021\\\/04\\\/monaco-covid-depistage-monaco-info-1.jpeg\",\"contentUrl\":\"https:\\\/\\\/www.monaco-tribune.com\\\/wp-content\\\/uploads\\\/2021\\\/04\\\/monaco-covid-depistage-monaco-info-1.jpeg\",\"width\":1200,\"height\":800,\"caption\":\"Communication Department\"},{\"@type\":\"BreadcrumbList\",\"@id\":\"https:\\\/\\\/www.monaco-tribune.com\\\/en\\\/2022\\\/10\\\/covid-19-vaccination-campaign-against-new-variants-started-on-monday\\\/#breadcrumb\",\"itemListElement\":[{\"@type\":\"ListItem\",\"position\":1,\"name\":\"Accueil\",\"item\":\"https:\\\/\\\/www.monaco-tribune.com\\\/en\\\/\"},{\"@type\":\"ListItem\",\"position\":2,\"name\":\"Covid-19: vaccination campaign against new variants started on Monday\"}]},{\"@type\":\"WebSite\",\"@id\":\"https:\\\/\\\/www.monaco-tribune.com\\\/en\\\/#website\",\"url\":\"https:\\\/\\\/www.monaco-tribune.com\\\/en\\\/\",\"name\":\"Monaco Tribune\",\"description\":\"Monaco : actualit\u00e9s \u00e9conomiques, politiques, culturelles et sportives de Monaco et de la French Riviera.\",\"publisher\":{\"@id\":\"https:\\\/\\\/www.monaco-tribune.com\\\/en\\\/#organization\"},\"potentialAction\":[{\"@type\":\"SearchAction\",\"target\":{\"@type\":\"EntryPoint\",\"urlTemplate\":\"https:\\\/\\\/www.monaco-tribune.com\\\/en\\\/?s={search_term_string}\"},\"query-input\":{\"@type\":\"PropertyValueSpecification\",\"valueRequired\":true,\"valueName\":\"search_term_string\"}}],\"inLanguage\":\"en-US\"},{\"@type\":\"Organization\",\"@id\":\"https:\\\/\\\/www.monaco-tribune.com\\\/en\\\/#organization\",\"name\":\"Monaco Tribune\",\"url\":\"https:\\\/\\\/www.monaco-tribune.com\\\/en\\\/\",\"logo\":{\"@type\":\"ImageObject\",\"inLanguage\":\"en-US\",\"@id\":\"https:\\\/\\\/www.monaco-tribune.com\\\/en\\\/#\\\/schema\\\/logo\\\/image\\\/\",\"url\":\"https:\\\/\\\/www.monaco-tribune.com\\\/wp-content\\\/uploads\\\/2022\\\/11\\\/logo-monaco-tribune.png\",\"contentUrl\":\"https:\\\/\\\/www.monaco-tribune.com\\\/wp-content\\\/uploads\\\/2022\\\/11\\\/logo-monaco-tribune.png\",\"width\":1548,\"height\":600,\"caption\":\"Monaco Tribune\"},\"image\":{\"@id\":\"https:\\\/\\\/www.monaco-tribune.com\\\/en\\\/#\\\/schema\\\/logo\\\/image\\\/\"},\"sameAs\":[\"https:\\\/\\\/www.facebook.com\\\/MonacoTribune\",\"https:\\\/\\\/x.com\\\/MonacoTribune\",\"https:\\\/\\\/www.instagram.com\\\/monacotribune\\\/\",\"https:\\\/\\\/www.linkedin.com\\\/company\\\/monaco-tribune\",\"https:\\\/\\\/www.youtube.com\\\/channel\\\/UCHle1MnG6hw1y4lWKijVbMA\"]},{\"@type\":\"Person\",\"@id\":\"https:\\\/\\\/www.monaco-tribune.com\\\/en\\\/#\\\/schema\\\/person\\\/a855d420fff4d03637641d60b93ac62e\",\"name\":\"Camille Esteve\",\"image\":{\"@type\":\"ImageObject\",\"inLanguage\":\"en-US\",\"@id\":\"https:\\\/\\\/secure.gravatar.com\\\/avatar\\\/eaaa2355a7bb56c0018a391c20a55bf9b4690e3f493231dd850e612bfa6ce161?s=96&d=mm&r=g\",\"url\":\"https:\\\/\\\/secure.gravatar.com\\\/avatar\\\/eaaa2355a7bb56c0018a391c20a55bf9b4690e3f493231dd850e612bfa6ce161?s=96&d=mm&r=g\",\"contentUrl\":\"https:\\\/\\\/secure.gravatar.com\\\/avatar\\\/eaaa2355a7bb56c0018a391c20a55bf9b4690e3f493231dd850e612bfa6ce161?s=96&d=mm&r=g\",\"caption\":\"Camille Esteve\"},\"url\":\"https:\\\/\\\/www.monaco-tribune.com\\\/en\\\/author\\\/camilleesteve\\\/\"}]}<\/script>\n<!-- \/ Yoast SEO Premium plugin. -->","yoast_head_json":{"title":"Covid-19: vaccination campaign against new variants started on Monday","description":"The incidence rate is rising again in France and Monaco. On Monday October 10, the Principality kicked off its vaccination campaign against Covid-19 with","robots":{"index":"index","follow":"follow","max-snippet":"max-snippet:-1","max-image-preview":"max-image-preview:large","max-video-preview":"max-video-preview:-1"},"canonical":"https:\/\/www.monaco-tribune.com\/en\/2022\/10\/covid-19-vaccination-campaign-against-new-variants-started-on-monday\/","og_locale":"en_US","og_type":"article","og_title":"Covid-19: vaccination campaign against new variants started on Monday - Monaco Tribune","og_description":"The incidence rate is rising again in France and Monaco. On Monday October 10, the Principality kicked off its vaccination campaign against Covid-19 with","og_url":"https:\/\/www.monaco-tribune.com\/en\/2022\/10\/covid-19-vaccination-campaign-against-new-variants-started-on-monday\/","og_site_name":"Monaco Tribune","article_publisher":"https:\/\/www.facebook.com\/MonacoTribune","article_published_time":"2022-10-12T12:25:42+00:00","article_modified_time":"2022-10-12T12:32:47+00:00","og_image":[{"width":1200,"height":800,"url":"https:\/\/www.monaco-tribune.com\/wp-content\/uploads\/2021\/04\/monaco-covid-depistage-monaco-info-1.jpeg","type":"image\/jpeg"}],"author":"Camille Esteve","twitter_card":"summary_large_image","twitter_creator":"@MonacoTribune","twitter_site":"@MonacoTribune","schema":{"@context":"https:\/\/schema.org","@graph":[{"@type":"NewsArticle","@id":"https:\/\/www.monaco-tribune.com\/en\/2022\/10\/covid-19-vaccination-campaign-against-new-variants-started-on-monday\/#article","isPartOf":{"@id":"https:\/\/www.monaco-tribune.com\/en\/2022\/10\/covid-19-vaccination-campaign-against-new-variants-started-on-monday\/"},"author":{"name":"Camille Esteve","@id":"https:\/\/www.monaco-tribune.com\/en\/#\/schema\/person\/a855d420fff4d03637641d60b93ac62e"},"headline":"Covid-19: vaccination campaign against new variants started on Monday","datePublished":"2022-10-12T12:25:42+00:00","dateModified":"2022-10-12T12:32:47+00:00","mainEntityOfPage":{"@id":"https:\/\/www.monaco-tribune.com\/en\/2022\/10\/covid-19-vaccination-campaign-against-new-variants-started-on-monday\/"},"wordCount":246,"publisher":{"@id":"https:\/\/www.monaco-tribune.com\/en\/#organization"},"image":{"@id":"https:\/\/www.monaco-tribune.com\/en\/2022\/10\/covid-19-vaccination-campaign-against-new-variants-started-on-monday\/#primaryimage"},"thumbnailUrl":"https:\/\/www.monaco-tribune.com\/wp-content\/uploads\/2021\/04\/monaco-covid-depistage-monaco-info-1.jpeg","articleSection":["Editor&#039;s choice","News","Society"],"inLanguage":"en-US","copyrightYear":"2022","copyrightHolder":{"@id":"https:\/\/www.monaco-tribune.com\/#organization"}},{"@type":"WebPage","@id":"https:\/\/www.monaco-tribune.com\/en\/2022\/10\/covid-19-vaccination-campaign-against-new-variants-started-on-monday\/","url":"https:\/\/www.monaco-tribune.com\/en\/2022\/10\/covid-19-vaccination-campaign-against-new-variants-started-on-monday\/","name":"Covid-19: vaccination campaign against new variants started on Monday","isPartOf":{"@id":"https:\/\/www.monaco-tribune.com\/en\/#website"},"primaryImageOfPage":{"@id":"https:\/\/www.monaco-tribune.com\/en\/2022\/10\/covid-19-vaccination-campaign-against-new-variants-started-on-monday\/#primaryimage"},"image":{"@id":"https:\/\/www.monaco-tribune.com\/en\/2022\/10\/covid-19-vaccination-campaign-against-new-variants-started-on-monday\/#primaryimage"},"thumbnailUrl":"https:\/\/www.monaco-tribune.com\/wp-content\/uploads\/2021\/04\/monaco-covid-depistage-monaco-info-1.jpeg","datePublished":"2022-10-12T12:25:42+00:00","dateModified":"2022-10-12T12:32:47+00:00","description":"The incidence rate is rising again in France and Monaco. On Monday October 10, the Principality kicked off its vaccination campaign against Covid-19 with","breadcrumb":{"@id":"https:\/\/www.monaco-tribune.com\/en\/2022\/10\/covid-19-vaccination-campaign-against-new-variants-started-on-monday\/#breadcrumb"},"inLanguage":"en-US","potentialAction":[{"@type":"ReadAction","target":["https:\/\/www.monaco-tribune.com\/en\/2022\/10\/covid-19-vaccination-campaign-against-new-variants-started-on-monday\/"]}]},{"@type":"ImageObject","inLanguage":"en-US","@id":"https:\/\/www.monaco-tribune.com\/en\/2022\/10\/covid-19-vaccination-campaign-against-new-variants-started-on-monday\/#primaryimage","url":"https:\/\/www.monaco-tribune.com\/wp-content\/uploads\/2021\/04\/monaco-covid-depistage-monaco-info-1.jpeg","contentUrl":"https:\/\/www.monaco-tribune.com\/wp-content\/uploads\/2021\/04\/monaco-covid-depistage-monaco-info-1.jpeg","width":1200,"height":800,"caption":"Communication Department"},{"@type":"BreadcrumbList","@id":"https:\/\/www.monaco-tribune.com\/en\/2022\/10\/covid-19-vaccination-campaign-against-new-variants-started-on-monday\/#breadcrumb","itemListElement":[{"@type":"ListItem","position":1,"name":"Accueil","item":"https:\/\/www.monaco-tribune.com\/en\/"},{"@type":"ListItem","position":2,"name":"Covid-19: vaccination campaign against new variants started on Monday"}]},{"@type":"WebSite","@id":"https:\/\/www.monaco-tribune.com\/en\/#website","url":"https:\/\/www.monaco-tribune.com\/en\/","name":"Monaco Tribune","description":"Monaco : actualit\u00e9s \u00e9conomiques, politiques, culturelles et sportives de Monaco et de la French Riviera.","publisher":{"@id":"https:\/\/www.monaco-tribune.com\/en\/#organization"},"potentialAction":[{"@type":"SearchAction","target":{"@type":"EntryPoint","urlTemplate":"https:\/\/www.monaco-tribune.com\/en\/?s={search_term_string}"},"query-input":{"@type":"PropertyValueSpecification","valueRequired":true,"valueName":"search_term_string"}}],"inLanguage":"en-US"},{"@type":"Organization","@id":"https:\/\/www.monaco-tribune.com\/en\/#organization","name":"Monaco Tribune","url":"https:\/\/www.monaco-tribune.com\/en\/","logo":{"@type":"ImageObject","inLanguage":"en-US","@id":"https:\/\/www.monaco-tribune.com\/en\/#\/schema\/logo\/image\/","url":"https:\/\/www.monaco-tribune.com\/wp-content\/uploads\/2022\/11\/logo-monaco-tribune.png","contentUrl":"https:\/\/www.monaco-tribune.com\/wp-content\/uploads\/2022\/11\/logo-monaco-tribune.png","width":1548,"height":600,"caption":"Monaco Tribune"},"image":{"@id":"https:\/\/www.monaco-tribune.com\/en\/#\/schema\/logo\/image\/"},"sameAs":["https:\/\/www.facebook.com\/MonacoTribune","https:\/\/x.com\/MonacoTribune","https:\/\/www.instagram.com\/monacotribune\/","https:\/\/www.linkedin.com\/company\/monaco-tribune","https:\/\/www.youtube.com\/channel\/UCHle1MnG6hw1y4lWKijVbMA"]},{"@type":"Person","@id":"https:\/\/www.monaco-tribune.com\/en\/#\/schema\/person\/a855d420fff4d03637641d60b93ac62e","name":"Camille Esteve","image":{"@type":"ImageObject","inLanguage":"en-US","@id":"https:\/\/secure.gravatar.com\/avatar\/eaaa2355a7bb56c0018a391c20a55bf9b4690e3f493231dd850e612bfa6ce161?s=96&d=mm&r=g","url":"https:\/\/secure.gravatar.com\/avatar\/eaaa2355a7bb56c0018a391c20a55bf9b4690e3f493231dd850e612bfa6ce161?s=96&d=mm&r=g","contentUrl":"https:\/\/secure.gravatar.com\/avatar\/eaaa2355a7bb56c0018a391c20a55bf9b4690e3f493231dd850e612bfa6ce161?s=96&d=mm&r=g","caption":"Camille Esteve"},"url":"https:\/\/www.monaco-tribune.com\/en\/author\/camilleesteve\/"}]}},"_links":{"self":[{"href":"https:\/\/www.monaco-tribune.com\/en\/wp-json\/wp\/v2\/posts\/145146","targetHints":{"allow":["GET"]}}],"collection":[{"href":"https:\/\/www.monaco-tribune.com\/en\/wp-json\/wp\/v2\/posts"}],"about":[{"href":"https:\/\/www.monaco-tribune.com\/en\/wp-json\/wp\/v2\/types\/post"}],"author":[{"embeddable":true,"href":"https:\/\/www.monaco-tribune.com\/en\/wp-json\/wp\/v2\/users\/60"}],"replies":[{"embeddable":true,"href":"https:\/\/www.monaco-tribune.com\/en\/wp-json\/wp\/v2\/comments?post=145146"}],"version-history":[{"count":0,"href":"https:\/\/www.monaco-tribune.com\/en\/wp-json\/wp\/v2\/posts\/145146\/revisions"}],"wp:featuredmedia":[{"embeddable":true,"href":"https:\/\/www.monaco-tribune.com\/en\/wp-json\/wp\/v2\/media\/75876"}],"wp:attachment":[{"href":"https:\/\/www.monaco-tribune.com\/en\/wp-json\/wp\/v2\/media?parent=145146"}],"wp:term":[{"taxonomy":"category","embeddable":true,"href":"https:\/\/www.monaco-tribune.com\/en\/wp-json\/wp\/v2\/categories?post=145146"},{"taxonomy":"post_tag","embeddable":true,"href":"https:\/\/www.monaco-tribune.com\/en\/wp-json\/wp\/v2\/tags?post=145146"},{"taxonomy":"sectag","embeddable":true,"href":"https:\/\/www.monaco-tribune.com\/en\/wp-json\/wp\/v2\/post_sectags?post=145146"},{"taxonomy":"format","embeddable":true,"href":"https:\/\/www.monaco-tribune.com\/en\/wp-json\/wp\/v2\/post_format?post=145146"}],"curies":[{"name":"wp","href":"https:\/\/api.w.org\/{rel}","templated":true}]}}