{"id":15176,"date":"2019-09-29T13:29:29","date_gmt":"2019-09-29T11:29:29","guid":{"rendered":"https:\/\/www.monaco-tribune.com\/?p=15176"},"modified":"2019-09-29T13:29:29","modified_gmt":"2019-09-29T11:29:29","slug":"the-10th-monte-carlo-international-argentine-tango-festival","status":"publish","type":"post","link":"https:\/\/www.monaco-tribune.com\/en\/2019\/09\/the-10th-monte-carlo-international-argentine-tango-festival\/","title":{"rendered":"The 10th Monte Carlo International Argentine Tango Festival"},"content":{"rendered":"<h3>From the 1st to the 6th of October, the Principality will live on Argentinean time, thanks to the 10th Monte Carlo International Argentine Tango Festival, which will be held in different places, offering galas, shows, conferences, films, and exhibitions.<\/h3>\n<p>Un dos tres, un dos tres, un dos tres\u2026 It is high time to revise his steps of the traditional Argentine tango dance for the opening, Tuesday, October 1st, of the latest edition of the International Festival of this popular Latin American dance in partnership with Monaco Danse Passion. From the 1st to the 3rd of October, at the House of Associations (2 bis Promenade Honor\u00e9 II), you will be able to enjoy, wit free entrance, a whole series of cultural events related to tango: film screenings, conferences, and exhibitions. On Thursday 3rd, from 7 pm to 10 pm, in the Salle des F\u00eates (at 66 Avenue Mar\u00e9chal Foch in Beausoleil), there is a free introductory tango class. Everything necessary to warm up for the rest of the festival, which looks very caliente&#8230;<\/p>\n<h2>Galas, DJ and tango workshops<\/h2>\n<p>On Friday, October 4th, from 8:30 pm to 10 pm, at the Th\u00e9\u00e2tre des Vari\u00e9t\u00e9s, the public will perform with Le Tango de Buenos Aires, with Ruben Serra on vocals, St\u00e9phane Charles on piano accompaniment and dancers Florencia Labiano and Hernan Rodriguez. In parallel, at the Espace L\u00e9o Ferr\u00e9 on the Terrasses de Fontvieille, from 9 pm to 1 am, DJs and dance masters will animate the evening. Which musical event will you prefer? On Saturday, October 5th, also at the Espace L\u00e9o Ferr\u00e9, from 4:30 pm onwards, discover tango courses, while from 9 pm onwards, a new gala will amaze the spectators, with the orchestra of Buenos Aires Quinteto Cinco Esquinas and DJ Fernando Franco. Finally, on Sunday, October 6th, in the Beausoleil Festival Hall, you will find new tango workshops from 12 pm to 5 pm, DJ Annie Saint-Ramond from 5:30 pm to 9:30 pm and an evening after NeoTango from 9:30 pm onwards. Shine your dance shoes!<\/p>\n<p>*Article originally published in the <a href=\"https:\/\/www.monaco-tribune.com\/2019\/09\/10e-festival-international-tango-argentin-monte-carlo\/\">French edition<\/a> of the Monaco Tribune.<\/p>\n","protected":false},"excerpt":{"rendered":"<p>From the 1st to the 6th of October, the Principality will live on Argentinean time, thanks to the 10th Monte [&hellip;]<\/p>\n","protected":false},"author":8,"featured_media":15177,"comment_status":"closed","ping_status":"open","sticky":false,"template":"","format":"standard","meta":{"_acf_changed":false,"footnotes":""},"categories":[251],"tags":[],"post_sectags":[],"post_format":[],"class_list":["post-15176","post","type-post","status-publish","format-standard","has-post-thumbnail","hentry","category-whats-on"],"acf":[],"yoast_head":"<!-- This site is optimized with the Yoast SEO Premium plugin v26.8 (Yoast SEO v27.5) - https:\/\/yoast.com\/product\/yoast-seo-premium-wordpress\/ -->\n<title>The 10th Monte Carlo International Argentine Tango Festival<\/title>\n<meta name=\"description\" content=\"From the 1st to the 6th of October, the Principality will live on Argentinean time, thanks to the 10th Monte Carlo International Argentine Tango Festival...\" \/>\n<meta name=\"robots\" content=\"index, follow, max-snippet:-1, max-image-preview:large, max-video-preview:-1\" \/>\n<link rel=\"canonical\" href=\"https:\/\/www.monaco-tribune.com\/en\/2019\/09\/the-10th-monte-carlo-international-argentine-tango-festival\/\" \/>\n<meta property=\"og:locale\" content=\"en_US\" \/>\n<meta property=\"og:type\" content=\"article\" \/>\n<meta property=\"og:title\" content=\"The 10th Monte Carlo International Argentine Tango Festival - Monaco Tribune\" \/>\n<meta property=\"og:description\" content=\"From the 1st to the 6th of October, the Principality will live on Argentinean time, thanks to the 10th Monte Carlo International Argentine Tango Festival,\" \/>\n<meta property=\"og:url\" content=\"https:\/\/www.monaco-tribune.com\/en\/2019\/09\/the-10th-monte-carlo-international-argentine-tango-festival\/\" \/>\n<meta property=\"og:site_name\" content=\"Monaco Tribune\" \/>\n<meta property=\"article:publisher\" content=\"https:\/\/www.facebook.com\/MonacoTribune\" \/>\n<meta property=\"article:published_time\" content=\"2019-09-29T11:29:29+00:00\" \/>\n<meta property=\"og:image\" content=\"https:\/\/www.monaco-tribune.com\/wp-content\/uploads\/2019\/09\/From-the-1st-to-the-6th-of-October-the-Principality-will-live-on-Argentinean-time-thanks-to-the-10th-Monte-Carlo-International-Argentine-Tango-Festival.png\" \/>\n\t<meta property=\"og:image:width\" content=\"807\" \/>\n\t<meta property=\"og:image:height\" content=\"491\" \/>\n\t<meta property=\"og:image:type\" content=\"image\/png\" \/>\n<meta name=\"author\" content=\"Kiel Bonhomme\" \/>\n<meta name=\"twitter:card\" content=\"summary_large_image\" \/>\n<meta name=\"twitter:creator\" content=\"@MonacoTribune\" \/>\n<meta name=\"twitter:site\" content=\"@MonacoTribune\" \/>\n<script type=\"application\/ld+json\" class=\"yoast-schema-graph\">{\"@context\":\"https:\\\/\\\/schema.org\",\"@graph\":[{\"@type\":\"NewsArticle\",\"@id\":\"https:\\\/\\\/www.monaco-tribune.com\\\/en\\\/2019\\\/09\\\/the-10th-monte-carlo-international-argentine-tango-festival\\\/#article\",\"isPartOf\":{\"@id\":\"https:\\\/\\\/www.monaco-tribune.com\\\/en\\\/2019\\\/09\\\/the-10th-monte-carlo-international-argentine-tango-festival\\\/\"},\"author\":{\"name\":\"Kiel Bonhomme\",\"@id\":\"https:\\\/\\\/www.monaco-tribune.com\\\/en\\\/#\\\/schema\\\/person\\\/9d13bdaae6c0783f39a7213543b15524\"},\"headline\":\"The 10th Monte Carlo International Argentine Tango Festival\",\"datePublished\":\"2019-09-29T11:29:29+00:00\",\"mainEntityOfPage\":{\"@id\":\"https:\\\/\\\/www.monaco-tribune.com\\\/en\\\/2019\\\/09\\\/the-10th-monte-carlo-international-argentine-tango-festival\\\/\"},\"wordCount\":349,\"publisher\":{\"@id\":\"https:\\\/\\\/www.monaco-tribune.com\\\/en\\\/#organization\"},\"image\":{\"@id\":\"https:\\\/\\\/www.monaco-tribune.com\\\/en\\\/2019\\\/09\\\/the-10th-monte-carlo-international-argentine-tango-festival\\\/#primaryimage\"},\"thumbnailUrl\":\"https:\\\/\\\/www.monaco-tribune.com\\\/wp-content\\\/uploads\\\/2019\\\/09\\\/From-the-1st-to-the-6th-of-October-the-Principality-will-live-on-Argentinean-time-thanks-to-the-10th-Monte-Carlo-International-Argentine-Tango-Festival.png\",\"articleSection\":[\"What&#039;s on\"],\"inLanguage\":\"en-US\",\"copyrightYear\":\"2019\",\"copyrightHolder\":{\"@id\":\"https:\\\/\\\/www.monaco-tribune.com\\\/#organization\"}},{\"@type\":\"WebPage\",\"@id\":\"https:\\\/\\\/www.monaco-tribune.com\\\/en\\\/2019\\\/09\\\/the-10th-monte-carlo-international-argentine-tango-festival\\\/\",\"url\":\"https:\\\/\\\/www.monaco-tribune.com\\\/en\\\/2019\\\/09\\\/the-10th-monte-carlo-international-argentine-tango-festival\\\/\",\"name\":\"The 10th Monte Carlo International Argentine Tango Festival\",\"isPartOf\":{\"@id\":\"https:\\\/\\\/www.monaco-tribune.com\\\/en\\\/#website\"},\"primaryImageOfPage\":{\"@id\":\"https:\\\/\\\/www.monaco-tribune.com\\\/en\\\/2019\\\/09\\\/the-10th-monte-carlo-international-argentine-tango-festival\\\/#primaryimage\"},\"image\":{\"@id\":\"https:\\\/\\\/www.monaco-tribune.com\\\/en\\\/2019\\\/09\\\/the-10th-monte-carlo-international-argentine-tango-festival\\\/#primaryimage\"},\"thumbnailUrl\":\"https:\\\/\\\/www.monaco-tribune.com\\\/wp-content\\\/uploads\\\/2019\\\/09\\\/From-the-1st-to-the-6th-of-October-the-Principality-will-live-on-Argentinean-time-thanks-to-the-10th-Monte-Carlo-International-Argentine-Tango-Festival.png\",\"datePublished\":\"2019-09-29T11:29:29+00:00\",\"description\":\"From the 1st to the 6th of October, the Principality will live on Argentinean time, thanks to the 10th Monte Carlo International Argentine Tango Festival...\",\"breadcrumb\":{\"@id\":\"https:\\\/\\\/www.monaco-tribune.com\\\/en\\\/2019\\\/09\\\/the-10th-monte-carlo-international-argentine-tango-festival\\\/#breadcrumb\"},\"inLanguage\":\"en-US\",\"potentialAction\":[{\"@type\":\"ReadAction\",\"target\":[\"https:\\\/\\\/www.monaco-tribune.com\\\/en\\\/2019\\\/09\\\/the-10th-monte-carlo-international-argentine-tango-festival\\\/\"]}]},{\"@type\":\"ImageObject\",\"inLanguage\":\"en-US\",\"@id\":\"https:\\\/\\\/www.monaco-tribune.com\\\/en\\\/2019\\\/09\\\/the-10th-monte-carlo-international-argentine-tango-festival\\\/#primaryimage\",\"url\":\"https:\\\/\\\/www.monaco-tribune.com\\\/wp-content\\\/uploads\\\/2019\\\/09\\\/From-the-1st-to-the-6th-of-October-the-Principality-will-live-on-Argentinean-time-thanks-to-the-10th-Monte-Carlo-International-Argentine-Tango-Festival.png\",\"contentUrl\":\"https:\\\/\\\/www.monaco-tribune.com\\\/wp-content\\\/uploads\\\/2019\\\/09\\\/From-the-1st-to-the-6th-of-October-the-Principality-will-live-on-Argentinean-time-thanks-to-the-10th-Monte-Carlo-International-Argentine-Tango-Festival.png\",\"width\":807,\"height\":491,\"caption\":\"The 10th Monte Carlo International Argentine Tango Festival\"},{\"@type\":\"BreadcrumbList\",\"@id\":\"https:\\\/\\\/www.monaco-tribune.com\\\/en\\\/2019\\\/09\\\/the-10th-monte-carlo-international-argentine-tango-festival\\\/#breadcrumb\",\"itemListElement\":[{\"@type\":\"ListItem\",\"position\":1,\"name\":\"Accueil\",\"item\":\"https:\\\/\\\/www.monaco-tribune.com\\\/en\\\/\"},{\"@type\":\"ListItem\",\"position\":2,\"name\":\"The 10th Monte Carlo International Argentine Tango Festival\"}]},{\"@type\":\"WebSite\",\"@id\":\"https:\\\/\\\/www.monaco-tribune.com\\\/en\\\/#website\",\"url\":\"https:\\\/\\\/www.monaco-tribune.com\\\/en\\\/\",\"name\":\"Monaco Tribune\",\"description\":\"Monaco : actualit\u00e9s \u00e9conomiques, politiques, culturelles et sportives de Monaco et de la French Riviera.\",\"publisher\":{\"@id\":\"https:\\\/\\\/www.monaco-tribune.com\\\/en\\\/#organization\"},\"potentialAction\":[{\"@type\":\"SearchAction\",\"target\":{\"@type\":\"EntryPoint\",\"urlTemplate\":\"https:\\\/\\\/www.monaco-tribune.com\\\/en\\\/?s={search_term_string}\"},\"query-input\":{\"@type\":\"PropertyValueSpecification\",\"valueRequired\":true,\"valueName\":\"search_term_string\"}}],\"inLanguage\":\"en-US\"},{\"@type\":\"Organization\",\"@id\":\"https:\\\/\\\/www.monaco-tribune.com\\\/en\\\/#organization\",\"name\":\"Monaco Tribune\",\"url\":\"https:\\\/\\\/www.monaco-tribune.com\\\/en\\\/\",\"logo\":{\"@type\":\"ImageObject\",\"inLanguage\":\"en-US\",\"@id\":\"https:\\\/\\\/www.monaco-tribune.com\\\/en\\\/#\\\/schema\\\/logo\\\/image\\\/\",\"url\":\"https:\\\/\\\/www.monaco-tribune.com\\\/wp-content\\\/uploads\\\/2022\\\/11\\\/logo-monaco-tribune.png\",\"contentUrl\":\"https:\\\/\\\/www.monaco-tribune.com\\\/wp-content\\\/uploads\\\/2022\\\/11\\\/logo-monaco-tribune.png\",\"width\":1548,\"height\":600,\"caption\":\"Monaco Tribune\"},\"image\":{\"@id\":\"https:\\\/\\\/www.monaco-tribune.com\\\/en\\\/#\\\/schema\\\/logo\\\/image\\\/\"},\"sameAs\":[\"https:\\\/\\\/www.facebook.com\\\/MonacoTribune\",\"https:\\\/\\\/x.com\\\/MonacoTribune\",\"https:\\\/\\\/www.instagram.com\\\/monacotribune\\\/\",\"https:\\\/\\\/www.linkedin.com\\\/company\\\/monaco-tribune\",\"https:\\\/\\\/www.youtube.com\\\/channel\\\/UCHle1MnG6hw1y4lWKijVbMA\"]},{\"@type\":\"Person\",\"@id\":\"https:\\\/\\\/www.monaco-tribune.com\\\/en\\\/#\\\/schema\\\/person\\\/9d13bdaae6c0783f39a7213543b15524\",\"name\":\"Kiel Bonhomme\",\"image\":{\"@type\":\"ImageObject\",\"inLanguage\":\"en-US\",\"@id\":\"https:\\\/\\\/secure.gravatar.com\\\/avatar\\\/97c36b4643135a16063173a908cccbbf4081ac0be675c9bf343636ae8a0141c2?s=96&d=mm&r=g\",\"url\":\"https:\\\/\\\/secure.gravatar.com\\\/avatar\\\/97c36b4643135a16063173a908cccbbf4081ac0be675c9bf343636ae8a0141c2?s=96&d=mm&r=g\",\"contentUrl\":\"https:\\\/\\\/secure.gravatar.com\\\/avatar\\\/97c36b4643135a16063173a908cccbbf4081ac0be675c9bf343636ae8a0141c2?s=96&d=mm&r=g\",\"caption\":\"Kiel Bonhomme\"},\"description\":\"Kiel Bonhomme is a journalist and content editor from New York, currently residing in Lyon, France. Covering art &amp; culture, sports, and business happenings for the Monaco Tribune.\",\"url\":\"https:\\\/\\\/www.monaco-tribune.com\\\/en\\\/author\\\/kiel-bonhomme\\\/\"}]}<\/script>\n<!-- \/ Yoast SEO Premium plugin. -->","yoast_head_json":{"title":"The 10th Monte Carlo International Argentine Tango Festival","description":"From the 1st to the 6th of October, the Principality will live on Argentinean time, thanks to the 10th Monte Carlo International Argentine Tango Festival...","robots":{"index":"index","follow":"follow","max-snippet":"max-snippet:-1","max-image-preview":"max-image-preview:large","max-video-preview":"max-video-preview:-1"},"canonical":"https:\/\/www.monaco-tribune.com\/en\/2019\/09\/the-10th-monte-carlo-international-argentine-tango-festival\/","og_locale":"en_US","og_type":"article","og_title":"The 10th Monte Carlo International Argentine Tango Festival - Monaco Tribune","og_description":"From the 1st to the 6th of October, the Principality will live on Argentinean time, thanks to the 10th Monte Carlo International Argentine Tango Festival,","og_url":"https:\/\/www.monaco-tribune.com\/en\/2019\/09\/the-10th-monte-carlo-international-argentine-tango-festival\/","og_site_name":"Monaco Tribune","article_publisher":"https:\/\/www.facebook.com\/MonacoTribune","article_published_time":"2019-09-29T11:29:29+00:00","og_image":[{"width":807,"height":491,"url":"https:\/\/www.monaco-tribune.com\/wp-content\/uploads\/2019\/09\/From-the-1st-to-the-6th-of-October-the-Principality-will-live-on-Argentinean-time-thanks-to-the-10th-Monte-Carlo-International-Argentine-Tango-Festival.png","type":"image\/png"}],"author":"Kiel Bonhomme","twitter_card":"summary_large_image","twitter_creator":"@MonacoTribune","twitter_site":"@MonacoTribune","schema":{"@context":"https:\/\/schema.org","@graph":[{"@type":"NewsArticle","@id":"https:\/\/www.monaco-tribune.com\/en\/2019\/09\/the-10th-monte-carlo-international-argentine-tango-festival\/#article","isPartOf":{"@id":"https:\/\/www.monaco-tribune.com\/en\/2019\/09\/the-10th-monte-carlo-international-argentine-tango-festival\/"},"author":{"name":"Kiel Bonhomme","@id":"https:\/\/www.monaco-tribune.com\/en\/#\/schema\/person\/9d13bdaae6c0783f39a7213543b15524"},"headline":"The 10th Monte Carlo International Argentine Tango Festival","datePublished":"2019-09-29T11:29:29+00:00","mainEntityOfPage":{"@id":"https:\/\/www.monaco-tribune.com\/en\/2019\/09\/the-10th-monte-carlo-international-argentine-tango-festival\/"},"wordCount":349,"publisher":{"@id":"https:\/\/www.monaco-tribune.com\/en\/#organization"},"image":{"@id":"https:\/\/www.monaco-tribune.com\/en\/2019\/09\/the-10th-monte-carlo-international-argentine-tango-festival\/#primaryimage"},"thumbnailUrl":"https:\/\/www.monaco-tribune.com\/wp-content\/uploads\/2019\/09\/From-the-1st-to-the-6th-of-October-the-Principality-will-live-on-Argentinean-time-thanks-to-the-10th-Monte-Carlo-International-Argentine-Tango-Festival.png","articleSection":["What&#039;s on"],"inLanguage":"en-US","copyrightYear":"2019","copyrightHolder":{"@id":"https:\/\/www.monaco-tribune.com\/#organization"}},{"@type":"WebPage","@id":"https:\/\/www.monaco-tribune.com\/en\/2019\/09\/the-10th-monte-carlo-international-argentine-tango-festival\/","url":"https:\/\/www.monaco-tribune.com\/en\/2019\/09\/the-10th-monte-carlo-international-argentine-tango-festival\/","name":"The 10th Monte Carlo International Argentine Tango Festival","isPartOf":{"@id":"https:\/\/www.monaco-tribune.com\/en\/#website"},"primaryImageOfPage":{"@id":"https:\/\/www.monaco-tribune.com\/en\/2019\/09\/the-10th-monte-carlo-international-argentine-tango-festival\/#primaryimage"},"image":{"@id":"https:\/\/www.monaco-tribune.com\/en\/2019\/09\/the-10th-monte-carlo-international-argentine-tango-festival\/#primaryimage"},"thumbnailUrl":"https:\/\/www.monaco-tribune.com\/wp-content\/uploads\/2019\/09\/From-the-1st-to-the-6th-of-October-the-Principality-will-live-on-Argentinean-time-thanks-to-the-10th-Monte-Carlo-International-Argentine-Tango-Festival.png","datePublished":"2019-09-29T11:29:29+00:00","description":"From the 1st to the 6th of October, the Principality will live on Argentinean time, thanks to the 10th Monte Carlo International Argentine Tango Festival...","breadcrumb":{"@id":"https:\/\/www.monaco-tribune.com\/en\/2019\/09\/the-10th-monte-carlo-international-argentine-tango-festival\/#breadcrumb"},"inLanguage":"en-US","potentialAction":[{"@type":"ReadAction","target":["https:\/\/www.monaco-tribune.com\/en\/2019\/09\/the-10th-monte-carlo-international-argentine-tango-festival\/"]}]},{"@type":"ImageObject","inLanguage":"en-US","@id":"https:\/\/www.monaco-tribune.com\/en\/2019\/09\/the-10th-monte-carlo-international-argentine-tango-festival\/#primaryimage","url":"https:\/\/www.monaco-tribune.com\/wp-content\/uploads\/2019\/09\/From-the-1st-to-the-6th-of-October-the-Principality-will-live-on-Argentinean-time-thanks-to-the-10th-Monte-Carlo-International-Argentine-Tango-Festival.png","contentUrl":"https:\/\/www.monaco-tribune.com\/wp-content\/uploads\/2019\/09\/From-the-1st-to-the-6th-of-October-the-Principality-will-live-on-Argentinean-time-thanks-to-the-10th-Monte-Carlo-International-Argentine-Tango-Festival.png","width":807,"height":491,"caption":"The 10th Monte Carlo International Argentine Tango Festival"},{"@type":"BreadcrumbList","@id":"https:\/\/www.monaco-tribune.com\/en\/2019\/09\/the-10th-monte-carlo-international-argentine-tango-festival\/#breadcrumb","itemListElement":[{"@type":"ListItem","position":1,"name":"Accueil","item":"https:\/\/www.monaco-tribune.com\/en\/"},{"@type":"ListItem","position":2,"name":"The 10th Monte Carlo International Argentine Tango Festival"}]},{"@type":"WebSite","@id":"https:\/\/www.monaco-tribune.com\/en\/#website","url":"https:\/\/www.monaco-tribune.com\/en\/","name":"Monaco Tribune","description":"Monaco : actualit\u00e9s \u00e9conomiques, politiques, culturelles et sportives de Monaco et de la French Riviera.","publisher":{"@id":"https:\/\/www.monaco-tribune.com\/en\/#organization"},"potentialAction":[{"@type":"SearchAction","target":{"@type":"EntryPoint","urlTemplate":"https:\/\/www.monaco-tribune.com\/en\/?s={search_term_string}"},"query-input":{"@type":"PropertyValueSpecification","valueRequired":true,"valueName":"search_term_string"}}],"inLanguage":"en-US"},{"@type":"Organization","@id":"https:\/\/www.monaco-tribune.com\/en\/#organization","name":"Monaco Tribune","url":"https:\/\/www.monaco-tribune.com\/en\/","logo":{"@type":"ImageObject","inLanguage":"en-US","@id":"https:\/\/www.monaco-tribune.com\/en\/#\/schema\/logo\/image\/","url":"https:\/\/www.monaco-tribune.com\/wp-content\/uploads\/2022\/11\/logo-monaco-tribune.png","contentUrl":"https:\/\/www.monaco-tribune.com\/wp-content\/uploads\/2022\/11\/logo-monaco-tribune.png","width":1548,"height":600,"caption":"Monaco Tribune"},"image":{"@id":"https:\/\/www.monaco-tribune.com\/en\/#\/schema\/logo\/image\/"},"sameAs":["https:\/\/www.facebook.com\/MonacoTribune","https:\/\/x.com\/MonacoTribune","https:\/\/www.instagram.com\/monacotribune\/","https:\/\/www.linkedin.com\/company\/monaco-tribune","https:\/\/www.youtube.com\/channel\/UCHle1MnG6hw1y4lWKijVbMA"]},{"@type":"Person","@id":"https:\/\/www.monaco-tribune.com\/en\/#\/schema\/person\/9d13bdaae6c0783f39a7213543b15524","name":"Kiel Bonhomme","image":{"@type":"ImageObject","inLanguage":"en-US","@id":"https:\/\/secure.gravatar.com\/avatar\/97c36b4643135a16063173a908cccbbf4081ac0be675c9bf343636ae8a0141c2?s=96&d=mm&r=g","url":"https:\/\/secure.gravatar.com\/avatar\/97c36b4643135a16063173a908cccbbf4081ac0be675c9bf343636ae8a0141c2?s=96&d=mm&r=g","contentUrl":"https:\/\/secure.gravatar.com\/avatar\/97c36b4643135a16063173a908cccbbf4081ac0be675c9bf343636ae8a0141c2?s=96&d=mm&r=g","caption":"Kiel Bonhomme"},"description":"Kiel Bonhomme is a journalist and content editor from New York, currently residing in Lyon, France. Covering art &amp; culture, sports, and business happenings for the Monaco Tribune.","url":"https:\/\/www.monaco-tribune.com\/en\/author\/kiel-bonhomme\/"}]}},"_links":{"self":[{"href":"https:\/\/www.monaco-tribune.com\/en\/wp-json\/wp\/v2\/posts\/15176","targetHints":{"allow":["GET"]}}],"collection":[{"href":"https:\/\/www.monaco-tribune.com\/en\/wp-json\/wp\/v2\/posts"}],"about":[{"href":"https:\/\/www.monaco-tribune.com\/en\/wp-json\/wp\/v2\/types\/post"}],"author":[{"embeddable":true,"href":"https:\/\/www.monaco-tribune.com\/en\/wp-json\/wp\/v2\/users\/8"}],"replies":[{"embeddable":true,"href":"https:\/\/www.monaco-tribune.com\/en\/wp-json\/wp\/v2\/comments?post=15176"}],"version-history":[{"count":0,"href":"https:\/\/www.monaco-tribune.com\/en\/wp-json\/wp\/v2\/posts\/15176\/revisions"}],"wp:featuredmedia":[{"embeddable":true,"href":"https:\/\/www.monaco-tribune.com\/en\/wp-json\/wp\/v2\/media\/15177"}],"wp:attachment":[{"href":"https:\/\/www.monaco-tribune.com\/en\/wp-json\/wp\/v2\/media?parent=15176"}],"wp:term":[{"taxonomy":"category","embeddable":true,"href":"https:\/\/www.monaco-tribune.com\/en\/wp-json\/wp\/v2\/categories?post=15176"},{"taxonomy":"post_tag","embeddable":true,"href":"https:\/\/www.monaco-tribune.com\/en\/wp-json\/wp\/v2\/tags?post=15176"},{"taxonomy":"sectag","embeddable":true,"href":"https:\/\/www.monaco-tribune.com\/en\/wp-json\/wp\/v2\/post_sectags?post=15176"},{"taxonomy":"format","embeddable":true,"href":"https:\/\/www.monaco-tribune.com\/en\/wp-json\/wp\/v2\/post_format?post=15176"}],"curies":[{"name":"wp","href":"https:\/\/api.w.org\/{rel}","templated":true}]}}