{"id":154112,"date":"2022-12-07T15:34:21","date_gmt":"2022-12-07T14:34:21","guid":{"rendered":"https:\/\/www.monaco-tribune.com\/2022\/12\/prince-albert-ii-pays-tribute-to-prince-albert-i-in-paris\/"},"modified":"2022-12-09T16:22:25","modified_gmt":"2022-12-09T15:22:25","slug":"prince-albert-ii-pays-tribute-to-prince-albert-i-in-paris","status":"publish","type":"post","link":"https:\/\/www.monaco-tribune.com\/en\/2022\/12\/prince-albert-ii-pays-tribute-to-prince-albert-i-in-paris\/","title":{"rendered":"Prince Albert II pays tribute to Prince Albert I in Paris"},"content":{"rendered":"\n<p><strong>The trip marked the closing of the Centenary of the Explorer Prince&#8217;s death. He was born and died in the City of Light.<\/strong><\/p>\n\n<p>The Sovereign Prince visited Paris on 6 and 7 December as part of the centenary commemorations of Prince Albert I&#8217;s passing.<\/p>\n\n<p>A memorial trip to the French capital, after numerous events in the Principality, Germany, <a href=\"https:\/\/www.monaco-tribune.com\/en\/2022\/06\/princely-family-meets-norwegian-royal-family\/\">Norway<\/a>, <a href=\"https:\/\/www.monaco-tribune.com\/en\/2022\/10\/photos-prince-albert-ii-in-the-footsteps-of-prince-albert-i-in-portugal\/\">Portugal<\/a>, <a href=\"https:\/\/www.monaco-tribune.com\/en\/2022\/10\/photos-prince-albert-ii-meets-king-felipe-vi-of-spain\/\">Spain<\/a> and the <a href=\"https:\/\/www.monaco-tribune.com\/2022\/06\/le-prince-albert-ii-inaugure-une-exposition-dediee-a-albert-ier-dans-les-pyrenees\/\">French Pyrenees<\/a>.<\/p>\n\n<p>In addition to his great attachment to France, which he considered &#8220;his second homeland&#8221;, Prince Albert I also carried out a large part of his political, diplomatic and scientific activity in France, notably through the creation of the Oceanographic Institute and the Institute of Human Paleontology. He even took part in the universal exhibitions of 1889 and 1900.<\/p>\n\n<p>As one of the &#8220;foreigners who made France&#8221; according to the historian Pascal Ory of the Acad\u00e9mie Fran\u00e7aise, Prince Albert I is now entitled to his own plaque at 10, avenue du Pr\u00e9sident Wilson, his Parisian home, which was bought in 1899 and became the headquarters of the Apostolic Nunciature to France in 1923. The plaque was unveiled on Tuesday 6 December by his great-great-grandson, Prince Albert II.<\/p>\n\n<figure class=\"wp-block-gallery has-nested-images columns-1 is-cropped wp-block-gallery-1 is-layout-flex wp-block-gallery-is-layout-flex\">\n<figure class=\"wp-block-image size-large\"><img loading=\"lazy\" decoding=\"async\" width=\"684\" height=\"1024\" data-id=\"154047\" src=\"https:\/\/www.monaco-tribune.com\/wp-content\/uploads\/2022\/12\/prince-albert-ii-paris-plaque-prince-albert-ier-684x1024.jpg\" alt=\"prince-albert-ii-paris-plaque-prince-albert-ier\" class=\"wp-image-154047\" srcset=\"https:\/\/www.monaco-tribune.com\/wp-content\/uploads\/2022\/12\/prince-albert-ii-paris-plaque-prince-albert-ier-684x1024.jpg 684w, https:\/\/www.monaco-tribune.com\/wp-content\/uploads\/2022\/12\/prince-albert-ii-paris-plaque-prince-albert-ier-200x300.jpg 200w, https:\/\/www.monaco-tribune.com\/wp-content\/uploads\/2022\/12\/prince-albert-ii-paris-plaque-prince-albert-ier.jpg 1020w\" sizes=\"auto, (max-width: 684px) 100vw, 684px\" \/><\/figure>\n\n\n\n<figure class=\"wp-block-image size-large\"><img loading=\"lazy\" decoding=\"async\" width=\"1020\" height=\"681\" data-id=\"154031\" src=\"https:\/\/www.monaco-tribune.com\/wp-content\/uploads\/2022\/12\/prince-albert-ier-plaque-paris.jpg\" alt=\"prince-albert-ier-plaque-paris\" class=\"wp-image-154031\" srcset=\"https:\/\/www.monaco-tribune.com\/wp-content\/uploads\/2022\/12\/prince-albert-ier-plaque-paris.jpg 1020w, https:\/\/www.monaco-tribune.com\/wp-content\/uploads\/2022\/12\/prince-albert-ier-plaque-paris-449x300.jpg 449w\" sizes=\"auto, (max-width: 1020px) 100vw, 1020px\" \/><\/figure>\n<figcaption class=\"blocks-gallery-caption wp-element-caption\"><em><em>\u00a9 Axel Bastello\/Prince&#8217;s Palace<\/em><\/em><\/figcaption><\/figure>\n\n<p><strong>SEE ALSO: <a href=\"https:\/\/www.monaco-tribune.com\/en\/2022\/08\/films-and-prince-albert-i-new-stamp-issues-announced\/\">Films and Prince Albert I: new stamp issues announced<\/a><\/strong><\/p>\n\n<h2 class=\"wp-block-heading\" id=\"h-le-prince-albert-ier-des-liens-tres-etroits-avec-paris\">Prince Albert I: very close ties with Paris<\/h2>\n\n<p>The tribute continued in the Trocadero gardens, with a floral display in Monaco&#8217;s colours at the foot of the &#8220;Avenue Albert I of Monaco&#8221; street sign, named on 22 January 1932 by the Paris Council.<\/p>\n\n<figure class=\"wp-block-gallery has-nested-images columns-1 is-cropped wp-block-gallery-2 is-layout-flex wp-block-gallery-is-layout-flex\">\n<figure class=\"wp-block-image size-large\"><img loading=\"lazy\" decoding=\"async\" width=\"1020\" height=\"682\" data-id=\"154043\" src=\"https:\/\/www.monaco-tribune.com\/wp-content\/uploads\/2022\/12\/prince-albert-ii-hommage.jpg\" alt=\"prince-albert-ii-hommage\" class=\"wp-image-154043\" srcset=\"https:\/\/www.monaco-tribune.com\/wp-content\/uploads\/2022\/12\/prince-albert-ii-hommage.jpg 1020w, https:\/\/www.monaco-tribune.com\/wp-content\/uploads\/2022\/12\/prince-albert-ii-hommage-449x300.jpg 449w\" sizes=\"auto, (max-width: 1020px) 100vw, 1020px\" \/><\/figure>\n\n\n\n<figure class=\"wp-block-image size-large\"><img loading=\"lazy\" decoding=\"async\" width=\"684\" height=\"1024\" data-id=\"154051\" src=\"https:\/\/www.monaco-tribune.com\/wp-content\/uploads\/2022\/12\/prince-albert-ii-paris-684x1024.jpg\" alt=\"prince-albert-ii-paris\" class=\"wp-image-154051\" srcset=\"https:\/\/www.monaco-tribune.com\/wp-content\/uploads\/2022\/12\/prince-albert-ii-paris-684x1024.jpg 684w, https:\/\/www.monaco-tribune.com\/wp-content\/uploads\/2022\/12\/prince-albert-ii-paris-200x300.jpg 200w, https:\/\/www.monaco-tribune.com\/wp-content\/uploads\/2022\/12\/prince-albert-ii-paris.jpg 1020w\" sizes=\"auto, (max-width: 684px) 100vw, 684px\" \/><\/figure>\n<figcaption class=\"blocks-gallery-caption wp-element-caption\"><em><em>\u00a9 Axel Bastello\/Prince&#8217;s Palace<\/em><\/em><\/figcaption><\/figure>\n\n<p>The Sovereign then went on to the Institut de France, in the presence of Chancellor Xavier Darcos, to attend a special session of the Academy of Sciences dedicated to Prince Albert I, who was elected foreign associate in 1909. Patrick Flandrin, President of the Acad\u00e9mie des Sciences, Eric Karsenti, biologist, Laure Saint-Raymond, mathematician and Philippe Taquet, palaeontologist, all three members of the Acad\u00e9mie des Sciences, were present. <\/p>\n<div class=\"wp-block-image\">\n<figure class=\"aligncenter size-full\"><img loading=\"lazy\" decoding=\"async\" width=\"1020\" height=\"681\" src=\"https:\/\/www.monaco-tribune.com\/wp-content\/uploads\/2022\/12\/prince-albert-ii-archives-prince-albert-ier-paris.jpg\" alt=\"prince-albert-ii-archives-prince-albert-ier-paris\" class=\"wp-image-154035\" srcset=\"https:\/\/www.monaco-tribune.com\/wp-content\/uploads\/2022\/12\/prince-albert-ii-archives-prince-albert-ier-paris.jpg 1020w, https:\/\/www.monaco-tribune.com\/wp-content\/uploads\/2022\/12\/prince-albert-ii-archives-prince-albert-ier-paris-449x300.jpg 449w\" sizes=\"auto, (max-width: 1020px) 100vw, 1020px\" \/><figcaption class=\"wp-element-caption\"><em>\u00a9 Axel Bastello\/Prince&#8217;s Palace<\/em><\/figcaption><\/figure>\n<\/div>\n<p>The day ended with the unveiling of a bust of Prince Albert I, donated to the Institute by the Sovereign, and the presentation of the Academy of Sciences&#8217; archives on the Explorer Prince.&#13;\n&#13;\nOn Wednesday 7 December, the Sovereign visited the Maison Zola-Mus\u00e9e Dreyfus in M\u00e9dan in the Yvelines. It was an opportunity to recall Prince Albert I&#8217;s involvement in the Dreyfus affair and his support for Emile Zola in 1898.<\/p>\n\n<p>The day, and the trip, will end with a conference entitled &#8220;Science in the service of humanity: Prince Albert I of Monaco and his work&#8221;, given by Erik Orsenna, of the Acad\u00e9mie fran\u00e7aise, at UNESCO, in the presence of the organisation&#8217;s Director-General, Audrey Azoulay.<\/p>\n","protected":false},"excerpt":{"rendered":"<p>The trip marked the closing of the Centenary of the Explorer Prince&#8217;s death. He was born and died in the [&hellip;]<\/p>\n","protected":false},"author":60,"featured_media":154040,"comment_status":"closed","ping_status":"closed","sticky":false,"template":"","format":"standard","meta":{"_acf_changed":false,"footnotes":""},"categories":[243,254],"tags":[2910],"post_sectags":[],"post_format":[2462],"class_list":["post-154112","post","type-post","status-publish","format-standard","has-post-thumbnail","hentry","category-news","category-people-en","tag-prince-albert-ist","format-photos-en"],"acf":[],"yoast_head":"<!-- This site is optimized with the Yoast SEO Premium plugin v26.8 (Yoast SEO v27.5) - https:\/\/yoast.com\/product\/yoast-seo-premium-wordpress\/ -->\n<title>Prince Albert II pays tribute to Prince Albert I in Paris<\/title>\n<meta name=\"description\" content=\"The trip marked the closing of the Centenary of the Explorer Prince&#039;s death. He was born and died in the City of Light. The Sovereign Prince visited Paris\" \/>\n<meta name=\"robots\" content=\"index, follow, max-snippet:-1, max-image-preview:large, max-video-preview:-1\" \/>\n<link rel=\"canonical\" href=\"https:\/\/www.monaco-tribune.com\/en\/2022\/12\/prince-albert-ii-pays-tribute-to-prince-albert-i-in-paris\/\" \/>\n<meta property=\"og:locale\" content=\"en_US\" \/>\n<meta property=\"og:type\" content=\"article\" \/>\n<meta property=\"og:title\" content=\"Prince Albert II pays tribute to Prince Albert I in Paris - Monaco Tribune\" \/>\n<meta property=\"og:description\" content=\"The trip marked the closing of the Centenary of the Explorer Prince&#039;s death. He was born and died in the City of Light. The Sovereign Prince visited Paris\" \/>\n<meta property=\"og:url\" content=\"https:\/\/www.monaco-tribune.com\/en\/2022\/12\/prince-albert-ii-pays-tribute-to-prince-albert-i-in-paris\/\" \/>\n<meta property=\"og:site_name\" content=\"Monaco Tribune\" \/>\n<meta property=\"article:publisher\" content=\"https:\/\/www.facebook.com\/MonacoTribune\" \/>\n<meta property=\"article:published_time\" content=\"2022-12-07T14:34:21+00:00\" \/>\n<meta property=\"article:modified_time\" content=\"2022-12-09T15:22:25+00:00\" \/>\n<meta property=\"og:image\" content=\"https:\/\/www.monaco-tribune.com\/wp-content\/uploads\/2022\/12\/prince-albert-ii-buste-prince-albert-ier-paris.jpg\" \/>\n\t<meta property=\"og:image:width\" content=\"1020\" \/>\n\t<meta property=\"og:image:height\" content=\"681\" \/>\n\t<meta property=\"og:image:type\" content=\"image\/jpeg\" \/>\n<meta name=\"author\" content=\"Camille Esteve\" \/>\n<meta name=\"twitter:card\" content=\"summary_large_image\" \/>\n<meta name=\"twitter:creator\" content=\"@MonacoTribune\" \/>\n<meta name=\"twitter:site\" content=\"@MonacoTribune\" \/>\n<script type=\"application\/ld+json\" class=\"yoast-schema-graph\">{\"@context\":\"https:\\\/\\\/schema.org\",\"@graph\":[{\"@type\":\"NewsArticle\",\"@id\":\"https:\\\/\\\/www.monaco-tribune.com\\\/en\\\/2022\\\/12\\\/prince-albert-ii-pays-tribute-to-prince-albert-i-in-paris\\\/#article\",\"isPartOf\":{\"@id\":\"https:\\\/\\\/www.monaco-tribune.com\\\/en\\\/2022\\\/12\\\/prince-albert-ii-pays-tribute-to-prince-albert-i-in-paris\\\/\"},\"author\":{\"name\":\"Camille Esteve\",\"@id\":\"https:\\\/\\\/www.monaco-tribune.com\\\/en\\\/#\\\/schema\\\/person\\\/a855d420fff4d03637641d60b93ac62e\"},\"headline\":\"Prince Albert II pays tribute to Prince Albert I in Paris\",\"datePublished\":\"2022-12-07T14:34:21+00:00\",\"dateModified\":\"2022-12-09T15:22:25+00:00\",\"mainEntityOfPage\":{\"@id\":\"https:\\\/\\\/www.monaco-tribune.com\\\/en\\\/2022\\\/12\\\/prince-albert-ii-pays-tribute-to-prince-albert-i-in-paris\\\/\"},\"wordCount\":454,\"publisher\":{\"@id\":\"https:\\\/\\\/www.monaco-tribune.com\\\/en\\\/#organization\"},\"image\":{\"@id\":\"https:\\\/\\\/www.monaco-tribune.com\\\/en\\\/2022\\\/12\\\/prince-albert-ii-pays-tribute-to-prince-albert-i-in-paris\\\/#primaryimage\"},\"thumbnailUrl\":\"https:\\\/\\\/www.monaco-tribune.com\\\/wp-content\\\/uploads\\\/2022\\\/12\\\/prince-albert-ii-buste-prince-albert-ier-paris.jpg\",\"keywords\":[\"Prince Albert Ist\"],\"articleSection\":[\"News\",\"Princely Family\"],\"inLanguage\":\"en-US\",\"copyrightYear\":\"2022\",\"copyrightHolder\":{\"@id\":\"https:\\\/\\\/www.monaco-tribune.com\\\/#organization\"}},{\"@type\":\"WebPage\",\"@id\":\"https:\\\/\\\/www.monaco-tribune.com\\\/en\\\/2022\\\/12\\\/prince-albert-ii-pays-tribute-to-prince-albert-i-in-paris\\\/\",\"url\":\"https:\\\/\\\/www.monaco-tribune.com\\\/en\\\/2022\\\/12\\\/prince-albert-ii-pays-tribute-to-prince-albert-i-in-paris\\\/\",\"name\":\"Prince Albert II pays tribute to Prince Albert I in Paris\",\"isPartOf\":{\"@id\":\"https:\\\/\\\/www.monaco-tribune.com\\\/en\\\/#website\"},\"primaryImageOfPage\":{\"@id\":\"https:\\\/\\\/www.monaco-tribune.com\\\/en\\\/2022\\\/12\\\/prince-albert-ii-pays-tribute-to-prince-albert-i-in-paris\\\/#primaryimage\"},\"image\":{\"@id\":\"https:\\\/\\\/www.monaco-tribune.com\\\/en\\\/2022\\\/12\\\/prince-albert-ii-pays-tribute-to-prince-albert-i-in-paris\\\/#primaryimage\"},\"thumbnailUrl\":\"https:\\\/\\\/www.monaco-tribune.com\\\/wp-content\\\/uploads\\\/2022\\\/12\\\/prince-albert-ii-buste-prince-albert-ier-paris.jpg\",\"datePublished\":\"2022-12-07T14:34:21+00:00\",\"dateModified\":\"2022-12-09T15:22:25+00:00\",\"description\":\"The trip marked the closing of the Centenary of the Explorer Prince's death. He was born and died in the City of Light. The Sovereign Prince visited Paris\",\"breadcrumb\":{\"@id\":\"https:\\\/\\\/www.monaco-tribune.com\\\/en\\\/2022\\\/12\\\/prince-albert-ii-pays-tribute-to-prince-albert-i-in-paris\\\/#breadcrumb\"},\"inLanguage\":\"en-US\",\"potentialAction\":[{\"@type\":\"ReadAction\",\"target\":[\"https:\\\/\\\/www.monaco-tribune.com\\\/en\\\/2022\\\/12\\\/prince-albert-ii-pays-tribute-to-prince-albert-i-in-paris\\\/\"]}]},{\"@type\":\"ImageObject\",\"inLanguage\":\"en-US\",\"@id\":\"https:\\\/\\\/www.monaco-tribune.com\\\/en\\\/2022\\\/12\\\/prince-albert-ii-pays-tribute-to-prince-albert-i-in-paris\\\/#primaryimage\",\"url\":\"https:\\\/\\\/www.monaco-tribune.com\\\/wp-content\\\/uploads\\\/2022\\\/12\\\/prince-albert-ii-buste-prince-albert-ier-paris.jpg\",\"contentUrl\":\"https:\\\/\\\/www.monaco-tribune.com\\\/wp-content\\\/uploads\\\/2022\\\/12\\\/prince-albert-ii-buste-prince-albert-ier-paris.jpg\",\"width\":1020,\"height\":681,\"caption\":\"\u00a9 Axel Bastello\\\/Prince's Palace\"},{\"@type\":\"BreadcrumbList\",\"@id\":\"https:\\\/\\\/www.monaco-tribune.com\\\/en\\\/2022\\\/12\\\/prince-albert-ii-pays-tribute-to-prince-albert-i-in-paris\\\/#breadcrumb\",\"itemListElement\":[{\"@type\":\"ListItem\",\"position\":1,\"name\":\"Accueil\",\"item\":\"https:\\\/\\\/www.monaco-tribune.com\\\/en\\\/\"},{\"@type\":\"ListItem\",\"position\":2,\"name\":\"Prince Albert II pays tribute to Prince Albert I in Paris\"}]},{\"@type\":\"WebSite\",\"@id\":\"https:\\\/\\\/www.monaco-tribune.com\\\/en\\\/#website\",\"url\":\"https:\\\/\\\/www.monaco-tribune.com\\\/en\\\/\",\"name\":\"Monaco Tribune\",\"description\":\"Monaco : actualit\u00e9s \u00e9conomiques, politiques, culturelles et sportives de Monaco et de la French Riviera.\",\"publisher\":{\"@id\":\"https:\\\/\\\/www.monaco-tribune.com\\\/en\\\/#organization\"},\"potentialAction\":[{\"@type\":\"SearchAction\",\"target\":{\"@type\":\"EntryPoint\",\"urlTemplate\":\"https:\\\/\\\/www.monaco-tribune.com\\\/en\\\/?s={search_term_string}\"},\"query-input\":{\"@type\":\"PropertyValueSpecification\",\"valueRequired\":true,\"valueName\":\"search_term_string\"}}],\"inLanguage\":\"en-US\"},{\"@type\":\"Organization\",\"@id\":\"https:\\\/\\\/www.monaco-tribune.com\\\/en\\\/#organization\",\"name\":\"Monaco Tribune\",\"url\":\"https:\\\/\\\/www.monaco-tribune.com\\\/en\\\/\",\"logo\":{\"@type\":\"ImageObject\",\"inLanguage\":\"en-US\",\"@id\":\"https:\\\/\\\/www.monaco-tribune.com\\\/en\\\/#\\\/schema\\\/logo\\\/image\\\/\",\"url\":\"https:\\\/\\\/www.monaco-tribune.com\\\/wp-content\\\/uploads\\\/2022\\\/11\\\/logo-monaco-tribune.png\",\"contentUrl\":\"https:\\\/\\\/www.monaco-tribune.com\\\/wp-content\\\/uploads\\\/2022\\\/11\\\/logo-monaco-tribune.png\",\"width\":1548,\"height\":600,\"caption\":\"Monaco Tribune\"},\"image\":{\"@id\":\"https:\\\/\\\/www.monaco-tribune.com\\\/en\\\/#\\\/schema\\\/logo\\\/image\\\/\"},\"sameAs\":[\"https:\\\/\\\/www.facebook.com\\\/MonacoTribune\",\"https:\\\/\\\/x.com\\\/MonacoTribune\",\"https:\\\/\\\/www.instagram.com\\\/monacotribune\\\/\",\"https:\\\/\\\/www.linkedin.com\\\/company\\\/monaco-tribune\",\"https:\\\/\\\/www.youtube.com\\\/channel\\\/UCHle1MnG6hw1y4lWKijVbMA\"]},{\"@type\":\"Person\",\"@id\":\"https:\\\/\\\/www.monaco-tribune.com\\\/en\\\/#\\\/schema\\\/person\\\/a855d420fff4d03637641d60b93ac62e\",\"name\":\"Camille Esteve\",\"image\":{\"@type\":\"ImageObject\",\"inLanguage\":\"en-US\",\"@id\":\"https:\\\/\\\/secure.gravatar.com\\\/avatar\\\/eaaa2355a7bb56c0018a391c20a55bf9b4690e3f493231dd850e612bfa6ce161?s=96&d=mm&r=g\",\"url\":\"https:\\\/\\\/secure.gravatar.com\\\/avatar\\\/eaaa2355a7bb56c0018a391c20a55bf9b4690e3f493231dd850e612bfa6ce161?s=96&d=mm&r=g\",\"contentUrl\":\"https:\\\/\\\/secure.gravatar.com\\\/avatar\\\/eaaa2355a7bb56c0018a391c20a55bf9b4690e3f493231dd850e612bfa6ce161?s=96&d=mm&r=g\",\"caption\":\"Camille Esteve\"},\"url\":\"https:\\\/\\\/www.monaco-tribune.com\\\/en\\\/author\\\/camilleesteve\\\/\"}]}<\/script>\n<!-- \/ Yoast SEO Premium plugin. -->","yoast_head_json":{"title":"Prince Albert II pays tribute to Prince Albert I in Paris","description":"The trip marked the closing of the Centenary of the Explorer Prince's death. He was born and died in the City of Light. The Sovereign Prince visited Paris","robots":{"index":"index","follow":"follow","max-snippet":"max-snippet:-1","max-image-preview":"max-image-preview:large","max-video-preview":"max-video-preview:-1"},"canonical":"https:\/\/www.monaco-tribune.com\/en\/2022\/12\/prince-albert-ii-pays-tribute-to-prince-albert-i-in-paris\/","og_locale":"en_US","og_type":"article","og_title":"Prince Albert II pays tribute to Prince Albert I in Paris - Monaco Tribune","og_description":"The trip marked the closing of the Centenary of the Explorer Prince's death. He was born and died in the City of Light. The Sovereign Prince visited Paris","og_url":"https:\/\/www.monaco-tribune.com\/en\/2022\/12\/prince-albert-ii-pays-tribute-to-prince-albert-i-in-paris\/","og_site_name":"Monaco Tribune","article_publisher":"https:\/\/www.facebook.com\/MonacoTribune","article_published_time":"2022-12-07T14:34:21+00:00","article_modified_time":"2022-12-09T15:22:25+00:00","og_image":[{"width":1020,"height":681,"url":"https:\/\/www.monaco-tribune.com\/wp-content\/uploads\/2022\/12\/prince-albert-ii-buste-prince-albert-ier-paris.jpg","type":"image\/jpeg"}],"author":"Camille Esteve","twitter_card":"summary_large_image","twitter_creator":"@MonacoTribune","twitter_site":"@MonacoTribune","schema":{"@context":"https:\/\/schema.org","@graph":[{"@type":"NewsArticle","@id":"https:\/\/www.monaco-tribune.com\/en\/2022\/12\/prince-albert-ii-pays-tribute-to-prince-albert-i-in-paris\/#article","isPartOf":{"@id":"https:\/\/www.monaco-tribune.com\/en\/2022\/12\/prince-albert-ii-pays-tribute-to-prince-albert-i-in-paris\/"},"author":{"name":"Camille Esteve","@id":"https:\/\/www.monaco-tribune.com\/en\/#\/schema\/person\/a855d420fff4d03637641d60b93ac62e"},"headline":"Prince Albert II pays tribute to Prince Albert I in Paris","datePublished":"2022-12-07T14:34:21+00:00","dateModified":"2022-12-09T15:22:25+00:00","mainEntityOfPage":{"@id":"https:\/\/www.monaco-tribune.com\/en\/2022\/12\/prince-albert-ii-pays-tribute-to-prince-albert-i-in-paris\/"},"wordCount":454,"publisher":{"@id":"https:\/\/www.monaco-tribune.com\/en\/#organization"},"image":{"@id":"https:\/\/www.monaco-tribune.com\/en\/2022\/12\/prince-albert-ii-pays-tribute-to-prince-albert-i-in-paris\/#primaryimage"},"thumbnailUrl":"https:\/\/www.monaco-tribune.com\/wp-content\/uploads\/2022\/12\/prince-albert-ii-buste-prince-albert-ier-paris.jpg","keywords":["Prince Albert Ist"],"articleSection":["News","Princely Family"],"inLanguage":"en-US","copyrightYear":"2022","copyrightHolder":{"@id":"https:\/\/www.monaco-tribune.com\/#organization"}},{"@type":"WebPage","@id":"https:\/\/www.monaco-tribune.com\/en\/2022\/12\/prince-albert-ii-pays-tribute-to-prince-albert-i-in-paris\/","url":"https:\/\/www.monaco-tribune.com\/en\/2022\/12\/prince-albert-ii-pays-tribute-to-prince-albert-i-in-paris\/","name":"Prince Albert II pays tribute to Prince Albert I in Paris","isPartOf":{"@id":"https:\/\/www.monaco-tribune.com\/en\/#website"},"primaryImageOfPage":{"@id":"https:\/\/www.monaco-tribune.com\/en\/2022\/12\/prince-albert-ii-pays-tribute-to-prince-albert-i-in-paris\/#primaryimage"},"image":{"@id":"https:\/\/www.monaco-tribune.com\/en\/2022\/12\/prince-albert-ii-pays-tribute-to-prince-albert-i-in-paris\/#primaryimage"},"thumbnailUrl":"https:\/\/www.monaco-tribune.com\/wp-content\/uploads\/2022\/12\/prince-albert-ii-buste-prince-albert-ier-paris.jpg","datePublished":"2022-12-07T14:34:21+00:00","dateModified":"2022-12-09T15:22:25+00:00","description":"The trip marked the closing of the Centenary of the Explorer Prince's death. He was born and died in the City of Light. The Sovereign Prince visited Paris","breadcrumb":{"@id":"https:\/\/www.monaco-tribune.com\/en\/2022\/12\/prince-albert-ii-pays-tribute-to-prince-albert-i-in-paris\/#breadcrumb"},"inLanguage":"en-US","potentialAction":[{"@type":"ReadAction","target":["https:\/\/www.monaco-tribune.com\/en\/2022\/12\/prince-albert-ii-pays-tribute-to-prince-albert-i-in-paris\/"]}]},{"@type":"ImageObject","inLanguage":"en-US","@id":"https:\/\/www.monaco-tribune.com\/en\/2022\/12\/prince-albert-ii-pays-tribute-to-prince-albert-i-in-paris\/#primaryimage","url":"https:\/\/www.monaco-tribune.com\/wp-content\/uploads\/2022\/12\/prince-albert-ii-buste-prince-albert-ier-paris.jpg","contentUrl":"https:\/\/www.monaco-tribune.com\/wp-content\/uploads\/2022\/12\/prince-albert-ii-buste-prince-albert-ier-paris.jpg","width":1020,"height":681,"caption":"\u00a9 Axel Bastello\/Prince's Palace"},{"@type":"BreadcrumbList","@id":"https:\/\/www.monaco-tribune.com\/en\/2022\/12\/prince-albert-ii-pays-tribute-to-prince-albert-i-in-paris\/#breadcrumb","itemListElement":[{"@type":"ListItem","position":1,"name":"Accueil","item":"https:\/\/www.monaco-tribune.com\/en\/"},{"@type":"ListItem","position":2,"name":"Prince Albert II pays tribute to Prince Albert I in Paris"}]},{"@type":"WebSite","@id":"https:\/\/www.monaco-tribune.com\/en\/#website","url":"https:\/\/www.monaco-tribune.com\/en\/","name":"Monaco Tribune","description":"Monaco : actualit\u00e9s \u00e9conomiques, politiques, culturelles et sportives de Monaco et de la French Riviera.","publisher":{"@id":"https:\/\/www.monaco-tribune.com\/en\/#organization"},"potentialAction":[{"@type":"SearchAction","target":{"@type":"EntryPoint","urlTemplate":"https:\/\/www.monaco-tribune.com\/en\/?s={search_term_string}"},"query-input":{"@type":"PropertyValueSpecification","valueRequired":true,"valueName":"search_term_string"}}],"inLanguage":"en-US"},{"@type":"Organization","@id":"https:\/\/www.monaco-tribune.com\/en\/#organization","name":"Monaco Tribune","url":"https:\/\/www.monaco-tribune.com\/en\/","logo":{"@type":"ImageObject","inLanguage":"en-US","@id":"https:\/\/www.monaco-tribune.com\/en\/#\/schema\/logo\/image\/","url":"https:\/\/www.monaco-tribune.com\/wp-content\/uploads\/2022\/11\/logo-monaco-tribune.png","contentUrl":"https:\/\/www.monaco-tribune.com\/wp-content\/uploads\/2022\/11\/logo-monaco-tribune.png","width":1548,"height":600,"caption":"Monaco Tribune"},"image":{"@id":"https:\/\/www.monaco-tribune.com\/en\/#\/schema\/logo\/image\/"},"sameAs":["https:\/\/www.facebook.com\/MonacoTribune","https:\/\/x.com\/MonacoTribune","https:\/\/www.instagram.com\/monacotribune\/","https:\/\/www.linkedin.com\/company\/monaco-tribune","https:\/\/www.youtube.com\/channel\/UCHle1MnG6hw1y4lWKijVbMA"]},{"@type":"Person","@id":"https:\/\/www.monaco-tribune.com\/en\/#\/schema\/person\/a855d420fff4d03637641d60b93ac62e","name":"Camille Esteve","image":{"@type":"ImageObject","inLanguage":"en-US","@id":"https:\/\/secure.gravatar.com\/avatar\/eaaa2355a7bb56c0018a391c20a55bf9b4690e3f493231dd850e612bfa6ce161?s=96&d=mm&r=g","url":"https:\/\/secure.gravatar.com\/avatar\/eaaa2355a7bb56c0018a391c20a55bf9b4690e3f493231dd850e612bfa6ce161?s=96&d=mm&r=g","contentUrl":"https:\/\/secure.gravatar.com\/avatar\/eaaa2355a7bb56c0018a391c20a55bf9b4690e3f493231dd850e612bfa6ce161?s=96&d=mm&r=g","caption":"Camille Esteve"},"url":"https:\/\/www.monaco-tribune.com\/en\/author\/camilleesteve\/"}]}},"_links":{"self":[{"href":"https:\/\/www.monaco-tribune.com\/en\/wp-json\/wp\/v2\/posts\/154112","targetHints":{"allow":["GET"]}}],"collection":[{"href":"https:\/\/www.monaco-tribune.com\/en\/wp-json\/wp\/v2\/posts"}],"about":[{"href":"https:\/\/www.monaco-tribune.com\/en\/wp-json\/wp\/v2\/types\/post"}],"author":[{"embeddable":true,"href":"https:\/\/www.monaco-tribune.com\/en\/wp-json\/wp\/v2\/users\/60"}],"replies":[{"embeddable":true,"href":"https:\/\/www.monaco-tribune.com\/en\/wp-json\/wp\/v2\/comments?post=154112"}],"version-history":[{"count":0,"href":"https:\/\/www.monaco-tribune.com\/en\/wp-json\/wp\/v2\/posts\/154112\/revisions"}],"wp:featuredmedia":[{"embeddable":true,"href":"https:\/\/www.monaco-tribune.com\/en\/wp-json\/wp\/v2\/media\/154040"}],"wp:attachment":[{"href":"https:\/\/www.monaco-tribune.com\/en\/wp-json\/wp\/v2\/media?parent=154112"}],"wp:term":[{"taxonomy":"category","embeddable":true,"href":"https:\/\/www.monaco-tribune.com\/en\/wp-json\/wp\/v2\/categories?post=154112"},{"taxonomy":"post_tag","embeddable":true,"href":"https:\/\/www.monaco-tribune.com\/en\/wp-json\/wp\/v2\/tags?post=154112"},{"taxonomy":"sectag","embeddable":true,"href":"https:\/\/www.monaco-tribune.com\/en\/wp-json\/wp\/v2\/post_sectags?post=154112"},{"taxonomy":"format","embeddable":true,"href":"https:\/\/www.monaco-tribune.com\/en\/wp-json\/wp\/v2\/post_format?post=154112"}],"curies":[{"name":"wp","href":"https:\/\/api.w.org\/{rel}","templated":true}]}}