{"id":155059,"date":"2022-12-09T18:35:06","date_gmt":"2022-12-09T17:35:06","guid":{"rendered":"https:\/\/www.monaco-tribune.com\/2022\/12\/monaco-scientific-centre-plans-to-fight-childhood-cancer-with-sea-anemones\/"},"modified":"2023-04-04T10:48:36","modified_gmt":"2023-04-04T08:48:36","slug":"monaco-scientific-centre-plans-to-fight-childhood-cancer-with-sea-anemones","status":"publish","type":"post","link":"https:\/\/www.monaco-tribune.com\/en\/2022\/12\/monaco-scientific-centre-plans-to-fight-childhood-cancer-with-sea-anemones\/","title":{"rendered":"Monaco Scientific Centre plans to fight childhood cancer&#8230; with sea anemones"},"content":{"rendered":"\n<p><strong>The &#8220;Stem Cells and Brain Tumours&#8221; team has been working on the project with the team from Nice&#8217;s Institute for Research on Cancer and Ageing.\u00a0<\/strong><\/p>\n\n<p>It represents another step forward in the fight against paediatric cancer. Dr. Vincent Picco, Research Fellow in the &#8220;Stem Cells and Brain Tumours&#8221; team at the CSM, recently took part in a meeting between paediatric oncology researchers and groups involved in (non-institutional) funding of research on childhood cancers.<\/p>\n<div class=\"wp-block-image\">\n<figure class=\"aligncenter size-full\"><img loading=\"lazy\" decoding=\"async\" width=\"1020\" height=\"1020\" src=\"https:\/\/www.monaco-tribune.com\/wp-content\/uploads\/2022\/12\/equipe-cellule-souche-csm-cancer.jpeg\" alt=\"equipe-cellule-souche-csm-cancer\" class=\"wp-image-154275\" srcset=\"https:\/\/www.monaco-tribune.com\/wp-content\/uploads\/2022\/12\/equipe-cellule-souche-csm-cancer.jpeg 1020w, https:\/\/www.monaco-tribune.com\/wp-content\/uploads\/2022\/12\/equipe-cellule-souche-csm-cancer-300x300.jpeg 300w\" sizes=\"auto, (max-width: 1020px) 100vw, 1020px\" \/><figcaption class=\"wp-element-caption\"><em>The &#8220;Stem Cells and Brain Tumours&#8221; team at the MSC. From left to right: J\u00e9r\u00f4me Durivault, Marina Pagnuzzi, Val\u00e9rie Vial, Dr. Doria Filipponi, Dr. Vincent Picco, Thays Blanchard and Dr. Christopher Montemagno &#8211; \u00a9 CSM<\/em><\/figcaption><\/figure>\n<\/div>\n<p>The meeting was organised by the French National Cancer Institute (INCa), as part of the &#8220;paediatric oncology task force&#8221;. This working group was created in 2019 and meets every month. It has the task of drawing up a draft action plan, with an additional \u20ac5 million committed specifically to paediatric cancer research. <\/p>\n\n<p>Groups of NGOs, such as Grandir Sans Cancer, Gravir and Unapecle are also part of the &#8220;task force&#8221;. INCa is therefore able to better identify which research areas should be funded as a priority, in order to meet the scientific and societal challenges presented by paediatric cancers.<\/p>\n\n<p>This is the context in which Dr. Picco presented the project, developed in cooperation with Eric R\u00f6ttinger&#8217;s team (IRCAN &#8211; Institute of Research on Cancer and Ageing, Nice). This project aims to use the sea anemone as a model to study the very early stages leading to the appearance of paediatric brain cancers.<\/p>\n\n<p><strong>SEE ALSO: <a href=\"https:\/\/www.monaco-tribune.com\/en\/2022\/04\/medtech-innodeep-better-cancer-detection-thanks-to-3d-imaging\/\">MEDTECH. InnoDeep: better cancer detection thanks to 3D imaging<\/a><\/strong><\/p>\n\n<h2 class=\"wp-block-heading\" id=\"h-l-anemone-de-mer-des-mecanismes-communs-a-l-homme\">What do sea anemones have in common with humans?<\/h2>\n\n<p>&#8220;The sea anemone is already used in many laboratories around the world because of the simplicity of its body structure. \u00a0Its embryonic development is external, and its extremely simple nervous system allows the study of neurogenesis in vivo at a single cell level,&#8221; the CSM explains on its website.<\/p>\n<div class=\"wp-block-image\">\n<figure class=\"aligncenter size-full\"><img loading=\"lazy\" decoding=\"async\" width=\"1020\" height=\"572\" src=\"https:\/\/www.monaco-tribune.com\/wp-content\/uploads\/2022\/12\/anemone-mer-cancer-pediatrique-csm.png\" alt=\"anemone-mer-cancer-pediatrique-csm\" class=\"wp-image-154264\" srcset=\"https:\/\/www.monaco-tribune.com\/wp-content\/uploads\/2022\/12\/anemone-mer-cancer-pediatrique-csm.png 1020w, https:\/\/www.monaco-tribune.com\/wp-content\/uploads\/2022\/12\/anemone-mer-cancer-pediatrique-csm-535x300.png 535w\" sizes=\"auto, (max-width: 1020px) 100vw, 1020px\" \/><figcaption class=\"wp-element-caption\"><em>The Nematostella vectensis anemone &#8211; \u00a9 Thierry Apparu<\/em><\/figcaption><\/figure>\n<\/div>\n<p>Despite the creatures&#8217; simplicity, we humans share the same mechanisms responsible for generating the nervous system. &#8220;This study model is therefore perfectly suited to giving us a better understanding of the genetic accidents that lead to the formation of tumours in children who are sometimes only a few months old,&#8221; adds the CSM.<\/p>\n\n<p>In practical terms, this means that there could be a new approach to certain paediatric brain cancers and that young patients could be treated with therapeutic strategies specifically for childhood cancers.<\/p>\n\n<p>Financed in 2022 by the INCa, which launched a call for &#8220;High Risk &#8211; High Gain&#8221; projects, this idea is fully in keeping with the research work to combat paediatric cancer carried out by the CSM, notably with the support of the Flavien Foundation. <\/p>\n","protected":false},"excerpt":{"rendered":"<p>The &#8220;Stem Cells and Brain Tumours&#8221; team has been working on the project with the team from Nice&#8217;s Institute for [&hellip;]<\/p>\n","protected":false},"author":60,"featured_media":154282,"comment_status":"closed","ping_status":"closed","sticky":false,"template":"","format":"standard","meta":{"_acf_changed":false,"footnotes":""},"categories":[243,258],"tags":[2938],"post_sectags":[],"post_format":[2465],"class_list":["post-155059","post","type-post","status-publish","format-standard","has-post-thumbnail","hentry","category-news","category-public-life","tag-health-en","format-in-brief"],"acf":[],"yoast_head":"<!-- This site is optimized with the Yoast SEO Premium plugin v26.8 (Yoast SEO v27.4) - https:\/\/yoast.com\/product\/yoast-seo-premium-wordpress\/ -->\n<title>Monaco Scientific Centre plans to fight childhood cancer... with sea anemones<\/title>\n<meta name=\"description\" content=\"The &quot;Stem Cells and Brain Tumours&quot; team has been working on the project with the team from Nice&#039;s Institute for Research on Cancer and Ageing.\u00a0 It\" \/>\n<meta name=\"robots\" content=\"index, follow, max-snippet:-1, max-image-preview:large, max-video-preview:-1\" \/>\n<link rel=\"canonical\" href=\"https:\/\/www.monaco-tribune.com\/en\/2022\/12\/monaco-scientific-centre-plans-to-fight-childhood-cancer-with-sea-anemones\/\" \/>\n<meta property=\"og:locale\" content=\"en_US\" \/>\n<meta property=\"og:type\" content=\"article\" \/>\n<meta property=\"og:title\" content=\"Monaco Scientific Centre plans to fight childhood cancer... with sea anemones - Monaco Tribune\" \/>\n<meta property=\"og:description\" content=\"The &quot;Stem Cells and Brain Tumours&quot; team has been working on the project with the team from Nice&#039;s Institute for Research on Cancer and Ageing.\u00a0 It\" \/>\n<meta property=\"og:url\" content=\"https:\/\/www.monaco-tribune.com\/en\/2022\/12\/monaco-scientific-centre-plans-to-fight-childhood-cancer-with-sea-anemones\/\" \/>\n<meta property=\"og:site_name\" content=\"Monaco Tribune\" \/>\n<meta property=\"article:publisher\" content=\"https:\/\/www.facebook.com\/MonacoTribune\" \/>\n<meta property=\"article:published_time\" content=\"2022-12-09T17:35:06+00:00\" \/>\n<meta property=\"article:modified_time\" content=\"2023-04-04T08:48:36+00:00\" \/>\n<meta property=\"og:image\" content=\"https:\/\/www.monaco-tribune.com\/wp-content\/uploads\/2022\/12\/docteur-vincent-picco-centre-scientifique-monaco.jpeg\" \/>\n\t<meta property=\"og:image:width\" content=\"1020\" \/>\n\t<meta property=\"og:image:height\" content=\"680\" \/>\n\t<meta property=\"og:image:type\" content=\"image\/jpeg\" \/>\n<meta name=\"author\" content=\"Camille Esteve\" \/>\n<meta name=\"twitter:card\" content=\"summary_large_image\" \/>\n<meta name=\"twitter:creator\" content=\"@MonacoTribune\" \/>\n<meta name=\"twitter:site\" content=\"@MonacoTribune\" \/>\n<script type=\"application\/ld+json\" class=\"yoast-schema-graph\">{\"@context\":\"https:\\\/\\\/schema.org\",\"@graph\":[{\"@type\":\"NewsArticle\",\"@id\":\"https:\\\/\\\/www.monaco-tribune.com\\\/en\\\/2022\\\/12\\\/monaco-scientific-centre-plans-to-fight-childhood-cancer-with-sea-anemones\\\/#article\",\"isPartOf\":{\"@id\":\"https:\\\/\\\/www.monaco-tribune.com\\\/en\\\/2022\\\/12\\\/monaco-scientific-centre-plans-to-fight-childhood-cancer-with-sea-anemones\\\/\"},\"author\":{\"name\":\"Camille Esteve\",\"@id\":\"https:\\\/\\\/www.monaco-tribune.com\\\/en\\\/#\\\/schema\\\/person\\\/a855d420fff4d03637641d60b93ac62e\"},\"headline\":\"Monaco Scientific Centre plans to fight childhood cancer&#8230; with sea anemones\",\"datePublished\":\"2022-12-09T17:35:06+00:00\",\"dateModified\":\"2023-04-04T08:48:36+00:00\",\"mainEntityOfPage\":{\"@id\":\"https:\\\/\\\/www.monaco-tribune.com\\\/en\\\/2022\\\/12\\\/monaco-scientific-centre-plans-to-fight-childhood-cancer-with-sea-anemones\\\/\"},\"wordCount\":477,\"publisher\":{\"@id\":\"https:\\\/\\\/www.monaco-tribune.com\\\/en\\\/#organization\"},\"image\":{\"@id\":\"https:\\\/\\\/www.monaco-tribune.com\\\/en\\\/2022\\\/12\\\/monaco-scientific-centre-plans-to-fight-childhood-cancer-with-sea-anemones\\\/#primaryimage\"},\"thumbnailUrl\":\"https:\\\/\\\/www.monaco-tribune.com\\\/wp-content\\\/uploads\\\/2022\\\/12\\\/docteur-vincent-picco-centre-scientifique-monaco.jpeg\",\"keywords\":[\"Health\"],\"articleSection\":[\"News\",\"Society\"],\"inLanguage\":\"en-US\",\"copyrightYear\":\"2022\",\"copyrightHolder\":{\"@id\":\"https:\\\/\\\/www.monaco-tribune.com\\\/#organization\"}},{\"@type\":\"WebPage\",\"@id\":\"https:\\\/\\\/www.monaco-tribune.com\\\/en\\\/2022\\\/12\\\/monaco-scientific-centre-plans-to-fight-childhood-cancer-with-sea-anemones\\\/\",\"url\":\"https:\\\/\\\/www.monaco-tribune.com\\\/en\\\/2022\\\/12\\\/monaco-scientific-centre-plans-to-fight-childhood-cancer-with-sea-anemones\\\/\",\"name\":\"Monaco Scientific Centre plans to fight childhood cancer... with sea anemones\",\"isPartOf\":{\"@id\":\"https:\\\/\\\/www.monaco-tribune.com\\\/en\\\/#website\"},\"primaryImageOfPage\":{\"@id\":\"https:\\\/\\\/www.monaco-tribune.com\\\/en\\\/2022\\\/12\\\/monaco-scientific-centre-plans-to-fight-childhood-cancer-with-sea-anemones\\\/#primaryimage\"},\"image\":{\"@id\":\"https:\\\/\\\/www.monaco-tribune.com\\\/en\\\/2022\\\/12\\\/monaco-scientific-centre-plans-to-fight-childhood-cancer-with-sea-anemones\\\/#primaryimage\"},\"thumbnailUrl\":\"https:\\\/\\\/www.monaco-tribune.com\\\/wp-content\\\/uploads\\\/2022\\\/12\\\/docteur-vincent-picco-centre-scientifique-monaco.jpeg\",\"datePublished\":\"2022-12-09T17:35:06+00:00\",\"dateModified\":\"2023-04-04T08:48:36+00:00\",\"description\":\"The \\\"Stem Cells and Brain Tumours\\\" team has been working on the project with the team from Nice's Institute for Research on Cancer and Ageing.\u00a0 It\",\"breadcrumb\":{\"@id\":\"https:\\\/\\\/www.monaco-tribune.com\\\/en\\\/2022\\\/12\\\/monaco-scientific-centre-plans-to-fight-childhood-cancer-with-sea-anemones\\\/#breadcrumb\"},\"inLanguage\":\"en-US\",\"potentialAction\":[{\"@type\":\"ReadAction\",\"target\":[\"https:\\\/\\\/www.monaco-tribune.com\\\/en\\\/2022\\\/12\\\/monaco-scientific-centre-plans-to-fight-childhood-cancer-with-sea-anemones\\\/\"]}]},{\"@type\":\"ImageObject\",\"inLanguage\":\"en-US\",\"@id\":\"https:\\\/\\\/www.monaco-tribune.com\\\/en\\\/2022\\\/12\\\/monaco-scientific-centre-plans-to-fight-childhood-cancer-with-sea-anemones\\\/#primaryimage\",\"url\":\"https:\\\/\\\/www.monaco-tribune.com\\\/wp-content\\\/uploads\\\/2022\\\/12\\\/docteur-vincent-picco-centre-scientifique-monaco.jpeg\",\"contentUrl\":\"https:\\\/\\\/www.monaco-tribune.com\\\/wp-content\\\/uploads\\\/2022\\\/12\\\/docteur-vincent-picco-centre-scientifique-monaco.jpeg\",\"width\":1020,\"height\":680,\"caption\":\"Dr. Vincent Picco, Head of Research in the CSM's \\\"Stem Cells and Brain Tumours\\\" team, presented his project at a meeting organised under the auspices of the French National Cancer Institute - \u00a9 Communication Department \\\/ Michael Alesi\"},{\"@type\":\"BreadcrumbList\",\"@id\":\"https:\\\/\\\/www.monaco-tribune.com\\\/en\\\/2022\\\/12\\\/monaco-scientific-centre-plans-to-fight-childhood-cancer-with-sea-anemones\\\/#breadcrumb\",\"itemListElement\":[{\"@type\":\"ListItem\",\"position\":1,\"name\":\"Accueil\",\"item\":\"https:\\\/\\\/www.monaco-tribune.com\\\/en\\\/\"},{\"@type\":\"ListItem\",\"position\":2,\"name\":\"Monaco Scientific Centre plans to fight childhood cancer&#8230; with sea anemones\"}]},{\"@type\":\"WebSite\",\"@id\":\"https:\\\/\\\/www.monaco-tribune.com\\\/en\\\/#website\",\"url\":\"https:\\\/\\\/www.monaco-tribune.com\\\/en\\\/\",\"name\":\"Monaco Tribune\",\"description\":\"Monaco : actualit\u00e9s \u00e9conomiques, politiques, culturelles et sportives de Monaco et de la French Riviera.\",\"publisher\":{\"@id\":\"https:\\\/\\\/www.monaco-tribune.com\\\/en\\\/#organization\"},\"potentialAction\":[{\"@type\":\"SearchAction\",\"target\":{\"@type\":\"EntryPoint\",\"urlTemplate\":\"https:\\\/\\\/www.monaco-tribune.com\\\/en\\\/?s={search_term_string}\"},\"query-input\":{\"@type\":\"PropertyValueSpecification\",\"valueRequired\":true,\"valueName\":\"search_term_string\"}}],\"inLanguage\":\"en-US\"},{\"@type\":\"Organization\",\"@id\":\"https:\\\/\\\/www.monaco-tribune.com\\\/en\\\/#organization\",\"name\":\"Monaco Tribune\",\"url\":\"https:\\\/\\\/www.monaco-tribune.com\\\/en\\\/\",\"logo\":{\"@type\":\"ImageObject\",\"inLanguage\":\"en-US\",\"@id\":\"https:\\\/\\\/www.monaco-tribune.com\\\/en\\\/#\\\/schema\\\/logo\\\/image\\\/\",\"url\":\"https:\\\/\\\/www.monaco-tribune.com\\\/wp-content\\\/uploads\\\/2022\\\/11\\\/logo-monaco-tribune.png\",\"contentUrl\":\"https:\\\/\\\/www.monaco-tribune.com\\\/wp-content\\\/uploads\\\/2022\\\/11\\\/logo-monaco-tribune.png\",\"width\":1548,\"height\":600,\"caption\":\"Monaco Tribune\"},\"image\":{\"@id\":\"https:\\\/\\\/www.monaco-tribune.com\\\/en\\\/#\\\/schema\\\/logo\\\/image\\\/\"},\"sameAs\":[\"https:\\\/\\\/www.facebook.com\\\/MonacoTribune\",\"https:\\\/\\\/x.com\\\/MonacoTribune\",\"https:\\\/\\\/www.instagram.com\\\/monacotribune\\\/\",\"https:\\\/\\\/www.linkedin.com\\\/company\\\/monaco-tribune\",\"https:\\\/\\\/www.youtube.com\\\/channel\\\/UCHle1MnG6hw1y4lWKijVbMA\"]},{\"@type\":\"Person\",\"@id\":\"https:\\\/\\\/www.monaco-tribune.com\\\/en\\\/#\\\/schema\\\/person\\\/a855d420fff4d03637641d60b93ac62e\",\"name\":\"Camille Esteve\",\"image\":{\"@type\":\"ImageObject\",\"inLanguage\":\"en-US\",\"@id\":\"https:\\\/\\\/secure.gravatar.com\\\/avatar\\\/eaaa2355a7bb56c0018a391c20a55bf9b4690e3f493231dd850e612bfa6ce161?s=96&d=mm&r=g\",\"url\":\"https:\\\/\\\/secure.gravatar.com\\\/avatar\\\/eaaa2355a7bb56c0018a391c20a55bf9b4690e3f493231dd850e612bfa6ce161?s=96&d=mm&r=g\",\"contentUrl\":\"https:\\\/\\\/secure.gravatar.com\\\/avatar\\\/eaaa2355a7bb56c0018a391c20a55bf9b4690e3f493231dd850e612bfa6ce161?s=96&d=mm&r=g\",\"caption\":\"Camille Esteve\"},\"url\":\"https:\\\/\\\/www.monaco-tribune.com\\\/en\\\/author\\\/camilleesteve\\\/\"}]}<\/script>\n<!-- \/ Yoast SEO Premium plugin. -->","yoast_head_json":{"title":"Monaco Scientific Centre plans to fight childhood cancer... with sea anemones","description":"The \"Stem Cells and Brain Tumours\" team has been working on the project with the team from Nice's Institute for Research on Cancer and Ageing.\u00a0 It","robots":{"index":"index","follow":"follow","max-snippet":"max-snippet:-1","max-image-preview":"max-image-preview:large","max-video-preview":"max-video-preview:-1"},"canonical":"https:\/\/www.monaco-tribune.com\/en\/2022\/12\/monaco-scientific-centre-plans-to-fight-childhood-cancer-with-sea-anemones\/","og_locale":"en_US","og_type":"article","og_title":"Monaco Scientific Centre plans to fight childhood cancer... with sea anemones - Monaco Tribune","og_description":"The \"Stem Cells and Brain Tumours\" team has been working on the project with the team from Nice's Institute for Research on Cancer and Ageing.\u00a0 It","og_url":"https:\/\/www.monaco-tribune.com\/en\/2022\/12\/monaco-scientific-centre-plans-to-fight-childhood-cancer-with-sea-anemones\/","og_site_name":"Monaco Tribune","article_publisher":"https:\/\/www.facebook.com\/MonacoTribune","article_published_time":"2022-12-09T17:35:06+00:00","article_modified_time":"2023-04-04T08:48:36+00:00","og_image":[{"width":1020,"height":680,"url":"https:\/\/www.monaco-tribune.com\/wp-content\/uploads\/2022\/12\/docteur-vincent-picco-centre-scientifique-monaco.jpeg","type":"image\/jpeg"}],"author":"Camille Esteve","twitter_card":"summary_large_image","twitter_creator":"@MonacoTribune","twitter_site":"@MonacoTribune","schema":{"@context":"https:\/\/schema.org","@graph":[{"@type":"NewsArticle","@id":"https:\/\/www.monaco-tribune.com\/en\/2022\/12\/monaco-scientific-centre-plans-to-fight-childhood-cancer-with-sea-anemones\/#article","isPartOf":{"@id":"https:\/\/www.monaco-tribune.com\/en\/2022\/12\/monaco-scientific-centre-plans-to-fight-childhood-cancer-with-sea-anemones\/"},"author":{"name":"Camille Esteve","@id":"https:\/\/www.monaco-tribune.com\/en\/#\/schema\/person\/a855d420fff4d03637641d60b93ac62e"},"headline":"Monaco Scientific Centre plans to fight childhood cancer&#8230; with sea anemones","datePublished":"2022-12-09T17:35:06+00:00","dateModified":"2023-04-04T08:48:36+00:00","mainEntityOfPage":{"@id":"https:\/\/www.monaco-tribune.com\/en\/2022\/12\/monaco-scientific-centre-plans-to-fight-childhood-cancer-with-sea-anemones\/"},"wordCount":477,"publisher":{"@id":"https:\/\/www.monaco-tribune.com\/en\/#organization"},"image":{"@id":"https:\/\/www.monaco-tribune.com\/en\/2022\/12\/monaco-scientific-centre-plans-to-fight-childhood-cancer-with-sea-anemones\/#primaryimage"},"thumbnailUrl":"https:\/\/www.monaco-tribune.com\/wp-content\/uploads\/2022\/12\/docteur-vincent-picco-centre-scientifique-monaco.jpeg","keywords":["Health"],"articleSection":["News","Society"],"inLanguage":"en-US","copyrightYear":"2022","copyrightHolder":{"@id":"https:\/\/www.monaco-tribune.com\/#organization"}},{"@type":"WebPage","@id":"https:\/\/www.monaco-tribune.com\/en\/2022\/12\/monaco-scientific-centre-plans-to-fight-childhood-cancer-with-sea-anemones\/","url":"https:\/\/www.monaco-tribune.com\/en\/2022\/12\/monaco-scientific-centre-plans-to-fight-childhood-cancer-with-sea-anemones\/","name":"Monaco Scientific Centre plans to fight childhood cancer... with sea anemones","isPartOf":{"@id":"https:\/\/www.monaco-tribune.com\/en\/#website"},"primaryImageOfPage":{"@id":"https:\/\/www.monaco-tribune.com\/en\/2022\/12\/monaco-scientific-centre-plans-to-fight-childhood-cancer-with-sea-anemones\/#primaryimage"},"image":{"@id":"https:\/\/www.monaco-tribune.com\/en\/2022\/12\/monaco-scientific-centre-plans-to-fight-childhood-cancer-with-sea-anemones\/#primaryimage"},"thumbnailUrl":"https:\/\/www.monaco-tribune.com\/wp-content\/uploads\/2022\/12\/docteur-vincent-picco-centre-scientifique-monaco.jpeg","datePublished":"2022-12-09T17:35:06+00:00","dateModified":"2023-04-04T08:48:36+00:00","description":"The \"Stem Cells and Brain Tumours\" team has been working on the project with the team from Nice's Institute for Research on Cancer and Ageing.\u00a0 It","breadcrumb":{"@id":"https:\/\/www.monaco-tribune.com\/en\/2022\/12\/monaco-scientific-centre-plans-to-fight-childhood-cancer-with-sea-anemones\/#breadcrumb"},"inLanguage":"en-US","potentialAction":[{"@type":"ReadAction","target":["https:\/\/www.monaco-tribune.com\/en\/2022\/12\/monaco-scientific-centre-plans-to-fight-childhood-cancer-with-sea-anemones\/"]}]},{"@type":"ImageObject","inLanguage":"en-US","@id":"https:\/\/www.monaco-tribune.com\/en\/2022\/12\/monaco-scientific-centre-plans-to-fight-childhood-cancer-with-sea-anemones\/#primaryimage","url":"https:\/\/www.monaco-tribune.com\/wp-content\/uploads\/2022\/12\/docteur-vincent-picco-centre-scientifique-monaco.jpeg","contentUrl":"https:\/\/www.monaco-tribune.com\/wp-content\/uploads\/2022\/12\/docteur-vincent-picco-centre-scientifique-monaco.jpeg","width":1020,"height":680,"caption":"Dr. Vincent Picco, Head of Research in the CSM's \"Stem Cells and Brain Tumours\" team, presented his project at a meeting organised under the auspices of the French National Cancer Institute - \u00a9 Communication Department \/ Michael Alesi"},{"@type":"BreadcrumbList","@id":"https:\/\/www.monaco-tribune.com\/en\/2022\/12\/monaco-scientific-centre-plans-to-fight-childhood-cancer-with-sea-anemones\/#breadcrumb","itemListElement":[{"@type":"ListItem","position":1,"name":"Accueil","item":"https:\/\/www.monaco-tribune.com\/en\/"},{"@type":"ListItem","position":2,"name":"Monaco Scientific Centre plans to fight childhood cancer&#8230; with sea anemones"}]},{"@type":"WebSite","@id":"https:\/\/www.monaco-tribune.com\/en\/#website","url":"https:\/\/www.monaco-tribune.com\/en\/","name":"Monaco Tribune","description":"Monaco : actualit\u00e9s \u00e9conomiques, politiques, culturelles et sportives de Monaco et de la French Riviera.","publisher":{"@id":"https:\/\/www.monaco-tribune.com\/en\/#organization"},"potentialAction":[{"@type":"SearchAction","target":{"@type":"EntryPoint","urlTemplate":"https:\/\/www.monaco-tribune.com\/en\/?s={search_term_string}"},"query-input":{"@type":"PropertyValueSpecification","valueRequired":true,"valueName":"search_term_string"}}],"inLanguage":"en-US"},{"@type":"Organization","@id":"https:\/\/www.monaco-tribune.com\/en\/#organization","name":"Monaco Tribune","url":"https:\/\/www.monaco-tribune.com\/en\/","logo":{"@type":"ImageObject","inLanguage":"en-US","@id":"https:\/\/www.monaco-tribune.com\/en\/#\/schema\/logo\/image\/","url":"https:\/\/www.monaco-tribune.com\/wp-content\/uploads\/2022\/11\/logo-monaco-tribune.png","contentUrl":"https:\/\/www.monaco-tribune.com\/wp-content\/uploads\/2022\/11\/logo-monaco-tribune.png","width":1548,"height":600,"caption":"Monaco Tribune"},"image":{"@id":"https:\/\/www.monaco-tribune.com\/en\/#\/schema\/logo\/image\/"},"sameAs":["https:\/\/www.facebook.com\/MonacoTribune","https:\/\/x.com\/MonacoTribune","https:\/\/www.instagram.com\/monacotribune\/","https:\/\/www.linkedin.com\/company\/monaco-tribune","https:\/\/www.youtube.com\/channel\/UCHle1MnG6hw1y4lWKijVbMA"]},{"@type":"Person","@id":"https:\/\/www.monaco-tribune.com\/en\/#\/schema\/person\/a855d420fff4d03637641d60b93ac62e","name":"Camille Esteve","image":{"@type":"ImageObject","inLanguage":"en-US","@id":"https:\/\/secure.gravatar.com\/avatar\/eaaa2355a7bb56c0018a391c20a55bf9b4690e3f493231dd850e612bfa6ce161?s=96&d=mm&r=g","url":"https:\/\/secure.gravatar.com\/avatar\/eaaa2355a7bb56c0018a391c20a55bf9b4690e3f493231dd850e612bfa6ce161?s=96&d=mm&r=g","contentUrl":"https:\/\/secure.gravatar.com\/avatar\/eaaa2355a7bb56c0018a391c20a55bf9b4690e3f493231dd850e612bfa6ce161?s=96&d=mm&r=g","caption":"Camille Esteve"},"url":"https:\/\/www.monaco-tribune.com\/en\/author\/camilleesteve\/"}]}},"_links":{"self":[{"href":"https:\/\/www.monaco-tribune.com\/en\/wp-json\/wp\/v2\/posts\/155059","targetHints":{"allow":["GET"]}}],"collection":[{"href":"https:\/\/www.monaco-tribune.com\/en\/wp-json\/wp\/v2\/posts"}],"about":[{"href":"https:\/\/www.monaco-tribune.com\/en\/wp-json\/wp\/v2\/types\/post"}],"author":[{"embeddable":true,"href":"https:\/\/www.monaco-tribune.com\/en\/wp-json\/wp\/v2\/users\/60"}],"replies":[{"embeddable":true,"href":"https:\/\/www.monaco-tribune.com\/en\/wp-json\/wp\/v2\/comments?post=155059"}],"version-history":[{"count":0,"href":"https:\/\/www.monaco-tribune.com\/en\/wp-json\/wp\/v2\/posts\/155059\/revisions"}],"wp:featuredmedia":[{"embeddable":true,"href":"https:\/\/www.monaco-tribune.com\/en\/wp-json\/wp\/v2\/media\/154282"}],"wp:attachment":[{"href":"https:\/\/www.monaco-tribune.com\/en\/wp-json\/wp\/v2\/media?parent=155059"}],"wp:term":[{"taxonomy":"category","embeddable":true,"href":"https:\/\/www.monaco-tribune.com\/en\/wp-json\/wp\/v2\/categories?post=155059"},{"taxonomy":"post_tag","embeddable":true,"href":"https:\/\/www.monaco-tribune.com\/en\/wp-json\/wp\/v2\/tags?post=155059"},{"taxonomy":"sectag","embeddable":true,"href":"https:\/\/www.monaco-tribune.com\/en\/wp-json\/wp\/v2\/post_sectags?post=155059"},{"taxonomy":"format","embeddable":true,"href":"https:\/\/www.monaco-tribune.com\/en\/wp-json\/wp\/v2\/post_format?post=155059"}],"curies":[{"name":"wp","href":"https:\/\/api.w.org\/{rel}","templated":true}]}}