{"id":155835,"date":"2022-12-15T16:29:50","date_gmt":"2022-12-15T15:29:50","guid":{"rendered":"https:\/\/www.monaco-tribune.com\/2022\/12\/princess-charlene-celebrates-foundationss-10th-anniversary-surrounded-by-prestigious-guests\/"},"modified":"2022-12-15T16:32:17","modified_gmt":"2022-12-15T15:32:17","slug":"princess-charlene-celebrates-foundationss-10th-anniversary-surrounded-by-prestigious-guests","status":"publish","type":"post","link":"https:\/\/www.monaco-tribune.com\/en\/2022\/12\/princess-charlene-celebrates-foundationss-10th-anniversary-surrounded-by-prestigious-guests\/","title":{"rendered":"Princess Charlene celebrates Foundations&#8217;s 10th anniversary surrounded by prestigious guests"},"content":{"rendered":"\n<p><strong>In her speech, the Princess thanked all those who were part of the project, and more specifically her husband Prince Albert II.<\/strong><\/p>\n\n<p>Ten years of sharing and education, reaching over a million people. Through sport, the Princess Charlene Foundation has carried out 510 projects in 43 different countries. For its tenth anniversary, Princess Charlene went to inaugurate the Foundation&#8217;s new premises on the Quai Antoine I, on Wednesday 14 December.<\/p>\n<div class=\"wp-block-image\">\n<figure class=\"aligncenter size-large\"><img loading=\"lazy\" decoding=\"async\" width=\"1024\" height=\"683\" src=\"https:\/\/www.monaco-tribune.com\/wp-content\/uploads\/2022\/12\/nouveaux-locaux-fondation-princesse-charlene-1024x683.jpg\" alt=\"nouveaux-locaux-fondation-princesse-charlene\" class=\"wp-image-155698\" srcset=\"https:\/\/www.monaco-tribune.com\/wp-content\/uploads\/2022\/12\/nouveaux-locaux-fondation-princesse-charlene-1024x683.jpg 1024w, https:\/\/www.monaco-tribune.com\/wp-content\/uploads\/2022\/12\/nouveaux-locaux-fondation-princesse-charlene-450x300.jpg 450w, https:\/\/www.monaco-tribune.com\/wp-content\/uploads\/2022\/12\/nouveaux-locaux-fondation-princesse-charlene.jpg 2048w\" sizes=\"auto, (max-width: 1024px) 100vw, 1024px\" \/><figcaption class=\"wp-element-caption\"><em>\u00a9 Communication Department \/ St\u00e9phane Danna<\/em><\/figcaption><\/figure>\n<\/div>\n<p>A number of key figures came to celebrate the anniversary. Starting with the Princess&#8217; husband, Prince Albert II. Princess Stephanie, Lady Tina Green and Gareth Wittstock, the Princess&#8217; brother and Secretary General of the Foundation, were also present.<\/p>\n<div class=\"wp-block-image\">\n<figure class=\"aligncenter size-large\"><img loading=\"lazy\" decoding=\"async\" width=\"1024\" height=\"683\" src=\"https:\/\/www.monaco-tribune.com\/wp-content\/uploads\/2022\/12\/fondation-princesse-charlene-equipe-1024x683.jpg\" alt=\"fondation-princesse-charlene-equipe\" class=\"wp-image-155703\" srcset=\"https:\/\/www.monaco-tribune.com\/wp-content\/uploads\/2022\/12\/fondation-princesse-charlene-equipe-1024x683.jpg 1024w, https:\/\/www.monaco-tribune.com\/wp-content\/uploads\/2022\/12\/fondation-princesse-charlene-equipe-450x300.jpg 450w, https:\/\/www.monaco-tribune.com\/wp-content\/uploads\/2022\/12\/fondation-princesse-charlene-equipe.jpg 1200w\" sizes=\"auto, (max-width: 1024px) 100vw, 1024px\" \/><figcaption class=\"wp-element-caption\"><em>\u00a9 Communication Department \/ St\u00e9phane Danna<\/em><\/figcaption><\/figure>\n<\/div>\n<p>After receiving a bouquet of flowers from her brother, the Princess gave a brief speech to thank everyone: &#8220;None of these figures, these numbers of people would ever have been reached and taught, and lives would never have been saved if it weren&#8217;t for people like you that support our vision, our dream. It is because of you who are here today, believing in what we do, and believing in me. I just want to thank you so much&#8221;<\/p>\n\n<p>The Princess also had a special message for her husband: &#8220;Thank you Albert for everything, for your support, for believing in us and trusting us.&#8221;<\/p>\n<div class=\"wp-block-image\">\n<figure class=\"aligncenter size-large\"><img loading=\"lazy\" decoding=\"async\" width=\"1024\" height=\"683\" src=\"https:\/\/www.monaco-tribune.com\/wp-content\/uploads\/2022\/12\/princesse-charlene-gareth-wittstock-1024x683.jpg\" alt=\"princesse-charlene-gareth-wittstock\" class=\"wp-image-155730\" srcset=\"https:\/\/www.monaco-tribune.com\/wp-content\/uploads\/2022\/12\/princesse-charlene-gareth-wittstock-1024x683.jpg 1024w, https:\/\/www.monaco-tribune.com\/wp-content\/uploads\/2022\/12\/princesse-charlene-gareth-wittstock-450x300.jpg 450w, https:\/\/www.monaco-tribune.com\/wp-content\/uploads\/2022\/12\/princesse-charlene-gareth-wittstock.jpg 1200w\" sizes=\"auto, (max-width: 1024px) 100vw, 1024px\" \/><figcaption class=\"wp-element-caption\"><em>\u00a9 \u00c9ric Mathon \/ Prince&#8217;s\u00a0<\/em><i>Palace<\/i><\/figcaption><\/figure>\n<\/div>\n<p><strong>SEE ALSO: <a href=\"https:\/\/www.monaco-tribune.com\/en\/2022\/12\/princess-charlene-talks-about-her-children-her-fight-against-drowning-and-her-love-of-animals\/\">Princess Charlene talks about her children, her fight against drowning and her love of animals<\/a><\/strong><\/p>\n\n<p>As a reminder, the Princess created this Foundation after witnessing the devastating realities of drowning. To address the problem, the Princess wanted to use the values of sport to bring children together, values dear to her heart that teach compassion, inspire, give hope and unite people from all countries.<\/p>\n\n<p>In an interview with <i>Monaco-Matin<\/i>, the Princess announced that new ambassadors should be joining the Foundation in 2023: handball player J\u00e9r\u00f4me Fernandez, gymnast Kevin Crovetto, sea rescue champion St\u00e9phanie Barneix, marathon runner Paula Radcliffe and tennis player Stefanos Tsitsipas.<\/p>\n","protected":false},"excerpt":{"rendered":"<p>In her speech, the Princess thanked all those who were part of the project, and more specifically her husband Prince [&hellip;]<\/p>\n","protected":false},"author":66,"featured_media":155722,"comment_status":"closed","ping_status":"closed","sticky":false,"template":"","format":"standard","meta":{"_acf_changed":false,"footnotes":""},"categories":[243,254],"tags":[2958],"post_sectags":[],"post_format":[2465],"class_list":["post-155835","post","type-post","status-publish","format-standard","has-post-thumbnail","hentry","category-news","category-people-en","tag-princess-charlene-foundation-en","format-in-brief"],"acf":[],"yoast_head":"<!-- This site is optimized with the Yoast SEO Premium plugin v26.8 (Yoast SEO v27.4) - https:\/\/yoast.com\/product\/yoast-seo-premium-wordpress\/ -->\n<title>Princess Charlene celebrates Foundations&#039;s 10th anniversary surrounded by prestigious guests<\/title>\n<meta name=\"description\" content=\"In her speech, the Princess thanked all those who were part of the project, and more specifically her husband Prince Albert II. Ten years of sharing and\" \/>\n<meta name=\"robots\" content=\"index, follow, max-snippet:-1, max-image-preview:large, max-video-preview:-1\" \/>\n<link rel=\"canonical\" href=\"https:\/\/www.monaco-tribune.com\/en\/2022\/12\/princess-charlene-celebrates-foundationss-10th-anniversary-surrounded-by-prestigious-guests\/\" \/>\n<meta property=\"og:locale\" content=\"en_US\" \/>\n<meta property=\"og:type\" content=\"article\" \/>\n<meta property=\"og:title\" content=\"Princess Charlene celebrates Foundations&#039;s 10th anniversary surrounded by prestigious guests - Monaco Tribune\" \/>\n<meta property=\"og:description\" content=\"In her speech, the Princess thanked all those who were part of the project, and more specifically her husband Prince Albert II. Ten years of sharing and\" \/>\n<meta property=\"og:url\" content=\"https:\/\/www.monaco-tribune.com\/en\/2022\/12\/princess-charlene-celebrates-foundationss-10th-anniversary-surrounded-by-prestigious-guests\/\" \/>\n<meta property=\"og:site_name\" content=\"Monaco Tribune\" \/>\n<meta property=\"article:publisher\" content=\"https:\/\/www.facebook.com\/MonacoTribune\" \/>\n<meta property=\"article:published_time\" content=\"2022-12-15T15:29:50+00:00\" \/>\n<meta property=\"article:modified_time\" content=\"2022-12-15T15:32:17+00:00\" \/>\n<meta property=\"og:image\" content=\"https:\/\/www.monaco-tribune.com\/wp-content\/uploads\/2022\/12\/fondation-princesse-charlene-dix-ans.jpeg\" \/>\n\t<meta property=\"og:image:width\" content=\"1020\" \/>\n\t<meta property=\"og:image:height\" content=\"680\" \/>\n\t<meta property=\"og:image:type\" content=\"image\/jpeg\" \/>\n<meta name=\"author\" content=\"Th\u00e9o Briand\" \/>\n<meta name=\"twitter:card\" content=\"summary_large_image\" \/>\n<meta name=\"twitter:creator\" content=\"@MonacoTribune\" \/>\n<meta name=\"twitter:site\" content=\"@MonacoTribune\" \/>\n<script type=\"application\/ld+json\" class=\"yoast-schema-graph\">{\"@context\":\"https:\\\/\\\/schema.org\",\"@graph\":[{\"@type\":\"NewsArticle\",\"@id\":\"https:\\\/\\\/www.monaco-tribune.com\\\/en\\\/2022\\\/12\\\/princess-charlene-celebrates-foundationss-10th-anniversary-surrounded-by-prestigious-guests\\\/#article\",\"isPartOf\":{\"@id\":\"https:\\\/\\\/www.monaco-tribune.com\\\/en\\\/2022\\\/12\\\/princess-charlene-celebrates-foundationss-10th-anniversary-surrounded-by-prestigious-guests\\\/\"},\"author\":{\"name\":\"Th\u00e9o Briand\",\"@id\":\"https:\\\/\\\/www.monaco-tribune.com\\\/en\\\/#\\\/schema\\\/person\\\/94fb5723547bd83dea1eed97e25145aa\"},\"headline\":\"Princess Charlene celebrates Foundations&#8217;s 10th anniversary surrounded by prestigious guests\",\"datePublished\":\"2022-12-15T15:29:50+00:00\",\"dateModified\":\"2022-12-15T15:32:17+00:00\",\"mainEntityOfPage\":{\"@id\":\"https:\\\/\\\/www.monaco-tribune.com\\\/en\\\/2022\\\/12\\\/princess-charlene-celebrates-foundationss-10th-anniversary-surrounded-by-prestigious-guests\\\/\"},\"wordCount\":344,\"publisher\":{\"@id\":\"https:\\\/\\\/www.monaco-tribune.com\\\/en\\\/#organization\"},\"image\":{\"@id\":\"https:\\\/\\\/www.monaco-tribune.com\\\/en\\\/2022\\\/12\\\/princess-charlene-celebrates-foundationss-10th-anniversary-surrounded-by-prestigious-guests\\\/#primaryimage\"},\"thumbnailUrl\":\"https:\\\/\\\/www.monaco-tribune.com\\\/wp-content\\\/uploads\\\/2022\\\/12\\\/fondation-princesse-charlene-dix-ans.jpeg\",\"keywords\":[\"Princess Charlene Foundation\"],\"articleSection\":[\"News\",\"Princely Family\"],\"inLanguage\":\"en-US\",\"copyrightYear\":\"2022\",\"copyrightHolder\":{\"@id\":\"https:\\\/\\\/www.monaco-tribune.com\\\/#organization\"}},{\"@type\":\"WebPage\",\"@id\":\"https:\\\/\\\/www.monaco-tribune.com\\\/en\\\/2022\\\/12\\\/princess-charlene-celebrates-foundationss-10th-anniversary-surrounded-by-prestigious-guests\\\/\",\"url\":\"https:\\\/\\\/www.monaco-tribune.com\\\/en\\\/2022\\\/12\\\/princess-charlene-celebrates-foundationss-10th-anniversary-surrounded-by-prestigious-guests\\\/\",\"name\":\"Princess Charlene celebrates Foundations's 10th anniversary surrounded by prestigious guests\",\"isPartOf\":{\"@id\":\"https:\\\/\\\/www.monaco-tribune.com\\\/en\\\/#website\"},\"primaryImageOfPage\":{\"@id\":\"https:\\\/\\\/www.monaco-tribune.com\\\/en\\\/2022\\\/12\\\/princess-charlene-celebrates-foundationss-10th-anniversary-surrounded-by-prestigious-guests\\\/#primaryimage\"},\"image\":{\"@id\":\"https:\\\/\\\/www.monaco-tribune.com\\\/en\\\/2022\\\/12\\\/princess-charlene-celebrates-foundationss-10th-anniversary-surrounded-by-prestigious-guests\\\/#primaryimage\"},\"thumbnailUrl\":\"https:\\\/\\\/www.monaco-tribune.com\\\/wp-content\\\/uploads\\\/2022\\\/12\\\/fondation-princesse-charlene-dix-ans.jpeg\",\"datePublished\":\"2022-12-15T15:29:50+00:00\",\"dateModified\":\"2022-12-15T15:32:17+00:00\",\"description\":\"In her speech, the Princess thanked all those who were part of the project, and more specifically her husband Prince Albert II. Ten years of sharing and\",\"breadcrumb\":{\"@id\":\"https:\\\/\\\/www.monaco-tribune.com\\\/en\\\/2022\\\/12\\\/princess-charlene-celebrates-foundationss-10th-anniversary-surrounded-by-prestigious-guests\\\/#breadcrumb\"},\"inLanguage\":\"en-US\",\"potentialAction\":[{\"@type\":\"ReadAction\",\"target\":[\"https:\\\/\\\/www.monaco-tribune.com\\\/en\\\/2022\\\/12\\\/princess-charlene-celebrates-foundationss-10th-anniversary-surrounded-by-prestigious-guests\\\/\"]}]},{\"@type\":\"ImageObject\",\"inLanguage\":\"en-US\",\"@id\":\"https:\\\/\\\/www.monaco-tribune.com\\\/en\\\/2022\\\/12\\\/princess-charlene-celebrates-foundationss-10th-anniversary-surrounded-by-prestigious-guests\\\/#primaryimage\",\"url\":\"https:\\\/\\\/www.monaco-tribune.com\\\/wp-content\\\/uploads\\\/2022\\\/12\\\/fondation-princesse-charlene-dix-ans.jpeg\",\"contentUrl\":\"https:\\\/\\\/www.monaco-tribune.com\\\/wp-content\\\/uploads\\\/2022\\\/12\\\/fondation-princesse-charlene-dix-ans.jpeg\",\"width\":1020,\"height\":680,\"caption\":\"\u00a9 Eric Mathon \\\/ Prince's Palace\"},{\"@type\":\"BreadcrumbList\",\"@id\":\"https:\\\/\\\/www.monaco-tribune.com\\\/en\\\/2022\\\/12\\\/princess-charlene-celebrates-foundationss-10th-anniversary-surrounded-by-prestigious-guests\\\/#breadcrumb\",\"itemListElement\":[{\"@type\":\"ListItem\",\"position\":1,\"name\":\"Accueil\",\"item\":\"https:\\\/\\\/www.monaco-tribune.com\\\/en\\\/\"},{\"@type\":\"ListItem\",\"position\":2,\"name\":\"Princess Charlene celebrates Foundations&rsquo;s 10th anniversary surrounded by prestigious guests\"}]},{\"@type\":\"WebSite\",\"@id\":\"https:\\\/\\\/www.monaco-tribune.com\\\/en\\\/#website\",\"url\":\"https:\\\/\\\/www.monaco-tribune.com\\\/en\\\/\",\"name\":\"Monaco Tribune\",\"description\":\"Monaco : actualit\u00e9s \u00e9conomiques, politiques, culturelles et sportives de Monaco et de la French Riviera.\",\"publisher\":{\"@id\":\"https:\\\/\\\/www.monaco-tribune.com\\\/en\\\/#organization\"},\"potentialAction\":[{\"@type\":\"SearchAction\",\"target\":{\"@type\":\"EntryPoint\",\"urlTemplate\":\"https:\\\/\\\/www.monaco-tribune.com\\\/en\\\/?s={search_term_string}\"},\"query-input\":{\"@type\":\"PropertyValueSpecification\",\"valueRequired\":true,\"valueName\":\"search_term_string\"}}],\"inLanguage\":\"en-US\"},{\"@type\":\"Organization\",\"@id\":\"https:\\\/\\\/www.monaco-tribune.com\\\/en\\\/#organization\",\"name\":\"Monaco Tribune\",\"url\":\"https:\\\/\\\/www.monaco-tribune.com\\\/en\\\/\",\"logo\":{\"@type\":\"ImageObject\",\"inLanguage\":\"en-US\",\"@id\":\"https:\\\/\\\/www.monaco-tribune.com\\\/en\\\/#\\\/schema\\\/logo\\\/image\\\/\",\"url\":\"https:\\\/\\\/www.monaco-tribune.com\\\/wp-content\\\/uploads\\\/2022\\\/11\\\/logo-monaco-tribune.png\",\"contentUrl\":\"https:\\\/\\\/www.monaco-tribune.com\\\/wp-content\\\/uploads\\\/2022\\\/11\\\/logo-monaco-tribune.png\",\"width\":1548,\"height\":600,\"caption\":\"Monaco Tribune\"},\"image\":{\"@id\":\"https:\\\/\\\/www.monaco-tribune.com\\\/en\\\/#\\\/schema\\\/logo\\\/image\\\/\"},\"sameAs\":[\"https:\\\/\\\/www.facebook.com\\\/MonacoTribune\",\"https:\\\/\\\/x.com\\\/MonacoTribune\",\"https:\\\/\\\/www.instagram.com\\\/monacotribune\\\/\",\"https:\\\/\\\/www.linkedin.com\\\/company\\\/monaco-tribune\",\"https:\\\/\\\/www.youtube.com\\\/channel\\\/UCHle1MnG6hw1y4lWKijVbMA\"]},{\"@type\":\"Person\",\"@id\":\"https:\\\/\\\/www.monaco-tribune.com\\\/en\\\/#\\\/schema\\\/person\\\/94fb5723547bd83dea1eed97e25145aa\",\"name\":\"Th\u00e9o Briand\",\"image\":{\"@type\":\"ImageObject\",\"inLanguage\":\"en-US\",\"@id\":\"https:\\\/\\\/secure.gravatar.com\\\/avatar\\\/1c02cfd8b8054d8c376f9a942a1dc4dbacfd8ba5e6f8dbb5e16f4aa3d281972a?s=96&d=mm&r=g\",\"url\":\"https:\\\/\\\/secure.gravatar.com\\\/avatar\\\/1c02cfd8b8054d8c376f9a942a1dc4dbacfd8ba5e6f8dbb5e16f4aa3d281972a?s=96&d=mm&r=g\",\"contentUrl\":\"https:\\\/\\\/secure.gravatar.com\\\/avatar\\\/1c02cfd8b8054d8c376f9a942a1dc4dbacfd8ba5e6f8dbb5e16f4aa3d281972a?s=96&d=mm&r=g\",\"caption\":\"Th\u00e9o Briand\"},\"url\":\"https:\\\/\\\/www.monaco-tribune.com\\\/en\\\/author\\\/theobriand\\\/\"}]}<\/script>\n<!-- \/ Yoast SEO Premium plugin. -->","yoast_head_json":{"title":"Princess Charlene celebrates Foundations's 10th anniversary surrounded by prestigious guests","description":"In her speech, the Princess thanked all those who were part of the project, and more specifically her husband Prince Albert II. Ten years of sharing and","robots":{"index":"index","follow":"follow","max-snippet":"max-snippet:-1","max-image-preview":"max-image-preview:large","max-video-preview":"max-video-preview:-1"},"canonical":"https:\/\/www.monaco-tribune.com\/en\/2022\/12\/princess-charlene-celebrates-foundationss-10th-anniversary-surrounded-by-prestigious-guests\/","og_locale":"en_US","og_type":"article","og_title":"Princess Charlene celebrates Foundations's 10th anniversary surrounded by prestigious guests - Monaco Tribune","og_description":"In her speech, the Princess thanked all those who were part of the project, and more specifically her husband Prince Albert II. Ten years of sharing and","og_url":"https:\/\/www.monaco-tribune.com\/en\/2022\/12\/princess-charlene-celebrates-foundationss-10th-anniversary-surrounded-by-prestigious-guests\/","og_site_name":"Monaco Tribune","article_publisher":"https:\/\/www.facebook.com\/MonacoTribune","article_published_time":"2022-12-15T15:29:50+00:00","article_modified_time":"2022-12-15T15:32:17+00:00","og_image":[{"width":1020,"height":680,"url":"https:\/\/www.monaco-tribune.com\/wp-content\/uploads\/2022\/12\/fondation-princesse-charlene-dix-ans.jpeg","type":"image\/jpeg"}],"author":"Th\u00e9o Briand","twitter_card":"summary_large_image","twitter_creator":"@MonacoTribune","twitter_site":"@MonacoTribune","schema":{"@context":"https:\/\/schema.org","@graph":[{"@type":"NewsArticle","@id":"https:\/\/www.monaco-tribune.com\/en\/2022\/12\/princess-charlene-celebrates-foundationss-10th-anniversary-surrounded-by-prestigious-guests\/#article","isPartOf":{"@id":"https:\/\/www.monaco-tribune.com\/en\/2022\/12\/princess-charlene-celebrates-foundationss-10th-anniversary-surrounded-by-prestigious-guests\/"},"author":{"name":"Th\u00e9o Briand","@id":"https:\/\/www.monaco-tribune.com\/en\/#\/schema\/person\/94fb5723547bd83dea1eed97e25145aa"},"headline":"Princess Charlene celebrates Foundations&#8217;s 10th anniversary surrounded by prestigious guests","datePublished":"2022-12-15T15:29:50+00:00","dateModified":"2022-12-15T15:32:17+00:00","mainEntityOfPage":{"@id":"https:\/\/www.monaco-tribune.com\/en\/2022\/12\/princess-charlene-celebrates-foundationss-10th-anniversary-surrounded-by-prestigious-guests\/"},"wordCount":344,"publisher":{"@id":"https:\/\/www.monaco-tribune.com\/en\/#organization"},"image":{"@id":"https:\/\/www.monaco-tribune.com\/en\/2022\/12\/princess-charlene-celebrates-foundationss-10th-anniversary-surrounded-by-prestigious-guests\/#primaryimage"},"thumbnailUrl":"https:\/\/www.monaco-tribune.com\/wp-content\/uploads\/2022\/12\/fondation-princesse-charlene-dix-ans.jpeg","keywords":["Princess Charlene Foundation"],"articleSection":["News","Princely Family"],"inLanguage":"en-US","copyrightYear":"2022","copyrightHolder":{"@id":"https:\/\/www.monaco-tribune.com\/#organization"}},{"@type":"WebPage","@id":"https:\/\/www.monaco-tribune.com\/en\/2022\/12\/princess-charlene-celebrates-foundationss-10th-anniversary-surrounded-by-prestigious-guests\/","url":"https:\/\/www.monaco-tribune.com\/en\/2022\/12\/princess-charlene-celebrates-foundationss-10th-anniversary-surrounded-by-prestigious-guests\/","name":"Princess Charlene celebrates Foundations's 10th anniversary surrounded by prestigious guests","isPartOf":{"@id":"https:\/\/www.monaco-tribune.com\/en\/#website"},"primaryImageOfPage":{"@id":"https:\/\/www.monaco-tribune.com\/en\/2022\/12\/princess-charlene-celebrates-foundationss-10th-anniversary-surrounded-by-prestigious-guests\/#primaryimage"},"image":{"@id":"https:\/\/www.monaco-tribune.com\/en\/2022\/12\/princess-charlene-celebrates-foundationss-10th-anniversary-surrounded-by-prestigious-guests\/#primaryimage"},"thumbnailUrl":"https:\/\/www.monaco-tribune.com\/wp-content\/uploads\/2022\/12\/fondation-princesse-charlene-dix-ans.jpeg","datePublished":"2022-12-15T15:29:50+00:00","dateModified":"2022-12-15T15:32:17+00:00","description":"In her speech, the Princess thanked all those who were part of the project, and more specifically her husband Prince Albert II. Ten years of sharing and","breadcrumb":{"@id":"https:\/\/www.monaco-tribune.com\/en\/2022\/12\/princess-charlene-celebrates-foundationss-10th-anniversary-surrounded-by-prestigious-guests\/#breadcrumb"},"inLanguage":"en-US","potentialAction":[{"@type":"ReadAction","target":["https:\/\/www.monaco-tribune.com\/en\/2022\/12\/princess-charlene-celebrates-foundationss-10th-anniversary-surrounded-by-prestigious-guests\/"]}]},{"@type":"ImageObject","inLanguage":"en-US","@id":"https:\/\/www.monaco-tribune.com\/en\/2022\/12\/princess-charlene-celebrates-foundationss-10th-anniversary-surrounded-by-prestigious-guests\/#primaryimage","url":"https:\/\/www.monaco-tribune.com\/wp-content\/uploads\/2022\/12\/fondation-princesse-charlene-dix-ans.jpeg","contentUrl":"https:\/\/www.monaco-tribune.com\/wp-content\/uploads\/2022\/12\/fondation-princesse-charlene-dix-ans.jpeg","width":1020,"height":680,"caption":"\u00a9 Eric Mathon \/ Prince's Palace"},{"@type":"BreadcrumbList","@id":"https:\/\/www.monaco-tribune.com\/en\/2022\/12\/princess-charlene-celebrates-foundationss-10th-anniversary-surrounded-by-prestigious-guests\/#breadcrumb","itemListElement":[{"@type":"ListItem","position":1,"name":"Accueil","item":"https:\/\/www.monaco-tribune.com\/en\/"},{"@type":"ListItem","position":2,"name":"Princess Charlene celebrates Foundations&rsquo;s 10th anniversary surrounded by prestigious guests"}]},{"@type":"WebSite","@id":"https:\/\/www.monaco-tribune.com\/en\/#website","url":"https:\/\/www.monaco-tribune.com\/en\/","name":"Monaco Tribune","description":"Monaco : actualit\u00e9s \u00e9conomiques, politiques, culturelles et sportives de Monaco et de la French Riviera.","publisher":{"@id":"https:\/\/www.monaco-tribune.com\/en\/#organization"},"potentialAction":[{"@type":"SearchAction","target":{"@type":"EntryPoint","urlTemplate":"https:\/\/www.monaco-tribune.com\/en\/?s={search_term_string}"},"query-input":{"@type":"PropertyValueSpecification","valueRequired":true,"valueName":"search_term_string"}}],"inLanguage":"en-US"},{"@type":"Organization","@id":"https:\/\/www.monaco-tribune.com\/en\/#organization","name":"Monaco Tribune","url":"https:\/\/www.monaco-tribune.com\/en\/","logo":{"@type":"ImageObject","inLanguage":"en-US","@id":"https:\/\/www.monaco-tribune.com\/en\/#\/schema\/logo\/image\/","url":"https:\/\/www.monaco-tribune.com\/wp-content\/uploads\/2022\/11\/logo-monaco-tribune.png","contentUrl":"https:\/\/www.monaco-tribune.com\/wp-content\/uploads\/2022\/11\/logo-monaco-tribune.png","width":1548,"height":600,"caption":"Monaco Tribune"},"image":{"@id":"https:\/\/www.monaco-tribune.com\/en\/#\/schema\/logo\/image\/"},"sameAs":["https:\/\/www.facebook.com\/MonacoTribune","https:\/\/x.com\/MonacoTribune","https:\/\/www.instagram.com\/monacotribune\/","https:\/\/www.linkedin.com\/company\/monaco-tribune","https:\/\/www.youtube.com\/channel\/UCHle1MnG6hw1y4lWKijVbMA"]},{"@type":"Person","@id":"https:\/\/www.monaco-tribune.com\/en\/#\/schema\/person\/94fb5723547bd83dea1eed97e25145aa","name":"Th\u00e9o Briand","image":{"@type":"ImageObject","inLanguage":"en-US","@id":"https:\/\/secure.gravatar.com\/avatar\/1c02cfd8b8054d8c376f9a942a1dc4dbacfd8ba5e6f8dbb5e16f4aa3d281972a?s=96&d=mm&r=g","url":"https:\/\/secure.gravatar.com\/avatar\/1c02cfd8b8054d8c376f9a942a1dc4dbacfd8ba5e6f8dbb5e16f4aa3d281972a?s=96&d=mm&r=g","contentUrl":"https:\/\/secure.gravatar.com\/avatar\/1c02cfd8b8054d8c376f9a942a1dc4dbacfd8ba5e6f8dbb5e16f4aa3d281972a?s=96&d=mm&r=g","caption":"Th\u00e9o Briand"},"url":"https:\/\/www.monaco-tribune.com\/en\/author\/theobriand\/"}]}},"_links":{"self":[{"href":"https:\/\/www.monaco-tribune.com\/en\/wp-json\/wp\/v2\/posts\/155835","targetHints":{"allow":["GET"]}}],"collection":[{"href":"https:\/\/www.monaco-tribune.com\/en\/wp-json\/wp\/v2\/posts"}],"about":[{"href":"https:\/\/www.monaco-tribune.com\/en\/wp-json\/wp\/v2\/types\/post"}],"author":[{"embeddable":true,"href":"https:\/\/www.monaco-tribune.com\/en\/wp-json\/wp\/v2\/users\/66"}],"replies":[{"embeddable":true,"href":"https:\/\/www.monaco-tribune.com\/en\/wp-json\/wp\/v2\/comments?post=155835"}],"version-history":[{"count":0,"href":"https:\/\/www.monaco-tribune.com\/en\/wp-json\/wp\/v2\/posts\/155835\/revisions"}],"wp:featuredmedia":[{"embeddable":true,"href":"https:\/\/www.monaco-tribune.com\/en\/wp-json\/wp\/v2\/media\/155722"}],"wp:attachment":[{"href":"https:\/\/www.monaco-tribune.com\/en\/wp-json\/wp\/v2\/media?parent=155835"}],"wp:term":[{"taxonomy":"category","embeddable":true,"href":"https:\/\/www.monaco-tribune.com\/en\/wp-json\/wp\/v2\/categories?post=155835"},{"taxonomy":"post_tag","embeddable":true,"href":"https:\/\/www.monaco-tribune.com\/en\/wp-json\/wp\/v2\/tags?post=155835"},{"taxonomy":"sectag","embeddable":true,"href":"https:\/\/www.monaco-tribune.com\/en\/wp-json\/wp\/v2\/post_sectags?post=155835"},{"taxonomy":"format","embeddable":true,"href":"https:\/\/www.monaco-tribune.com\/en\/wp-json\/wp\/v2\/post_format?post=155835"}],"curies":[{"name":"wp","href":"https:\/\/api.w.org\/{rel}","templated":true}]}}