{"id":168097,"date":"2023-03-14T15:28:59","date_gmt":"2023-03-14T14:28:59","guid":{"rendered":"https:\/\/www.monaco-tribune.com\/2023\/03\/monaco-celebrates-65th-birthday-of-prince-albert-ii\/"},"modified":"2023-03-14T15:32:11","modified_gmt":"2023-03-14T14:32:11","slug":"monaco-celebrates-65th-birthday-of-prince-albert-ii","status":"publish","type":"post","link":"https:\/\/www.monaco-tribune.com\/en\/2023\/03\/monaco-celebrates-65th-birthday-of-prince-albert-ii\/","title":{"rendered":"Monaco celebrates 65th birthday of Prince Albert II"},"content":{"rendered":"\n<p><strong>On Tuesday 14 March, the Principality wished its Sovereign a happy birthday when he appeared at the window of the Prince&#8217;s Palace during the changing of the guard.\u00a0<\/strong><\/p>\n\n<p>It was a surprise the tourists were probably not expecting. During the customary changing of the guard, Prince Albert II appeared at the Palace window, along with Hereditary Prince Jacques and Princess Gabriella. <\/p>\n\n<p>Below, the Carabinieri band played the world-famous &#8220;Happy Birthday,&#8221; originally Good Morning to All, a children&#8217;s song thought to have been written and composed in 1893 by two American sisters, Patty and Mildred Hill.<\/p>\n\n<blockquote class=\"instagram-media\" data-instgrm-permalink=\"https:\/\/www.instagram.com\/reel\/CpxPBaaIptY\/?utm_source=ig_embed&#038;utm_campaign=loading\" data-instgrm-version=\"14\" style=\" background:#FFF; border:0; border-radius:3px; box-shadow:0 0 1px 0 rgba(0,0,0,0.5),0 1px 10px 0 rgba(0,0,0,0.15); margin: 1px; max-width:540px; min-width:326px; padding:0; width:99.375%; width:-webkit-calc(100% - 2px); width:calc(100% - 2px);\"><div style=\"padding:16px;\"> <a href=\"https:\/\/www.instagram.com\/reel\/CpxPBaaIptY\/?utm_source=ig_embed&#038;utm_campaign=loading\" style=\" background:#FFFFFF; line-height:0; padding:0 0; text-align:center; text-decoration:none; width:100%;\" target=\"_blank\" rel=\"noopener\"> <div style=\" display: flex; flex-direction: row; align-items: center;\"> <div style=\"background-color: #F4F4F4; border-radius: 50%; flex-grow: 0; height: 40px; margin-right: 14px; width: 40px;\"><\/div> <div style=\"display: flex; flex-direction: column; flex-grow: 1; justify-content: center;\"> <div style=\" background-color: #F4F4F4; border-radius: 4px; flex-grow: 0; height: 14px; margin-bottom: 6px; width: 100px;\"><\/div> <div style=\" background-color: #F4F4F4; border-radius: 4px; flex-grow: 0; height: 14px; width: 60px;\"><\/div><\/div><\/div><div style=\"padding: 19% 0;\"><\/div> <div style=\"display:block; height:50px; margin:0 auto 12px; width:50px;\"><svg width=\"50px\" height=\"50px\" viewbox=\"0 0 60 60\" version=\"1.1\" xmlns=\"https:\/\/www.w3.org\/2000\/svg\" xmlns:xlink=\"https:\/\/www.w3.org\/1999\/xlink\"><g stroke=\"none\" stroke-width=\"1\" fill=\"none\" fill-rule=\"evenodd\"><g transform=\"translate(-511.000000, -20.000000)\" fill=\"#000000\"><g><path d=\"M556.869,30.41 C554.814,30.41 553.148,32.076 553.148,34.131 C553.148,36.186 554.814,37.852 556.869,37.852 C558.924,37.852 560.59,36.186 560.59,34.131 C560.59,32.076 558.924,30.41 556.869,30.41 M541,60.657 C535.114,60.657 530.342,55.887 530.342,50 C530.342,44.114 535.114,39.342 541,39.342 C546.887,39.342 551.658,44.114 551.658,50 C551.658,55.887 546.887,60.657 541,60.657 M541,33.886 C532.1,33.886 524.886,41.1 524.886,50 C524.886,58.899 532.1,66.113 541,66.113 C549.9,66.113 557.115,58.899 557.115,50 C557.115,41.1 549.9,33.886 541,33.886 M565.378,62.101 C565.244,65.022 564.756,66.606 564.346,67.663 C563.803,69.06 563.154,70.057 562.106,71.106 C561.058,72.155 560.06,72.803 558.662,73.347 C557.607,73.757 556.021,74.244 553.102,74.378 C549.944,74.521 548.997,74.552 541,74.552 C533.003,74.552 532.056,74.521 528.898,74.378 C525.979,74.244 524.393,73.757 523.338,73.347 C521.94,72.803 520.942,72.155 519.894,71.106 C518.846,70.057 518.197,69.06 517.654,67.663 C517.244,66.606 516.755,65.022 516.623,62.101 C516.479,58.943 516.448,57.996 516.448,50 C516.448,42.003 516.479,41.056 516.623,37.899 C516.755,34.978 517.244,33.391 517.654,32.338 C518.197,30.938 518.846,29.942 519.894,28.894 C520.942,27.846 521.94,27.196 523.338,26.654 C524.393,26.244 525.979,25.756 528.898,25.623 C532.057,25.479 533.004,25.448 541,25.448 C548.997,25.448 549.943,25.479 553.102,25.623 C556.021,25.756 557.607,26.244 558.662,26.654 C560.06,27.196 561.058,27.846 562.106,28.894 C563.154,29.942 563.803,30.938 564.346,32.338 C564.756,33.391 565.244,34.978 565.378,37.899 C565.522,41.056 565.552,42.003 565.552,50 C565.552,57.996 565.522,58.943 565.378,62.101 M570.82,37.631 C570.674,34.438 570.167,32.258 569.425,30.349 C568.659,28.377 567.633,26.702 565.965,25.035 C564.297,23.368 562.623,22.342 560.652,21.575 C558.743,20.834 556.562,20.326 553.369,20.18 C550.169,20.033 549.148,20 541,20 C532.853,20 531.831,20.033 528.631,20.18 C525.438,20.326 523.257,20.834 521.349,21.575 C519.376,22.342 517.703,23.368 516.035,25.035 C514.368,26.702 513.342,28.377 512.574,30.349 C511.834,32.258 511.326,34.438 511.181,37.631 C511.035,40.831 511,41.851 511,50 C511,58.147 511.035,59.17 511.181,62.369 C511.326,65.562 511.834,67.743 512.574,69.651 C513.342,71.625 514.368,73.296 516.035,74.965 C517.703,76.634 519.376,77.658 521.349,78.425 C523.257,79.167 525.438,79.673 528.631,79.82 C531.831,79.965 532.853,80.001 541,80.001 C549.148,80.001 550.169,79.965 553.369,79.82 C556.562,79.673 558.743,79.167 560.652,78.425 C562.623,77.658 564.297,76.634 565.965,74.965 C567.633,73.296 568.659,71.625 569.425,69.651 C570.167,67.743 570.674,65.562 570.82,62.369 C570.966,59.17 571,58.147 571,50 C571,41.851 570.966,40.831 570.82,37.631\"><\/path><\/g><\/g><\/g><\/svg><\/div><div style=\"padding-top: 8px;\"> <div style=\" color:#3897f0; font-family:Arial,sans-serif; font-size:14px; font-style:normal; font-weight:550; line-height:18px;\">View this post on Instagram<\/div><\/div><div style=\"padding: 12.5% 0;\"><\/div> <div style=\"display: flex; flex-direction: row; margin-bottom: 14px; align-items: center;\"><div> <div style=\"background-color: #F4F4F4; border-radius: 50%; height: 12.5px; width: 12.5px; transform: translateX(0px) translateY(7px);\"><\/div> <div style=\"background-color: #F4F4F4; height: 12.5px; transform: rotate(-45deg) translateX(3px) translateY(1px); width: 12.5px; flex-grow: 0; margin-right: 14px; margin-left: 2px;\"><\/div> <div style=\"background-color: #F4F4F4; border-radius: 50%; height: 12.5px; width: 12.5px; transform: translateX(9px) translateY(-18px);\"><\/div><\/div><div style=\"margin-left: 8px;\"> <div style=\" background-color: #F4F4F4; border-radius: 50%; flex-grow: 0; height: 20px; width: 20px;\"><\/div> <div style=\" width: 0; height: 0; border-top: 2px solid transparent; border-left: 6px solid #f4f4f4; border-bottom: 2px solid transparent; transform: translateX(16px) translateY(-4px) rotate(30deg)\"><\/div><\/div><div style=\"margin-left: auto;\"> <div style=\" width: 0px; border-top: 8px solid #F4F4F4; border-right: 8px solid transparent; transform: translateY(16px);\"><\/div> <div style=\" background-color: #F4F4F4; flex-grow: 0; height: 12px; width: 16px; transform: translateY(-4px);\"><\/div> <div style=\" width: 0; height: 0; border-top: 8px solid #F4F4F4; border-left: 8px solid transparent; transform: translateY(-4px) translateX(8px);\"><\/div><\/div><\/div> <div style=\"display: flex; flex-direction: column; flex-grow: 1; justify-content: center; margin-bottom: 24px;\"> <div style=\" background-color: #F4F4F4; border-radius: 4px; flex-grow: 0; height: 14px; margin-bottom: 6px; width: 224px;\"><\/div> <div style=\" background-color: #F4F4F4; border-radius: 4px; flex-grow: 0; height: 14px; width: 144px;\"><\/div><\/div><\/a><p style=\" color:#c9c8cd; font-family:Arial,sans-serif; font-size:14px; line-height:17px; margin-bottom:0; margin-top:8px; overflow:hidden; padding:8px 0 7px; text-align:center; text-overflow:ellipsis; white-space:nowrap;\"><a href=\"https:\/\/www.instagram.com\/reel\/CpxPBaaIptY\/?utm_source=ig_embed&#038;utm_campaign=loading\" style=\" color:#c9c8cd; font-family:Arial,sans-serif; font-size:14px; font-style:normal; font-weight:normal; line-height:17px; text-decoration:none;\" target=\"_blank\" rel=\"noopener\">A post shared by BnD_CeD (@bnd_ced)<\/a><\/p><\/div><\/blockquote> <script async=\"\" src=\"\/\/www.instagram.com\/embed.js\"><\/script>\r\n\n<h2 class=\"wp-block-heading\" id=\"h-un-anniversaire-souhaite-a-l-unisson\">Birthday wishes flooded in <\/h2>\n\n<p>The Monegasque institutions also wished Prince Albert II a happy birthday. Starting with Monaco Town Hall, whose message was accompanied by a photo of the <a href=\"https:\/\/www.monaco-tribune.com\/en\/2022\/09\/photos-princely-family-at-the-u-cavagnetu\/\">traditional &#8220;U Cavagn\u00ebtu&#8221; picnic<\/a> from 2022.<\/p>\n\n<blockquote class=\"twitter-tweet\"><p lang=\"fr\" dir=\"ltr\">En ce jour, le Maire Georges Marsan, le Conseil Communal ainsi que l\u2019ensemble du personnel de la Mairie de Monaco souhaitent un tr\u00e8s heureux anniversaire \u00e0 S.A.S le Prince Albert II qui f\u00eate aujourd\u2019hui Ses 65 ans \ud83c\udf82<br\/><br\/>\ud83d\udcf7 Mairie de Monaco \/ S\u00e9bastien Darrasse <a href=\"https:\/\/t.co\/VHvBH3INff\">pic.twitter.com\/VHvBH3INff<\/a><\/p>\u2014 Mairie de Monaco (@MairieMonaco) <a href=\"https:\/\/twitter.com\/MairieMonaco\/status\/1635562600904761344?ref_src=twsrc%5Etfw\">March 14, 2023<\/a><\/blockquote> <script async=\"\" src=\"https:\/\/platform.twitter.com\/widgets.js\" charset=\"utf-8\"><\/script>\r\n\n<p>In her own name and on behalf of the elected members and permanent staff of the National Council, President Brigitte Boccone-Pag\u00e8s also wished the Prince a happy 65th birthday. On Twitter, the message was accompanied by a photo taken on National Day 2022 showing the entire Princely Family. <\/p>\n\n<blockquote class=\"twitter-tweet\"><p lang=\"fr\" dir=\"ltr\">En ce 14 mars, la Pr\u00e9sidente <a href=\"https:\/\/twitter.com\/BocconePages?ref_src=twsrc%5Etfw\">@BocconePages<\/a>, en son nom et en celui de l&#8217;ensemble des \u00e9lus et des permanents du Conseil National, souhaite un tr\u00e8s joyeux anniversaire \u00e0 S.A.S. le Prince Albert II qui f\u00eate aujourd&#8217;hui Ses 65 ans \ud83c\udf82<br\/><br\/>VIVA U PRINCIPU, <br\/> E VIVA MUNEGU \ud83c\uddf2\ud83c\udde8\ud83c\uddf2\ud83c\udde8\ud83c\uddf2\ud83c\udde8 <a href=\"https:\/\/t.co\/ffBaOCbAd5\">pic.twitter.com\/ffBaOCbAd5<\/a><\/p>\u2014 Conseil National (@ConseilNatMC) <a href=\"https:\/\/twitter.com\/ConseilNatMC\/status\/1635545668935725059?ref_src=twsrc%5Etfw\">March 14, 2023<\/a><\/blockquote> <script async=\"\" src=\"https:\/\/platform.twitter.com\/widgets.js\" charset=\"utf-8\"><\/script>\r\n\n<p>The sporting institutions also thought of the Sovereign, whose passion for sport is no secret. AS Monaco addressed &#8220;<i>the n\u00b0 1 fan of the Red and Whites<\/i>&#8220;. The Roca Team displayed a photo of Prince Albert II alongside the president of AS Monaco basketball, Aleksej Fedoricsev. Not forgetting the Monaco Supporters Club on Twitter, who f\u00eated the n\u00b01 supporter of the &#8220;<i>diagonals<\/i>&#8220;.<\/p>\n\n<figure class=\"wp-block-embed is-type-rich is-provider-twitter wp-block-embed-twitter\"><div class=\"wp-block-embed__wrapper\">\r\n<blockquote class=\"twitter-tweet\" data-width=\"500\" data-dnt=\"true\"><p lang=\"fr\" dir=\"ltr\">L&#39;AS Monaco souhaite un excellent anniversaire \u00e0 son premier supporter Rouge et Blanc, Son Altesse S\u00e9r\u00e9nissime le Prince Albert II.<\/p>&mdash; AS Monaco \ud83c\uddf2\ud83c\udde8 (@AS_Monaco) <a href=\"https:\/\/twitter.com\/AS_Monaco\/status\/1635586222000164864?ref_src=twsrc%5Etfw\">March 14, 2023<\/a><\/blockquote><script async src=\"https:\/\/platform.twitter.com\/widgets.js\" charset=\"utf-8\"><\/script>\r\n<\/div><\/figure>\r\n\n<figure class=\"wp-block-embed is-type-rich is-provider-twitter wp-block-embed-twitter\"><div class=\"wp-block-embed__wrapper\">\r\n<blockquote class=\"twitter-tweet\" data-width=\"500\" data-dnt=\"true\"><p lang=\"fr\" dir=\"ltr\">\ud83c\udf82 La <a href=\"https:\/\/twitter.com\/hashtag\/RocaTeam?src=hash&amp;ref_src=twsrc%5Etfw\">#RocaTeam<\/a> souhaite un tr\u00e8s joyeux anniversaire \u00e0 SAS le Prince Albert II, premier supporter de l&#39;AS Monaco Basket \ud83c\udf89\ud83c\uddf2\ud83c\udde8 <a href=\"https:\/\/t.co\/cSXE37vTJd\">pic.twitter.com\/cSXE37vTJd<\/a><\/p>&mdash; AS Monaco Basket \ud83c\uddf2\ud83c\udde8 (@ASMonaco_Basket) <a href=\"https:\/\/twitter.com\/ASMonaco_Basket\/status\/1635580477636595712?ref_src=twsrc%5Etfw\">March 14, 2023<\/a><\/blockquote><script async src=\"https:\/\/platform.twitter.com\/widgets.js\" charset=\"utf-8\"><\/script>\r\n<\/div><\/figure>\r\n\n<p class=\"related\"><strong><a href=\"https:\/\/www.monaco-tribune.com\/en\/2022\/12\/hereditary-prince-jacques-and-princess-gabriella-celebrated-8th-birthday-this-weekend\/\">Hereditary Prince Jacques and Princess Gabriella celebrated 8th birthday this weekend<\/a><\/strong><\/p>\n\n<p>Also on Twitter, the Diocese of Monaco conveyed to Prince Albert II &#8220;the prayers of all the Catholic faithful of the Principality&#8221;, as a reminder of the Principality&#8217;s official religion.<\/p>\n\n<blockquote class=\"twitter-tweet\"><p lang=\"qme\" dir=\"ltr\"><a href=\"https:\/\/twitter.com\/hashtag\/Monaco?src=hash&#038;ref_src=twsrc%5Etfw\">#Monaco<\/a> <a href=\"https:\/\/twitter.com\/hashtag\/birthday?src=hash&#038;ref_src=twsrc%5Etfw\">#birthday<\/a> <a href=\"https:\/\/twitter.com\/hashtag\/PrinceAlbert?src=hash&#038;ref_src=twsrc%5Etfw\">#PrinceAlbert<\/a> <a href=\"https:\/\/t.co\/e1EsvPRUfD\">pic.twitter.com\/e1EsvPRUfD<\/a><\/p>\u2014 Dioc\u00e8se de Monaco (@DioceseMonaco) <a href=\"https:\/\/twitter.com\/DioceseMonaco\/status\/1635507239724232704?ref_src=twsrc%5Etfw\">March 14, 2023<\/a><\/blockquote> <script async=\"\" src=\"https:\/\/platform.twitter.com\/widgets.js\" charset=\"utf-8\"><\/script>\r\n\n<p>The editorial staff of Monaco Tribune would also like to wish Prince Albert II a happy 65th birthday. <\/p>\n","protected":false},"excerpt":{"rendered":"<p>On Tuesday 14 March, the Principality wished its Sovereign a happy birthday when he appeared at the window of the [&hellip;]<\/p>\n","protected":false},"author":65,"featured_media":168072,"comment_status":"closed","ping_status":"closed","sticky":false,"template":"","format":"standard","meta":{"_acf_changed":false,"footnotes":""},"categories":[1825,243,254],"tags":[2830],"post_sectags":[3548],"post_format":[2468],"class_list":["post-168097","post","type-post","status-publish","format-standard","has-post-thumbnail","hentry","category-editors-choice","category-news","category-people-en","tag-prince-albert-ii-en-2","sectag-birthday","format-story"],"acf":[],"yoast_head":"<!-- This site is optimized with the Yoast SEO Premium plugin v26.8 (Yoast SEO v27.4) - https:\/\/yoast.com\/product\/yoast-seo-premium-wordpress\/ -->\n<title>Monaco celebrates 65th birthday of Prince Albert II<\/title>\n<meta name=\"description\" content=\"On Tuesday 14 March, the Principality wished its Sovereign a happy birthday when he appeared at the window of the Prince&#039;s Palace during the changing of\" \/>\n<meta name=\"robots\" content=\"index, follow, max-snippet:-1, max-image-preview:large, max-video-preview:-1\" \/>\n<link rel=\"canonical\" href=\"https:\/\/www.monaco-tribune.com\/en\/2023\/03\/monaco-celebrates-65th-birthday-of-prince-albert-ii\/\" \/>\n<meta property=\"og:locale\" content=\"en_US\" \/>\n<meta property=\"og:type\" content=\"article\" \/>\n<meta property=\"og:title\" content=\"Monaco celebrates 65th birthday of Prince Albert II - Monaco Tribune\" \/>\n<meta property=\"og:description\" content=\"On Tuesday 14 March, the Principality wished its Sovereign a happy birthday when he appeared at the window of the Prince&#039;s Palace during the changing of\" \/>\n<meta property=\"og:url\" content=\"https:\/\/www.monaco-tribune.com\/en\/2023\/03\/monaco-celebrates-65th-birthday-of-prince-albert-ii\/\" \/>\n<meta property=\"og:site_name\" content=\"Monaco Tribune\" \/>\n<meta property=\"article:publisher\" content=\"https:\/\/www.facebook.com\/MonacoTribune\" \/>\n<meta property=\"article:published_time\" content=\"2023-03-14T14:28:59+00:00\" \/>\n<meta property=\"article:modified_time\" content=\"2023-03-14T14:32:11+00:00\" \/>\n<meta property=\"og:image\" content=\"https:\/\/www.monaco-tribune.com\/wp-content\/uploads\/2023\/03\/prince-albert-ii-upaint-2022-e1678797613952.jpeg\" \/>\n\t<meta property=\"og:image:width\" content=\"1300\" \/>\n\t<meta property=\"og:image:height\" content=\"879\" \/>\n\t<meta property=\"og:image:type\" content=\"image\/jpeg\" \/>\n<meta name=\"author\" content=\"Paul Charoy\" \/>\n<meta name=\"twitter:card\" content=\"summary_large_image\" \/>\n<meta name=\"twitter:creator\" content=\"@MonacoTribune\" \/>\n<meta name=\"twitter:site\" content=\"@MonacoTribune\" \/>\n<script type=\"application\/ld+json\" class=\"yoast-schema-graph\">{\"@context\":\"https:\\\/\\\/schema.org\",\"@graph\":[{\"@type\":\"NewsArticle\",\"@id\":\"https:\\\/\\\/www.monaco-tribune.com\\\/en\\\/2023\\\/03\\\/monaco-celebrates-65th-birthday-of-prince-albert-ii\\\/#article\",\"isPartOf\":{\"@id\":\"https:\\\/\\\/www.monaco-tribune.com\\\/en\\\/2023\\\/03\\\/monaco-celebrates-65th-birthday-of-prince-albert-ii\\\/\"},\"author\":{\"name\":\"Paul Charoy\",\"@id\":\"https:\\\/\\\/www.monaco-tribune.com\\\/en\\\/#\\\/schema\\\/person\\\/c33a9f1bc99ef5a2e07d37c576060b57\"},\"headline\":\"Monaco celebrates 65th birthday of Prince Albert II\",\"datePublished\":\"2023-03-14T14:28:59+00:00\",\"dateModified\":\"2023-03-14T14:32:11+00:00\",\"mainEntityOfPage\":{\"@id\":\"https:\\\/\\\/www.monaco-tribune.com\\\/en\\\/2023\\\/03\\\/monaco-celebrates-65th-birthday-of-prince-albert-ii\\\/\"},\"wordCount\":464,\"publisher\":{\"@id\":\"https:\\\/\\\/www.monaco-tribune.com\\\/en\\\/#organization\"},\"image\":{\"@id\":\"https:\\\/\\\/www.monaco-tribune.com\\\/en\\\/2023\\\/03\\\/monaco-celebrates-65th-birthday-of-prince-albert-ii\\\/#primaryimage\"},\"thumbnailUrl\":\"https:\\\/\\\/www.monaco-tribune.com\\\/wp-content\\\/uploads\\\/2023\\\/03\\\/prince-albert-ii-upaint-2022-e1678797613952.jpeg\",\"keywords\":[\"Prince Albert II\"],\"articleSection\":[\"Editor&#039;s choice\",\"News\",\"Princely Family\"],\"inLanguage\":\"en-US\",\"copyrightYear\":\"2023\",\"copyrightHolder\":{\"@id\":\"https:\\\/\\\/www.monaco-tribune.com\\\/#organization\"}},{\"@type\":\"WebPage\",\"@id\":\"https:\\\/\\\/www.monaco-tribune.com\\\/en\\\/2023\\\/03\\\/monaco-celebrates-65th-birthday-of-prince-albert-ii\\\/\",\"url\":\"https:\\\/\\\/www.monaco-tribune.com\\\/en\\\/2023\\\/03\\\/monaco-celebrates-65th-birthday-of-prince-albert-ii\\\/\",\"name\":\"Monaco celebrates 65th birthday of Prince Albert II\",\"isPartOf\":{\"@id\":\"https:\\\/\\\/www.monaco-tribune.com\\\/en\\\/#website\"},\"primaryImageOfPage\":{\"@id\":\"https:\\\/\\\/www.monaco-tribune.com\\\/en\\\/2023\\\/03\\\/monaco-celebrates-65th-birthday-of-prince-albert-ii\\\/#primaryimage\"},\"image\":{\"@id\":\"https:\\\/\\\/www.monaco-tribune.com\\\/en\\\/2023\\\/03\\\/monaco-celebrates-65th-birthday-of-prince-albert-ii\\\/#primaryimage\"},\"thumbnailUrl\":\"https:\\\/\\\/www.monaco-tribune.com\\\/wp-content\\\/uploads\\\/2023\\\/03\\\/prince-albert-ii-upaint-2022-e1678797613952.jpeg\",\"datePublished\":\"2023-03-14T14:28:59+00:00\",\"dateModified\":\"2023-03-14T14:32:11+00:00\",\"description\":\"On Tuesday 14 March, the Principality wished its Sovereign a happy birthday when he appeared at the window of the Prince's Palace during the changing of\",\"breadcrumb\":{\"@id\":\"https:\\\/\\\/www.monaco-tribune.com\\\/en\\\/2023\\\/03\\\/monaco-celebrates-65th-birthday-of-prince-albert-ii\\\/#breadcrumb\"},\"inLanguage\":\"en-US\",\"potentialAction\":[{\"@type\":\"ReadAction\",\"target\":[\"https:\\\/\\\/www.monaco-tribune.com\\\/en\\\/2023\\\/03\\\/monaco-celebrates-65th-birthday-of-prince-albert-ii\\\/\"]}]},{\"@type\":\"ImageObject\",\"inLanguage\":\"en-US\",\"@id\":\"https:\\\/\\\/www.monaco-tribune.com\\\/en\\\/2023\\\/03\\\/monaco-celebrates-65th-birthday-of-prince-albert-ii\\\/#primaryimage\",\"url\":\"https:\\\/\\\/www.monaco-tribune.com\\\/wp-content\\\/uploads\\\/2023\\\/03\\\/prince-albert-ii-upaint-2022-e1678797613952.jpeg\",\"contentUrl\":\"https:\\\/\\\/www.monaco-tribune.com\\\/wp-content\\\/uploads\\\/2023\\\/03\\\/prince-albert-ii-upaint-2022-e1678797613952.jpeg\",\"width\":1300,\"height\":879,\"caption\":\"Prince Albert II at the 2022 edition of UPAINT\"},{\"@type\":\"BreadcrumbList\",\"@id\":\"https:\\\/\\\/www.monaco-tribune.com\\\/en\\\/2023\\\/03\\\/monaco-celebrates-65th-birthday-of-prince-albert-ii\\\/#breadcrumb\",\"itemListElement\":[{\"@type\":\"ListItem\",\"position\":1,\"name\":\"Accueil\",\"item\":\"https:\\\/\\\/www.monaco-tribune.com\\\/en\\\/\"},{\"@type\":\"ListItem\",\"position\":2,\"name\":\"Monaco celebrates 65th birthday of Prince Albert II\"}]},{\"@type\":\"WebSite\",\"@id\":\"https:\\\/\\\/www.monaco-tribune.com\\\/en\\\/#website\",\"url\":\"https:\\\/\\\/www.monaco-tribune.com\\\/en\\\/\",\"name\":\"Monaco Tribune\",\"description\":\"Monaco : actualit\u00e9s \u00e9conomiques, politiques, culturelles et sportives de Monaco et de la French Riviera.\",\"publisher\":{\"@id\":\"https:\\\/\\\/www.monaco-tribune.com\\\/en\\\/#organization\"},\"potentialAction\":[{\"@type\":\"SearchAction\",\"target\":{\"@type\":\"EntryPoint\",\"urlTemplate\":\"https:\\\/\\\/www.monaco-tribune.com\\\/en\\\/?s={search_term_string}\"},\"query-input\":{\"@type\":\"PropertyValueSpecification\",\"valueRequired\":true,\"valueName\":\"search_term_string\"}}],\"inLanguage\":\"en-US\"},{\"@type\":\"Organization\",\"@id\":\"https:\\\/\\\/www.monaco-tribune.com\\\/en\\\/#organization\",\"name\":\"Monaco Tribune\",\"url\":\"https:\\\/\\\/www.monaco-tribune.com\\\/en\\\/\",\"logo\":{\"@type\":\"ImageObject\",\"inLanguage\":\"en-US\",\"@id\":\"https:\\\/\\\/www.monaco-tribune.com\\\/en\\\/#\\\/schema\\\/logo\\\/image\\\/\",\"url\":\"https:\\\/\\\/www.monaco-tribune.com\\\/wp-content\\\/uploads\\\/2022\\\/11\\\/logo-monaco-tribune.png\",\"contentUrl\":\"https:\\\/\\\/www.monaco-tribune.com\\\/wp-content\\\/uploads\\\/2022\\\/11\\\/logo-monaco-tribune.png\",\"width\":1548,\"height\":600,\"caption\":\"Monaco Tribune\"},\"image\":{\"@id\":\"https:\\\/\\\/www.monaco-tribune.com\\\/en\\\/#\\\/schema\\\/logo\\\/image\\\/\"},\"sameAs\":[\"https:\\\/\\\/www.facebook.com\\\/MonacoTribune\",\"https:\\\/\\\/x.com\\\/MonacoTribune\",\"https:\\\/\\\/www.instagram.com\\\/monacotribune\\\/\",\"https:\\\/\\\/www.linkedin.com\\\/company\\\/monaco-tribune\",\"https:\\\/\\\/www.youtube.com\\\/channel\\\/UCHle1MnG6hw1y4lWKijVbMA\"]},{\"@type\":\"Person\",\"@id\":\"https:\\\/\\\/www.monaco-tribune.com\\\/en\\\/#\\\/schema\\\/person\\\/c33a9f1bc99ef5a2e07d37c576060b57\",\"name\":\"Paul Charoy\",\"image\":{\"@type\":\"ImageObject\",\"inLanguage\":\"en-US\",\"@id\":\"https:\\\/\\\/secure.gravatar.com\\\/avatar\\\/c3a39fd900275d54a628738568f1949e90ce9945d105d000228335a7bad64b38?s=96&d=mm&r=g\",\"url\":\"https:\\\/\\\/secure.gravatar.com\\\/avatar\\\/c3a39fd900275d54a628738568f1949e90ce9945d105d000228335a7bad64b38?s=96&d=mm&r=g\",\"contentUrl\":\"https:\\\/\\\/secure.gravatar.com\\\/avatar\\\/c3a39fd900275d54a628738568f1949e90ce9945d105d000228335a7bad64b38?s=96&d=mm&r=g\",\"caption\":\"Paul Charoy\"},\"url\":\"https:\\\/\\\/www.monaco-tribune.com\\\/en\\\/author\\\/paulcharoy\\\/\"}]}<\/script>\n<!-- \/ Yoast SEO Premium plugin. -->","yoast_head_json":{"title":"Monaco celebrates 65th birthday of Prince Albert II","description":"On Tuesday 14 March, the Principality wished its Sovereign a happy birthday when he appeared at the window of the Prince's Palace during the changing of","robots":{"index":"index","follow":"follow","max-snippet":"max-snippet:-1","max-image-preview":"max-image-preview:large","max-video-preview":"max-video-preview:-1"},"canonical":"https:\/\/www.monaco-tribune.com\/en\/2023\/03\/monaco-celebrates-65th-birthday-of-prince-albert-ii\/","og_locale":"en_US","og_type":"article","og_title":"Monaco celebrates 65th birthday of Prince Albert II - Monaco Tribune","og_description":"On Tuesday 14 March, the Principality wished its Sovereign a happy birthday when he appeared at the window of the Prince's Palace during the changing of","og_url":"https:\/\/www.monaco-tribune.com\/en\/2023\/03\/monaco-celebrates-65th-birthday-of-prince-albert-ii\/","og_site_name":"Monaco Tribune","article_publisher":"https:\/\/www.facebook.com\/MonacoTribune","article_published_time":"2023-03-14T14:28:59+00:00","article_modified_time":"2023-03-14T14:32:11+00:00","og_image":[{"width":1300,"height":879,"url":"https:\/\/www.monaco-tribune.com\/wp-content\/uploads\/2023\/03\/prince-albert-ii-upaint-2022-e1678797613952.jpeg","type":"image\/jpeg"}],"author":"Paul Charoy","twitter_card":"summary_large_image","twitter_creator":"@MonacoTribune","twitter_site":"@MonacoTribune","schema":{"@context":"https:\/\/schema.org","@graph":[{"@type":"NewsArticle","@id":"https:\/\/www.monaco-tribune.com\/en\/2023\/03\/monaco-celebrates-65th-birthday-of-prince-albert-ii\/#article","isPartOf":{"@id":"https:\/\/www.monaco-tribune.com\/en\/2023\/03\/monaco-celebrates-65th-birthday-of-prince-albert-ii\/"},"author":{"name":"Paul Charoy","@id":"https:\/\/www.monaco-tribune.com\/en\/#\/schema\/person\/c33a9f1bc99ef5a2e07d37c576060b57"},"headline":"Monaco celebrates 65th birthday of Prince Albert II","datePublished":"2023-03-14T14:28:59+00:00","dateModified":"2023-03-14T14:32:11+00:00","mainEntityOfPage":{"@id":"https:\/\/www.monaco-tribune.com\/en\/2023\/03\/monaco-celebrates-65th-birthday-of-prince-albert-ii\/"},"wordCount":464,"publisher":{"@id":"https:\/\/www.monaco-tribune.com\/en\/#organization"},"image":{"@id":"https:\/\/www.monaco-tribune.com\/en\/2023\/03\/monaco-celebrates-65th-birthday-of-prince-albert-ii\/#primaryimage"},"thumbnailUrl":"https:\/\/www.monaco-tribune.com\/wp-content\/uploads\/2023\/03\/prince-albert-ii-upaint-2022-e1678797613952.jpeg","keywords":["Prince Albert II"],"articleSection":["Editor&#039;s choice","News","Princely Family"],"inLanguage":"en-US","copyrightYear":"2023","copyrightHolder":{"@id":"https:\/\/www.monaco-tribune.com\/#organization"}},{"@type":"WebPage","@id":"https:\/\/www.monaco-tribune.com\/en\/2023\/03\/monaco-celebrates-65th-birthday-of-prince-albert-ii\/","url":"https:\/\/www.monaco-tribune.com\/en\/2023\/03\/monaco-celebrates-65th-birthday-of-prince-albert-ii\/","name":"Monaco celebrates 65th birthday of Prince Albert II","isPartOf":{"@id":"https:\/\/www.monaco-tribune.com\/en\/#website"},"primaryImageOfPage":{"@id":"https:\/\/www.monaco-tribune.com\/en\/2023\/03\/monaco-celebrates-65th-birthday-of-prince-albert-ii\/#primaryimage"},"image":{"@id":"https:\/\/www.monaco-tribune.com\/en\/2023\/03\/monaco-celebrates-65th-birthday-of-prince-albert-ii\/#primaryimage"},"thumbnailUrl":"https:\/\/www.monaco-tribune.com\/wp-content\/uploads\/2023\/03\/prince-albert-ii-upaint-2022-e1678797613952.jpeg","datePublished":"2023-03-14T14:28:59+00:00","dateModified":"2023-03-14T14:32:11+00:00","description":"On Tuesday 14 March, the Principality wished its Sovereign a happy birthday when he appeared at the window of the Prince's Palace during the changing of","breadcrumb":{"@id":"https:\/\/www.monaco-tribune.com\/en\/2023\/03\/monaco-celebrates-65th-birthday-of-prince-albert-ii\/#breadcrumb"},"inLanguage":"en-US","potentialAction":[{"@type":"ReadAction","target":["https:\/\/www.monaco-tribune.com\/en\/2023\/03\/monaco-celebrates-65th-birthday-of-prince-albert-ii\/"]}]},{"@type":"ImageObject","inLanguage":"en-US","@id":"https:\/\/www.monaco-tribune.com\/en\/2023\/03\/monaco-celebrates-65th-birthday-of-prince-albert-ii\/#primaryimage","url":"https:\/\/www.monaco-tribune.com\/wp-content\/uploads\/2023\/03\/prince-albert-ii-upaint-2022-e1678797613952.jpeg","contentUrl":"https:\/\/www.monaco-tribune.com\/wp-content\/uploads\/2023\/03\/prince-albert-ii-upaint-2022-e1678797613952.jpeg","width":1300,"height":879,"caption":"Prince Albert II at the 2022 edition of UPAINT"},{"@type":"BreadcrumbList","@id":"https:\/\/www.monaco-tribune.com\/en\/2023\/03\/monaco-celebrates-65th-birthday-of-prince-albert-ii\/#breadcrumb","itemListElement":[{"@type":"ListItem","position":1,"name":"Accueil","item":"https:\/\/www.monaco-tribune.com\/en\/"},{"@type":"ListItem","position":2,"name":"Monaco celebrates 65th birthday of Prince Albert II"}]},{"@type":"WebSite","@id":"https:\/\/www.monaco-tribune.com\/en\/#website","url":"https:\/\/www.monaco-tribune.com\/en\/","name":"Monaco Tribune","description":"Monaco : actualit\u00e9s \u00e9conomiques, politiques, culturelles et sportives de Monaco et de la French Riviera.","publisher":{"@id":"https:\/\/www.monaco-tribune.com\/en\/#organization"},"potentialAction":[{"@type":"SearchAction","target":{"@type":"EntryPoint","urlTemplate":"https:\/\/www.monaco-tribune.com\/en\/?s={search_term_string}"},"query-input":{"@type":"PropertyValueSpecification","valueRequired":true,"valueName":"search_term_string"}}],"inLanguage":"en-US"},{"@type":"Organization","@id":"https:\/\/www.monaco-tribune.com\/en\/#organization","name":"Monaco Tribune","url":"https:\/\/www.monaco-tribune.com\/en\/","logo":{"@type":"ImageObject","inLanguage":"en-US","@id":"https:\/\/www.monaco-tribune.com\/en\/#\/schema\/logo\/image\/","url":"https:\/\/www.monaco-tribune.com\/wp-content\/uploads\/2022\/11\/logo-monaco-tribune.png","contentUrl":"https:\/\/www.monaco-tribune.com\/wp-content\/uploads\/2022\/11\/logo-monaco-tribune.png","width":1548,"height":600,"caption":"Monaco Tribune"},"image":{"@id":"https:\/\/www.monaco-tribune.com\/en\/#\/schema\/logo\/image\/"},"sameAs":["https:\/\/www.facebook.com\/MonacoTribune","https:\/\/x.com\/MonacoTribune","https:\/\/www.instagram.com\/monacotribune\/","https:\/\/www.linkedin.com\/company\/monaco-tribune","https:\/\/www.youtube.com\/channel\/UCHle1MnG6hw1y4lWKijVbMA"]},{"@type":"Person","@id":"https:\/\/www.monaco-tribune.com\/en\/#\/schema\/person\/c33a9f1bc99ef5a2e07d37c576060b57","name":"Paul Charoy","image":{"@type":"ImageObject","inLanguage":"en-US","@id":"https:\/\/secure.gravatar.com\/avatar\/c3a39fd900275d54a628738568f1949e90ce9945d105d000228335a7bad64b38?s=96&d=mm&r=g","url":"https:\/\/secure.gravatar.com\/avatar\/c3a39fd900275d54a628738568f1949e90ce9945d105d000228335a7bad64b38?s=96&d=mm&r=g","contentUrl":"https:\/\/secure.gravatar.com\/avatar\/c3a39fd900275d54a628738568f1949e90ce9945d105d000228335a7bad64b38?s=96&d=mm&r=g","caption":"Paul Charoy"},"url":"https:\/\/www.monaco-tribune.com\/en\/author\/paulcharoy\/"}]}},"_links":{"self":[{"href":"https:\/\/www.monaco-tribune.com\/en\/wp-json\/wp\/v2\/posts\/168097","targetHints":{"allow":["GET"]}}],"collection":[{"href":"https:\/\/www.monaco-tribune.com\/en\/wp-json\/wp\/v2\/posts"}],"about":[{"href":"https:\/\/www.monaco-tribune.com\/en\/wp-json\/wp\/v2\/types\/post"}],"author":[{"embeddable":true,"href":"https:\/\/www.monaco-tribune.com\/en\/wp-json\/wp\/v2\/users\/65"}],"replies":[{"embeddable":true,"href":"https:\/\/www.monaco-tribune.com\/en\/wp-json\/wp\/v2\/comments?post=168097"}],"version-history":[{"count":0,"href":"https:\/\/www.monaco-tribune.com\/en\/wp-json\/wp\/v2\/posts\/168097\/revisions"}],"wp:featuredmedia":[{"embeddable":true,"href":"https:\/\/www.monaco-tribune.com\/en\/wp-json\/wp\/v2\/media\/168072"}],"wp:attachment":[{"href":"https:\/\/www.monaco-tribune.com\/en\/wp-json\/wp\/v2\/media?parent=168097"}],"wp:term":[{"taxonomy":"category","embeddable":true,"href":"https:\/\/www.monaco-tribune.com\/en\/wp-json\/wp\/v2\/categories?post=168097"},{"taxonomy":"post_tag","embeddable":true,"href":"https:\/\/www.monaco-tribune.com\/en\/wp-json\/wp\/v2\/tags?post=168097"},{"taxonomy":"sectag","embeddable":true,"href":"https:\/\/www.monaco-tribune.com\/en\/wp-json\/wp\/v2\/post_sectags?post=168097"},{"taxonomy":"format","embeddable":true,"href":"https:\/\/www.monaco-tribune.com\/en\/wp-json\/wp\/v2\/post_format?post=168097"}],"curies":[{"name":"wp","href":"https:\/\/api.w.org\/{rel}","templated":true}]}}