{"id":17036,"date":"2019-12-01T16:22:05","date_gmt":"2019-12-01T15:22:05","guid":{"rendered":"https:\/\/www.monaco-tribune.com\/?p=17036"},"modified":"2019-12-01T16:22:05","modified_gmt":"2019-12-01T15:22:05","slug":"mademoiselle-moliere-comes-to-the-theatre-des-muses-stage","status":"publish","type":"post","link":"https:\/\/www.monaco-tribune.com\/en\/2019\/12\/mademoiselle-moliere-comes-to-the-theatre-des-muses-stage\/","title":{"rendered":"&#8220;Mademoiselle Moli\u00e8re&#8221; comes to the Th\u00e9\u00e2tre des Muses stage"},"content":{"rendered":"<h3>A Parisian success, the play <em>Mademoiselle Moli\u00e8re<\/em> by G\u00e9rard Savoisien and directed by Arnaud Denis, arrives on the stage of the Th\u00e9\u00e2tre des Muses from December 4th to 8th. There we will find the common life led by Moli\u00e8re and his companion Madeleine B\u00e9jart. As funny as it is moving.<\/h3>\n<p>This year, Anne Bouvier received Moli\u00e8re&#8217;s highest award for Best Actress in the private theater, for her role as &#8230; Mademoiselle Moli\u00e8re herself, aka Madeleine B\u00e9jart. The latter was the muse and companion of Jean-Baptiste Pocquelin, says Moli\u00e8re, although she also offered her talent to authors such as Corneille or Tristan L&#8217;Hermitte. For Moli\u00e8re, with whom she founded L&#8217;Illustre Th\u00e9\u00e2tre, of which she was director, she plays numerous iconic roles, such as Dorine in Le Tartuffe, Magdelon in Les Pr\u00e9cieuses ridicules, Frosine in L&#8217;Avare or Elvire in Dom Garcie de Navarre or the jealous Prince. Although this relationship was not very quiet (Moli\u00e8re having had some infidelities), Madeleine B\u00e9jart died less than a year after her companion in 1672.<\/p>\n<h2>Moli\u00e8re as we have never seen<\/h2>\n<p>It is this colorful love story, as the couple enters its 20th year of life together, which challenged the author G\u00e9rard Savoisien, showing the public the intimacy of these two characters that the theater has not forgotten. Will Moli\u00e8re leave Madeleine for her younger sister? Will Madeleine let it happen? It&#8217;s a love story close to the heartbreak that we witness, thanks to Arnaud Denis&#8217;s inspired and emotional setting. Anne Bouvier and Christophe de Mareuil set up the Moli\u00e8re couple with a crazy inventiveness and a real communicative passion. A tension, released by lighter moments, to applaud at the Muses Theater on December 4, 5, 6 and 7 at 8:30 pm and Sunday, December 8 at 2:30 pm and 5 pm.<\/p>\n<p>*Article originally published int he <a href=\"https:\/\/www.monaco-tribune.com\/2019\/11\/mademoiselle-moliere-investit-scene-theatre-muses\/\">French edition<\/a> of the Monaco Tribune.<\/p>\n","protected":false},"excerpt":{"rendered":"<p>A Parisian success, the play Mademoiselle Moli\u00e8re by G\u00e9rard Savoisien and directed by Arnaud Denis, arrives on the stage of [&hellip;]<\/p>\n","protected":false},"author":8,"featured_media":17037,"comment_status":"closed","ping_status":"open","sticky":false,"template":"","format":"standard","meta":{"_acf_changed":false,"footnotes":""},"categories":[243],"tags":[578,745,978],"post_sectags":[],"post_format":[],"class_list":["post-17036","post","type-post","status-publish","format-standard","has-post-thumbnail","hentry","category-news","tag-art","tag-monaco-en","tag-theater"],"acf":[],"yoast_head":"<!-- This site is optimized with the Yoast SEO Premium plugin v26.8 (Yoast SEO v27.4) - https:\/\/yoast.com\/product\/yoast-seo-premium-wordpress\/ -->\n<title>&quot;Mademoiselle Moli\u00e8re&quot; comes to the Th\u00e9\u00e2tre des Muses stage<\/title>\n<meta name=\"description\" content=\"A Parisian success, the play Mademoiselle Moli\u00e8re by G\u00e9rard Savoisien and directed by Arnaud Denis, arrives on the stage of the Th\u00e9\u00e2tre des Muses from...\" \/>\n<meta name=\"robots\" content=\"index, follow, max-snippet:-1, max-image-preview:large, max-video-preview:-1\" \/>\n<link rel=\"canonical\" href=\"https:\/\/www.monaco-tribune.com\/en\/2019\/12\/mademoiselle-moliere-comes-to-the-theatre-des-muses-stage\/\" \/>\n<meta property=\"og:locale\" content=\"en_US\" \/>\n<meta property=\"og:type\" content=\"article\" \/>\n<meta property=\"og:title\" content=\"&quot;Mademoiselle Moli\u00e8re&quot; comes to the Th\u00e9\u00e2tre des Muses stage - Monaco Tribune\" \/>\n<meta property=\"og:description\" content=\"A Parisian success, the play Mademoiselle Moli\u00e8re by G\u00e9rard Savoisien and directed by Arnaud Denis, arrives on the stage of the Th\u00e9\u00e2tre des Muses from\" \/>\n<meta property=\"og:url\" content=\"https:\/\/www.monaco-tribune.com\/en\/2019\/12\/mademoiselle-moliere-comes-to-the-theatre-des-muses-stage\/\" \/>\n<meta property=\"og:site_name\" content=\"Monaco Tribune\" \/>\n<meta property=\"article:publisher\" content=\"https:\/\/www.facebook.com\/MonacoTribune\" \/>\n<meta property=\"article:published_time\" content=\"2019-12-01T15:22:05+00:00\" \/>\n<meta property=\"og:image\" content=\"https:\/\/www.monaco-tribune.com\/wp-content\/uploads\/2019\/12\/22Mademoiselle-Molie\u0300re22-comes-to-the-The\u0301a\u0302tre-des-Muses-stage.png\" \/>\n\t<meta property=\"og:image:width\" content=\"807\" \/>\n\t<meta property=\"og:image:height\" content=\"491\" \/>\n\t<meta property=\"og:image:type\" content=\"image\/png\" \/>\n<meta name=\"author\" content=\"Kiel Bonhomme\" \/>\n<meta name=\"twitter:card\" content=\"summary_large_image\" \/>\n<meta name=\"twitter:creator\" content=\"@MonacoTribune\" \/>\n<meta name=\"twitter:site\" content=\"@MonacoTribune\" \/>\n<script type=\"application\/ld+json\" class=\"yoast-schema-graph\">{\"@context\":\"https:\\\/\\\/schema.org\",\"@graph\":[{\"@type\":\"NewsArticle\",\"@id\":\"https:\\\/\\\/www.monaco-tribune.com\\\/en\\\/2019\\\/12\\\/mademoiselle-moliere-comes-to-the-theatre-des-muses-stage\\\/#article\",\"isPartOf\":{\"@id\":\"https:\\\/\\\/www.monaco-tribune.com\\\/en\\\/2019\\\/12\\\/mademoiselle-moliere-comes-to-the-theatre-des-muses-stage\\\/\"},\"author\":{\"name\":\"Kiel Bonhomme\",\"@id\":\"https:\\\/\\\/www.monaco-tribune.com\\\/en\\\/#\\\/schema\\\/person\\\/9d13bdaae6c0783f39a7213543b15524\"},\"headline\":\"&#8220;Mademoiselle Moli\u00e8re&#8221; comes to the Th\u00e9\u00e2tre des Muses stage\",\"datePublished\":\"2019-12-01T15:22:05+00:00\",\"mainEntityOfPage\":{\"@id\":\"https:\\\/\\\/www.monaco-tribune.com\\\/en\\\/2019\\\/12\\\/mademoiselle-moliere-comes-to-the-theatre-des-muses-stage\\\/\"},\"wordCount\":332,\"publisher\":{\"@id\":\"https:\\\/\\\/www.monaco-tribune.com\\\/en\\\/#organization\"},\"image\":{\"@id\":\"https:\\\/\\\/www.monaco-tribune.com\\\/en\\\/2019\\\/12\\\/mademoiselle-moliere-comes-to-the-theatre-des-muses-stage\\\/#primaryimage\"},\"thumbnailUrl\":\"https:\\\/\\\/www.monaco-tribune.com\\\/wp-content\\\/uploads\\\/2019\\\/12\\\/22Mademoiselle-Molie\u0300re22-comes-to-the-The\u0301a\u0302tre-des-Muses-stage.png\",\"keywords\":[\"Art\",\"Monaco\",\"Theater\"],\"articleSection\":[\"News\"],\"inLanguage\":\"en-US\",\"copyrightYear\":\"2019\",\"copyrightHolder\":{\"@id\":\"https:\\\/\\\/www.monaco-tribune.com\\\/#organization\"}},{\"@type\":\"WebPage\",\"@id\":\"https:\\\/\\\/www.monaco-tribune.com\\\/en\\\/2019\\\/12\\\/mademoiselle-moliere-comes-to-the-theatre-des-muses-stage\\\/\",\"url\":\"https:\\\/\\\/www.monaco-tribune.com\\\/en\\\/2019\\\/12\\\/mademoiselle-moliere-comes-to-the-theatre-des-muses-stage\\\/\",\"name\":\"\\\"Mademoiselle Moli\u00e8re\\\" comes to the Th\u00e9\u00e2tre des Muses stage\",\"isPartOf\":{\"@id\":\"https:\\\/\\\/www.monaco-tribune.com\\\/en\\\/#website\"},\"primaryImageOfPage\":{\"@id\":\"https:\\\/\\\/www.monaco-tribune.com\\\/en\\\/2019\\\/12\\\/mademoiselle-moliere-comes-to-the-theatre-des-muses-stage\\\/#primaryimage\"},\"image\":{\"@id\":\"https:\\\/\\\/www.monaco-tribune.com\\\/en\\\/2019\\\/12\\\/mademoiselle-moliere-comes-to-the-theatre-des-muses-stage\\\/#primaryimage\"},\"thumbnailUrl\":\"https:\\\/\\\/www.monaco-tribune.com\\\/wp-content\\\/uploads\\\/2019\\\/12\\\/22Mademoiselle-Molie\u0300re22-comes-to-the-The\u0301a\u0302tre-des-Muses-stage.png\",\"datePublished\":\"2019-12-01T15:22:05+00:00\",\"description\":\"A Parisian success, the play Mademoiselle Moli\u00e8re by G\u00e9rard Savoisien and directed by Arnaud Denis, arrives on the stage of the Th\u00e9\u00e2tre des Muses from...\",\"breadcrumb\":{\"@id\":\"https:\\\/\\\/www.monaco-tribune.com\\\/en\\\/2019\\\/12\\\/mademoiselle-moliere-comes-to-the-theatre-des-muses-stage\\\/#breadcrumb\"},\"inLanguage\":\"en-US\",\"potentialAction\":[{\"@type\":\"ReadAction\",\"target\":[\"https:\\\/\\\/www.monaco-tribune.com\\\/en\\\/2019\\\/12\\\/mademoiselle-moliere-comes-to-the-theatre-des-muses-stage\\\/\"]}]},{\"@type\":\"ImageObject\",\"inLanguage\":\"en-US\",\"@id\":\"https:\\\/\\\/www.monaco-tribune.com\\\/en\\\/2019\\\/12\\\/mademoiselle-moliere-comes-to-the-theatre-des-muses-stage\\\/#primaryimage\",\"url\":\"https:\\\/\\\/www.monaco-tribune.com\\\/wp-content\\\/uploads\\\/2019\\\/12\\\/22Mademoiselle-Molie\u0300re22-comes-to-the-The\u0301a\u0302tre-des-Muses-stage.png\",\"contentUrl\":\"https:\\\/\\\/www.monaco-tribune.com\\\/wp-content\\\/uploads\\\/2019\\\/12\\\/22Mademoiselle-Molie\u0300re22-comes-to-the-The\u0301a\u0302tre-des-Muses-stage.png\",\"width\":807,\"height\":491,\"caption\":\"Mademoiselle Molie\u0300re comes to the The\u0301a\u0302tre des Muses stage\"},{\"@type\":\"BreadcrumbList\",\"@id\":\"https:\\\/\\\/www.monaco-tribune.com\\\/en\\\/2019\\\/12\\\/mademoiselle-moliere-comes-to-the-theatre-des-muses-stage\\\/#breadcrumb\",\"itemListElement\":[{\"@type\":\"ListItem\",\"position\":1,\"name\":\"Accueil\",\"item\":\"https:\\\/\\\/www.monaco-tribune.com\\\/en\\\/\"},{\"@type\":\"ListItem\",\"position\":2,\"name\":\"\u00ab\u00a0Mademoiselle Moli\u00e8re\u00a0\u00bb comes to the Th\u00e9\u00e2tre des Muses stage\"}]},{\"@type\":\"WebSite\",\"@id\":\"https:\\\/\\\/www.monaco-tribune.com\\\/en\\\/#website\",\"url\":\"https:\\\/\\\/www.monaco-tribune.com\\\/en\\\/\",\"name\":\"Monaco Tribune\",\"description\":\"Monaco : actualit\u00e9s \u00e9conomiques, politiques, culturelles et sportives de Monaco et de la French Riviera.\",\"publisher\":{\"@id\":\"https:\\\/\\\/www.monaco-tribune.com\\\/en\\\/#organization\"},\"potentialAction\":[{\"@type\":\"SearchAction\",\"target\":{\"@type\":\"EntryPoint\",\"urlTemplate\":\"https:\\\/\\\/www.monaco-tribune.com\\\/en\\\/?s={search_term_string}\"},\"query-input\":{\"@type\":\"PropertyValueSpecification\",\"valueRequired\":true,\"valueName\":\"search_term_string\"}}],\"inLanguage\":\"en-US\"},{\"@type\":\"Organization\",\"@id\":\"https:\\\/\\\/www.monaco-tribune.com\\\/en\\\/#organization\",\"name\":\"Monaco Tribune\",\"url\":\"https:\\\/\\\/www.monaco-tribune.com\\\/en\\\/\",\"logo\":{\"@type\":\"ImageObject\",\"inLanguage\":\"en-US\",\"@id\":\"https:\\\/\\\/www.monaco-tribune.com\\\/en\\\/#\\\/schema\\\/logo\\\/image\\\/\",\"url\":\"https:\\\/\\\/www.monaco-tribune.com\\\/wp-content\\\/uploads\\\/2022\\\/11\\\/logo-monaco-tribune.png\",\"contentUrl\":\"https:\\\/\\\/www.monaco-tribune.com\\\/wp-content\\\/uploads\\\/2022\\\/11\\\/logo-monaco-tribune.png\",\"width\":1548,\"height\":600,\"caption\":\"Monaco Tribune\"},\"image\":{\"@id\":\"https:\\\/\\\/www.monaco-tribune.com\\\/en\\\/#\\\/schema\\\/logo\\\/image\\\/\"},\"sameAs\":[\"https:\\\/\\\/www.facebook.com\\\/MonacoTribune\",\"https:\\\/\\\/x.com\\\/MonacoTribune\",\"https:\\\/\\\/www.instagram.com\\\/monacotribune\\\/\",\"https:\\\/\\\/www.linkedin.com\\\/company\\\/monaco-tribune\",\"https:\\\/\\\/www.youtube.com\\\/channel\\\/UCHle1MnG6hw1y4lWKijVbMA\"]},{\"@type\":\"Person\",\"@id\":\"https:\\\/\\\/www.monaco-tribune.com\\\/en\\\/#\\\/schema\\\/person\\\/9d13bdaae6c0783f39a7213543b15524\",\"name\":\"Kiel Bonhomme\",\"image\":{\"@type\":\"ImageObject\",\"inLanguage\":\"en-US\",\"@id\":\"https:\\\/\\\/secure.gravatar.com\\\/avatar\\\/97c36b4643135a16063173a908cccbbf4081ac0be675c9bf343636ae8a0141c2?s=96&d=mm&r=g\",\"url\":\"https:\\\/\\\/secure.gravatar.com\\\/avatar\\\/97c36b4643135a16063173a908cccbbf4081ac0be675c9bf343636ae8a0141c2?s=96&d=mm&r=g\",\"contentUrl\":\"https:\\\/\\\/secure.gravatar.com\\\/avatar\\\/97c36b4643135a16063173a908cccbbf4081ac0be675c9bf343636ae8a0141c2?s=96&d=mm&r=g\",\"caption\":\"Kiel Bonhomme\"},\"description\":\"Kiel Bonhomme is a journalist and content editor from New York, currently residing in Lyon, France. Covering art &amp; culture, sports, and business happenings for the Monaco Tribune.\",\"url\":\"https:\\\/\\\/www.monaco-tribune.com\\\/en\\\/author\\\/kiel-bonhomme\\\/\"}]}<\/script>\n<!-- \/ Yoast SEO Premium plugin. -->","yoast_head_json":{"title":"\"Mademoiselle Moli\u00e8re\" comes to the Th\u00e9\u00e2tre des Muses stage","description":"A Parisian success, the play Mademoiselle Moli\u00e8re by G\u00e9rard Savoisien and directed by Arnaud Denis, arrives on the stage of the Th\u00e9\u00e2tre des Muses from...","robots":{"index":"index","follow":"follow","max-snippet":"max-snippet:-1","max-image-preview":"max-image-preview:large","max-video-preview":"max-video-preview:-1"},"canonical":"https:\/\/www.monaco-tribune.com\/en\/2019\/12\/mademoiselle-moliere-comes-to-the-theatre-des-muses-stage\/","og_locale":"en_US","og_type":"article","og_title":"\"Mademoiselle Moli\u00e8re\" comes to the Th\u00e9\u00e2tre des Muses stage - Monaco Tribune","og_description":"A Parisian success, the play Mademoiselle Moli\u00e8re by G\u00e9rard Savoisien and directed by Arnaud Denis, arrives on the stage of the Th\u00e9\u00e2tre des Muses from","og_url":"https:\/\/www.monaco-tribune.com\/en\/2019\/12\/mademoiselle-moliere-comes-to-the-theatre-des-muses-stage\/","og_site_name":"Monaco Tribune","article_publisher":"https:\/\/www.facebook.com\/MonacoTribune","article_published_time":"2019-12-01T15:22:05+00:00","og_image":[{"width":807,"height":491,"url":"https:\/\/www.monaco-tribune.com\/wp-content\/uploads\/2019\/12\/22Mademoiselle-Molie\u0300re22-comes-to-the-The\u0301a\u0302tre-des-Muses-stage.png","type":"image\/png"}],"author":"Kiel Bonhomme","twitter_card":"summary_large_image","twitter_creator":"@MonacoTribune","twitter_site":"@MonacoTribune","schema":{"@context":"https:\/\/schema.org","@graph":[{"@type":"NewsArticle","@id":"https:\/\/www.monaco-tribune.com\/en\/2019\/12\/mademoiselle-moliere-comes-to-the-theatre-des-muses-stage\/#article","isPartOf":{"@id":"https:\/\/www.monaco-tribune.com\/en\/2019\/12\/mademoiselle-moliere-comes-to-the-theatre-des-muses-stage\/"},"author":{"name":"Kiel Bonhomme","@id":"https:\/\/www.monaco-tribune.com\/en\/#\/schema\/person\/9d13bdaae6c0783f39a7213543b15524"},"headline":"&#8220;Mademoiselle Moli\u00e8re&#8221; comes to the Th\u00e9\u00e2tre des Muses stage","datePublished":"2019-12-01T15:22:05+00:00","mainEntityOfPage":{"@id":"https:\/\/www.monaco-tribune.com\/en\/2019\/12\/mademoiselle-moliere-comes-to-the-theatre-des-muses-stage\/"},"wordCount":332,"publisher":{"@id":"https:\/\/www.monaco-tribune.com\/en\/#organization"},"image":{"@id":"https:\/\/www.monaco-tribune.com\/en\/2019\/12\/mademoiselle-moliere-comes-to-the-theatre-des-muses-stage\/#primaryimage"},"thumbnailUrl":"https:\/\/www.monaco-tribune.com\/wp-content\/uploads\/2019\/12\/22Mademoiselle-Molie\u0300re22-comes-to-the-The\u0301a\u0302tre-des-Muses-stage.png","keywords":["Art","Monaco","Theater"],"articleSection":["News"],"inLanguage":"en-US","copyrightYear":"2019","copyrightHolder":{"@id":"https:\/\/www.monaco-tribune.com\/#organization"}},{"@type":"WebPage","@id":"https:\/\/www.monaco-tribune.com\/en\/2019\/12\/mademoiselle-moliere-comes-to-the-theatre-des-muses-stage\/","url":"https:\/\/www.monaco-tribune.com\/en\/2019\/12\/mademoiselle-moliere-comes-to-the-theatre-des-muses-stage\/","name":"\"Mademoiselle Moli\u00e8re\" comes to the Th\u00e9\u00e2tre des Muses stage","isPartOf":{"@id":"https:\/\/www.monaco-tribune.com\/en\/#website"},"primaryImageOfPage":{"@id":"https:\/\/www.monaco-tribune.com\/en\/2019\/12\/mademoiselle-moliere-comes-to-the-theatre-des-muses-stage\/#primaryimage"},"image":{"@id":"https:\/\/www.monaco-tribune.com\/en\/2019\/12\/mademoiselle-moliere-comes-to-the-theatre-des-muses-stage\/#primaryimage"},"thumbnailUrl":"https:\/\/www.monaco-tribune.com\/wp-content\/uploads\/2019\/12\/22Mademoiselle-Molie\u0300re22-comes-to-the-The\u0301a\u0302tre-des-Muses-stage.png","datePublished":"2019-12-01T15:22:05+00:00","description":"A Parisian success, the play Mademoiselle Moli\u00e8re by G\u00e9rard Savoisien and directed by Arnaud Denis, arrives on the stage of the Th\u00e9\u00e2tre des Muses from...","breadcrumb":{"@id":"https:\/\/www.monaco-tribune.com\/en\/2019\/12\/mademoiselle-moliere-comes-to-the-theatre-des-muses-stage\/#breadcrumb"},"inLanguage":"en-US","potentialAction":[{"@type":"ReadAction","target":["https:\/\/www.monaco-tribune.com\/en\/2019\/12\/mademoiselle-moliere-comes-to-the-theatre-des-muses-stage\/"]}]},{"@type":"ImageObject","inLanguage":"en-US","@id":"https:\/\/www.monaco-tribune.com\/en\/2019\/12\/mademoiselle-moliere-comes-to-the-theatre-des-muses-stage\/#primaryimage","url":"https:\/\/www.monaco-tribune.com\/wp-content\/uploads\/2019\/12\/22Mademoiselle-Molie\u0300re22-comes-to-the-The\u0301a\u0302tre-des-Muses-stage.png","contentUrl":"https:\/\/www.monaco-tribune.com\/wp-content\/uploads\/2019\/12\/22Mademoiselle-Molie\u0300re22-comes-to-the-The\u0301a\u0302tre-des-Muses-stage.png","width":807,"height":491,"caption":"Mademoiselle Molie\u0300re comes to the The\u0301a\u0302tre des Muses stage"},{"@type":"BreadcrumbList","@id":"https:\/\/www.monaco-tribune.com\/en\/2019\/12\/mademoiselle-moliere-comes-to-the-theatre-des-muses-stage\/#breadcrumb","itemListElement":[{"@type":"ListItem","position":1,"name":"Accueil","item":"https:\/\/www.monaco-tribune.com\/en\/"},{"@type":"ListItem","position":2,"name":"\u00ab\u00a0Mademoiselle Moli\u00e8re\u00a0\u00bb comes to the Th\u00e9\u00e2tre des Muses stage"}]},{"@type":"WebSite","@id":"https:\/\/www.monaco-tribune.com\/en\/#website","url":"https:\/\/www.monaco-tribune.com\/en\/","name":"Monaco Tribune","description":"Monaco : actualit\u00e9s \u00e9conomiques, politiques, culturelles et sportives de Monaco et de la French Riviera.","publisher":{"@id":"https:\/\/www.monaco-tribune.com\/en\/#organization"},"potentialAction":[{"@type":"SearchAction","target":{"@type":"EntryPoint","urlTemplate":"https:\/\/www.monaco-tribune.com\/en\/?s={search_term_string}"},"query-input":{"@type":"PropertyValueSpecification","valueRequired":true,"valueName":"search_term_string"}}],"inLanguage":"en-US"},{"@type":"Organization","@id":"https:\/\/www.monaco-tribune.com\/en\/#organization","name":"Monaco Tribune","url":"https:\/\/www.monaco-tribune.com\/en\/","logo":{"@type":"ImageObject","inLanguage":"en-US","@id":"https:\/\/www.monaco-tribune.com\/en\/#\/schema\/logo\/image\/","url":"https:\/\/www.monaco-tribune.com\/wp-content\/uploads\/2022\/11\/logo-monaco-tribune.png","contentUrl":"https:\/\/www.monaco-tribune.com\/wp-content\/uploads\/2022\/11\/logo-monaco-tribune.png","width":1548,"height":600,"caption":"Monaco Tribune"},"image":{"@id":"https:\/\/www.monaco-tribune.com\/en\/#\/schema\/logo\/image\/"},"sameAs":["https:\/\/www.facebook.com\/MonacoTribune","https:\/\/x.com\/MonacoTribune","https:\/\/www.instagram.com\/monacotribune\/","https:\/\/www.linkedin.com\/company\/monaco-tribune","https:\/\/www.youtube.com\/channel\/UCHle1MnG6hw1y4lWKijVbMA"]},{"@type":"Person","@id":"https:\/\/www.monaco-tribune.com\/en\/#\/schema\/person\/9d13bdaae6c0783f39a7213543b15524","name":"Kiel Bonhomme","image":{"@type":"ImageObject","inLanguage":"en-US","@id":"https:\/\/secure.gravatar.com\/avatar\/97c36b4643135a16063173a908cccbbf4081ac0be675c9bf343636ae8a0141c2?s=96&d=mm&r=g","url":"https:\/\/secure.gravatar.com\/avatar\/97c36b4643135a16063173a908cccbbf4081ac0be675c9bf343636ae8a0141c2?s=96&d=mm&r=g","contentUrl":"https:\/\/secure.gravatar.com\/avatar\/97c36b4643135a16063173a908cccbbf4081ac0be675c9bf343636ae8a0141c2?s=96&d=mm&r=g","caption":"Kiel Bonhomme"},"description":"Kiel Bonhomme is a journalist and content editor from New York, currently residing in Lyon, France. Covering art &amp; culture, sports, and business happenings for the Monaco Tribune.","url":"https:\/\/www.monaco-tribune.com\/en\/author\/kiel-bonhomme\/"}]}},"_links":{"self":[{"href":"https:\/\/www.monaco-tribune.com\/en\/wp-json\/wp\/v2\/posts\/17036","targetHints":{"allow":["GET"]}}],"collection":[{"href":"https:\/\/www.monaco-tribune.com\/en\/wp-json\/wp\/v2\/posts"}],"about":[{"href":"https:\/\/www.monaco-tribune.com\/en\/wp-json\/wp\/v2\/types\/post"}],"author":[{"embeddable":true,"href":"https:\/\/www.monaco-tribune.com\/en\/wp-json\/wp\/v2\/users\/8"}],"replies":[{"embeddable":true,"href":"https:\/\/www.monaco-tribune.com\/en\/wp-json\/wp\/v2\/comments?post=17036"}],"version-history":[{"count":0,"href":"https:\/\/www.monaco-tribune.com\/en\/wp-json\/wp\/v2\/posts\/17036\/revisions"}],"wp:featuredmedia":[{"embeddable":true,"href":"https:\/\/www.monaco-tribune.com\/en\/wp-json\/wp\/v2\/media\/17037"}],"wp:attachment":[{"href":"https:\/\/www.monaco-tribune.com\/en\/wp-json\/wp\/v2\/media?parent=17036"}],"wp:term":[{"taxonomy":"category","embeddable":true,"href":"https:\/\/www.monaco-tribune.com\/en\/wp-json\/wp\/v2\/categories?post=17036"},{"taxonomy":"post_tag","embeddable":true,"href":"https:\/\/www.monaco-tribune.com\/en\/wp-json\/wp\/v2\/tags?post=17036"},{"taxonomy":"sectag","embeddable":true,"href":"https:\/\/www.monaco-tribune.com\/en\/wp-json\/wp\/v2\/post_sectags?post=17036"},{"taxonomy":"format","embeddable":true,"href":"https:\/\/www.monaco-tribune.com\/en\/wp-json\/wp\/v2\/post_format?post=17036"}],"curies":[{"name":"wp","href":"https:\/\/api.w.org\/{rel}","templated":true}]}}