{"id":175188,"date":"2023-05-03T16:59:55","date_gmt":"2023-05-03T14:59:55","guid":{"rendered":"https:\/\/www.monaco-tribune.com\/2023\/05\/fly-the-flag-for-prince-rainier-iii-centenary\/"},"modified":"2023-05-03T17:07:46","modified_gmt":"2023-05-03T15:07:46","slug":"fly-the-flag-for-prince-rainier-iii-centenary","status":"publish","type":"post","link":"https:\/\/www.monaco-tribune.com\/en\/2023\/05\/fly-the-flag-for-prince-rainier-iii-centenary\/","title":{"rendered":"Fly the flag for Prince Rainier III centenary"},"content":{"rendered":"\n<p><strong>From May 1 until the end of the year, Monegasques, residents and shopkeepers in the Principality are invited to fly a flag that has been specially created for the event.\u00a0<\/strong><\/p>\n\n<p>The celebration of Prince Rainier III&#8217;s centenary continues. The Rainier III Committee has created a unique flag for the occasion, which the Principality&#8217;s inhabitants will be able to use to decorate the streets and public buildings. There are four sales outlets for the flags: <\/p>\n\n<ul class=\"wp-block-list\">\n<li>the <strong>Souvenir Shop<\/strong>, Place du Palais Princier<\/li>\n\n\n\n<li><strong>Bazar Picco<\/strong>, 22 avenue Saint-Charles<\/li>\n\n\n\n<li><strong>Brico Center<\/strong>, 4-6 avenue Albert II<\/li>\n\n\n\n<li><strong>au Kh\u00e9dive<\/strong>, 9 boulevard Albert Ier<\/li>\n<\/ul>\n<div class=\"wp-block-image\">\n<figure class=\"aligncenter size-large is-resized\"><img loading=\"lazy\" decoding=\"async\" src=\"https:\/\/www.monaco-tribune.com\/wp-content\/uploads\/2023\/05\/drapeau-centenaire-prince-rainier-iii-1024x573.jpeg\" alt=\"\" class=\"wp-image-174875\" width=\"968\" height=\"541\" srcset=\"https:\/\/www.monaco-tribune.com\/wp-content\/uploads\/2023\/05\/drapeau-centenaire-prince-rainier-iii-1024x573.jpeg 1024w, https:\/\/www.monaco-tribune.com\/wp-content\/uploads\/2023\/05\/drapeau-centenaire-prince-rainier-iii-536x300.jpeg 536w, https:\/\/www.monaco-tribune.com\/wp-content\/uploads\/2023\/05\/drapeau-centenaire-prince-rainier-iii.jpeg 2048w\" sizes=\"auto, (max-width: 968px) 100vw, 968px\" \/><figcaption class=\"wp-element-caption\"><i>The flag features Prince Rainier III&#8217;s face, in profile, on a background of the Principality&#8217;s traditional red and white colours.<\/i>&#13;\n\u00a9 Centenaire Rainier III<\/figcaption><\/figure>\n<\/div>\n<p>At the same time, the Principality is continuing to publicise the commemorations, as the main events begin in a few weeks: <\/p>\n\n<ul class=\"wp-block-list\">\n<li><b>31 May 2023, from 2.30pm:\u00a0<\/b>le Rocher en f\u00eate<\/li>\n\n\n\n<li><strong>31 May 2023<\/strong>\u00a0<b>to 20 August 2023:\u00a0<\/b>&#8220;Le Prince chez lui&#8221; (The Prince at home) exhibition &#8211; State Apartments at the Prince&#8217;s Palace.<\/li>\n\n\n\n<li><strong>31 May 2023 to 31 December 2023:<\/strong> &#8220;Le Prince et ses animaux&#8221; (The Prince and his animals) exhibition &#8211; Jardin animalier de Monaco<\/li>\n\n\n\n<li><b>4 July 2023:\u00a0<\/b>&#8220;Rainier III par lui-m\u00eame&#8221; (Rainier III by himself), film by Yann-Anthony Noghes &#8211; Salle des Princes at the Grimaldi Forum<\/li>\n\n\n\n<li><b>20 July to 31 December 2023: <\/b>&#8220;Le Prince b\u00e2tisseur. Une ambition pour Monaco&#8221; (The builder Prince. An ambition for Monaco) exhibition\u2013 Salle d\u2019Exposition, Quai Antoine Ier<\/li>\n\n\n\n<li><strong>9 November 2023 to 28 January 2024:<\/strong> &#8220;50e anniversaire de la cr\u00e9ation du festival du cirque&#8221; (50th anniversary of the creation of the circus festival) exhibition &#8211; Terrasses de Fontvieille<\/li>\n\n\n\n<li><b>19 November 2023:\u00a0<\/b>National Day in honour of Prince Rainier III<\/li>\n\n\n\n<li><b>24 and 25 November at 8.30pm: <\/b>&#13;\nperformances of &#8220;Les jours heureux&#8221;,(Happy Days) a play in which Prince Rainier III acted in 1942, by the Studio de Monaco &#8211; Th\u00e9\u00e2tre des Vari\u00e9t\u00e9s<\/li>\n\n\n\n<li><strong>19 to 28 January 2024:<\/strong> 46th Monte-Carlo International Circus Festival 2024 &#8220;A tribute to its creator&#8221;<\/li>\n<\/ul>\n\n<p>The full programme can be found <a href=\"https:\/\/centenairerainier3.mc\/events\/\">on this page.<\/a><\/p>\n","protected":false},"excerpt":{"rendered":"<p>From May 1 until the end of the year, Monegasques, residents and shopkeepers in the Principality are invited to fly [&hellip;]<\/p>\n","protected":false},"author":65,"featured_media":174872,"comment_status":"closed","ping_status":"closed","sticky":false,"template":"","format":"standard","meta":{"_acf_changed":false,"footnotes":""},"categories":[243,254],"tags":[3756],"post_sectags":[3838],"post_format":[2465],"class_list":["post-175188","post","type-post","status-publish","format-standard","has-post-thumbnail","hentry","category-news","category-people-en","tag-prince-rainier-iii-en","sectag-centenary","format-in-brief"],"acf":[],"yoast_head":"<!-- This site is optimized with the Yoast SEO Premium plugin v26.8 (Yoast SEO v27.4) - https:\/\/yoast.com\/product\/yoast-seo-premium-wordpress\/ -->\n<title>Fly the flag for Prince Rainier III centenary<\/title>\n<meta name=\"description\" content=\"From May 1 until the end of the year, Monegasques, residents and shopkeepers in the Principality are invited to fly a flag that has been specially created\" \/>\n<meta name=\"robots\" content=\"index, follow, max-snippet:-1, max-image-preview:large, max-video-preview:-1\" \/>\n<link rel=\"canonical\" href=\"https:\/\/www.monaco-tribune.com\/en\/2023\/05\/fly-the-flag-for-prince-rainier-iii-centenary\/\" \/>\n<meta property=\"og:locale\" content=\"en_US\" \/>\n<meta property=\"og:type\" content=\"article\" \/>\n<meta property=\"og:title\" content=\"Fly the flag for Prince Rainier III centenary - Monaco Tribune\" \/>\n<meta property=\"og:description\" content=\"From May 1 until the end of the year, Monegasques, residents and shopkeepers in the Principality are invited to fly a flag that has been specially created\" \/>\n<meta property=\"og:url\" content=\"https:\/\/www.monaco-tribune.com\/en\/2023\/05\/fly-the-flag-for-prince-rainier-iii-centenary\/\" \/>\n<meta property=\"og:site_name\" content=\"Monaco Tribune\" \/>\n<meta property=\"article:publisher\" content=\"https:\/\/www.facebook.com\/MonacoTribune\" \/>\n<meta property=\"article:published_time\" content=\"2023-05-03T14:59:55+00:00\" \/>\n<meta property=\"article:modified_time\" content=\"2023-05-03T15:07:46+00:00\" \/>\n<meta property=\"og:image\" content=\"https:\/\/www.monaco-tribune.com\/wp-content\/uploads\/2023\/05\/pavoisement-drapeaux-monaco.jpg\" \/>\n\t<meta property=\"og:image:width\" content=\"1200\" \/>\n\t<meta property=\"og:image:height\" content=\"692\" \/>\n\t<meta property=\"og:image:type\" content=\"image\/jpeg\" \/>\n<meta name=\"author\" content=\"Paul Charoy\" \/>\n<meta name=\"twitter:card\" content=\"summary_large_image\" \/>\n<meta name=\"twitter:creator\" content=\"@MonacoTribune\" \/>\n<meta name=\"twitter:site\" content=\"@MonacoTribune\" \/>\n<script type=\"application\/ld+json\" class=\"yoast-schema-graph\">{\"@context\":\"https:\\\/\\\/schema.org\",\"@graph\":[{\"@type\":\"NewsArticle\",\"@id\":\"https:\\\/\\\/www.monaco-tribune.com\\\/en\\\/2023\\\/05\\\/fly-the-flag-for-prince-rainier-iii-centenary\\\/#article\",\"isPartOf\":{\"@id\":\"https:\\\/\\\/www.monaco-tribune.com\\\/en\\\/2023\\\/05\\\/fly-the-flag-for-prince-rainier-iii-centenary\\\/\"},\"author\":{\"name\":\"Paul Charoy\",\"@id\":\"https:\\\/\\\/www.monaco-tribune.com\\\/en\\\/#\\\/schema\\\/person\\\/c33a9f1bc99ef5a2e07d37c576060b57\"},\"headline\":\"Fly the flag for Prince Rainier III centenary\",\"datePublished\":\"2023-05-03T14:59:55+00:00\",\"dateModified\":\"2023-05-03T15:07:46+00:00\",\"mainEntityOfPage\":{\"@id\":\"https:\\\/\\\/www.monaco-tribune.com\\\/en\\\/2023\\\/05\\\/fly-the-flag-for-prince-rainier-iii-centenary\\\/\"},\"wordCount\":335,\"publisher\":{\"@id\":\"https:\\\/\\\/www.monaco-tribune.com\\\/en\\\/#organization\"},\"image\":{\"@id\":\"https:\\\/\\\/www.monaco-tribune.com\\\/en\\\/2023\\\/05\\\/fly-the-flag-for-prince-rainier-iii-centenary\\\/#primaryimage\"},\"thumbnailUrl\":\"https:\\\/\\\/www.monaco-tribune.com\\\/wp-content\\\/uploads\\\/2023\\\/05\\\/pavoisement-drapeaux-monaco.jpg\",\"keywords\":[\"Prince Rainier III\"],\"articleSection\":[\"News\",\"Princely Family\"],\"inLanguage\":\"en-US\",\"copyrightYear\":\"2023\",\"copyrightHolder\":{\"@id\":\"https:\\\/\\\/www.monaco-tribune.com\\\/#organization\"}},{\"@type\":\"WebPage\",\"@id\":\"https:\\\/\\\/www.monaco-tribune.com\\\/en\\\/2023\\\/05\\\/fly-the-flag-for-prince-rainier-iii-centenary\\\/\",\"url\":\"https:\\\/\\\/www.monaco-tribune.com\\\/en\\\/2023\\\/05\\\/fly-the-flag-for-prince-rainier-iii-centenary\\\/\",\"name\":\"Fly the flag for Prince Rainier III centenary\",\"isPartOf\":{\"@id\":\"https:\\\/\\\/www.monaco-tribune.com\\\/en\\\/#website\"},\"primaryImageOfPage\":{\"@id\":\"https:\\\/\\\/www.monaco-tribune.com\\\/en\\\/2023\\\/05\\\/fly-the-flag-for-prince-rainier-iii-centenary\\\/#primaryimage\"},\"image\":{\"@id\":\"https:\\\/\\\/www.monaco-tribune.com\\\/en\\\/2023\\\/05\\\/fly-the-flag-for-prince-rainier-iii-centenary\\\/#primaryimage\"},\"thumbnailUrl\":\"https:\\\/\\\/www.monaco-tribune.com\\\/wp-content\\\/uploads\\\/2023\\\/05\\\/pavoisement-drapeaux-monaco.jpg\",\"datePublished\":\"2023-05-03T14:59:55+00:00\",\"dateModified\":\"2023-05-03T15:07:46+00:00\",\"description\":\"From May 1 until the end of the year, Monegasques, residents and shopkeepers in the Principality are invited to fly a flag that has been specially created\",\"breadcrumb\":{\"@id\":\"https:\\\/\\\/www.monaco-tribune.com\\\/en\\\/2023\\\/05\\\/fly-the-flag-for-prince-rainier-iii-centenary\\\/#breadcrumb\"},\"inLanguage\":\"en-US\",\"potentialAction\":[{\"@type\":\"ReadAction\",\"target\":[\"https:\\\/\\\/www.monaco-tribune.com\\\/en\\\/2023\\\/05\\\/fly-the-flag-for-prince-rainier-iii-centenary\\\/\"]}]},{\"@type\":\"ImageObject\",\"inLanguage\":\"en-US\",\"@id\":\"https:\\\/\\\/www.monaco-tribune.com\\\/en\\\/2023\\\/05\\\/fly-the-flag-for-prince-rainier-iii-centenary\\\/#primaryimage\",\"url\":\"https:\\\/\\\/www.monaco-tribune.com\\\/wp-content\\\/uploads\\\/2023\\\/05\\\/pavoisement-drapeaux-monaco.jpg\",\"contentUrl\":\"https:\\\/\\\/www.monaco-tribune.com\\\/wp-content\\\/uploads\\\/2023\\\/05\\\/pavoisement-drapeaux-monaco.jpg\",\"width\":1200,\"height\":692,\"caption\":\"Not just the traditional red and white flag, but a special edition, created for Prince Rainier III's centenary. \u00a9 Monaco Info \\\/ Facebook\"},{\"@type\":\"BreadcrumbList\",\"@id\":\"https:\\\/\\\/www.monaco-tribune.com\\\/en\\\/2023\\\/05\\\/fly-the-flag-for-prince-rainier-iii-centenary\\\/#breadcrumb\",\"itemListElement\":[{\"@type\":\"ListItem\",\"position\":1,\"name\":\"Accueil\",\"item\":\"https:\\\/\\\/www.monaco-tribune.com\\\/en\\\/\"},{\"@type\":\"ListItem\",\"position\":2,\"name\":\"Fly the flag for Prince Rainier III centenary\"}]},{\"@type\":\"WebSite\",\"@id\":\"https:\\\/\\\/www.monaco-tribune.com\\\/en\\\/#website\",\"url\":\"https:\\\/\\\/www.monaco-tribune.com\\\/en\\\/\",\"name\":\"Monaco Tribune\",\"description\":\"Monaco : actualit\u00e9s \u00e9conomiques, politiques, culturelles et sportives de Monaco et de la French Riviera.\",\"publisher\":{\"@id\":\"https:\\\/\\\/www.monaco-tribune.com\\\/en\\\/#organization\"},\"potentialAction\":[{\"@type\":\"SearchAction\",\"target\":{\"@type\":\"EntryPoint\",\"urlTemplate\":\"https:\\\/\\\/www.monaco-tribune.com\\\/en\\\/?s={search_term_string}\"},\"query-input\":{\"@type\":\"PropertyValueSpecification\",\"valueRequired\":true,\"valueName\":\"search_term_string\"}}],\"inLanguage\":\"en-US\"},{\"@type\":\"Organization\",\"@id\":\"https:\\\/\\\/www.monaco-tribune.com\\\/en\\\/#organization\",\"name\":\"Monaco Tribune\",\"url\":\"https:\\\/\\\/www.monaco-tribune.com\\\/en\\\/\",\"logo\":{\"@type\":\"ImageObject\",\"inLanguage\":\"en-US\",\"@id\":\"https:\\\/\\\/www.monaco-tribune.com\\\/en\\\/#\\\/schema\\\/logo\\\/image\\\/\",\"url\":\"https:\\\/\\\/www.monaco-tribune.com\\\/wp-content\\\/uploads\\\/2022\\\/11\\\/logo-monaco-tribune.png\",\"contentUrl\":\"https:\\\/\\\/www.monaco-tribune.com\\\/wp-content\\\/uploads\\\/2022\\\/11\\\/logo-monaco-tribune.png\",\"width\":1548,\"height\":600,\"caption\":\"Monaco Tribune\"},\"image\":{\"@id\":\"https:\\\/\\\/www.monaco-tribune.com\\\/en\\\/#\\\/schema\\\/logo\\\/image\\\/\"},\"sameAs\":[\"https:\\\/\\\/www.facebook.com\\\/MonacoTribune\",\"https:\\\/\\\/x.com\\\/MonacoTribune\",\"https:\\\/\\\/www.instagram.com\\\/monacotribune\\\/\",\"https:\\\/\\\/www.linkedin.com\\\/company\\\/monaco-tribune\",\"https:\\\/\\\/www.youtube.com\\\/channel\\\/UCHle1MnG6hw1y4lWKijVbMA\"]},{\"@type\":\"Person\",\"@id\":\"https:\\\/\\\/www.monaco-tribune.com\\\/en\\\/#\\\/schema\\\/person\\\/c33a9f1bc99ef5a2e07d37c576060b57\",\"name\":\"Paul Charoy\",\"image\":{\"@type\":\"ImageObject\",\"inLanguage\":\"en-US\",\"@id\":\"https:\\\/\\\/secure.gravatar.com\\\/avatar\\\/c3a39fd900275d54a628738568f1949e90ce9945d105d000228335a7bad64b38?s=96&d=mm&r=g\",\"url\":\"https:\\\/\\\/secure.gravatar.com\\\/avatar\\\/c3a39fd900275d54a628738568f1949e90ce9945d105d000228335a7bad64b38?s=96&d=mm&r=g\",\"contentUrl\":\"https:\\\/\\\/secure.gravatar.com\\\/avatar\\\/c3a39fd900275d54a628738568f1949e90ce9945d105d000228335a7bad64b38?s=96&d=mm&r=g\",\"caption\":\"Paul Charoy\"},\"url\":\"https:\\\/\\\/www.monaco-tribune.com\\\/en\\\/author\\\/paulcharoy\\\/\"}]}<\/script>\n<!-- \/ Yoast SEO Premium plugin. -->","yoast_head_json":{"title":"Fly the flag for Prince Rainier III centenary","description":"From May 1 until the end of the year, Monegasques, residents and shopkeepers in the Principality are invited to fly a flag that has been specially created","robots":{"index":"index","follow":"follow","max-snippet":"max-snippet:-1","max-image-preview":"max-image-preview:large","max-video-preview":"max-video-preview:-1"},"canonical":"https:\/\/www.monaco-tribune.com\/en\/2023\/05\/fly-the-flag-for-prince-rainier-iii-centenary\/","og_locale":"en_US","og_type":"article","og_title":"Fly the flag for Prince Rainier III centenary - Monaco Tribune","og_description":"From May 1 until the end of the year, Monegasques, residents and shopkeepers in the Principality are invited to fly a flag that has been specially created","og_url":"https:\/\/www.monaco-tribune.com\/en\/2023\/05\/fly-the-flag-for-prince-rainier-iii-centenary\/","og_site_name":"Monaco Tribune","article_publisher":"https:\/\/www.facebook.com\/MonacoTribune","article_published_time":"2023-05-03T14:59:55+00:00","article_modified_time":"2023-05-03T15:07:46+00:00","og_image":[{"width":1200,"height":692,"url":"https:\/\/www.monaco-tribune.com\/wp-content\/uploads\/2023\/05\/pavoisement-drapeaux-monaco.jpg","type":"image\/jpeg"}],"author":"Paul Charoy","twitter_card":"summary_large_image","twitter_creator":"@MonacoTribune","twitter_site":"@MonacoTribune","schema":{"@context":"https:\/\/schema.org","@graph":[{"@type":"NewsArticle","@id":"https:\/\/www.monaco-tribune.com\/en\/2023\/05\/fly-the-flag-for-prince-rainier-iii-centenary\/#article","isPartOf":{"@id":"https:\/\/www.monaco-tribune.com\/en\/2023\/05\/fly-the-flag-for-prince-rainier-iii-centenary\/"},"author":{"name":"Paul Charoy","@id":"https:\/\/www.monaco-tribune.com\/en\/#\/schema\/person\/c33a9f1bc99ef5a2e07d37c576060b57"},"headline":"Fly the flag for Prince Rainier III centenary","datePublished":"2023-05-03T14:59:55+00:00","dateModified":"2023-05-03T15:07:46+00:00","mainEntityOfPage":{"@id":"https:\/\/www.monaco-tribune.com\/en\/2023\/05\/fly-the-flag-for-prince-rainier-iii-centenary\/"},"wordCount":335,"publisher":{"@id":"https:\/\/www.monaco-tribune.com\/en\/#organization"},"image":{"@id":"https:\/\/www.monaco-tribune.com\/en\/2023\/05\/fly-the-flag-for-prince-rainier-iii-centenary\/#primaryimage"},"thumbnailUrl":"https:\/\/www.monaco-tribune.com\/wp-content\/uploads\/2023\/05\/pavoisement-drapeaux-monaco.jpg","keywords":["Prince Rainier III"],"articleSection":["News","Princely Family"],"inLanguage":"en-US","copyrightYear":"2023","copyrightHolder":{"@id":"https:\/\/www.monaco-tribune.com\/#organization"}},{"@type":"WebPage","@id":"https:\/\/www.monaco-tribune.com\/en\/2023\/05\/fly-the-flag-for-prince-rainier-iii-centenary\/","url":"https:\/\/www.monaco-tribune.com\/en\/2023\/05\/fly-the-flag-for-prince-rainier-iii-centenary\/","name":"Fly the flag for Prince Rainier III centenary","isPartOf":{"@id":"https:\/\/www.monaco-tribune.com\/en\/#website"},"primaryImageOfPage":{"@id":"https:\/\/www.monaco-tribune.com\/en\/2023\/05\/fly-the-flag-for-prince-rainier-iii-centenary\/#primaryimage"},"image":{"@id":"https:\/\/www.monaco-tribune.com\/en\/2023\/05\/fly-the-flag-for-prince-rainier-iii-centenary\/#primaryimage"},"thumbnailUrl":"https:\/\/www.monaco-tribune.com\/wp-content\/uploads\/2023\/05\/pavoisement-drapeaux-monaco.jpg","datePublished":"2023-05-03T14:59:55+00:00","dateModified":"2023-05-03T15:07:46+00:00","description":"From May 1 until the end of the year, Monegasques, residents and shopkeepers in the Principality are invited to fly a flag that has been specially created","breadcrumb":{"@id":"https:\/\/www.monaco-tribune.com\/en\/2023\/05\/fly-the-flag-for-prince-rainier-iii-centenary\/#breadcrumb"},"inLanguage":"en-US","potentialAction":[{"@type":"ReadAction","target":["https:\/\/www.monaco-tribune.com\/en\/2023\/05\/fly-the-flag-for-prince-rainier-iii-centenary\/"]}]},{"@type":"ImageObject","inLanguage":"en-US","@id":"https:\/\/www.monaco-tribune.com\/en\/2023\/05\/fly-the-flag-for-prince-rainier-iii-centenary\/#primaryimage","url":"https:\/\/www.monaco-tribune.com\/wp-content\/uploads\/2023\/05\/pavoisement-drapeaux-monaco.jpg","contentUrl":"https:\/\/www.monaco-tribune.com\/wp-content\/uploads\/2023\/05\/pavoisement-drapeaux-monaco.jpg","width":1200,"height":692,"caption":"Not just the traditional red and white flag, but a special edition, created for Prince Rainier III's centenary. \u00a9 Monaco Info \/ Facebook"},{"@type":"BreadcrumbList","@id":"https:\/\/www.monaco-tribune.com\/en\/2023\/05\/fly-the-flag-for-prince-rainier-iii-centenary\/#breadcrumb","itemListElement":[{"@type":"ListItem","position":1,"name":"Accueil","item":"https:\/\/www.monaco-tribune.com\/en\/"},{"@type":"ListItem","position":2,"name":"Fly the flag for Prince Rainier III centenary"}]},{"@type":"WebSite","@id":"https:\/\/www.monaco-tribune.com\/en\/#website","url":"https:\/\/www.monaco-tribune.com\/en\/","name":"Monaco Tribune","description":"Monaco : actualit\u00e9s \u00e9conomiques, politiques, culturelles et sportives de Monaco et de la French Riviera.","publisher":{"@id":"https:\/\/www.monaco-tribune.com\/en\/#organization"},"potentialAction":[{"@type":"SearchAction","target":{"@type":"EntryPoint","urlTemplate":"https:\/\/www.monaco-tribune.com\/en\/?s={search_term_string}"},"query-input":{"@type":"PropertyValueSpecification","valueRequired":true,"valueName":"search_term_string"}}],"inLanguage":"en-US"},{"@type":"Organization","@id":"https:\/\/www.monaco-tribune.com\/en\/#organization","name":"Monaco Tribune","url":"https:\/\/www.monaco-tribune.com\/en\/","logo":{"@type":"ImageObject","inLanguage":"en-US","@id":"https:\/\/www.monaco-tribune.com\/en\/#\/schema\/logo\/image\/","url":"https:\/\/www.monaco-tribune.com\/wp-content\/uploads\/2022\/11\/logo-monaco-tribune.png","contentUrl":"https:\/\/www.monaco-tribune.com\/wp-content\/uploads\/2022\/11\/logo-monaco-tribune.png","width":1548,"height":600,"caption":"Monaco Tribune"},"image":{"@id":"https:\/\/www.monaco-tribune.com\/en\/#\/schema\/logo\/image\/"},"sameAs":["https:\/\/www.facebook.com\/MonacoTribune","https:\/\/x.com\/MonacoTribune","https:\/\/www.instagram.com\/monacotribune\/","https:\/\/www.linkedin.com\/company\/monaco-tribune","https:\/\/www.youtube.com\/channel\/UCHle1MnG6hw1y4lWKijVbMA"]},{"@type":"Person","@id":"https:\/\/www.monaco-tribune.com\/en\/#\/schema\/person\/c33a9f1bc99ef5a2e07d37c576060b57","name":"Paul Charoy","image":{"@type":"ImageObject","inLanguage":"en-US","@id":"https:\/\/secure.gravatar.com\/avatar\/c3a39fd900275d54a628738568f1949e90ce9945d105d000228335a7bad64b38?s=96&d=mm&r=g","url":"https:\/\/secure.gravatar.com\/avatar\/c3a39fd900275d54a628738568f1949e90ce9945d105d000228335a7bad64b38?s=96&d=mm&r=g","contentUrl":"https:\/\/secure.gravatar.com\/avatar\/c3a39fd900275d54a628738568f1949e90ce9945d105d000228335a7bad64b38?s=96&d=mm&r=g","caption":"Paul Charoy"},"url":"https:\/\/www.monaco-tribune.com\/en\/author\/paulcharoy\/"}]}},"_links":{"self":[{"href":"https:\/\/www.monaco-tribune.com\/en\/wp-json\/wp\/v2\/posts\/175188","targetHints":{"allow":["GET"]}}],"collection":[{"href":"https:\/\/www.monaco-tribune.com\/en\/wp-json\/wp\/v2\/posts"}],"about":[{"href":"https:\/\/www.monaco-tribune.com\/en\/wp-json\/wp\/v2\/types\/post"}],"author":[{"embeddable":true,"href":"https:\/\/www.monaco-tribune.com\/en\/wp-json\/wp\/v2\/users\/65"}],"replies":[{"embeddable":true,"href":"https:\/\/www.monaco-tribune.com\/en\/wp-json\/wp\/v2\/comments?post=175188"}],"version-history":[{"count":0,"href":"https:\/\/www.monaco-tribune.com\/en\/wp-json\/wp\/v2\/posts\/175188\/revisions"}],"wp:featuredmedia":[{"embeddable":true,"href":"https:\/\/www.monaco-tribune.com\/en\/wp-json\/wp\/v2\/media\/174872"}],"wp:attachment":[{"href":"https:\/\/www.monaco-tribune.com\/en\/wp-json\/wp\/v2\/media?parent=175188"}],"wp:term":[{"taxonomy":"category","embeddable":true,"href":"https:\/\/www.monaco-tribune.com\/en\/wp-json\/wp\/v2\/categories?post=175188"},{"taxonomy":"post_tag","embeddable":true,"href":"https:\/\/www.monaco-tribune.com\/en\/wp-json\/wp\/v2\/tags?post=175188"},{"taxonomy":"sectag","embeddable":true,"href":"https:\/\/www.monaco-tribune.com\/en\/wp-json\/wp\/v2\/post_sectags?post=175188"},{"taxonomy":"format","embeddable":true,"href":"https:\/\/www.monaco-tribune.com\/en\/wp-json\/wp\/v2\/post_format?post=175188"}],"curies":[{"name":"wp","href":"https:\/\/api.w.org\/{rel}","templated":true}]}}