{"id":180455,"date":"2023-06-12T18:37:04","date_gmt":"2023-06-12T16:37:04","guid":{"rendered":"https:\/\/www.monaco-tribune.com\/2023\/06\/georges-marsan-tells-us-about-monaco-town-councils-10-key-projects\/"},"modified":"2023-06-12T18:48:23","modified_gmt":"2023-06-12T16:48:23","slug":"georges-marsan-tells-us-about-monaco-town-councils-10-key-projects","status":"publish","type":"post","link":"https:\/\/www.monaco-tribune.com\/en\/2023\/06\/georges-marsan-tells-us-about-monaco-town-councils-10-key-projects\/","title":{"rendered":"Georges Marsan tells us about Monaco Town Council&#8217;s 10 key projects"},"content":{"rendered":"\n<p><p><strong>A redesigned Jardin Exotique, new cr\u00e8ches, neighbourhood activities&#8230; These major innovations are due to be rolled out over the next four years.<\/strong><\/p><\/p>\n\n<p><p>&#8220;This will be a particularly full term of office,&#8221; says Georges Marsan, who has <a href=\"\/?p=168627\" data-mce-href=\"https:\/\/www.monaco-tribune.com\/2023\/03\/georges-marsan-reelu-maire-de-monaco-pour-la-sixieme-fois\/\">been elected for the sixth consecutive <\/a>time as Mayor of Monaco.<\/p><\/p>\n\n<p><p>And there is certainly a significant number of projects, some of which are substantial. As the Mayor told his four new running mates: &#8220;you&#8217;ll need to hold on tight.&#8221;<\/p><\/p>\n\n<h2 class=\"wp-block-heading has-text-align-center\" id=\"h-1-un-jardin-exotique-museal-et-connecte\">1. A museal, connected, Jardin Exotique<\/h2>\n\n<p>Its reopening is eagerly awaited in the Principality, but we&#8217;ll have to wait a little longer. According to the timetable drawn up by the Town Hall, the famous Jardin Exotique will not reopen until 2025, by which time its new park-and-ride car park should also have been completed. <\/p>\n<div class=\"wp-block-image\">\n<figure class=\"aligncenter size-full\"><img loading=\"lazy\" decoding=\"async\" width=\"900\" height=\"572\" src=\"https:\/\/www.monaco-tribune.com\/wp-content\/uploads\/2021\/01\/jardin-exotique-de-monaco.jpeg\" alt=\"Jardin Exotique de Monaco\" class=\"wp-image-61311\" srcset=\"https:\/\/www.monaco-tribune.com\/wp-content\/uploads\/2021\/01\/jardin-exotique-de-monaco.jpeg 900w, https:\/\/www.monaco-tribune.com\/wp-content\/uploads\/2021\/01\/jardin-exotique-de-monaco-472x300.jpeg 472w\" sizes=\"auto, (max-width: 900px) 100vw, 900px\" \/><figcaption class=\"wp-element-caption\"><em>Refurbishment work on the Jardin Exotique was delayed due to the Covid-19 pandemic and then safety-related measures were required on the site &#8211; \u00a9 Mairie de Monaco<\/em><\/figcaption><\/figure>\n<\/div>\n<p>&#8220;We&#8217;ll be ready,&#8221; the Mayor says, although he points out that the work in hand is not just structural.\u00a0 We&#8217;re working on a museum project, with QR codes and virtual tours,&#8221; says Georges Marsan. &#8220;We&#8217;re using the time to transform the Garden. The cave will also be refurbished, with a new eating area. In the meantime, the Botanic Centre remains operation, and we&#8217;ve had a lot of visitors, which is great!&#8221;<\/p>\n\n<p class=\"related\"><a href=\"https:\/\/www.monaco-tribune.com\/en\/2021\/11\/the-jardin-exotique-named-one-of-worlds-most-beautiful-gardens\/\">The Jardin exotique named one of world\u2019s most beautiful gardens<\/a><\/p>\n\n<h2 class=\"wp-block-heading has-text-align-center\" id=\"h-2-une-nouvelle-mediatheque-plus-grande-et-tournee-vers-le-numerique\">2. A new, bigger media library with a digital focus<\/h2>\n\n<p>Another project that is eagerly awaited by the Principality&#8217;s residents, and which should come into being within the next two years, is <a href=\"https:\/\/www.monaco-tribune.com\/2023\/05\/nouvelle-mediatheque-de-monaco-on-y-est\/\">the new Media Library<\/a>, in bigger, improved facilities .<\/p>\n\n<p>&#8220;We&#8217;re expanding from 1,200 m2 to 1,900 m2, and the space will be equipped to meet the modern demands of media libraries, especially in terms of digital technology,&#8221; says Georges Marsan. &#8220;We already have <a href=\"https:\/\/www.monaco-tribune.com\/2022\/09\/ateliers-numeriques\/\">a digital mediator at the M\u00e9diath\u00e8que<\/a>, but we are also taking part in the programme to reduce the digital divide. Monaco Town Hall is\u00a0 a partner of the Maison du Num\u00e9rique (Digital Centre), and the Media Library and Espace Lamartine will continue to provide digital classes for their members.&#8221;<\/p>\n<div class=\"wp-block-image\">\n<figure class=\"aligncenter size-large\"><img decoding=\"async\" src=\"https:\/\/www.monaco-tribune.com\/wp-content\/uploads\/2023\/05\/mediatheque-de-monaco-compressed-1024x577.jpg\" alt=\"mediatheque-de-monaco-compressed\" class=\"wp-image-177850\"\/><figcaption class=\"wp-element-caption\"><em>The new Media Library is due to open in 2025 &#8211; \u00a9 Monaco Town Council<\/em><\/figcaption><\/figure>\n<\/div>\n<p>The younger generations are not left out: video game tournaments, manga-centered reading sessions and role-playing will be on offer for children and teenagers, thanks to the inclusion of the Ludoth\u00e8que (Games Library). A rehearsal room for Monegasque artists will also be available nearby.<\/p>\n\n<p>The venue will also have an eating area and will continue to host conferences, concerts, artistic events and film screenings, just like the current M\u00e9diath\u00e8que&#8230; with one  difference! Spectators will be able to take advantage of a specially equipped room that can be converted into a conference room.<\/p>\n\n<h2 class=\"wp-block-heading has-text-align-center\" id=\"h-3-la-future-salle-leo-ferre-l-une-des-plus-modernes-de-france\">3. The future L\u00e9o Ferr\u00e9 concert hall to rival the most modern in France<\/h2>\n\n<p><p>The venue has also been completely redesigned: the new L\u00e9o Ferr\u00e9 hall will be a multi-purpose hall with a standing capacity of 1,800 and a seating capacity of 1,200. Opening has been postponed due to delays in the <a href=\"\/?p=122722\" data-mce-href=\"https:\/\/www.monaco-tribune.com\/en\/2022\/05\/future-fontvieille-mall-what-do-we-know-or-not\/\">work on the Fontvieille shopping centre<\/a>, and is now scheduled for 2025.<\/p><\/p>\n\n<p><p>&#8220;We will still be putting on shows and events there,&#8221; says the Mayor. &#8220;But its layout can be changed\u00a0 in just ten minutes. This venue will be on a par with the most modern venues in France!&#8221;<\/p><\/p>\n\n<h2 class=\"wp-block-heading has-text-align-center\" id=\"h-4-l-espace-lamartine-devient-un-lieu-intergenerationnel\">4. Espace Lamartine becomes an intergenerational venue<\/h2>\n\n<p>While all the above projects will not be delivered before 2025, one building will be ready this September: the Espace Lamartine.\u00a0 &#8220;It&#8217;s THE project of this tenure and the previous one,&#8221; stresses the Mayor. &#8220;It was entirely self-financed by the Town Hall, with a budget of 7.5 million euros. We have doubled the surface area and completely transformed the building.&#8221;<\/p>\n<div class=\"wp-block-image\">\n<figure class=\"aligncenter size-full\"><img loading=\"lazy\" decoding=\"async\" width=\"1020\" height=\"689\" src=\"https:\/\/www.monaco-tribune.com\/wp-content\/uploads\/2023\/06\/villa-lamartine-monaco-1.jpg\" alt=\"villa lamartine monaco\" class=\"wp-image-179404\" srcset=\"https:\/\/www.monaco-tribune.com\/wp-content\/uploads\/2023\/06\/villa-lamartine-monaco-1.jpg 1020w, https:\/\/www.monaco-tribune.com\/wp-content\/uploads\/2023\/06\/villa-lamartine-monaco-1-444x300.jpg 444w\" sizes=\"auto, (max-width: 1020px) 100vw, 1020px\" \/><figcaption class=\"wp-element-caption\"><em>The Espace Lamartine will be open to all Monegasques and residents over the age of 16 &#8211; \u00a9 Monaco Town Council<\/em><\/figcaption><\/figure>\n<\/div>\n<p>The site will still include the A Pignata restaurant, for senior citizens, as well as the Snoezelen area, it will also house multi-purpose rooms for conferences and digital and creative workshops. But above all, the aim is to <a href=\"http:\/\/monaco-tribune.com\/2021\/05\/la-villa-lamartine-deviendra-un-lieu-intergenerationnel-dici-2023\/(ouvre%20un%20nouvel%20onglet)\">make it an intergenerational venue<\/a> : &#8220;the young people will be able to come and help the seniors. And we will be able to accommodate up to 80 people for conferences of all kinds, for all generations,&#8221; says a delighted Georges Marsan.<\/p>\n\n<p><p><a href=\"\/?p=133534\" data-mce-href=\"https:\/\/www.monaco-tribune.com\/2022\/08\/club-le-temps-de-vivre-le-bonheur-de-vieillir\/\">Club Le Temps de Vivre<\/a> membership will also cover this venue, and subscriptions will be available to all Monegasques and residents over the age of 16.<\/p><\/p>\n\n<h2 class=\"wp-block-heading has-text-align-center\" id=\"h-5-accompagner-les-aines-de-jour-comme-de-nuit\">5. Supporting the elderly day and night<\/h2>\n\n<p>In addition to the Espace Lamartine, this term of office will seek to provide more support for the elderly. While a number of initiatives have already been put in place to make life easier for the elderly in the Principality, such as the recent introduction of free entry to swimming pools for those aged 60 and over, the Town Council is seeking to go further\u00a0 with the introduction in the near future of a new night patrol service, in cooperation with the Department of Health and Social Affairs. &#8220;This service, which is due to start in 2024, is intended to monitor the most vulnerable. Night-time visits are planned for that purpose,&#8221; says Georges Marsan.<\/p>\n\n<p>The Mayor would also like to create a daytime service, providing entertainment in the home. Similarly, one of the objectives of the mandate is to open SOS Administratif: a service aimed at senior citizens, to help them complete their administrative paperwork, regardless of age<\/p>\n\n<p>Finally, the Town Hall hopes to set up a Carers&#8217; Day in the near future, aimed at the relatives of\u00a0 dependent people: &#8220;they are not professionals; they are often the children, brothers or sisters of people who require home care. They face many challenges. We want to organise this Day, which will be a time for sharing and discussion&#8230; We&#8217;re already doing it for young children with the Espace Parents, so why not for the elderly?&#8221;<\/p>\n\n<h2 class=\"wp-block-heading has-text-align-center\" id=\"h-6-3-nouvelles-creches-et-une-application-pour-les-jeunes-parents\">6. 3 new cr\u00e8ches and an app for young parents<\/h2>\n\n<p>As for our youngest citizens, there are plenty of projects in the pipeline. Three new cr\u00e8ches will be opened in the Principality over the next four years, The first will be at Palais Honoria, the second at Grand Ida and the third at Bel Air, increasing the number of cr\u00e8che places by 20%.<\/p>\n\n<p><p>&#8220;We asked the government to build cr\u00e8ches in state-owned residential properties, and they agreed. For example, <a href=\"\/?p=158864\" data-mce-href=\"https:\/\/www.monaco-tribune.com\/2023\/01\/la-creche-du-testimonio-vient-douvrir-ses-portes\/\">at Testimonio II<\/a> , parents are happy that they don&#8217;t have to go all the way across town to drop their child off at the cr\u00e8che,&#8221; says a delighted Georges Marsan, who also mentions\u00a0 <a href=\"\/?p=175017\" data-mce-href=\"https:\/\/www.monaco-tribune.com\/2023\/05\/a-monaco-ouverture-des-inscriptions-au-mini-club-du-larvotto\/\">the recent reopening of the Larvotto mini-club<\/a> for children aged between three and twelve.<\/p><\/p>\n\n<p>But before the long-awaited arrival of these new cr\u00e8ches, young parents will be able to enjoy other advances. Starting with the launch of an application in the coming months: Ma Cr\u00e8che au Quotidien (Day to Day at my Cr\u00e8che). The aim is to enable parents to follow all the information about each cr\u00e8che, with photos of all the activities on offer, directly on their phones.<\/p>\n\n<p>Last but not least, at the beginning of 2024, administrative procedures should be greatly simplified, thanks to childrens&#8217; and parents&#8217; services all being located in the Foyer Sainte-D\u00e9vote. The premises are also due to house a physical venue called L\u00e0scia e Piya.<\/p>\n\n<p><p>&#8220;This physical space, which we may move to the Parc Princesse Antoinette during the summer, will enable parents to swap childcare equipment and accessories,&#8221; says the Mayor.<\/p><\/p>\n\n<h2 class=\"wp-block-heading has-text-align-center\" id=\"h-7-de-nouvelles-formations-au-pavillon-bosio-et-a-l-academie-de-musique-rainier-iii\">7. New courses at the Pavillon Bosio and the Rainier III Music Academy<\/h2>\n\n<p>Again with a view to providing the best possible support for local young people, the Town Hall is also planning to do something new in two flagship artistic establishments: the Pavillon Bosio and the Acad\u00e9mie Rainier III.<\/p>\n\n<p><p>From the start of the 2024 academic year, the first will offer a fourth Master&#8217;s option, &#8216;Fashion Scenography&#8217;. It is an opportunity to strengthen the partnership with <a href=\"\/?p=177579\" data-mce-href=\"https:\/\/www.monaco-tribune.com\/en\/2023\/05\/monte-carlo-fashion-week-2023-winners\/\">Monte-Carlo Fashion Week<\/a>.<\/p><\/p>\n\n<p>The second will feature an &#8220;artist residency&#8221; by international pianist Shani Diluka from the start of the academic year in September 2023. The entrance examination is scheduled for 21 June at the Academy. <\/p>\n\n<p>In addition, the Academy&#8217;s Auditorium, which had been flooded, will be completely refurbished come September. The institution is also planning to record a first album by the Musique Municipale band, devoted to traditional Monegasque music.<\/p>\n\n<h2 class=\"wp-block-heading has-text-align-center\" id=\"h-8-des-animations-dans-tous-les-quartiers-et-des-marches-redynamises\">8. Events in all the neighbourhoods and revitalised markets<\/h2>\n\n<p><p>Young Monegasques will also be able to get involved in the Junior Municipal Project, which has created a number of events such as the <a href=\"\/?p=176532\" data-mce-href=\"https:\/\/www.monaco-tribune.com\/2023\/05\/la-splash-party-est-de-retour-le-7-juin-a-monaco\/\">Splash Party<\/a> and <a href=\"\/?p=137114\" data-mce-href=\"https:\/\/www.monaco-tribune.com\/2022\/09\/soiree-halloween-ice-party-among-us-geant-des-evenements-penses-pour-et-par-les-collegiens-de-monaco\/\">Hallowe&#8217;en evening<\/a>.<\/p><\/p>\n\n<p>He also wants to create a new dynamic for the Principality&#8217;s two markets. The Monte-Carlo market will now be equipped with tables and chairs so that special events can be held on Saturdays and Sundays: &#8220;The aim is to provide a place to eat, but without seeking to compete with the Beausoleil market.&#8221;<\/p>\n\n<p>The rest of the year, from 2024 onwards, there should be neighbourhood events. &#8220;We&#8217;re going to try to propose activities in all the municipal venues, so that\u00a0 everything isn&#8217;t always centred on the port. This is one of the priorities of our tenure. We would also like to create evening entertainment in the Parc Princesse Antoinette, but there is a lot of work involved to make the park safe and set up permanent lighting,&#8221; says the Mayor.&#13;\n&#13;\n<\/p>\n<div class=\"wp-block-image\">\n<figure class=\"aligncenter size-full\"><img loading=\"lazy\" decoding=\"async\" width=\"1020\" height=\"669\" src=\"https:\/\/www.monaco-tribune.com\/wp-content\/uploads\/2023\/06\/georges-marsan-mairie-monaco.jpg\" alt=\"georges marsan mairie monaco\" class=\"wp-image-179330\" srcset=\"https:\/\/www.monaco-tribune.com\/wp-content\/uploads\/2023\/06\/georges-marsan-mairie-monaco.jpg 1020w, https:\/\/www.monaco-tribune.com\/wp-content\/uploads\/2023\/06\/georges-marsan-mairie-monaco-457x300.jpg 457w\" sizes=\"auto, (max-width: 1020px) 100vw, 1020px\" \/><figcaption class=\"wp-element-caption\"><em>Georges Marsan et son Conseil communal want to bring life back to Monaco&#8217;s neighbourhoods \u2013 \u00a9 Monaco Town Council<\/em><\/figcaption><\/figure>\n<\/div>\n<p>He also wants to create a new dynamic for the Principality&#8217;s two markets. The Monte-Carlo market will now be equipped with tables and chairs so that special events can be held on Saturdays and Sundays: &#8220;The aim is to provide a place to eat, without seeking to compete with the Beausoleil market.&#8221;<\/p>\n\n<p>The Condamine market, meanwhile, is set to evolve to fit in with the new Fontvieille shopping centre by 2027. It&#8217;s quite a challenge: &#8220;it needs to be restructured, but keep its identity. We don&#8217;t want to change how it operates, because it works very well. But I think we need to change the setting. The market is twelve years old: the stalls need to be able to work properly and comply with regulations. However the building is listed: we have to keep the Mediterranean market style, but modernise it.\u00a0(\u2026) For example, perhaps a new car park, or changes to the Place d&#8217;Armes. All this must be done in cooperation with the Government.&#8221;<\/p>\n\n<p>In the meantime, themed days and evenings such as the F\u00eate Nationale, the Grand Bal, the <a href=\"https:\/\/www.monaco-tribune.com\/en\/2022\/04\/a-monegasque-evening-with-an-italian-flavour\/\">Italian evenings<\/a> and the <a href=\"https:\/\/www.monaco-tribune.com\/2022\/02\/les-oursinades-arrivent-aux-marches-de-monaco\/\">oursinades<\/a> will remain in place, as they are very successful. The next one will take place on 21 June, to coincide with the F\u00eate de la Musique.<\/p>\n\n<h2 class=\"wp-block-heading has-text-align-center\" id=\"h-9-des-panneaux-d-affichage-moins-nombreux-mais-numeriques\">9. Fewer billboards, but digital<\/h2>\n\n<p>While traditions and heritage are carefully preserved in Monaco, this term of office should also be an opportunity to further develop digital tools, particularly on the civil registry side. While <a href=\"https:\/\/www.monaco-tribune.com\/en\/2021\/06\/monaco-creates-a-digitial-identity-for-everyone-in-the-principality\/\">Monegasque digital identity<\/a> was recently\u00a0 introduced, the Town Council and the Government are now working hand in hand to introduce a professional electronic signature. Digital nationality certificates could also be envisaged.<\/p>\n\n<p>But the digital transition will also be an opportunity to change the Principality&#8217;s billboard displays. &#8220;We want to install modern signs and remove obsolete ones. We want the boards to look good and blend in with the landscape. We will be reducing the quantity of signage but ensure it is high quality, and we will continue to provide special rates for the clubs and associations,&#8221; says Georges Marsan.&#13;\n&#13;\n<\/p>\n\n<h2 class=\"wp-block-heading has-text-align-center\" id=\"h-10-l-environnement-au-coeur-du-mandat\">10. The environment at the heart of the tenure<\/h2>\n\n<p>Environmental issues are not forgotten for the new term of office. In addition, a number of existing initiatives, such as eco-responsible measures in cr\u00e8ches and <a href=\"https:\/\/www.monaco-tribune.com\/en\/2022\/06\/munegu-repair-cafe-where-diy-and-people-meet\/\">Munegu Repair Caf\u00e9s<\/a> , will be maintained. The first second-hand flea market was organised as part of the European Week for Waste Reduction, and this should become a permanent fixture on the calendar.<\/p>\n\n<p>But the Town Council is not forgetting its main objective: to improve its carbon footprint by 2030. As a signatory of the Pacte National de la Mission pour la Transition \u00c9nerg\u00e9tique (National Pact for Energy Transition), the town hall&#8217;s buildings and organiastion will also be transformed to reduce  greenhouse gas emissions.<\/p>\n\n<p>Georges Marsan and his team are also planning a campaign to raise awareness among Monegasques and council staff: &#8220;We want to raise awareness, particularly in-house, so that we can make this transition a success. We are also in the process of drawing up an Environmental Charter for all municipal departments. It should be ready by the end of 2023.&#8221;<\/p>\n","protected":false},"excerpt":{"rendered":"<p>A redesigned Jardin Exotique, new cr\u00e8ches, neighbourhood activities&#8230; These major innovations are due to be rolled out over the next [&hellip;]<\/p>\n","protected":false},"author":60,"featured_media":179335,"comment_status":"closed","ping_status":"closed","sticky":false,"template":"","format":"standard","meta":{"_acf_changed":false,"footnotes":""},"categories":[1825,243,258],"tags":[2949],"post_sectags":[4037],"post_format":[2463],"class_list":["post-180455","post","type-post","status-publish","format-standard","has-post-thumbnail","hentry","category-editors-choice","category-news","category-public-life","tag-politics-en","sectag-georges-marsan-en","format-interview-en"],"acf":[],"yoast_head":"<!-- This site is optimized with the Yoast SEO Premium plugin v26.8 (Yoast SEO v27.4) - https:\/\/yoast.com\/product\/yoast-seo-premium-wordpress\/ -->\n<title>Georges Marsan tells us about Monaco Town Council&#039;s 10 key projects<\/title>\n<meta name=\"description\" content=\"A redesigned Jardin Exotique, new cr\u00e8ches, neighbourhood activities... These major innovations are due to be rolled out over the next four years. &quot;This\" \/>\n<meta name=\"robots\" content=\"index, follow, max-snippet:-1, max-image-preview:large, max-video-preview:-1\" \/>\n<link rel=\"canonical\" href=\"https:\/\/www.monaco-tribune.com\/en\/2023\/06\/georges-marsan-tells-us-about-monaco-town-councils-10-key-projects\/\" \/>\n<meta property=\"og:locale\" content=\"en_US\" \/>\n<meta property=\"og:type\" content=\"article\" \/>\n<meta property=\"og:title\" content=\"Georges Marsan tells us about Monaco Town Council&#039;s 10 key projects - Monaco Tribune\" \/>\n<meta property=\"og:description\" content=\"A redesigned Jardin Exotique, new cr\u00e8ches, neighbourhood activities... These major innovations are due to be rolled out over the next four years. &quot;This\" \/>\n<meta property=\"og:url\" content=\"https:\/\/www.monaco-tribune.com\/en\/2023\/06\/georges-marsan-tells-us-about-monaco-town-councils-10-key-projects\/\" \/>\n<meta property=\"og:site_name\" content=\"Monaco Tribune\" \/>\n<meta property=\"article:publisher\" content=\"https:\/\/www.facebook.com\/MonacoTribune\" \/>\n<meta property=\"article:published_time\" content=\"2023-06-12T16:37:04+00:00\" \/>\n<meta property=\"article:modified_time\" content=\"2023-06-12T16:48:23+00:00\" \/>\n<meta property=\"og:image\" content=\"https:\/\/www.monaco-tribune.com\/wp-content\/uploads\/2023\/06\/georges-marsan-projets-mairie.jpg\" \/>\n\t<meta property=\"og:image:width\" content=\"1020\" \/>\n\t<meta property=\"og:image:height\" content=\"680\" \/>\n\t<meta property=\"og:image:type\" content=\"image\/jpeg\" \/>\n<meta name=\"author\" content=\"Camille Esteve\" \/>\n<meta name=\"twitter:card\" content=\"summary_large_image\" \/>\n<meta name=\"twitter:creator\" content=\"@MonacoTribune\" \/>\n<meta name=\"twitter:site\" content=\"@MonacoTribune\" \/>\n<script type=\"application\/ld+json\" class=\"yoast-schema-graph\">{\"@context\":\"https:\\\/\\\/schema.org\",\"@graph\":[{\"@type\":\"NewsArticle\",\"@id\":\"https:\\\/\\\/www.monaco-tribune.com\\\/en\\\/2023\\\/06\\\/georges-marsan-tells-us-about-monaco-town-councils-10-key-projects\\\/#article\",\"isPartOf\":{\"@id\":\"https:\\\/\\\/www.monaco-tribune.com\\\/en\\\/2023\\\/06\\\/georges-marsan-tells-us-about-monaco-town-councils-10-key-projects\\\/\"},\"author\":{\"name\":\"Camille Esteve\",\"@id\":\"https:\\\/\\\/www.monaco-tribune.com\\\/en\\\/#\\\/schema\\\/person\\\/a855d420fff4d03637641d60b93ac62e\"},\"headline\":\"Georges Marsan tells us about Monaco Town Council&#8217;s 10 key projects\",\"datePublished\":\"2023-06-12T16:37:04+00:00\",\"dateModified\":\"2023-06-12T16:48:23+00:00\",\"mainEntityOfPage\":{\"@id\":\"https:\\\/\\\/www.monaco-tribune.com\\\/en\\\/2023\\\/06\\\/georges-marsan-tells-us-about-monaco-town-councils-10-key-projects\\\/\"},\"wordCount\":2140,\"publisher\":{\"@id\":\"https:\\\/\\\/www.monaco-tribune.com\\\/en\\\/#organization\"},\"image\":{\"@id\":\"https:\\\/\\\/www.monaco-tribune.com\\\/en\\\/2023\\\/06\\\/georges-marsan-tells-us-about-monaco-town-councils-10-key-projects\\\/#primaryimage\"},\"thumbnailUrl\":\"https:\\\/\\\/www.monaco-tribune.com\\\/wp-content\\\/uploads\\\/2023\\\/06\\\/georges-marsan-projets-mairie.jpg\",\"keywords\":[\"Politics\"],\"articleSection\":[\"Editor&#039;s choice\",\"News\",\"Society\"],\"inLanguage\":\"en-US\",\"copyrightYear\":\"2023\",\"copyrightHolder\":{\"@id\":\"https:\\\/\\\/www.monaco-tribune.com\\\/#organization\"}},{\"@type\":\"WebPage\",\"@id\":\"https:\\\/\\\/www.monaco-tribune.com\\\/en\\\/2023\\\/06\\\/georges-marsan-tells-us-about-monaco-town-councils-10-key-projects\\\/\",\"url\":\"https:\\\/\\\/www.monaco-tribune.com\\\/en\\\/2023\\\/06\\\/georges-marsan-tells-us-about-monaco-town-councils-10-key-projects\\\/\",\"name\":\"Georges Marsan tells us about Monaco Town Council's 10 key projects\",\"isPartOf\":{\"@id\":\"https:\\\/\\\/www.monaco-tribune.com\\\/en\\\/#website\"},\"primaryImageOfPage\":{\"@id\":\"https:\\\/\\\/www.monaco-tribune.com\\\/en\\\/2023\\\/06\\\/georges-marsan-tells-us-about-monaco-town-councils-10-key-projects\\\/#primaryimage\"},\"image\":{\"@id\":\"https:\\\/\\\/www.monaco-tribune.com\\\/en\\\/2023\\\/06\\\/georges-marsan-tells-us-about-monaco-town-councils-10-key-projects\\\/#primaryimage\"},\"thumbnailUrl\":\"https:\\\/\\\/www.monaco-tribune.com\\\/wp-content\\\/uploads\\\/2023\\\/06\\\/georges-marsan-projets-mairie.jpg\",\"datePublished\":\"2023-06-12T16:37:04+00:00\",\"dateModified\":\"2023-06-12T16:48:23+00:00\",\"description\":\"A redesigned Jardin Exotique, new cr\u00e8ches, neighbourhood activities... These major innovations are due to be rolled out over the next four years. \\\"This\",\"breadcrumb\":{\"@id\":\"https:\\\/\\\/www.monaco-tribune.com\\\/en\\\/2023\\\/06\\\/georges-marsan-tells-us-about-monaco-town-councils-10-key-projects\\\/#breadcrumb\"},\"inLanguage\":\"en-US\",\"potentialAction\":[{\"@type\":\"ReadAction\",\"target\":[\"https:\\\/\\\/www.monaco-tribune.com\\\/en\\\/2023\\\/06\\\/georges-marsan-tells-us-about-monaco-town-councils-10-key-projects\\\/\"]}]},{\"@type\":\"ImageObject\",\"inLanguage\":\"en-US\",\"@id\":\"https:\\\/\\\/www.monaco-tribune.com\\\/en\\\/2023\\\/06\\\/georges-marsan-tells-us-about-monaco-town-councils-10-key-projects\\\/#primaryimage\",\"url\":\"https:\\\/\\\/www.monaco-tribune.com\\\/wp-content\\\/uploads\\\/2023\\\/06\\\/georges-marsan-projets-mairie.jpg\",\"contentUrl\":\"https:\\\/\\\/www.monaco-tribune.com\\\/wp-content\\\/uploads\\\/2023\\\/06\\\/georges-marsan-projets-mairie.jpg\",\"width\":1020,\"height\":680,\"caption\":\"Georges Marsan has been re-elected for a sixth term, which he describes as \\\"historic\\\" - \u00a9 Monaco Town Council\"},{\"@type\":\"BreadcrumbList\",\"@id\":\"https:\\\/\\\/www.monaco-tribune.com\\\/en\\\/2023\\\/06\\\/georges-marsan-tells-us-about-monaco-town-councils-10-key-projects\\\/#breadcrumb\",\"itemListElement\":[{\"@type\":\"ListItem\",\"position\":1,\"name\":\"Accueil\",\"item\":\"https:\\\/\\\/www.monaco-tribune.com\\\/en\\\/\"},{\"@type\":\"ListItem\",\"position\":2,\"name\":\"Georges Marsan tells us about Monaco Town Council&#8217;s 10 key projects\"}]},{\"@type\":\"WebSite\",\"@id\":\"https:\\\/\\\/www.monaco-tribune.com\\\/en\\\/#website\",\"url\":\"https:\\\/\\\/www.monaco-tribune.com\\\/en\\\/\",\"name\":\"Monaco Tribune\",\"description\":\"Monaco : actualit\u00e9s \u00e9conomiques, politiques, culturelles et sportives de Monaco et de la French Riviera.\",\"publisher\":{\"@id\":\"https:\\\/\\\/www.monaco-tribune.com\\\/en\\\/#organization\"},\"potentialAction\":[{\"@type\":\"SearchAction\",\"target\":{\"@type\":\"EntryPoint\",\"urlTemplate\":\"https:\\\/\\\/www.monaco-tribune.com\\\/en\\\/?s={search_term_string}\"},\"query-input\":{\"@type\":\"PropertyValueSpecification\",\"valueRequired\":true,\"valueName\":\"search_term_string\"}}],\"inLanguage\":\"en-US\"},{\"@type\":\"Organization\",\"@id\":\"https:\\\/\\\/www.monaco-tribune.com\\\/en\\\/#organization\",\"name\":\"Monaco Tribune\",\"url\":\"https:\\\/\\\/www.monaco-tribune.com\\\/en\\\/\",\"logo\":{\"@type\":\"ImageObject\",\"inLanguage\":\"en-US\",\"@id\":\"https:\\\/\\\/www.monaco-tribune.com\\\/en\\\/#\\\/schema\\\/logo\\\/image\\\/\",\"url\":\"https:\\\/\\\/www.monaco-tribune.com\\\/wp-content\\\/uploads\\\/2022\\\/11\\\/logo-monaco-tribune.png\",\"contentUrl\":\"https:\\\/\\\/www.monaco-tribune.com\\\/wp-content\\\/uploads\\\/2022\\\/11\\\/logo-monaco-tribune.png\",\"width\":1548,\"height\":600,\"caption\":\"Monaco Tribune\"},\"image\":{\"@id\":\"https:\\\/\\\/www.monaco-tribune.com\\\/en\\\/#\\\/schema\\\/logo\\\/image\\\/\"},\"sameAs\":[\"https:\\\/\\\/www.facebook.com\\\/MonacoTribune\",\"https:\\\/\\\/x.com\\\/MonacoTribune\",\"https:\\\/\\\/www.instagram.com\\\/monacotribune\\\/\",\"https:\\\/\\\/www.linkedin.com\\\/company\\\/monaco-tribune\",\"https:\\\/\\\/www.youtube.com\\\/channel\\\/UCHle1MnG6hw1y4lWKijVbMA\"]},{\"@type\":\"Person\",\"@id\":\"https:\\\/\\\/www.monaco-tribune.com\\\/en\\\/#\\\/schema\\\/person\\\/a855d420fff4d03637641d60b93ac62e\",\"name\":\"Camille Esteve\",\"image\":{\"@type\":\"ImageObject\",\"inLanguage\":\"en-US\",\"@id\":\"https:\\\/\\\/secure.gravatar.com\\\/avatar\\\/eaaa2355a7bb56c0018a391c20a55bf9b4690e3f493231dd850e612bfa6ce161?s=96&d=mm&r=g\",\"url\":\"https:\\\/\\\/secure.gravatar.com\\\/avatar\\\/eaaa2355a7bb56c0018a391c20a55bf9b4690e3f493231dd850e612bfa6ce161?s=96&d=mm&r=g\",\"contentUrl\":\"https:\\\/\\\/secure.gravatar.com\\\/avatar\\\/eaaa2355a7bb56c0018a391c20a55bf9b4690e3f493231dd850e612bfa6ce161?s=96&d=mm&r=g\",\"caption\":\"Camille Esteve\"},\"url\":\"https:\\\/\\\/www.monaco-tribune.com\\\/en\\\/author\\\/camilleesteve\\\/\"}]}<\/script>\n<!-- \/ Yoast SEO Premium plugin. -->","yoast_head_json":{"title":"Georges Marsan tells us about Monaco Town Council's 10 key projects","description":"A redesigned Jardin Exotique, new cr\u00e8ches, neighbourhood activities... These major innovations are due to be rolled out over the next four years. \"This","robots":{"index":"index","follow":"follow","max-snippet":"max-snippet:-1","max-image-preview":"max-image-preview:large","max-video-preview":"max-video-preview:-1"},"canonical":"https:\/\/www.monaco-tribune.com\/en\/2023\/06\/georges-marsan-tells-us-about-monaco-town-councils-10-key-projects\/","og_locale":"en_US","og_type":"article","og_title":"Georges Marsan tells us about Monaco Town Council's 10 key projects - Monaco Tribune","og_description":"A redesigned Jardin Exotique, new cr\u00e8ches, neighbourhood activities... These major innovations are due to be rolled out over the next four years. \"This","og_url":"https:\/\/www.monaco-tribune.com\/en\/2023\/06\/georges-marsan-tells-us-about-monaco-town-councils-10-key-projects\/","og_site_name":"Monaco Tribune","article_publisher":"https:\/\/www.facebook.com\/MonacoTribune","article_published_time":"2023-06-12T16:37:04+00:00","article_modified_time":"2023-06-12T16:48:23+00:00","og_image":[{"width":1020,"height":680,"url":"https:\/\/www.monaco-tribune.com\/wp-content\/uploads\/2023\/06\/georges-marsan-projets-mairie.jpg","type":"image\/jpeg"}],"author":"Camille Esteve","twitter_card":"summary_large_image","twitter_creator":"@MonacoTribune","twitter_site":"@MonacoTribune","schema":{"@context":"https:\/\/schema.org","@graph":[{"@type":"NewsArticle","@id":"https:\/\/www.monaco-tribune.com\/en\/2023\/06\/georges-marsan-tells-us-about-monaco-town-councils-10-key-projects\/#article","isPartOf":{"@id":"https:\/\/www.monaco-tribune.com\/en\/2023\/06\/georges-marsan-tells-us-about-monaco-town-councils-10-key-projects\/"},"author":{"name":"Camille Esteve","@id":"https:\/\/www.monaco-tribune.com\/en\/#\/schema\/person\/a855d420fff4d03637641d60b93ac62e"},"headline":"Georges Marsan tells us about Monaco Town Council&#8217;s 10 key projects","datePublished":"2023-06-12T16:37:04+00:00","dateModified":"2023-06-12T16:48:23+00:00","mainEntityOfPage":{"@id":"https:\/\/www.monaco-tribune.com\/en\/2023\/06\/georges-marsan-tells-us-about-monaco-town-councils-10-key-projects\/"},"wordCount":2140,"publisher":{"@id":"https:\/\/www.monaco-tribune.com\/en\/#organization"},"image":{"@id":"https:\/\/www.monaco-tribune.com\/en\/2023\/06\/georges-marsan-tells-us-about-monaco-town-councils-10-key-projects\/#primaryimage"},"thumbnailUrl":"https:\/\/www.monaco-tribune.com\/wp-content\/uploads\/2023\/06\/georges-marsan-projets-mairie.jpg","keywords":["Politics"],"articleSection":["Editor&#039;s choice","News","Society"],"inLanguage":"en-US","copyrightYear":"2023","copyrightHolder":{"@id":"https:\/\/www.monaco-tribune.com\/#organization"}},{"@type":"WebPage","@id":"https:\/\/www.monaco-tribune.com\/en\/2023\/06\/georges-marsan-tells-us-about-monaco-town-councils-10-key-projects\/","url":"https:\/\/www.monaco-tribune.com\/en\/2023\/06\/georges-marsan-tells-us-about-monaco-town-councils-10-key-projects\/","name":"Georges Marsan tells us about Monaco Town Council's 10 key projects","isPartOf":{"@id":"https:\/\/www.monaco-tribune.com\/en\/#website"},"primaryImageOfPage":{"@id":"https:\/\/www.monaco-tribune.com\/en\/2023\/06\/georges-marsan-tells-us-about-monaco-town-councils-10-key-projects\/#primaryimage"},"image":{"@id":"https:\/\/www.monaco-tribune.com\/en\/2023\/06\/georges-marsan-tells-us-about-monaco-town-councils-10-key-projects\/#primaryimage"},"thumbnailUrl":"https:\/\/www.monaco-tribune.com\/wp-content\/uploads\/2023\/06\/georges-marsan-projets-mairie.jpg","datePublished":"2023-06-12T16:37:04+00:00","dateModified":"2023-06-12T16:48:23+00:00","description":"A redesigned Jardin Exotique, new cr\u00e8ches, neighbourhood activities... These major innovations are due to be rolled out over the next four years. \"This","breadcrumb":{"@id":"https:\/\/www.monaco-tribune.com\/en\/2023\/06\/georges-marsan-tells-us-about-monaco-town-councils-10-key-projects\/#breadcrumb"},"inLanguage":"en-US","potentialAction":[{"@type":"ReadAction","target":["https:\/\/www.monaco-tribune.com\/en\/2023\/06\/georges-marsan-tells-us-about-monaco-town-councils-10-key-projects\/"]}]},{"@type":"ImageObject","inLanguage":"en-US","@id":"https:\/\/www.monaco-tribune.com\/en\/2023\/06\/georges-marsan-tells-us-about-monaco-town-councils-10-key-projects\/#primaryimage","url":"https:\/\/www.monaco-tribune.com\/wp-content\/uploads\/2023\/06\/georges-marsan-projets-mairie.jpg","contentUrl":"https:\/\/www.monaco-tribune.com\/wp-content\/uploads\/2023\/06\/georges-marsan-projets-mairie.jpg","width":1020,"height":680,"caption":"Georges Marsan has been re-elected for a sixth term, which he describes as \"historic\" - \u00a9 Monaco Town Council"},{"@type":"BreadcrumbList","@id":"https:\/\/www.monaco-tribune.com\/en\/2023\/06\/georges-marsan-tells-us-about-monaco-town-councils-10-key-projects\/#breadcrumb","itemListElement":[{"@type":"ListItem","position":1,"name":"Accueil","item":"https:\/\/www.monaco-tribune.com\/en\/"},{"@type":"ListItem","position":2,"name":"Georges Marsan tells us about Monaco Town Council&#8217;s 10 key projects"}]},{"@type":"WebSite","@id":"https:\/\/www.monaco-tribune.com\/en\/#website","url":"https:\/\/www.monaco-tribune.com\/en\/","name":"Monaco Tribune","description":"Monaco : actualit\u00e9s \u00e9conomiques, politiques, culturelles et sportives de Monaco et de la French Riviera.","publisher":{"@id":"https:\/\/www.monaco-tribune.com\/en\/#organization"},"potentialAction":[{"@type":"SearchAction","target":{"@type":"EntryPoint","urlTemplate":"https:\/\/www.monaco-tribune.com\/en\/?s={search_term_string}"},"query-input":{"@type":"PropertyValueSpecification","valueRequired":true,"valueName":"search_term_string"}}],"inLanguage":"en-US"},{"@type":"Organization","@id":"https:\/\/www.monaco-tribune.com\/en\/#organization","name":"Monaco Tribune","url":"https:\/\/www.monaco-tribune.com\/en\/","logo":{"@type":"ImageObject","inLanguage":"en-US","@id":"https:\/\/www.monaco-tribune.com\/en\/#\/schema\/logo\/image\/","url":"https:\/\/www.monaco-tribune.com\/wp-content\/uploads\/2022\/11\/logo-monaco-tribune.png","contentUrl":"https:\/\/www.monaco-tribune.com\/wp-content\/uploads\/2022\/11\/logo-monaco-tribune.png","width":1548,"height":600,"caption":"Monaco Tribune"},"image":{"@id":"https:\/\/www.monaco-tribune.com\/en\/#\/schema\/logo\/image\/"},"sameAs":["https:\/\/www.facebook.com\/MonacoTribune","https:\/\/x.com\/MonacoTribune","https:\/\/www.instagram.com\/monacotribune\/","https:\/\/www.linkedin.com\/company\/monaco-tribune","https:\/\/www.youtube.com\/channel\/UCHle1MnG6hw1y4lWKijVbMA"]},{"@type":"Person","@id":"https:\/\/www.monaco-tribune.com\/en\/#\/schema\/person\/a855d420fff4d03637641d60b93ac62e","name":"Camille Esteve","image":{"@type":"ImageObject","inLanguage":"en-US","@id":"https:\/\/secure.gravatar.com\/avatar\/eaaa2355a7bb56c0018a391c20a55bf9b4690e3f493231dd850e612bfa6ce161?s=96&d=mm&r=g","url":"https:\/\/secure.gravatar.com\/avatar\/eaaa2355a7bb56c0018a391c20a55bf9b4690e3f493231dd850e612bfa6ce161?s=96&d=mm&r=g","contentUrl":"https:\/\/secure.gravatar.com\/avatar\/eaaa2355a7bb56c0018a391c20a55bf9b4690e3f493231dd850e612bfa6ce161?s=96&d=mm&r=g","caption":"Camille Esteve"},"url":"https:\/\/www.monaco-tribune.com\/en\/author\/camilleesteve\/"}]}},"_links":{"self":[{"href":"https:\/\/www.monaco-tribune.com\/en\/wp-json\/wp\/v2\/posts\/180455","targetHints":{"allow":["GET"]}}],"collection":[{"href":"https:\/\/www.monaco-tribune.com\/en\/wp-json\/wp\/v2\/posts"}],"about":[{"href":"https:\/\/www.monaco-tribune.com\/en\/wp-json\/wp\/v2\/types\/post"}],"author":[{"embeddable":true,"href":"https:\/\/www.monaco-tribune.com\/en\/wp-json\/wp\/v2\/users\/60"}],"replies":[{"embeddable":true,"href":"https:\/\/www.monaco-tribune.com\/en\/wp-json\/wp\/v2\/comments?post=180455"}],"version-history":[{"count":0,"href":"https:\/\/www.monaco-tribune.com\/en\/wp-json\/wp\/v2\/posts\/180455\/revisions"}],"wp:featuredmedia":[{"embeddable":true,"href":"https:\/\/www.monaco-tribune.com\/en\/wp-json\/wp\/v2\/media\/179335"}],"wp:attachment":[{"href":"https:\/\/www.monaco-tribune.com\/en\/wp-json\/wp\/v2\/media?parent=180455"}],"wp:term":[{"taxonomy":"category","embeddable":true,"href":"https:\/\/www.monaco-tribune.com\/en\/wp-json\/wp\/v2\/categories?post=180455"},{"taxonomy":"post_tag","embeddable":true,"href":"https:\/\/www.monaco-tribune.com\/en\/wp-json\/wp\/v2\/tags?post=180455"},{"taxonomy":"sectag","embeddable":true,"href":"https:\/\/www.monaco-tribune.com\/en\/wp-json\/wp\/v2\/post_sectags?post=180455"},{"taxonomy":"format","embeddable":true,"href":"https:\/\/www.monaco-tribune.com\/en\/wp-json\/wp\/v2\/post_format?post=180455"}],"curies":[{"name":"wp","href":"https:\/\/api.w.org\/{rel}","templated":true}]}}