{"id":180745,"date":"2023-06-14T15:52:57","date_gmt":"2023-06-14T13:52:57","guid":{"rendered":"https:\/\/www.monaco-tribune.com\/2023\/06\/the-entire-princely-family-at-the-grimaldi-historic-sites-forum\/"},"modified":"2023-06-14T16:00:16","modified_gmt":"2023-06-14T14:00:16","slug":"the-entire-princely-family-at-the-grimaldi-historic-sites-forum","status":"publish","type":"post","link":"https:\/\/www.monaco-tribune.com\/en\/2023\/06\/the-entire-princely-family-at-the-grimaldi-historic-sites-forum\/","title":{"rendered":"The entire Princely Family at the Grimaldi Historic Sites Forum"},"content":{"rendered":"\n<p><strong>This weekend, the Place du Palais played host to the fourth edition of the event. The princely family was able to visit the different stands and enjoy the entertainment.<\/strong><\/p>\n\n\n\n<p>On Saturday morning, Prince Albert II, Princess Charlene and their children, Princess Gabriella and Hereditary Prince Jacques, gathered to witness the opening of the &#8220;village&#8221;. Princesses Caroline and  St\u00e9phanie also took a look at the stands representing the guest municipalities. <\/p>\n\n\n\n<figure class=\"wp-block-gallery has-nested-images columns-1 is-cropped wp-block-gallery-1 is-layout-flex wp-block-gallery-is-layout-flex\">\n<figure class=\"wp-block-image size-large\"><img loading=\"lazy\" decoding=\"async\" width=\"1024\" height=\"683\" data-id=\"180526\" src=\"https:\/\/www.monaco-tribune.com\/wp-content\/uploads\/2023\/06\/rencontre-sites-historiques-grimaldi-famille-princiere-monaco-compressed-1024x683.jpg\" alt=\"\" class=\"wp-image-180526\" srcset=\"https:\/\/www.monaco-tribune.com\/wp-content\/uploads\/2023\/06\/rencontre-sites-historiques-grimaldi-famille-princiere-monaco-compressed-1024x683.jpg 1024w, https:\/\/www.monaco-tribune.com\/wp-content\/uploads\/2023\/06\/rencontre-sites-historiques-grimaldi-famille-princiere-monaco-compressed-450x300.jpg 450w, https:\/\/www.monaco-tribune.com\/wp-content\/uploads\/2023\/06\/rencontre-sites-historiques-grimaldi-famille-princiere-monaco-compressed.jpg 2048w\" sizes=\"auto, (max-width: 1024px) 100vw, 1024px\" \/><\/figure>\n\n\n\n<figure class=\"wp-block-image size-large\"><img loading=\"lazy\" decoding=\"async\" width=\"1024\" height=\"683\" data-id=\"180530\" src=\"https:\/\/www.monaco-tribune.com\/wp-content\/uploads\/2023\/06\/prince-albert-ii-rencontre-sites-historiques-grimaldi-2-compressed-1024x683.jpg\" alt=\"\" class=\"wp-image-180530\" srcset=\"https:\/\/www.monaco-tribune.com\/wp-content\/uploads\/2023\/06\/prince-albert-ii-rencontre-sites-historiques-grimaldi-2-compressed-1024x683.jpg 1024w, https:\/\/www.monaco-tribune.com\/wp-content\/uploads\/2023\/06\/prince-albert-ii-rencontre-sites-historiques-grimaldi-2-compressed-450x300.jpg 450w, https:\/\/www.monaco-tribune.com\/wp-content\/uploads\/2023\/06\/prince-albert-ii-rencontre-sites-historiques-grimaldi-2-compressed.jpg 2048w\" sizes=\"auto, (max-width: 1024px) 100vw, 1024px\" \/><\/figure>\n\n\n\n<figure class=\"wp-block-image size-large\"><img loading=\"lazy\" decoding=\"async\" width=\"1024\" height=\"683\" data-id=\"180538\" src=\"https:\/\/www.monaco-tribune.com\/wp-content\/uploads\/2023\/06\/princesse-caroline-prince-stephanie-monaco-compressed-1024x683.jpg\" alt=\"\" class=\"wp-image-180538\" srcset=\"https:\/\/www.monaco-tribune.com\/wp-content\/uploads\/2023\/06\/princesse-caroline-prince-stephanie-monaco-compressed-1024x683.jpg 1024w, https:\/\/www.monaco-tribune.com\/wp-content\/uploads\/2023\/06\/princesse-caroline-prince-stephanie-monaco-compressed-450x300.jpg 450w, https:\/\/www.monaco-tribune.com\/wp-content\/uploads\/2023\/06\/princesse-caroline-prince-stephanie-monaco-compressed.jpg 2048w\" sizes=\"auto, (max-width: 1024px) 100vw, 1024px\" \/><\/figure>\n<figcaption class=\"blocks-gallery-caption wp-element-caption\"><strong>Photo 1:<\/strong> <em>The entire Princely Family attended the event&#8217;s opening speech.<\/em>\u00a0\u00a9 Eric Mathon \/ Prince&#8217;s Palace\u00a0<strong>Photo 2: <\/strong><em>Prince Albert II made his traditional rounds of the stands.<\/em>\u00a9 Communication Department \/ Fr\u00e9d\u00e9ric Nebinger\u00a0<strong>Photo 3:<\/strong><em>Princess St\u00e9phanie and Princess Caroline discovering the village. <\/em>\u00a9 Eric Mathon \/ Prince&#8217;s Palace<\/figcaption><\/figure>\n\n\n\n<p>This 4th edition featured six French departments (Alpes-Maritimes, Deux-S\u00e8vres, Haute-Corse, Haut-Rhin, Lot-et-Garonne and Pyr\u00e9n\u00e9es-Orientales), with 11 municipalities taking part.&nbsp;<a href=\"https:\/\/www.monaco-tribune.com\/2023\/06\/ambiance-conviviale-pour-la-4eme-rencontre-des-sites-historiques-grimaldi\/\">All in a festive and traditional atmosphere<\/a> , as befits this weekend of fellowship, where everyone is invited to discover these municipalities with links to the Principality. Entertainment was organised throughout the two days, including horse shows.<\/p>\n\n\n\n<figure class=\"wp-block-gallery has-nested-images columns-1 is-cropped wp-block-gallery-2 is-layout-flex wp-block-gallery-is-layout-flex\">\n<figure class=\"wp-block-image size-large\"><img loading=\"lazy\" decoding=\"async\" width=\"683\" height=\"1024\" data-id=\"180582\" src=\"https:\/\/www.monaco-tribune.com\/wp-content\/uploads\/2023\/06\/princesse-charlene-et-la-princesse-gabriella-compressed-683x1024.jpg\" alt=\"\" class=\"wp-image-180582\" srcset=\"https:\/\/www.monaco-tribune.com\/wp-content\/uploads\/2023\/06\/princesse-charlene-et-la-princesse-gabriella-compressed-683x1024.jpg 683w, https:\/\/www.monaco-tribune.com\/wp-content\/uploads\/2023\/06\/princesse-charlene-et-la-princesse-gabriella-compressed-200x300.jpg 200w, https:\/\/www.monaco-tribune.com\/wp-content\/uploads\/2023\/06\/princesse-charlene-et-la-princesse-gabriella-compressed.jpg 1365w\" sizes=\"auto, (max-width: 683px) 100vw, 683px\" \/><\/figure>\n\n\n\n<figure class=\"wp-block-image size-large\"><img loading=\"lazy\" decoding=\"async\" width=\"683\" height=\"1024\" data-id=\"180583\" src=\"https:\/\/www.monaco-tribune.com\/wp-content\/uploads\/2023\/06\/princesse-charlene-et-le-prince-hereditaire-jacques-compressed-683x1024.jpg\" alt=\"\" class=\"wp-image-180583\" srcset=\"https:\/\/www.monaco-tribune.com\/wp-content\/uploads\/2023\/06\/princesse-charlene-et-le-prince-hereditaire-jacques-compressed-683x1024.jpg 683w, https:\/\/www.monaco-tribune.com\/wp-content\/uploads\/2023\/06\/princesse-charlene-et-le-prince-hereditaire-jacques-compressed-200x300.jpg 200w, https:\/\/www.monaco-tribune.com\/wp-content\/uploads\/2023\/06\/princesse-charlene-et-le-prince-hereditaire-jacques-compressed.jpg 1365w\" sizes=\"auto, (max-width: 683px) 100vw, 683px\" \/><\/figure>\n\n\n\n<figure class=\"wp-block-image size-large\"><img loading=\"lazy\" decoding=\"async\" width=\"1024\" height=\"683\" data-id=\"180596\" src=\"https:\/\/www.monaco-tribune.com\/wp-content\/uploads\/2023\/06\/347272273_806126677546142_4460191011417853178_n-1024x683.jpg\" alt=\"\" class=\"wp-image-180596\" srcset=\"https:\/\/www.monaco-tribune.com\/wp-content\/uploads\/2023\/06\/347272273_806126677546142_4460191011417853178_n-1024x683.jpg 1024w, https:\/\/www.monaco-tribune.com\/wp-content\/uploads\/2023\/06\/347272273_806126677546142_4460191011417853178_n-450x300.jpg 450w, https:\/\/www.monaco-tribune.com\/wp-content\/uploads\/2023\/06\/347272273_806126677546142_4460191011417853178_n.jpg 2048w\" sizes=\"auto, (max-width: 1024px) 100vw, 1024px\" \/><\/figure>\n<figcaption class=\"blocks-gallery-caption wp-element-caption\"><em><em>Accompanied by Princess Charlene, Princess Gabriella and Hereditary Prince Jacques strolled around the Place du Palais to see the animals present.<\/em>\u00a0\u00a9 Eric Mathon \/ Prince&#8217;s Palace<\/em><\/figcaption><\/figure>\n\n\n\n<p>Saturday ended with a &#8220;Sound and Light&#8221; show, projected on the fa\u00e7ades of the Prince&#8217;s Palace in front of several hundred spectators. Fabulous! <\/p>\n\n\n\n<figure class=\"wp-block-gallery has-nested-images columns-1 is-cropped wp-block-gallery-3 is-layout-flex wp-block-gallery-is-layout-flex\">\n<figure class=\"wp-block-image size-large\"><img loading=\"lazy\" decoding=\"async\" width=\"1024\" height=\"683\" data-id=\"180615\" src=\"https:\/\/www.monaco-tribune.com\/wp-content\/uploads\/2023\/06\/spectacle-son-et-lumiere-palais-princier-monaco-4-1024x683.jpg\" alt=\"\" class=\"wp-image-180615\" srcset=\"https:\/\/www.monaco-tribune.com\/wp-content\/uploads\/2023\/06\/spectacle-son-et-lumiere-palais-princier-monaco-4-1024x683.jpg 1024w, https:\/\/www.monaco-tribune.com\/wp-content\/uploads\/2023\/06\/spectacle-son-et-lumiere-palais-princier-monaco-4-450x300.jpg 450w, https:\/\/www.monaco-tribune.com\/wp-content\/uploads\/2023\/06\/spectacle-son-et-lumiere-palais-princier-monaco-4.jpg 2048w\" sizes=\"auto, (max-width: 1024px) 100vw, 1024px\" \/><\/figure>\n\n\n\n<figure class=\"wp-block-image size-large\"><img loading=\"lazy\" decoding=\"async\" width=\"1024\" height=\"683\" data-id=\"180610\" src=\"https:\/\/www.monaco-tribune.com\/wp-content\/uploads\/2023\/06\/spectacle-son-et-lumiere-palais-princier-monaco-3-1024x683.jpg\" alt=\"\" class=\"wp-image-180610\" srcset=\"https:\/\/www.monaco-tribune.com\/wp-content\/uploads\/2023\/06\/spectacle-son-et-lumiere-palais-princier-monaco-3-1024x683.jpg 1024w, https:\/\/www.monaco-tribune.com\/wp-content\/uploads\/2023\/06\/spectacle-son-et-lumiere-palais-princier-monaco-3-450x300.jpg 450w, https:\/\/www.monaco-tribune.com\/wp-content\/uploads\/2023\/06\/spectacle-son-et-lumiere-palais-princier-monaco-3.jpg 2048w\" sizes=\"auto, (max-width: 1024px) 100vw, 1024px\" \/><\/figure>\n\n\n\n<figure class=\"wp-block-image size-large\"><img loading=\"lazy\" decoding=\"async\" width=\"1024\" height=\"683\" data-id=\"180614\" src=\"https:\/\/www.monaco-tribune.com\/wp-content\/uploads\/2023\/06\/spectacle-son-et-lumiere-palais-princier-monaco-1-1024x683.jpg\" alt=\"\" class=\"wp-image-180614\" srcset=\"https:\/\/www.monaco-tribune.com\/wp-content\/uploads\/2023\/06\/spectacle-son-et-lumiere-palais-princier-monaco-1-1024x683.jpg 1024w, https:\/\/www.monaco-tribune.com\/wp-content\/uploads\/2023\/06\/spectacle-son-et-lumiere-palais-princier-monaco-1-450x300.jpg 450w, https:\/\/www.monaco-tribune.com\/wp-content\/uploads\/2023\/06\/spectacle-son-et-lumiere-palais-princier-monaco-1.jpg 2048w\" sizes=\"auto, (max-width: 1024px) 100vw, 1024px\" \/><\/figure>\n<figcaption class=\"blocks-gallery-caption wp-element-caption\"><em><em>The fa\u00e7ades of the Prince&#8217;s Palace in Monaco on Saturday evening.<\/em>\u00a0\u00a9 Communication Department \/ Fr\u00e9d\u00e9ric Nebinger<\/em><\/figcaption><\/figure>\n","protected":false},"excerpt":{"rendered":"<p>This weekend, the Place du Palais played host to the fourth edition of the event. The princely family was able [&hellip;]<\/p>\n","protected":false},"author":65,"featured_media":180577,"comment_status":"closed","ping_status":"closed","sticky":false,"template":"","format":"standard","meta":{"_acf_changed":false,"footnotes":""},"categories":[243,254],"tags":[2844],"post_sectags":[4043],"post_format":[2462],"class_list":["post-180745","post","type-post","status-publish","format-standard","has-post-thumbnail","hentry","category-news","category-people-en","tag-events-en","sectag-monacos-princely-family","format-photos-en"],"acf":[],"yoast_head":"<!-- This site is optimized with the Yoast SEO Premium plugin v26.8 (Yoast SEO v27.4) - https:\/\/yoast.com\/product\/yoast-seo-premium-wordpress\/ -->\n<title>The entire Princely Family at the Grimaldi Historic Sites Forum<\/title>\n<meta name=\"description\" content=\"This weekend, the Place du Palais played host to the fourth edition of the event. The princely family was able to visit the different stands and enjoy the\" \/>\n<meta name=\"robots\" content=\"index, follow, max-snippet:-1, max-image-preview:large, max-video-preview:-1\" \/>\n<link rel=\"canonical\" href=\"https:\/\/www.monaco-tribune.com\/en\/2023\/06\/the-entire-princely-family-at-the-grimaldi-historic-sites-forum\/\" \/>\n<meta property=\"og:locale\" content=\"en_US\" \/>\n<meta property=\"og:type\" content=\"article\" \/>\n<meta property=\"og:title\" content=\"The entire Princely Family at the Grimaldi Historic Sites Forum - Monaco Tribune\" \/>\n<meta property=\"og:description\" content=\"This weekend, the Place du Palais played host to the fourth edition of the event. The princely family was able to visit the different stands and enjoy the\" \/>\n<meta property=\"og:url\" content=\"https:\/\/www.monaco-tribune.com\/en\/2023\/06\/the-entire-princely-family-at-the-grimaldi-historic-sites-forum\/\" \/>\n<meta property=\"og:site_name\" content=\"Monaco Tribune\" \/>\n<meta property=\"article:publisher\" content=\"https:\/\/www.facebook.com\/MonacoTribune\" \/>\n<meta property=\"article:published_time\" content=\"2023-06-14T13:52:57+00:00\" \/>\n<meta property=\"article:modified_time\" content=\"2023-06-14T14:00:16+00:00\" \/>\n<meta property=\"og:image\" content=\"https:\/\/www.monaco-tribune.com\/wp-content\/uploads\/2023\/06\/princesse-charlene-prince-albert-ii-princesse-gabriella-prince-hereditaire-jacques.jpg\" \/>\n\t<meta property=\"og:image:width\" content=\"1200\" \/>\n\t<meta property=\"og:image:height\" content=\"682\" \/>\n\t<meta property=\"og:image:type\" content=\"image\/jpeg\" \/>\n<meta name=\"author\" content=\"Paul Charoy\" \/>\n<meta name=\"twitter:card\" content=\"summary_large_image\" \/>\n<meta name=\"twitter:creator\" content=\"@MonacoTribune\" \/>\n<meta name=\"twitter:site\" content=\"@MonacoTribune\" \/>\n<script type=\"application\/ld+json\" class=\"yoast-schema-graph\">{\"@context\":\"https:\\\/\\\/schema.org\",\"@graph\":[{\"@type\":\"NewsArticle\",\"@id\":\"https:\\\/\\\/www.monaco-tribune.com\\\/en\\\/2023\\\/06\\\/the-entire-princely-family-at-the-grimaldi-historic-sites-forum\\\/#article\",\"isPartOf\":{\"@id\":\"https:\\\/\\\/www.monaco-tribune.com\\\/en\\\/2023\\\/06\\\/the-entire-princely-family-at-the-grimaldi-historic-sites-forum\\\/\"},\"author\":{\"name\":\"Paul Charoy\",\"@id\":\"https:\\\/\\\/www.monaco-tribune.com\\\/en\\\/#\\\/schema\\\/person\\\/c33a9f1bc99ef5a2e07d37c576060b57\"},\"headline\":\"The entire Princely Family at the Grimaldi Historic Sites Forum\",\"datePublished\":\"2023-06-14T13:52:57+00:00\",\"dateModified\":\"2023-06-14T14:00:16+00:00\",\"mainEntityOfPage\":{\"@id\":\"https:\\\/\\\/www.monaco-tribune.com\\\/en\\\/2023\\\/06\\\/the-entire-princely-family-at-the-grimaldi-historic-sites-forum\\\/\"},\"wordCount\":256,\"publisher\":{\"@id\":\"https:\\\/\\\/www.monaco-tribune.com\\\/en\\\/#organization\"},\"image\":{\"@id\":\"https:\\\/\\\/www.monaco-tribune.com\\\/en\\\/2023\\\/06\\\/the-entire-princely-family-at-the-grimaldi-historic-sites-forum\\\/#primaryimage\"},\"thumbnailUrl\":\"https:\\\/\\\/www.monaco-tribune.com\\\/wp-content\\\/uploads\\\/2023\\\/06\\\/princesse-charlene-prince-albert-ii-princesse-gabriella-prince-hereditaire-jacques.jpg\",\"keywords\":[\"Events\"],\"articleSection\":[\"News\",\"Princely Family\"],\"inLanguage\":\"en-US\",\"copyrightYear\":\"2023\",\"copyrightHolder\":{\"@id\":\"https:\\\/\\\/www.monaco-tribune.com\\\/#organization\"}},{\"@type\":\"WebPage\",\"@id\":\"https:\\\/\\\/www.monaco-tribune.com\\\/en\\\/2023\\\/06\\\/the-entire-princely-family-at-the-grimaldi-historic-sites-forum\\\/\",\"url\":\"https:\\\/\\\/www.monaco-tribune.com\\\/en\\\/2023\\\/06\\\/the-entire-princely-family-at-the-grimaldi-historic-sites-forum\\\/\",\"name\":\"The entire Princely Family at the Grimaldi Historic Sites Forum\",\"isPartOf\":{\"@id\":\"https:\\\/\\\/www.monaco-tribune.com\\\/en\\\/#website\"},\"primaryImageOfPage\":{\"@id\":\"https:\\\/\\\/www.monaco-tribune.com\\\/en\\\/2023\\\/06\\\/the-entire-princely-family-at-the-grimaldi-historic-sites-forum\\\/#primaryimage\"},\"image\":{\"@id\":\"https:\\\/\\\/www.monaco-tribune.com\\\/en\\\/2023\\\/06\\\/the-entire-princely-family-at-the-grimaldi-historic-sites-forum\\\/#primaryimage\"},\"thumbnailUrl\":\"https:\\\/\\\/www.monaco-tribune.com\\\/wp-content\\\/uploads\\\/2023\\\/06\\\/princesse-charlene-prince-albert-ii-princesse-gabriella-prince-hereditaire-jacques.jpg\",\"datePublished\":\"2023-06-14T13:52:57+00:00\",\"dateModified\":\"2023-06-14T14:00:16+00:00\",\"description\":\"This weekend, the Place du Palais played host to the fourth edition of the event. The princely family was able to visit the different stands and enjoy the\",\"breadcrumb\":{\"@id\":\"https:\\\/\\\/www.monaco-tribune.com\\\/en\\\/2023\\\/06\\\/the-entire-princely-family-at-the-grimaldi-historic-sites-forum\\\/#breadcrumb\"},\"inLanguage\":\"en-US\",\"potentialAction\":[{\"@type\":\"ReadAction\",\"target\":[\"https:\\\/\\\/www.monaco-tribune.com\\\/en\\\/2023\\\/06\\\/the-entire-princely-family-at-the-grimaldi-historic-sites-forum\\\/\"]}]},{\"@type\":\"ImageObject\",\"inLanguage\":\"en-US\",\"@id\":\"https:\\\/\\\/www.monaco-tribune.com\\\/en\\\/2023\\\/06\\\/the-entire-princely-family-at-the-grimaldi-historic-sites-forum\\\/#primaryimage\",\"url\":\"https:\\\/\\\/www.monaco-tribune.com\\\/wp-content\\\/uploads\\\/2023\\\/06\\\/princesse-charlene-prince-albert-ii-princesse-gabriella-prince-hereditaire-jacques.jpg\",\"contentUrl\":\"https:\\\/\\\/www.monaco-tribune.com\\\/wp-content\\\/uploads\\\/2023\\\/06\\\/princesse-charlene-prince-albert-ii-princesse-gabriella-prince-hereditaire-jacques.jpg\",\"width\":1200,\"height\":682,\"caption\":\"It was a bright sunny day as the Place du Palais played host to the 4th edition of la Rencontre des Sites Historiques Grimaldi de Monaco (Monaco Grimaldi Historic Sites Forum), attended by the entire Princely Family. \u00a9 Eric Mathon \\\/ Prince's Palace\"},{\"@type\":\"BreadcrumbList\",\"@id\":\"https:\\\/\\\/www.monaco-tribune.com\\\/en\\\/2023\\\/06\\\/the-entire-princely-family-at-the-grimaldi-historic-sites-forum\\\/#breadcrumb\",\"itemListElement\":[{\"@type\":\"ListItem\",\"position\":1,\"name\":\"Accueil\",\"item\":\"https:\\\/\\\/www.monaco-tribune.com\\\/en\\\/\"},{\"@type\":\"ListItem\",\"position\":2,\"name\":\"The entire Princely Family at the Grimaldi Historic Sites Forum\"}]},{\"@type\":\"WebSite\",\"@id\":\"https:\\\/\\\/www.monaco-tribune.com\\\/en\\\/#website\",\"url\":\"https:\\\/\\\/www.monaco-tribune.com\\\/en\\\/\",\"name\":\"Monaco Tribune\",\"description\":\"Monaco : actualit\u00e9s \u00e9conomiques, politiques, culturelles et sportives de Monaco et de la French Riviera.\",\"publisher\":{\"@id\":\"https:\\\/\\\/www.monaco-tribune.com\\\/en\\\/#organization\"},\"potentialAction\":[{\"@type\":\"SearchAction\",\"target\":{\"@type\":\"EntryPoint\",\"urlTemplate\":\"https:\\\/\\\/www.monaco-tribune.com\\\/en\\\/?s={search_term_string}\"},\"query-input\":{\"@type\":\"PropertyValueSpecification\",\"valueRequired\":true,\"valueName\":\"search_term_string\"}}],\"inLanguage\":\"en-US\"},{\"@type\":\"Organization\",\"@id\":\"https:\\\/\\\/www.monaco-tribune.com\\\/en\\\/#organization\",\"name\":\"Monaco Tribune\",\"url\":\"https:\\\/\\\/www.monaco-tribune.com\\\/en\\\/\",\"logo\":{\"@type\":\"ImageObject\",\"inLanguage\":\"en-US\",\"@id\":\"https:\\\/\\\/www.monaco-tribune.com\\\/en\\\/#\\\/schema\\\/logo\\\/image\\\/\",\"url\":\"https:\\\/\\\/www.monaco-tribune.com\\\/wp-content\\\/uploads\\\/2022\\\/11\\\/logo-monaco-tribune.png\",\"contentUrl\":\"https:\\\/\\\/www.monaco-tribune.com\\\/wp-content\\\/uploads\\\/2022\\\/11\\\/logo-monaco-tribune.png\",\"width\":1548,\"height\":600,\"caption\":\"Monaco Tribune\"},\"image\":{\"@id\":\"https:\\\/\\\/www.monaco-tribune.com\\\/en\\\/#\\\/schema\\\/logo\\\/image\\\/\"},\"sameAs\":[\"https:\\\/\\\/www.facebook.com\\\/MonacoTribune\",\"https:\\\/\\\/x.com\\\/MonacoTribune\",\"https:\\\/\\\/www.instagram.com\\\/monacotribune\\\/\",\"https:\\\/\\\/www.linkedin.com\\\/company\\\/monaco-tribune\",\"https:\\\/\\\/www.youtube.com\\\/channel\\\/UCHle1MnG6hw1y4lWKijVbMA\"]},{\"@type\":\"Person\",\"@id\":\"https:\\\/\\\/www.monaco-tribune.com\\\/en\\\/#\\\/schema\\\/person\\\/c33a9f1bc99ef5a2e07d37c576060b57\",\"name\":\"Paul Charoy\",\"image\":{\"@type\":\"ImageObject\",\"inLanguage\":\"en-US\",\"@id\":\"https:\\\/\\\/secure.gravatar.com\\\/avatar\\\/c3a39fd900275d54a628738568f1949e90ce9945d105d000228335a7bad64b38?s=96&d=mm&r=g\",\"url\":\"https:\\\/\\\/secure.gravatar.com\\\/avatar\\\/c3a39fd900275d54a628738568f1949e90ce9945d105d000228335a7bad64b38?s=96&d=mm&r=g\",\"contentUrl\":\"https:\\\/\\\/secure.gravatar.com\\\/avatar\\\/c3a39fd900275d54a628738568f1949e90ce9945d105d000228335a7bad64b38?s=96&d=mm&r=g\",\"caption\":\"Paul Charoy\"},\"url\":\"https:\\\/\\\/www.monaco-tribune.com\\\/en\\\/author\\\/paulcharoy\\\/\"}]}<\/script>\n<!-- \/ Yoast SEO Premium plugin. -->","yoast_head_json":{"title":"The entire Princely Family at the Grimaldi Historic Sites Forum","description":"This weekend, the Place du Palais played host to the fourth edition of the event. The princely family was able to visit the different stands and enjoy the","robots":{"index":"index","follow":"follow","max-snippet":"max-snippet:-1","max-image-preview":"max-image-preview:large","max-video-preview":"max-video-preview:-1"},"canonical":"https:\/\/www.monaco-tribune.com\/en\/2023\/06\/the-entire-princely-family-at-the-grimaldi-historic-sites-forum\/","og_locale":"en_US","og_type":"article","og_title":"The entire Princely Family at the Grimaldi Historic Sites Forum - Monaco Tribune","og_description":"This weekend, the Place du Palais played host to the fourth edition of the event. The princely family was able to visit the different stands and enjoy the","og_url":"https:\/\/www.monaco-tribune.com\/en\/2023\/06\/the-entire-princely-family-at-the-grimaldi-historic-sites-forum\/","og_site_name":"Monaco Tribune","article_publisher":"https:\/\/www.facebook.com\/MonacoTribune","article_published_time":"2023-06-14T13:52:57+00:00","article_modified_time":"2023-06-14T14:00:16+00:00","og_image":[{"width":1200,"height":682,"url":"https:\/\/www.monaco-tribune.com\/wp-content\/uploads\/2023\/06\/princesse-charlene-prince-albert-ii-princesse-gabriella-prince-hereditaire-jacques.jpg","type":"image\/jpeg"}],"author":"Paul Charoy","twitter_card":"summary_large_image","twitter_creator":"@MonacoTribune","twitter_site":"@MonacoTribune","schema":{"@context":"https:\/\/schema.org","@graph":[{"@type":"NewsArticle","@id":"https:\/\/www.monaco-tribune.com\/en\/2023\/06\/the-entire-princely-family-at-the-grimaldi-historic-sites-forum\/#article","isPartOf":{"@id":"https:\/\/www.monaco-tribune.com\/en\/2023\/06\/the-entire-princely-family-at-the-grimaldi-historic-sites-forum\/"},"author":{"name":"Paul Charoy","@id":"https:\/\/www.monaco-tribune.com\/en\/#\/schema\/person\/c33a9f1bc99ef5a2e07d37c576060b57"},"headline":"The entire Princely Family at the Grimaldi Historic Sites Forum","datePublished":"2023-06-14T13:52:57+00:00","dateModified":"2023-06-14T14:00:16+00:00","mainEntityOfPage":{"@id":"https:\/\/www.monaco-tribune.com\/en\/2023\/06\/the-entire-princely-family-at-the-grimaldi-historic-sites-forum\/"},"wordCount":256,"publisher":{"@id":"https:\/\/www.monaco-tribune.com\/en\/#organization"},"image":{"@id":"https:\/\/www.monaco-tribune.com\/en\/2023\/06\/the-entire-princely-family-at-the-grimaldi-historic-sites-forum\/#primaryimage"},"thumbnailUrl":"https:\/\/www.monaco-tribune.com\/wp-content\/uploads\/2023\/06\/princesse-charlene-prince-albert-ii-princesse-gabriella-prince-hereditaire-jacques.jpg","keywords":["Events"],"articleSection":["News","Princely Family"],"inLanguage":"en-US","copyrightYear":"2023","copyrightHolder":{"@id":"https:\/\/www.monaco-tribune.com\/#organization"}},{"@type":"WebPage","@id":"https:\/\/www.monaco-tribune.com\/en\/2023\/06\/the-entire-princely-family-at-the-grimaldi-historic-sites-forum\/","url":"https:\/\/www.monaco-tribune.com\/en\/2023\/06\/the-entire-princely-family-at-the-grimaldi-historic-sites-forum\/","name":"The entire Princely Family at the Grimaldi Historic Sites Forum","isPartOf":{"@id":"https:\/\/www.monaco-tribune.com\/en\/#website"},"primaryImageOfPage":{"@id":"https:\/\/www.monaco-tribune.com\/en\/2023\/06\/the-entire-princely-family-at-the-grimaldi-historic-sites-forum\/#primaryimage"},"image":{"@id":"https:\/\/www.monaco-tribune.com\/en\/2023\/06\/the-entire-princely-family-at-the-grimaldi-historic-sites-forum\/#primaryimage"},"thumbnailUrl":"https:\/\/www.monaco-tribune.com\/wp-content\/uploads\/2023\/06\/princesse-charlene-prince-albert-ii-princesse-gabriella-prince-hereditaire-jacques.jpg","datePublished":"2023-06-14T13:52:57+00:00","dateModified":"2023-06-14T14:00:16+00:00","description":"This weekend, the Place du Palais played host to the fourth edition of the event. The princely family was able to visit the different stands and enjoy the","breadcrumb":{"@id":"https:\/\/www.monaco-tribune.com\/en\/2023\/06\/the-entire-princely-family-at-the-grimaldi-historic-sites-forum\/#breadcrumb"},"inLanguage":"en-US","potentialAction":[{"@type":"ReadAction","target":["https:\/\/www.monaco-tribune.com\/en\/2023\/06\/the-entire-princely-family-at-the-grimaldi-historic-sites-forum\/"]}]},{"@type":"ImageObject","inLanguage":"en-US","@id":"https:\/\/www.monaco-tribune.com\/en\/2023\/06\/the-entire-princely-family-at-the-grimaldi-historic-sites-forum\/#primaryimage","url":"https:\/\/www.monaco-tribune.com\/wp-content\/uploads\/2023\/06\/princesse-charlene-prince-albert-ii-princesse-gabriella-prince-hereditaire-jacques.jpg","contentUrl":"https:\/\/www.monaco-tribune.com\/wp-content\/uploads\/2023\/06\/princesse-charlene-prince-albert-ii-princesse-gabriella-prince-hereditaire-jacques.jpg","width":1200,"height":682,"caption":"It was a bright sunny day as the Place du Palais played host to the 4th edition of la Rencontre des Sites Historiques Grimaldi de Monaco (Monaco Grimaldi Historic Sites Forum), attended by the entire Princely Family. \u00a9 Eric Mathon \/ Prince's Palace"},{"@type":"BreadcrumbList","@id":"https:\/\/www.monaco-tribune.com\/en\/2023\/06\/the-entire-princely-family-at-the-grimaldi-historic-sites-forum\/#breadcrumb","itemListElement":[{"@type":"ListItem","position":1,"name":"Accueil","item":"https:\/\/www.monaco-tribune.com\/en\/"},{"@type":"ListItem","position":2,"name":"The entire Princely Family at the Grimaldi Historic Sites Forum"}]},{"@type":"WebSite","@id":"https:\/\/www.monaco-tribune.com\/en\/#website","url":"https:\/\/www.monaco-tribune.com\/en\/","name":"Monaco Tribune","description":"Monaco : actualit\u00e9s \u00e9conomiques, politiques, culturelles et sportives de Monaco et de la French Riviera.","publisher":{"@id":"https:\/\/www.monaco-tribune.com\/en\/#organization"},"potentialAction":[{"@type":"SearchAction","target":{"@type":"EntryPoint","urlTemplate":"https:\/\/www.monaco-tribune.com\/en\/?s={search_term_string}"},"query-input":{"@type":"PropertyValueSpecification","valueRequired":true,"valueName":"search_term_string"}}],"inLanguage":"en-US"},{"@type":"Organization","@id":"https:\/\/www.monaco-tribune.com\/en\/#organization","name":"Monaco Tribune","url":"https:\/\/www.monaco-tribune.com\/en\/","logo":{"@type":"ImageObject","inLanguage":"en-US","@id":"https:\/\/www.monaco-tribune.com\/en\/#\/schema\/logo\/image\/","url":"https:\/\/www.monaco-tribune.com\/wp-content\/uploads\/2022\/11\/logo-monaco-tribune.png","contentUrl":"https:\/\/www.monaco-tribune.com\/wp-content\/uploads\/2022\/11\/logo-monaco-tribune.png","width":1548,"height":600,"caption":"Monaco Tribune"},"image":{"@id":"https:\/\/www.monaco-tribune.com\/en\/#\/schema\/logo\/image\/"},"sameAs":["https:\/\/www.facebook.com\/MonacoTribune","https:\/\/x.com\/MonacoTribune","https:\/\/www.instagram.com\/monacotribune\/","https:\/\/www.linkedin.com\/company\/monaco-tribune","https:\/\/www.youtube.com\/channel\/UCHle1MnG6hw1y4lWKijVbMA"]},{"@type":"Person","@id":"https:\/\/www.monaco-tribune.com\/en\/#\/schema\/person\/c33a9f1bc99ef5a2e07d37c576060b57","name":"Paul Charoy","image":{"@type":"ImageObject","inLanguage":"en-US","@id":"https:\/\/secure.gravatar.com\/avatar\/c3a39fd900275d54a628738568f1949e90ce9945d105d000228335a7bad64b38?s=96&d=mm&r=g","url":"https:\/\/secure.gravatar.com\/avatar\/c3a39fd900275d54a628738568f1949e90ce9945d105d000228335a7bad64b38?s=96&d=mm&r=g","contentUrl":"https:\/\/secure.gravatar.com\/avatar\/c3a39fd900275d54a628738568f1949e90ce9945d105d000228335a7bad64b38?s=96&d=mm&r=g","caption":"Paul Charoy"},"url":"https:\/\/www.monaco-tribune.com\/en\/author\/paulcharoy\/"}]}},"_links":{"self":[{"href":"https:\/\/www.monaco-tribune.com\/en\/wp-json\/wp\/v2\/posts\/180745","targetHints":{"allow":["GET"]}}],"collection":[{"href":"https:\/\/www.monaco-tribune.com\/en\/wp-json\/wp\/v2\/posts"}],"about":[{"href":"https:\/\/www.monaco-tribune.com\/en\/wp-json\/wp\/v2\/types\/post"}],"author":[{"embeddable":true,"href":"https:\/\/www.monaco-tribune.com\/en\/wp-json\/wp\/v2\/users\/65"}],"replies":[{"embeddable":true,"href":"https:\/\/www.monaco-tribune.com\/en\/wp-json\/wp\/v2\/comments?post=180745"}],"version-history":[{"count":0,"href":"https:\/\/www.monaco-tribune.com\/en\/wp-json\/wp\/v2\/posts\/180745\/revisions"}],"wp:featuredmedia":[{"embeddable":true,"href":"https:\/\/www.monaco-tribune.com\/en\/wp-json\/wp\/v2\/media\/180577"}],"wp:attachment":[{"href":"https:\/\/www.monaco-tribune.com\/en\/wp-json\/wp\/v2\/media?parent=180745"}],"wp:term":[{"taxonomy":"category","embeddable":true,"href":"https:\/\/www.monaco-tribune.com\/en\/wp-json\/wp\/v2\/categories?post=180745"},{"taxonomy":"post_tag","embeddable":true,"href":"https:\/\/www.monaco-tribune.com\/en\/wp-json\/wp\/v2\/tags?post=180745"},{"taxonomy":"sectag","embeddable":true,"href":"https:\/\/www.monaco-tribune.com\/en\/wp-json\/wp\/v2\/post_sectags?post=180745"},{"taxonomy":"format","embeddable":true,"href":"https:\/\/www.monaco-tribune.com\/en\/wp-json\/wp\/v2\/post_format?post=180745"}],"curies":[{"name":"wp","href":"https:\/\/api.w.org\/{rel}","templated":true}]}}