{"id":189209,"date":"2023-08-23T12:56:26","date_gmt":"2023-08-23T10:56:26","guid":{"rendered":"https:\/\/www.monaco-tribune.com\/2023\/08\/french-riviera-on-orange-heatwave-alert\/"},"modified":"2023-08-23T13:06:12","modified_gmt":"2023-08-23T11:06:12","slug":"french-riviera-on-orange-heatwave-alert","status":"publish","type":"post","link":"https:\/\/www.monaco-tribune.com\/en\/2023\/08\/french-riviera-on-orange-heatwave-alert\/","title":{"rendered":"French Riviera on orange heatwave alert"},"content":{"rendered":"\n<p><strong>Temperatures are still rising. Four French <em>d\u00e9partements<\/em> have been put on red alert.&nbsp;<\/strong><\/p>\n\n\n\n<p>The French met office, <em>M\u00e9t\u00e9o France<\/em>, issued an orange &#8216;heatwave&#8217; warning for the Riviera, including Monaco, on Sunday August 20. Little wonder since, both on the coast and inland, the 30\u00b0C bar is reached in the morning, and afternoon temperatures rise well beyond that.<\/p>\n\n\n\n<p><em>M\u00e9t\u00e9o Franc<\/em>e is reporting particularly high temperatures in the Var, especially near Gonfaron and Draguignan, with temperatures hovering around 38 &#8211; 39\u00b0C on Tuesday. Overnight temperatures are slightly cooler, between 21 and 27\u00b0C. The all-time record for the warmest night was broken in Nice last night, with the lowest temperature recorded at 28.6\u00b0C. According to <i>Nice-Matin<\/i>, the previous record of 28.1\u00b0C was set on 7 August 2015.<\/p>\n\n\n\n<p>In the evening it is important to let the cooler air in,  the authorities point out, however. Similarly, it is advisable to keep shutters closed during the day and avoid exposure to the sun as much as possible between midday and 4pm. Make sure you stay well hydrated throughout the day, eat well and stay where it is cool(er).<\/p>\n\n\n\n<p>At present, four French <em>d\u00e9partements<\/em> are on red heatwave alert: Dr\u00f4me, Ard\u00e8che, Rh\u00f4ne and Haute-Loire.<\/p>\n\n\n\n<p>In France, a toll-free number has been set up: &#8220;<em>Canicule info service<\/em>&#8220;. This heatwave hotline can be reached on 0800 06 66 66 (calls are free between 9am and 7pm from a landline in France).<\/p>\n","protected":false},"excerpt":{"rendered":"<p>Temperatures are still rising. Four French d\u00e9partements have been put on red alert.&nbsp; The French met office, M\u00e9t\u00e9o France, issued [&hellip;]<\/p>\n","protected":false},"author":60,"featured_media":189103,"comment_status":"closed","ping_status":"closed","sticky":false,"template":"","format":"standard","meta":{"_acf_changed":false,"footnotes":""},"categories":[243,258],"tags":[4222],"post_sectags":[4306],"post_format":[2465],"class_list":["post-189209","post","type-post","status-publish","format-standard","has-post-thumbnail","hentry","category-news","category-public-life","tag-weather-en","sectag-heatwave","format-in-brief"],"acf":[],"yoast_head":"<!-- This site is optimized with the Yoast SEO Premium plugin v26.8 (Yoast SEO v27.4) - https:\/\/yoast.com\/product\/yoast-seo-premium-wordpress\/ -->\n<title>French Riviera on orange heatwave alert<\/title>\n<meta name=\"description\" content=\"Temperatures are still rising. Four French d\u00e9partements have been put on red alert.&nbsp; The French met office, M\u00e9t\u00e9o France, issued an orange &#039;heatwave&#039;\" \/>\n<meta name=\"robots\" content=\"index, follow, max-snippet:-1, max-image-preview:large, max-video-preview:-1\" \/>\n<link rel=\"canonical\" href=\"https:\/\/www.monaco-tribune.com\/en\/2023\/08\/french-riviera-on-orange-heatwave-alert\/\" \/>\n<meta property=\"og:locale\" content=\"en_US\" \/>\n<meta property=\"og:type\" content=\"article\" \/>\n<meta property=\"og:title\" content=\"French Riviera on orange heatwave alert - Monaco Tribune\" \/>\n<meta property=\"og:description\" content=\"Temperatures are still rising. Four French d\u00e9partements have been put on red alert.&nbsp; The French met office, M\u00e9t\u00e9o France, issued an orange &#039;heatwave&#039;\" \/>\n<meta property=\"og:url\" content=\"https:\/\/www.monaco-tribune.com\/en\/2023\/08\/french-riviera-on-orange-heatwave-alert\/\" \/>\n<meta property=\"og:site_name\" content=\"Monaco Tribune\" \/>\n<meta property=\"article:publisher\" content=\"https:\/\/www.facebook.com\/MonacoTribune\" \/>\n<meta property=\"article:published_time\" content=\"2023-08-23T10:56:26+00:00\" \/>\n<meta property=\"article:modified_time\" content=\"2023-08-23T11:06:12+00:00\" \/>\n<meta property=\"og:image\" content=\"https:\/\/www.monaco-tribune.com\/wp-content\/uploads\/2023\/08\/monaco-canicule-alpes-maritimes-var.jpeg\" \/>\n\t<meta property=\"og:image:width\" content=\"1200\" \/>\n\t<meta property=\"og:image:height\" content=\"800\" \/>\n\t<meta property=\"og:image:type\" content=\"image\/jpeg\" \/>\n<meta name=\"author\" content=\"Camille Esteve\" \/>\n<meta name=\"twitter:card\" content=\"summary_large_image\" \/>\n<meta name=\"twitter:creator\" content=\"@MonacoTribune\" \/>\n<meta name=\"twitter:site\" content=\"@MonacoTribune\" \/>\n<script type=\"application\/ld+json\" class=\"yoast-schema-graph\">{\"@context\":\"https:\\\/\\\/schema.org\",\"@graph\":[{\"@type\":\"NewsArticle\",\"@id\":\"https:\\\/\\\/www.monaco-tribune.com\\\/en\\\/2023\\\/08\\\/french-riviera-on-orange-heatwave-alert\\\/#article\",\"isPartOf\":{\"@id\":\"https:\\\/\\\/www.monaco-tribune.com\\\/en\\\/2023\\\/08\\\/french-riviera-on-orange-heatwave-alert\\\/\"},\"author\":{\"name\":\"Camille Esteve\",\"@id\":\"https:\\\/\\\/www.monaco-tribune.com\\\/en\\\/#\\\/schema\\\/person\\\/a855d420fff4d03637641d60b93ac62e\"},\"headline\":\"French Riviera on orange heatwave alert\",\"datePublished\":\"2023-08-23T10:56:26+00:00\",\"dateModified\":\"2023-08-23T11:06:12+00:00\",\"mainEntityOfPage\":{\"@id\":\"https:\\\/\\\/www.monaco-tribune.com\\\/en\\\/2023\\\/08\\\/french-riviera-on-orange-heatwave-alert\\\/\"},\"wordCount\":241,\"publisher\":{\"@id\":\"https:\\\/\\\/www.monaco-tribune.com\\\/en\\\/#organization\"},\"image\":{\"@id\":\"https:\\\/\\\/www.monaco-tribune.com\\\/en\\\/2023\\\/08\\\/french-riviera-on-orange-heatwave-alert\\\/#primaryimage\"},\"thumbnailUrl\":\"https:\\\/\\\/www.monaco-tribune.com\\\/wp-content\\\/uploads\\\/2023\\\/08\\\/monaco-canicule-alpes-maritimes-var.jpeg\",\"keywords\":[\"Weather\"],\"articleSection\":[\"News\",\"Society\"],\"inLanguage\":\"en-US\",\"copyrightYear\":\"2023\",\"copyrightHolder\":{\"@id\":\"https:\\\/\\\/www.monaco-tribune.com\\\/#organization\"}},{\"@type\":\"WebPage\",\"@id\":\"https:\\\/\\\/www.monaco-tribune.com\\\/en\\\/2023\\\/08\\\/french-riviera-on-orange-heatwave-alert\\\/\",\"url\":\"https:\\\/\\\/www.monaco-tribune.com\\\/en\\\/2023\\\/08\\\/french-riviera-on-orange-heatwave-alert\\\/\",\"name\":\"French Riviera on orange heatwave alert\",\"isPartOf\":{\"@id\":\"https:\\\/\\\/www.monaco-tribune.com\\\/en\\\/#website\"},\"primaryImageOfPage\":{\"@id\":\"https:\\\/\\\/www.monaco-tribune.com\\\/en\\\/2023\\\/08\\\/french-riviera-on-orange-heatwave-alert\\\/#primaryimage\"},\"image\":{\"@id\":\"https:\\\/\\\/www.monaco-tribune.com\\\/en\\\/2023\\\/08\\\/french-riviera-on-orange-heatwave-alert\\\/#primaryimage\"},\"thumbnailUrl\":\"https:\\\/\\\/www.monaco-tribune.com\\\/wp-content\\\/uploads\\\/2023\\\/08\\\/monaco-canicule-alpes-maritimes-var.jpeg\",\"datePublished\":\"2023-08-23T10:56:26+00:00\",\"dateModified\":\"2023-08-23T11:06:12+00:00\",\"description\":\"Temperatures are still rising. Four French d\u00e9partements have been put on red alert.&nbsp; The French met office, M\u00e9t\u00e9o France, issued an orange 'heatwave'\",\"breadcrumb\":{\"@id\":\"https:\\\/\\\/www.monaco-tribune.com\\\/en\\\/2023\\\/08\\\/french-riviera-on-orange-heatwave-alert\\\/#breadcrumb\"},\"inLanguage\":\"en-US\",\"potentialAction\":[{\"@type\":\"ReadAction\",\"target\":[\"https:\\\/\\\/www.monaco-tribune.com\\\/en\\\/2023\\\/08\\\/french-riviera-on-orange-heatwave-alert\\\/\"]}]},{\"@type\":\"ImageObject\",\"inLanguage\":\"en-US\",\"@id\":\"https:\\\/\\\/www.monaco-tribune.com\\\/en\\\/2023\\\/08\\\/french-riviera-on-orange-heatwave-alert\\\/#primaryimage\",\"url\":\"https:\\\/\\\/www.monaco-tribune.com\\\/wp-content\\\/uploads\\\/2023\\\/08\\\/monaco-canicule-alpes-maritimes-var.jpeg\",\"contentUrl\":\"https:\\\/\\\/www.monaco-tribune.com\\\/wp-content\\\/uploads\\\/2023\\\/08\\\/monaco-canicule-alpes-maritimes-var.jpeg\",\"width\":1200,\"height\":800,\"caption\":\"The August 19 to 25 heatwave is considered among the hottest on record since 1963, with an average temperature of 30.1\u00b0C - \u00a9 Monaco Tribune \\\/ Paul Charoy\"},{\"@type\":\"BreadcrumbList\",\"@id\":\"https:\\\/\\\/www.monaco-tribune.com\\\/en\\\/2023\\\/08\\\/french-riviera-on-orange-heatwave-alert\\\/#breadcrumb\",\"itemListElement\":[{\"@type\":\"ListItem\",\"position\":1,\"name\":\"Accueil\",\"item\":\"https:\\\/\\\/www.monaco-tribune.com\\\/en\\\/\"},{\"@type\":\"ListItem\",\"position\":2,\"name\":\"French Riviera on orange heatwave alert\"}]},{\"@type\":\"WebSite\",\"@id\":\"https:\\\/\\\/www.monaco-tribune.com\\\/en\\\/#website\",\"url\":\"https:\\\/\\\/www.monaco-tribune.com\\\/en\\\/\",\"name\":\"Monaco Tribune\",\"description\":\"Monaco : actualit\u00e9s \u00e9conomiques, politiques, culturelles et sportives de Monaco et de la French Riviera.\",\"publisher\":{\"@id\":\"https:\\\/\\\/www.monaco-tribune.com\\\/en\\\/#organization\"},\"potentialAction\":[{\"@type\":\"SearchAction\",\"target\":{\"@type\":\"EntryPoint\",\"urlTemplate\":\"https:\\\/\\\/www.monaco-tribune.com\\\/en\\\/?s={search_term_string}\"},\"query-input\":{\"@type\":\"PropertyValueSpecification\",\"valueRequired\":true,\"valueName\":\"search_term_string\"}}],\"inLanguage\":\"en-US\"},{\"@type\":\"Organization\",\"@id\":\"https:\\\/\\\/www.monaco-tribune.com\\\/en\\\/#organization\",\"name\":\"Monaco Tribune\",\"url\":\"https:\\\/\\\/www.monaco-tribune.com\\\/en\\\/\",\"logo\":{\"@type\":\"ImageObject\",\"inLanguage\":\"en-US\",\"@id\":\"https:\\\/\\\/www.monaco-tribune.com\\\/en\\\/#\\\/schema\\\/logo\\\/image\\\/\",\"url\":\"https:\\\/\\\/www.monaco-tribune.com\\\/wp-content\\\/uploads\\\/2022\\\/11\\\/logo-monaco-tribune.png\",\"contentUrl\":\"https:\\\/\\\/www.monaco-tribune.com\\\/wp-content\\\/uploads\\\/2022\\\/11\\\/logo-monaco-tribune.png\",\"width\":1548,\"height\":600,\"caption\":\"Monaco Tribune\"},\"image\":{\"@id\":\"https:\\\/\\\/www.monaco-tribune.com\\\/en\\\/#\\\/schema\\\/logo\\\/image\\\/\"},\"sameAs\":[\"https:\\\/\\\/www.facebook.com\\\/MonacoTribune\",\"https:\\\/\\\/x.com\\\/MonacoTribune\",\"https:\\\/\\\/www.instagram.com\\\/monacotribune\\\/\",\"https:\\\/\\\/www.linkedin.com\\\/company\\\/monaco-tribune\",\"https:\\\/\\\/www.youtube.com\\\/channel\\\/UCHle1MnG6hw1y4lWKijVbMA\"]},{\"@type\":\"Person\",\"@id\":\"https:\\\/\\\/www.monaco-tribune.com\\\/en\\\/#\\\/schema\\\/person\\\/a855d420fff4d03637641d60b93ac62e\",\"name\":\"Camille Esteve\",\"image\":{\"@type\":\"ImageObject\",\"inLanguage\":\"en-US\",\"@id\":\"https:\\\/\\\/secure.gravatar.com\\\/avatar\\\/eaaa2355a7bb56c0018a391c20a55bf9b4690e3f493231dd850e612bfa6ce161?s=96&d=mm&r=g\",\"url\":\"https:\\\/\\\/secure.gravatar.com\\\/avatar\\\/eaaa2355a7bb56c0018a391c20a55bf9b4690e3f493231dd850e612bfa6ce161?s=96&d=mm&r=g\",\"contentUrl\":\"https:\\\/\\\/secure.gravatar.com\\\/avatar\\\/eaaa2355a7bb56c0018a391c20a55bf9b4690e3f493231dd850e612bfa6ce161?s=96&d=mm&r=g\",\"caption\":\"Camille Esteve\"},\"url\":\"https:\\\/\\\/www.monaco-tribune.com\\\/en\\\/author\\\/camilleesteve\\\/\"}]}<\/script>\n<!-- \/ Yoast SEO Premium plugin. -->","yoast_head_json":{"title":"French Riviera on orange heatwave alert","description":"Temperatures are still rising. Four French d\u00e9partements have been put on red alert.&nbsp; The French met office, M\u00e9t\u00e9o France, issued an orange 'heatwave'","robots":{"index":"index","follow":"follow","max-snippet":"max-snippet:-1","max-image-preview":"max-image-preview:large","max-video-preview":"max-video-preview:-1"},"canonical":"https:\/\/www.monaco-tribune.com\/en\/2023\/08\/french-riviera-on-orange-heatwave-alert\/","og_locale":"en_US","og_type":"article","og_title":"French Riviera on orange heatwave alert - Monaco Tribune","og_description":"Temperatures are still rising. Four French d\u00e9partements have been put on red alert.&nbsp; The French met office, M\u00e9t\u00e9o France, issued an orange 'heatwave'","og_url":"https:\/\/www.monaco-tribune.com\/en\/2023\/08\/french-riviera-on-orange-heatwave-alert\/","og_site_name":"Monaco Tribune","article_publisher":"https:\/\/www.facebook.com\/MonacoTribune","article_published_time":"2023-08-23T10:56:26+00:00","article_modified_time":"2023-08-23T11:06:12+00:00","og_image":[{"width":1200,"height":800,"url":"https:\/\/www.monaco-tribune.com\/wp-content\/uploads\/2023\/08\/monaco-canicule-alpes-maritimes-var.jpeg","type":"image\/jpeg"}],"author":"Camille Esteve","twitter_card":"summary_large_image","twitter_creator":"@MonacoTribune","twitter_site":"@MonacoTribune","schema":{"@context":"https:\/\/schema.org","@graph":[{"@type":"NewsArticle","@id":"https:\/\/www.monaco-tribune.com\/en\/2023\/08\/french-riviera-on-orange-heatwave-alert\/#article","isPartOf":{"@id":"https:\/\/www.monaco-tribune.com\/en\/2023\/08\/french-riviera-on-orange-heatwave-alert\/"},"author":{"name":"Camille Esteve","@id":"https:\/\/www.monaco-tribune.com\/en\/#\/schema\/person\/a855d420fff4d03637641d60b93ac62e"},"headline":"French Riviera on orange heatwave alert","datePublished":"2023-08-23T10:56:26+00:00","dateModified":"2023-08-23T11:06:12+00:00","mainEntityOfPage":{"@id":"https:\/\/www.monaco-tribune.com\/en\/2023\/08\/french-riviera-on-orange-heatwave-alert\/"},"wordCount":241,"publisher":{"@id":"https:\/\/www.monaco-tribune.com\/en\/#organization"},"image":{"@id":"https:\/\/www.monaco-tribune.com\/en\/2023\/08\/french-riviera-on-orange-heatwave-alert\/#primaryimage"},"thumbnailUrl":"https:\/\/www.monaco-tribune.com\/wp-content\/uploads\/2023\/08\/monaco-canicule-alpes-maritimes-var.jpeg","keywords":["Weather"],"articleSection":["News","Society"],"inLanguage":"en-US","copyrightYear":"2023","copyrightHolder":{"@id":"https:\/\/www.monaco-tribune.com\/#organization"}},{"@type":"WebPage","@id":"https:\/\/www.monaco-tribune.com\/en\/2023\/08\/french-riviera-on-orange-heatwave-alert\/","url":"https:\/\/www.monaco-tribune.com\/en\/2023\/08\/french-riviera-on-orange-heatwave-alert\/","name":"French Riviera on orange heatwave alert","isPartOf":{"@id":"https:\/\/www.monaco-tribune.com\/en\/#website"},"primaryImageOfPage":{"@id":"https:\/\/www.monaco-tribune.com\/en\/2023\/08\/french-riviera-on-orange-heatwave-alert\/#primaryimage"},"image":{"@id":"https:\/\/www.monaco-tribune.com\/en\/2023\/08\/french-riviera-on-orange-heatwave-alert\/#primaryimage"},"thumbnailUrl":"https:\/\/www.monaco-tribune.com\/wp-content\/uploads\/2023\/08\/monaco-canicule-alpes-maritimes-var.jpeg","datePublished":"2023-08-23T10:56:26+00:00","dateModified":"2023-08-23T11:06:12+00:00","description":"Temperatures are still rising. Four French d\u00e9partements have been put on red alert.&nbsp; The French met office, M\u00e9t\u00e9o France, issued an orange 'heatwave'","breadcrumb":{"@id":"https:\/\/www.monaco-tribune.com\/en\/2023\/08\/french-riviera-on-orange-heatwave-alert\/#breadcrumb"},"inLanguage":"en-US","potentialAction":[{"@type":"ReadAction","target":["https:\/\/www.monaco-tribune.com\/en\/2023\/08\/french-riviera-on-orange-heatwave-alert\/"]}]},{"@type":"ImageObject","inLanguage":"en-US","@id":"https:\/\/www.monaco-tribune.com\/en\/2023\/08\/french-riviera-on-orange-heatwave-alert\/#primaryimage","url":"https:\/\/www.monaco-tribune.com\/wp-content\/uploads\/2023\/08\/monaco-canicule-alpes-maritimes-var.jpeg","contentUrl":"https:\/\/www.monaco-tribune.com\/wp-content\/uploads\/2023\/08\/monaco-canicule-alpes-maritimes-var.jpeg","width":1200,"height":800,"caption":"The August 19 to 25 heatwave is considered among the hottest on record since 1963, with an average temperature of 30.1\u00b0C - \u00a9 Monaco Tribune \/ Paul Charoy"},{"@type":"BreadcrumbList","@id":"https:\/\/www.monaco-tribune.com\/en\/2023\/08\/french-riviera-on-orange-heatwave-alert\/#breadcrumb","itemListElement":[{"@type":"ListItem","position":1,"name":"Accueil","item":"https:\/\/www.monaco-tribune.com\/en\/"},{"@type":"ListItem","position":2,"name":"French Riviera on orange heatwave alert"}]},{"@type":"WebSite","@id":"https:\/\/www.monaco-tribune.com\/en\/#website","url":"https:\/\/www.monaco-tribune.com\/en\/","name":"Monaco Tribune","description":"Monaco : actualit\u00e9s \u00e9conomiques, politiques, culturelles et sportives de Monaco et de la French Riviera.","publisher":{"@id":"https:\/\/www.monaco-tribune.com\/en\/#organization"},"potentialAction":[{"@type":"SearchAction","target":{"@type":"EntryPoint","urlTemplate":"https:\/\/www.monaco-tribune.com\/en\/?s={search_term_string}"},"query-input":{"@type":"PropertyValueSpecification","valueRequired":true,"valueName":"search_term_string"}}],"inLanguage":"en-US"},{"@type":"Organization","@id":"https:\/\/www.monaco-tribune.com\/en\/#organization","name":"Monaco Tribune","url":"https:\/\/www.monaco-tribune.com\/en\/","logo":{"@type":"ImageObject","inLanguage":"en-US","@id":"https:\/\/www.monaco-tribune.com\/en\/#\/schema\/logo\/image\/","url":"https:\/\/www.monaco-tribune.com\/wp-content\/uploads\/2022\/11\/logo-monaco-tribune.png","contentUrl":"https:\/\/www.monaco-tribune.com\/wp-content\/uploads\/2022\/11\/logo-monaco-tribune.png","width":1548,"height":600,"caption":"Monaco Tribune"},"image":{"@id":"https:\/\/www.monaco-tribune.com\/en\/#\/schema\/logo\/image\/"},"sameAs":["https:\/\/www.facebook.com\/MonacoTribune","https:\/\/x.com\/MonacoTribune","https:\/\/www.instagram.com\/monacotribune\/","https:\/\/www.linkedin.com\/company\/monaco-tribune","https:\/\/www.youtube.com\/channel\/UCHle1MnG6hw1y4lWKijVbMA"]},{"@type":"Person","@id":"https:\/\/www.monaco-tribune.com\/en\/#\/schema\/person\/a855d420fff4d03637641d60b93ac62e","name":"Camille Esteve","image":{"@type":"ImageObject","inLanguage":"en-US","@id":"https:\/\/secure.gravatar.com\/avatar\/eaaa2355a7bb56c0018a391c20a55bf9b4690e3f493231dd850e612bfa6ce161?s=96&d=mm&r=g","url":"https:\/\/secure.gravatar.com\/avatar\/eaaa2355a7bb56c0018a391c20a55bf9b4690e3f493231dd850e612bfa6ce161?s=96&d=mm&r=g","contentUrl":"https:\/\/secure.gravatar.com\/avatar\/eaaa2355a7bb56c0018a391c20a55bf9b4690e3f493231dd850e612bfa6ce161?s=96&d=mm&r=g","caption":"Camille Esteve"},"url":"https:\/\/www.monaco-tribune.com\/en\/author\/camilleesteve\/"}]}},"_links":{"self":[{"href":"https:\/\/www.monaco-tribune.com\/en\/wp-json\/wp\/v2\/posts\/189209","targetHints":{"allow":["GET"]}}],"collection":[{"href":"https:\/\/www.monaco-tribune.com\/en\/wp-json\/wp\/v2\/posts"}],"about":[{"href":"https:\/\/www.monaco-tribune.com\/en\/wp-json\/wp\/v2\/types\/post"}],"author":[{"embeddable":true,"href":"https:\/\/www.monaco-tribune.com\/en\/wp-json\/wp\/v2\/users\/60"}],"replies":[{"embeddable":true,"href":"https:\/\/www.monaco-tribune.com\/en\/wp-json\/wp\/v2\/comments?post=189209"}],"version-history":[{"count":2,"href":"https:\/\/www.monaco-tribune.com\/en\/wp-json\/wp\/v2\/posts\/189209\/revisions"}],"predecessor-version":[{"id":189215,"href":"https:\/\/www.monaco-tribune.com\/en\/wp-json\/wp\/v2\/posts\/189209\/revisions\/189215"}],"wp:featuredmedia":[{"embeddable":true,"href":"https:\/\/www.monaco-tribune.com\/en\/wp-json\/wp\/v2\/media\/189103"}],"wp:attachment":[{"href":"https:\/\/www.monaco-tribune.com\/en\/wp-json\/wp\/v2\/media?parent=189209"}],"wp:term":[{"taxonomy":"category","embeddable":true,"href":"https:\/\/www.monaco-tribune.com\/en\/wp-json\/wp\/v2\/categories?post=189209"},{"taxonomy":"post_tag","embeddable":true,"href":"https:\/\/www.monaco-tribune.com\/en\/wp-json\/wp\/v2\/tags?post=189209"},{"taxonomy":"sectag","embeddable":true,"href":"https:\/\/www.monaco-tribune.com\/en\/wp-json\/wp\/v2\/post_sectags?post=189209"},{"taxonomy":"format","embeddable":true,"href":"https:\/\/www.monaco-tribune.com\/en\/wp-json\/wp\/v2\/post_format?post=189209"}],"curies":[{"name":"wp","href":"https:\/\/api.w.org\/{rel}","templated":true}]}}