{"id":191318,"date":"2023-09-06T12:17:48","date_gmt":"2023-09-06T10:17:48","guid":{"rendered":"https:\/\/www.monaco-tribune.com\/2023\/09\/what-is-there-to-do-in-monaco-in-september-2023\/"},"modified":"2023-09-06T12:27:25","modified_gmt":"2023-09-06T10:27:25","slug":"what-is-there-to-do-in-monaco-in-september-2023","status":"publish","type":"post","link":"https:\/\/www.monaco-tribune.com\/en\/2023\/09\/what-is-there-to-do-in-monaco-in-september-2023\/","title":{"rendered":"What is there to do in Monaco in September 2023?"},"content":{"rendered":"\n<p><strong>Exhibitions, leisure activities, events&#8230; Monaco Tribune has a few activity ideas for you this month.\u00a0<\/strong><\/p>\n\n<h2 class=\"wp-block-heading\" id=\"h-monaco-classic-week-la-belle-classe\">Monaco Classic Week &#8211; La Belle Classe <\/h2>\n\n<p>The <em>Yacht Club de Monaco<\/em> will be celebrating maritime heritage from 13 to 16 September. This year, the traditional sailing and evening events will draw 110 traditional sailing and motor vessels, plus around twenty 12\u2032 dinghies. On display will be a dozen vintage motor yachts, 50 antique motorboats, including around thirty Rivas and three vessels dating from the early 20<sup>th<\/sup> century, as well as around fifty traditional sailing boats. You can visit the quayside and exhibitors&#8217; village for free!<\/p>\n\n<p><em>More details<\/em><\/p>\n\n<ul class=\"wp-block-list\">\n<li>13 to 16 September 2023<\/li>\n\n\n\n<li>Yacht Club de Monaco &#8211; Quai Louis II, 98000, Monaco<\/li>\n<\/ul>\n\n<h2 class=\"wp-block-heading\" id=\"h-32eme-monaco-yacht-show\">32nd Monaco Yacht Show <\/h2>\n\n<p>The international yachting event returns to Port Hercule from 27 to 30 September. More than 80 yachts are expected in Monaco, ranging from 97 metres for the largest, the Carinthia VII, to around 20 for the smallest. Three themed exhibitions will be featured at this year&#8217;s MYS: the Sustainability Hub, the Yacht Design &amp; Innovation Hub and the Adventure Area. Get ready to be dazzled! <\/p>\n\n<p><em>More details<\/em><\/p>\n\n<ul class=\"wp-block-list\">\n<li>Wednesday 27 September: 10am &#8211; 6.30 pm (invitation only)\n<ul class=\"wp-block-list\">\n<li>Thursday 28 and Friday 29 September: 10am &#8211; 6.30 pm (open to the public)<\/li>\n\n\n\n<li>Saturday 30 September: 10am &#8211; 6pm (open to the public)<\/li>\n<\/ul>\n<\/li>\n\n\n\n<li>Port Hercule &#8211; 98000 Monaco<\/li>\n<\/ul>\n\n<h2 class=\"wp-block-heading\" id=\"h-expositions-du-centenaire\">Centenary exhibitions<\/h2>\n\n<p>The Principality is hosting a number of exhibitions in the centenary year of Prince Rainier III&#8217;s birth, &#8220;Le Prince Rainier III, un marin avant tout&#8221; (Prince Rainier III, above all a sailor), &#8220;Le Prince et ses animaux&#8221; (The Prince and his animals) and &#8220;Le Prince Rainier III, une roseraie en hommage \u00e0 son \u00e9pouse&#8221; (Prince Rainier III, a rose garden in tribute to his wife) can be seen in the State Apartments at the Prince&#8217;s Palace, the Rainier III Zoological Gardens and the Princess Grace rose garden respectively. In the exhibition hall on Quai Antoine I, you can also see the impressive exhibition on <a href=\"https:\/\/www.monaco-tribune.com\/en\/2023\/07\/most-comprehensive-exhibition-on-prince-rainier-iiis-work-now-open\/\">the builder Prince&#8217;s life work<\/a> !<\/p>\n\n<p><em>More details<\/em><\/p>\n\n<ul class=\"wp-block-list\">\n<li><strong>Le Prince et ses animaux<\/strong>: admission \u20ac6 &#8211; Until 31 December 2023<\/li>\n\n\n\n<li><strong>Le Prince Rainier III, un marin avant tout<\/strong>: free admission &#8211; Until 31 December 2023<\/li>\n\n\n\n<li><strong>Le Prince Rainier III, une roseraie en hommage \u00e0 son \u00e9pouse<\/strong>: free admission &#8211; Until January 2024<\/li>\n\n\n\n<li><strong>Le Prince b\u00e2tisseur. Une ambition pour Monaco<\/strong>: free admission &#8211; Until 31 December 2023<\/li>\n<\/ul>\n\n<h2 class=\"wp-block-heading\" id=\"h-nos-idees-sorties-en-vrac\">Other ideas <\/h2>\n\n<ul class=\"wp-block-list\">\n<li><strong>From 1 to 31 September: <\/strong><a href=\"https:\/\/www.monaco-tribune.com\/2023\/09\/une-exposition-photo-sur-la-fondation-princesse-charlene-de-monaco\/\">Photo exhibition <\/a>on &#8220;The Princess Charlene of Monaco Foundation: 10 years of action and prevention&#8221; &#8211; Galerie des p\u00eacheurs, 4, avenue Saint-Martin.<\/li>\n\n\n\n<li><p style=\"font-weight: 400;\"><strong>Until 12 September<\/strong>: <a href=\"https:\/\/www.monaco-tribune.com\/2023\/08\/decouvrez-lunivers-envoutant-de-la-feminite-avec-la-donna-a-lespace-22\/\">&#8220;La Donna&#8221;<\/a> exhibition at Espace 22 &#8211; 24 Boulevard d&#8217;Italie.<\/p><\/li>\n\n\n\n<li><strong>Wednesday<\/strong>\u00a0<strong>13 September:<\/strong> <a href=\"https:\/\/www.monaco-tribune.com\/2023\/08\/ne-ratez-pas-les-trois-prochaines-seances-de-cinema-a-la-mediatheque-de-monaco\/\">Cin\u00e9 Pop-corn<\/a> &#8211; \u00ab Les griffes de la nuit \u00bb (A nightmare on Elm Street) at 7 pm at the Vid\u00e9oth\u00e8que-Sonoth\u00e8que Jos\u00e9 Notari &#8211; 2 Rue Princesse Antoinette<\/li>\n\n\n\n<li><strong>Friday 15 September:<\/strong> <a href=\"https:\/\/www.monaco-tribune.com\/en\/2023\/09\/the-mediterranean-coming-soon-to-marche-de-la-condamine\/\">Soir\u00e9e M\u00e9diterran\u00e9enne<\/a> (Mediterranean evening) at the La Condamine market &#8211; Free admission from 8 pm<\/li>\n\n\n\n<li><strong>Saturday 16 September:<\/strong> Trott&#8217;N&#8217;Roll &#8211; <a href=\"https:\/\/www.monaco-tribune.com\/en\/2023\/08\/monaco-trottnroll-is-back-for-a-9th-edition\/\">Charity event<\/a> from 9 am to 6 pm in the Jardins d&#8217;Apolline &#8211; 1 Prom. Honor\u00e9 II.<\/li>\n\n\n\n<li><strong>Friday, 22 September: <\/strong>AS Monaco plays Nice OGC at the Louis-II Stadium at 9 pm<\/li>\n\n\n\n<li><strong>Saturday, 23 September: <\/strong>Hugo Micaleff <a href=\"https:\/\/www.monaco-tribune.com\/2023\/09\/hugo-micallef-sapprete-a-combattre-pour-la-premiere-fois-a-monaco\/\">is fighting at the Chapiteau de Fontvieille<\/a>\u2013 Doors open 5 pm (Ticket office opens shortly)<\/li>\n\n\n\n<li><strong>Tuesday, 26 September: <\/strong>The Roca Team meets Saint-Quentin at the Gaston M\u00e8decin hall at 6.30 pm\n<ul class=\"wp-block-list\">\n<li>\u00ab Le Misanthrope \u2013 Moli\u00e8re \u00bb at 8 pm at the Th\u00e9\u00e2tre Princesse Grace<\/li>\n<\/ul>\n<\/li>\n<\/ul>\n","protected":false},"excerpt":{"rendered":"<p>Exhibitions, leisure activities, events&#8230; Monaco Tribune has a few activity ideas for you this month.\u00a0 Monaco Classic Week &#8211; La [&hellip;]<\/p>\n","protected":false},"author":65,"featured_media":190718,"comment_status":"closed","ping_status":"closed","sticky":false,"template":"","format":"standard","meta":{"_acf_changed":false,"footnotes":""},"categories":[243,251],"tags":[3254],"post_sectags":[3964],"post_format":[2452],"class_list":["post-191318","post","type-post","status-publish","format-standard","has-post-thumbnail","hentry","category-news","category-whats-on","tag-local-topics","sectag-events-en","format-events"],"acf":[],"yoast_head":"<!-- This site is optimized with the Yoast SEO Premium plugin v26.8 (Yoast SEO v27.5) - https:\/\/yoast.com\/product\/yoast-seo-premium-wordpress\/ -->\n<title>What is there to do in Monaco in September 2023?<\/title>\n<meta name=\"description\" content=\"Exhibitions, leisure activities, events... Monaco Tribune has a few activity ideas for you this month.\u00a0 Monaco Classic Week - La Belle Classe The Yacht\" \/>\n<meta name=\"robots\" content=\"index, follow, max-snippet:-1, max-image-preview:large, max-video-preview:-1\" \/>\n<link rel=\"canonical\" href=\"https:\/\/www.monaco-tribune.com\/en\/2023\/09\/what-is-there-to-do-in-monaco-in-september-2023\/\" \/>\n<meta property=\"og:locale\" content=\"en_US\" \/>\n<meta property=\"og:type\" content=\"article\" \/>\n<meta property=\"og:title\" content=\"What is there to do in Monaco in September 2023? - Monaco Tribune\" \/>\n<meta property=\"og:description\" content=\"Exhibitions, leisure activities, events... Monaco Tribune has a few activity ideas for you this month.\u00a0 Monaco Classic Week - La Belle Classe The Yacht\" \/>\n<meta property=\"og:url\" content=\"https:\/\/www.monaco-tribune.com\/en\/2023\/09\/what-is-there-to-do-in-monaco-in-september-2023\/\" \/>\n<meta property=\"og:site_name\" content=\"Monaco Tribune\" \/>\n<meta property=\"article:publisher\" content=\"https:\/\/www.facebook.com\/MonacoTribune\" \/>\n<meta property=\"article:published_time\" content=\"2023-09-06T10:17:48+00:00\" \/>\n<meta property=\"article:modified_time\" content=\"2023-09-06T10:27:25+00:00\" \/>\n<meta property=\"og:image\" content=\"https:\/\/www.monaco-tribune.com\/wp-content\/uploads\/2023\/09\/monaco-yacht-show-monaco-compressed.jpg\" \/>\n\t<meta property=\"og:image:width\" content=\"1200\" \/>\n\t<meta property=\"og:image:height\" content=\"705\" \/>\n\t<meta property=\"og:image:type\" content=\"image\/jpeg\" \/>\n<meta name=\"author\" content=\"Paul Charoy\" \/>\n<meta name=\"twitter:card\" content=\"summary_large_image\" \/>\n<meta name=\"twitter:creator\" content=\"@MonacoTribune\" \/>\n<meta name=\"twitter:site\" content=\"@MonacoTribune\" \/>\n<script type=\"application\/ld+json\" class=\"yoast-schema-graph\">{\"@context\":\"https:\\\/\\\/schema.org\",\"@graph\":[{\"@type\":\"NewsArticle\",\"@id\":\"https:\\\/\\\/www.monaco-tribune.com\\\/en\\\/2023\\\/09\\\/what-is-there-to-do-in-monaco-in-september-2023\\\/#article\",\"isPartOf\":{\"@id\":\"https:\\\/\\\/www.monaco-tribune.com\\\/en\\\/2023\\\/09\\\/what-is-there-to-do-in-monaco-in-september-2023\\\/\"},\"author\":{\"name\":\"Paul Charoy\",\"@id\":\"https:\\\/\\\/www.monaco-tribune.com\\\/en\\\/#\\\/schema\\\/person\\\/c33a9f1bc99ef5a2e07d37c576060b57\"},\"headline\":\"What is there to do in Monaco in September 2023?\",\"datePublished\":\"2023-09-06T10:17:48+00:00\",\"dateModified\":\"2023-09-06T10:27:25+00:00\",\"mainEntityOfPage\":{\"@id\":\"https:\\\/\\\/www.monaco-tribune.com\\\/en\\\/2023\\\/09\\\/what-is-there-to-do-in-monaco-in-september-2023\\\/\"},\"wordCount\":545,\"publisher\":{\"@id\":\"https:\\\/\\\/www.monaco-tribune.com\\\/en\\\/#organization\"},\"image\":{\"@id\":\"https:\\\/\\\/www.monaco-tribune.com\\\/en\\\/2023\\\/09\\\/what-is-there-to-do-in-monaco-in-september-2023\\\/#primaryimage\"},\"thumbnailUrl\":\"https:\\\/\\\/www.monaco-tribune.com\\\/wp-content\\\/uploads\\\/2023\\\/09\\\/monaco-yacht-show-monaco-compressed.jpg\",\"keywords\":[\"Local topics\"],\"articleSection\":[\"News\",\"What&#039;s on\"],\"inLanguage\":\"en-US\",\"copyrightYear\":\"2023\",\"copyrightHolder\":{\"@id\":\"https:\\\/\\\/www.monaco-tribune.com\\\/#organization\"}},{\"@type\":\"WebPage\",\"@id\":\"https:\\\/\\\/www.monaco-tribune.com\\\/en\\\/2023\\\/09\\\/what-is-there-to-do-in-monaco-in-september-2023\\\/\",\"url\":\"https:\\\/\\\/www.monaco-tribune.com\\\/en\\\/2023\\\/09\\\/what-is-there-to-do-in-monaco-in-september-2023\\\/\",\"name\":\"What is there to do in Monaco in September 2023?\",\"isPartOf\":{\"@id\":\"https:\\\/\\\/www.monaco-tribune.com\\\/en\\\/#website\"},\"primaryImageOfPage\":{\"@id\":\"https:\\\/\\\/www.monaco-tribune.com\\\/en\\\/2023\\\/09\\\/what-is-there-to-do-in-monaco-in-september-2023\\\/#primaryimage\"},\"image\":{\"@id\":\"https:\\\/\\\/www.monaco-tribune.com\\\/en\\\/2023\\\/09\\\/what-is-there-to-do-in-monaco-in-september-2023\\\/#primaryimage\"},\"thumbnailUrl\":\"https:\\\/\\\/www.monaco-tribune.com\\\/wp-content\\\/uploads\\\/2023\\\/09\\\/monaco-yacht-show-monaco-compressed.jpg\",\"datePublished\":\"2023-09-06T10:17:48+00:00\",\"dateModified\":\"2023-09-06T10:27:25+00:00\",\"description\":\"Exhibitions, leisure activities, events... Monaco Tribune has a few activity ideas for you this month.\u00a0 Monaco Classic Week - La Belle Classe The Yacht\",\"breadcrumb\":{\"@id\":\"https:\\\/\\\/www.monaco-tribune.com\\\/en\\\/2023\\\/09\\\/what-is-there-to-do-in-monaco-in-september-2023\\\/#breadcrumb\"},\"inLanguage\":\"en-US\",\"potentialAction\":[{\"@type\":\"ReadAction\",\"target\":[\"https:\\\/\\\/www.monaco-tribune.com\\\/en\\\/2023\\\/09\\\/what-is-there-to-do-in-monaco-in-september-2023\\\/\"]}]},{\"@type\":\"ImageObject\",\"inLanguage\":\"en-US\",\"@id\":\"https:\\\/\\\/www.monaco-tribune.com\\\/en\\\/2023\\\/09\\\/what-is-there-to-do-in-monaco-in-september-2023\\\/#primaryimage\",\"url\":\"https:\\\/\\\/www.monaco-tribune.com\\\/wp-content\\\/uploads\\\/2023\\\/09\\\/monaco-yacht-show-monaco-compressed.jpg\",\"contentUrl\":\"https:\\\/\\\/www.monaco-tribune.com\\\/wp-content\\\/uploads\\\/2023\\\/09\\\/monaco-yacht-show-monaco-compressed.jpg\",\"width\":1200,\"height\":705,\"caption\":\"The maritime economy encompasses many stakeholders - \u00a9 MYS\"},{\"@type\":\"BreadcrumbList\",\"@id\":\"https:\\\/\\\/www.monaco-tribune.com\\\/en\\\/2023\\\/09\\\/what-is-there-to-do-in-monaco-in-september-2023\\\/#breadcrumb\",\"itemListElement\":[{\"@type\":\"ListItem\",\"position\":1,\"name\":\"Accueil\",\"item\":\"https:\\\/\\\/www.monaco-tribune.com\\\/en\\\/\"},{\"@type\":\"ListItem\",\"position\":2,\"name\":\"What is there to do in Monaco in September 2023?\"}]},{\"@type\":\"WebSite\",\"@id\":\"https:\\\/\\\/www.monaco-tribune.com\\\/en\\\/#website\",\"url\":\"https:\\\/\\\/www.monaco-tribune.com\\\/en\\\/\",\"name\":\"Monaco Tribune\",\"description\":\"Monaco : actualit\u00e9s \u00e9conomiques, politiques, culturelles et sportives de Monaco et de la French Riviera.\",\"publisher\":{\"@id\":\"https:\\\/\\\/www.monaco-tribune.com\\\/en\\\/#organization\"},\"potentialAction\":[{\"@type\":\"SearchAction\",\"target\":{\"@type\":\"EntryPoint\",\"urlTemplate\":\"https:\\\/\\\/www.monaco-tribune.com\\\/en\\\/?s={search_term_string}\"},\"query-input\":{\"@type\":\"PropertyValueSpecification\",\"valueRequired\":true,\"valueName\":\"search_term_string\"}}],\"inLanguage\":\"en-US\"},{\"@type\":\"Organization\",\"@id\":\"https:\\\/\\\/www.monaco-tribune.com\\\/en\\\/#organization\",\"name\":\"Monaco Tribune\",\"url\":\"https:\\\/\\\/www.monaco-tribune.com\\\/en\\\/\",\"logo\":{\"@type\":\"ImageObject\",\"inLanguage\":\"en-US\",\"@id\":\"https:\\\/\\\/www.monaco-tribune.com\\\/en\\\/#\\\/schema\\\/logo\\\/image\\\/\",\"url\":\"https:\\\/\\\/www.monaco-tribune.com\\\/wp-content\\\/uploads\\\/2022\\\/11\\\/logo-monaco-tribune.png\",\"contentUrl\":\"https:\\\/\\\/www.monaco-tribune.com\\\/wp-content\\\/uploads\\\/2022\\\/11\\\/logo-monaco-tribune.png\",\"width\":1548,\"height\":600,\"caption\":\"Monaco Tribune\"},\"image\":{\"@id\":\"https:\\\/\\\/www.monaco-tribune.com\\\/en\\\/#\\\/schema\\\/logo\\\/image\\\/\"},\"sameAs\":[\"https:\\\/\\\/www.facebook.com\\\/MonacoTribune\",\"https:\\\/\\\/x.com\\\/MonacoTribune\",\"https:\\\/\\\/www.instagram.com\\\/monacotribune\\\/\",\"https:\\\/\\\/www.linkedin.com\\\/company\\\/monaco-tribune\",\"https:\\\/\\\/www.youtube.com\\\/channel\\\/UCHle1MnG6hw1y4lWKijVbMA\"]},{\"@type\":\"Person\",\"@id\":\"https:\\\/\\\/www.monaco-tribune.com\\\/en\\\/#\\\/schema\\\/person\\\/c33a9f1bc99ef5a2e07d37c576060b57\",\"name\":\"Paul Charoy\",\"image\":{\"@type\":\"ImageObject\",\"inLanguage\":\"en-US\",\"@id\":\"https:\\\/\\\/secure.gravatar.com\\\/avatar\\\/c3a39fd900275d54a628738568f1949e90ce9945d105d000228335a7bad64b38?s=96&d=mm&r=g\",\"url\":\"https:\\\/\\\/secure.gravatar.com\\\/avatar\\\/c3a39fd900275d54a628738568f1949e90ce9945d105d000228335a7bad64b38?s=96&d=mm&r=g\",\"contentUrl\":\"https:\\\/\\\/secure.gravatar.com\\\/avatar\\\/c3a39fd900275d54a628738568f1949e90ce9945d105d000228335a7bad64b38?s=96&d=mm&r=g\",\"caption\":\"Paul Charoy\"},\"url\":\"https:\\\/\\\/www.monaco-tribune.com\\\/en\\\/author\\\/paulcharoy\\\/\"}]}<\/script>\n<!-- \/ Yoast SEO Premium plugin. -->","yoast_head_json":{"title":"What is there to do in Monaco in September 2023?","description":"Exhibitions, leisure activities, events... Monaco Tribune has a few activity ideas for you this month.\u00a0 Monaco Classic Week - La Belle Classe The Yacht","robots":{"index":"index","follow":"follow","max-snippet":"max-snippet:-1","max-image-preview":"max-image-preview:large","max-video-preview":"max-video-preview:-1"},"canonical":"https:\/\/www.monaco-tribune.com\/en\/2023\/09\/what-is-there-to-do-in-monaco-in-september-2023\/","og_locale":"en_US","og_type":"article","og_title":"What is there to do in Monaco in September 2023? - Monaco Tribune","og_description":"Exhibitions, leisure activities, events... Monaco Tribune has a few activity ideas for you this month.\u00a0 Monaco Classic Week - La Belle Classe The Yacht","og_url":"https:\/\/www.monaco-tribune.com\/en\/2023\/09\/what-is-there-to-do-in-monaco-in-september-2023\/","og_site_name":"Monaco Tribune","article_publisher":"https:\/\/www.facebook.com\/MonacoTribune","article_published_time":"2023-09-06T10:17:48+00:00","article_modified_time":"2023-09-06T10:27:25+00:00","og_image":[{"width":1200,"height":705,"url":"https:\/\/www.monaco-tribune.com\/wp-content\/uploads\/2023\/09\/monaco-yacht-show-monaco-compressed.jpg","type":"image\/jpeg"}],"author":"Paul Charoy","twitter_card":"summary_large_image","twitter_creator":"@MonacoTribune","twitter_site":"@MonacoTribune","schema":{"@context":"https:\/\/schema.org","@graph":[{"@type":"NewsArticle","@id":"https:\/\/www.monaco-tribune.com\/en\/2023\/09\/what-is-there-to-do-in-monaco-in-september-2023\/#article","isPartOf":{"@id":"https:\/\/www.monaco-tribune.com\/en\/2023\/09\/what-is-there-to-do-in-monaco-in-september-2023\/"},"author":{"name":"Paul Charoy","@id":"https:\/\/www.monaco-tribune.com\/en\/#\/schema\/person\/c33a9f1bc99ef5a2e07d37c576060b57"},"headline":"What is there to do in Monaco in September 2023?","datePublished":"2023-09-06T10:17:48+00:00","dateModified":"2023-09-06T10:27:25+00:00","mainEntityOfPage":{"@id":"https:\/\/www.monaco-tribune.com\/en\/2023\/09\/what-is-there-to-do-in-monaco-in-september-2023\/"},"wordCount":545,"publisher":{"@id":"https:\/\/www.monaco-tribune.com\/en\/#organization"},"image":{"@id":"https:\/\/www.monaco-tribune.com\/en\/2023\/09\/what-is-there-to-do-in-monaco-in-september-2023\/#primaryimage"},"thumbnailUrl":"https:\/\/www.monaco-tribune.com\/wp-content\/uploads\/2023\/09\/monaco-yacht-show-monaco-compressed.jpg","keywords":["Local topics"],"articleSection":["News","What&#039;s on"],"inLanguage":"en-US","copyrightYear":"2023","copyrightHolder":{"@id":"https:\/\/www.monaco-tribune.com\/#organization"}},{"@type":"WebPage","@id":"https:\/\/www.monaco-tribune.com\/en\/2023\/09\/what-is-there-to-do-in-monaco-in-september-2023\/","url":"https:\/\/www.monaco-tribune.com\/en\/2023\/09\/what-is-there-to-do-in-monaco-in-september-2023\/","name":"What is there to do in Monaco in September 2023?","isPartOf":{"@id":"https:\/\/www.monaco-tribune.com\/en\/#website"},"primaryImageOfPage":{"@id":"https:\/\/www.monaco-tribune.com\/en\/2023\/09\/what-is-there-to-do-in-monaco-in-september-2023\/#primaryimage"},"image":{"@id":"https:\/\/www.monaco-tribune.com\/en\/2023\/09\/what-is-there-to-do-in-monaco-in-september-2023\/#primaryimage"},"thumbnailUrl":"https:\/\/www.monaco-tribune.com\/wp-content\/uploads\/2023\/09\/monaco-yacht-show-monaco-compressed.jpg","datePublished":"2023-09-06T10:17:48+00:00","dateModified":"2023-09-06T10:27:25+00:00","description":"Exhibitions, leisure activities, events... Monaco Tribune has a few activity ideas for you this month.\u00a0 Monaco Classic Week - La Belle Classe The Yacht","breadcrumb":{"@id":"https:\/\/www.monaco-tribune.com\/en\/2023\/09\/what-is-there-to-do-in-monaco-in-september-2023\/#breadcrumb"},"inLanguage":"en-US","potentialAction":[{"@type":"ReadAction","target":["https:\/\/www.monaco-tribune.com\/en\/2023\/09\/what-is-there-to-do-in-monaco-in-september-2023\/"]}]},{"@type":"ImageObject","inLanguage":"en-US","@id":"https:\/\/www.monaco-tribune.com\/en\/2023\/09\/what-is-there-to-do-in-monaco-in-september-2023\/#primaryimage","url":"https:\/\/www.monaco-tribune.com\/wp-content\/uploads\/2023\/09\/monaco-yacht-show-monaco-compressed.jpg","contentUrl":"https:\/\/www.monaco-tribune.com\/wp-content\/uploads\/2023\/09\/monaco-yacht-show-monaco-compressed.jpg","width":1200,"height":705,"caption":"The maritime economy encompasses many stakeholders - \u00a9 MYS"},{"@type":"BreadcrumbList","@id":"https:\/\/www.monaco-tribune.com\/en\/2023\/09\/what-is-there-to-do-in-monaco-in-september-2023\/#breadcrumb","itemListElement":[{"@type":"ListItem","position":1,"name":"Accueil","item":"https:\/\/www.monaco-tribune.com\/en\/"},{"@type":"ListItem","position":2,"name":"What is there to do in Monaco in September 2023?"}]},{"@type":"WebSite","@id":"https:\/\/www.monaco-tribune.com\/en\/#website","url":"https:\/\/www.monaco-tribune.com\/en\/","name":"Monaco Tribune","description":"Monaco : actualit\u00e9s \u00e9conomiques, politiques, culturelles et sportives de Monaco et de la French Riviera.","publisher":{"@id":"https:\/\/www.monaco-tribune.com\/en\/#organization"},"potentialAction":[{"@type":"SearchAction","target":{"@type":"EntryPoint","urlTemplate":"https:\/\/www.monaco-tribune.com\/en\/?s={search_term_string}"},"query-input":{"@type":"PropertyValueSpecification","valueRequired":true,"valueName":"search_term_string"}}],"inLanguage":"en-US"},{"@type":"Organization","@id":"https:\/\/www.monaco-tribune.com\/en\/#organization","name":"Monaco Tribune","url":"https:\/\/www.monaco-tribune.com\/en\/","logo":{"@type":"ImageObject","inLanguage":"en-US","@id":"https:\/\/www.monaco-tribune.com\/en\/#\/schema\/logo\/image\/","url":"https:\/\/www.monaco-tribune.com\/wp-content\/uploads\/2022\/11\/logo-monaco-tribune.png","contentUrl":"https:\/\/www.monaco-tribune.com\/wp-content\/uploads\/2022\/11\/logo-monaco-tribune.png","width":1548,"height":600,"caption":"Monaco Tribune"},"image":{"@id":"https:\/\/www.monaco-tribune.com\/en\/#\/schema\/logo\/image\/"},"sameAs":["https:\/\/www.facebook.com\/MonacoTribune","https:\/\/x.com\/MonacoTribune","https:\/\/www.instagram.com\/monacotribune\/","https:\/\/www.linkedin.com\/company\/monaco-tribune","https:\/\/www.youtube.com\/channel\/UCHle1MnG6hw1y4lWKijVbMA"]},{"@type":"Person","@id":"https:\/\/www.monaco-tribune.com\/en\/#\/schema\/person\/c33a9f1bc99ef5a2e07d37c576060b57","name":"Paul Charoy","image":{"@type":"ImageObject","inLanguage":"en-US","@id":"https:\/\/secure.gravatar.com\/avatar\/c3a39fd900275d54a628738568f1949e90ce9945d105d000228335a7bad64b38?s=96&d=mm&r=g","url":"https:\/\/secure.gravatar.com\/avatar\/c3a39fd900275d54a628738568f1949e90ce9945d105d000228335a7bad64b38?s=96&d=mm&r=g","contentUrl":"https:\/\/secure.gravatar.com\/avatar\/c3a39fd900275d54a628738568f1949e90ce9945d105d000228335a7bad64b38?s=96&d=mm&r=g","caption":"Paul Charoy"},"url":"https:\/\/www.monaco-tribune.com\/en\/author\/paulcharoy\/"}]}},"_links":{"self":[{"href":"https:\/\/www.monaco-tribune.com\/en\/wp-json\/wp\/v2\/posts\/191318","targetHints":{"allow":["GET"]}}],"collection":[{"href":"https:\/\/www.monaco-tribune.com\/en\/wp-json\/wp\/v2\/posts"}],"about":[{"href":"https:\/\/www.monaco-tribune.com\/en\/wp-json\/wp\/v2\/types\/post"}],"author":[{"embeddable":true,"href":"https:\/\/www.monaco-tribune.com\/en\/wp-json\/wp\/v2\/users\/65"}],"replies":[{"embeddable":true,"href":"https:\/\/www.monaco-tribune.com\/en\/wp-json\/wp\/v2\/comments?post=191318"}],"version-history":[{"count":2,"href":"https:\/\/www.monaco-tribune.com\/en\/wp-json\/wp\/v2\/posts\/191318\/revisions"}],"predecessor-version":[{"id":191335,"href":"https:\/\/www.monaco-tribune.com\/en\/wp-json\/wp\/v2\/posts\/191318\/revisions\/191335"}],"wp:featuredmedia":[{"embeddable":true,"href":"https:\/\/www.monaco-tribune.com\/en\/wp-json\/wp\/v2\/media\/190718"}],"wp:attachment":[{"href":"https:\/\/www.monaco-tribune.com\/en\/wp-json\/wp\/v2\/media?parent=191318"}],"wp:term":[{"taxonomy":"category","embeddable":true,"href":"https:\/\/www.monaco-tribune.com\/en\/wp-json\/wp\/v2\/categories?post=191318"},{"taxonomy":"post_tag","embeddable":true,"href":"https:\/\/www.monaco-tribune.com\/en\/wp-json\/wp\/v2\/tags?post=191318"},{"taxonomy":"sectag","embeddable":true,"href":"https:\/\/www.monaco-tribune.com\/en\/wp-json\/wp\/v2\/post_sectags?post=191318"},{"taxonomy":"format","embeddable":true,"href":"https:\/\/www.monaco-tribune.com\/en\/wp-json\/wp\/v2\/post_format?post=191318"}],"curies":[{"name":"wp","href":"https:\/\/api.w.org\/{rel}","templated":true}]}}