{"id":191332,"date":"2023-09-06T12:26:32","date_gmt":"2023-09-06T10:26:32","guid":{"rendered":"https:\/\/www.monaco-tribune.com\/2023\/09\/the-mediterranean-coming-soon-to-marche-de-la-condamine\/"},"modified":"2023-09-06T12:28:28","modified_gmt":"2023-09-06T10:28:28","slug":"the-mediterranean-coming-soon-to-marche-de-la-condamine","status":"publish","type":"post","link":"https:\/\/www.monaco-tribune.com\/en\/2023\/09\/the-mediterranean-coming-soon-to-marche-de-la-condamine\/","title":{"rendered":"The Mediterranean, coming soon to March\u00e9 de la Condamine"},"content":{"rendered":"\n<p><strong>Traditional dishes from Lebanon, Morocco, Italy, Greece, France and Monaco will be showcased.\u00a0<\/strong><\/p>\n\n<p>As part of the &#8220;Monaco M\u00e9diterran\u00e9e&#8221; trade fair, which will be held <a href=\"https:\/\/www.monaco-tribune.com\/2023\/08\/venez-decouvrir-lart-de-vivre-mediterraneen-au-salon-monaco-mediterranee\/\">from 15 to 17 September<\/a> at the Espace Fontvieille marquee, Monaco Town Council is organising a Mediterranean-themed evening at the La Condamine market on Friday 15 September, starting at 8pm.<\/p>\n\n<p>To mark the occasion, the market&#8217;s regular traders will be offering a host of dishes from these Mediterranean countries: Monaco, Lebanon, Italy, Morocco, Greece and France.<\/p>\n\n<p class=\"related\"><a href=\"https:\/\/www.monaco-tribune.com\/en\/2023\/09\/what-is-there-to-do-in-monaco-in-september-2023\/\">What is there to do in Monaco in September 2023?<\/a><\/p>\n\n<p>The event won&#8217;t just be about cooking. On the &#8216;menu&#8217;: decorations in the colours of the different countries, a folk dance group, aDJ, as well as a tasting of traditional dishes.<\/p>\n\n<p>A warm Mediterranean atmosphere awaits you at La Condamine market!<\/p>\n\n<hr class=\"wp-block-separator has-alpha-channel-opacity\"\/>\n\n<p><em>More\u00a0<\/em><i>details<\/i><\/p>\n\n<ul class=\"wp-block-list\">\n<li>&#8220;Soir\u00e9e M\u00e9diterran\u00e9enne&#8221; &#8211; Friday 15 September 2023 at 8pm<\/li>\n\n\n\n<li>La Condamine market<\/li>\n\n\n\n<li>Free access &#8211; no need to book<\/li>\n\n\n\n<li>Further information: <a href=\"https:\/\/www.mairie.mc\">www.mairie.mc<\/a><\/li>\n<\/ul>\n","protected":false},"excerpt":{"rendered":"<p>Traditional dishes from Lebanon, Morocco, Italy, Greece, France and Monaco will be showcased.\u00a0 As part of the &#8220;Monaco M\u00e9diterran\u00e9e&#8221; trade [&hellip;]<\/p>\n","protected":false},"author":65,"featured_media":191262,"comment_status":"closed","ping_status":"closed","sticky":false,"template":"","format":"standard","meta":{"_acf_changed":false,"footnotes":""},"categories":[243,251],"tags":[2844],"post_sectags":[4371],"post_format":[2452],"class_list":["post-191332","post","type-post","status-publish","format-standard","has-post-thumbnail","hentry","category-news","category-whats-on","tag-events-en","sectag-la-condamine-market","format-events"],"acf":[],"yoast_head":"<!-- This site is optimized with the Yoast SEO Premium plugin v26.8 (Yoast SEO v27.4) - https:\/\/yoast.com\/product\/yoast-seo-premium-wordpress\/ -->\n<title>The Mediterranean, coming soon to March\u00e9 de la Condamine<\/title>\n<meta name=\"description\" content=\"Traditional dishes from Lebanon, Morocco, Italy, Greece, France and Monaco will be showcased.\u00a0 As part of the &quot;Monaco M\u00e9diterran\u00e9e&quot; trade fair, which will\" \/>\n<meta name=\"robots\" content=\"index, follow, max-snippet:-1, max-image-preview:large, max-video-preview:-1\" \/>\n<link rel=\"canonical\" href=\"https:\/\/www.monaco-tribune.com\/en\/2023\/09\/the-mediterranean-coming-soon-to-marche-de-la-condamine\/\" \/>\n<meta property=\"og:locale\" content=\"en_US\" \/>\n<meta property=\"og:type\" content=\"article\" \/>\n<meta property=\"og:title\" content=\"The Mediterranean, coming soon to March\u00e9 de la Condamine - Monaco Tribune\" \/>\n<meta property=\"og:description\" content=\"Traditional dishes from Lebanon, Morocco, Italy, Greece, France and Monaco will be showcased.\u00a0 As part of the &quot;Monaco M\u00e9diterran\u00e9e&quot; trade fair, which will\" \/>\n<meta property=\"og:url\" content=\"https:\/\/www.monaco-tribune.com\/en\/2023\/09\/the-mediterranean-coming-soon-to-marche-de-la-condamine\/\" \/>\n<meta property=\"og:site_name\" content=\"Monaco Tribune\" \/>\n<meta property=\"article:publisher\" content=\"https:\/\/www.facebook.com\/MonacoTribune\" \/>\n<meta property=\"article:published_time\" content=\"2023-09-06T10:26:32+00:00\" \/>\n<meta property=\"article:modified_time\" content=\"2023-09-06T10:28:28+00:00\" \/>\n<meta property=\"og:image\" content=\"https:\/\/www.monaco-tribune.com\/wp-content\/uploads\/2023\/09\/soiree-mediterraneenne-marche-de-la-condamine-monaco-compressed.jpg\" \/>\n\t<meta property=\"og:image:width\" content=\"1200\" \/>\n\t<meta property=\"og:image:height\" content=\"769\" \/>\n\t<meta property=\"og:image:type\" content=\"image\/jpeg\" \/>\n<meta name=\"author\" content=\"Paul Charoy\" \/>\n<meta name=\"twitter:card\" content=\"summary_large_image\" \/>\n<meta name=\"twitter:creator\" content=\"@MonacoTribune\" \/>\n<meta name=\"twitter:site\" content=\"@MonacoTribune\" \/>\n<script type=\"application\/ld+json\" class=\"yoast-schema-graph\">{\"@context\":\"https:\\\/\\\/schema.org\",\"@graph\":[{\"@type\":\"NewsArticle\",\"@id\":\"https:\\\/\\\/www.monaco-tribune.com\\\/en\\\/2023\\\/09\\\/the-mediterranean-coming-soon-to-marche-de-la-condamine\\\/#article\",\"isPartOf\":{\"@id\":\"https:\\\/\\\/www.monaco-tribune.com\\\/en\\\/2023\\\/09\\\/the-mediterranean-coming-soon-to-marche-de-la-condamine\\\/\"},\"author\":{\"name\":\"Paul Charoy\",\"@id\":\"https:\\\/\\\/www.monaco-tribune.com\\\/en\\\/#\\\/schema\\\/person\\\/c33a9f1bc99ef5a2e07d37c576060b57\"},\"headline\":\"The Mediterranean, coming soon to March\u00e9 de la Condamine\",\"datePublished\":\"2023-09-06T10:26:32+00:00\",\"dateModified\":\"2023-09-06T10:28:28+00:00\",\"mainEntityOfPage\":{\"@id\":\"https:\\\/\\\/www.monaco-tribune.com\\\/en\\\/2023\\\/09\\\/the-mediterranean-coming-soon-to-marche-de-la-condamine\\\/\"},\"wordCount\":168,\"publisher\":{\"@id\":\"https:\\\/\\\/www.monaco-tribune.com\\\/en\\\/#organization\"},\"image\":{\"@id\":\"https:\\\/\\\/www.monaco-tribune.com\\\/en\\\/2023\\\/09\\\/the-mediterranean-coming-soon-to-marche-de-la-condamine\\\/#primaryimage\"},\"thumbnailUrl\":\"https:\\\/\\\/www.monaco-tribune.com\\\/wp-content\\\/uploads\\\/2023\\\/09\\\/soiree-mediterraneenne-marche-de-la-condamine-monaco-compressed.jpg\",\"keywords\":[\"Events\"],\"articleSection\":[\"News\",\"What&#039;s on\"],\"inLanguage\":\"en-US\",\"copyrightYear\":\"2023\",\"copyrightHolder\":{\"@id\":\"https:\\\/\\\/www.monaco-tribune.com\\\/#organization\"}},{\"@type\":\"WebPage\",\"@id\":\"https:\\\/\\\/www.monaco-tribune.com\\\/en\\\/2023\\\/09\\\/the-mediterranean-coming-soon-to-marche-de-la-condamine\\\/\",\"url\":\"https:\\\/\\\/www.monaco-tribune.com\\\/en\\\/2023\\\/09\\\/the-mediterranean-coming-soon-to-marche-de-la-condamine\\\/\",\"name\":\"The Mediterranean, coming soon to March\u00e9 de la Condamine\",\"isPartOf\":{\"@id\":\"https:\\\/\\\/www.monaco-tribune.com\\\/en\\\/#website\"},\"primaryImageOfPage\":{\"@id\":\"https:\\\/\\\/www.monaco-tribune.com\\\/en\\\/2023\\\/09\\\/the-mediterranean-coming-soon-to-marche-de-la-condamine\\\/#primaryimage\"},\"image\":{\"@id\":\"https:\\\/\\\/www.monaco-tribune.com\\\/en\\\/2023\\\/09\\\/the-mediterranean-coming-soon-to-marche-de-la-condamine\\\/#primaryimage\"},\"thumbnailUrl\":\"https:\\\/\\\/www.monaco-tribune.com\\\/wp-content\\\/uploads\\\/2023\\\/09\\\/soiree-mediterraneenne-marche-de-la-condamine-monaco-compressed.jpg\",\"datePublished\":\"2023-09-06T10:26:32+00:00\",\"dateModified\":\"2023-09-06T10:28:28+00:00\",\"description\":\"Traditional dishes from Lebanon, Morocco, Italy, Greece, France and Monaco will be showcased.\u00a0 As part of the \\\"Monaco M\u00e9diterran\u00e9e\\\" trade fair, which will\",\"breadcrumb\":{\"@id\":\"https:\\\/\\\/www.monaco-tribune.com\\\/en\\\/2023\\\/09\\\/the-mediterranean-coming-soon-to-marche-de-la-condamine\\\/#breadcrumb\"},\"inLanguage\":\"en-US\",\"potentialAction\":[{\"@type\":\"ReadAction\",\"target\":[\"https:\\\/\\\/www.monaco-tribune.com\\\/en\\\/2023\\\/09\\\/the-mediterranean-coming-soon-to-marche-de-la-condamine\\\/\"]}]},{\"@type\":\"ImageObject\",\"inLanguage\":\"en-US\",\"@id\":\"https:\\\/\\\/www.monaco-tribune.com\\\/en\\\/2023\\\/09\\\/the-mediterranean-coming-soon-to-marche-de-la-condamine\\\/#primaryimage\",\"url\":\"https:\\\/\\\/www.monaco-tribune.com\\\/wp-content\\\/uploads\\\/2023\\\/09\\\/soiree-mediterraneenne-marche-de-la-condamine-monaco-compressed.jpg\",\"contentUrl\":\"https:\\\/\\\/www.monaco-tribune.com\\\/wp-content\\\/uploads\\\/2023\\\/09\\\/soiree-mediterraneenne-marche-de-la-condamine-monaco-compressed.jpg\",\"width\":1200,\"height\":769,\"caption\":\"Save the date - Friday 15 September at 8pm at the March\u00e9 de la Condamine. \u00a9 Monaco Town Council\"},{\"@type\":\"BreadcrumbList\",\"@id\":\"https:\\\/\\\/www.monaco-tribune.com\\\/en\\\/2023\\\/09\\\/the-mediterranean-coming-soon-to-marche-de-la-condamine\\\/#breadcrumb\",\"itemListElement\":[{\"@type\":\"ListItem\",\"position\":1,\"name\":\"Accueil\",\"item\":\"https:\\\/\\\/www.monaco-tribune.com\\\/en\\\/\"},{\"@type\":\"ListItem\",\"position\":2,\"name\":\"The Mediterranean, coming soon to March\u00e9 de la Condamine\"}]},{\"@type\":\"WebSite\",\"@id\":\"https:\\\/\\\/www.monaco-tribune.com\\\/en\\\/#website\",\"url\":\"https:\\\/\\\/www.monaco-tribune.com\\\/en\\\/\",\"name\":\"Monaco Tribune\",\"description\":\"Monaco : actualit\u00e9s \u00e9conomiques, politiques, culturelles et sportives de Monaco et de la French Riviera.\",\"publisher\":{\"@id\":\"https:\\\/\\\/www.monaco-tribune.com\\\/en\\\/#organization\"},\"potentialAction\":[{\"@type\":\"SearchAction\",\"target\":{\"@type\":\"EntryPoint\",\"urlTemplate\":\"https:\\\/\\\/www.monaco-tribune.com\\\/en\\\/?s={search_term_string}\"},\"query-input\":{\"@type\":\"PropertyValueSpecification\",\"valueRequired\":true,\"valueName\":\"search_term_string\"}}],\"inLanguage\":\"en-US\"},{\"@type\":\"Organization\",\"@id\":\"https:\\\/\\\/www.monaco-tribune.com\\\/en\\\/#organization\",\"name\":\"Monaco Tribune\",\"url\":\"https:\\\/\\\/www.monaco-tribune.com\\\/en\\\/\",\"logo\":{\"@type\":\"ImageObject\",\"inLanguage\":\"en-US\",\"@id\":\"https:\\\/\\\/www.monaco-tribune.com\\\/en\\\/#\\\/schema\\\/logo\\\/image\\\/\",\"url\":\"https:\\\/\\\/www.monaco-tribune.com\\\/wp-content\\\/uploads\\\/2022\\\/11\\\/logo-monaco-tribune.png\",\"contentUrl\":\"https:\\\/\\\/www.monaco-tribune.com\\\/wp-content\\\/uploads\\\/2022\\\/11\\\/logo-monaco-tribune.png\",\"width\":1548,\"height\":600,\"caption\":\"Monaco Tribune\"},\"image\":{\"@id\":\"https:\\\/\\\/www.monaco-tribune.com\\\/en\\\/#\\\/schema\\\/logo\\\/image\\\/\"},\"sameAs\":[\"https:\\\/\\\/www.facebook.com\\\/MonacoTribune\",\"https:\\\/\\\/x.com\\\/MonacoTribune\",\"https:\\\/\\\/www.instagram.com\\\/monacotribune\\\/\",\"https:\\\/\\\/www.linkedin.com\\\/company\\\/monaco-tribune\",\"https:\\\/\\\/www.youtube.com\\\/channel\\\/UCHle1MnG6hw1y4lWKijVbMA\"]},{\"@type\":\"Person\",\"@id\":\"https:\\\/\\\/www.monaco-tribune.com\\\/en\\\/#\\\/schema\\\/person\\\/c33a9f1bc99ef5a2e07d37c576060b57\",\"name\":\"Paul Charoy\",\"image\":{\"@type\":\"ImageObject\",\"inLanguage\":\"en-US\",\"@id\":\"https:\\\/\\\/secure.gravatar.com\\\/avatar\\\/c3a39fd900275d54a628738568f1949e90ce9945d105d000228335a7bad64b38?s=96&d=mm&r=g\",\"url\":\"https:\\\/\\\/secure.gravatar.com\\\/avatar\\\/c3a39fd900275d54a628738568f1949e90ce9945d105d000228335a7bad64b38?s=96&d=mm&r=g\",\"contentUrl\":\"https:\\\/\\\/secure.gravatar.com\\\/avatar\\\/c3a39fd900275d54a628738568f1949e90ce9945d105d000228335a7bad64b38?s=96&d=mm&r=g\",\"caption\":\"Paul Charoy\"},\"url\":\"https:\\\/\\\/www.monaco-tribune.com\\\/en\\\/author\\\/paulcharoy\\\/\"}]}<\/script>\n<!-- \/ Yoast SEO Premium plugin. -->","yoast_head_json":{"title":"The Mediterranean, coming soon to March\u00e9 de la Condamine","description":"Traditional dishes from Lebanon, Morocco, Italy, Greece, France and Monaco will be showcased.\u00a0 As part of the \"Monaco M\u00e9diterran\u00e9e\" trade fair, which will","robots":{"index":"index","follow":"follow","max-snippet":"max-snippet:-1","max-image-preview":"max-image-preview:large","max-video-preview":"max-video-preview:-1"},"canonical":"https:\/\/www.monaco-tribune.com\/en\/2023\/09\/the-mediterranean-coming-soon-to-marche-de-la-condamine\/","og_locale":"en_US","og_type":"article","og_title":"The Mediterranean, coming soon to March\u00e9 de la Condamine - Monaco Tribune","og_description":"Traditional dishes from Lebanon, Morocco, Italy, Greece, France and Monaco will be showcased.\u00a0 As part of the \"Monaco M\u00e9diterran\u00e9e\" trade fair, which will","og_url":"https:\/\/www.monaco-tribune.com\/en\/2023\/09\/the-mediterranean-coming-soon-to-marche-de-la-condamine\/","og_site_name":"Monaco Tribune","article_publisher":"https:\/\/www.facebook.com\/MonacoTribune","article_published_time":"2023-09-06T10:26:32+00:00","article_modified_time":"2023-09-06T10:28:28+00:00","og_image":[{"width":1200,"height":769,"url":"https:\/\/www.monaco-tribune.com\/wp-content\/uploads\/2023\/09\/soiree-mediterraneenne-marche-de-la-condamine-monaco-compressed.jpg","type":"image\/jpeg"}],"author":"Paul Charoy","twitter_card":"summary_large_image","twitter_creator":"@MonacoTribune","twitter_site":"@MonacoTribune","schema":{"@context":"https:\/\/schema.org","@graph":[{"@type":"NewsArticle","@id":"https:\/\/www.monaco-tribune.com\/en\/2023\/09\/the-mediterranean-coming-soon-to-marche-de-la-condamine\/#article","isPartOf":{"@id":"https:\/\/www.monaco-tribune.com\/en\/2023\/09\/the-mediterranean-coming-soon-to-marche-de-la-condamine\/"},"author":{"name":"Paul Charoy","@id":"https:\/\/www.monaco-tribune.com\/en\/#\/schema\/person\/c33a9f1bc99ef5a2e07d37c576060b57"},"headline":"The Mediterranean, coming soon to March\u00e9 de la Condamine","datePublished":"2023-09-06T10:26:32+00:00","dateModified":"2023-09-06T10:28:28+00:00","mainEntityOfPage":{"@id":"https:\/\/www.monaco-tribune.com\/en\/2023\/09\/the-mediterranean-coming-soon-to-marche-de-la-condamine\/"},"wordCount":168,"publisher":{"@id":"https:\/\/www.monaco-tribune.com\/en\/#organization"},"image":{"@id":"https:\/\/www.monaco-tribune.com\/en\/2023\/09\/the-mediterranean-coming-soon-to-marche-de-la-condamine\/#primaryimage"},"thumbnailUrl":"https:\/\/www.monaco-tribune.com\/wp-content\/uploads\/2023\/09\/soiree-mediterraneenne-marche-de-la-condamine-monaco-compressed.jpg","keywords":["Events"],"articleSection":["News","What&#039;s on"],"inLanguage":"en-US","copyrightYear":"2023","copyrightHolder":{"@id":"https:\/\/www.monaco-tribune.com\/#organization"}},{"@type":"WebPage","@id":"https:\/\/www.monaco-tribune.com\/en\/2023\/09\/the-mediterranean-coming-soon-to-marche-de-la-condamine\/","url":"https:\/\/www.monaco-tribune.com\/en\/2023\/09\/the-mediterranean-coming-soon-to-marche-de-la-condamine\/","name":"The Mediterranean, coming soon to March\u00e9 de la Condamine","isPartOf":{"@id":"https:\/\/www.monaco-tribune.com\/en\/#website"},"primaryImageOfPage":{"@id":"https:\/\/www.monaco-tribune.com\/en\/2023\/09\/the-mediterranean-coming-soon-to-marche-de-la-condamine\/#primaryimage"},"image":{"@id":"https:\/\/www.monaco-tribune.com\/en\/2023\/09\/the-mediterranean-coming-soon-to-marche-de-la-condamine\/#primaryimage"},"thumbnailUrl":"https:\/\/www.monaco-tribune.com\/wp-content\/uploads\/2023\/09\/soiree-mediterraneenne-marche-de-la-condamine-monaco-compressed.jpg","datePublished":"2023-09-06T10:26:32+00:00","dateModified":"2023-09-06T10:28:28+00:00","description":"Traditional dishes from Lebanon, Morocco, Italy, Greece, France and Monaco will be showcased.\u00a0 As part of the \"Monaco M\u00e9diterran\u00e9e\" trade fair, which will","breadcrumb":{"@id":"https:\/\/www.monaco-tribune.com\/en\/2023\/09\/the-mediterranean-coming-soon-to-marche-de-la-condamine\/#breadcrumb"},"inLanguage":"en-US","potentialAction":[{"@type":"ReadAction","target":["https:\/\/www.monaco-tribune.com\/en\/2023\/09\/the-mediterranean-coming-soon-to-marche-de-la-condamine\/"]}]},{"@type":"ImageObject","inLanguage":"en-US","@id":"https:\/\/www.monaco-tribune.com\/en\/2023\/09\/the-mediterranean-coming-soon-to-marche-de-la-condamine\/#primaryimage","url":"https:\/\/www.monaco-tribune.com\/wp-content\/uploads\/2023\/09\/soiree-mediterraneenne-marche-de-la-condamine-monaco-compressed.jpg","contentUrl":"https:\/\/www.monaco-tribune.com\/wp-content\/uploads\/2023\/09\/soiree-mediterraneenne-marche-de-la-condamine-monaco-compressed.jpg","width":1200,"height":769,"caption":"Save the date - Friday 15 September at 8pm at the March\u00e9 de la Condamine. \u00a9 Monaco Town Council"},{"@type":"BreadcrumbList","@id":"https:\/\/www.monaco-tribune.com\/en\/2023\/09\/the-mediterranean-coming-soon-to-marche-de-la-condamine\/#breadcrumb","itemListElement":[{"@type":"ListItem","position":1,"name":"Accueil","item":"https:\/\/www.monaco-tribune.com\/en\/"},{"@type":"ListItem","position":2,"name":"The Mediterranean, coming soon to March\u00e9 de la Condamine"}]},{"@type":"WebSite","@id":"https:\/\/www.monaco-tribune.com\/en\/#website","url":"https:\/\/www.monaco-tribune.com\/en\/","name":"Monaco Tribune","description":"Monaco : actualit\u00e9s \u00e9conomiques, politiques, culturelles et sportives de Monaco et de la French Riviera.","publisher":{"@id":"https:\/\/www.monaco-tribune.com\/en\/#organization"},"potentialAction":[{"@type":"SearchAction","target":{"@type":"EntryPoint","urlTemplate":"https:\/\/www.monaco-tribune.com\/en\/?s={search_term_string}"},"query-input":{"@type":"PropertyValueSpecification","valueRequired":true,"valueName":"search_term_string"}}],"inLanguage":"en-US"},{"@type":"Organization","@id":"https:\/\/www.monaco-tribune.com\/en\/#organization","name":"Monaco Tribune","url":"https:\/\/www.monaco-tribune.com\/en\/","logo":{"@type":"ImageObject","inLanguage":"en-US","@id":"https:\/\/www.monaco-tribune.com\/en\/#\/schema\/logo\/image\/","url":"https:\/\/www.monaco-tribune.com\/wp-content\/uploads\/2022\/11\/logo-monaco-tribune.png","contentUrl":"https:\/\/www.monaco-tribune.com\/wp-content\/uploads\/2022\/11\/logo-monaco-tribune.png","width":1548,"height":600,"caption":"Monaco Tribune"},"image":{"@id":"https:\/\/www.monaco-tribune.com\/en\/#\/schema\/logo\/image\/"},"sameAs":["https:\/\/www.facebook.com\/MonacoTribune","https:\/\/x.com\/MonacoTribune","https:\/\/www.instagram.com\/monacotribune\/","https:\/\/www.linkedin.com\/company\/monaco-tribune","https:\/\/www.youtube.com\/channel\/UCHle1MnG6hw1y4lWKijVbMA"]},{"@type":"Person","@id":"https:\/\/www.monaco-tribune.com\/en\/#\/schema\/person\/c33a9f1bc99ef5a2e07d37c576060b57","name":"Paul Charoy","image":{"@type":"ImageObject","inLanguage":"en-US","@id":"https:\/\/secure.gravatar.com\/avatar\/c3a39fd900275d54a628738568f1949e90ce9945d105d000228335a7bad64b38?s=96&d=mm&r=g","url":"https:\/\/secure.gravatar.com\/avatar\/c3a39fd900275d54a628738568f1949e90ce9945d105d000228335a7bad64b38?s=96&d=mm&r=g","contentUrl":"https:\/\/secure.gravatar.com\/avatar\/c3a39fd900275d54a628738568f1949e90ce9945d105d000228335a7bad64b38?s=96&d=mm&r=g","caption":"Paul Charoy"},"url":"https:\/\/www.monaco-tribune.com\/en\/author\/paulcharoy\/"}]}},"_links":{"self":[{"href":"https:\/\/www.monaco-tribune.com\/en\/wp-json\/wp\/v2\/posts\/191332","targetHints":{"allow":["GET"]}}],"collection":[{"href":"https:\/\/www.monaco-tribune.com\/en\/wp-json\/wp\/v2\/posts"}],"about":[{"href":"https:\/\/www.monaco-tribune.com\/en\/wp-json\/wp\/v2\/types\/post"}],"author":[{"embeddable":true,"href":"https:\/\/www.monaco-tribune.com\/en\/wp-json\/wp\/v2\/users\/65"}],"replies":[{"embeddable":true,"href":"https:\/\/www.monaco-tribune.com\/en\/wp-json\/wp\/v2\/comments?post=191332"}],"version-history":[{"count":2,"href":"https:\/\/www.monaco-tribune.com\/en\/wp-json\/wp\/v2\/posts\/191332\/revisions"}],"predecessor-version":[{"id":191338,"href":"https:\/\/www.monaco-tribune.com\/en\/wp-json\/wp\/v2\/posts\/191332\/revisions\/191338"}],"wp:featuredmedia":[{"embeddable":true,"href":"https:\/\/www.monaco-tribune.com\/en\/wp-json\/wp\/v2\/media\/191262"}],"wp:attachment":[{"href":"https:\/\/www.monaco-tribune.com\/en\/wp-json\/wp\/v2\/media?parent=191332"}],"wp:term":[{"taxonomy":"category","embeddable":true,"href":"https:\/\/www.monaco-tribune.com\/en\/wp-json\/wp\/v2\/categories?post=191332"},{"taxonomy":"post_tag","embeddable":true,"href":"https:\/\/www.monaco-tribune.com\/en\/wp-json\/wp\/v2\/tags?post=191332"},{"taxonomy":"sectag","embeddable":true,"href":"https:\/\/www.monaco-tribune.com\/en\/wp-json\/wp\/v2\/post_sectags?post=191332"},{"taxonomy":"format","embeddable":true,"href":"https:\/\/www.monaco-tribune.com\/en\/wp-json\/wp\/v2\/post_format?post=191332"}],"curies":[{"name":"wp","href":"https:\/\/api.w.org\/{rel}","templated":true}]}}