{"id":191709,"date":"2023-09-08T16:09:05","date_gmt":"2023-09-08T14:09:05","guid":{"rendered":"https:\/\/www.monaco-tribune.com\/2023\/09\/balogun-zakaria-singo-how-did-as-monacos-transfer-window-work-out\/"},"modified":"2023-09-08T16:09:25","modified_gmt":"2023-09-08T14:09:25","slug":"balogun-zakaria-singo-how-did-as-monacos-transfer-window-work-out","status":"publish","type":"post","link":"https:\/\/www.monaco-tribune.com\/en\/2023\/09\/balogun-zakaria-singo-how-did-as-monacos-transfer-window-work-out\/","title":{"rendered":"Balogun, Zakaria, Singo&#8230; how did AS Monaco&#8217;s transfer window work out?"},"content":{"rendered":"\n<p><strong>Leading the league and still unbeaten after four encounters, AS Monaco have made a sparkling start to the season, thanks in part to some ambitious summer signings.\u00a0<\/strong><\/p>\n\n<p>One man alone symbolises the Monegasque revival. After a difficult first season in the Principality (20 games, 1 goal), well below expectations, Takumi Minamino is a new man since the season got under way. <\/p>\n\n<p>Under the guidance of Adi H\u00fctter, a coach he knows well having worked with him at Red Bull Salzburg, the Japanese international has proved an essential cog in the AS Monaco 2023-2024 machinery, to the point where he is now considered a fully-fledged recruit.<\/p>\n\n<p class=\"related\"><a href=\"https:\/\/www.monaco-tribune.com\/en\/2023\/07\/adi-hutter-thiago-scuro-as-monacos-new-winning-duo\/\">Adi H\u00fctter-Thiago Scuro, AS Monaco&#8217;s new winning duo?<\/a><\/p>\n\n<p>A revival that is embodied by Adi H\u00fctter and Takumi Minamino, but also the result of a bold recruitment drive, masterfully handled by Thiago Scuro, who arrived in the Principality this summer as director of football to succeed Paul Mitchell. <\/p>\n\n<p>And in his first summer at Monaco, the Brazilian dove straight in and came up with some rare pearls, with a targeted recruitment drive that favoured quality over quantity and that had the full backing of president Dmitry Rybolovlev, who helped the club financially.<\/p>\n\n<p>The president is certainly very visible this season. He was <a href=\"https:\/\/www.monaco-tribune.com\/2023\/08\/ligue-1-las-monaco-soffre-un-carton-et-prend-la-tete-du-championnat\/\">at the Stade Louis II for the home match<\/a>, with Prince Albert II, and <a href=\"https:\/\/www.monaco-tribune.com\/en\/2023\/08\/as-monaco-dmitry-rybolovlev-attends-training\/\">at team training<\/a>, with Thiago Scuro.<\/p>\n\n<p>As the sports director <a href=\"https:\/\/www.ladiagonale.net\/index.php\/2023\/08\/31\/pour-scuro-le-recrutement-de-balogun-nest-pas-un-pari\/\">mentioned<\/a> during the presentation of Folarin Balogun, Dmitry Rybolovlev was &#8220;<em>very involved in the discussions<\/em>&#8221; regarding transfers. His involvement in the AS Monaco revival is already bearing fruit, as reflected in this season&#8217;s <a href=\"https:\/\/www.monaco-tribune.com\/2023\/09\/ligue-1-avec-un-nouveau-carton-las-monaco-recupere-son-fauteuil-de-leader\/\">early league match results<\/a>.<\/p>\n\n<h2 class=\"wp-block-heading\" id=\"h-un-recrutement-ambitieux-melant-jeunesse-et-experience\">Ambitious signings, combining youth and experience <\/h2>\n\n<p><a href=\"https:\/\/www.footmercato.net\/a6949394263846954282-pourquoi-las-monaco-est-la-sensation-de-lete-en-ligue-1\">With \u20ac83 million invested <\/a>during the summer transfer window, bringing five new recruits on board (Wilfried Singo, Folarin Balogun, Mohammed Salisu, Philipp K\u00f6hn and Denis Zakaria), AS Monaco demonstrated their intention of meeting the demands of Adi H\u00fctter and his 3-4-2-1 formation.<\/p>\n\n<p><a href=\"https:\/\/www.monaco-tribune.com\/2023\/08\/folarin-balogun-sengage-officiellement-avec-las-monaco\/\">The arrival of Balogun for 30 million euros<\/a> (plus bonuses of around 10 million euros), the fifth biggest purchase in the club&#8217;s history, is proof of this. This season, Monaco wants to aim high and put the club back where it should be, on the Ligue 1 podium and in the Champions League next year.<\/p>\n\n<blockquote class=\"wp-block-quote is-layout-flow wp-block-quote-is-layout-flow\">\n<p>I don&#8217;t want to talk about Monaco. They spend maybe two or three times what we did, in one day.<\/p>\n<cite>Paulo Fonseca, LOSC coach <\/cite><\/blockquote>\n\n<p>It&#8217;s certainly the envy of a number of coaches, such as LOSC\u2019s Paulo Fonseca, who lamented his club&#8217;s lack of resources compared to the league&#8217;s other big clubs, including AS Monaco. <\/p>\n\n<p>&#8220;<em>I don&#8217;t want to talk about Monaco. They spend maybe two or three times what we did, in one day,<\/em>&#8221; he said during a press conference.<\/p>\n\n<p>&#8220;It&#8217;s hard to compete with Monaco and these teams because they invest so much. I understand the club&#8217;s constraints. But we need to be realistic. We don&#8217;t have the same resources as others.&#8221;<\/p>\n\n<p>While Mohammed Salisu has yet to make his full debut in red and white due to a groin injury, a number of new recruits have already shown promise. Especially Wilfried Singo, who in just three games has already proved indispensable in Monaco&#8217;s three-man defence.<\/p>\n\n<h2 class=\"wp-block-heading\" id=\"h-singo-deja-indispensable-salisu-pas-encore-revenu\">Singo already indispensable, Salisu not back yet <\/h2>\n\n<p><a href=\"https:\/\/www.monaco-tribune.com\/2023\/09\/ligue-1-avec-un-nouveau-carton-las-monaco-recupere-son-fauteuil-de-leader\/\">Solid and decisive against Lens<\/a>, the Ivorian international is already looking like a real asset, while the two star signings, Folarin Balogun and Denis Zakaria, have yet to really make their mark. Balogun made his first appearance against Lens and has already come close to scoring, while Zakaria has so far mainly been used as a central defender to cover for injuries.<\/p>\n\n<p>As for Philipp K\u00f6hn , the Swiss keeper has not yet had many opportunities to shine, but he already seems (quite literally) a safer pair of hands than his predecessor Alexander N\u00fcbel, with <a href=\"https:\/\/www.monaco-tribune.com\/2023\/09\/ligue-1-avec-un-nouveau-carton-las-monaco-recupere-son-fauteuil-de-leader\/\">another clean sheet against Lens<\/a> following on from <a href=\"https:\/\/www.monaco-tribune.com\/2023\/08\/ligue-1-las-monaco-soffre-un-carton-et-prend-la-tete-du-championnat\/\">a first against Strasbourg<\/a>.<\/p>\n\n<p>Between the blossoming young Soungoutou Magassa, who Adi H\u00fctter included in the starting line-up for all four first games, the rebirth of Takumi Minamino, the assertiveness of Mohamed Camara, the confidence of leaders such as Wissam Ben Yedder and Alexander Golovin, and the rapid onboarding of the summer recruits, this fresh and refreshing Monaco team seems to be on the right track, a few months ahead of its centenary on 23 August 2024. <\/p>\n\n<p>Much to the delight of Monaco&#8217;s fans, who were quick to praise the work carried out by the club this summer, and to overwhelmingly approve the first <em>mercato<\/em> of the Thiago Scuro era, which they consider to be up there with <em>&#8220;the best of the Rybo era since the recruitment of Falcao, James and Mouti\u2026\u201d<\/em><\/p>\n\n<p><em>&#8220;I&#8217;m surprised by the quality of the <\/em>mercato<em> compared to previous years,&#8221; <\/em>\u00a0the president of the Monaco Supporters&#8217; Club, Laurent Maire, told us.<em>\u00a0\u201cThese are players we weren&#8217;t necessarily aware of, apart from Denis Zakaria, but who have quickly become part of the team, despite not necessarily playing in their usual position in some cases. On top of that, we finally have a goalkeeper that is worth his salt.\u201d<\/em><\/p>\n\n<p>While Laurent Maire may not be thrilled about the arrival of an additional central defender &#8211; <em>&#8220;if Tosin Adarabioyo had signed, it would have been a perfect <\/em>mercato<em>&#8221; &#8211; <\/em>the president of the Monaco Supporters&#8217; Club has every confidence in Thiago Scuro. <em>&#8220;I think management already had next season in mind when they put this team together. It already looks like a European Cup team.\u201d<\/em><\/p>\n\n<p>And every Monaco fan is dreaming of making it back into the Champions League. <\/p>\n\n<figure class=\"wp-block-embed aligncenter is-type-rich is-provider-twitter wp-block-embed-twitter\"><div class=\"wp-block-embed__wrapper\">\r\n<blockquote class=\"twitter-tweet\" data-width=\"500\" data-dnt=\"true\"><p lang=\"fr\" dir=\"ltr\">Notre <a href=\"https:\/\/twitter.com\/AS_Monaco?ref_src=twsrc%5Etfw\">@AS_Monaco<\/a>, ne fait pas beaucoup de bruit, mais notre recrutement est de grande qualit\u00e9 cette ann\u00e9e. \ud83d\udcaa\ud83c\udffc\ud83c\uddee\ud83c\udde9 Bravo aux dirigeants ! \ud83d\udc4d\ud83c\udffc<\/p>&mdash; \ud83c\uddeb\ud83c\uddf7 MikeUp \ud83c\uddee\ud83c\udde9 (@mickaor) <a href=\"https:\/\/twitter.com\/mickaor\/status\/1696974329601233057?ref_src=twsrc%5Etfw\">August 30, 2023<\/a><\/blockquote><script async src=\"https:\/\/platform.twitter.com\/widgets.js\" charset=\"utf-8\"><\/script>\r\n<\/div><\/figure>\r\n\n<figure class=\"wp-block-embed aligncenter is-type-rich is-provider-twitter wp-block-embed-twitter\"><div class=\"wp-block-embed__wrapper\">\r\n<blockquote class=\"twitter-tweet\" data-width=\"500\" data-dnt=\"true\"><p lang=\"fr\" dir=\"ltr\">Super. Quel recrutement merci au Pr\u00e9sident de vouloir remettre Monaco a sa place<\/p>&mdash; Poluxlefou (@Poluxlefou1) <a href=\"https:\/\/twitter.com\/Poluxlefou1\/status\/1696939314251239541?ref_src=twsrc%5Etfw\">August 30, 2023<\/a><\/blockquote><script async src=\"https:\/\/platform.twitter.com\/widgets.js\" charset=\"utf-8\"><\/script>\r\n<\/div><\/figure>\r\n\n<figure class=\"wp-block-embed aligncenter is-type-rich is-provider-twitter wp-block-embed-twitter\"><div class=\"wp-block-embed__wrapper\">\r\n<blockquote class=\"twitter-tweet\" data-width=\"500\" data-dnt=\"true\"><p lang=\"fr\" dir=\"ltr\">Merci pour ce recrutement \u2026 ce nouvel engouement et cet enthousiasme qui se traduit d\u00e9j\u00e0 sur le terrain . \u00c7a fait du bien de voir le club r\u00e9agir et \u00eatre ambitieux .<\/p>&mdash; Dodo perso \ud83c\uddee\ud83c\udde9 (@doriantes27) <a href=\"https:\/\/twitter.com\/doriantes27\/status\/1697145657897713756?ref_src=twsrc%5Etfw\">August 31, 2023<\/a><\/blockquote><script async src=\"https:\/\/platform.twitter.com\/widgets.js\" charset=\"utf-8\"><\/script>\r\n<\/div><\/figure>\r\n\n<figure class=\"wp-block-embed aligncenter is-type-rich is-provider-twitter wp-block-embed-twitter\"><div class=\"wp-block-embed__wrapper\">\r\n<blockquote class=\"twitter-tweet\" data-width=\"500\" data-dnt=\"true\"><p lang=\"fr\" dir=\"ltr\">Ce recrutement 2023-2024 est d&#39;une pr\u00e9cision lumineuse\ud83e\udd42\ud83c\uddee\ud83c\udde9<\/p>&mdash; Reggie (@Reggie26367866) <a href=\"https:\/\/twitter.com\/Reggie26367866\/status\/1696938655409996027?ref_src=twsrc%5Etfw\">August 30, 2023<\/a><\/blockquote><script async src=\"https:\/\/platform.twitter.com\/widgets.js\" charset=\"utf-8\"><\/script>\r\n<\/div><\/figure>\r\n","protected":false},"excerpt":{"rendered":"<p>Leading the league and still unbeaten after four encounters, AS Monaco have made a sparkling start to the season, thanks [&hellip;]<\/p>\n","protected":false},"author":24,"featured_media":190808,"comment_status":"closed","ping_status":"closed","sticky":false,"template":"","format":"standard","meta":{"_acf_changed":false,"footnotes":""},"categories":[1825,243,257],"tags":[2821],"post_sectags":[3102],"post_format":[2467],"class_list":["post-191709","post","type-post","status-publish","format-standard","has-post-thumbnail","hentry","category-editors-choice","category-news","category-sports-en","tag-as-monaco-en-2","sectag-football-en","format-feature"],"acf":[],"yoast_head":"<!-- This site is optimized with the Yoast SEO Premium plugin v26.8 (Yoast SEO v27.4) - https:\/\/yoast.com\/product\/yoast-seo-premium-wordpress\/ -->\n<title>Balogun, Zakaria, Singo... how did AS Monaco&#039;s transfer window work out?<\/title>\n<meta name=\"description\" content=\"Leading the league and still unbeaten after four encounters, AS Monaco have made a sparkling start to the season, thanks in part to some ambitious summer\" \/>\n<meta name=\"robots\" content=\"index, follow, max-snippet:-1, max-image-preview:large, max-video-preview:-1\" \/>\n<link rel=\"canonical\" href=\"https:\/\/www.monaco-tribune.com\/en\/2023\/09\/balogun-zakaria-singo-how-did-as-monacos-transfer-window-work-out\/\" \/>\n<meta property=\"og:locale\" content=\"en_US\" \/>\n<meta property=\"og:type\" content=\"article\" \/>\n<meta property=\"og:title\" content=\"Balogun, Zakaria, Singo... how did AS Monaco&#039;s transfer window work out? - Monaco Tribune\" \/>\n<meta property=\"og:description\" content=\"Leading the league and still unbeaten after four encounters, AS Monaco have made a sparkling start to the season, thanks in part to some ambitious summer\" \/>\n<meta property=\"og:url\" content=\"https:\/\/www.monaco-tribune.com\/en\/2023\/09\/balogun-zakaria-singo-how-did-as-monacos-transfer-window-work-out\/\" \/>\n<meta property=\"og:site_name\" content=\"Monaco Tribune\" \/>\n<meta property=\"article:publisher\" content=\"https:\/\/www.facebook.com\/MonacoTribune\" \/>\n<meta property=\"article:published_time\" content=\"2023-09-08T14:09:05+00:00\" \/>\n<meta property=\"article:modified_time\" content=\"2023-09-08T14:09:25+00:00\" \/>\n<meta property=\"og:image\" content=\"https:\/\/www.monaco-tribune.com\/wp-content\/uploads\/2023\/09\/folarin-balogun.jpg\" \/>\n\t<meta property=\"og:image:width\" content=\"989\" \/>\n\t<meta property=\"og:image:height\" content=\"628\" \/>\n\t<meta property=\"og:image:type\" content=\"image\/jpeg\" \/>\n<meta name=\"author\" content=\"Romain Boisaubert\" \/>\n<meta name=\"twitter:card\" content=\"summary_large_image\" \/>\n<meta name=\"twitter:creator\" content=\"@MonacoTribune\" \/>\n<meta name=\"twitter:site\" content=\"@MonacoTribune\" \/>\n<script type=\"application\/ld+json\" class=\"yoast-schema-graph\">{\"@context\":\"https:\\\/\\\/schema.org\",\"@graph\":[{\"@type\":\"NewsArticle\",\"@id\":\"https:\\\/\\\/www.monaco-tribune.com\\\/en\\\/2023\\\/09\\\/balogun-zakaria-singo-how-did-as-monacos-transfer-window-work-out\\\/#article\",\"isPartOf\":{\"@id\":\"https:\\\/\\\/www.monaco-tribune.com\\\/en\\\/2023\\\/09\\\/balogun-zakaria-singo-how-did-as-monacos-transfer-window-work-out\\\/\"},\"author\":{\"name\":\"Romain Boisaubert\",\"@id\":\"https:\\\/\\\/www.monaco-tribune.com\\\/en\\\/#\\\/schema\\\/person\\\/330a3732947cf8cb41b2533a0eadd62e\"},\"headline\":\"Balogun, Zakaria, Singo&#8230; how did AS Monaco&#8217;s transfer window work out?\",\"datePublished\":\"2023-09-08T14:09:05+00:00\",\"dateModified\":\"2023-09-08T14:09:25+00:00\",\"mainEntityOfPage\":{\"@id\":\"https:\\\/\\\/www.monaco-tribune.com\\\/en\\\/2023\\\/09\\\/balogun-zakaria-singo-how-did-as-monacos-transfer-window-work-out\\\/\"},\"wordCount\":968,\"publisher\":{\"@id\":\"https:\\\/\\\/www.monaco-tribune.com\\\/en\\\/#organization\"},\"image\":{\"@id\":\"https:\\\/\\\/www.monaco-tribune.com\\\/en\\\/2023\\\/09\\\/balogun-zakaria-singo-how-did-as-monacos-transfer-window-work-out\\\/#primaryimage\"},\"thumbnailUrl\":\"https:\\\/\\\/www.monaco-tribune.com\\\/wp-content\\\/uploads\\\/2023\\\/09\\\/folarin-balogun.jpg\",\"keywords\":[\"AS Monaco\"],\"articleSection\":[\"Editor&#039;s choice\",\"News\",\"Sports\"],\"inLanguage\":\"en-US\",\"copyrightYear\":\"2023\",\"copyrightHolder\":{\"@id\":\"https:\\\/\\\/www.monaco-tribune.com\\\/#organization\"}},{\"@type\":\"WebPage\",\"@id\":\"https:\\\/\\\/www.monaco-tribune.com\\\/en\\\/2023\\\/09\\\/balogun-zakaria-singo-how-did-as-monacos-transfer-window-work-out\\\/\",\"url\":\"https:\\\/\\\/www.monaco-tribune.com\\\/en\\\/2023\\\/09\\\/balogun-zakaria-singo-how-did-as-monacos-transfer-window-work-out\\\/\",\"name\":\"Balogun, Zakaria, Singo... how did AS Monaco's transfer window work out?\",\"isPartOf\":{\"@id\":\"https:\\\/\\\/www.monaco-tribune.com\\\/en\\\/#website\"},\"primaryImageOfPage\":{\"@id\":\"https:\\\/\\\/www.monaco-tribune.com\\\/en\\\/2023\\\/09\\\/balogun-zakaria-singo-how-did-as-monacos-transfer-window-work-out\\\/#primaryimage\"},\"image\":{\"@id\":\"https:\\\/\\\/www.monaco-tribune.com\\\/en\\\/2023\\\/09\\\/balogun-zakaria-singo-how-did-as-monacos-transfer-window-work-out\\\/#primaryimage\"},\"thumbnailUrl\":\"https:\\\/\\\/www.monaco-tribune.com\\\/wp-content\\\/uploads\\\/2023\\\/09\\\/folarin-balogun.jpg\",\"datePublished\":\"2023-09-08T14:09:05+00:00\",\"dateModified\":\"2023-09-08T14:09:25+00:00\",\"description\":\"Leading the league and still unbeaten after four encounters, AS Monaco have made a sparkling start to the season, thanks in part to some ambitious summer\",\"breadcrumb\":{\"@id\":\"https:\\\/\\\/www.monaco-tribune.com\\\/en\\\/2023\\\/09\\\/balogun-zakaria-singo-how-did-as-monacos-transfer-window-work-out\\\/#breadcrumb\"},\"inLanguage\":\"en-US\",\"potentialAction\":[{\"@type\":\"ReadAction\",\"target\":[\"https:\\\/\\\/www.monaco-tribune.com\\\/en\\\/2023\\\/09\\\/balogun-zakaria-singo-how-did-as-monacos-transfer-window-work-out\\\/\"]}]},{\"@type\":\"ImageObject\",\"inLanguage\":\"en-US\",\"@id\":\"https:\\\/\\\/www.monaco-tribune.com\\\/en\\\/2023\\\/09\\\/balogun-zakaria-singo-how-did-as-monacos-transfer-window-work-out\\\/#primaryimage\",\"url\":\"https:\\\/\\\/www.monaco-tribune.com\\\/wp-content\\\/uploads\\\/2023\\\/09\\\/folarin-balogun.jpg\",\"contentUrl\":\"https:\\\/\\\/www.monaco-tribune.com\\\/wp-content\\\/uploads\\\/2023\\\/09\\\/folarin-balogun.jpg\",\"width\":989,\"height\":628,\"caption\":\"Folarin Balogun joined AS Monaco this summer for 30 million euros (Photo \u00a9 AS Monaco)\"},{\"@type\":\"BreadcrumbList\",\"@id\":\"https:\\\/\\\/www.monaco-tribune.com\\\/en\\\/2023\\\/09\\\/balogun-zakaria-singo-how-did-as-monacos-transfer-window-work-out\\\/#breadcrumb\",\"itemListElement\":[{\"@type\":\"ListItem\",\"position\":1,\"name\":\"Accueil\",\"item\":\"https:\\\/\\\/www.monaco-tribune.com\\\/en\\\/\"},{\"@type\":\"ListItem\",\"position\":2,\"name\":\"Balogun, Zakaria, Singo&#8230; how did AS Monaco&#8217;s transfer window work out?\"}]},{\"@type\":\"WebSite\",\"@id\":\"https:\\\/\\\/www.monaco-tribune.com\\\/en\\\/#website\",\"url\":\"https:\\\/\\\/www.monaco-tribune.com\\\/en\\\/\",\"name\":\"Monaco Tribune\",\"description\":\"Monaco : actualit\u00e9s \u00e9conomiques, politiques, culturelles et sportives de Monaco et de la French Riviera.\",\"publisher\":{\"@id\":\"https:\\\/\\\/www.monaco-tribune.com\\\/en\\\/#organization\"},\"potentialAction\":[{\"@type\":\"SearchAction\",\"target\":{\"@type\":\"EntryPoint\",\"urlTemplate\":\"https:\\\/\\\/www.monaco-tribune.com\\\/en\\\/?s={search_term_string}\"},\"query-input\":{\"@type\":\"PropertyValueSpecification\",\"valueRequired\":true,\"valueName\":\"search_term_string\"}}],\"inLanguage\":\"en-US\"},{\"@type\":\"Organization\",\"@id\":\"https:\\\/\\\/www.monaco-tribune.com\\\/en\\\/#organization\",\"name\":\"Monaco Tribune\",\"url\":\"https:\\\/\\\/www.monaco-tribune.com\\\/en\\\/\",\"logo\":{\"@type\":\"ImageObject\",\"inLanguage\":\"en-US\",\"@id\":\"https:\\\/\\\/www.monaco-tribune.com\\\/en\\\/#\\\/schema\\\/logo\\\/image\\\/\",\"url\":\"https:\\\/\\\/www.monaco-tribune.com\\\/wp-content\\\/uploads\\\/2022\\\/11\\\/logo-monaco-tribune.png\",\"contentUrl\":\"https:\\\/\\\/www.monaco-tribune.com\\\/wp-content\\\/uploads\\\/2022\\\/11\\\/logo-monaco-tribune.png\",\"width\":1548,\"height\":600,\"caption\":\"Monaco Tribune\"},\"image\":{\"@id\":\"https:\\\/\\\/www.monaco-tribune.com\\\/en\\\/#\\\/schema\\\/logo\\\/image\\\/\"},\"sameAs\":[\"https:\\\/\\\/www.facebook.com\\\/MonacoTribune\",\"https:\\\/\\\/x.com\\\/MonacoTribune\",\"https:\\\/\\\/www.instagram.com\\\/monacotribune\\\/\",\"https:\\\/\\\/www.linkedin.com\\\/company\\\/monaco-tribune\",\"https:\\\/\\\/www.youtube.com\\\/channel\\\/UCHle1MnG6hw1y4lWKijVbMA\"]},{\"@type\":\"Person\",\"@id\":\"https:\\\/\\\/www.monaco-tribune.com\\\/en\\\/#\\\/schema\\\/person\\\/330a3732947cf8cb41b2533a0eadd62e\",\"name\":\"Romain Boisaubert\",\"image\":{\"@type\":\"ImageObject\",\"inLanguage\":\"en-US\",\"@id\":\"https:\\\/\\\/secure.gravatar.com\\\/avatar\\\/f8b90d41f1eabd1cbe4cf59e09d8db41a697d51919bf2dfe727589a24a4a4d54?s=96&d=mm&r=g\",\"url\":\"https:\\\/\\\/secure.gravatar.com\\\/avatar\\\/f8b90d41f1eabd1cbe4cf59e09d8db41a697d51919bf2dfe727589a24a4a4d54?s=96&d=mm&r=g\",\"contentUrl\":\"https:\\\/\\\/secure.gravatar.com\\\/avatar\\\/f8b90d41f1eabd1cbe4cf59e09d8db41a697d51919bf2dfe727589a24a4a4d54?s=96&d=mm&r=g\",\"caption\":\"Romain Boisaubert\"},\"description\":\"Test bio\",\"url\":\"https:\\\/\\\/www.monaco-tribune.com\\\/en\\\/author\\\/romain-boisaubert\\\/\"}]}<\/script>\n<!-- \/ Yoast SEO Premium plugin. -->","yoast_head_json":{"title":"Balogun, Zakaria, Singo... how did AS Monaco's transfer window work out?","description":"Leading the league and still unbeaten after four encounters, AS Monaco have made a sparkling start to the season, thanks in part to some ambitious summer","robots":{"index":"index","follow":"follow","max-snippet":"max-snippet:-1","max-image-preview":"max-image-preview:large","max-video-preview":"max-video-preview:-1"},"canonical":"https:\/\/www.monaco-tribune.com\/en\/2023\/09\/balogun-zakaria-singo-how-did-as-monacos-transfer-window-work-out\/","og_locale":"en_US","og_type":"article","og_title":"Balogun, Zakaria, Singo... how did AS Monaco's transfer window work out? - Monaco Tribune","og_description":"Leading the league and still unbeaten after four encounters, AS Monaco have made a sparkling start to the season, thanks in part to some ambitious summer","og_url":"https:\/\/www.monaco-tribune.com\/en\/2023\/09\/balogun-zakaria-singo-how-did-as-monacos-transfer-window-work-out\/","og_site_name":"Monaco Tribune","article_publisher":"https:\/\/www.facebook.com\/MonacoTribune","article_published_time":"2023-09-08T14:09:05+00:00","article_modified_time":"2023-09-08T14:09:25+00:00","og_image":[{"width":989,"height":628,"url":"https:\/\/www.monaco-tribune.com\/wp-content\/uploads\/2023\/09\/folarin-balogun.jpg","type":"image\/jpeg"}],"author":"Romain Boisaubert","twitter_card":"summary_large_image","twitter_creator":"@MonacoTribune","twitter_site":"@MonacoTribune","schema":{"@context":"https:\/\/schema.org","@graph":[{"@type":"NewsArticle","@id":"https:\/\/www.monaco-tribune.com\/en\/2023\/09\/balogun-zakaria-singo-how-did-as-monacos-transfer-window-work-out\/#article","isPartOf":{"@id":"https:\/\/www.monaco-tribune.com\/en\/2023\/09\/balogun-zakaria-singo-how-did-as-monacos-transfer-window-work-out\/"},"author":{"name":"Romain Boisaubert","@id":"https:\/\/www.monaco-tribune.com\/en\/#\/schema\/person\/330a3732947cf8cb41b2533a0eadd62e"},"headline":"Balogun, Zakaria, Singo&#8230; how did AS Monaco&#8217;s transfer window work out?","datePublished":"2023-09-08T14:09:05+00:00","dateModified":"2023-09-08T14:09:25+00:00","mainEntityOfPage":{"@id":"https:\/\/www.monaco-tribune.com\/en\/2023\/09\/balogun-zakaria-singo-how-did-as-monacos-transfer-window-work-out\/"},"wordCount":968,"publisher":{"@id":"https:\/\/www.monaco-tribune.com\/en\/#organization"},"image":{"@id":"https:\/\/www.monaco-tribune.com\/en\/2023\/09\/balogun-zakaria-singo-how-did-as-monacos-transfer-window-work-out\/#primaryimage"},"thumbnailUrl":"https:\/\/www.monaco-tribune.com\/wp-content\/uploads\/2023\/09\/folarin-balogun.jpg","keywords":["AS Monaco"],"articleSection":["Editor&#039;s choice","News","Sports"],"inLanguage":"en-US","copyrightYear":"2023","copyrightHolder":{"@id":"https:\/\/www.monaco-tribune.com\/#organization"}},{"@type":"WebPage","@id":"https:\/\/www.monaco-tribune.com\/en\/2023\/09\/balogun-zakaria-singo-how-did-as-monacos-transfer-window-work-out\/","url":"https:\/\/www.monaco-tribune.com\/en\/2023\/09\/balogun-zakaria-singo-how-did-as-monacos-transfer-window-work-out\/","name":"Balogun, Zakaria, Singo... how did AS Monaco's transfer window work out?","isPartOf":{"@id":"https:\/\/www.monaco-tribune.com\/en\/#website"},"primaryImageOfPage":{"@id":"https:\/\/www.monaco-tribune.com\/en\/2023\/09\/balogun-zakaria-singo-how-did-as-monacos-transfer-window-work-out\/#primaryimage"},"image":{"@id":"https:\/\/www.monaco-tribune.com\/en\/2023\/09\/balogun-zakaria-singo-how-did-as-monacos-transfer-window-work-out\/#primaryimage"},"thumbnailUrl":"https:\/\/www.monaco-tribune.com\/wp-content\/uploads\/2023\/09\/folarin-balogun.jpg","datePublished":"2023-09-08T14:09:05+00:00","dateModified":"2023-09-08T14:09:25+00:00","description":"Leading the league and still unbeaten after four encounters, AS Monaco have made a sparkling start to the season, thanks in part to some ambitious summer","breadcrumb":{"@id":"https:\/\/www.monaco-tribune.com\/en\/2023\/09\/balogun-zakaria-singo-how-did-as-monacos-transfer-window-work-out\/#breadcrumb"},"inLanguage":"en-US","potentialAction":[{"@type":"ReadAction","target":["https:\/\/www.monaco-tribune.com\/en\/2023\/09\/balogun-zakaria-singo-how-did-as-monacos-transfer-window-work-out\/"]}]},{"@type":"ImageObject","inLanguage":"en-US","@id":"https:\/\/www.monaco-tribune.com\/en\/2023\/09\/balogun-zakaria-singo-how-did-as-monacos-transfer-window-work-out\/#primaryimage","url":"https:\/\/www.monaco-tribune.com\/wp-content\/uploads\/2023\/09\/folarin-balogun.jpg","contentUrl":"https:\/\/www.monaco-tribune.com\/wp-content\/uploads\/2023\/09\/folarin-balogun.jpg","width":989,"height":628,"caption":"Folarin Balogun joined AS Monaco this summer for 30 million euros (Photo \u00a9 AS Monaco)"},{"@type":"BreadcrumbList","@id":"https:\/\/www.monaco-tribune.com\/en\/2023\/09\/balogun-zakaria-singo-how-did-as-monacos-transfer-window-work-out\/#breadcrumb","itemListElement":[{"@type":"ListItem","position":1,"name":"Accueil","item":"https:\/\/www.monaco-tribune.com\/en\/"},{"@type":"ListItem","position":2,"name":"Balogun, Zakaria, Singo&#8230; how did AS Monaco&#8217;s transfer window work out?"}]},{"@type":"WebSite","@id":"https:\/\/www.monaco-tribune.com\/en\/#website","url":"https:\/\/www.monaco-tribune.com\/en\/","name":"Monaco Tribune","description":"Monaco : actualit\u00e9s \u00e9conomiques, politiques, culturelles et sportives de Monaco et de la French Riviera.","publisher":{"@id":"https:\/\/www.monaco-tribune.com\/en\/#organization"},"potentialAction":[{"@type":"SearchAction","target":{"@type":"EntryPoint","urlTemplate":"https:\/\/www.monaco-tribune.com\/en\/?s={search_term_string}"},"query-input":{"@type":"PropertyValueSpecification","valueRequired":true,"valueName":"search_term_string"}}],"inLanguage":"en-US"},{"@type":"Organization","@id":"https:\/\/www.monaco-tribune.com\/en\/#organization","name":"Monaco Tribune","url":"https:\/\/www.monaco-tribune.com\/en\/","logo":{"@type":"ImageObject","inLanguage":"en-US","@id":"https:\/\/www.monaco-tribune.com\/en\/#\/schema\/logo\/image\/","url":"https:\/\/www.monaco-tribune.com\/wp-content\/uploads\/2022\/11\/logo-monaco-tribune.png","contentUrl":"https:\/\/www.monaco-tribune.com\/wp-content\/uploads\/2022\/11\/logo-monaco-tribune.png","width":1548,"height":600,"caption":"Monaco Tribune"},"image":{"@id":"https:\/\/www.monaco-tribune.com\/en\/#\/schema\/logo\/image\/"},"sameAs":["https:\/\/www.facebook.com\/MonacoTribune","https:\/\/x.com\/MonacoTribune","https:\/\/www.instagram.com\/monacotribune\/","https:\/\/www.linkedin.com\/company\/monaco-tribune","https:\/\/www.youtube.com\/channel\/UCHle1MnG6hw1y4lWKijVbMA"]},{"@type":"Person","@id":"https:\/\/www.monaco-tribune.com\/en\/#\/schema\/person\/330a3732947cf8cb41b2533a0eadd62e","name":"Romain Boisaubert","image":{"@type":"ImageObject","inLanguage":"en-US","@id":"https:\/\/secure.gravatar.com\/avatar\/f8b90d41f1eabd1cbe4cf59e09d8db41a697d51919bf2dfe727589a24a4a4d54?s=96&d=mm&r=g","url":"https:\/\/secure.gravatar.com\/avatar\/f8b90d41f1eabd1cbe4cf59e09d8db41a697d51919bf2dfe727589a24a4a4d54?s=96&d=mm&r=g","contentUrl":"https:\/\/secure.gravatar.com\/avatar\/f8b90d41f1eabd1cbe4cf59e09d8db41a697d51919bf2dfe727589a24a4a4d54?s=96&d=mm&r=g","caption":"Romain Boisaubert"},"description":"Test bio","url":"https:\/\/www.monaco-tribune.com\/en\/author\/romain-boisaubert\/"}]}},"_links":{"self":[{"href":"https:\/\/www.monaco-tribune.com\/en\/wp-json\/wp\/v2\/posts\/191709","targetHints":{"allow":["GET"]}}],"collection":[{"href":"https:\/\/www.monaco-tribune.com\/en\/wp-json\/wp\/v2\/posts"}],"about":[{"href":"https:\/\/www.monaco-tribune.com\/en\/wp-json\/wp\/v2\/types\/post"}],"author":[{"embeddable":true,"href":"https:\/\/www.monaco-tribune.com\/en\/wp-json\/wp\/v2\/users\/24"}],"replies":[{"embeddable":true,"href":"https:\/\/www.monaco-tribune.com\/en\/wp-json\/wp\/v2\/comments?post=191709"}],"version-history":[{"count":2,"href":"https:\/\/www.monaco-tribune.com\/en\/wp-json\/wp\/v2\/posts\/191709\/revisions"}],"predecessor-version":[{"id":191712,"href":"https:\/\/www.monaco-tribune.com\/en\/wp-json\/wp\/v2\/posts\/191709\/revisions\/191712"}],"wp:featuredmedia":[{"embeddable":true,"href":"https:\/\/www.monaco-tribune.com\/en\/wp-json\/wp\/v2\/media\/190808"}],"wp:attachment":[{"href":"https:\/\/www.monaco-tribune.com\/en\/wp-json\/wp\/v2\/media?parent=191709"}],"wp:term":[{"taxonomy":"category","embeddable":true,"href":"https:\/\/www.monaco-tribune.com\/en\/wp-json\/wp\/v2\/categories?post=191709"},{"taxonomy":"post_tag","embeddable":true,"href":"https:\/\/www.monaco-tribune.com\/en\/wp-json\/wp\/v2\/tags?post=191709"},{"taxonomy":"sectag","embeddable":true,"href":"https:\/\/www.monaco-tribune.com\/en\/wp-json\/wp\/v2\/post_sectags?post=191709"},{"taxonomy":"format","embeddable":true,"href":"https:\/\/www.monaco-tribune.com\/en\/wp-json\/wp\/v2\/post_format?post=191709"}],"curies":[{"name":"wp","href":"https:\/\/api.w.org\/{rel}","templated":true}]}}