{"id":193600,"date":"2023-09-25T13:03:10","date_gmt":"2023-09-25T11:03:10","guid":{"rendered":"https:\/\/www.monaco-tribune.com\/2023\/09\/11-monegasque-words-to-celebrate-back-to-school\/"},"modified":"2023-09-25T13:07:39","modified_gmt":"2023-09-25T11:07:39","slug":"11-monegasque-words-to-celebrate-back-to-school","status":"publish","type":"post","link":"https:\/\/www.monaco-tribune.com\/en\/2023\/09\/11-monegasque-words-to-celebrate-back-to-school\/","title":{"rendered":"11 Monegasque words to celebrate back to school"},"content":{"rendered":"\n<p><strong>How well do you know the Monegasque language? Monaco Tribune, in partnership with the Acad\u00e9mie des Langues Dialectales, gives you a list of words and expressions to boost your vocabulary.<\/strong><\/p>\n\n<p>A few days ago, like <a href=\"https:\/\/www.monaco-tribune.com\/en\/2023\/09\/back-to-school-for-hereditary-prince-jacques-and-princess-gabriella\/\">Hereditary Prince Jacques and Princess Gabriella<\/a>, more than 5,600 schoolchildren began their new school year in the Principality. From primary school to high school, they all have the same school calendar and are all mentioned in the words chosen by Claude Passet, President of the <em>Acad\u00e9mie des Langues Dialectales<\/em>.<\/p>\n\n<p>&#8220;<i>Summer is over, and so are the holidays. Now it&#8217;s time to go back to primary, middle or high school. Have a great school year!<\/i>&#8221; writes <a href=\"https:\/\/www.monaco-tribune.com\/2023\/06\/claude-passet-met-en-lumiere-le-patrimoine-militaire-de-monaco\/\">the man who knows all about Monaco&#8217;s heritage<\/a>.<\/p>\n\n<p class=\"related\"><a href=\"https:\/\/www.monaco-tribune.com\/en\/2022\/10\/academy-of-dialectal-languages-studying-and-preserving-the-monegasque-language\/\">Academy of Dialectal Languages: studying and preserving the Monegasque language<\/a><\/p>\n\n<ul class=\"wp-block-list\">\n<li>School:\u00a0schoera (pronounced \u00ab\u00a0skeura\u00a0\u00bb)\u00a0<\/li>\n\n\n\n<li>Middle school:\u00a0culege\u00a0<\/li>\n\n\n\n<li>High school:\u00a0li\u00e7\u00e8, li\u00e7eu\u00a0<\/li>\n\n\n\n<li>Teacher:\u00a0maistru, prufess\u00f9\u00a0<\/li>\n\n\n\n<li>Pupil: alievu\u00a0<\/li>\n\n\n\n<li>Book:\u00a0libru\u00a0<\/li>\n\n\n\n<li>Notebook\/jotter:\u00a0qinternu\u00a0<\/li>\n\n\n\n<li>Pencil:\u00a0creiyun, creyun\u00a0<\/li>\n\n\n\n<li>Pen, ink pen:\u00a0ci\u00fcmin\u00a0\u00a0<\/li>\n\n\n\n<li>Satchel:\u00a0cartela\u00a0<\/li>\n\n\n\n<li>(School)chum:\u00a0cumpagnu\u00a0<\/li>\n<\/ul>\n\n<p>The \u00fc (umlaut) is pronounced u. And the u without an umlaut is pronounced ou. <\/p>\n","protected":false},"excerpt":{"rendered":"<p>How well do you know the Monegasque language? Monaco Tribune, in partnership with the Acad\u00e9mie des Langues Dialectales, gives you [&hellip;]<\/p>\n","protected":false},"author":65,"featured_media":192295,"comment_status":"closed","ping_status":"closed","sticky":false,"template":"","format":"standard","meta":{"_acf_changed":false,"footnotes":""},"categories":[243,251],"tags":[2911],"post_sectags":[],"post_format":[2454],"class_list":["post-193600","post","type-post","status-publish","format-standard","has-post-thumbnail","hentry","category-news","category-whats-on","tag-monegasque-language","format-guide"],"acf":[],"yoast_head":"<!-- This site is optimized with the Yoast SEO Premium plugin v26.8 (Yoast SEO v27.4) - https:\/\/yoast.com\/product\/yoast-seo-premium-wordpress\/ -->\n<title>11 Monegasque words to celebrate back to school<\/title>\n<meta name=\"description\" content=\"How well do you know the Monegasque language? Monaco Tribune, in partnership with the Acad\u00e9mie des Langues Dialectales, gives you a list of words and\" \/>\n<meta name=\"robots\" content=\"index, follow, max-snippet:-1, max-image-preview:large, max-video-preview:-1\" \/>\n<link rel=\"canonical\" href=\"https:\/\/www.monaco-tribune.com\/en\/2023\/09\/11-monegasque-words-to-celebrate-back-to-school\/\" \/>\n<meta property=\"og:locale\" content=\"en_US\" \/>\n<meta property=\"og:type\" content=\"article\" \/>\n<meta property=\"og:title\" content=\"11 Monegasque words to celebrate back to school - Monaco Tribune\" \/>\n<meta property=\"og:description\" content=\"How well do you know the Monegasque language? Monaco Tribune, in partnership with the Acad\u00e9mie des Langues Dialectales, gives you a list of words and\" \/>\n<meta property=\"og:url\" content=\"https:\/\/www.monaco-tribune.com\/en\/2023\/09\/11-monegasque-words-to-celebrate-back-to-school\/\" \/>\n<meta property=\"og:site_name\" content=\"Monaco Tribune\" \/>\n<meta property=\"article:publisher\" content=\"https:\/\/www.facebook.com\/MonacoTribune\" \/>\n<meta property=\"article:published_time\" content=\"2023-09-25T11:03:10+00:00\" \/>\n<meta property=\"article:modified_time\" content=\"2023-09-25T11:07:39+00:00\" \/>\n<meta property=\"og:image\" content=\"https:\/\/www.monaco-tribune.com\/wp-content\/uploads\/2023\/09\/rentree-des-classes-monaco.jpg\" \/>\n\t<meta property=\"og:image:width\" content=\"1200\" \/>\n\t<meta property=\"og:image:height\" content=\"695\" \/>\n\t<meta property=\"og:image:type\" content=\"image\/jpeg\" \/>\n<meta name=\"author\" content=\"Paul Charoy\" \/>\n<meta name=\"twitter:card\" content=\"summary_large_image\" \/>\n<meta name=\"twitter:creator\" content=\"@MonacoTribune\" \/>\n<meta name=\"twitter:site\" content=\"@MonacoTribune\" \/>\n<script type=\"application\/ld+json\" class=\"yoast-schema-graph\">{\"@context\":\"https:\\\/\\\/schema.org\",\"@graph\":[{\"@type\":\"NewsArticle\",\"@id\":\"https:\\\/\\\/www.monaco-tribune.com\\\/en\\\/2023\\\/09\\\/11-monegasque-words-to-celebrate-back-to-school\\\/#article\",\"isPartOf\":{\"@id\":\"https:\\\/\\\/www.monaco-tribune.com\\\/en\\\/2023\\\/09\\\/11-monegasque-words-to-celebrate-back-to-school\\\/\"},\"author\":{\"name\":\"Paul Charoy\",\"@id\":\"https:\\\/\\\/www.monaco-tribune.com\\\/en\\\/#\\\/schema\\\/person\\\/c33a9f1bc99ef5a2e07d37c576060b57\"},\"headline\":\"11 Monegasque words to celebrate back to school\",\"datePublished\":\"2023-09-25T11:03:10+00:00\",\"dateModified\":\"2023-09-25T11:07:39+00:00\",\"mainEntityOfPage\":{\"@id\":\"https:\\\/\\\/www.monaco-tribune.com\\\/en\\\/2023\\\/09\\\/11-monegasque-words-to-celebrate-back-to-school\\\/\"},\"wordCount\":187,\"publisher\":{\"@id\":\"https:\\\/\\\/www.monaco-tribune.com\\\/en\\\/#organization\"},\"image\":{\"@id\":\"https:\\\/\\\/www.monaco-tribune.com\\\/en\\\/2023\\\/09\\\/11-monegasque-words-to-celebrate-back-to-school\\\/#primaryimage\"},\"thumbnailUrl\":\"https:\\\/\\\/www.monaco-tribune.com\\\/wp-content\\\/uploads\\\/2023\\\/09\\\/rentree-des-classes-monaco.jpg\",\"keywords\":[\"Monegasque language\"],\"articleSection\":[\"News\",\"What&#039;s on\"],\"inLanguage\":\"en-US\",\"copyrightYear\":\"2023\",\"copyrightHolder\":{\"@id\":\"https:\\\/\\\/www.monaco-tribune.com\\\/#organization\"}},{\"@type\":\"WebPage\",\"@id\":\"https:\\\/\\\/www.monaco-tribune.com\\\/en\\\/2023\\\/09\\\/11-monegasque-words-to-celebrate-back-to-school\\\/\",\"url\":\"https:\\\/\\\/www.monaco-tribune.com\\\/en\\\/2023\\\/09\\\/11-monegasque-words-to-celebrate-back-to-school\\\/\",\"name\":\"11 Monegasque words to celebrate back to school\",\"isPartOf\":{\"@id\":\"https:\\\/\\\/www.monaco-tribune.com\\\/en\\\/#website\"},\"primaryImageOfPage\":{\"@id\":\"https:\\\/\\\/www.monaco-tribune.com\\\/en\\\/2023\\\/09\\\/11-monegasque-words-to-celebrate-back-to-school\\\/#primaryimage\"},\"image\":{\"@id\":\"https:\\\/\\\/www.monaco-tribune.com\\\/en\\\/2023\\\/09\\\/11-monegasque-words-to-celebrate-back-to-school\\\/#primaryimage\"},\"thumbnailUrl\":\"https:\\\/\\\/www.monaco-tribune.com\\\/wp-content\\\/uploads\\\/2023\\\/09\\\/rentree-des-classes-monaco.jpg\",\"datePublished\":\"2023-09-25T11:03:10+00:00\",\"dateModified\":\"2023-09-25T11:07:39+00:00\",\"description\":\"How well do you know the Monegasque language? Monaco Tribune, in partnership with the Acad\u00e9mie des Langues Dialectales, gives you a list of words and\",\"breadcrumb\":{\"@id\":\"https:\\\/\\\/www.monaco-tribune.com\\\/en\\\/2023\\\/09\\\/11-monegasque-words-to-celebrate-back-to-school\\\/#breadcrumb\"},\"inLanguage\":\"en-US\",\"potentialAction\":[{\"@type\":\"ReadAction\",\"target\":[\"https:\\\/\\\/www.monaco-tribune.com\\\/en\\\/2023\\\/09\\\/11-monegasque-words-to-celebrate-back-to-school\\\/\"]}]},{\"@type\":\"ImageObject\",\"inLanguage\":\"en-US\",\"@id\":\"https:\\\/\\\/www.monaco-tribune.com\\\/en\\\/2023\\\/09\\\/11-monegasque-words-to-celebrate-back-to-school\\\/#primaryimage\",\"url\":\"https:\\\/\\\/www.monaco-tribune.com\\\/wp-content\\\/uploads\\\/2023\\\/09\\\/rentree-des-classes-monaco.jpg\",\"contentUrl\":\"https:\\\/\\\/www.monaco-tribune.com\\\/wp-content\\\/uploads\\\/2023\\\/09\\\/rentree-des-classes-monaco.jpg\",\"width\":1200,\"height\":695,\"caption\":\"Over 5,600 pupils started the school year in Monaco. \u00a9 Communication department \\\/ St\u00e9phane Danna\"},{\"@type\":\"BreadcrumbList\",\"@id\":\"https:\\\/\\\/www.monaco-tribune.com\\\/en\\\/2023\\\/09\\\/11-monegasque-words-to-celebrate-back-to-school\\\/#breadcrumb\",\"itemListElement\":[{\"@type\":\"ListItem\",\"position\":1,\"name\":\"Accueil\",\"item\":\"https:\\\/\\\/www.monaco-tribune.com\\\/en\\\/\"},{\"@type\":\"ListItem\",\"position\":2,\"name\":\"11 Monegasque words to celebrate back to school\"}]},{\"@type\":\"WebSite\",\"@id\":\"https:\\\/\\\/www.monaco-tribune.com\\\/en\\\/#website\",\"url\":\"https:\\\/\\\/www.monaco-tribune.com\\\/en\\\/\",\"name\":\"Monaco Tribune\",\"description\":\"Monaco : actualit\u00e9s \u00e9conomiques, politiques, culturelles et sportives de Monaco et de la French Riviera.\",\"publisher\":{\"@id\":\"https:\\\/\\\/www.monaco-tribune.com\\\/en\\\/#organization\"},\"potentialAction\":[{\"@type\":\"SearchAction\",\"target\":{\"@type\":\"EntryPoint\",\"urlTemplate\":\"https:\\\/\\\/www.monaco-tribune.com\\\/en\\\/?s={search_term_string}\"},\"query-input\":{\"@type\":\"PropertyValueSpecification\",\"valueRequired\":true,\"valueName\":\"search_term_string\"}}],\"inLanguage\":\"en-US\"},{\"@type\":\"Organization\",\"@id\":\"https:\\\/\\\/www.monaco-tribune.com\\\/en\\\/#organization\",\"name\":\"Monaco Tribune\",\"url\":\"https:\\\/\\\/www.monaco-tribune.com\\\/en\\\/\",\"logo\":{\"@type\":\"ImageObject\",\"inLanguage\":\"en-US\",\"@id\":\"https:\\\/\\\/www.monaco-tribune.com\\\/en\\\/#\\\/schema\\\/logo\\\/image\\\/\",\"url\":\"https:\\\/\\\/www.monaco-tribune.com\\\/wp-content\\\/uploads\\\/2022\\\/11\\\/logo-monaco-tribune.png\",\"contentUrl\":\"https:\\\/\\\/www.monaco-tribune.com\\\/wp-content\\\/uploads\\\/2022\\\/11\\\/logo-monaco-tribune.png\",\"width\":1548,\"height\":600,\"caption\":\"Monaco Tribune\"},\"image\":{\"@id\":\"https:\\\/\\\/www.monaco-tribune.com\\\/en\\\/#\\\/schema\\\/logo\\\/image\\\/\"},\"sameAs\":[\"https:\\\/\\\/www.facebook.com\\\/MonacoTribune\",\"https:\\\/\\\/x.com\\\/MonacoTribune\",\"https:\\\/\\\/www.instagram.com\\\/monacotribune\\\/\",\"https:\\\/\\\/www.linkedin.com\\\/company\\\/monaco-tribune\",\"https:\\\/\\\/www.youtube.com\\\/channel\\\/UCHle1MnG6hw1y4lWKijVbMA\"]},{\"@type\":\"Person\",\"@id\":\"https:\\\/\\\/www.monaco-tribune.com\\\/en\\\/#\\\/schema\\\/person\\\/c33a9f1bc99ef5a2e07d37c576060b57\",\"name\":\"Paul Charoy\",\"image\":{\"@type\":\"ImageObject\",\"inLanguage\":\"en-US\",\"@id\":\"https:\\\/\\\/secure.gravatar.com\\\/avatar\\\/c3a39fd900275d54a628738568f1949e90ce9945d105d000228335a7bad64b38?s=96&d=mm&r=g\",\"url\":\"https:\\\/\\\/secure.gravatar.com\\\/avatar\\\/c3a39fd900275d54a628738568f1949e90ce9945d105d000228335a7bad64b38?s=96&d=mm&r=g\",\"contentUrl\":\"https:\\\/\\\/secure.gravatar.com\\\/avatar\\\/c3a39fd900275d54a628738568f1949e90ce9945d105d000228335a7bad64b38?s=96&d=mm&r=g\",\"caption\":\"Paul Charoy\"},\"url\":\"https:\\\/\\\/www.monaco-tribune.com\\\/en\\\/author\\\/paulcharoy\\\/\"}]}<\/script>\n<!-- \/ Yoast SEO Premium plugin. -->","yoast_head_json":{"title":"11 Monegasque words to celebrate back to school","description":"How well do you know the Monegasque language? Monaco Tribune, in partnership with the Acad\u00e9mie des Langues Dialectales, gives you a list of words and","robots":{"index":"index","follow":"follow","max-snippet":"max-snippet:-1","max-image-preview":"max-image-preview:large","max-video-preview":"max-video-preview:-1"},"canonical":"https:\/\/www.monaco-tribune.com\/en\/2023\/09\/11-monegasque-words-to-celebrate-back-to-school\/","og_locale":"en_US","og_type":"article","og_title":"11 Monegasque words to celebrate back to school - Monaco Tribune","og_description":"How well do you know the Monegasque language? Monaco Tribune, in partnership with the Acad\u00e9mie des Langues Dialectales, gives you a list of words and","og_url":"https:\/\/www.monaco-tribune.com\/en\/2023\/09\/11-monegasque-words-to-celebrate-back-to-school\/","og_site_name":"Monaco Tribune","article_publisher":"https:\/\/www.facebook.com\/MonacoTribune","article_published_time":"2023-09-25T11:03:10+00:00","article_modified_time":"2023-09-25T11:07:39+00:00","og_image":[{"width":1200,"height":695,"url":"https:\/\/www.monaco-tribune.com\/wp-content\/uploads\/2023\/09\/rentree-des-classes-monaco.jpg","type":"image\/jpeg"}],"author":"Paul Charoy","twitter_card":"summary_large_image","twitter_creator":"@MonacoTribune","twitter_site":"@MonacoTribune","schema":{"@context":"https:\/\/schema.org","@graph":[{"@type":"NewsArticle","@id":"https:\/\/www.monaco-tribune.com\/en\/2023\/09\/11-monegasque-words-to-celebrate-back-to-school\/#article","isPartOf":{"@id":"https:\/\/www.monaco-tribune.com\/en\/2023\/09\/11-monegasque-words-to-celebrate-back-to-school\/"},"author":{"name":"Paul Charoy","@id":"https:\/\/www.monaco-tribune.com\/en\/#\/schema\/person\/c33a9f1bc99ef5a2e07d37c576060b57"},"headline":"11 Monegasque words to celebrate back to school","datePublished":"2023-09-25T11:03:10+00:00","dateModified":"2023-09-25T11:07:39+00:00","mainEntityOfPage":{"@id":"https:\/\/www.monaco-tribune.com\/en\/2023\/09\/11-monegasque-words-to-celebrate-back-to-school\/"},"wordCount":187,"publisher":{"@id":"https:\/\/www.monaco-tribune.com\/en\/#organization"},"image":{"@id":"https:\/\/www.monaco-tribune.com\/en\/2023\/09\/11-monegasque-words-to-celebrate-back-to-school\/#primaryimage"},"thumbnailUrl":"https:\/\/www.monaco-tribune.com\/wp-content\/uploads\/2023\/09\/rentree-des-classes-monaco.jpg","keywords":["Monegasque language"],"articleSection":["News","What&#039;s on"],"inLanguage":"en-US","copyrightYear":"2023","copyrightHolder":{"@id":"https:\/\/www.monaco-tribune.com\/#organization"}},{"@type":"WebPage","@id":"https:\/\/www.monaco-tribune.com\/en\/2023\/09\/11-monegasque-words-to-celebrate-back-to-school\/","url":"https:\/\/www.monaco-tribune.com\/en\/2023\/09\/11-monegasque-words-to-celebrate-back-to-school\/","name":"11 Monegasque words to celebrate back to school","isPartOf":{"@id":"https:\/\/www.monaco-tribune.com\/en\/#website"},"primaryImageOfPage":{"@id":"https:\/\/www.monaco-tribune.com\/en\/2023\/09\/11-monegasque-words-to-celebrate-back-to-school\/#primaryimage"},"image":{"@id":"https:\/\/www.monaco-tribune.com\/en\/2023\/09\/11-monegasque-words-to-celebrate-back-to-school\/#primaryimage"},"thumbnailUrl":"https:\/\/www.monaco-tribune.com\/wp-content\/uploads\/2023\/09\/rentree-des-classes-monaco.jpg","datePublished":"2023-09-25T11:03:10+00:00","dateModified":"2023-09-25T11:07:39+00:00","description":"How well do you know the Monegasque language? Monaco Tribune, in partnership with the Acad\u00e9mie des Langues Dialectales, gives you a list of words and","breadcrumb":{"@id":"https:\/\/www.monaco-tribune.com\/en\/2023\/09\/11-monegasque-words-to-celebrate-back-to-school\/#breadcrumb"},"inLanguage":"en-US","potentialAction":[{"@type":"ReadAction","target":["https:\/\/www.monaco-tribune.com\/en\/2023\/09\/11-monegasque-words-to-celebrate-back-to-school\/"]}]},{"@type":"ImageObject","inLanguage":"en-US","@id":"https:\/\/www.monaco-tribune.com\/en\/2023\/09\/11-monegasque-words-to-celebrate-back-to-school\/#primaryimage","url":"https:\/\/www.monaco-tribune.com\/wp-content\/uploads\/2023\/09\/rentree-des-classes-monaco.jpg","contentUrl":"https:\/\/www.monaco-tribune.com\/wp-content\/uploads\/2023\/09\/rentree-des-classes-monaco.jpg","width":1200,"height":695,"caption":"Over 5,600 pupils started the school year in Monaco. \u00a9 Communication department \/ St\u00e9phane Danna"},{"@type":"BreadcrumbList","@id":"https:\/\/www.monaco-tribune.com\/en\/2023\/09\/11-monegasque-words-to-celebrate-back-to-school\/#breadcrumb","itemListElement":[{"@type":"ListItem","position":1,"name":"Accueil","item":"https:\/\/www.monaco-tribune.com\/en\/"},{"@type":"ListItem","position":2,"name":"11 Monegasque words to celebrate back to school"}]},{"@type":"WebSite","@id":"https:\/\/www.monaco-tribune.com\/en\/#website","url":"https:\/\/www.monaco-tribune.com\/en\/","name":"Monaco Tribune","description":"Monaco : actualit\u00e9s \u00e9conomiques, politiques, culturelles et sportives de Monaco et de la French Riviera.","publisher":{"@id":"https:\/\/www.monaco-tribune.com\/en\/#organization"},"potentialAction":[{"@type":"SearchAction","target":{"@type":"EntryPoint","urlTemplate":"https:\/\/www.monaco-tribune.com\/en\/?s={search_term_string}"},"query-input":{"@type":"PropertyValueSpecification","valueRequired":true,"valueName":"search_term_string"}}],"inLanguage":"en-US"},{"@type":"Organization","@id":"https:\/\/www.monaco-tribune.com\/en\/#organization","name":"Monaco Tribune","url":"https:\/\/www.monaco-tribune.com\/en\/","logo":{"@type":"ImageObject","inLanguage":"en-US","@id":"https:\/\/www.monaco-tribune.com\/en\/#\/schema\/logo\/image\/","url":"https:\/\/www.monaco-tribune.com\/wp-content\/uploads\/2022\/11\/logo-monaco-tribune.png","contentUrl":"https:\/\/www.monaco-tribune.com\/wp-content\/uploads\/2022\/11\/logo-monaco-tribune.png","width":1548,"height":600,"caption":"Monaco Tribune"},"image":{"@id":"https:\/\/www.monaco-tribune.com\/en\/#\/schema\/logo\/image\/"},"sameAs":["https:\/\/www.facebook.com\/MonacoTribune","https:\/\/x.com\/MonacoTribune","https:\/\/www.instagram.com\/monacotribune\/","https:\/\/www.linkedin.com\/company\/monaco-tribune","https:\/\/www.youtube.com\/channel\/UCHle1MnG6hw1y4lWKijVbMA"]},{"@type":"Person","@id":"https:\/\/www.monaco-tribune.com\/en\/#\/schema\/person\/c33a9f1bc99ef5a2e07d37c576060b57","name":"Paul Charoy","image":{"@type":"ImageObject","inLanguage":"en-US","@id":"https:\/\/secure.gravatar.com\/avatar\/c3a39fd900275d54a628738568f1949e90ce9945d105d000228335a7bad64b38?s=96&d=mm&r=g","url":"https:\/\/secure.gravatar.com\/avatar\/c3a39fd900275d54a628738568f1949e90ce9945d105d000228335a7bad64b38?s=96&d=mm&r=g","contentUrl":"https:\/\/secure.gravatar.com\/avatar\/c3a39fd900275d54a628738568f1949e90ce9945d105d000228335a7bad64b38?s=96&d=mm&r=g","caption":"Paul Charoy"},"url":"https:\/\/www.monaco-tribune.com\/en\/author\/paulcharoy\/"}]}},"_links":{"self":[{"href":"https:\/\/www.monaco-tribune.com\/en\/wp-json\/wp\/v2\/posts\/193600","targetHints":{"allow":["GET"]}}],"collection":[{"href":"https:\/\/www.monaco-tribune.com\/en\/wp-json\/wp\/v2\/posts"}],"about":[{"href":"https:\/\/www.monaco-tribune.com\/en\/wp-json\/wp\/v2\/types\/post"}],"author":[{"embeddable":true,"href":"https:\/\/www.monaco-tribune.com\/en\/wp-json\/wp\/v2\/users\/65"}],"replies":[{"embeddable":true,"href":"https:\/\/www.monaco-tribune.com\/en\/wp-json\/wp\/v2\/comments?post=193600"}],"version-history":[{"count":2,"href":"https:\/\/www.monaco-tribune.com\/en\/wp-json\/wp\/v2\/posts\/193600\/revisions"}],"predecessor-version":[{"id":193607,"href":"https:\/\/www.monaco-tribune.com\/en\/wp-json\/wp\/v2\/posts\/193600\/revisions\/193607"}],"wp:featuredmedia":[{"embeddable":true,"href":"https:\/\/www.monaco-tribune.com\/en\/wp-json\/wp\/v2\/media\/192295"}],"wp:attachment":[{"href":"https:\/\/www.monaco-tribune.com\/en\/wp-json\/wp\/v2\/media?parent=193600"}],"wp:term":[{"taxonomy":"category","embeddable":true,"href":"https:\/\/www.monaco-tribune.com\/en\/wp-json\/wp\/v2\/categories?post=193600"},{"taxonomy":"post_tag","embeddable":true,"href":"https:\/\/www.monaco-tribune.com\/en\/wp-json\/wp\/v2\/tags?post=193600"},{"taxonomy":"sectag","embeddable":true,"href":"https:\/\/www.monaco-tribune.com\/en\/wp-json\/wp\/v2\/post_sectags?post=193600"},{"taxonomy":"format","embeddable":true,"href":"https:\/\/www.monaco-tribune.com\/en\/wp-json\/wp\/v2\/post_format?post=193600"}],"curies":[{"name":"wp","href":"https:\/\/api.w.org\/{rel}","templated":true}]}}