{"id":195504,"date":"2023-10-06T16:54:09","date_gmt":"2023-10-06T14:54:09","guid":{"rendered":"https:\/\/www.monaco-tribune.com\/2023\/10\/martinique-meets-singapore-in-monaco-chef-marcel-ravin-kicks-off-festival-des-etoiles\/"},"modified":"2023-10-06T17:00:05","modified_gmt":"2023-10-06T15:00:05","slug":"martinique-meets-singapore-in-monaco-chef-marcel-ravin-kicks-off-festival-des-etoiles","status":"publish","type":"post","link":"https:\/\/www.monaco-tribune.com\/en\/2023\/10\/martinique-meets-singapore-in-monaco-chef-marcel-ravin-kicks-off-festival-des-etoiles\/","title":{"rendered":"Martinique meets Singapore in Monaco: chef Marcel Ravin kicks off Festival des \u00c9toil\u00e9s"},"content":{"rendered":"\n<p><strong>On the menu: a dinner combining Caribbean flavours and Asian delicacies courtesy of two chefs from Singapore&#8217;s three-star Odette restaurant.<\/strong><\/p>\n\n<p>Overlooking the sea, on the terrace of the Las Brisas restaurant at Monte-Carlo Bay, two-star chef Marcel Ravin kicked off the third edition of <a href=\"https:\/\/www.monaco-tribune.com\/2023\/09\/les-plus-grands-chefs-de-monaco-et-dailleurs-reunis-pour-des-diners-dexception\/\">the prestigious Festival des \u00c9toil\u00e9s organised by the Monte-Carlo Soci\u00e9t\u00e9 des Bains de Mer <\/a>on 29 and 30 September.<\/p>\n\n<p>Unfortunately, chef Julien Royer was unable to make the trip due to unforeseen circumstances. Instead he was represented by his two chefs from the three-star Odette restaurant in Singapore for this dinner for four (well, six) hands. <\/p>\n<div class=\"wp-block-image\">\n<figure class=\"aligncenter size-large\"><img loading=\"lazy\" decoding=\"async\" width=\"1024\" height=\"726\" src=\"https:\/\/www.monaco-tribune.com\/wp-content\/uploads\/2023\/10\/festival-etoiles-monte-carlo-marcel-ravin-julien-royer-1024x726.jpg\" alt=\"festival-etoiles-monte-carlo-marcel-ravin-julien-royer\" class=\"wp-image-195311\" srcset=\"https:\/\/www.monaco-tribune.com\/wp-content\/uploads\/2023\/10\/festival-etoiles-monte-carlo-marcel-ravin-julien-royer-1024x726.jpg 1024w, https:\/\/www.monaco-tribune.com\/wp-content\/uploads\/2023\/10\/festival-etoiles-monte-carlo-marcel-ravin-julien-royer-423x300.jpg 423w, https:\/\/www.monaco-tribune.com\/wp-content\/uploads\/2023\/10\/festival-etoiles-monte-carlo-marcel-ravin-julien-royer.jpg 1200w\" sizes=\"auto, (max-width: 1024px) 100vw, 1024px\" \/><figcaption class=\"wp-element-caption\"><em>The <del>four <\/del>six-handed dinner was part of the Festival des Etoil\u00e9s de Monte-Carlo &#8211; \u00a9 Monte-Carlo SBM<\/em><\/figcaption><\/figure>\n<\/div>\n<p>&#8220;<i>Ladies and gentlemen, your journey is about to begin,<\/i>&#8221; introduced the ma\u00eetre d&#8217;. And the different flavours throughout the meal, accompanied by soft lounge music, were certainly an invitation to cross the oceans.<\/p>\n\n<p>Julien Royer&#8217;s chefs, Adam and Xiong, started us off with a gamberoni taco, adding a local speciality: Menton lemon. Chef Marcel Ravin, meanwhile, provided a delicate plantain banana flour tartlet with chayote and vintage Comt\u00e9 cheese, paying tribute to the Caribbean flavours of his native Martinique. <\/p>\n\n<p>There were other notes from the islands with the smoked eel and sweet potato, accompanied by Almas caviar, Malabar spinach and a coconut water emulsion. Chefs Adam and Xiong served langoustine with red tetragonia (a plant that is native to Asia), meadowsweet and verbena.<\/p>\n\n<figure class=\"wp-block-gallery has-nested-images columns-1 is-cropped wp-block-gallery-1 is-layout-flex wp-block-gallery-is-layout-flex\">\n<figure class=\"wp-block-image size-large\"><img loading=\"lazy\" decoding=\"async\" width=\"684\" height=\"1024\" data-id=\"195315\" src=\"https:\/\/www.monaco-tribune.com\/wp-content\/uploads\/2023\/10\/julien-royer-langoustine-festival-etoiles-monte-carlo-684x1024.jpg\" alt=\"julien-royer-langoustine-festival-etoiles-monte-carlo\" class=\"wp-image-195315\" srcset=\"https:\/\/www.monaco-tribune.com\/wp-content\/uploads\/2023\/10\/julien-royer-langoustine-festival-etoiles-monte-carlo-684x1024.jpg 684w, https:\/\/www.monaco-tribune.com\/wp-content\/uploads\/2023\/10\/julien-royer-langoustine-festival-etoiles-monte-carlo-200x300.jpg 200w, https:\/\/www.monaco-tribune.com\/wp-content\/uploads\/2023\/10\/julien-royer-langoustine-festival-etoiles-monte-carlo.jpg 1200w\" sizes=\"auto, (max-width: 684px) 100vw, 684px\" \/><\/figure>\n\n\n\n<figure class=\"wp-block-image size-large\"><img loading=\"lazy\" decoding=\"async\" width=\"925\" height=\"1024\" data-id=\"195331\" src=\"https:\/\/www.monaco-tribune.com\/wp-content\/uploads\/2023\/10\/marcel-ravin-anguille-festival-etoiles-monte-carlo-925x1024.jpg\" alt=\"marcel-ravin-anguille-festival-etoiles-monte-carlo\" class=\"wp-image-195331\" srcset=\"https:\/\/www.monaco-tribune.com\/wp-content\/uploads\/2023\/10\/marcel-ravin-anguille-festival-etoiles-monte-carlo-925x1024.jpg 925w, https:\/\/www.monaco-tribune.com\/wp-content\/uploads\/2023\/10\/marcel-ravin-anguille-festival-etoiles-monte-carlo-271x300.jpg 271w, https:\/\/www.monaco-tribune.com\/wp-content\/uploads\/2023\/10\/marcel-ravin-anguille-festival-etoiles-monte-carlo.jpg 1200w\" sizes=\"auto, (max-width: 925px) 100vw, 925px\" \/><\/figure>\n<figcaption class=\"blocks-gallery-caption wp-element-caption\"><em>Langoustine &#8220;like a dumpling,&#8221; red tetragonia, meadowsweet, verbena &amp; Smoked eel, sweet potato, Almas caviar, Malabar spinach and coconut water &#8216;blaff&#8217; emulsion &#8211; \u00a9 Monte-Carlo SBM<\/em><\/figcaption><\/figure>\n\n<p class=\"related\"><a href=\"https:\/\/www.monaco-tribune.com\/en\/2023\/09\/cafe-de-paris-to-reopen-mid-november\/\">Caf\u00e9 de Paris to reopen mid-November<\/a><\/p>\n\n<h2 class=\"wp-block-heading\" id=\"h-de-singapour-a-monte-carlo-une-cuisine-sans-frontieres\">&#8220;From Singapore to Monte Carlo, cuisine without borders&#8221;<\/h2>\n\n<p>Chef Ravin took care of the &#8216;surf&#8217; side with Mediterranean fish, accompanied by a cocoa butter confit, a &#8216;sauce chien&#8217; sabayon and vegetable floralies, while chefs Adam and Xiong took on the &#8216;turf&#8217; side with pigeon with Kampot pepper (grown in Cambodia), garnished with black garlic, fig and a confit thigh, as well as an offal &#8216;Bao&#8217;, a little stuffed bun from China and Vietnam. <\/p>\n<div class=\"wp-block-image\">\n<figure class=\"aligncenter size-large\"><img loading=\"lazy\" decoding=\"async\" width=\"819\" height=\"1024\" src=\"https:\/\/www.monaco-tribune.com\/wp-content\/uploads\/2023\/10\/julien-royer-pigeon-festival-etoiles-monte-carlo-819x1024.jpg\" alt=\"julien-royer-pigeon-festival-etoiles-monte-carlo\" class=\"wp-image-195327\" srcset=\"https:\/\/www.monaco-tribune.com\/wp-content\/uploads\/2023\/10\/julien-royer-pigeon-festival-etoiles-monte-carlo-819x1024.jpg 819w, https:\/\/www.monaco-tribune.com\/wp-content\/uploads\/2023\/10\/julien-royer-pigeon-festival-etoiles-monte-carlo-240x300.jpg 240w, https:\/\/www.monaco-tribune.com\/wp-content\/uploads\/2023\/10\/julien-royer-pigeon-festival-etoiles-monte-carlo.jpg 1200w\" sizes=\"auto, (max-width: 819px) 100vw, 819px\" \/><figcaption class=\"wp-element-caption\"><em>Pigeon with Kampot black pepper, black garlic, fig, confit thigh and offal &#8220;Bao&#8221; &#8211; \u00a9 Monte-Carlo SBM<\/em><\/figcaption><\/figure>\n<\/div>\n<p>The dinner was rounded off with a range of sweet treats, from rose and lychee ice lollies to \u00a0tomato candy &#8220;<i>from our kitchen garden.<\/i>&#8221; Also a mention are &#8220;<i>Chocolates from my childhood in Martinique<\/i>&#8221; and figs from the <em>Jardin des Antipodes<\/em> by Marcel Ravin.<\/p>\n\n<figure class=\"wp-block-gallery has-nested-images columns-1 is-cropped wp-block-gallery-2 is-layout-flex wp-block-gallery-is-layout-flex\">\n<figure class=\"wp-block-image size-large\"><img loading=\"lazy\" decoding=\"async\" width=\"896\" height=\"1024\" data-id=\"195335\" src=\"https:\/\/www.monaco-tribune.com\/wp-content\/uploads\/2023\/10\/marcel-ravin-figue-festival-etoiles-monte-carlo-896x1024.jpg\" alt=\"marcel-ravin-figue-festival-etoiles-monte-carlo\" class=\"wp-image-195335\" srcset=\"https:\/\/www.monaco-tribune.com\/wp-content\/uploads\/2023\/10\/marcel-ravin-figue-festival-etoiles-monte-carlo-896x1024.jpg 896w, https:\/\/www.monaco-tribune.com\/wp-content\/uploads\/2023\/10\/marcel-ravin-figue-festival-etoiles-monte-carlo-262x300.jpg 262w, https:\/\/www.monaco-tribune.com\/wp-content\/uploads\/2023\/10\/marcel-ravin-figue-festival-etoiles-monte-carlo.jpg 1200w\" sizes=\"auto, (max-width: 896px) 100vw, 896px\" \/><\/figure>\n\n\n\n<figure class=\"wp-block-image size-large\"><img loading=\"lazy\" decoding=\"async\" width=\"786\" height=\"1024\" data-id=\"195319\" src=\"https:\/\/www.monaco-tribune.com\/wp-content\/uploads\/2023\/10\/bonbons-tomates-chocolats-martinique-marcel-ravin-festival-etoiles-monte-carlo-786x1024.jpg\" alt=\"bonbons-tomates-chocolats-martinique-marcel-ravin-festival-etoiles-monte-carlo\" class=\"wp-image-195319\" srcset=\"https:\/\/www.monaco-tribune.com\/wp-content\/uploads\/2023\/10\/bonbons-tomates-chocolats-martinique-marcel-ravin-festival-etoiles-monte-carlo-786x1024.jpg 786w, https:\/\/www.monaco-tribune.com\/wp-content\/uploads\/2023\/10\/bonbons-tomates-chocolats-martinique-marcel-ravin-festival-etoiles-monte-carlo-230x300.jpg 230w, https:\/\/www.monaco-tribune.com\/wp-content\/uploads\/2023\/10\/bonbons-tomates-chocolats-martinique-marcel-ravin-festival-etoiles-monte-carlo.jpg 1200w\" sizes=\"auto, (max-width: 786px) 100vw, 786px\" \/><\/figure>\n<figcaption class=\"blocks-gallery-caption wp-element-caption\"><em>Figs from the Jardin des Antipodes, sugar cane vinegar with complementary flavours, Candy with last summer&#8217;s tomato from our kitchen garden and Chocolate from my childhood in Martinique &#8211; \u00a9 Monte-Carlo SBM<\/em><\/figcaption><\/figure>\n\n<p>Variety wasn&#8217;t only available on the plate. A food and champagne pairing had been created in partnership with the well-known maison Veuve Cliquot, which suggested its famous Brut Carte Jaune, then La Grande Dame (2015 White and 2012 Ros\u00e9). <\/p>\n\n<p>The meal was as surprising as it was delicious and was a fabulous start to this new edition of the <em>Festival des \u00c9toil\u00e9s de Monte-Carlo<\/em>, as chef Julien Royer summed it up very well in these words: &#8220;<i>From Singapore to Monte-Carlo, a cuisine without borders where enjoyment, emotion and sharing are the watchwords<\/i>.&#8221;<\/p>\n\n<p class=\"related\"><a href=\"https:\/\/www.monaco-tribune.com\/en\/2023\/10\/exceptional-ball-in-honour-of-prince-rainier-iii-arrives-in-monte-carlo\/\">Exceptional ball in honour of Prince Rainier III arrives in Monte-Carlo<\/a><\/p>\n","protected":false},"excerpt":{"rendered":"<p>On the menu: a dinner combining Caribbean flavours and Asian delicacies courtesy of two chefs from Singapore&#8217;s three-star Odette restaurant. [&hellip;]<\/p>\n","protected":false},"author":60,"featured_media":195308,"comment_status":"closed","ping_status":"closed","sticky":false,"template":"","format":"standard","meta":{"_acf_changed":false,"footnotes":""},"categories":[1825,243,251],"tags":[2862],"post_sectags":[4457],"post_format":[2466],"class_list":["post-195504","post","type-post","status-publish","format-standard","has-post-thumbnail","hentry","category-editors-choice","category-news","category-whats-on","tag-monte-carlo-sbm-en","sectag-festival-des-etoiles-en","format-review"],"acf":[],"yoast_head":"<!-- This site is optimized with the Yoast SEO Premium plugin v26.8 (Yoast SEO v27.4) - https:\/\/yoast.com\/product\/yoast-seo-premium-wordpress\/ -->\n<title>Martinique meets Singapore in Monaco: chef Marcel Ravin kicks off Festival des \u00c9toil\u00e9s<\/title>\n<meta name=\"description\" content=\"On the menu: a dinner combining Caribbean flavours and Asian delicacies courtesy of two chefs from Singapore&#039;s three-star Odette restaurant. Overlooking\" \/>\n<meta name=\"robots\" content=\"index, follow, max-snippet:-1, max-image-preview:large, max-video-preview:-1\" \/>\n<link rel=\"canonical\" href=\"https:\/\/www.monaco-tribune.com\/en\/2023\/10\/martinique-meets-singapore-in-monaco-chef-marcel-ravin-kicks-off-festival-des-etoiles\/\" \/>\n<meta property=\"og:locale\" content=\"en_US\" \/>\n<meta property=\"og:type\" content=\"article\" \/>\n<meta property=\"og:title\" content=\"Martinique meets Singapore in Monaco: chef Marcel Ravin kicks off Festival des \u00c9toil\u00e9s - Monaco Tribune\" \/>\n<meta property=\"og:description\" content=\"On the menu: a dinner combining Caribbean flavours and Asian delicacies courtesy of two chefs from Singapore&#039;s three-star Odette restaurant. Overlooking\" \/>\n<meta property=\"og:url\" content=\"https:\/\/www.monaco-tribune.com\/en\/2023\/10\/martinique-meets-singapore-in-monaco-chef-marcel-ravin-kicks-off-festival-des-etoiles\/\" \/>\n<meta property=\"og:site_name\" content=\"Monaco Tribune\" \/>\n<meta property=\"article:publisher\" content=\"https:\/\/www.facebook.com\/MonacoTribune\" \/>\n<meta property=\"article:published_time\" content=\"2023-10-06T14:54:09+00:00\" \/>\n<meta property=\"article:modified_time\" content=\"2023-10-06T15:00:05+00:00\" \/>\n<meta property=\"og:image\" content=\"https:\/\/www.monaco-tribune.com\/wp-content\/uploads\/2023\/10\/marcel-ravin-odette-monte-carlo.jpg\" \/>\n\t<meta property=\"og:image:width\" content=\"1200\" \/>\n\t<meta property=\"og:image:height\" content=\"739\" \/>\n\t<meta property=\"og:image:type\" content=\"image\/jpeg\" \/>\n<meta name=\"author\" content=\"Camille Esteve\" \/>\n<meta name=\"twitter:card\" content=\"summary_large_image\" \/>\n<meta name=\"twitter:creator\" content=\"@MonacoTribune\" \/>\n<meta name=\"twitter:site\" content=\"@MonacoTribune\" \/>\n<script type=\"application\/ld+json\" class=\"yoast-schema-graph\">{\"@context\":\"https:\\\/\\\/schema.org\",\"@graph\":[{\"@type\":\"NewsArticle\",\"@id\":\"https:\\\/\\\/www.monaco-tribune.com\\\/en\\\/2023\\\/10\\\/martinique-meets-singapore-in-monaco-chef-marcel-ravin-kicks-off-festival-des-etoiles\\\/#article\",\"isPartOf\":{\"@id\":\"https:\\\/\\\/www.monaco-tribune.com\\\/en\\\/2023\\\/10\\\/martinique-meets-singapore-in-monaco-chef-marcel-ravin-kicks-off-festival-des-etoiles\\\/\"},\"author\":{\"name\":\"Camille Esteve\",\"@id\":\"https:\\\/\\\/www.monaco-tribune.com\\\/en\\\/#\\\/schema\\\/person\\\/a855d420fff4d03637641d60b93ac62e\"},\"headline\":\"Martinique meets Singapore in Monaco: chef Marcel Ravin kicks off Festival des \u00c9toil\u00e9s\",\"datePublished\":\"2023-10-06T14:54:09+00:00\",\"dateModified\":\"2023-10-06T15:00:05+00:00\",\"mainEntityOfPage\":{\"@id\":\"https:\\\/\\\/www.monaco-tribune.com\\\/en\\\/2023\\\/10\\\/martinique-meets-singapore-in-monaco-chef-marcel-ravin-kicks-off-festival-des-etoiles\\\/\"},\"wordCount\":556,\"publisher\":{\"@id\":\"https:\\\/\\\/www.monaco-tribune.com\\\/en\\\/#organization\"},\"image\":{\"@id\":\"https:\\\/\\\/www.monaco-tribune.com\\\/en\\\/2023\\\/10\\\/martinique-meets-singapore-in-monaco-chef-marcel-ravin-kicks-off-festival-des-etoiles\\\/#primaryimage\"},\"thumbnailUrl\":\"https:\\\/\\\/www.monaco-tribune.com\\\/wp-content\\\/uploads\\\/2023\\\/10\\\/marcel-ravin-odette-monte-carlo.jpg\",\"keywords\":[\"Monte-Carlo SBM\"],\"articleSection\":[\"Editor&#039;s choice\",\"News\",\"What&#039;s on\"],\"inLanguage\":\"en-US\",\"copyrightYear\":\"2023\",\"copyrightHolder\":{\"@id\":\"https:\\\/\\\/www.monaco-tribune.com\\\/#organization\"}},{\"@type\":\"WebPage\",\"@id\":\"https:\\\/\\\/www.monaco-tribune.com\\\/en\\\/2023\\\/10\\\/martinique-meets-singapore-in-monaco-chef-marcel-ravin-kicks-off-festival-des-etoiles\\\/\",\"url\":\"https:\\\/\\\/www.monaco-tribune.com\\\/en\\\/2023\\\/10\\\/martinique-meets-singapore-in-monaco-chef-marcel-ravin-kicks-off-festival-des-etoiles\\\/\",\"name\":\"Martinique meets Singapore in Monaco: chef Marcel Ravin kicks off Festival des \u00c9toil\u00e9s\",\"isPartOf\":{\"@id\":\"https:\\\/\\\/www.monaco-tribune.com\\\/en\\\/#website\"},\"primaryImageOfPage\":{\"@id\":\"https:\\\/\\\/www.monaco-tribune.com\\\/en\\\/2023\\\/10\\\/martinique-meets-singapore-in-monaco-chef-marcel-ravin-kicks-off-festival-des-etoiles\\\/#primaryimage\"},\"image\":{\"@id\":\"https:\\\/\\\/www.monaco-tribune.com\\\/en\\\/2023\\\/10\\\/martinique-meets-singapore-in-monaco-chef-marcel-ravin-kicks-off-festival-des-etoiles\\\/#primaryimage\"},\"thumbnailUrl\":\"https:\\\/\\\/www.monaco-tribune.com\\\/wp-content\\\/uploads\\\/2023\\\/10\\\/marcel-ravin-odette-monte-carlo.jpg\",\"datePublished\":\"2023-10-06T14:54:09+00:00\",\"dateModified\":\"2023-10-06T15:00:05+00:00\",\"description\":\"On the menu: a dinner combining Caribbean flavours and Asian delicacies courtesy of two chefs from Singapore's three-star Odette restaurant. Overlooking\",\"breadcrumb\":{\"@id\":\"https:\\\/\\\/www.monaco-tribune.com\\\/en\\\/2023\\\/10\\\/martinique-meets-singapore-in-monaco-chef-marcel-ravin-kicks-off-festival-des-etoiles\\\/#breadcrumb\"},\"inLanguage\":\"en-US\",\"potentialAction\":[{\"@type\":\"ReadAction\",\"target\":[\"https:\\\/\\\/www.monaco-tribune.com\\\/en\\\/2023\\\/10\\\/martinique-meets-singapore-in-monaco-chef-marcel-ravin-kicks-off-festival-des-etoiles\\\/\"]}]},{\"@type\":\"ImageObject\",\"inLanguage\":\"en-US\",\"@id\":\"https:\\\/\\\/www.monaco-tribune.com\\\/en\\\/2023\\\/10\\\/martinique-meets-singapore-in-monaco-chef-marcel-ravin-kicks-off-festival-des-etoiles\\\/#primaryimage\",\"url\":\"https:\\\/\\\/www.monaco-tribune.com\\\/wp-content\\\/uploads\\\/2023\\\/10\\\/marcel-ravin-odette-monte-carlo.jpg\",\"contentUrl\":\"https:\\\/\\\/www.monaco-tribune.com\\\/wp-content\\\/uploads\\\/2023\\\/10\\\/marcel-ravin-odette-monte-carlo.jpg\",\"width\":1200,\"height\":739,\"caption\":\"Marcel Ravin welcomed chefs Adam and Xiong from the Odette restaurant in Singapore - \u00a9 Monte-Carlo SBM\"},{\"@type\":\"BreadcrumbList\",\"@id\":\"https:\\\/\\\/www.monaco-tribune.com\\\/en\\\/2023\\\/10\\\/martinique-meets-singapore-in-monaco-chef-marcel-ravin-kicks-off-festival-des-etoiles\\\/#breadcrumb\",\"itemListElement\":[{\"@type\":\"ListItem\",\"position\":1,\"name\":\"Accueil\",\"item\":\"https:\\\/\\\/www.monaco-tribune.com\\\/en\\\/\"},{\"@type\":\"ListItem\",\"position\":2,\"name\":\"Martinique meets Singapore in Monaco: chef Marcel Ravin kicks off Festival des \u00c9toil\u00e9s\"}]},{\"@type\":\"WebSite\",\"@id\":\"https:\\\/\\\/www.monaco-tribune.com\\\/en\\\/#website\",\"url\":\"https:\\\/\\\/www.monaco-tribune.com\\\/en\\\/\",\"name\":\"Monaco Tribune\",\"description\":\"Monaco : actualit\u00e9s \u00e9conomiques, politiques, culturelles et sportives de Monaco et de la French Riviera.\",\"publisher\":{\"@id\":\"https:\\\/\\\/www.monaco-tribune.com\\\/en\\\/#organization\"},\"potentialAction\":[{\"@type\":\"SearchAction\",\"target\":{\"@type\":\"EntryPoint\",\"urlTemplate\":\"https:\\\/\\\/www.monaco-tribune.com\\\/en\\\/?s={search_term_string}\"},\"query-input\":{\"@type\":\"PropertyValueSpecification\",\"valueRequired\":true,\"valueName\":\"search_term_string\"}}],\"inLanguage\":\"en-US\"},{\"@type\":\"Organization\",\"@id\":\"https:\\\/\\\/www.monaco-tribune.com\\\/en\\\/#organization\",\"name\":\"Monaco Tribune\",\"url\":\"https:\\\/\\\/www.monaco-tribune.com\\\/en\\\/\",\"logo\":{\"@type\":\"ImageObject\",\"inLanguage\":\"en-US\",\"@id\":\"https:\\\/\\\/www.monaco-tribune.com\\\/en\\\/#\\\/schema\\\/logo\\\/image\\\/\",\"url\":\"https:\\\/\\\/www.monaco-tribune.com\\\/wp-content\\\/uploads\\\/2022\\\/11\\\/logo-monaco-tribune.png\",\"contentUrl\":\"https:\\\/\\\/www.monaco-tribune.com\\\/wp-content\\\/uploads\\\/2022\\\/11\\\/logo-monaco-tribune.png\",\"width\":1548,\"height\":600,\"caption\":\"Monaco Tribune\"},\"image\":{\"@id\":\"https:\\\/\\\/www.monaco-tribune.com\\\/en\\\/#\\\/schema\\\/logo\\\/image\\\/\"},\"sameAs\":[\"https:\\\/\\\/www.facebook.com\\\/MonacoTribune\",\"https:\\\/\\\/x.com\\\/MonacoTribune\",\"https:\\\/\\\/www.instagram.com\\\/monacotribune\\\/\",\"https:\\\/\\\/www.linkedin.com\\\/company\\\/monaco-tribune\",\"https:\\\/\\\/www.youtube.com\\\/channel\\\/UCHle1MnG6hw1y4lWKijVbMA\"]},{\"@type\":\"Person\",\"@id\":\"https:\\\/\\\/www.monaco-tribune.com\\\/en\\\/#\\\/schema\\\/person\\\/a855d420fff4d03637641d60b93ac62e\",\"name\":\"Camille Esteve\",\"image\":{\"@type\":\"ImageObject\",\"inLanguage\":\"en-US\",\"@id\":\"https:\\\/\\\/secure.gravatar.com\\\/avatar\\\/eaaa2355a7bb56c0018a391c20a55bf9b4690e3f493231dd850e612bfa6ce161?s=96&d=mm&r=g\",\"url\":\"https:\\\/\\\/secure.gravatar.com\\\/avatar\\\/eaaa2355a7bb56c0018a391c20a55bf9b4690e3f493231dd850e612bfa6ce161?s=96&d=mm&r=g\",\"contentUrl\":\"https:\\\/\\\/secure.gravatar.com\\\/avatar\\\/eaaa2355a7bb56c0018a391c20a55bf9b4690e3f493231dd850e612bfa6ce161?s=96&d=mm&r=g\",\"caption\":\"Camille Esteve\"},\"url\":\"https:\\\/\\\/www.monaco-tribune.com\\\/en\\\/author\\\/camilleesteve\\\/\"}]}<\/script>\n<!-- \/ Yoast SEO Premium plugin. -->","yoast_head_json":{"title":"Martinique meets Singapore in Monaco: chef Marcel Ravin kicks off Festival des \u00c9toil\u00e9s","description":"On the menu: a dinner combining Caribbean flavours and Asian delicacies courtesy of two chefs from Singapore's three-star Odette restaurant. Overlooking","robots":{"index":"index","follow":"follow","max-snippet":"max-snippet:-1","max-image-preview":"max-image-preview:large","max-video-preview":"max-video-preview:-1"},"canonical":"https:\/\/www.monaco-tribune.com\/en\/2023\/10\/martinique-meets-singapore-in-monaco-chef-marcel-ravin-kicks-off-festival-des-etoiles\/","og_locale":"en_US","og_type":"article","og_title":"Martinique meets Singapore in Monaco: chef Marcel Ravin kicks off Festival des \u00c9toil\u00e9s - Monaco Tribune","og_description":"On the menu: a dinner combining Caribbean flavours and Asian delicacies courtesy of two chefs from Singapore's three-star Odette restaurant. Overlooking","og_url":"https:\/\/www.monaco-tribune.com\/en\/2023\/10\/martinique-meets-singapore-in-monaco-chef-marcel-ravin-kicks-off-festival-des-etoiles\/","og_site_name":"Monaco Tribune","article_publisher":"https:\/\/www.facebook.com\/MonacoTribune","article_published_time":"2023-10-06T14:54:09+00:00","article_modified_time":"2023-10-06T15:00:05+00:00","og_image":[{"width":1200,"height":739,"url":"https:\/\/www.monaco-tribune.com\/wp-content\/uploads\/2023\/10\/marcel-ravin-odette-monte-carlo.jpg","type":"image\/jpeg"}],"author":"Camille Esteve","twitter_card":"summary_large_image","twitter_creator":"@MonacoTribune","twitter_site":"@MonacoTribune","schema":{"@context":"https:\/\/schema.org","@graph":[{"@type":"NewsArticle","@id":"https:\/\/www.monaco-tribune.com\/en\/2023\/10\/martinique-meets-singapore-in-monaco-chef-marcel-ravin-kicks-off-festival-des-etoiles\/#article","isPartOf":{"@id":"https:\/\/www.monaco-tribune.com\/en\/2023\/10\/martinique-meets-singapore-in-monaco-chef-marcel-ravin-kicks-off-festival-des-etoiles\/"},"author":{"name":"Camille Esteve","@id":"https:\/\/www.monaco-tribune.com\/en\/#\/schema\/person\/a855d420fff4d03637641d60b93ac62e"},"headline":"Martinique meets Singapore in Monaco: chef Marcel Ravin kicks off Festival des \u00c9toil\u00e9s","datePublished":"2023-10-06T14:54:09+00:00","dateModified":"2023-10-06T15:00:05+00:00","mainEntityOfPage":{"@id":"https:\/\/www.monaco-tribune.com\/en\/2023\/10\/martinique-meets-singapore-in-monaco-chef-marcel-ravin-kicks-off-festival-des-etoiles\/"},"wordCount":556,"publisher":{"@id":"https:\/\/www.monaco-tribune.com\/en\/#organization"},"image":{"@id":"https:\/\/www.monaco-tribune.com\/en\/2023\/10\/martinique-meets-singapore-in-monaco-chef-marcel-ravin-kicks-off-festival-des-etoiles\/#primaryimage"},"thumbnailUrl":"https:\/\/www.monaco-tribune.com\/wp-content\/uploads\/2023\/10\/marcel-ravin-odette-monte-carlo.jpg","keywords":["Monte-Carlo SBM"],"articleSection":["Editor&#039;s choice","News","What&#039;s on"],"inLanguage":"en-US","copyrightYear":"2023","copyrightHolder":{"@id":"https:\/\/www.monaco-tribune.com\/#organization"}},{"@type":"WebPage","@id":"https:\/\/www.monaco-tribune.com\/en\/2023\/10\/martinique-meets-singapore-in-monaco-chef-marcel-ravin-kicks-off-festival-des-etoiles\/","url":"https:\/\/www.monaco-tribune.com\/en\/2023\/10\/martinique-meets-singapore-in-monaco-chef-marcel-ravin-kicks-off-festival-des-etoiles\/","name":"Martinique meets Singapore in Monaco: chef Marcel Ravin kicks off Festival des \u00c9toil\u00e9s","isPartOf":{"@id":"https:\/\/www.monaco-tribune.com\/en\/#website"},"primaryImageOfPage":{"@id":"https:\/\/www.monaco-tribune.com\/en\/2023\/10\/martinique-meets-singapore-in-monaco-chef-marcel-ravin-kicks-off-festival-des-etoiles\/#primaryimage"},"image":{"@id":"https:\/\/www.monaco-tribune.com\/en\/2023\/10\/martinique-meets-singapore-in-monaco-chef-marcel-ravin-kicks-off-festival-des-etoiles\/#primaryimage"},"thumbnailUrl":"https:\/\/www.monaco-tribune.com\/wp-content\/uploads\/2023\/10\/marcel-ravin-odette-monte-carlo.jpg","datePublished":"2023-10-06T14:54:09+00:00","dateModified":"2023-10-06T15:00:05+00:00","description":"On the menu: a dinner combining Caribbean flavours and Asian delicacies courtesy of two chefs from Singapore's three-star Odette restaurant. Overlooking","breadcrumb":{"@id":"https:\/\/www.monaco-tribune.com\/en\/2023\/10\/martinique-meets-singapore-in-monaco-chef-marcel-ravin-kicks-off-festival-des-etoiles\/#breadcrumb"},"inLanguage":"en-US","potentialAction":[{"@type":"ReadAction","target":["https:\/\/www.monaco-tribune.com\/en\/2023\/10\/martinique-meets-singapore-in-monaco-chef-marcel-ravin-kicks-off-festival-des-etoiles\/"]}]},{"@type":"ImageObject","inLanguage":"en-US","@id":"https:\/\/www.monaco-tribune.com\/en\/2023\/10\/martinique-meets-singapore-in-monaco-chef-marcel-ravin-kicks-off-festival-des-etoiles\/#primaryimage","url":"https:\/\/www.monaco-tribune.com\/wp-content\/uploads\/2023\/10\/marcel-ravin-odette-monte-carlo.jpg","contentUrl":"https:\/\/www.monaco-tribune.com\/wp-content\/uploads\/2023\/10\/marcel-ravin-odette-monte-carlo.jpg","width":1200,"height":739,"caption":"Marcel Ravin welcomed chefs Adam and Xiong from the Odette restaurant in Singapore - \u00a9 Monte-Carlo SBM"},{"@type":"BreadcrumbList","@id":"https:\/\/www.monaco-tribune.com\/en\/2023\/10\/martinique-meets-singapore-in-monaco-chef-marcel-ravin-kicks-off-festival-des-etoiles\/#breadcrumb","itemListElement":[{"@type":"ListItem","position":1,"name":"Accueil","item":"https:\/\/www.monaco-tribune.com\/en\/"},{"@type":"ListItem","position":2,"name":"Martinique meets Singapore in Monaco: chef Marcel Ravin kicks off Festival des \u00c9toil\u00e9s"}]},{"@type":"WebSite","@id":"https:\/\/www.monaco-tribune.com\/en\/#website","url":"https:\/\/www.monaco-tribune.com\/en\/","name":"Monaco Tribune","description":"Monaco : actualit\u00e9s \u00e9conomiques, politiques, culturelles et sportives de Monaco et de la French Riviera.","publisher":{"@id":"https:\/\/www.monaco-tribune.com\/en\/#organization"},"potentialAction":[{"@type":"SearchAction","target":{"@type":"EntryPoint","urlTemplate":"https:\/\/www.monaco-tribune.com\/en\/?s={search_term_string}"},"query-input":{"@type":"PropertyValueSpecification","valueRequired":true,"valueName":"search_term_string"}}],"inLanguage":"en-US"},{"@type":"Organization","@id":"https:\/\/www.monaco-tribune.com\/en\/#organization","name":"Monaco Tribune","url":"https:\/\/www.monaco-tribune.com\/en\/","logo":{"@type":"ImageObject","inLanguage":"en-US","@id":"https:\/\/www.monaco-tribune.com\/en\/#\/schema\/logo\/image\/","url":"https:\/\/www.monaco-tribune.com\/wp-content\/uploads\/2022\/11\/logo-monaco-tribune.png","contentUrl":"https:\/\/www.monaco-tribune.com\/wp-content\/uploads\/2022\/11\/logo-monaco-tribune.png","width":1548,"height":600,"caption":"Monaco Tribune"},"image":{"@id":"https:\/\/www.monaco-tribune.com\/en\/#\/schema\/logo\/image\/"},"sameAs":["https:\/\/www.facebook.com\/MonacoTribune","https:\/\/x.com\/MonacoTribune","https:\/\/www.instagram.com\/monacotribune\/","https:\/\/www.linkedin.com\/company\/monaco-tribune","https:\/\/www.youtube.com\/channel\/UCHle1MnG6hw1y4lWKijVbMA"]},{"@type":"Person","@id":"https:\/\/www.monaco-tribune.com\/en\/#\/schema\/person\/a855d420fff4d03637641d60b93ac62e","name":"Camille Esteve","image":{"@type":"ImageObject","inLanguage":"en-US","@id":"https:\/\/secure.gravatar.com\/avatar\/eaaa2355a7bb56c0018a391c20a55bf9b4690e3f493231dd850e612bfa6ce161?s=96&d=mm&r=g","url":"https:\/\/secure.gravatar.com\/avatar\/eaaa2355a7bb56c0018a391c20a55bf9b4690e3f493231dd850e612bfa6ce161?s=96&d=mm&r=g","contentUrl":"https:\/\/secure.gravatar.com\/avatar\/eaaa2355a7bb56c0018a391c20a55bf9b4690e3f493231dd850e612bfa6ce161?s=96&d=mm&r=g","caption":"Camille Esteve"},"url":"https:\/\/www.monaco-tribune.com\/en\/author\/camilleesteve\/"}]}},"_links":{"self":[{"href":"https:\/\/www.monaco-tribune.com\/en\/wp-json\/wp\/v2\/posts\/195504","targetHints":{"allow":["GET"]}}],"collection":[{"href":"https:\/\/www.monaco-tribune.com\/en\/wp-json\/wp\/v2\/posts"}],"about":[{"href":"https:\/\/www.monaco-tribune.com\/en\/wp-json\/wp\/v2\/types\/post"}],"author":[{"embeddable":true,"href":"https:\/\/www.monaco-tribune.com\/en\/wp-json\/wp\/v2\/users\/60"}],"replies":[{"embeddable":true,"href":"https:\/\/www.monaco-tribune.com\/en\/wp-json\/wp\/v2\/comments?post=195504"}],"version-history":[{"count":2,"href":"https:\/\/www.monaco-tribune.com\/en\/wp-json\/wp\/v2\/posts\/195504\/revisions"}],"predecessor-version":[{"id":195530,"href":"https:\/\/www.monaco-tribune.com\/en\/wp-json\/wp\/v2\/posts\/195504\/revisions\/195530"}],"wp:featuredmedia":[{"embeddable":true,"href":"https:\/\/www.monaco-tribune.com\/en\/wp-json\/wp\/v2\/media\/195308"}],"wp:attachment":[{"href":"https:\/\/www.monaco-tribune.com\/en\/wp-json\/wp\/v2\/media?parent=195504"}],"wp:term":[{"taxonomy":"category","embeddable":true,"href":"https:\/\/www.monaco-tribune.com\/en\/wp-json\/wp\/v2\/categories?post=195504"},{"taxonomy":"post_tag","embeddable":true,"href":"https:\/\/www.monaco-tribune.com\/en\/wp-json\/wp\/v2\/tags?post=195504"},{"taxonomy":"sectag","embeddable":true,"href":"https:\/\/www.monaco-tribune.com\/en\/wp-json\/wp\/v2\/post_sectags?post=195504"},{"taxonomy":"format","embeddable":true,"href":"https:\/\/www.monaco-tribune.com\/en\/wp-json\/wp\/v2\/post_format?post=195504"}],"curies":[{"name":"wp","href":"https:\/\/api.w.org\/{rel}","templated":true}]}}