{"id":201085,"date":"2023-11-16T15:21:24","date_gmt":"2023-11-16T13:21:24","guid":{"rendered":"https:\/\/www.monaco-tribune.com\/2023\/11\/legendary-cafe-de-paris-opens-again-at-last\/"},"modified":"2023-11-16T15:39:42","modified_gmt":"2023-11-16T13:39:42","slug":"legendary-cafe-de-paris-opens-again-at-last","status":"publish","type":"post","link":"https:\/\/www.monaco-tribune.com\/en\/2023\/11\/legendary-cafe-de-paris-opens-again-at-last\/","title":{"rendered":"Legendary Caf\u00e9 de Paris opens again at last"},"content":{"rendered":"\n<p><strong>And it was fully booked from day 1!<\/strong><\/p>\n\n\n\n<p>It was an eagerly awaited date in the Principality. The famous <em>Caf\u00e9 de Paris Monte-Carlo<\/em>, the flagship establishment of the Soci\u00e9t\u00e9 des Bains de Mer (SBM), welcomed customers once again on Tuesday 14 November, after an extensive refurbishment.<\/p>\n\n\n\n<p>With a capacity of 500 place settings, the restaurant was fully booked at lunchtime, and many people had to wait patiently before they could enter the restaurant, which has been given a complete facelift by the David Collins design and architecture studio, while retaining some elements from the previous incarnation. The most observant guests will have noticed, for example, the glass screens decorated with the signs of the zodiac.<\/p>\n\n\n<div class=\"wp-block-image\">\n<figure class=\"aligncenter size-large\"><img loading=\"lazy\" decoding=\"async\" width=\"1024\" height=\"683\" src=\"https:\/\/www.monaco-tribune.com\/wp-content\/uploads\/2023\/11\/cafe-paris-monte-carlo-salle-1024x683.jpg\" alt=\"cafe-paris-monte-carlo-salle\" class=\"wp-image-200864\" srcset=\"https:\/\/www.monaco-tribune.com\/wp-content\/uploads\/2023\/11\/cafe-paris-monte-carlo-salle-1024x683.jpg 1024w, https:\/\/www.monaco-tribune.com\/wp-content\/uploads\/2023\/11\/cafe-paris-monte-carlo-salle-450x300.jpg 450w, https:\/\/www.monaco-tribune.com\/wp-content\/uploads\/2023\/11\/cafe-paris-monte-carlo-salle.jpg 1200w\" sizes=\"auto, (max-width: 1024px) 100vw, 1024px\" \/><figcaption class=\"wp-element-caption\"><em>The glass screens, decorated with the signs of the zodiac, were already present in the previous incarnation of the restaurant &#8211; \u00a9 Monte-Carlo SBM<\/em><\/figcaption><\/figure>\n<\/div>\n\n\n<p class=\"related\"><a href=\"https:\/\/www.monaco-tribune.com\/en\/2023\/10\/taste-test-taera-delicious-venezuelan-cuisine-in-the-heart-of-monte-carlo\/\">TASTE TEST Taera, delicious Venezuelan cuisine in the heart of Monte-Carlo<\/a><\/p>\n\n\n\n<h2 class=\"wp-block-heading\" id=\"h-showcasing-french-gastronomy\">Showcasing French gastronomy<\/h2>\n\n\n\n<p>Customers enjoyed their meal in the warm, friendly atmosphere that is typical of Parisian brasseries, whether on the comfortable <em>banquettes<\/em> indoors or on the sunny terraces outside. The one on the first floor boasts a beautiful view of the Place du Casino, and has us dreaming about what the eagerly-awaited Amaz\u00f3nico, <a href=\"https:\/\/www.monaco-tribune.com\/en\/2023\/09\/cafe-de-paris-to-reopen-mid-november\/\">scheduled for next spring<\/a>, will provide, on the roof of the Caf\u00e9 de Paris.<\/p>\n\n\n\n<figure class=\"wp-block-gallery has-nested-images columns-1 is-cropped wp-block-gallery-1 is-layout-flex wp-block-gallery-is-layout-flex\">\n<figure class=\"wp-block-image size-large\"><img loading=\"lazy\" decoding=\"async\" width=\"1024\" height=\"683\" data-id=\"200856\" src=\"https:\/\/www.monaco-tribune.com\/wp-content\/uploads\/2023\/11\/cafe-paris-monaco-1024x683.jpeg\" alt=\"cafe-paris-monaco\" class=\"wp-image-200856\" srcset=\"https:\/\/www.monaco-tribune.com\/wp-content\/uploads\/2023\/11\/cafe-paris-monaco-1024x683.jpeg 1024w, https:\/\/www.monaco-tribune.com\/wp-content\/uploads\/2023\/11\/cafe-paris-monaco-450x300.jpeg 450w, https:\/\/www.monaco-tribune.com\/wp-content\/uploads\/2023\/11\/cafe-paris-monaco.jpeg 1200w\" sizes=\"auto, (max-width: 1024px) 100vw, 1024px\" \/><\/figure>\n\n\n\n<figure class=\"wp-block-image size-large\"><img loading=\"lazy\" decoding=\"async\" width=\"1024\" height=\"819\" data-id=\"200868\" src=\"https:\/\/www.monaco-tribune.com\/wp-content\/uploads\/2023\/11\/cafe-paris-monte-carlo-terrasse-1024x819.jpg\" alt=\"cafe-paris-monte-carlo-terrasse\" class=\"wp-image-200868\" srcset=\"https:\/\/www.monaco-tribune.com\/wp-content\/uploads\/2023\/11\/cafe-paris-monte-carlo-terrasse-1024x819.jpg 1024w, https:\/\/www.monaco-tribune.com\/wp-content\/uploads\/2023\/11\/cafe-paris-monte-carlo-terrasse-375x300.jpg 375w, https:\/\/www.monaco-tribune.com\/wp-content\/uploads\/2023\/11\/cafe-paris-monte-carlo-terrasse.jpg 1200w\" sizes=\"auto, (max-width: 1024px) 100vw, 1024px\" \/><\/figure>\n<figcaption class=\"blocks-gallery-caption wp-element-caption\"><em>You can eat indoors or on the terrace &#8211; \u00a9 Monte-Carlo SBM<\/em><\/figcaption><\/figure>\n\n\n\n<p>But let&#8217;s get back to the brasserie, which provides a rich menu, typical to this type of establishment, and created by chef Victor Marion. Eggs mimosa, <em>p\u00e2t\u00e9 en cro\u00fbte<\/em>, scallops, &#8220;<a href=\"https:\/\/www.monaco-tribune.com\/en\/2022\/03\/marie-blanc-the-woman-behind-some-of-monacos-finest-establishments\/\">Fran\u00e7ois Blanc<\/a>&#8221; French onion soup, Burgundy snails, home-made<em> foie gras<\/em>, oysters, fish soup&#8230;<\/p>\n\n\n\n<figure class=\"wp-block-gallery has-nested-images columns-1 is-cropped wp-block-gallery-2 is-layout-flex wp-block-gallery-is-layout-flex\">\n<figure class=\"wp-block-image size-large\"><img loading=\"lazy\" decoding=\"async\" width=\"1024\" height=\"1024\" data-id=\"200876\" src=\"https:\/\/www.monaco-tribune.com\/wp-content\/uploads\/2023\/11\/cafe-paris-oeufs-mimosa-caviar-1024x1024.jpg\" alt=\"cafe-paris-oeufs-mimosa-caviar\" class=\"wp-image-200876\" srcset=\"https:\/\/www.monaco-tribune.com\/wp-content\/uploads\/2023\/11\/cafe-paris-oeufs-mimosa-caviar-1024x1024.jpg 1024w, https:\/\/www.monaco-tribune.com\/wp-content\/uploads\/2023\/11\/cafe-paris-oeufs-mimosa-caviar-300x300.jpg 300w\" sizes=\"auto, (max-width: 1024px) 100vw, 1024px\" \/><\/figure>\n\n\n\n<figure class=\"wp-block-image size-large\"><img loading=\"lazy\" decoding=\"async\" width=\"684\" height=\"1024\" data-id=\"200880\" src=\"https:\/\/www.monaco-tribune.com\/wp-content\/uploads\/2023\/11\/cafe-paris-pate-croute-684x1024.jpg\" alt=\"cafe-paris-pate-croute\" class=\"wp-image-200880\" srcset=\"https:\/\/www.monaco-tribune.com\/wp-content\/uploads\/2023\/11\/cafe-paris-pate-croute-684x1024.jpg 684w, https:\/\/www.monaco-tribune.com\/wp-content\/uploads\/2023\/11\/cafe-paris-pate-croute-200x300.jpg 200w, https:\/\/www.monaco-tribune.com\/wp-content\/uploads\/2023\/11\/cafe-paris-pate-croute.jpg 1200w\" sizes=\"auto, (max-width: 684px) 100vw, 684px\" \/><\/figure>\n\n\n\n<figure class=\"wp-block-image size-large\"><img loading=\"lazy\" decoding=\"async\" width=\"741\" height=\"1024\" data-id=\"200852\" src=\"https:\/\/www.monaco-tribune.com\/wp-content\/uploads\/2023\/11\/cafe-paris-gratinee-oignon-741x1024.jpg\" alt=\"cafe-paris-gratinee-oignon\" class=\"wp-image-200852\" srcset=\"https:\/\/www.monaco-tribune.com\/wp-content\/uploads\/2023\/11\/cafe-paris-gratinee-oignon-741x1024.jpg 741w, https:\/\/www.monaco-tribune.com\/wp-content\/uploads\/2023\/11\/cafe-paris-gratinee-oignon-217x300.jpg 217w, https:\/\/www.monaco-tribune.com\/wp-content\/uploads\/2023\/11\/cafe-paris-gratinee-oignon.jpg 1200w\" sizes=\"auto, (max-width: 741px) 100vw, 741px\" \/><\/figure>\n<figcaption class=\"blocks-gallery-caption wp-element-caption\"><p style=\"font-weight: 400;\"><em>At the Caf\u00e9 de Paris Monte-Carlo, you can enjoy eggs mimosa with caviar, p\u00e2t\u00e9 en cro\u00fbte or &#8220;Fran\u00e7ois Blanc&#8221; onion soup for example- \u00a9 Monte-Carlo SBM<\/em><\/p><\/figcaption><\/figure>\n\n\n\n<p>France&#8217;s rich culinary heritage is showcased, with Mediterranean touches such as the traditional <em>pissaladi\u00e8re<\/em>, Moneco-style <em>barbagiuans<\/em> or the <em>Belle Salade Ni\u00e7oise<\/em>! <\/p>\n\n\n<div class=\"wp-block-image\">\n<figure class=\"aligncenter size-large\"><img loading=\"lazy\" decoding=\"async\" width=\"819\" height=\"1024\" src=\"https:\/\/www.monaco-tribune.com\/wp-content\/uploads\/2023\/11\/cafe-paris-chef-victor-marion-819x1024.jpg\" alt=\"cafe-paris-chef-victor-marion\" class=\"wp-image-200848\" srcset=\"https:\/\/www.monaco-tribune.com\/wp-content\/uploads\/2023\/11\/cafe-paris-chef-victor-marion-819x1024.jpg 819w, https:\/\/www.monaco-tribune.com\/wp-content\/uploads\/2023\/11\/cafe-paris-chef-victor-marion-240x300.jpg 240w, https:\/\/www.monaco-tribune.com\/wp-content\/uploads\/2023\/11\/cafe-paris-chef-victor-marion.jpg 1200w\" sizes=\"auto, (max-width: 819px) 100vw, 819px\" \/><figcaption class=\"wp-element-caption\"><em>Chef Victor Marion &#8211; \u00a9 Monte-Carlo SBM<\/em><\/figcaption><\/figure>\n<\/div>\n\n\n<p>Not forgetting the desserts: <em>cr\u00e8me br\u00fbl\u00e9e<\/em> with Sicilian pistachio, chocolate <em>souffl\u00e9<\/em> tart, <em>\u00eele flottante<\/em>, Grand Marnier <em>millefeuille<\/em> , flamb\u00e9ed &#8216;<em>omelette norv\u00e9gienne<\/em>&#8216; (baked Alaska). There&#8217;s plenty for gourmets to choose from.<\/p>\n\n\n\n<p class=\"related\"><\/p>\n\n\n\n<h2 class=\"wp-block-heading\" id=\"h-are-you-familiar-with-the-history-of-the-crepe-suzette\">Are you familiar with the history of the Cr\u00eape Suzette?<\/h2>\n\n\n\n<p>The must-do sweet treat is of course the <em>Cr\u00eape Suzette<\/em>, flamb\u00e9ed at your table, whose accidental invention is one of the highlights in the history of the Caf\u00e9 de Paris: <\/p>\n\n\n\n<p>&#8220;<em>This cr\u00eape started out in 1896 at the Caf\u00e9 de Paris Monte-Carlo, when the Prince of Wales and future British King, Edward VII, was a regular visitor to Monaco, with many crowned heads and well-stocked wallets following in his wake!<\/em><\/p>\n\n\n\n<p><em>One day, during lunch at the Caf\u00e9 de Paris, Chef Carpentier was preparing crepes doused in liqueur in front of the Prince, when the contents of his frying pan accidentally caught fire. The Prince of Wales was thrilled and asked the chef what his recipe was called.<\/em><\/p>\n\n\n<div class=\"wp-block-image\">\n<figure class=\"aligncenter size-large\"><img loading=\"lazy\" decoding=\"async\" width=\"720\" height=\"1024\" src=\"https:\/\/www.monaco-tribune.com\/wp-content\/uploads\/2023\/11\/cafe-paris-crepe-suzette-720x1024.jpg\" alt=\"cafe-paris-crepe-suzette\" class=\"wp-image-200884\" srcset=\"https:\/\/www.monaco-tribune.com\/wp-content\/uploads\/2023\/11\/cafe-paris-crepe-suzette-720x1024.jpg 720w, https:\/\/www.monaco-tribune.com\/wp-content\/uploads\/2023\/11\/cafe-paris-crepe-suzette-211x300.jpg 211w, https:\/\/www.monaco-tribune.com\/wp-content\/uploads\/2023\/11\/cafe-paris-crepe-suzette.jpg 1200w\" sizes=\"auto, (max-width: 720px) 100vw, 720px\" \/><figcaption class=\"wp-element-caption\"><em>The Cr\u00eape Suzette was invented at the Caf\u00e9 de Paris &#8211; \u00a9 Monte-Carlo SBM<\/em><\/figcaption><\/figure>\n<\/div>\n\n\n<p><em>Caught off guard, but saved by his quick repartee, the Chef admitted that the recipe had been invented for the occasion, and suggested that they be called <\/em>&#8220;Cr\u00eapes Princi\u00e8res&#8221;<em> (Princely Pancakes).\u00a0<\/em><\/p>\n\n\n\n<p><em>The Prince of Wales, in a show of gallantry, suggested instead that they be named after the charming lady with whom he was sharing his meal. Her name was&#8230; Suzette.&#8221;<\/em><\/p>\n\n\n\n<h2 class=\"wp-block-heading\" id=\"h-18-hour-service\">18-hour service<\/h2>\n\n\n\n<p>155 years after opening as the Caf\u00e9 Divan, the Caf\u00e9 de Paris Monte-Carlo is an institution that is constantly reinventing itself.<\/p>\n\n\n\n<p>Whether it is for a coffee or a meal, the establishment provides a simple, chic welcome, with a lively atmosphere typical of Parisian brasseries on the ground floor, and a quieter, more intimate setting on the first floor. <\/p>\n\n\n\n<p>Thanks to its 18-hour service, the establishment will welcome you even into the small hours, making it an ideal place to eat after a performance at the Opera, for example. <\/p>\n\n\n\n<p>One thing is for sure, the Caf\u00e9 de Paris Monte-Carlo is definitely a must-see in Monaco. Whether it is your first time there or not! <\/p>\n\n\n<div class=\"wp-block-image\">\n<figure class=\"aligncenter size-large\"><img loading=\"lazy\" decoding=\"async\" width=\"1024\" height=\"683\" src=\"https:\/\/www.monaco-tribune.com\/wp-content\/uploads\/2023\/11\/cafe-paris-monte-carlo-reouverture-1024x683.jpg\" alt=\"cafe-paris-monte-carlo-reouverture\" class=\"wp-image-200860\" srcset=\"https:\/\/www.monaco-tribune.com\/wp-content\/uploads\/2023\/11\/cafe-paris-monte-carlo-reouverture-1024x683.jpg 1024w, https:\/\/www.monaco-tribune.com\/wp-content\/uploads\/2023\/11\/cafe-paris-monte-carlo-reouverture-450x300.jpg 450w, https:\/\/www.monaco-tribune.com\/wp-content\/uploads\/2023\/11\/cafe-paris-monte-carlo-reouverture.jpg 1200w\" sizes=\"auto, (max-width: 1024px) 100vw, 1024px\" \/><figcaption class=\"wp-element-caption\"><p style=\"font-weight: 400;\"><em>The Caf\u00e9 de Paris staff welcome you round the clock, and with a smile! &#8211; Monte-Carlo SBM<\/em><\/p><\/figcaption><\/figure>\n<\/div>\n\n\n<hr class=\"wp-block-separator has-alpha-channel-opacity\"\/>\n\n\n\n<p><em>Practical details:<\/em><\/p>\n\n\n\n<ul class=\"wp-block-list\">\n<li>Place du Casino, 98000 Monaco<\/li>\n\n\n\n<li>Open every day from 8 am to 3 am<\/li>\n\n\n\n<li>Information and bookings: +377 98 06 76 23 or on the SBM website<\/li>\n<\/ul>\n","protected":false},"excerpt":{"rendered":"<p>And it was fully booked from day 1! It was an eagerly awaited date in the Principality. The famous Caf\u00e9 [&hellip;]<\/p>\n","protected":false},"author":60,"featured_media":200873,"comment_status":"closed","ping_status":"closed","sticky":false,"template":"","format":"standard","meta":{"_acf_changed":false,"footnotes":""},"categories":[1825,243,251],"tags":[2862],"post_sectags":[4156],"post_format":[2459],"class_list":["post-201085","post","type-post","status-publish","format-standard","has-post-thumbnail","hentry","category-editors-choice","category-news","category-whats-on","tag-monte-carlo-sbm-en","sectag-fine-dining","format-reportage-en"],"acf":[],"yoast_head":"<!-- This site is optimized with the Yoast SEO Premium plugin v26.8 (Yoast SEO v27.5) - https:\/\/yoast.com\/product\/yoast-seo-premium-wordpress\/ -->\n<title>Legendary Caf\u00e9 de Paris opens again at last<\/title>\n<meta name=\"description\" content=\"And it was fully booked from day 1! It was an eagerly awaited date in the Principality. The famous Caf\u00e9 de Paris Monte-Carlo, the flagship establishment\" \/>\n<meta name=\"robots\" content=\"index, follow, max-snippet:-1, max-image-preview:large, max-video-preview:-1\" \/>\n<link rel=\"canonical\" href=\"https:\/\/www.monaco-tribune.com\/en\/2023\/11\/legendary-cafe-de-paris-opens-again-at-last\/\" \/>\n<meta property=\"og:locale\" content=\"en_US\" \/>\n<meta property=\"og:type\" content=\"article\" \/>\n<meta property=\"og:title\" content=\"Legendary Caf\u00e9 de Paris opens again at last - Monaco Tribune\" \/>\n<meta property=\"og:description\" content=\"And it was fully booked from day 1! It was an eagerly awaited date in the Principality. The famous Caf\u00e9 de Paris Monte-Carlo, the flagship establishment\" \/>\n<meta property=\"og:url\" content=\"https:\/\/www.monaco-tribune.com\/en\/2023\/11\/legendary-cafe-de-paris-opens-again-at-last\/\" \/>\n<meta property=\"og:site_name\" content=\"Monaco Tribune\" \/>\n<meta property=\"article:publisher\" content=\"https:\/\/www.facebook.com\/MonacoTribune\" \/>\n<meta property=\"article:published_time\" content=\"2023-11-16T13:21:24+00:00\" \/>\n<meta property=\"article:modified_time\" content=\"2023-11-16T13:39:42+00:00\" \/>\n<meta property=\"og:image\" content=\"https:\/\/www.monaco-tribune.com\/wp-content\/uploads\/2023\/11\/cafe-paris-monte-carlo.jpeg\" \/>\n\t<meta property=\"og:image:width\" content=\"1200\" \/>\n\t<meta property=\"og:image:height\" content=\"800\" \/>\n\t<meta property=\"og:image:type\" content=\"image\/jpeg\" \/>\n<meta name=\"author\" content=\"Camille Esteve\" \/>\n<meta name=\"twitter:card\" content=\"summary_large_image\" \/>\n<meta name=\"twitter:creator\" content=\"@MonacoTribune\" \/>\n<meta name=\"twitter:site\" content=\"@MonacoTribune\" \/>\n<script type=\"application\/ld+json\" class=\"yoast-schema-graph\">{\"@context\":\"https:\\\/\\\/schema.org\",\"@graph\":[{\"@type\":\"NewsArticle\",\"@id\":\"https:\\\/\\\/www.monaco-tribune.com\\\/en\\\/2023\\\/11\\\/legendary-cafe-de-paris-opens-again-at-last\\\/#article\",\"isPartOf\":{\"@id\":\"https:\\\/\\\/www.monaco-tribune.com\\\/en\\\/2023\\\/11\\\/legendary-cafe-de-paris-opens-again-at-last\\\/\"},\"author\":{\"name\":\"Camille Esteve\",\"@id\":\"https:\\\/\\\/www.monaco-tribune.com\\\/en\\\/#\\\/schema\\\/person\\\/a855d420fff4d03637641d60b93ac62e\"},\"headline\":\"Legendary Caf\u00e9 de Paris opens again at last\",\"datePublished\":\"2023-11-16T13:21:24+00:00\",\"dateModified\":\"2023-11-16T13:39:42+00:00\",\"mainEntityOfPage\":{\"@id\":\"https:\\\/\\\/www.monaco-tribune.com\\\/en\\\/2023\\\/11\\\/legendary-cafe-de-paris-opens-again-at-last\\\/\"},\"wordCount\":735,\"publisher\":{\"@id\":\"https:\\\/\\\/www.monaco-tribune.com\\\/en\\\/#organization\"},\"image\":{\"@id\":\"https:\\\/\\\/www.monaco-tribune.com\\\/en\\\/2023\\\/11\\\/legendary-cafe-de-paris-opens-again-at-last\\\/#primaryimage\"},\"thumbnailUrl\":\"https:\\\/\\\/www.monaco-tribune.com\\\/wp-content\\\/uploads\\\/2023\\\/11\\\/cafe-paris-monte-carlo.jpeg\",\"keywords\":[\"Monte-Carlo SBM\"],\"articleSection\":[\"Editor&#039;s choice\",\"News\",\"What&#039;s on\"],\"inLanguage\":\"en-US\",\"copyrightYear\":\"2023\",\"copyrightHolder\":{\"@id\":\"https:\\\/\\\/www.monaco-tribune.com\\\/#organization\"}},{\"@type\":\"WebPage\",\"@id\":\"https:\\\/\\\/www.monaco-tribune.com\\\/en\\\/2023\\\/11\\\/legendary-cafe-de-paris-opens-again-at-last\\\/\",\"url\":\"https:\\\/\\\/www.monaco-tribune.com\\\/en\\\/2023\\\/11\\\/legendary-cafe-de-paris-opens-again-at-last\\\/\",\"name\":\"Legendary Caf\u00e9 de Paris opens again at last\",\"isPartOf\":{\"@id\":\"https:\\\/\\\/www.monaco-tribune.com\\\/en\\\/#website\"},\"primaryImageOfPage\":{\"@id\":\"https:\\\/\\\/www.monaco-tribune.com\\\/en\\\/2023\\\/11\\\/legendary-cafe-de-paris-opens-again-at-last\\\/#primaryimage\"},\"image\":{\"@id\":\"https:\\\/\\\/www.monaco-tribune.com\\\/en\\\/2023\\\/11\\\/legendary-cafe-de-paris-opens-again-at-last\\\/#primaryimage\"},\"thumbnailUrl\":\"https:\\\/\\\/www.monaco-tribune.com\\\/wp-content\\\/uploads\\\/2023\\\/11\\\/cafe-paris-monte-carlo.jpeg\",\"datePublished\":\"2023-11-16T13:21:24+00:00\",\"dateModified\":\"2023-11-16T13:39:42+00:00\",\"description\":\"And it was fully booked from day 1! It was an eagerly awaited date in the Principality. The famous Caf\u00e9 de Paris Monte-Carlo, the flagship establishment\",\"breadcrumb\":{\"@id\":\"https:\\\/\\\/www.monaco-tribune.com\\\/en\\\/2023\\\/11\\\/legendary-cafe-de-paris-opens-again-at-last\\\/#breadcrumb\"},\"inLanguage\":\"en-US\",\"potentialAction\":[{\"@type\":\"ReadAction\",\"target\":[\"https:\\\/\\\/www.monaco-tribune.com\\\/en\\\/2023\\\/11\\\/legendary-cafe-de-paris-opens-again-at-last\\\/\"]}]},{\"@type\":\"ImageObject\",\"inLanguage\":\"en-US\",\"@id\":\"https:\\\/\\\/www.monaco-tribune.com\\\/en\\\/2023\\\/11\\\/legendary-cafe-de-paris-opens-again-at-last\\\/#primaryimage\",\"url\":\"https:\\\/\\\/www.monaco-tribune.com\\\/wp-content\\\/uploads\\\/2023\\\/11\\\/cafe-paris-monte-carlo.jpeg\",\"contentUrl\":\"https:\\\/\\\/www.monaco-tribune.com\\\/wp-content\\\/uploads\\\/2023\\\/11\\\/cafe-paris-monte-carlo.jpeg\",\"width\":1200,\"height\":800,\"caption\":\"The Caf\u00e9 de Paris Monte-Carlo opened in January 1868 as the Caf\u00e9 Divan - \u00a9 Monte-Carlo SBM\"},{\"@type\":\"BreadcrumbList\",\"@id\":\"https:\\\/\\\/www.monaco-tribune.com\\\/en\\\/2023\\\/11\\\/legendary-cafe-de-paris-opens-again-at-last\\\/#breadcrumb\",\"itemListElement\":[{\"@type\":\"ListItem\",\"position\":1,\"name\":\"Accueil\",\"item\":\"https:\\\/\\\/www.monaco-tribune.com\\\/en\\\/\"},{\"@type\":\"ListItem\",\"position\":2,\"name\":\"Legendary Caf\u00e9 de Paris opens again at last\"}]},{\"@type\":\"WebSite\",\"@id\":\"https:\\\/\\\/www.monaco-tribune.com\\\/en\\\/#website\",\"url\":\"https:\\\/\\\/www.monaco-tribune.com\\\/en\\\/\",\"name\":\"Monaco Tribune\",\"description\":\"Monaco : actualit\u00e9s \u00e9conomiques, politiques, culturelles et sportives de Monaco et de la French Riviera.\",\"publisher\":{\"@id\":\"https:\\\/\\\/www.monaco-tribune.com\\\/en\\\/#organization\"},\"potentialAction\":[{\"@type\":\"SearchAction\",\"target\":{\"@type\":\"EntryPoint\",\"urlTemplate\":\"https:\\\/\\\/www.monaco-tribune.com\\\/en\\\/?s={search_term_string}\"},\"query-input\":{\"@type\":\"PropertyValueSpecification\",\"valueRequired\":true,\"valueName\":\"search_term_string\"}}],\"inLanguage\":\"en-US\"},{\"@type\":\"Organization\",\"@id\":\"https:\\\/\\\/www.monaco-tribune.com\\\/en\\\/#organization\",\"name\":\"Monaco Tribune\",\"url\":\"https:\\\/\\\/www.monaco-tribune.com\\\/en\\\/\",\"logo\":{\"@type\":\"ImageObject\",\"inLanguage\":\"en-US\",\"@id\":\"https:\\\/\\\/www.monaco-tribune.com\\\/en\\\/#\\\/schema\\\/logo\\\/image\\\/\",\"url\":\"https:\\\/\\\/www.monaco-tribune.com\\\/wp-content\\\/uploads\\\/2022\\\/11\\\/logo-monaco-tribune.png\",\"contentUrl\":\"https:\\\/\\\/www.monaco-tribune.com\\\/wp-content\\\/uploads\\\/2022\\\/11\\\/logo-monaco-tribune.png\",\"width\":1548,\"height\":600,\"caption\":\"Monaco Tribune\"},\"image\":{\"@id\":\"https:\\\/\\\/www.monaco-tribune.com\\\/en\\\/#\\\/schema\\\/logo\\\/image\\\/\"},\"sameAs\":[\"https:\\\/\\\/www.facebook.com\\\/MonacoTribune\",\"https:\\\/\\\/x.com\\\/MonacoTribune\",\"https:\\\/\\\/www.instagram.com\\\/monacotribune\\\/\",\"https:\\\/\\\/www.linkedin.com\\\/company\\\/monaco-tribune\",\"https:\\\/\\\/www.youtube.com\\\/channel\\\/UCHle1MnG6hw1y4lWKijVbMA\"]},{\"@type\":\"Person\",\"@id\":\"https:\\\/\\\/www.monaco-tribune.com\\\/en\\\/#\\\/schema\\\/person\\\/a855d420fff4d03637641d60b93ac62e\",\"name\":\"Camille Esteve\",\"image\":{\"@type\":\"ImageObject\",\"inLanguage\":\"en-US\",\"@id\":\"https:\\\/\\\/secure.gravatar.com\\\/avatar\\\/eaaa2355a7bb56c0018a391c20a55bf9b4690e3f493231dd850e612bfa6ce161?s=96&d=mm&r=g\",\"url\":\"https:\\\/\\\/secure.gravatar.com\\\/avatar\\\/eaaa2355a7bb56c0018a391c20a55bf9b4690e3f493231dd850e612bfa6ce161?s=96&d=mm&r=g\",\"contentUrl\":\"https:\\\/\\\/secure.gravatar.com\\\/avatar\\\/eaaa2355a7bb56c0018a391c20a55bf9b4690e3f493231dd850e612bfa6ce161?s=96&d=mm&r=g\",\"caption\":\"Camille Esteve\"},\"url\":\"https:\\\/\\\/www.monaco-tribune.com\\\/en\\\/author\\\/camilleesteve\\\/\"}]}<\/script>\n<!-- \/ Yoast SEO Premium plugin. -->","yoast_head_json":{"title":"Legendary Caf\u00e9 de Paris opens again at last","description":"And it was fully booked from day 1! It was an eagerly awaited date in the Principality. The famous Caf\u00e9 de Paris Monte-Carlo, the flagship establishment","robots":{"index":"index","follow":"follow","max-snippet":"max-snippet:-1","max-image-preview":"max-image-preview:large","max-video-preview":"max-video-preview:-1"},"canonical":"https:\/\/www.monaco-tribune.com\/en\/2023\/11\/legendary-cafe-de-paris-opens-again-at-last\/","og_locale":"en_US","og_type":"article","og_title":"Legendary Caf\u00e9 de Paris opens again at last - Monaco Tribune","og_description":"And it was fully booked from day 1! It was an eagerly awaited date in the Principality. The famous Caf\u00e9 de Paris Monte-Carlo, the flagship establishment","og_url":"https:\/\/www.monaco-tribune.com\/en\/2023\/11\/legendary-cafe-de-paris-opens-again-at-last\/","og_site_name":"Monaco Tribune","article_publisher":"https:\/\/www.facebook.com\/MonacoTribune","article_published_time":"2023-11-16T13:21:24+00:00","article_modified_time":"2023-11-16T13:39:42+00:00","og_image":[{"width":1200,"height":800,"url":"https:\/\/www.monaco-tribune.com\/wp-content\/uploads\/2023\/11\/cafe-paris-monte-carlo.jpeg","type":"image\/jpeg"}],"author":"Camille Esteve","twitter_card":"summary_large_image","twitter_creator":"@MonacoTribune","twitter_site":"@MonacoTribune","schema":{"@context":"https:\/\/schema.org","@graph":[{"@type":"NewsArticle","@id":"https:\/\/www.monaco-tribune.com\/en\/2023\/11\/legendary-cafe-de-paris-opens-again-at-last\/#article","isPartOf":{"@id":"https:\/\/www.monaco-tribune.com\/en\/2023\/11\/legendary-cafe-de-paris-opens-again-at-last\/"},"author":{"name":"Camille Esteve","@id":"https:\/\/www.monaco-tribune.com\/en\/#\/schema\/person\/a855d420fff4d03637641d60b93ac62e"},"headline":"Legendary Caf\u00e9 de Paris opens again at last","datePublished":"2023-11-16T13:21:24+00:00","dateModified":"2023-11-16T13:39:42+00:00","mainEntityOfPage":{"@id":"https:\/\/www.monaco-tribune.com\/en\/2023\/11\/legendary-cafe-de-paris-opens-again-at-last\/"},"wordCount":735,"publisher":{"@id":"https:\/\/www.monaco-tribune.com\/en\/#organization"},"image":{"@id":"https:\/\/www.monaco-tribune.com\/en\/2023\/11\/legendary-cafe-de-paris-opens-again-at-last\/#primaryimage"},"thumbnailUrl":"https:\/\/www.monaco-tribune.com\/wp-content\/uploads\/2023\/11\/cafe-paris-monte-carlo.jpeg","keywords":["Monte-Carlo SBM"],"articleSection":["Editor&#039;s choice","News","What&#039;s on"],"inLanguage":"en-US","copyrightYear":"2023","copyrightHolder":{"@id":"https:\/\/www.monaco-tribune.com\/#organization"}},{"@type":"WebPage","@id":"https:\/\/www.monaco-tribune.com\/en\/2023\/11\/legendary-cafe-de-paris-opens-again-at-last\/","url":"https:\/\/www.monaco-tribune.com\/en\/2023\/11\/legendary-cafe-de-paris-opens-again-at-last\/","name":"Legendary Caf\u00e9 de Paris opens again at last","isPartOf":{"@id":"https:\/\/www.monaco-tribune.com\/en\/#website"},"primaryImageOfPage":{"@id":"https:\/\/www.monaco-tribune.com\/en\/2023\/11\/legendary-cafe-de-paris-opens-again-at-last\/#primaryimage"},"image":{"@id":"https:\/\/www.monaco-tribune.com\/en\/2023\/11\/legendary-cafe-de-paris-opens-again-at-last\/#primaryimage"},"thumbnailUrl":"https:\/\/www.monaco-tribune.com\/wp-content\/uploads\/2023\/11\/cafe-paris-monte-carlo.jpeg","datePublished":"2023-11-16T13:21:24+00:00","dateModified":"2023-11-16T13:39:42+00:00","description":"And it was fully booked from day 1! It was an eagerly awaited date in the Principality. The famous Caf\u00e9 de Paris Monte-Carlo, the flagship establishment","breadcrumb":{"@id":"https:\/\/www.monaco-tribune.com\/en\/2023\/11\/legendary-cafe-de-paris-opens-again-at-last\/#breadcrumb"},"inLanguage":"en-US","potentialAction":[{"@type":"ReadAction","target":["https:\/\/www.monaco-tribune.com\/en\/2023\/11\/legendary-cafe-de-paris-opens-again-at-last\/"]}]},{"@type":"ImageObject","inLanguage":"en-US","@id":"https:\/\/www.monaco-tribune.com\/en\/2023\/11\/legendary-cafe-de-paris-opens-again-at-last\/#primaryimage","url":"https:\/\/www.monaco-tribune.com\/wp-content\/uploads\/2023\/11\/cafe-paris-monte-carlo.jpeg","contentUrl":"https:\/\/www.monaco-tribune.com\/wp-content\/uploads\/2023\/11\/cafe-paris-monte-carlo.jpeg","width":1200,"height":800,"caption":"The Caf\u00e9 de Paris Monte-Carlo opened in January 1868 as the Caf\u00e9 Divan - \u00a9 Monte-Carlo SBM"},{"@type":"BreadcrumbList","@id":"https:\/\/www.monaco-tribune.com\/en\/2023\/11\/legendary-cafe-de-paris-opens-again-at-last\/#breadcrumb","itemListElement":[{"@type":"ListItem","position":1,"name":"Accueil","item":"https:\/\/www.monaco-tribune.com\/en\/"},{"@type":"ListItem","position":2,"name":"Legendary Caf\u00e9 de Paris opens again at last"}]},{"@type":"WebSite","@id":"https:\/\/www.monaco-tribune.com\/en\/#website","url":"https:\/\/www.monaco-tribune.com\/en\/","name":"Monaco Tribune","description":"Monaco : actualit\u00e9s \u00e9conomiques, politiques, culturelles et sportives de Monaco et de la French Riviera.","publisher":{"@id":"https:\/\/www.monaco-tribune.com\/en\/#organization"},"potentialAction":[{"@type":"SearchAction","target":{"@type":"EntryPoint","urlTemplate":"https:\/\/www.monaco-tribune.com\/en\/?s={search_term_string}"},"query-input":{"@type":"PropertyValueSpecification","valueRequired":true,"valueName":"search_term_string"}}],"inLanguage":"en-US"},{"@type":"Organization","@id":"https:\/\/www.monaco-tribune.com\/en\/#organization","name":"Monaco Tribune","url":"https:\/\/www.monaco-tribune.com\/en\/","logo":{"@type":"ImageObject","inLanguage":"en-US","@id":"https:\/\/www.monaco-tribune.com\/en\/#\/schema\/logo\/image\/","url":"https:\/\/www.monaco-tribune.com\/wp-content\/uploads\/2022\/11\/logo-monaco-tribune.png","contentUrl":"https:\/\/www.monaco-tribune.com\/wp-content\/uploads\/2022\/11\/logo-monaco-tribune.png","width":1548,"height":600,"caption":"Monaco Tribune"},"image":{"@id":"https:\/\/www.monaco-tribune.com\/en\/#\/schema\/logo\/image\/"},"sameAs":["https:\/\/www.facebook.com\/MonacoTribune","https:\/\/x.com\/MonacoTribune","https:\/\/www.instagram.com\/monacotribune\/","https:\/\/www.linkedin.com\/company\/monaco-tribune","https:\/\/www.youtube.com\/channel\/UCHle1MnG6hw1y4lWKijVbMA"]},{"@type":"Person","@id":"https:\/\/www.monaco-tribune.com\/en\/#\/schema\/person\/a855d420fff4d03637641d60b93ac62e","name":"Camille Esteve","image":{"@type":"ImageObject","inLanguage":"en-US","@id":"https:\/\/secure.gravatar.com\/avatar\/eaaa2355a7bb56c0018a391c20a55bf9b4690e3f493231dd850e612bfa6ce161?s=96&d=mm&r=g","url":"https:\/\/secure.gravatar.com\/avatar\/eaaa2355a7bb56c0018a391c20a55bf9b4690e3f493231dd850e612bfa6ce161?s=96&d=mm&r=g","contentUrl":"https:\/\/secure.gravatar.com\/avatar\/eaaa2355a7bb56c0018a391c20a55bf9b4690e3f493231dd850e612bfa6ce161?s=96&d=mm&r=g","caption":"Camille Esteve"},"url":"https:\/\/www.monaco-tribune.com\/en\/author\/camilleesteve\/"}]}},"_links":{"self":[{"href":"https:\/\/www.monaco-tribune.com\/en\/wp-json\/wp\/v2\/posts\/201085","targetHints":{"allow":["GET"]}}],"collection":[{"href":"https:\/\/www.monaco-tribune.com\/en\/wp-json\/wp\/v2\/posts"}],"about":[{"href":"https:\/\/www.monaco-tribune.com\/en\/wp-json\/wp\/v2\/types\/post"}],"author":[{"embeddable":true,"href":"https:\/\/www.monaco-tribune.com\/en\/wp-json\/wp\/v2\/users\/60"}],"replies":[{"embeddable":true,"href":"https:\/\/www.monaco-tribune.com\/en\/wp-json\/wp\/v2\/comments?post=201085"}],"version-history":[{"count":2,"href":"https:\/\/www.monaco-tribune.com\/en\/wp-json\/wp\/v2\/posts\/201085\/revisions"}],"predecessor-version":[{"id":201100,"href":"https:\/\/www.monaco-tribune.com\/en\/wp-json\/wp\/v2\/posts\/201085\/revisions\/201100"}],"wp:featuredmedia":[{"embeddable":true,"href":"https:\/\/www.monaco-tribune.com\/en\/wp-json\/wp\/v2\/media\/200873"}],"wp:attachment":[{"href":"https:\/\/www.monaco-tribune.com\/en\/wp-json\/wp\/v2\/media?parent=201085"}],"wp:term":[{"taxonomy":"category","embeddable":true,"href":"https:\/\/www.monaco-tribune.com\/en\/wp-json\/wp\/v2\/categories?post=201085"},{"taxonomy":"post_tag","embeddable":true,"href":"https:\/\/www.monaco-tribune.com\/en\/wp-json\/wp\/v2\/tags?post=201085"},{"taxonomy":"sectag","embeddable":true,"href":"https:\/\/www.monaco-tribune.com\/en\/wp-json\/wp\/v2\/post_sectags?post=201085"},{"taxonomy":"format","embeddable":true,"href":"https:\/\/www.monaco-tribune.com\/en\/wp-json\/wp\/v2\/post_format?post=201085"}],"curies":[{"name":"wp","href":"https:\/\/api.w.org\/{rel}","templated":true}]}}