{"id":20141,"date":"2020-01-24T18:02:44","date_gmt":"2020-01-24T17:02:44","guid":{"rendered":"https:\/\/www.monaco-tribune.com\/?p=20141"},"modified":"2020-01-27T18:42:29","modified_gmt":"2020-01-27T17:42:29","slug":"monaco-welcomes-four-new-ambassadors","status":"publish","type":"post","link":"https:\/\/www.monaco-tribune.com\/en\/2020\/01\/monaco-welcomes-four-new-ambassadors\/","title":{"rendered":"Monaco welcomes four new ambassadors"},"content":{"rendered":"<h3 class=\"p1\"><strong><span class=\"s1\">The Principality accredited four new ambassadors from China, Brazil, Montenegro and Serbia. Laurent Anslemi \u2013 Minister of Foreign Relations and Cooperation \u2013 <a href=\"https:\/\/en.gouv.mc\/Portail-du-Gouvernement\/Policy-Practice\/Monaco-Worldwide\/Diplomacy-and-International-Presence\/News\/Diplomacy-accreditation-of-new-ambassadors-from-China-Brazil-Montenegro-Serbia\">welcomed<\/a> the new representatives during a lunch held at the Hotel Hermitage. What is their background and how do they plan to build tighter diplomatic and economic ties between their respective countries and the Principality?<\/span><\/strong><\/h3>\n<p>&nbsp;<\/p>\n<h4 class=\"p3\"><strong><span class=\"s1\">Mr Shaye Lu, China <\/span><\/strong><\/h4>\n<p class=\"p3\"><span class=\"s1\">H.E. Mr Shaye Lu joined the Ministry of Foreign Affairs in 1988 and brings with him diplomatic experience from over four countries. Mr Shaye Lu worked at the Chinese Embassies in the Republic of Guinea, France and Senegal, where he was promoted to the rank of Ambassador in 2005. <\/span><\/p>\n<p class=\"p3\"><span class=\"s1\">He was appointed as the Ministry of Foreign Affairs\u2019 Director-General for Africa in 2009. From 2015 to 2016, he was Director-General of Policy Research at the Office of the Leading Group for Foreign Affairs of the Central Committee of the Communist Party of China. Before coming to France and Monaco, Mr Shaye Lu served as Chinese Ambassador to Canada. <\/span><\/p>\n<p class=\"p3\"><span class=\"s1\">As China\u2019s chief representative in Monaco, Mr Shaye Lu will be responsible for cooperation in the fields of environmental protection, telecommunications and mobile payment. China and Monaco established diplomatic relations more than 20 years ago and last year Xi Jinping paid a state visit to Monaco \u2013 the first by a Chinese president to the Principality.<\/span><\/p>\n<p>&nbsp;<\/p>\n<h4 class=\"p3\"><strong><span class=\"s1\">Mr Luis Fernando De Andrade Serra, Brazil<\/span><\/strong><\/h4>\n<p class=\"p3\"><span class=\"s1\">Mr Luis Fernando De Andrade Serra was appointed to successive posts as Brazil\u2019s Ambassador to Ghana, Burkina Faso, Singapore and South Korea. Prior to these appointments, he worked at the Ministry of Foreign Affairs in Brasilia, serving within the departments for Border Affairs, South America and West Africa.<\/span><\/p>\n<p class=\"p3\"><span class=\"s1\">In the Brazilial capital, Mr Luis Fernando De Andrade Serra also worked in the Secretariats for Internal Control and for Relations between the Ministry and the Legislative Authorities. Moreover, he was an international advisor for the Ministry of Communications and the National Telecommunications Agency. <\/span><\/p>\n<p class=\"p3\"><span class=\"s1\">Main cooperation opportunities between Monaco and Brazil are in tourism, yachting, real estate, architecture &amp; design, financial engineering, insurance, ICT, international trade, logistics and the environment. Monaco\u2019s entrepreneurs are always on the lookout for opportunities in this emerging economy.<\/span><\/p>\n<blockquote class=\"twitter-tweet\" data-width=\"500\" data-dnt=\"true\">\n<p lang=\"fr\" dir=\"ltr\">L\u2019ambassadeur du Br\u00e9sil est \u00e0 Monaco, o\u00f9 il s\u2019est pr\u00e9sent\u00e9 \u00e0 Son Altesse S\u00e9r\u00e9nissime Albert II \ud83c\udde7\ud83c\uddf7\ud83c\uddf2\ud83c\udde8 L\u2019ambassadeur br\u00e9silien r\u00e9sident \u00e0 Paris est aussi ambassadeur aupr\u00e8s de la principaut\u00e9 de Monaco, et donc responsable des relations avec ce pays. <a href=\"https:\/\/t.co\/g3PXP9YgZm\">pic.twitter.com\/g3PXP9YgZm<\/a><\/p>\n<p>&mdash; Ambassade du Br\u00e9sil (@BresilenFrance) <a href=\"https:\/\/twitter.com\/BresilenFrance\/status\/1220005787877216257?ref_src=twsrc%5Etfw\">January 22, 2020<\/a><\/p><\/blockquote>\n<p><script async src=\"https:\/\/platform.twitter.com\/widgets.js\" charset=\"utf-8\"><\/script><\/p>\n<p>&nbsp;<\/p>\n<h4 class=\"p3\"><strong><span class=\"s1\">Mr Ivan Ivanisevic, Montenegro <\/span><\/strong><\/h4>\n<p class=\"p3\"><span class=\"s1\">Mr Ivan Ivanisevic began his professional career in the multilateral relations division of the Ministry of Foreign Affairs as assistant to the Government\u2019s Special Representative for Montenegro\u2019s Accession to the Council of Europe. <\/span><\/p>\n<p class=\"p3\"><span class=\"s1\">He was appointed to head the OSCE and Council of Europe Department in 2011, and was then selected as Director-General for International Cooperation and European Integration at the Ministry of the Interior in 2013. <\/span><\/p>\n<p class=\"p3\"><span class=\"s1\">Since 2016, he has served as Minister Counsellor at the Embassy of Montenegro in Serbia, then as Director-General of Multilateral Affairs and Regional Cooperation at the Montenegrin Ministry of Foreign Affairs.<\/span><\/p>\n<p class=\"p3\"><span class=\"s1\">Monaco and Montenegro are both Mediterranean nations and enjoy an ideal climate and a mountainous hinterland which attracts many tourists. Both countries\u2019 strengths and opportunities lie in finance, transport, tourism, food industry and renewable energy.<\/span><\/p>\n<p>&nbsp;<\/p>\n<h4 class=\"p3\"><strong><span class=\"s1\">Ms Natasa Maric, Serbia <\/span><\/strong><\/h4>\n<p class=\"p3\"><span class=\"s1\">Ms Natasa Maric joined the Ministry of Foreign Affairs in 2000 after a spell in the private sector.\u00a0She was appointed First Secretary in the Office of the Deputy Minister for the European Union in 2009.<\/span><\/p>\n<p class=\"p3\"><span class=\"s1\">She subsequently took on successive posts as Deputy National Coordinator within the Council for Regional Cooperation and the South-East European Cooperation Process, Deputy Director of the European Department at the Ministry of Foreign Affairs, Minister Counsellor and Charg\u00e9e d\u2019Affaires ad interim at the Serbian Embassy in the United Kingdom.<\/span><\/p>\n<p class=\"p3\"><span class=\"s1\">Monaco and Serbia established diplomatic relations in November 2007 and Serbia maintains a presence in the Principality with its Honorary Consul Mr Goran Djokovic. <\/span><\/p>\n","protected":false},"excerpt":{"rendered":"<p>The Principality accredited four new ambassadors from China, Brazil, Montenegro and Serbia. Laurent Anslemi \u2013 Minister of Foreign Relations and [&hellip;]<\/p>\n","protected":false},"author":21,"featured_media":0,"comment_status":"closed","ping_status":"open","sticky":false,"template":"","format":"standard","meta":{"_acf_changed":false,"footnotes":""},"categories":[243],"tags":[],"post_sectags":[],"post_format":[],"class_list":["post-20141","post","type-post","status-publish","format-standard","hentry","category-news"],"acf":[],"yoast_head":"<!-- This site is optimized with the Yoast SEO Premium plugin v26.8 (Yoast SEO v27.4) - https:\/\/yoast.com\/product\/yoast-seo-premium-wordpress\/ -->\n<title>Monaco welcomes four new ambassadors<\/title>\n<meta name=\"description\" content=\"The Principality of Monaco accredited four new ambassadors from China, Brazil, Montenegro and Serbia. Laurent Anslemi welcomed new ambassadors in Monaco\" \/>\n<meta name=\"robots\" content=\"index, follow, max-snippet:-1, max-image-preview:large, max-video-preview:-1\" \/>\n<link rel=\"canonical\" href=\"https:\/\/www.monaco-tribune.com\/en\/2020\/01\/monaco-welcomes-four-new-ambassadors\/\" \/>\n<meta property=\"og:locale\" content=\"en_US\" \/>\n<meta property=\"og:type\" content=\"article\" \/>\n<meta property=\"og:title\" content=\"Monaco welcomes four new ambassadors - Monaco Tribune\" \/>\n<meta property=\"og:description\" content=\"The Principality accredited four new ambassadors from China, Brazil, Montenegro and Serbia. Laurent Anslemi \u2013 Minister of Foreign Relations and\" \/>\n<meta property=\"og:url\" content=\"https:\/\/www.monaco-tribune.com\/en\/2020\/01\/monaco-welcomes-four-new-ambassadors\/\" \/>\n<meta property=\"og:site_name\" content=\"Monaco Tribune\" \/>\n<meta property=\"article:publisher\" content=\"https:\/\/www.facebook.com\/MonacoTribune\" \/>\n<meta property=\"article:published_time\" content=\"2020-01-24T17:02:44+00:00\" \/>\n<meta property=\"article:modified_time\" content=\"2020-01-27T17:42:29+00:00\" \/>\n<meta property=\"og:image\" content=\"https:\/\/www.monaco-tribune.com\/wp-content\/uploads\/2020\/01\/Ambassadeurs-Chine-Bresil-Montenegro-Serbie_900x900-2.jpg\" \/>\n\t<meta property=\"og:image:width\" content=\"697\" \/>\n\t<meta property=\"og:image:height\" content=\"320\" \/>\n\t<meta property=\"og:image:type\" content=\"image\/jpeg\" \/>\n<meta name=\"author\" content=\"Monaco Tribune\" \/>\n<meta name=\"twitter:card\" content=\"summary_large_image\" \/>\n<meta name=\"twitter:creator\" content=\"@MonacoTribune\" \/>\n<meta name=\"twitter:site\" content=\"@MonacoTribune\" \/>\n<script type=\"application\/ld+json\" class=\"yoast-schema-graph\">{\"@context\":\"https:\\\/\\\/schema.org\",\"@graph\":[{\"@type\":\"NewsArticle\",\"@id\":\"https:\\\/\\\/www.monaco-tribune.com\\\/en\\\/2020\\\/01\\\/monaco-welcomes-four-new-ambassadors\\\/#article\",\"isPartOf\":{\"@id\":\"https:\\\/\\\/www.monaco-tribune.com\\\/en\\\/2020\\\/01\\\/monaco-welcomes-four-new-ambassadors\\\/\"},\"author\":{\"name\":\"Monaco Tribune\",\"@id\":\"https:\\\/\\\/www.monaco-tribune.com\\\/en\\\/#\\\/schema\\\/person\\\/8f6ed8c063276e2397589eda5b7a2f2d\"},\"headline\":\"Monaco welcomes four new ambassadors\",\"datePublished\":\"2020-01-24T17:02:44+00:00\",\"dateModified\":\"2020-01-27T17:42:29+00:00\",\"mainEntityOfPage\":{\"@id\":\"https:\\\/\\\/www.monaco-tribune.com\\\/en\\\/2020\\\/01\\\/monaco-welcomes-four-new-ambassadors\\\/\"},\"wordCount\":621,\"publisher\":{\"@id\":\"https:\\\/\\\/www.monaco-tribune.com\\\/en\\\/#organization\"},\"articleSection\":[\"News\"],\"inLanguage\":\"en-US\",\"copyrightYear\":\"2020\",\"copyrightHolder\":{\"@id\":\"https:\\\/\\\/www.monaco-tribune.com\\\/#organization\"}},{\"@type\":\"WebPage\",\"@id\":\"https:\\\/\\\/www.monaco-tribune.com\\\/en\\\/2020\\\/01\\\/monaco-welcomes-four-new-ambassadors\\\/\",\"url\":\"https:\\\/\\\/www.monaco-tribune.com\\\/en\\\/2020\\\/01\\\/monaco-welcomes-four-new-ambassadors\\\/\",\"name\":\"Monaco welcomes four new ambassadors\",\"isPartOf\":{\"@id\":\"https:\\\/\\\/www.monaco-tribune.com\\\/en\\\/#website\"},\"datePublished\":\"2020-01-24T17:02:44+00:00\",\"dateModified\":\"2020-01-27T17:42:29+00:00\",\"description\":\"The Principality of Monaco accredited four new ambassadors from China, Brazil, Montenegro and Serbia. Laurent Anslemi welcomed new ambassadors in Monaco\",\"breadcrumb\":{\"@id\":\"https:\\\/\\\/www.monaco-tribune.com\\\/en\\\/2020\\\/01\\\/monaco-welcomes-four-new-ambassadors\\\/#breadcrumb\"},\"inLanguage\":\"en-US\",\"potentialAction\":[{\"@type\":\"ReadAction\",\"target\":[\"https:\\\/\\\/www.monaco-tribune.com\\\/en\\\/2020\\\/01\\\/monaco-welcomes-four-new-ambassadors\\\/\"]}]},{\"@type\":\"BreadcrumbList\",\"@id\":\"https:\\\/\\\/www.monaco-tribune.com\\\/en\\\/2020\\\/01\\\/monaco-welcomes-four-new-ambassadors\\\/#breadcrumb\",\"itemListElement\":[{\"@type\":\"ListItem\",\"position\":1,\"name\":\"Accueil\",\"item\":\"https:\\\/\\\/www.monaco-tribune.com\\\/en\\\/\"},{\"@type\":\"ListItem\",\"position\":2,\"name\":\"Monaco welcomes four new ambassadors\"}]},{\"@type\":\"WebSite\",\"@id\":\"https:\\\/\\\/www.monaco-tribune.com\\\/en\\\/#website\",\"url\":\"https:\\\/\\\/www.monaco-tribune.com\\\/en\\\/\",\"name\":\"Monaco Tribune\",\"description\":\"Monaco : actualit\u00e9s \u00e9conomiques, politiques, culturelles et sportives de Monaco et de la French Riviera.\",\"publisher\":{\"@id\":\"https:\\\/\\\/www.monaco-tribune.com\\\/en\\\/#organization\"},\"potentialAction\":[{\"@type\":\"SearchAction\",\"target\":{\"@type\":\"EntryPoint\",\"urlTemplate\":\"https:\\\/\\\/www.monaco-tribune.com\\\/en\\\/?s={search_term_string}\"},\"query-input\":{\"@type\":\"PropertyValueSpecification\",\"valueRequired\":true,\"valueName\":\"search_term_string\"}}],\"inLanguage\":\"en-US\"},{\"@type\":\"Organization\",\"@id\":\"https:\\\/\\\/www.monaco-tribune.com\\\/en\\\/#organization\",\"name\":\"Monaco Tribune\",\"url\":\"https:\\\/\\\/www.monaco-tribune.com\\\/en\\\/\",\"logo\":{\"@type\":\"ImageObject\",\"inLanguage\":\"en-US\",\"@id\":\"https:\\\/\\\/www.monaco-tribune.com\\\/en\\\/#\\\/schema\\\/logo\\\/image\\\/\",\"url\":\"https:\\\/\\\/www.monaco-tribune.com\\\/wp-content\\\/uploads\\\/2022\\\/11\\\/logo-monaco-tribune.png\",\"contentUrl\":\"https:\\\/\\\/www.monaco-tribune.com\\\/wp-content\\\/uploads\\\/2022\\\/11\\\/logo-monaco-tribune.png\",\"width\":1548,\"height\":600,\"caption\":\"Monaco Tribune\"},\"image\":{\"@id\":\"https:\\\/\\\/www.monaco-tribune.com\\\/en\\\/#\\\/schema\\\/logo\\\/image\\\/\"},\"sameAs\":[\"https:\\\/\\\/www.facebook.com\\\/MonacoTribune\",\"https:\\\/\\\/x.com\\\/MonacoTribune\",\"https:\\\/\\\/www.instagram.com\\\/monacotribune\\\/\",\"https:\\\/\\\/www.linkedin.com\\\/company\\\/monaco-tribune\",\"https:\\\/\\\/www.youtube.com\\\/channel\\\/UCHle1MnG6hw1y4lWKijVbMA\"]},{\"@type\":\"Person\",\"@id\":\"https:\\\/\\\/www.monaco-tribune.com\\\/en\\\/#\\\/schema\\\/person\\\/8f6ed8c063276e2397589eda5b7a2f2d\",\"name\":\"Monaco Tribune\",\"image\":{\"@type\":\"ImageObject\",\"inLanguage\":\"en-US\",\"@id\":\"https:\\\/\\\/secure.gravatar.com\\\/avatar\\\/3010e6c5d6c8056ec1c25228fe68ea089879e5ae0de884e0247744ee988aaf6a?s=96&d=mm&r=g\",\"url\":\"https:\\\/\\\/secure.gravatar.com\\\/avatar\\\/3010e6c5d6c8056ec1c25228fe68ea089879e5ae0de884e0247744ee988aaf6a?s=96&d=mm&r=g\",\"contentUrl\":\"https:\\\/\\\/secure.gravatar.com\\\/avatar\\\/3010e6c5d6c8056ec1c25228fe68ea089879e5ae0de884e0247744ee988aaf6a?s=96&d=mm&r=g\",\"caption\":\"Monaco Tribune\"},\"url\":\"https:\\\/\\\/www.monaco-tribune.com\\\/en\\\/author\\\/monaco-tribune\\\/\"}]}<\/script>\n<!-- \/ Yoast SEO Premium plugin. -->","yoast_head_json":{"title":"Monaco welcomes four new ambassadors","description":"The Principality of Monaco accredited four new ambassadors from China, Brazil, Montenegro and Serbia. Laurent Anslemi welcomed new ambassadors in Monaco","robots":{"index":"index","follow":"follow","max-snippet":"max-snippet:-1","max-image-preview":"max-image-preview:large","max-video-preview":"max-video-preview:-1"},"canonical":"https:\/\/www.monaco-tribune.com\/en\/2020\/01\/monaco-welcomes-four-new-ambassadors\/","og_locale":"en_US","og_type":"article","og_title":"Monaco welcomes four new ambassadors - Monaco Tribune","og_description":"The Principality accredited four new ambassadors from China, Brazil, Montenegro and Serbia. Laurent Anslemi \u2013 Minister of Foreign Relations and","og_url":"https:\/\/www.monaco-tribune.com\/en\/2020\/01\/monaco-welcomes-four-new-ambassadors\/","og_site_name":"Monaco Tribune","article_publisher":"https:\/\/www.facebook.com\/MonacoTribune","article_published_time":"2020-01-24T17:02:44+00:00","article_modified_time":"2020-01-27T17:42:29+00:00","og_image":[{"width":697,"height":320,"url":"https:\/\/www.monaco-tribune.com\/wp-content\/uploads\/2020\/01\/Ambassadeurs-Chine-Bresil-Montenegro-Serbie_900x900-2.jpg","type":"image\/jpeg"}],"author":"Monaco Tribune","twitter_card":"summary_large_image","twitter_creator":"@MonacoTribune","twitter_site":"@MonacoTribune","schema":{"@context":"https:\/\/schema.org","@graph":[{"@type":"NewsArticle","@id":"https:\/\/www.monaco-tribune.com\/en\/2020\/01\/monaco-welcomes-four-new-ambassadors\/#article","isPartOf":{"@id":"https:\/\/www.monaco-tribune.com\/en\/2020\/01\/monaco-welcomes-four-new-ambassadors\/"},"author":{"name":"Monaco Tribune","@id":"https:\/\/www.monaco-tribune.com\/en\/#\/schema\/person\/8f6ed8c063276e2397589eda5b7a2f2d"},"headline":"Monaco welcomes four new ambassadors","datePublished":"2020-01-24T17:02:44+00:00","dateModified":"2020-01-27T17:42:29+00:00","mainEntityOfPage":{"@id":"https:\/\/www.monaco-tribune.com\/en\/2020\/01\/monaco-welcomes-four-new-ambassadors\/"},"wordCount":621,"publisher":{"@id":"https:\/\/www.monaco-tribune.com\/en\/#organization"},"articleSection":["News"],"inLanguage":"en-US","copyrightYear":"2020","copyrightHolder":{"@id":"https:\/\/www.monaco-tribune.com\/#organization"}},{"@type":"WebPage","@id":"https:\/\/www.monaco-tribune.com\/en\/2020\/01\/monaco-welcomes-four-new-ambassadors\/","url":"https:\/\/www.monaco-tribune.com\/en\/2020\/01\/monaco-welcomes-four-new-ambassadors\/","name":"Monaco welcomes four new ambassadors","isPartOf":{"@id":"https:\/\/www.monaco-tribune.com\/en\/#website"},"datePublished":"2020-01-24T17:02:44+00:00","dateModified":"2020-01-27T17:42:29+00:00","description":"The Principality of Monaco accredited four new ambassadors from China, Brazil, Montenegro and Serbia. Laurent Anslemi welcomed new ambassadors in Monaco","breadcrumb":{"@id":"https:\/\/www.monaco-tribune.com\/en\/2020\/01\/monaco-welcomes-four-new-ambassadors\/#breadcrumb"},"inLanguage":"en-US","potentialAction":[{"@type":"ReadAction","target":["https:\/\/www.monaco-tribune.com\/en\/2020\/01\/monaco-welcomes-four-new-ambassadors\/"]}]},{"@type":"BreadcrumbList","@id":"https:\/\/www.monaco-tribune.com\/en\/2020\/01\/monaco-welcomes-four-new-ambassadors\/#breadcrumb","itemListElement":[{"@type":"ListItem","position":1,"name":"Accueil","item":"https:\/\/www.monaco-tribune.com\/en\/"},{"@type":"ListItem","position":2,"name":"Monaco welcomes four new ambassadors"}]},{"@type":"WebSite","@id":"https:\/\/www.monaco-tribune.com\/en\/#website","url":"https:\/\/www.monaco-tribune.com\/en\/","name":"Monaco Tribune","description":"Monaco : actualit\u00e9s \u00e9conomiques, politiques, culturelles et sportives de Monaco et de la French Riviera.","publisher":{"@id":"https:\/\/www.monaco-tribune.com\/en\/#organization"},"potentialAction":[{"@type":"SearchAction","target":{"@type":"EntryPoint","urlTemplate":"https:\/\/www.monaco-tribune.com\/en\/?s={search_term_string}"},"query-input":{"@type":"PropertyValueSpecification","valueRequired":true,"valueName":"search_term_string"}}],"inLanguage":"en-US"},{"@type":"Organization","@id":"https:\/\/www.monaco-tribune.com\/en\/#organization","name":"Monaco Tribune","url":"https:\/\/www.monaco-tribune.com\/en\/","logo":{"@type":"ImageObject","inLanguage":"en-US","@id":"https:\/\/www.monaco-tribune.com\/en\/#\/schema\/logo\/image\/","url":"https:\/\/www.monaco-tribune.com\/wp-content\/uploads\/2022\/11\/logo-monaco-tribune.png","contentUrl":"https:\/\/www.monaco-tribune.com\/wp-content\/uploads\/2022\/11\/logo-monaco-tribune.png","width":1548,"height":600,"caption":"Monaco Tribune"},"image":{"@id":"https:\/\/www.monaco-tribune.com\/en\/#\/schema\/logo\/image\/"},"sameAs":["https:\/\/www.facebook.com\/MonacoTribune","https:\/\/x.com\/MonacoTribune","https:\/\/www.instagram.com\/monacotribune\/","https:\/\/www.linkedin.com\/company\/monaco-tribune","https:\/\/www.youtube.com\/channel\/UCHle1MnG6hw1y4lWKijVbMA"]},{"@type":"Person","@id":"https:\/\/www.monaco-tribune.com\/en\/#\/schema\/person\/8f6ed8c063276e2397589eda5b7a2f2d","name":"Monaco Tribune","image":{"@type":"ImageObject","inLanguage":"en-US","@id":"https:\/\/secure.gravatar.com\/avatar\/3010e6c5d6c8056ec1c25228fe68ea089879e5ae0de884e0247744ee988aaf6a?s=96&d=mm&r=g","url":"https:\/\/secure.gravatar.com\/avatar\/3010e6c5d6c8056ec1c25228fe68ea089879e5ae0de884e0247744ee988aaf6a?s=96&d=mm&r=g","contentUrl":"https:\/\/secure.gravatar.com\/avatar\/3010e6c5d6c8056ec1c25228fe68ea089879e5ae0de884e0247744ee988aaf6a?s=96&d=mm&r=g","caption":"Monaco Tribune"},"url":"https:\/\/www.monaco-tribune.com\/en\/author\/monaco-tribune\/"}]}},"_links":{"self":[{"href":"https:\/\/www.monaco-tribune.com\/en\/wp-json\/wp\/v2\/posts\/20141","targetHints":{"allow":["GET"]}}],"collection":[{"href":"https:\/\/www.monaco-tribune.com\/en\/wp-json\/wp\/v2\/posts"}],"about":[{"href":"https:\/\/www.monaco-tribune.com\/en\/wp-json\/wp\/v2\/types\/post"}],"author":[{"embeddable":true,"href":"https:\/\/www.monaco-tribune.com\/en\/wp-json\/wp\/v2\/users\/21"}],"replies":[{"embeddable":true,"href":"https:\/\/www.monaco-tribune.com\/en\/wp-json\/wp\/v2\/comments?post=20141"}],"version-history":[{"count":0,"href":"https:\/\/www.monaco-tribune.com\/en\/wp-json\/wp\/v2\/posts\/20141\/revisions"}],"wp:attachment":[{"href":"https:\/\/www.monaco-tribune.com\/en\/wp-json\/wp\/v2\/media?parent=20141"}],"wp:term":[{"taxonomy":"category","embeddable":true,"href":"https:\/\/www.monaco-tribune.com\/en\/wp-json\/wp\/v2\/categories?post=20141"},{"taxonomy":"post_tag","embeddable":true,"href":"https:\/\/www.monaco-tribune.com\/en\/wp-json\/wp\/v2\/tags?post=20141"},{"taxonomy":"sectag","embeddable":true,"href":"https:\/\/www.monaco-tribune.com\/en\/wp-json\/wp\/v2\/post_sectags?post=20141"},{"taxonomy":"format","embeddable":true,"href":"https:\/\/www.monaco-tribune.com\/en\/wp-json\/wp\/v2\/post_format?post=20141"}],"curies":[{"name":"wp","href":"https:\/\/api.w.org\/{rel}","templated":true}]}}