{"id":201771,"date":"2023-11-21T17:29:20","date_gmt":"2023-11-21T15:29:20","guid":{"rendered":"https:\/\/www.monaco-tribune.com\/2023\/11\/the-extensive-programme-for-european-waste-reduction-week\/"},"modified":"2023-11-21T17:31:36","modified_gmt":"2023-11-21T15:31:36","slug":"the-extensive-programme-for-european-waste-reduction-week","status":"publish","type":"post","link":"https:\/\/www.monaco-tribune.com\/en\/2023\/11\/the-extensive-programme-for-european-waste-reduction-week\/","title":{"rendered":"The (extensive) programme for European Waste Reduction Week"},"content":{"rendered":"\n<p><strong>A wide range of initiatives will be organised in the Principality from 21 to 26 November.\u00a0<\/strong><\/p>\n\n<p>The traditional presentation of the EWWR programme to the press was full of compelling stories and positive announcements, following a successful 2022 edition where over 3,000 people were involved in 83 actions. Monaco is taking part in the European initiative for the 5th consecutive year and, for this 2023 edition, is focusing on the chosen theme of packaging, which accounts for almost 5.6 million tonnes of waste in French households every year. <\/p>\n<div class=\"wp-block-image\">\n<figure class=\"aligncenter size-large\"><img loading=\"lazy\" decoding=\"async\" width=\"1024\" height=\"663\" src=\"https:\/\/www.monaco-tribune.com\/wp-content\/uploads\/2023\/11\/ste-lancement-serd-3-1024x663.jpg\" alt=\"\" class=\"wp-image-201372\" srcset=\"https:\/\/www.monaco-tribune.com\/wp-content\/uploads\/2023\/11\/ste-lancement-serd-3-1024x663.jpg 1024w, https:\/\/www.monaco-tribune.com\/wp-content\/uploads\/2023\/11\/ste-lancement-serd-3-463x300.jpg 463w, https:\/\/www.monaco-tribune.com\/wp-content\/uploads\/2023\/11\/ste-lancement-serd-3.jpg 1200w\" sizes=\"auto, (max-width: 1024px) 100vw, 1024px\" \/><figcaption class=\"wp-element-caption\"><em>The programme was presented to the press in the presence of local stakeholders on Friday morning.\u00a0<\/em>\u00a9 Communication Department<\/figcaption><\/figure>\n<\/div>\n<h2 class=\"wp-block-heading\" id=\"h-un-site-pour-suivre-les-actions-locales\">A website for monitoring local actions<\/h2>\n\n<p>Before getting into the programme itself, a new feature was proudly announced by the Environment Department, in collaboration with the Inter-Ministerial Delegation on Digital Transition (DITN): the creation of a mini-website to monitor the EWWR&#8217;s progress. &#8220;<em>It will be possible to view the actions by theme but also by date<\/em>,&#8221; said Boris Szaflik, responsible for its implementation at the DITN.<\/p>\n<div class=\"wp-block-image\">\n<figure class=\"aligncenter size-large\"><img loading=\"lazy\" decoding=\"async\" width=\"550\" height=\"1024\" src=\"https:\/\/www.monaco-tribune.com\/wp-content\/uploads\/2023\/11\/serd-2023-monaco-compressed-550x1024.jpg\" alt=\"\" class=\"wp-image-201308\" srcset=\"https:\/\/www.monaco-tribune.com\/wp-content\/uploads\/2023\/11\/serd-2023-monaco-compressed-550x1024.jpg 550w, https:\/\/www.monaco-tribune.com\/wp-content\/uploads\/2023\/11\/serd-2023-monaco-compressed-161x300.jpg 161w, https:\/\/www.monaco-tribune.com\/wp-content\/uploads\/2023\/11\/serd-2023-monaco-compressed.jpg 1170w\" sizes=\"auto, (max-width: 550px) 100vw, 550px\" \/><figcaption class=\"wp-element-caption\"><p style=\"font-weight: 400;\"><em>The website is already up and running.<\/em>\u00a0\u00a9 Monaco Tribune<\/p><\/figcaption><\/figure>\n<\/div>\n<p>Accessible via the YourMonaco app or by flashing a QR Code, which is due to be posted all over Monaco, the site will display an interactive map of the Principality and the places concerned by an ongoing or future action. An action might be an activity, a workshop, a collection, a treasure hunt\u2026 all part of the EWWR programme. <\/p>\n\n<h2 class=\"wp-block-heading\" id=\"h-programme-des-initiatives-ouvertes-au-public\">Schedule of initiatives that are open to the public<\/h2>\n\n<p>Institutional initiatives, led by Monaco Town Council, the Government or the Soci\u00e9t\u00e9 Mon\u00e9gasque d&#8217;Assainissement (Monegasque sanitation company):<\/p>\n\n<ul class=\"wp-block-list\">\n<li><strong>13 to 26 November:<\/strong> Collection of eyeglasses at the Fontvieille shopping centre.<\/li>\n\n\n\n<li><strong>25 and 26 November:<\/strong> Exhibition of works made during the EWWR in the gallery at Fontvieille shopping centre<\/li>\n\n\n\n<li><p style=\"font-weight: 400;\"><strong>22 November, 9 am to noon<\/strong><strong>:<\/strong> Stand to raise public awareness about waste reduction and possible alternatives to plastic on the Place d&#8217;Armes.<\/p><\/li>\n\n\n\n<li><p style=\"font-weight: 400;\"><strong>22 November from 3 <\/strong><strong>pm to 5 pm:<\/strong> waste treasure hunt on Place d &#8216;Armes (sign up on +377 92 05 75 16).<\/p><\/li>\n\n\n\n<li><strong>21 through 24 Novembe<\/strong><strong>r : <\/strong>Book drive at the La Condamine Market.<\/li>\n\n\n\n<li><strong>24 November 2 pm &#8211; 6 pm: <\/strong>\u00a0A giant\u00a0 \u00ab3R\u00bb (Reduce, reuse, recycle) game: creative workshops, a rally and an interactive quizz at L&#8217;Espace Lamartine (sign up at environnement@mairie.mc).<\/li>\n\n\n\n<li><strong>25 November from 3.30 pm to 6 pm<\/strong>:\u00a0 Munegu repair caf\u00e9 at La Condamine Market<\/li>\n\n\n\n<li><strong>21 through 25 November from 2.30 pm to 6.30 pm:<\/strong> Making a village out of cardboard packaging at the Princess St\u00e9phanie Youth Centre (open to all from 6 years of age accompanied by an adult. To sign up: +377 93 50 75 05)<\/li>\n\n\n\n<li><strong>22 November from 2.30 pm to 6.30 pm:<\/strong> DIY workshops with recycled materials at the Princess St\u00e9phanie Youth Centre (open to Centre members).<\/li>\n<\/ul>\n\n<p>Non-profit and business initiatives: <\/p>\n\n<ul class=\"wp-block-list\">\n<li><p style=\"font-weight: 400;\"><strong>18-26 November:<\/strong> The Animal Fund is organising a webinar on the need to use ecological packaging (contact info@theanimalfund.net)<\/p><\/li>\n\n\n\n<li><p style=\"font-weight: 400;\"><strong>22 November 3 pm &#8211; 5 pm: <\/strong>Ecopolis is running a workshop to create gift wrapping using recyled shirts and fabric, on the Place d&#8217;Armes.<\/p><\/li>\n\n\n\n<li><p style=\"font-weight: 400;\"><strong>20-24 November from 10 am to 5 pm<\/strong>: Grant Thornton Monaco is organising a toy drive in aid of the Salvation Army, at their premises, 16 rue du Gabian.<\/p><\/li>\n\n\n\n<li><p style=\"font-weight: 400;\"><strong>22 November 3 pm to 5 pm:<\/strong> The Columbus Hotel Monte-Carlo is organising a zero-waste packaging workshop, led by a professional seamstress (booking required, +377 92 05 82 42)<\/p><\/li>\n<\/ul>\n\n<p>The full EWWR 2023 programme is available on the website. <\/p>\n\n<p class=\"related\"><a href=\"https:\/\/www.monaco-tribune.com\/en\/2021\/10\/single-use-plastic-waste-banned-in-2024\/\">Single-use plastic banned in 2024<\/a><\/p>\n","protected":false},"excerpt":{"rendered":"<p>A wide range of initiatives will be organised in the Principality from 21 to 26 November.\u00a0 The traditional presentation of [&hellip;]<\/p>\n","protected":false},"author":65,"featured_media":201317,"comment_status":"closed","ping_status":"closed","sticky":false,"template":"","format":"standard","meta":{"_acf_changed":false,"footnotes":""},"categories":[1837,243],"tags":[3371],"post_sectags":[],"post_format":[2452],"class_list":["post-201771","post","type-post","status-publish","format-standard","has-post-thumbnail","hentry","category-environment","category-news","tag-taking-action","format-events"],"acf":[],"yoast_head":"<!-- This site is optimized with the Yoast SEO Premium plugin v27.5 (Yoast SEO v27.5) - https:\/\/yoast.com\/product\/yoast-seo-premium-wordpress\/ -->\n<title>The (extensive) programme for European Waste Reduction Week<\/title>\n<meta name=\"description\" content=\"A wide range of initiatives will be organised in the Principality from 21 to 26 November.\u00a0 The traditional presentation of the EWWR programme to the press\" \/>\n<meta name=\"robots\" content=\"index, follow, max-snippet:-1, max-image-preview:large, max-video-preview:-1\" \/>\n<link rel=\"canonical\" href=\"https:\/\/www.monaco-tribune.com\/en\/2023\/11\/the-extensive-programme-for-european-waste-reduction-week\/\" \/>\n<meta property=\"og:locale\" content=\"en_US\" \/>\n<meta property=\"og:type\" content=\"article\" \/>\n<meta property=\"og:title\" content=\"The (extensive) programme for European Waste Reduction Week - Monaco Tribune\" \/>\n<meta property=\"og:description\" content=\"A wide range of initiatives will be organised in the Principality from 21 to 26 November.\u00a0 The traditional presentation of the EWWR programme to the press\" \/>\n<meta property=\"og:url\" content=\"https:\/\/www.monaco-tribune.com\/en\/2023\/11\/the-extensive-programme-for-european-waste-reduction-week\/\" \/>\n<meta property=\"og:site_name\" content=\"Monaco Tribune\" \/>\n<meta property=\"article:publisher\" content=\"https:\/\/www.facebook.com\/MonacoTribune\" \/>\n<meta property=\"article:published_time\" content=\"2023-11-21T15:29:20+00:00\" \/>\n<meta property=\"article:modified_time\" content=\"2023-11-21T15:31:36+00:00\" \/>\n<meta property=\"og:image\" content=\"https:\/\/www.monaco-tribune.com\/wp-content\/uploads\/2023\/11\/serd-monaco-compressed.jpg\" \/>\n\t<meta property=\"og:image:width\" content=\"1200\" \/>\n\t<meta property=\"og:image:height\" content=\"802\" \/>\n\t<meta property=\"og:image:type\" content=\"image\/jpeg\" \/>\n<meta name=\"author\" content=\"Paul Charoy\" \/>\n<meta name=\"twitter:card\" content=\"summary_large_image\" \/>\n<meta name=\"twitter:creator\" content=\"@MonacoTribune\" \/>\n<meta name=\"twitter:site\" content=\"@MonacoTribune\" \/>\n<script type=\"application\/ld+json\" class=\"yoast-schema-graph\">{\"@context\":\"https:\\\/\\\/schema.org\",\"@graph\":[{\"@type\":\"NewsArticle\",\"@id\":\"https:\\\/\\\/www.monaco-tribune.com\\\/en\\\/2023\\\/11\\\/the-extensive-programme-for-european-waste-reduction-week\\\/#article\",\"isPartOf\":{\"@id\":\"https:\\\/\\\/www.monaco-tribune.com\\\/en\\\/2023\\\/11\\\/the-extensive-programme-for-european-waste-reduction-week\\\/\"},\"author\":{\"name\":\"Paul Charoy\",\"@id\":\"https:\\\/\\\/www.monaco-tribune.com\\\/en\\\/#\\\/schema\\\/person\\\/c33a9f1bc99ef5a2e07d37c576060b57\"},\"headline\":\"The (extensive) programme for European Waste Reduction Week\",\"datePublished\":\"2023-11-21T15:29:20+00:00\",\"dateModified\":\"2023-11-21T15:31:36+00:00\",\"mainEntityOfPage\":{\"@id\":\"https:\\\/\\\/www.monaco-tribune.com\\\/en\\\/2023\\\/11\\\/the-extensive-programme-for-european-waste-reduction-week\\\/\"},\"wordCount\":547,\"publisher\":{\"@id\":\"https:\\\/\\\/www.monaco-tribune.com\\\/en\\\/#organization\"},\"image\":{\"@id\":\"https:\\\/\\\/www.monaco-tribune.com\\\/en\\\/2023\\\/11\\\/the-extensive-programme-for-european-waste-reduction-week\\\/#primaryimage\"},\"thumbnailUrl\":\"https:\\\/\\\/www.monaco-tribune.com\\\/wp-content\\\/uploads\\\/2023\\\/11\\\/serd-monaco-compressed.jpg\",\"keywords\":[\"Taking action\"],\"articleSection\":[\"Environment\",\"News\"],\"inLanguage\":\"en-US\",\"copyrightYear\":\"2023\",\"copyrightHolder\":{\"@id\":\"https:\\\/\\\/www.monaco-tribune.com\\\/#organization\"}},{\"@type\":\"WebPage\",\"@id\":\"https:\\\/\\\/www.monaco-tribune.com\\\/en\\\/2023\\\/11\\\/the-extensive-programme-for-european-waste-reduction-week\\\/\",\"url\":\"https:\\\/\\\/www.monaco-tribune.com\\\/en\\\/2023\\\/11\\\/the-extensive-programme-for-european-waste-reduction-week\\\/\",\"name\":\"The (extensive) programme for European Waste Reduction Week\",\"isPartOf\":{\"@id\":\"https:\\\/\\\/www.monaco-tribune.com\\\/en\\\/#website\"},\"primaryImageOfPage\":{\"@id\":\"https:\\\/\\\/www.monaco-tribune.com\\\/en\\\/2023\\\/11\\\/the-extensive-programme-for-european-waste-reduction-week\\\/#primaryimage\"},\"image\":{\"@id\":\"https:\\\/\\\/www.monaco-tribune.com\\\/en\\\/2023\\\/11\\\/the-extensive-programme-for-european-waste-reduction-week\\\/#primaryimage\"},\"thumbnailUrl\":\"https:\\\/\\\/www.monaco-tribune.com\\\/wp-content\\\/uploads\\\/2023\\\/11\\\/serd-monaco-compressed.jpg\",\"datePublished\":\"2023-11-21T15:29:20+00:00\",\"dateModified\":\"2023-11-21T15:31:36+00:00\",\"description\":\"A wide range of initiatives will be organised in the Principality from 21 to 26 November.\u00a0 The traditional presentation of the EWWR programme to the press\",\"breadcrumb\":{\"@id\":\"https:\\\/\\\/www.monaco-tribune.com\\\/en\\\/2023\\\/11\\\/the-extensive-programme-for-european-waste-reduction-week\\\/#breadcrumb\"},\"inLanguage\":\"en-US\",\"potentialAction\":[{\"@type\":\"ReadAction\",\"target\":[\"https:\\\/\\\/www.monaco-tribune.com\\\/en\\\/2023\\\/11\\\/the-extensive-programme-for-european-waste-reduction-week\\\/\"]}]},{\"@type\":\"ImageObject\",\"inLanguage\":\"en-US\",\"@id\":\"https:\\\/\\\/www.monaco-tribune.com\\\/en\\\/2023\\\/11\\\/the-extensive-programme-for-european-waste-reduction-week\\\/#primaryimage\",\"url\":\"https:\\\/\\\/www.monaco-tribune.com\\\/wp-content\\\/uploads\\\/2023\\\/11\\\/serd-monaco-compressed.jpg\",\"contentUrl\":\"https:\\\/\\\/www.monaco-tribune.com\\\/wp-content\\\/uploads\\\/2023\\\/11\\\/serd-monaco-compressed.jpg\",\"width\":1200,\"height\":802,\"caption\":\"European Week for Waste Reduction runs from 21 to 26 November 2023 in Monaco. \u00a9 Monaco Town Council\"},{\"@type\":\"BreadcrumbList\",\"@id\":\"https:\\\/\\\/www.monaco-tribune.com\\\/en\\\/2023\\\/11\\\/the-extensive-programme-for-european-waste-reduction-week\\\/#breadcrumb\",\"itemListElement\":[{\"@type\":\"ListItem\",\"position\":1,\"name\":\"Accueil\",\"item\":\"https:\\\/\\\/www.monaco-tribune.com\\\/en\\\/\"},{\"@type\":\"ListItem\",\"position\":2,\"name\":\"The (extensive) programme for European Waste Reduction Week\"}]},{\"@type\":\"WebSite\",\"@id\":\"https:\\\/\\\/www.monaco-tribune.com\\\/en\\\/#website\",\"url\":\"https:\\\/\\\/www.monaco-tribune.com\\\/en\\\/\",\"name\":\"Monaco Tribune\",\"description\":\"Monaco : actualit\u00e9s \u00e9conomiques, politiques, culturelles et sportives de Monaco et de la French Riviera.\",\"publisher\":{\"@id\":\"https:\\\/\\\/www.monaco-tribune.com\\\/en\\\/#organization\"},\"potentialAction\":[{\"@type\":\"SearchAction\",\"target\":{\"@type\":\"EntryPoint\",\"urlTemplate\":\"https:\\\/\\\/www.monaco-tribune.com\\\/en\\\/?s={search_term_string}\"},\"query-input\":{\"@type\":\"PropertyValueSpecification\",\"valueRequired\":true,\"valueName\":\"search_term_string\"}}],\"inLanguage\":\"en-US\"},{\"@type\":\"Organization\",\"@id\":\"https:\\\/\\\/www.monaco-tribune.com\\\/en\\\/#organization\",\"name\":\"Monaco Tribune\",\"url\":\"https:\\\/\\\/www.monaco-tribune.com\\\/en\\\/\",\"logo\":{\"@type\":\"ImageObject\",\"inLanguage\":\"en-US\",\"@id\":\"https:\\\/\\\/www.monaco-tribune.com\\\/en\\\/#\\\/schema\\\/logo\\\/image\\\/\",\"url\":\"https:\\\/\\\/www.monaco-tribune.com\\\/wp-content\\\/uploads\\\/2022\\\/11\\\/logo-monaco-tribune.png\",\"contentUrl\":\"https:\\\/\\\/www.monaco-tribune.com\\\/wp-content\\\/uploads\\\/2022\\\/11\\\/logo-monaco-tribune.png\",\"width\":1548,\"height\":600,\"caption\":\"Monaco Tribune\"},\"image\":{\"@id\":\"https:\\\/\\\/www.monaco-tribune.com\\\/en\\\/#\\\/schema\\\/logo\\\/image\\\/\"},\"sameAs\":[\"https:\\\/\\\/www.facebook.com\\\/MonacoTribune\",\"https:\\\/\\\/x.com\\\/MonacoTribune\",\"https:\\\/\\\/www.instagram.com\\\/monacotribune\\\/\",\"https:\\\/\\\/www.linkedin.com\\\/company\\\/monaco-tribune\",\"https:\\\/\\\/www.youtube.com\\\/channel\\\/UCHle1MnG6hw1y4lWKijVbMA\"]},{\"@type\":\"Person\",\"@id\":\"https:\\\/\\\/www.monaco-tribune.com\\\/en\\\/#\\\/schema\\\/person\\\/c33a9f1bc99ef5a2e07d37c576060b57\",\"name\":\"Paul Charoy\",\"image\":{\"@type\":\"ImageObject\",\"inLanguage\":\"en-US\",\"@id\":\"https:\\\/\\\/secure.gravatar.com\\\/avatar\\\/c3a39fd900275d54a628738568f1949e90ce9945d105d000228335a7bad64b38?s=96&d=mm&r=g\",\"url\":\"https:\\\/\\\/secure.gravatar.com\\\/avatar\\\/c3a39fd900275d54a628738568f1949e90ce9945d105d000228335a7bad64b38?s=96&d=mm&r=g\",\"contentUrl\":\"https:\\\/\\\/secure.gravatar.com\\\/avatar\\\/c3a39fd900275d54a628738568f1949e90ce9945d105d000228335a7bad64b38?s=96&d=mm&r=g\",\"caption\":\"Paul Charoy\"},\"url\":\"https:\\\/\\\/www.monaco-tribune.com\\\/en\\\/author\\\/paulcharoy\\\/\"}]}<\/script>\n<!-- \/ Yoast SEO Premium plugin. -->","yoast_head_json":{"title":"The (extensive) programme for European Waste Reduction Week","description":"A wide range of initiatives will be organised in the Principality from 21 to 26 November.\u00a0 The traditional presentation of the EWWR programme to the press","robots":{"index":"index","follow":"follow","max-snippet":"max-snippet:-1","max-image-preview":"max-image-preview:large","max-video-preview":"max-video-preview:-1"},"canonical":"https:\/\/www.monaco-tribune.com\/en\/2023\/11\/the-extensive-programme-for-european-waste-reduction-week\/","og_locale":"en_US","og_type":"article","og_title":"The (extensive) programme for European Waste Reduction Week - Monaco Tribune","og_description":"A wide range of initiatives will be organised in the Principality from 21 to 26 November.\u00a0 The traditional presentation of the EWWR programme to the press","og_url":"https:\/\/www.monaco-tribune.com\/en\/2023\/11\/the-extensive-programme-for-european-waste-reduction-week\/","og_site_name":"Monaco Tribune","article_publisher":"https:\/\/www.facebook.com\/MonacoTribune","article_published_time":"2023-11-21T15:29:20+00:00","article_modified_time":"2023-11-21T15:31:36+00:00","og_image":[{"width":1200,"height":802,"url":"https:\/\/www.monaco-tribune.com\/wp-content\/uploads\/2023\/11\/serd-monaco-compressed.jpg","type":"image\/jpeg"}],"author":"Paul Charoy","twitter_card":"summary_large_image","twitter_creator":"@MonacoTribune","twitter_site":"@MonacoTribune","schema":{"@context":"https:\/\/schema.org","@graph":[{"@type":"NewsArticle","@id":"https:\/\/www.monaco-tribune.com\/en\/2023\/11\/the-extensive-programme-for-european-waste-reduction-week\/#article","isPartOf":{"@id":"https:\/\/www.monaco-tribune.com\/en\/2023\/11\/the-extensive-programme-for-european-waste-reduction-week\/"},"author":{"name":"Paul Charoy","@id":"https:\/\/www.monaco-tribune.com\/en\/#\/schema\/person\/c33a9f1bc99ef5a2e07d37c576060b57"},"headline":"The (extensive) programme for European Waste Reduction Week","datePublished":"2023-11-21T15:29:20+00:00","dateModified":"2023-11-21T15:31:36+00:00","mainEntityOfPage":{"@id":"https:\/\/www.monaco-tribune.com\/en\/2023\/11\/the-extensive-programme-for-european-waste-reduction-week\/"},"wordCount":547,"publisher":{"@id":"https:\/\/www.monaco-tribune.com\/en\/#organization"},"image":{"@id":"https:\/\/www.monaco-tribune.com\/en\/2023\/11\/the-extensive-programme-for-european-waste-reduction-week\/#primaryimage"},"thumbnailUrl":"https:\/\/www.monaco-tribune.com\/wp-content\/uploads\/2023\/11\/serd-monaco-compressed.jpg","keywords":["Taking action"],"articleSection":["Environment","News"],"inLanguage":"en-US","copyrightYear":"2023","copyrightHolder":{"@id":"https:\/\/www.monaco-tribune.com\/#organization"}},{"@type":"WebPage","@id":"https:\/\/www.monaco-tribune.com\/en\/2023\/11\/the-extensive-programme-for-european-waste-reduction-week\/","url":"https:\/\/www.monaco-tribune.com\/en\/2023\/11\/the-extensive-programme-for-european-waste-reduction-week\/","name":"The (extensive) programme for European Waste Reduction Week","isPartOf":{"@id":"https:\/\/www.monaco-tribune.com\/en\/#website"},"primaryImageOfPage":{"@id":"https:\/\/www.monaco-tribune.com\/en\/2023\/11\/the-extensive-programme-for-european-waste-reduction-week\/#primaryimage"},"image":{"@id":"https:\/\/www.monaco-tribune.com\/en\/2023\/11\/the-extensive-programme-for-european-waste-reduction-week\/#primaryimage"},"thumbnailUrl":"https:\/\/www.monaco-tribune.com\/wp-content\/uploads\/2023\/11\/serd-monaco-compressed.jpg","datePublished":"2023-11-21T15:29:20+00:00","dateModified":"2023-11-21T15:31:36+00:00","description":"A wide range of initiatives will be organised in the Principality from 21 to 26 November.\u00a0 The traditional presentation of the EWWR programme to the press","breadcrumb":{"@id":"https:\/\/www.monaco-tribune.com\/en\/2023\/11\/the-extensive-programme-for-european-waste-reduction-week\/#breadcrumb"},"inLanguage":"en-US","potentialAction":[{"@type":"ReadAction","target":["https:\/\/www.monaco-tribune.com\/en\/2023\/11\/the-extensive-programme-for-european-waste-reduction-week\/"]}]},{"@type":"ImageObject","inLanguage":"en-US","@id":"https:\/\/www.monaco-tribune.com\/en\/2023\/11\/the-extensive-programme-for-european-waste-reduction-week\/#primaryimage","url":"https:\/\/www.monaco-tribune.com\/wp-content\/uploads\/2023\/11\/serd-monaco-compressed.jpg","contentUrl":"https:\/\/www.monaco-tribune.com\/wp-content\/uploads\/2023\/11\/serd-monaco-compressed.jpg","width":1200,"height":802,"caption":"European Week for Waste Reduction runs from 21 to 26 November 2023 in Monaco. \u00a9 Monaco Town Council"},{"@type":"BreadcrumbList","@id":"https:\/\/www.monaco-tribune.com\/en\/2023\/11\/the-extensive-programme-for-european-waste-reduction-week\/#breadcrumb","itemListElement":[{"@type":"ListItem","position":1,"name":"Accueil","item":"https:\/\/www.monaco-tribune.com\/en\/"},{"@type":"ListItem","position":2,"name":"The (extensive) programme for European Waste Reduction Week"}]},{"@type":"WebSite","@id":"https:\/\/www.monaco-tribune.com\/en\/#website","url":"https:\/\/www.monaco-tribune.com\/en\/","name":"Monaco Tribune","description":"Monaco : actualit\u00e9s \u00e9conomiques, politiques, culturelles et sportives de Monaco et de la French Riviera.","publisher":{"@id":"https:\/\/www.monaco-tribune.com\/en\/#organization"},"potentialAction":[{"@type":"SearchAction","target":{"@type":"EntryPoint","urlTemplate":"https:\/\/www.monaco-tribune.com\/en\/?s={search_term_string}"},"query-input":{"@type":"PropertyValueSpecification","valueRequired":true,"valueName":"search_term_string"}}],"inLanguage":"en-US"},{"@type":"Organization","@id":"https:\/\/www.monaco-tribune.com\/en\/#organization","name":"Monaco Tribune","url":"https:\/\/www.monaco-tribune.com\/en\/","logo":{"@type":"ImageObject","inLanguage":"en-US","@id":"https:\/\/www.monaco-tribune.com\/en\/#\/schema\/logo\/image\/","url":"https:\/\/www.monaco-tribune.com\/wp-content\/uploads\/2022\/11\/logo-monaco-tribune.png","contentUrl":"https:\/\/www.monaco-tribune.com\/wp-content\/uploads\/2022\/11\/logo-monaco-tribune.png","width":1548,"height":600,"caption":"Monaco Tribune"},"image":{"@id":"https:\/\/www.monaco-tribune.com\/en\/#\/schema\/logo\/image\/"},"sameAs":["https:\/\/www.facebook.com\/MonacoTribune","https:\/\/x.com\/MonacoTribune","https:\/\/www.instagram.com\/monacotribune\/","https:\/\/www.linkedin.com\/company\/monaco-tribune","https:\/\/www.youtube.com\/channel\/UCHle1MnG6hw1y4lWKijVbMA"]},{"@type":"Person","@id":"https:\/\/www.monaco-tribune.com\/en\/#\/schema\/person\/c33a9f1bc99ef5a2e07d37c576060b57","name":"Paul Charoy","image":{"@type":"ImageObject","inLanguage":"en-US","@id":"https:\/\/secure.gravatar.com\/avatar\/c3a39fd900275d54a628738568f1949e90ce9945d105d000228335a7bad64b38?s=96&d=mm&r=g","url":"https:\/\/secure.gravatar.com\/avatar\/c3a39fd900275d54a628738568f1949e90ce9945d105d000228335a7bad64b38?s=96&d=mm&r=g","contentUrl":"https:\/\/secure.gravatar.com\/avatar\/c3a39fd900275d54a628738568f1949e90ce9945d105d000228335a7bad64b38?s=96&d=mm&r=g","caption":"Paul Charoy"},"url":"https:\/\/www.monaco-tribune.com\/en\/author\/paulcharoy\/"}]}},"_links":{"self":[{"href":"https:\/\/www.monaco-tribune.com\/en\/wp-json\/wp\/v2\/posts\/201771","targetHints":{"allow":["GET"]}}],"collection":[{"href":"https:\/\/www.monaco-tribune.com\/en\/wp-json\/wp\/v2\/posts"}],"about":[{"href":"https:\/\/www.monaco-tribune.com\/en\/wp-json\/wp\/v2\/types\/post"}],"author":[{"embeddable":true,"href":"https:\/\/www.monaco-tribune.com\/en\/wp-json\/wp\/v2\/users\/65"}],"replies":[{"embeddable":true,"href":"https:\/\/www.monaco-tribune.com\/en\/wp-json\/wp\/v2\/comments?post=201771"}],"version-history":[{"count":2,"href":"https:\/\/www.monaco-tribune.com\/en\/wp-json\/wp\/v2\/posts\/201771\/revisions"}],"predecessor-version":[{"id":201775,"href":"https:\/\/www.monaco-tribune.com\/en\/wp-json\/wp\/v2\/posts\/201771\/revisions\/201775"}],"wp:featuredmedia":[{"embeddable":true,"href":"https:\/\/www.monaco-tribune.com\/en\/wp-json\/wp\/v2\/media\/201317"}],"wp:attachment":[{"href":"https:\/\/www.monaco-tribune.com\/en\/wp-json\/wp\/v2\/media?parent=201771"}],"wp:term":[{"taxonomy":"category","embeddable":true,"href":"https:\/\/www.monaco-tribune.com\/en\/wp-json\/wp\/v2\/categories?post=201771"},{"taxonomy":"post_tag","embeddable":true,"href":"https:\/\/www.monaco-tribune.com\/en\/wp-json\/wp\/v2\/tags?post=201771"},{"taxonomy":"sectag","embeddable":true,"href":"https:\/\/www.monaco-tribune.com\/en\/wp-json\/wp\/v2\/post_sectags?post=201771"},{"taxonomy":"format","embeddable":true,"href":"https:\/\/www.monaco-tribune.com\/en\/wp-json\/wp\/v2\/post_format?post=201771"}],"curies":[{"name":"wp","href":"https:\/\/api.w.org\/{rel}","templated":true}]}}