{"id":203799,"date":"2023-12-01T16:40:06","date_gmt":"2023-12-01T14:40:06","guid":{"rendered":"https:\/\/www.monaco-tribune.com\/2023\/12\/what-to-do-in-monaco-in-december-2023\/"},"modified":"2023-12-01T16:44:34","modified_gmt":"2023-12-01T14:44:34","slug":"what-to-do-in-monaco-in-december-2023","status":"publish","type":"post","link":"https:\/\/www.monaco-tribune.com\/en\/2023\/12\/what-to-do-in-monaco-in-december-2023\/","title":{"rendered":"What to do in Monaco in December 2023"},"content":{"rendered":"\n<p><strong>Monaco Tribune has compiled a list of the key events you shouldn&#8217;t miss in the Principality this month, as well as some ideas for outings.<\/strong><\/p>\n\n<h2 class=\"wp-block-heading\" id=\"h-le-village-de-noel\">The Christmas Village <\/h2>\n\n<p>A huge Christmas village will be set up on the Quai Albert Ier in the run-up to the festive season. There will be 24 chalets and 19 food stalls, along with 800 real Christmas trees and 7 rides, including the Big Ferris Wheel, the toboggan run, the Christmas tree merry-go-round and three new attractions (flying chairs, a children&#8217;s roller coaster and Santa&#8217;s sleigh). The theme of the Christmas village will be a tribute to the &#8220;Builder Prince&#8221; and more particularly to his different passions: the arts, motor sport, animals and the sea. <\/p>\n\n<ul class=\"wp-block-list\">\n<li>From 7 December 2023 to 7 January 2024<\/li>\n\n\n\n<li>Admission is free and open to all.<\/li>\n<\/ul>\n\n<h2 class=\"wp-block-heading\" id=\"h-les-ateliers-de-la-salle-a-fabrica\">Workshops at A Fabric\u00e0<\/h2>\n\n<p>Over the month of December, the hall above the Parc Princesse Antoinette will be hosting activities on the theme of Christmas and year-end celebrations. <\/p>\n\n<p><b>Saturday 2 December<\/b> (6 to 12 years): <em>La Plume Anim\u00e9e<\/em> will read &#8220;<em>Pinpin le lutin de No\u00ebl<\/em>,&#8221; a Christmas tale. Two sessions are on offer: from 10.30 am to 11.30 am and from 2pm to 3pm.<\/p>\n\n<p><b>Wednesday 6 December<\/b> (2 to 5 years): a reading workshop on a Christmas theme. These workshops consist of a reading session by a professional and a time for interaction with the play mat and books. Sessions are organised by age group: from 3 pm to 3.40 pm for 2\/3 year olds and from 3.45 pm to 4.25 pm for 4\/5 year olds.<\/p>\n\n<p><b>Wednesday 13 December<\/b> at 3 pm (6-10 years): Christmas wreath making using plants from the Parc Princesse Antoinette, in partnership with <em>Les Petits \u00c9coliers de Monaco<\/em>. Christmas biscuit decoration (4 yrs and over).<\/p>\n\n<p><b>Saturday 16 December:<\/b>\u00a0 &#8220;<em>BuLe de G\u00e2teau<\/em>&#8221; will help the children decorate Christmas cookies. The workshop is organised in two sessions: from 10 am to 10.45 am and from 11 am to 11.45 am<\/p>\n\n<ul class=\"wp-block-list\">\n<li>The workshops are free of charge, but must be booked in advance by calling +377 93 15 29 33.<\/li>\n<\/ul>\n\n<h2 class=\"wp-block-heading\" id=\"h-expositions-du-centenaire\">Centenary exhibitions<\/h2>\n\n<p>Last month, last call! The Principality is still hosting a number of exhibitions to mark the centenary year of Prince Rainier III&#8217;s birth, &#8220;<em>Le Prince Rainier III, un marin avant tout<\/em>&#8221; (Prince Rainier III, above all a sailor), &#8220;<em>Le Prince et ses animaux<\/em>&#8221; (The Prince and his animals) and &#8220;<em>Le Prince Rainier III, une roseraie en hommage \u00e0 son \u00e9pouse<\/em>&#8221; (Prince Rainier III, a rose garden in tribute to his wife) can be seen in the State Apartments at the Prince&#8217;s Palace, the Rainier III Zoological Gardens and the Princess Grace rose garden respectively. In the exhibition hall on Quai Antoine I, you can also see the impressive exhibition on <a href=\"https:\/\/www.monaco-tribune.com\/en\/2023\/07\/most-comprehensive-exhibition-on-prince-rainier-iiis-work-now-open\/\">the Builder Prince&#8217;s entire life&#8217;s work<\/a>! On a different theme, &#8220;The Prince at the heart of the circus&#8221; <a href=\"https:\/\/www.monaco-tribune.com\/en\/2023\/11\/my-father-passed-his-love-of-the-circus-on-to-me-princess-stephanie-pays-tribute-to-prince-rainier-iii-through-an-exhibition\/\">opened in November<\/a> on the Terrasses de Fontvieille, featuring previously unpublished documents and a large collection of circus-related objects.<\/p>\n\n<p><em>More details<\/em><\/p>\n\n<ul class=\"wp-block-list\">\n<li>&#8220;<b>Le Prince et ses animaux&#8221;<\/b> : admission \u20ac6 &#8211; Until 31 December 2023<\/li>\n\n\n\n<li>&#8220;<b>Le Prince Rainier III, un marin avant tout&#8221;<\/b> : free admission &#8211; Until 31 December 2023<\/li>\n\n\n\n<li>&#8220;<b>Prince Rainier III, a rose garden in tribute to his wife&#8221;<\/b>: free admission &#8211; Until January 2024<\/li>\n\n\n\n<li><b>&#8220;Le Prince B\u00e2tisseur. Une ambition pour Monaco&#8221;<\/b> (The Builder Prince. An ambition for Monaco): free admission &#8211; Until 31 December 2023<\/li>\n\n\n\n<li>&#8220;<b>The Prince at the heart of the circus&#8221;<\/b>: from 22 November 2023 to 28 January 2024 &#8211; free admission<\/li>\n<\/ul>\n\n<h3 class=\"wp-block-heading\" id=\"h-idees-sorties-en-vrac\"><strong>A few other ideas<\/strong><\/h3>\n\n<ul class=\"wp-block-list\">\n<li><b>2 December:<\/b> Free Christmas concert at the Grimaldi Forum in Monaco &#8211; 6.30 pm<\/li>\n\n\n\n<li><b>3 December:<\/b> Ligue 1 &#8211; AS Monaco \/ Montpellier &#8211; Stade Louis-II at 3pm<\/li>\n\n\n\n<li><b>3 December:<\/b> Betclic Elite &#8211; AS Monaco Basket \/ Paris &#8211; Salle Gaston M\u00e9decin at 7 pm<\/li>\n\n\n\n<li><b>14 December:<\/b> Les Ballets de Monte-Carlo &#8211; &#8220;C&#8217;est beau! &#8221; \/ Grimaldi Forum at 7.30 pm<\/li>\n\n\n\n<li><b>15 December:<\/b> Ligue 1 &#8211; AS Monaco \/ Olympique Lyonnais &#8211; Stade Louis-II at 9 pm<\/li>\n\n\n\n<li><b>15 and 16 December:<\/b> Les Ballets de Monte-Carlo &#8211; &#8220;Sol Invictus&#8221; \/ Grimaldi Forum at 7.30 pm<\/li>\n\n\n\n<li><b>17 December:<\/b> <a href=\"https:\/\/www.monaco-tribune.com\/2023\/10\/linstitut-audiovisuel-de-monaco-va-diffuser-30-films-cette-annee-et-il-faut-les-voir\/\">&#8220;Tout l&#8217;art du cin\u00e9ma&#8221;<\/a> &#8211; &#8220;Carmen Jones&#8221; at the Grimaldi Forum at 11 am<\/li>\n\n\n\n<li><b>17 December:<\/b> Betclic Elite &#8211; AS Monaco Basket \/ Roanne &#8211; Salle Gaston M\u00e9decin at 2.30 pm<\/li>\n\n\n\n<li><b>19 December:<\/b> Tuesday cinema &#8211; &#8220;In the mood for love&#8221; at the Th\u00e9\u00e2tre des Vari\u00e9t\u00e9s at 8 pm<\/li>\n\n\n\n<li><b>20 December:<\/b> Euroleague &#8211; AS Monaco Basket \/ Panathinaikos Aktor Athens &#8211; Salle Gaston M\u00e9decin at 7 pm<\/li>\n\n\n\n<li><b>20 to 23 December:<\/b> Les <a href=\"https:\/\/www.monaco-tribune.com\/en\/2023\/10\/monte-carlo-ballets-tickets-on-sale-soon-programme-revealed\/\">Ballets de Monte-Carlo<\/a> &#8211; &#8220;L&#8217;enfant et les sortil\u00e8ges&#8221; \/ Grimaldi Forum at 7.30 pm<\/li>\n\n\n\n<li><b>21 December: <\/b>Theatre &#8211; &#8220;Au scalpel &#8211; Antoine Raoult&#8221; at the Th\u00e9\u00e2tre Princesse Grace at 8 pm<\/li>\n\n\n\n<li><b>29 December:<\/b> Euroleague &#8211; AS Monaco Basket \/ FC Barcelona &#8211; Salle Gaston M\u00e9decin at 9 pm<\/li>\n<\/ul>\n","protected":false},"excerpt":{"rendered":"<p>Monaco Tribune has compiled a list of the key events you shouldn&#8217;t miss in the Principality this month, as well [&hellip;]<\/p>\n","protected":false},"author":65,"featured_media":203470,"comment_status":"closed","ping_status":"closed","sticky":false,"template":"","format":"standard","meta":{"_acf_changed":false,"footnotes":""},"categories":[243,251],"tags":[2844],"post_sectags":[4607],"post_format":[2452],"class_list":["post-203799","post","type-post","status-publish","format-standard","has-post-thumbnail","hentry","category-news","category-whats-on","tag-events-en","sectag-outings","format-events"],"acf":[],"yoast_head":"<!-- This site is optimized with the Yoast SEO Premium plugin v26.8 (Yoast SEO v27.5) - https:\/\/yoast.com\/product\/yoast-seo-premium-wordpress\/ -->\n<title>What to do in Monaco in December 2023<\/title>\n<meta name=\"description\" content=\"Monaco Tribune has compiled a list of the key events you shouldn&#039;t miss in the Principality this month, as well as some ideas for outings. The Christmas\" \/>\n<meta name=\"robots\" content=\"index, follow, max-snippet:-1, max-image-preview:large, max-video-preview:-1\" \/>\n<link rel=\"canonical\" href=\"https:\/\/www.monaco-tribune.com\/en\/2023\/12\/what-to-do-in-monaco-in-december-2023\/\" \/>\n<meta property=\"og:locale\" content=\"en_US\" \/>\n<meta property=\"og:type\" content=\"article\" \/>\n<meta property=\"og:title\" content=\"What to do in Monaco in December 2023 - Monaco Tribune\" \/>\n<meta property=\"og:description\" content=\"Monaco Tribune has compiled a list of the key events you shouldn&#039;t miss in the Principality this month, as well as some ideas for outings. The Christmas\" \/>\n<meta property=\"og:url\" content=\"https:\/\/www.monaco-tribune.com\/en\/2023\/12\/what-to-do-in-monaco-in-december-2023\/\" \/>\n<meta property=\"og:site_name\" content=\"Monaco Tribune\" \/>\n<meta property=\"article:publisher\" content=\"https:\/\/www.facebook.com\/MonacoTribune\" \/>\n<meta property=\"article:published_time\" content=\"2023-12-01T14:40:06+00:00\" \/>\n<meta property=\"article:modified_time\" content=\"2023-12-01T14:44:34+00:00\" \/>\n<meta property=\"og:image\" content=\"https:\/\/www.monaco-tribune.com\/wp-content\/uploads\/2023\/11\/noel-village-monaco-3.jpg\" \/>\n\t<meta property=\"og:image:width\" content=\"1200\" \/>\n\t<meta property=\"og:image:height\" content=\"702\" \/>\n\t<meta property=\"og:image:type\" content=\"image\/jpeg\" \/>\n<meta name=\"author\" content=\"Paul Charoy\" \/>\n<meta name=\"twitter:card\" content=\"summary_large_image\" \/>\n<meta name=\"twitter:creator\" content=\"@MonacoTribune\" \/>\n<meta name=\"twitter:site\" content=\"@MonacoTribune\" \/>\n<script type=\"application\/ld+json\" class=\"yoast-schema-graph\">{\"@context\":\"https:\\\/\\\/schema.org\",\"@graph\":[{\"@type\":\"NewsArticle\",\"@id\":\"https:\\\/\\\/www.monaco-tribune.com\\\/en\\\/2023\\\/12\\\/what-to-do-in-monaco-in-december-2023\\\/#article\",\"isPartOf\":{\"@id\":\"https:\\\/\\\/www.monaco-tribune.com\\\/en\\\/2023\\\/12\\\/what-to-do-in-monaco-in-december-2023\\\/\"},\"author\":{\"name\":\"Paul Charoy\",\"@id\":\"https:\\\/\\\/www.monaco-tribune.com\\\/en\\\/#\\\/schema\\\/person\\\/c33a9f1bc99ef5a2e07d37c576060b57\"},\"headline\":\"What to do in Monaco in December 2023\",\"datePublished\":\"2023-12-01T14:40:06+00:00\",\"dateModified\":\"2023-12-01T14:44:34+00:00\",\"mainEntityOfPage\":{\"@id\":\"https:\\\/\\\/www.monaco-tribune.com\\\/en\\\/2023\\\/12\\\/what-to-do-in-monaco-in-december-2023\\\/\"},\"wordCount\":745,\"publisher\":{\"@id\":\"https:\\\/\\\/www.monaco-tribune.com\\\/en\\\/#organization\"},\"image\":{\"@id\":\"https:\\\/\\\/www.monaco-tribune.com\\\/en\\\/2023\\\/12\\\/what-to-do-in-monaco-in-december-2023\\\/#primaryimage\"},\"thumbnailUrl\":\"https:\\\/\\\/www.monaco-tribune.com\\\/wp-content\\\/uploads\\\/2023\\\/11\\\/noel-village-monaco-3.jpg\",\"keywords\":[\"Events\"],\"articleSection\":[\"News\",\"What&#039;s on\"],\"inLanguage\":\"en-US\",\"copyrightYear\":\"2023\",\"copyrightHolder\":{\"@id\":\"https:\\\/\\\/www.monaco-tribune.com\\\/#organization\"}},{\"@type\":\"WebPage\",\"@id\":\"https:\\\/\\\/www.monaco-tribune.com\\\/en\\\/2023\\\/12\\\/what-to-do-in-monaco-in-december-2023\\\/\",\"url\":\"https:\\\/\\\/www.monaco-tribune.com\\\/en\\\/2023\\\/12\\\/what-to-do-in-monaco-in-december-2023\\\/\",\"name\":\"What to do in Monaco in December 2023\",\"isPartOf\":{\"@id\":\"https:\\\/\\\/www.monaco-tribune.com\\\/en\\\/#website\"},\"primaryImageOfPage\":{\"@id\":\"https:\\\/\\\/www.monaco-tribune.com\\\/en\\\/2023\\\/12\\\/what-to-do-in-monaco-in-december-2023\\\/#primaryimage\"},\"image\":{\"@id\":\"https:\\\/\\\/www.monaco-tribune.com\\\/en\\\/2023\\\/12\\\/what-to-do-in-monaco-in-december-2023\\\/#primaryimage\"},\"thumbnailUrl\":\"https:\\\/\\\/www.monaco-tribune.com\\\/wp-content\\\/uploads\\\/2023\\\/11\\\/noel-village-monaco-3.jpg\",\"datePublished\":\"2023-12-01T14:40:06+00:00\",\"dateModified\":\"2023-12-01T14:44:34+00:00\",\"description\":\"Monaco Tribune has compiled a list of the key events you shouldn't miss in the Principality this month, as well as some ideas for outings. The Christmas\",\"breadcrumb\":{\"@id\":\"https:\\\/\\\/www.monaco-tribune.com\\\/en\\\/2023\\\/12\\\/what-to-do-in-monaco-in-december-2023\\\/#breadcrumb\"},\"inLanguage\":\"en-US\",\"potentialAction\":[{\"@type\":\"ReadAction\",\"target\":[\"https:\\\/\\\/www.monaco-tribune.com\\\/en\\\/2023\\\/12\\\/what-to-do-in-monaco-in-december-2023\\\/\"]}]},{\"@type\":\"ImageObject\",\"inLanguage\":\"en-US\",\"@id\":\"https:\\\/\\\/www.monaco-tribune.com\\\/en\\\/2023\\\/12\\\/what-to-do-in-monaco-in-december-2023\\\/#primaryimage\",\"url\":\"https:\\\/\\\/www.monaco-tribune.com\\\/wp-content\\\/uploads\\\/2023\\\/11\\\/noel-village-monaco-3.jpg\",\"contentUrl\":\"https:\\\/\\\/www.monaco-tribune.com\\\/wp-content\\\/uploads\\\/2023\\\/11\\\/noel-village-monaco-3.jpg\",\"width\":1200,\"height\":702,\"caption\":\"From 7 December, the Principality will be hosting a Christmas village. \u00a9 Ed Wright \\\/ Monaco Town Council\"},{\"@type\":\"BreadcrumbList\",\"@id\":\"https:\\\/\\\/www.monaco-tribune.com\\\/en\\\/2023\\\/12\\\/what-to-do-in-monaco-in-december-2023\\\/#breadcrumb\",\"itemListElement\":[{\"@type\":\"ListItem\",\"position\":1,\"name\":\"Accueil\",\"item\":\"https:\\\/\\\/www.monaco-tribune.com\\\/en\\\/\"},{\"@type\":\"ListItem\",\"position\":2,\"name\":\"What to do in Monaco in December 2023\"}]},{\"@type\":\"WebSite\",\"@id\":\"https:\\\/\\\/www.monaco-tribune.com\\\/en\\\/#website\",\"url\":\"https:\\\/\\\/www.monaco-tribune.com\\\/en\\\/\",\"name\":\"Monaco Tribune\",\"description\":\"Monaco : actualit\u00e9s \u00e9conomiques, politiques, culturelles et sportives de Monaco et de la French Riviera.\",\"publisher\":{\"@id\":\"https:\\\/\\\/www.monaco-tribune.com\\\/en\\\/#organization\"},\"potentialAction\":[{\"@type\":\"SearchAction\",\"target\":{\"@type\":\"EntryPoint\",\"urlTemplate\":\"https:\\\/\\\/www.monaco-tribune.com\\\/en\\\/?s={search_term_string}\"},\"query-input\":{\"@type\":\"PropertyValueSpecification\",\"valueRequired\":true,\"valueName\":\"search_term_string\"}}],\"inLanguage\":\"en-US\"},{\"@type\":\"Organization\",\"@id\":\"https:\\\/\\\/www.monaco-tribune.com\\\/en\\\/#organization\",\"name\":\"Monaco Tribune\",\"url\":\"https:\\\/\\\/www.monaco-tribune.com\\\/en\\\/\",\"logo\":{\"@type\":\"ImageObject\",\"inLanguage\":\"en-US\",\"@id\":\"https:\\\/\\\/www.monaco-tribune.com\\\/en\\\/#\\\/schema\\\/logo\\\/image\\\/\",\"url\":\"https:\\\/\\\/www.monaco-tribune.com\\\/wp-content\\\/uploads\\\/2022\\\/11\\\/logo-monaco-tribune.png\",\"contentUrl\":\"https:\\\/\\\/www.monaco-tribune.com\\\/wp-content\\\/uploads\\\/2022\\\/11\\\/logo-monaco-tribune.png\",\"width\":1548,\"height\":600,\"caption\":\"Monaco Tribune\"},\"image\":{\"@id\":\"https:\\\/\\\/www.monaco-tribune.com\\\/en\\\/#\\\/schema\\\/logo\\\/image\\\/\"},\"sameAs\":[\"https:\\\/\\\/www.facebook.com\\\/MonacoTribune\",\"https:\\\/\\\/x.com\\\/MonacoTribune\",\"https:\\\/\\\/www.instagram.com\\\/monacotribune\\\/\",\"https:\\\/\\\/www.linkedin.com\\\/company\\\/monaco-tribune\",\"https:\\\/\\\/www.youtube.com\\\/channel\\\/UCHle1MnG6hw1y4lWKijVbMA\"]},{\"@type\":\"Person\",\"@id\":\"https:\\\/\\\/www.monaco-tribune.com\\\/en\\\/#\\\/schema\\\/person\\\/c33a9f1bc99ef5a2e07d37c576060b57\",\"name\":\"Paul Charoy\",\"image\":{\"@type\":\"ImageObject\",\"inLanguage\":\"en-US\",\"@id\":\"https:\\\/\\\/secure.gravatar.com\\\/avatar\\\/c3a39fd900275d54a628738568f1949e90ce9945d105d000228335a7bad64b38?s=96&d=mm&r=g\",\"url\":\"https:\\\/\\\/secure.gravatar.com\\\/avatar\\\/c3a39fd900275d54a628738568f1949e90ce9945d105d000228335a7bad64b38?s=96&d=mm&r=g\",\"contentUrl\":\"https:\\\/\\\/secure.gravatar.com\\\/avatar\\\/c3a39fd900275d54a628738568f1949e90ce9945d105d000228335a7bad64b38?s=96&d=mm&r=g\",\"caption\":\"Paul Charoy\"},\"url\":\"https:\\\/\\\/www.monaco-tribune.com\\\/en\\\/author\\\/paulcharoy\\\/\"}]}<\/script>\n<!-- \/ Yoast SEO Premium plugin. -->","yoast_head_json":{"title":"What to do in Monaco in December 2023","description":"Monaco Tribune has compiled a list of the key events you shouldn't miss in the Principality this month, as well as some ideas for outings. The Christmas","robots":{"index":"index","follow":"follow","max-snippet":"max-snippet:-1","max-image-preview":"max-image-preview:large","max-video-preview":"max-video-preview:-1"},"canonical":"https:\/\/www.monaco-tribune.com\/en\/2023\/12\/what-to-do-in-monaco-in-december-2023\/","og_locale":"en_US","og_type":"article","og_title":"What to do in Monaco in December 2023 - Monaco Tribune","og_description":"Monaco Tribune has compiled a list of the key events you shouldn't miss in the Principality this month, as well as some ideas for outings. The Christmas","og_url":"https:\/\/www.monaco-tribune.com\/en\/2023\/12\/what-to-do-in-monaco-in-december-2023\/","og_site_name":"Monaco Tribune","article_publisher":"https:\/\/www.facebook.com\/MonacoTribune","article_published_time":"2023-12-01T14:40:06+00:00","article_modified_time":"2023-12-01T14:44:34+00:00","og_image":[{"width":1200,"height":702,"url":"https:\/\/www.monaco-tribune.com\/wp-content\/uploads\/2023\/11\/noel-village-monaco-3.jpg","type":"image\/jpeg"}],"author":"Paul Charoy","twitter_card":"summary_large_image","twitter_creator":"@MonacoTribune","twitter_site":"@MonacoTribune","schema":{"@context":"https:\/\/schema.org","@graph":[{"@type":"NewsArticle","@id":"https:\/\/www.monaco-tribune.com\/en\/2023\/12\/what-to-do-in-monaco-in-december-2023\/#article","isPartOf":{"@id":"https:\/\/www.monaco-tribune.com\/en\/2023\/12\/what-to-do-in-monaco-in-december-2023\/"},"author":{"name":"Paul Charoy","@id":"https:\/\/www.monaco-tribune.com\/en\/#\/schema\/person\/c33a9f1bc99ef5a2e07d37c576060b57"},"headline":"What to do in Monaco in December 2023","datePublished":"2023-12-01T14:40:06+00:00","dateModified":"2023-12-01T14:44:34+00:00","mainEntityOfPage":{"@id":"https:\/\/www.monaco-tribune.com\/en\/2023\/12\/what-to-do-in-monaco-in-december-2023\/"},"wordCount":745,"publisher":{"@id":"https:\/\/www.monaco-tribune.com\/en\/#organization"},"image":{"@id":"https:\/\/www.monaco-tribune.com\/en\/2023\/12\/what-to-do-in-monaco-in-december-2023\/#primaryimage"},"thumbnailUrl":"https:\/\/www.monaco-tribune.com\/wp-content\/uploads\/2023\/11\/noel-village-monaco-3.jpg","keywords":["Events"],"articleSection":["News","What&#039;s on"],"inLanguage":"en-US","copyrightYear":"2023","copyrightHolder":{"@id":"https:\/\/www.monaco-tribune.com\/#organization"}},{"@type":"WebPage","@id":"https:\/\/www.monaco-tribune.com\/en\/2023\/12\/what-to-do-in-monaco-in-december-2023\/","url":"https:\/\/www.monaco-tribune.com\/en\/2023\/12\/what-to-do-in-monaco-in-december-2023\/","name":"What to do in Monaco in December 2023","isPartOf":{"@id":"https:\/\/www.monaco-tribune.com\/en\/#website"},"primaryImageOfPage":{"@id":"https:\/\/www.monaco-tribune.com\/en\/2023\/12\/what-to-do-in-monaco-in-december-2023\/#primaryimage"},"image":{"@id":"https:\/\/www.monaco-tribune.com\/en\/2023\/12\/what-to-do-in-monaco-in-december-2023\/#primaryimage"},"thumbnailUrl":"https:\/\/www.monaco-tribune.com\/wp-content\/uploads\/2023\/11\/noel-village-monaco-3.jpg","datePublished":"2023-12-01T14:40:06+00:00","dateModified":"2023-12-01T14:44:34+00:00","description":"Monaco Tribune has compiled a list of the key events you shouldn't miss in the Principality this month, as well as some ideas for outings. The Christmas","breadcrumb":{"@id":"https:\/\/www.monaco-tribune.com\/en\/2023\/12\/what-to-do-in-monaco-in-december-2023\/#breadcrumb"},"inLanguage":"en-US","potentialAction":[{"@type":"ReadAction","target":["https:\/\/www.monaco-tribune.com\/en\/2023\/12\/what-to-do-in-monaco-in-december-2023\/"]}]},{"@type":"ImageObject","inLanguage":"en-US","@id":"https:\/\/www.monaco-tribune.com\/en\/2023\/12\/what-to-do-in-monaco-in-december-2023\/#primaryimage","url":"https:\/\/www.monaco-tribune.com\/wp-content\/uploads\/2023\/11\/noel-village-monaco-3.jpg","contentUrl":"https:\/\/www.monaco-tribune.com\/wp-content\/uploads\/2023\/11\/noel-village-monaco-3.jpg","width":1200,"height":702,"caption":"From 7 December, the Principality will be hosting a Christmas village. \u00a9 Ed Wright \/ Monaco Town Council"},{"@type":"BreadcrumbList","@id":"https:\/\/www.monaco-tribune.com\/en\/2023\/12\/what-to-do-in-monaco-in-december-2023\/#breadcrumb","itemListElement":[{"@type":"ListItem","position":1,"name":"Accueil","item":"https:\/\/www.monaco-tribune.com\/en\/"},{"@type":"ListItem","position":2,"name":"What to do in Monaco in December 2023"}]},{"@type":"WebSite","@id":"https:\/\/www.monaco-tribune.com\/en\/#website","url":"https:\/\/www.monaco-tribune.com\/en\/","name":"Monaco Tribune","description":"Monaco : actualit\u00e9s \u00e9conomiques, politiques, culturelles et sportives de Monaco et de la French Riviera.","publisher":{"@id":"https:\/\/www.monaco-tribune.com\/en\/#organization"},"potentialAction":[{"@type":"SearchAction","target":{"@type":"EntryPoint","urlTemplate":"https:\/\/www.monaco-tribune.com\/en\/?s={search_term_string}"},"query-input":{"@type":"PropertyValueSpecification","valueRequired":true,"valueName":"search_term_string"}}],"inLanguage":"en-US"},{"@type":"Organization","@id":"https:\/\/www.monaco-tribune.com\/en\/#organization","name":"Monaco Tribune","url":"https:\/\/www.monaco-tribune.com\/en\/","logo":{"@type":"ImageObject","inLanguage":"en-US","@id":"https:\/\/www.monaco-tribune.com\/en\/#\/schema\/logo\/image\/","url":"https:\/\/www.monaco-tribune.com\/wp-content\/uploads\/2022\/11\/logo-monaco-tribune.png","contentUrl":"https:\/\/www.monaco-tribune.com\/wp-content\/uploads\/2022\/11\/logo-monaco-tribune.png","width":1548,"height":600,"caption":"Monaco Tribune"},"image":{"@id":"https:\/\/www.monaco-tribune.com\/en\/#\/schema\/logo\/image\/"},"sameAs":["https:\/\/www.facebook.com\/MonacoTribune","https:\/\/x.com\/MonacoTribune","https:\/\/www.instagram.com\/monacotribune\/","https:\/\/www.linkedin.com\/company\/monaco-tribune","https:\/\/www.youtube.com\/channel\/UCHle1MnG6hw1y4lWKijVbMA"]},{"@type":"Person","@id":"https:\/\/www.monaco-tribune.com\/en\/#\/schema\/person\/c33a9f1bc99ef5a2e07d37c576060b57","name":"Paul Charoy","image":{"@type":"ImageObject","inLanguage":"en-US","@id":"https:\/\/secure.gravatar.com\/avatar\/c3a39fd900275d54a628738568f1949e90ce9945d105d000228335a7bad64b38?s=96&d=mm&r=g","url":"https:\/\/secure.gravatar.com\/avatar\/c3a39fd900275d54a628738568f1949e90ce9945d105d000228335a7bad64b38?s=96&d=mm&r=g","contentUrl":"https:\/\/secure.gravatar.com\/avatar\/c3a39fd900275d54a628738568f1949e90ce9945d105d000228335a7bad64b38?s=96&d=mm&r=g","caption":"Paul Charoy"},"url":"https:\/\/www.monaco-tribune.com\/en\/author\/paulcharoy\/"}]}},"_links":{"self":[{"href":"https:\/\/www.monaco-tribune.com\/en\/wp-json\/wp\/v2\/posts\/203799","targetHints":{"allow":["GET"]}}],"collection":[{"href":"https:\/\/www.monaco-tribune.com\/en\/wp-json\/wp\/v2\/posts"}],"about":[{"href":"https:\/\/www.monaco-tribune.com\/en\/wp-json\/wp\/v2\/types\/post"}],"author":[{"embeddable":true,"href":"https:\/\/www.monaco-tribune.com\/en\/wp-json\/wp\/v2\/users\/65"}],"replies":[{"embeddable":true,"href":"https:\/\/www.monaco-tribune.com\/en\/wp-json\/wp\/v2\/comments?post=203799"}],"version-history":[{"count":2,"href":"https:\/\/www.monaco-tribune.com\/en\/wp-json\/wp\/v2\/posts\/203799\/revisions"}],"predecessor-version":[{"id":203806,"href":"https:\/\/www.monaco-tribune.com\/en\/wp-json\/wp\/v2\/posts\/203799\/revisions\/203806"}],"wp:featuredmedia":[{"embeddable":true,"href":"https:\/\/www.monaco-tribune.com\/en\/wp-json\/wp\/v2\/media\/203470"}],"wp:attachment":[{"href":"https:\/\/www.monaco-tribune.com\/en\/wp-json\/wp\/v2\/media?parent=203799"}],"wp:term":[{"taxonomy":"category","embeddable":true,"href":"https:\/\/www.monaco-tribune.com\/en\/wp-json\/wp\/v2\/categories?post=203799"},{"taxonomy":"post_tag","embeddable":true,"href":"https:\/\/www.monaco-tribune.com\/en\/wp-json\/wp\/v2\/tags?post=203799"},{"taxonomy":"sectag","embeddable":true,"href":"https:\/\/www.monaco-tribune.com\/en\/wp-json\/wp\/v2\/post_sectags?post=203799"},{"taxonomy":"format","embeddable":true,"href":"https:\/\/www.monaco-tribune.com\/en\/wp-json\/wp\/v2\/post_format?post=203799"}],"curies":[{"name":"wp","href":"https:\/\/api.w.org\/{rel}","templated":true}]}}