{"id":204784,"date":"2023-12-08T13:45:51","date_gmt":"2023-12-08T11:45:51","guid":{"rendered":"https:\/\/www.monaco-tribune.com\/2023\/12\/a-look-back-at-highlights-from-monacos-olympic-games-history\/"},"modified":"2023-12-08T13:54:46","modified_gmt":"2023-12-08T11:54:46","slug":"a-look-back-at-highlights-from-monacos-olympic-games-history","status":"publish","type":"post","link":"https:\/\/www.monaco-tribune.com\/en\/2023\/12\/a-look-back-at-highlights-from-monacos-olympic-games-history\/","title":{"rendered":"A look back at highlights from Monaco&#8217;s  Olympic Games history"},"content":{"rendered":"\n<p><b>The Monegasque delegation is preparing to take part in a new Olympiad in a few months&#8217; time at the Paris 2024 Games (26 July-11 August)<\/b>.<\/p>\n\n<p>This summer, a handful of athletes will be flying the Principality&#8217;s flag in Paris, three years after the Tokyo Olympics, which you will remember were postponed for a year, and where five athletes competed along with <a href=\"https:\/\/www.monaco-tribune.com\/en\/2023\/09\/professional-table-tennis-player-takes-over-monaco-newspaper-kiosk\/\">Xiao Xin Yang<\/a>, flag-bearer for the Monegasque delegation in Japan.<\/p>\n\n<p>Twelve of them are still hoping to make the short trip to try and shine in Paris, and why not help Monaco win its first officially recognised Olympic medal (see end of article). <\/p>\n\n<p>Before we begin our special series &#8220;On the road to Paris 2024&#8221;, which will take a behind-the-scenes look at the competing athletes&#8217; preparation, let&#8217;s remind ourselves of the key dates in Monaco&#8217;s history at the Olympic Games.<\/p>\n\n<h2 class=\"wp-block-heading\" id=\"h-jeux-olympiques-d-anvers-1920-la-ou-tout-a-commence\">Antwerp 1920 Olympic Games: where it all began <\/h2>\n\n<p>Monaco made its first appearance at the 1920 Summer Olympics in Antwerp, Belgium. <\/p>\n\n<p>The first flag bearer in history was 100m specialist Edmond M\u00e9decin, who led a delegation of four athletes in total (Emile Barral, Joseph Crovetto, Michel Porasso and himself). <\/p>\n<div class=\"wp-block-image\">\n<figure class=\"aligncenter size-large\"><img loading=\"lazy\" decoding=\"async\" width=\"1024\" height=\"577\" src=\"https:\/\/www.monaco-tribune.com\/wp-content\/uploads\/2023\/12\/jo-1920-anvers-1024x577.jpg\" alt=\"JO-1920-Anvers\" class=\"wp-image-204558\" srcset=\"https:\/\/www.monaco-tribune.com\/wp-content\/uploads\/2023\/12\/jo-1920-anvers-1024x577.jpg 1024w, https:\/\/www.monaco-tribune.com\/wp-content\/uploads\/2023\/12\/jo-1920-anvers-532x300.jpg 532w, https:\/\/www.monaco-tribune.com\/wp-content\/uploads\/2023\/12\/jo-1920-anvers.jpg 2000w\" sizes=\"auto, (max-width: 1024px) 100vw, 1024px\" \/><figcaption class=\"wp-element-caption\">The opening ceremony of the Antwerp 1920 Olympic Games (Photo all rights reserved)<\/figcaption><\/figure>\n<\/div>\n<p>The Principality did not take part in the Winter Olympics until 1984 and the Sarajevo Games in Bosnia-Herzegovina.<\/p>\n\n<h2 class=\"wp-block-heading\" id=\"h-jeux-olympiques-de-calgary-1988-les-debuts-du-prince-albert-ii\">Calgary 1988 Olympic Games: D\u00e9but participation for Prince Albert II<\/h2>\n\n<p>A member of the International Olympic Committee since 1986, the then Hereditary Prince competed in bobsleigh at five Winter Olympic Games. <\/p>\n\n<p>The first was in Calgary in 1988, where Albert Grimaldi was the flag bearer. Partnered by Gilbert Bessi, the 2-man bob team finished twenty-fifth. <\/p>\n<div class=\"wp-block-image\">\n<figure class=\"aligncenter size-large\"><img loading=\"lazy\" decoding=\"async\" width=\"1024\" height=\"576\" src=\"https:\/\/www.monaco-tribune.com\/wp-content\/uploads\/2023\/12\/prince-albert-ii-bobsleigh-1024x576.jpeg\" alt=\"prince-albert-ii-bobsleigh\" class=\"wp-image-204543\" srcset=\"https:\/\/www.monaco-tribune.com\/wp-content\/uploads\/2023\/12\/prince-albert-ii-bobsleigh-1024x576.jpeg 1024w, https:\/\/www.monaco-tribune.com\/wp-content\/uploads\/2023\/12\/prince-albert-ii-bobsleigh-533x300.jpeg 533w, https:\/\/www.monaco-tribune.com\/wp-content\/uploads\/2023\/12\/prince-albert-ii-bobsleigh.jpeg 1800w\" sizes=\"auto, (max-width: 1024px) 100vw, 1024px\" \/><figcaption class=\"wp-element-caption\">Prince Albert II at the Calgary Olympics in 1988 (Photo all rights reserved)<\/figcaption><\/figure>\n<\/div>\n<p>It was the first of five Olympiads for Prince Albert II, who went on to take part in the 1992 Albertville, 1994 Lillehammer, 1998 Nagano and 2002 Salt Lake City Games. <\/p>\n\n<h2 class=\"wp-block-heading\" id=\"h-jeux-olympiques-de-turin-2006-le-couple-princier-officialise\">2006 Turin Olympic Games: The princely couple makes it official <\/h2>\n\n<p>Although Charlene Wittstock and Prince Albert II first met at a swimming competition in 2000, before celebrating their marriage in 2011, the 2006 Winter Olympics will go down as a defining moment in the history of the princely couple, since it was at the opening ceremony in Turin that they officially announced their relationship. <\/p>\n<div class=\"wp-block-image\">\n<figure class=\"aligncenter size-large\"><img loading=\"lazy\" decoding=\"async\" width=\"1024\" height=\"683\" src=\"https:\/\/www.monaco-tribune.com\/wp-content\/uploads\/2023\/12\/charlene-monaco-albert-turin-2006-photos-10-1024x683.webp\" alt=\"charlene-monaco-albert-turin-2006-photos-10\" class=\"wp-image-204600\" srcset=\"https:\/\/www.monaco-tribune.com\/wp-content\/uploads\/2023\/12\/charlene-monaco-albert-turin-2006-photos-10-1024x683.webp 1024w, https:\/\/www.monaco-tribune.com\/wp-content\/uploads\/2023\/12\/charlene-monaco-albert-turin-2006-photos-10-450x300.webp 450w, https:\/\/www.monaco-tribune.com\/wp-content\/uploads\/2023\/12\/charlene-monaco-albert-turin-2006-photos-10.webp 1716w\" sizes=\"auto, (max-width: 1024px) 100vw, 1024px\" \/><figcaption class=\"wp-element-caption\">Prince Albert II and Princess Charl\u00e8ne made their relationship official at the Turin Olympic Games (Photo all rights reserved)<\/figcaption><\/figure>\n<\/div>\n<p>A few years earlier, Princess Charl\u00e8ne took part in the Sydney 2000 Olympic Games as part of the women&#8217;s 4 \u00d7 100 m medley team, representing South Africa in the backstroke. Her team finished fifth in the event. <\/p>\n\n<h2 class=\"wp-block-heading\" id=\"h-jeux-olympiques-de-londres-2012-une-edition-prometteuse\">London 2012 Olympic Games: a promising edition <\/h2>\n\n<p>The British games saw the largest Monegasque Olympic delegation, in terms of number of athletes, since the 1988 Summer Olympics. <\/p>\n\n<p>There were six in all, in six different disciplines (Ang\u00e9lique Trinquier, Herv\u00e9 Banti, Brice Et\u00e8es, Damien Desprat-Lerale, Mathias Raymond and Yann Siccardi). This was also the size of the delegation at the last Olympic Games in Tokyo. <\/p>\n<div class=\"wp-block-image\">\n<figure class=\"aligncenter size-large\"><img loading=\"lazy\" decoding=\"async\" width=\"1024\" height=\"681\" src=\"https:\/\/www.monaco-tribune.com\/wp-content\/uploads\/2023\/12\/delegation-monaco-jo-2012-1024x681.jpg\" alt=\"delegation-monaco-jo-2012\" class=\"wp-image-204549\" srcset=\"https:\/\/www.monaco-tribune.com\/wp-content\/uploads\/2023\/12\/delegation-monaco-jo-2012-1024x681.jpg 1024w, https:\/\/www.monaco-tribune.com\/wp-content\/uploads\/2023\/12\/delegation-monaco-jo-2012-451x300.jpg 451w, https:\/\/www.monaco-tribune.com\/wp-content\/uploads\/2023\/12\/delegation-monaco-jo-2012.jpg 1278w\" sizes=\"auto, (max-width: 1024px) 100vw, 1024px\" \/><figcaption class=\"wp-element-caption\">The Monegasque delegation en route to the London 2012 Olympic Games (Photo \u00a9 Charly Gallo, Centre de Presse)<\/figcaption><\/figure>\n<\/div>\n<p>Swimmer Ang\u00e9lique Trinquier was flag bearer at the opening ceremony of the 2012 Olympics. It was a historic Games for the Principality, with Yann Siccardi taking ninth place in the under-60 kg judo event.<\/p>\n\n<h2 class=\"wp-block-heading\" id=\"h-jeux-olympiques-de-pekin-2022-le-meilleur-resultat-de-l-histoire\">Beijing 2022 Olympic Games: the best result to date <\/h2>\n\n<p>It was a historic Olympiad for Monaco. And symbolically, in the discipline where the Principality and Prince Albert II shone. <\/p>\n\n<p>Competing in the bobsleigh, <a href=\"https:\/\/www.monaco-tribune.com\/en\/2022\/02\/historic-result-for-monaco-at-olympic-games\/\">Rudy Rinaldi and Boris Vain took sixth place<\/a>, a historic result as it is quite simply the best result by athletes from the Monegasque delegation in an Olympiad, whether summer or winter.&#13;\n&#13;\n<\/p>\n<div class=\"wp-block-image\">\n<figure class=\"aligncenter size-full\"><img decoding=\"async\" src=\"https:\/\/www.monaco-tribune.com\/wp-content\/uploads\/2022\/02\/bobsleigh-monaco-&#xA9;-wander-roberto-_-anoc-olympic.jpg\" alt=\"Bobsleigh Monaco &#xA9; Wander Roberto _ ANOC Olympic\" class=\"wp-image-110873\"\/><figcaption class=\"wp-element-caption\">Rudy Rinaldi and Boris Vain made history (Photo \u00a9 Wander Roberto\/ANOC Olympic)<\/figcaption><\/figure>\n<\/div>\n<p>It was an unforgettable performance, as Prince Albert II was quick to stress. <i>&#8220;I told them that I was very happy and that they were all the more deserving because they didn&#8217;t have an easy journey,&#8221;<\/i> he said.<\/p>\n\n<p><em>&#8220;Both boys were plagued by physical issues over the last two seasons, and they had to go through a more demanding qualification system than the World Cup. When you know how hard a task that is, it&#8217;s a truly exceptional performance!&#8221;<\/em><\/p>\n\n<p><strong>Did you know?<\/strong><\/p>\n\n<p>To date, Monaco has won just one medal at the Olympic Games.<\/p>\n\n<p>In 1924, the architect Julien M\u00e9decin was awarded a bronze medal for his design of the Stade de Monte-Carlo in Fontvieille, which included a cycle track, rugby and football pitches and a swimming pool.<\/p>\n<div class=\"wp-block-image\">\n<figure class=\"aligncenter size-full\"><img loading=\"lazy\" decoding=\"async\" width=\"998\" height=\"580\" src=\"https:\/\/www.monaco-tribune.com\/wp-content\/uploads\/2023\/12\/albert-de-monaco-jo.jpg-copie.jpg\" alt=\"albert-de-monaco-jo.jpg-copie\" class=\"wp-image-204611\" srcset=\"https:\/\/www.monaco-tribune.com\/wp-content\/uploads\/2023\/12\/albert-de-monaco-jo.jpg-copie.jpg 998w, https:\/\/www.monaco-tribune.com\/wp-content\/uploads\/2023\/12\/albert-de-monaco-jo.jpg-copie-516x300.jpg 516w\" sizes=\"auto, (max-width: 998px) 100vw, 998px\" \/><figcaption class=\"wp-element-caption\">Prince Albert II with the Olympic flame (Photo \u00a9 Prince&#8217;s Palace)<\/figcaption><\/figure>\n<\/div>\n<p>Artistic medals are not included in the official games medal tally, which explains why Monaco still has no Olympic medals to its name. <\/p>\n\n<p>As a reminder, the Monaco Olympic Committee was founded in 1907 and recognised by the International Olympic Committee in 1953.<\/p>\n","protected":false},"excerpt":{"rendered":"<p>The Monegasque delegation is preparing to take part in a new Olympiad in a few months&#8217; time at the Paris [&hellip;]<\/p>\n","protected":false},"author":24,"featured_media":28645,"comment_status":"closed","ping_status":"closed","sticky":false,"template":"","format":"standard","meta":{"_acf_changed":false,"footnotes":""},"categories":[1825,243,257],"tags":[4644],"post_sectags":[],"post_format":[2468],"class_list":["post-204784","post","type-post","status-publish","format-standard","has-post-thumbnail","hentry","category-editors-choice","category-news","category-sports-en","tag-monaco-olympic-committee","format-story"],"acf":[],"yoast_head":"<!-- This site is optimized with the Yoast SEO Premium plugin v26.8 (Yoast SEO v27.4) - https:\/\/yoast.com\/product\/yoast-seo-premium-wordpress\/ -->\n<title>A look back at highlights from Monaco&#039;s Olympic Games history<\/title>\n<meta name=\"description\" content=\"The Monegasque delegation is preparing to take part in a new Olympiad in a few months&#039; time at the Paris 2024 Games (26 July-11 August). This summer, a\" \/>\n<meta name=\"robots\" content=\"index, follow, max-snippet:-1, max-image-preview:large, max-video-preview:-1\" \/>\n<link rel=\"canonical\" href=\"https:\/\/www.monaco-tribune.com\/en\/2023\/12\/a-look-back-at-highlights-from-monacos-olympic-games-history\/\" \/>\n<meta property=\"og:locale\" content=\"en_US\" \/>\n<meta property=\"og:type\" content=\"article\" \/>\n<meta property=\"og:title\" content=\"A look back at highlights from Monaco&#039;s Olympic Games history - Monaco Tribune\" \/>\n<meta property=\"og:description\" content=\"The Monegasque delegation is preparing to take part in a new Olympiad in a few months&#039; time at the Paris 2024 Games (26 July-11 August). This summer, a\" \/>\n<meta property=\"og:url\" content=\"https:\/\/www.monaco-tribune.com\/en\/2023\/12\/a-look-back-at-highlights-from-monacos-olympic-games-history\/\" \/>\n<meta property=\"og:site_name\" content=\"Monaco Tribune\" \/>\n<meta property=\"article:publisher\" content=\"https:\/\/www.facebook.com\/MonacoTribune\" \/>\n<meta property=\"article:published_time\" content=\"2023-12-08T11:45:51+00:00\" \/>\n<meta property=\"article:modified_time\" content=\"2023-12-08T11:54:46+00:00\" \/>\n<meta property=\"og:image\" content=\"https:\/\/www.monaco-tribune.com\/wp-content\/uploads\/2020\/05\/2048x1536-fit_st-moritz-championnat.jpeg\" \/>\n\t<meta property=\"og:image:width\" content=\"2048\" \/>\n\t<meta property=\"og:image:height\" content=\"1363\" \/>\n\t<meta property=\"og:image:type\" content=\"image\/jpeg\" \/>\n<meta name=\"author\" content=\"Romain Boisaubert\" \/>\n<meta name=\"twitter:card\" content=\"summary_large_image\" \/>\n<meta name=\"twitter:creator\" content=\"@MonacoTribune\" \/>\n<meta name=\"twitter:site\" content=\"@MonacoTribune\" \/>\n<script type=\"application\/ld+json\" class=\"yoast-schema-graph\">{\"@context\":\"https:\\\/\\\/schema.org\",\"@graph\":[{\"@type\":\"NewsArticle\",\"@id\":\"https:\\\/\\\/www.monaco-tribune.com\\\/en\\\/2023\\\/12\\\/a-look-back-at-highlights-from-monacos-olympic-games-history\\\/#article\",\"isPartOf\":{\"@id\":\"https:\\\/\\\/www.monaco-tribune.com\\\/en\\\/2023\\\/12\\\/a-look-back-at-highlights-from-monacos-olympic-games-history\\\/\"},\"author\":{\"name\":\"Romain Boisaubert\",\"@id\":\"https:\\\/\\\/www.monaco-tribune.com\\\/en\\\/#\\\/schema\\\/person\\\/330a3732947cf8cb41b2533a0eadd62e\"},\"headline\":\"A look back at highlights from Monaco&#8217;s Olympic Games history\",\"datePublished\":\"2023-12-08T11:45:51+00:00\",\"dateModified\":\"2023-12-08T11:54:46+00:00\",\"mainEntityOfPage\":{\"@id\":\"https:\\\/\\\/www.monaco-tribune.com\\\/en\\\/2023\\\/12\\\/a-look-back-at-highlights-from-monacos-olympic-games-history\\\/\"},\"wordCount\":809,\"publisher\":{\"@id\":\"https:\\\/\\\/www.monaco-tribune.com\\\/en\\\/#organization\"},\"image\":{\"@id\":\"https:\\\/\\\/www.monaco-tribune.com\\\/en\\\/2023\\\/12\\\/a-look-back-at-highlights-from-monacos-olympic-games-history\\\/#primaryimage\"},\"thumbnailUrl\":\"https:\\\/\\\/www.monaco-tribune.com\\\/wp-content\\\/uploads\\\/2020\\\/05\\\/2048x1536-fit_st-moritz-championnat.jpeg\",\"keywords\":[\"Monaco Olympic Committee\"],\"articleSection\":[\"Editor&#039;s choice\",\"News\",\"Sports\"],\"inLanguage\":\"en-US\",\"copyrightYear\":\"2023\",\"copyrightHolder\":{\"@id\":\"https:\\\/\\\/www.monaco-tribune.com\\\/#organization\"}},{\"@type\":\"WebPage\",\"@id\":\"https:\\\/\\\/www.monaco-tribune.com\\\/en\\\/2023\\\/12\\\/a-look-back-at-highlights-from-monacos-olympic-games-history\\\/\",\"url\":\"https:\\\/\\\/www.monaco-tribune.com\\\/en\\\/2023\\\/12\\\/a-look-back-at-highlights-from-monacos-olympic-games-history\\\/\",\"name\":\"A look back at highlights from Monaco's Olympic Games history\",\"isPartOf\":{\"@id\":\"https:\\\/\\\/www.monaco-tribune.com\\\/en\\\/#website\"},\"primaryImageOfPage\":{\"@id\":\"https:\\\/\\\/www.monaco-tribune.com\\\/en\\\/2023\\\/12\\\/a-look-back-at-highlights-from-monacos-olympic-games-history\\\/#primaryimage\"},\"image\":{\"@id\":\"https:\\\/\\\/www.monaco-tribune.com\\\/en\\\/2023\\\/12\\\/a-look-back-at-highlights-from-monacos-olympic-games-history\\\/#primaryimage\"},\"thumbnailUrl\":\"https:\\\/\\\/www.monaco-tribune.com\\\/wp-content\\\/uploads\\\/2020\\\/05\\\/2048x1536-fit_st-moritz-championnat.jpeg\",\"datePublished\":\"2023-12-08T11:45:51+00:00\",\"dateModified\":\"2023-12-08T11:54:46+00:00\",\"description\":\"The Monegasque delegation is preparing to take part in a new Olympiad in a few months' time at the Paris 2024 Games (26 July-11 August). This summer, a\",\"breadcrumb\":{\"@id\":\"https:\\\/\\\/www.monaco-tribune.com\\\/en\\\/2023\\\/12\\\/a-look-back-at-highlights-from-monacos-olympic-games-history\\\/#breadcrumb\"},\"inLanguage\":\"en-US\",\"potentialAction\":[{\"@type\":\"ReadAction\",\"target\":[\"https:\\\/\\\/www.monaco-tribune.com\\\/en\\\/2023\\\/12\\\/a-look-back-at-highlights-from-monacos-olympic-games-history\\\/\"]}]},{\"@type\":\"ImageObject\",\"inLanguage\":\"en-US\",\"@id\":\"https:\\\/\\\/www.monaco-tribune.com\\\/en\\\/2023\\\/12\\\/a-look-back-at-highlights-from-monacos-olympic-games-history\\\/#primaryimage\",\"url\":\"https:\\\/\\\/www.monaco-tribune.com\\\/wp-content\\\/uploads\\\/2020\\\/05\\\/2048x1536-fit_st-moritz-championnat.jpeg\",\"contentUrl\":\"https:\\\/\\\/www.monaco-tribune.com\\\/wp-content\\\/uploads\\\/2020\\\/05\\\/2048x1536-fit_st-moritz-championnat.jpeg\",\"width\":2048,\"height\":1363,\"caption\":\"Prince Albert II took part in the bobsleigh event at five Olympic Winter Games: Calgary 1988, Albertville 1992, Lillehammer 1994, Nagano 1998 and Salt Lake City 2002. (Photo all rights reserved)\"},{\"@type\":\"BreadcrumbList\",\"@id\":\"https:\\\/\\\/www.monaco-tribune.com\\\/en\\\/2023\\\/12\\\/a-look-back-at-highlights-from-monacos-olympic-games-history\\\/#breadcrumb\",\"itemListElement\":[{\"@type\":\"ListItem\",\"position\":1,\"name\":\"Accueil\",\"item\":\"https:\\\/\\\/www.monaco-tribune.com\\\/en\\\/\"},{\"@type\":\"ListItem\",\"position\":2,\"name\":\"A look back at highlights from Monaco&#8217;s Olympic Games history\"}]},{\"@type\":\"WebSite\",\"@id\":\"https:\\\/\\\/www.monaco-tribune.com\\\/en\\\/#website\",\"url\":\"https:\\\/\\\/www.monaco-tribune.com\\\/en\\\/\",\"name\":\"Monaco Tribune\",\"description\":\"Monaco : actualit\u00e9s \u00e9conomiques, politiques, culturelles et sportives de Monaco et de la French Riviera.\",\"publisher\":{\"@id\":\"https:\\\/\\\/www.monaco-tribune.com\\\/en\\\/#organization\"},\"potentialAction\":[{\"@type\":\"SearchAction\",\"target\":{\"@type\":\"EntryPoint\",\"urlTemplate\":\"https:\\\/\\\/www.monaco-tribune.com\\\/en\\\/?s={search_term_string}\"},\"query-input\":{\"@type\":\"PropertyValueSpecification\",\"valueRequired\":true,\"valueName\":\"search_term_string\"}}],\"inLanguage\":\"en-US\"},{\"@type\":\"Organization\",\"@id\":\"https:\\\/\\\/www.monaco-tribune.com\\\/en\\\/#organization\",\"name\":\"Monaco Tribune\",\"url\":\"https:\\\/\\\/www.monaco-tribune.com\\\/en\\\/\",\"logo\":{\"@type\":\"ImageObject\",\"inLanguage\":\"en-US\",\"@id\":\"https:\\\/\\\/www.monaco-tribune.com\\\/en\\\/#\\\/schema\\\/logo\\\/image\\\/\",\"url\":\"https:\\\/\\\/www.monaco-tribune.com\\\/wp-content\\\/uploads\\\/2022\\\/11\\\/logo-monaco-tribune.png\",\"contentUrl\":\"https:\\\/\\\/www.monaco-tribune.com\\\/wp-content\\\/uploads\\\/2022\\\/11\\\/logo-monaco-tribune.png\",\"width\":1548,\"height\":600,\"caption\":\"Monaco Tribune\"},\"image\":{\"@id\":\"https:\\\/\\\/www.monaco-tribune.com\\\/en\\\/#\\\/schema\\\/logo\\\/image\\\/\"},\"sameAs\":[\"https:\\\/\\\/www.facebook.com\\\/MonacoTribune\",\"https:\\\/\\\/x.com\\\/MonacoTribune\",\"https:\\\/\\\/www.instagram.com\\\/monacotribune\\\/\",\"https:\\\/\\\/www.linkedin.com\\\/company\\\/monaco-tribune\",\"https:\\\/\\\/www.youtube.com\\\/channel\\\/UCHle1MnG6hw1y4lWKijVbMA\"]},{\"@type\":\"Person\",\"@id\":\"https:\\\/\\\/www.monaco-tribune.com\\\/en\\\/#\\\/schema\\\/person\\\/330a3732947cf8cb41b2533a0eadd62e\",\"name\":\"Romain Boisaubert\",\"image\":{\"@type\":\"ImageObject\",\"inLanguage\":\"en-US\",\"@id\":\"https:\\\/\\\/secure.gravatar.com\\\/avatar\\\/f8b90d41f1eabd1cbe4cf59e09d8db41a697d51919bf2dfe727589a24a4a4d54?s=96&d=mm&r=g\",\"url\":\"https:\\\/\\\/secure.gravatar.com\\\/avatar\\\/f8b90d41f1eabd1cbe4cf59e09d8db41a697d51919bf2dfe727589a24a4a4d54?s=96&d=mm&r=g\",\"contentUrl\":\"https:\\\/\\\/secure.gravatar.com\\\/avatar\\\/f8b90d41f1eabd1cbe4cf59e09d8db41a697d51919bf2dfe727589a24a4a4d54?s=96&d=mm&r=g\",\"caption\":\"Romain Boisaubert\"},\"description\":\"Test bio\",\"url\":\"https:\\\/\\\/www.monaco-tribune.com\\\/en\\\/author\\\/romain-boisaubert\\\/\"}]}<\/script>\n<!-- \/ Yoast SEO Premium plugin. -->","yoast_head_json":{"title":"A look back at highlights from Monaco's Olympic Games history","description":"The Monegasque delegation is preparing to take part in a new Olympiad in a few months' time at the Paris 2024 Games (26 July-11 August). This summer, a","robots":{"index":"index","follow":"follow","max-snippet":"max-snippet:-1","max-image-preview":"max-image-preview:large","max-video-preview":"max-video-preview:-1"},"canonical":"https:\/\/www.monaco-tribune.com\/en\/2023\/12\/a-look-back-at-highlights-from-monacos-olympic-games-history\/","og_locale":"en_US","og_type":"article","og_title":"A look back at highlights from Monaco's Olympic Games history - Monaco Tribune","og_description":"The Monegasque delegation is preparing to take part in a new Olympiad in a few months' time at the Paris 2024 Games (26 July-11 August). This summer, a","og_url":"https:\/\/www.monaco-tribune.com\/en\/2023\/12\/a-look-back-at-highlights-from-monacos-olympic-games-history\/","og_site_name":"Monaco Tribune","article_publisher":"https:\/\/www.facebook.com\/MonacoTribune","article_published_time":"2023-12-08T11:45:51+00:00","article_modified_time":"2023-12-08T11:54:46+00:00","og_image":[{"width":2048,"height":1363,"url":"https:\/\/www.monaco-tribune.com\/wp-content\/uploads\/2020\/05\/2048x1536-fit_st-moritz-championnat.jpeg","type":"image\/jpeg"}],"author":"Romain Boisaubert","twitter_card":"summary_large_image","twitter_creator":"@MonacoTribune","twitter_site":"@MonacoTribune","schema":{"@context":"https:\/\/schema.org","@graph":[{"@type":"NewsArticle","@id":"https:\/\/www.monaco-tribune.com\/en\/2023\/12\/a-look-back-at-highlights-from-monacos-olympic-games-history\/#article","isPartOf":{"@id":"https:\/\/www.monaco-tribune.com\/en\/2023\/12\/a-look-back-at-highlights-from-monacos-olympic-games-history\/"},"author":{"name":"Romain Boisaubert","@id":"https:\/\/www.monaco-tribune.com\/en\/#\/schema\/person\/330a3732947cf8cb41b2533a0eadd62e"},"headline":"A look back at highlights from Monaco&#8217;s Olympic Games history","datePublished":"2023-12-08T11:45:51+00:00","dateModified":"2023-12-08T11:54:46+00:00","mainEntityOfPage":{"@id":"https:\/\/www.monaco-tribune.com\/en\/2023\/12\/a-look-back-at-highlights-from-monacos-olympic-games-history\/"},"wordCount":809,"publisher":{"@id":"https:\/\/www.monaco-tribune.com\/en\/#organization"},"image":{"@id":"https:\/\/www.monaco-tribune.com\/en\/2023\/12\/a-look-back-at-highlights-from-monacos-olympic-games-history\/#primaryimage"},"thumbnailUrl":"https:\/\/www.monaco-tribune.com\/wp-content\/uploads\/2020\/05\/2048x1536-fit_st-moritz-championnat.jpeg","keywords":["Monaco Olympic Committee"],"articleSection":["Editor&#039;s choice","News","Sports"],"inLanguage":"en-US","copyrightYear":"2023","copyrightHolder":{"@id":"https:\/\/www.monaco-tribune.com\/#organization"}},{"@type":"WebPage","@id":"https:\/\/www.monaco-tribune.com\/en\/2023\/12\/a-look-back-at-highlights-from-monacos-olympic-games-history\/","url":"https:\/\/www.monaco-tribune.com\/en\/2023\/12\/a-look-back-at-highlights-from-monacos-olympic-games-history\/","name":"A look back at highlights from Monaco's Olympic Games history","isPartOf":{"@id":"https:\/\/www.monaco-tribune.com\/en\/#website"},"primaryImageOfPage":{"@id":"https:\/\/www.monaco-tribune.com\/en\/2023\/12\/a-look-back-at-highlights-from-monacos-olympic-games-history\/#primaryimage"},"image":{"@id":"https:\/\/www.monaco-tribune.com\/en\/2023\/12\/a-look-back-at-highlights-from-monacos-olympic-games-history\/#primaryimage"},"thumbnailUrl":"https:\/\/www.monaco-tribune.com\/wp-content\/uploads\/2020\/05\/2048x1536-fit_st-moritz-championnat.jpeg","datePublished":"2023-12-08T11:45:51+00:00","dateModified":"2023-12-08T11:54:46+00:00","description":"The Monegasque delegation is preparing to take part in a new Olympiad in a few months' time at the Paris 2024 Games (26 July-11 August). This summer, a","breadcrumb":{"@id":"https:\/\/www.monaco-tribune.com\/en\/2023\/12\/a-look-back-at-highlights-from-monacos-olympic-games-history\/#breadcrumb"},"inLanguage":"en-US","potentialAction":[{"@type":"ReadAction","target":["https:\/\/www.monaco-tribune.com\/en\/2023\/12\/a-look-back-at-highlights-from-monacos-olympic-games-history\/"]}]},{"@type":"ImageObject","inLanguage":"en-US","@id":"https:\/\/www.monaco-tribune.com\/en\/2023\/12\/a-look-back-at-highlights-from-monacos-olympic-games-history\/#primaryimage","url":"https:\/\/www.monaco-tribune.com\/wp-content\/uploads\/2020\/05\/2048x1536-fit_st-moritz-championnat.jpeg","contentUrl":"https:\/\/www.monaco-tribune.com\/wp-content\/uploads\/2020\/05\/2048x1536-fit_st-moritz-championnat.jpeg","width":2048,"height":1363,"caption":"Prince Albert II took part in the bobsleigh event at five Olympic Winter Games: Calgary 1988, Albertville 1992, Lillehammer 1994, Nagano 1998 and Salt Lake City 2002. (Photo all rights reserved)"},{"@type":"BreadcrumbList","@id":"https:\/\/www.monaco-tribune.com\/en\/2023\/12\/a-look-back-at-highlights-from-monacos-olympic-games-history\/#breadcrumb","itemListElement":[{"@type":"ListItem","position":1,"name":"Accueil","item":"https:\/\/www.monaco-tribune.com\/en\/"},{"@type":"ListItem","position":2,"name":"A look back at highlights from Monaco&#8217;s Olympic Games history"}]},{"@type":"WebSite","@id":"https:\/\/www.monaco-tribune.com\/en\/#website","url":"https:\/\/www.monaco-tribune.com\/en\/","name":"Monaco Tribune","description":"Monaco : actualit\u00e9s \u00e9conomiques, politiques, culturelles et sportives de Monaco et de la French Riviera.","publisher":{"@id":"https:\/\/www.monaco-tribune.com\/en\/#organization"},"potentialAction":[{"@type":"SearchAction","target":{"@type":"EntryPoint","urlTemplate":"https:\/\/www.monaco-tribune.com\/en\/?s={search_term_string}"},"query-input":{"@type":"PropertyValueSpecification","valueRequired":true,"valueName":"search_term_string"}}],"inLanguage":"en-US"},{"@type":"Organization","@id":"https:\/\/www.monaco-tribune.com\/en\/#organization","name":"Monaco Tribune","url":"https:\/\/www.monaco-tribune.com\/en\/","logo":{"@type":"ImageObject","inLanguage":"en-US","@id":"https:\/\/www.monaco-tribune.com\/en\/#\/schema\/logo\/image\/","url":"https:\/\/www.monaco-tribune.com\/wp-content\/uploads\/2022\/11\/logo-monaco-tribune.png","contentUrl":"https:\/\/www.monaco-tribune.com\/wp-content\/uploads\/2022\/11\/logo-monaco-tribune.png","width":1548,"height":600,"caption":"Monaco Tribune"},"image":{"@id":"https:\/\/www.monaco-tribune.com\/en\/#\/schema\/logo\/image\/"},"sameAs":["https:\/\/www.facebook.com\/MonacoTribune","https:\/\/x.com\/MonacoTribune","https:\/\/www.instagram.com\/monacotribune\/","https:\/\/www.linkedin.com\/company\/monaco-tribune","https:\/\/www.youtube.com\/channel\/UCHle1MnG6hw1y4lWKijVbMA"]},{"@type":"Person","@id":"https:\/\/www.monaco-tribune.com\/en\/#\/schema\/person\/330a3732947cf8cb41b2533a0eadd62e","name":"Romain Boisaubert","image":{"@type":"ImageObject","inLanguage":"en-US","@id":"https:\/\/secure.gravatar.com\/avatar\/f8b90d41f1eabd1cbe4cf59e09d8db41a697d51919bf2dfe727589a24a4a4d54?s=96&d=mm&r=g","url":"https:\/\/secure.gravatar.com\/avatar\/f8b90d41f1eabd1cbe4cf59e09d8db41a697d51919bf2dfe727589a24a4a4d54?s=96&d=mm&r=g","contentUrl":"https:\/\/secure.gravatar.com\/avatar\/f8b90d41f1eabd1cbe4cf59e09d8db41a697d51919bf2dfe727589a24a4a4d54?s=96&d=mm&r=g","caption":"Romain Boisaubert"},"description":"Test bio","url":"https:\/\/www.monaco-tribune.com\/en\/author\/romain-boisaubert\/"}]}},"_links":{"self":[{"href":"https:\/\/www.monaco-tribune.com\/en\/wp-json\/wp\/v2\/posts\/204784","targetHints":{"allow":["GET"]}}],"collection":[{"href":"https:\/\/www.monaco-tribune.com\/en\/wp-json\/wp\/v2\/posts"}],"about":[{"href":"https:\/\/www.monaco-tribune.com\/en\/wp-json\/wp\/v2\/types\/post"}],"author":[{"embeddable":true,"href":"https:\/\/www.monaco-tribune.com\/en\/wp-json\/wp\/v2\/users\/24"}],"replies":[{"embeddable":true,"href":"https:\/\/www.monaco-tribune.com\/en\/wp-json\/wp\/v2\/comments?post=204784"}],"version-history":[{"count":2,"href":"https:\/\/www.monaco-tribune.com\/en\/wp-json\/wp\/v2\/posts\/204784\/revisions"}],"predecessor-version":[{"id":204797,"href":"https:\/\/www.monaco-tribune.com\/en\/wp-json\/wp\/v2\/posts\/204784\/revisions\/204797"}],"wp:featuredmedia":[{"embeddable":true,"href":"https:\/\/www.monaco-tribune.com\/en\/wp-json\/wp\/v2\/media\/28645"}],"wp:attachment":[{"href":"https:\/\/www.monaco-tribune.com\/en\/wp-json\/wp\/v2\/media?parent=204784"}],"wp:term":[{"taxonomy":"category","embeddable":true,"href":"https:\/\/www.monaco-tribune.com\/en\/wp-json\/wp\/v2\/categories?post=204784"},{"taxonomy":"post_tag","embeddable":true,"href":"https:\/\/www.monaco-tribune.com\/en\/wp-json\/wp\/v2\/tags?post=204784"},{"taxonomy":"sectag","embeddable":true,"href":"https:\/\/www.monaco-tribune.com\/en\/wp-json\/wp\/v2\/post_sectags?post=204784"},{"taxonomy":"format","embeddable":true,"href":"https:\/\/www.monaco-tribune.com\/en\/wp-json\/wp\/v2\/post_format?post=204784"}],"curies":[{"name":"wp","href":"https:\/\/api.w.org\/{rel}","templated":true}]}}