{"id":212068,"date":"2024-01-18T16:05:59","date_gmt":"2024-01-18T14:05:59","guid":{"rendered":"https:\/\/www.monaco-tribune.com\/2024\/01\/robert-laure-is-new-amaf-chairman\/"},"modified":"2024-01-18T16:07:56","modified_gmt":"2024-01-18T14:07:56","slug":"robert-laure-is-new-amaf-chairman","status":"publish","type":"post","link":"https:\/\/www.monaco-tribune.com\/en\/2024\/01\/robert-laure-is-new-amaf-chairman\/","title":{"rendered":"Robert Laure is new AMAF Chairman"},"content":{"rendered":"\n<p><strong>He replaces Etienne Franzi.<\/strong><\/p>\n\n<p>Last month, the Association Mon\u00e9gasque des Activit\u00e9s Financi\u00e8res (AMAF &#8211; Monegasque Financial Activities Association) elected its new Chairman: Robert Laure, Vice-Chairman of Julius Baer Wealth Management Monaco. He succeeds Etienne Franzi, who held the position for 25 years.<\/p>\n\n<p><em>&#8220;<\/em><i>It&#8217;s a great responsibility and a great pleasure at the same time<\/i>,<em>&#8220;<\/em> Robert Laure told Monaco Info.<i> &#8220;A responsibility in that running our members&#8217; activities is a substantial workload, and a pleasure because I&#8217;ve been involved for a long time ago, and now I&#8217;m able to devote my time and energy to it.&#8221;<\/i><\/p>\n\n<p>After 43 years in the banking sector, Robert Laure joined the governing body of the Julius Baer Group in Monaco in 2022. He had previously worked in the Italian group Banca Commerciale Italiana in Monte-Carlo (BCI-MC), where he became deputy director and head of the wealth management department. <\/p>\n\n<p>When the bank merged with the Compagnie Mon\u00e9gasque de Banque (CMB) in 1996, Robert Laure was appointed head of delegated asset management for collective investment products at CMB, and then CIO. Executive Chairman of the Compagnie Mon\u00e9gasque de Gestion, he was also Head of Funds &amp; DPM at CMB until 2021.<\/p>\n\n<h2 class=\"wp-block-heading\" id=\"h-objectif-moneyval-pour-2024\">Moneyval, the priority for 2024<\/h2>\n\n<p>Heavily involved in different Monegasque activities, Robert Laure is the outgoing Chairman of ACI, the Financial Market Association, as well as the Executive Vice-President-Secretary General of &#8216;Associations d&#8217;Entraide&#8217; in Monaco. He also contributes to a number of different organisations, such as Medfund and AMAPEI.<\/p>\n\n<p>Also on Monaco Info, Robert Laure spoke about his main priorities for 2024 within the AMAF. Starting with Moneyval, &#8220;<i>Project number 1, on which the AMAF has already worked extensively and taken part in the work led by the Government, and for which new actions will be undertaken to accompany and support all our members. Also underway we have all the projects that are directly linked to regulatory developments and changes in standards, in which the AMAF is an important player and a loyal partner of the different Monegasque authorities, be it the Government or the National Council. And then, of course, we also take into account everything that concerns the Principality&#8217;s attractiveness from a business angle. We work closely with the DITN <\/i>[Interministerial Delegation for Digital Transition]<i> and the MEB <\/i>[Monaco Economic Board]<i>.&#8221;<\/i><\/p>\n\n<p>Asked about the fight against money laundering, <a href=\"https:\/\/www.monaco-tribune.com\/en\/2024\/01\/pierre-dartout-2024-will-be-a-year-of-local-and-international-challenges\/\">to which the Principality is strongly committed<\/a>, Robert Laure confirmed that the work already underway would continue in 2024: <em>&#8220;<\/em><i>the first texts on anti-money laundering regulations date back several decades now, and AMAF stakeholders have been heavily involved at several levels and for several reasons: as an employers&#8217; association, AMAF&#8217;s involvement implies the involvement of all of its constituent entities. This means that all our members are fully informed of all regulatory developments. And many companies located in the Principality, whether based in Monaco, or dependent on international entities, adopted fundamental principles on the fight against money laundering quite some time ago.&#8221;<\/i><\/p>\n\n<p>The AMAF is an employers&#8217; association comprising all the entities that are approved by the Commission de Contr\u00f4le des Activit\u00e9s Financi\u00e8res (CCAF &#8211; Financial Activities Supervisory Commission). Its primary role is to represent all of its 90 members (including 27 banks), to defend their interests and to assist the different authorities with measures that may affect financial and banking activities in the Principality.<\/p>\n","protected":false},"excerpt":{"rendered":"<p>He replaces Etienne Franzi. Last month, the Association Mon\u00e9gasque des Activit\u00e9s Financi\u00e8res (AMAF &#8211; Monegasque Financial Activities Association) elected its [&hellip;]<\/p>\n","protected":false},"author":60,"featured_media":211903,"comment_status":"closed","ping_status":"closed","sticky":false,"template":"","format":"standard","meta":{"_acf_changed":false,"footnotes":""},"categories":[247,243],"tags":[2878],"post_sectags":[],"post_format":[2465],"class_list":["post-212068","post","type-post","status-publish","format-standard","has-post-thumbnail","hentry","category-business","category-news","tag-banking","format-in-brief"],"acf":[],"yoast_head":"<!-- This site is optimized with the Yoast SEO Premium plugin v26.8 (Yoast SEO v27.4) - https:\/\/yoast.com\/product\/yoast-seo-premium-wordpress\/ -->\n<title>Robert Laure is new AMAF Chairman<\/title>\n<meta name=\"description\" content=\"He replaces Etienne Franzi. Last month, the Association Mon\u00e9gasque des Activit\u00e9s Financi\u00e8res (AMAF - Monegasque Financial Activities Association) elected\" \/>\n<meta name=\"robots\" content=\"index, follow, max-snippet:-1, max-image-preview:large, max-video-preview:-1\" \/>\n<link rel=\"canonical\" href=\"https:\/\/www.monaco-tribune.com\/en\/2024\/01\/robert-laure-is-new-amaf-chairman\/\" \/>\n<meta property=\"og:locale\" content=\"en_US\" \/>\n<meta property=\"og:type\" content=\"article\" \/>\n<meta property=\"og:title\" content=\"Robert Laure is new AMAF Chairman - Monaco Tribune\" \/>\n<meta property=\"og:description\" content=\"He replaces Etienne Franzi. Last month, the Association Mon\u00e9gasque des Activit\u00e9s Financi\u00e8res (AMAF - Monegasque Financial Activities Association) elected\" \/>\n<meta property=\"og:url\" content=\"https:\/\/www.monaco-tribune.com\/en\/2024\/01\/robert-laure-is-new-amaf-chairman\/\" \/>\n<meta property=\"og:site_name\" content=\"Monaco Tribune\" \/>\n<meta property=\"article:publisher\" content=\"https:\/\/www.facebook.com\/MonacoTribune\" \/>\n<meta property=\"article:published_time\" content=\"2024-01-18T14:05:59+00:00\" \/>\n<meta property=\"article:modified_time\" content=\"2024-01-18T14:07:56+00:00\" \/>\n<meta property=\"og:image\" content=\"https:\/\/www.monaco-tribune.com\/wp-content\/uploads\/2024\/01\/robert-laure-monaco.jpg\" \/>\n\t<meta property=\"og:image:width\" content=\"1200\" \/>\n\t<meta property=\"og:image:height\" content=\"800\" \/>\n\t<meta property=\"og:image:type\" content=\"image\/jpeg\" \/>\n<meta name=\"author\" content=\"Camille Esteve\" \/>\n<meta name=\"twitter:card\" content=\"summary_large_image\" \/>\n<meta name=\"twitter:creator\" content=\"@MonacoTribune\" \/>\n<meta name=\"twitter:site\" content=\"@MonacoTribune\" \/>\n<script type=\"application\/ld+json\" class=\"yoast-schema-graph\">{\"@context\":\"https:\\\/\\\/schema.org\",\"@graph\":[{\"@type\":\"NewsArticle\",\"@id\":\"https:\\\/\\\/www.monaco-tribune.com\\\/en\\\/2024\\\/01\\\/robert-laure-is-new-amaf-chairman\\\/#article\",\"isPartOf\":{\"@id\":\"https:\\\/\\\/www.monaco-tribune.com\\\/en\\\/2024\\\/01\\\/robert-laure-is-new-amaf-chairman\\\/\"},\"author\":{\"name\":\"Camille Esteve\",\"@id\":\"https:\\\/\\\/www.monaco-tribune.com\\\/en\\\/#\\\/schema\\\/person\\\/a855d420fff4d03637641d60b93ac62e\"},\"headline\":\"Robert Laure is new AMAF Chairman\",\"datePublished\":\"2024-01-18T14:05:59+00:00\",\"dateModified\":\"2024-01-18T14:07:56+00:00\",\"mainEntityOfPage\":{\"@id\":\"https:\\\/\\\/www.monaco-tribune.com\\\/en\\\/2024\\\/01\\\/robert-laure-is-new-amaf-chairman\\\/\"},\"wordCount\":558,\"publisher\":{\"@id\":\"https:\\\/\\\/www.monaco-tribune.com\\\/en\\\/#organization\"},\"image\":{\"@id\":\"https:\\\/\\\/www.monaco-tribune.com\\\/en\\\/2024\\\/01\\\/robert-laure-is-new-amaf-chairman\\\/#primaryimage\"},\"thumbnailUrl\":\"https:\\\/\\\/www.monaco-tribune.com\\\/wp-content\\\/uploads\\\/2024\\\/01\\\/robert-laure-monaco.jpg\",\"keywords\":[\"Banking\"],\"articleSection\":[\"Business\",\"News\"],\"inLanguage\":\"en-US\",\"copyrightYear\":\"2024\",\"copyrightHolder\":{\"@id\":\"https:\\\/\\\/www.monaco-tribune.com\\\/#organization\"}},{\"@type\":\"WebPage\",\"@id\":\"https:\\\/\\\/www.monaco-tribune.com\\\/en\\\/2024\\\/01\\\/robert-laure-is-new-amaf-chairman\\\/\",\"url\":\"https:\\\/\\\/www.monaco-tribune.com\\\/en\\\/2024\\\/01\\\/robert-laure-is-new-amaf-chairman\\\/\",\"name\":\"Robert Laure is new AMAF Chairman\",\"isPartOf\":{\"@id\":\"https:\\\/\\\/www.monaco-tribune.com\\\/en\\\/#website\"},\"primaryImageOfPage\":{\"@id\":\"https:\\\/\\\/www.monaco-tribune.com\\\/en\\\/2024\\\/01\\\/robert-laure-is-new-amaf-chairman\\\/#primaryimage\"},\"image\":{\"@id\":\"https:\\\/\\\/www.monaco-tribune.com\\\/en\\\/2024\\\/01\\\/robert-laure-is-new-amaf-chairman\\\/#primaryimage\"},\"thumbnailUrl\":\"https:\\\/\\\/www.monaco-tribune.com\\\/wp-content\\\/uploads\\\/2024\\\/01\\\/robert-laure-monaco.jpg\",\"datePublished\":\"2024-01-18T14:05:59+00:00\",\"dateModified\":\"2024-01-18T14:07:56+00:00\",\"description\":\"He replaces Etienne Franzi. Last month, the Association Mon\u00e9gasque des Activit\u00e9s Financi\u00e8res (AMAF - Monegasque Financial Activities Association) elected\",\"breadcrumb\":{\"@id\":\"https:\\\/\\\/www.monaco-tribune.com\\\/en\\\/2024\\\/01\\\/robert-laure-is-new-amaf-chairman\\\/#breadcrumb\"},\"inLanguage\":\"en-US\",\"potentialAction\":[{\"@type\":\"ReadAction\",\"target\":[\"https:\\\/\\\/www.monaco-tribune.com\\\/en\\\/2024\\\/01\\\/robert-laure-is-new-amaf-chairman\\\/\"]}]},{\"@type\":\"ImageObject\",\"inLanguage\":\"en-US\",\"@id\":\"https:\\\/\\\/www.monaco-tribune.com\\\/en\\\/2024\\\/01\\\/robert-laure-is-new-amaf-chairman\\\/#primaryimage\",\"url\":\"https:\\\/\\\/www.monaco-tribune.com\\\/wp-content\\\/uploads\\\/2024\\\/01\\\/robert-laure-monaco.jpg\",\"contentUrl\":\"https:\\\/\\\/www.monaco-tribune.com\\\/wp-content\\\/uploads\\\/2024\\\/01\\\/robert-laure-monaco.jpg\",\"width\":1200,\"height\":800,\"caption\":\"Robert Laure - All rights reserved\"},{\"@type\":\"BreadcrumbList\",\"@id\":\"https:\\\/\\\/www.monaco-tribune.com\\\/en\\\/2024\\\/01\\\/robert-laure-is-new-amaf-chairman\\\/#breadcrumb\",\"itemListElement\":[{\"@type\":\"ListItem\",\"position\":1,\"name\":\"Accueil\",\"item\":\"https:\\\/\\\/www.monaco-tribune.com\\\/en\\\/\"},{\"@type\":\"ListItem\",\"position\":2,\"name\":\"Robert Laure is new AMAF Chairman\"}]},{\"@type\":\"WebSite\",\"@id\":\"https:\\\/\\\/www.monaco-tribune.com\\\/en\\\/#website\",\"url\":\"https:\\\/\\\/www.monaco-tribune.com\\\/en\\\/\",\"name\":\"Monaco Tribune\",\"description\":\"Monaco : actualit\u00e9s \u00e9conomiques, politiques, culturelles et sportives de Monaco et de la French Riviera.\",\"publisher\":{\"@id\":\"https:\\\/\\\/www.monaco-tribune.com\\\/en\\\/#organization\"},\"potentialAction\":[{\"@type\":\"SearchAction\",\"target\":{\"@type\":\"EntryPoint\",\"urlTemplate\":\"https:\\\/\\\/www.monaco-tribune.com\\\/en\\\/?s={search_term_string}\"},\"query-input\":{\"@type\":\"PropertyValueSpecification\",\"valueRequired\":true,\"valueName\":\"search_term_string\"}}],\"inLanguage\":\"en-US\"},{\"@type\":\"Organization\",\"@id\":\"https:\\\/\\\/www.monaco-tribune.com\\\/en\\\/#organization\",\"name\":\"Monaco Tribune\",\"url\":\"https:\\\/\\\/www.monaco-tribune.com\\\/en\\\/\",\"logo\":{\"@type\":\"ImageObject\",\"inLanguage\":\"en-US\",\"@id\":\"https:\\\/\\\/www.monaco-tribune.com\\\/en\\\/#\\\/schema\\\/logo\\\/image\\\/\",\"url\":\"https:\\\/\\\/www.monaco-tribune.com\\\/wp-content\\\/uploads\\\/2022\\\/11\\\/logo-monaco-tribune.png\",\"contentUrl\":\"https:\\\/\\\/www.monaco-tribune.com\\\/wp-content\\\/uploads\\\/2022\\\/11\\\/logo-monaco-tribune.png\",\"width\":1548,\"height\":600,\"caption\":\"Monaco Tribune\"},\"image\":{\"@id\":\"https:\\\/\\\/www.monaco-tribune.com\\\/en\\\/#\\\/schema\\\/logo\\\/image\\\/\"},\"sameAs\":[\"https:\\\/\\\/www.facebook.com\\\/MonacoTribune\",\"https:\\\/\\\/x.com\\\/MonacoTribune\",\"https:\\\/\\\/www.instagram.com\\\/monacotribune\\\/\",\"https:\\\/\\\/www.linkedin.com\\\/company\\\/monaco-tribune\",\"https:\\\/\\\/www.youtube.com\\\/channel\\\/UCHle1MnG6hw1y4lWKijVbMA\"]},{\"@type\":\"Person\",\"@id\":\"https:\\\/\\\/www.monaco-tribune.com\\\/en\\\/#\\\/schema\\\/person\\\/a855d420fff4d03637641d60b93ac62e\",\"name\":\"Camille Esteve\",\"image\":{\"@type\":\"ImageObject\",\"inLanguage\":\"en-US\",\"@id\":\"https:\\\/\\\/secure.gravatar.com\\\/avatar\\\/eaaa2355a7bb56c0018a391c20a55bf9b4690e3f493231dd850e612bfa6ce161?s=96&d=mm&r=g\",\"url\":\"https:\\\/\\\/secure.gravatar.com\\\/avatar\\\/eaaa2355a7bb56c0018a391c20a55bf9b4690e3f493231dd850e612bfa6ce161?s=96&d=mm&r=g\",\"contentUrl\":\"https:\\\/\\\/secure.gravatar.com\\\/avatar\\\/eaaa2355a7bb56c0018a391c20a55bf9b4690e3f493231dd850e612bfa6ce161?s=96&d=mm&r=g\",\"caption\":\"Camille Esteve\"},\"url\":\"https:\\\/\\\/www.monaco-tribune.com\\\/en\\\/author\\\/camilleesteve\\\/\"}]}<\/script>\n<!-- \/ Yoast SEO Premium plugin. -->","yoast_head_json":{"title":"Robert Laure is new AMAF Chairman","description":"He replaces Etienne Franzi. Last month, the Association Mon\u00e9gasque des Activit\u00e9s Financi\u00e8res (AMAF - Monegasque Financial Activities Association) elected","robots":{"index":"index","follow":"follow","max-snippet":"max-snippet:-1","max-image-preview":"max-image-preview:large","max-video-preview":"max-video-preview:-1"},"canonical":"https:\/\/www.monaco-tribune.com\/en\/2024\/01\/robert-laure-is-new-amaf-chairman\/","og_locale":"en_US","og_type":"article","og_title":"Robert Laure is new AMAF Chairman - Monaco Tribune","og_description":"He replaces Etienne Franzi. Last month, the Association Mon\u00e9gasque des Activit\u00e9s Financi\u00e8res (AMAF - Monegasque Financial Activities Association) elected","og_url":"https:\/\/www.monaco-tribune.com\/en\/2024\/01\/robert-laure-is-new-amaf-chairman\/","og_site_name":"Monaco Tribune","article_publisher":"https:\/\/www.facebook.com\/MonacoTribune","article_published_time":"2024-01-18T14:05:59+00:00","article_modified_time":"2024-01-18T14:07:56+00:00","og_image":[{"width":1200,"height":800,"url":"https:\/\/www.monaco-tribune.com\/wp-content\/uploads\/2024\/01\/robert-laure-monaco.jpg","type":"image\/jpeg"}],"author":"Camille Esteve","twitter_card":"summary_large_image","twitter_creator":"@MonacoTribune","twitter_site":"@MonacoTribune","schema":{"@context":"https:\/\/schema.org","@graph":[{"@type":"NewsArticle","@id":"https:\/\/www.monaco-tribune.com\/en\/2024\/01\/robert-laure-is-new-amaf-chairman\/#article","isPartOf":{"@id":"https:\/\/www.monaco-tribune.com\/en\/2024\/01\/robert-laure-is-new-amaf-chairman\/"},"author":{"name":"Camille Esteve","@id":"https:\/\/www.monaco-tribune.com\/en\/#\/schema\/person\/a855d420fff4d03637641d60b93ac62e"},"headline":"Robert Laure is new AMAF Chairman","datePublished":"2024-01-18T14:05:59+00:00","dateModified":"2024-01-18T14:07:56+00:00","mainEntityOfPage":{"@id":"https:\/\/www.monaco-tribune.com\/en\/2024\/01\/robert-laure-is-new-amaf-chairman\/"},"wordCount":558,"publisher":{"@id":"https:\/\/www.monaco-tribune.com\/en\/#organization"},"image":{"@id":"https:\/\/www.monaco-tribune.com\/en\/2024\/01\/robert-laure-is-new-amaf-chairman\/#primaryimage"},"thumbnailUrl":"https:\/\/www.monaco-tribune.com\/wp-content\/uploads\/2024\/01\/robert-laure-monaco.jpg","keywords":["Banking"],"articleSection":["Business","News"],"inLanguage":"en-US","copyrightYear":"2024","copyrightHolder":{"@id":"https:\/\/www.monaco-tribune.com\/#organization"}},{"@type":"WebPage","@id":"https:\/\/www.monaco-tribune.com\/en\/2024\/01\/robert-laure-is-new-amaf-chairman\/","url":"https:\/\/www.monaco-tribune.com\/en\/2024\/01\/robert-laure-is-new-amaf-chairman\/","name":"Robert Laure is new AMAF Chairman","isPartOf":{"@id":"https:\/\/www.monaco-tribune.com\/en\/#website"},"primaryImageOfPage":{"@id":"https:\/\/www.monaco-tribune.com\/en\/2024\/01\/robert-laure-is-new-amaf-chairman\/#primaryimage"},"image":{"@id":"https:\/\/www.monaco-tribune.com\/en\/2024\/01\/robert-laure-is-new-amaf-chairman\/#primaryimage"},"thumbnailUrl":"https:\/\/www.monaco-tribune.com\/wp-content\/uploads\/2024\/01\/robert-laure-monaco.jpg","datePublished":"2024-01-18T14:05:59+00:00","dateModified":"2024-01-18T14:07:56+00:00","description":"He replaces Etienne Franzi. Last month, the Association Mon\u00e9gasque des Activit\u00e9s Financi\u00e8res (AMAF - Monegasque Financial Activities Association) elected","breadcrumb":{"@id":"https:\/\/www.monaco-tribune.com\/en\/2024\/01\/robert-laure-is-new-amaf-chairman\/#breadcrumb"},"inLanguage":"en-US","potentialAction":[{"@type":"ReadAction","target":["https:\/\/www.monaco-tribune.com\/en\/2024\/01\/robert-laure-is-new-amaf-chairman\/"]}]},{"@type":"ImageObject","inLanguage":"en-US","@id":"https:\/\/www.monaco-tribune.com\/en\/2024\/01\/robert-laure-is-new-amaf-chairman\/#primaryimage","url":"https:\/\/www.monaco-tribune.com\/wp-content\/uploads\/2024\/01\/robert-laure-monaco.jpg","contentUrl":"https:\/\/www.monaco-tribune.com\/wp-content\/uploads\/2024\/01\/robert-laure-monaco.jpg","width":1200,"height":800,"caption":"Robert Laure - All rights reserved"},{"@type":"BreadcrumbList","@id":"https:\/\/www.monaco-tribune.com\/en\/2024\/01\/robert-laure-is-new-amaf-chairman\/#breadcrumb","itemListElement":[{"@type":"ListItem","position":1,"name":"Accueil","item":"https:\/\/www.monaco-tribune.com\/en\/"},{"@type":"ListItem","position":2,"name":"Robert Laure is new AMAF Chairman"}]},{"@type":"WebSite","@id":"https:\/\/www.monaco-tribune.com\/en\/#website","url":"https:\/\/www.monaco-tribune.com\/en\/","name":"Monaco Tribune","description":"Monaco : actualit\u00e9s \u00e9conomiques, politiques, culturelles et sportives de Monaco et de la French Riviera.","publisher":{"@id":"https:\/\/www.monaco-tribune.com\/en\/#organization"},"potentialAction":[{"@type":"SearchAction","target":{"@type":"EntryPoint","urlTemplate":"https:\/\/www.monaco-tribune.com\/en\/?s={search_term_string}"},"query-input":{"@type":"PropertyValueSpecification","valueRequired":true,"valueName":"search_term_string"}}],"inLanguage":"en-US"},{"@type":"Organization","@id":"https:\/\/www.monaco-tribune.com\/en\/#organization","name":"Monaco Tribune","url":"https:\/\/www.monaco-tribune.com\/en\/","logo":{"@type":"ImageObject","inLanguage":"en-US","@id":"https:\/\/www.monaco-tribune.com\/en\/#\/schema\/logo\/image\/","url":"https:\/\/www.monaco-tribune.com\/wp-content\/uploads\/2022\/11\/logo-monaco-tribune.png","contentUrl":"https:\/\/www.monaco-tribune.com\/wp-content\/uploads\/2022\/11\/logo-monaco-tribune.png","width":1548,"height":600,"caption":"Monaco Tribune"},"image":{"@id":"https:\/\/www.monaco-tribune.com\/en\/#\/schema\/logo\/image\/"},"sameAs":["https:\/\/www.facebook.com\/MonacoTribune","https:\/\/x.com\/MonacoTribune","https:\/\/www.instagram.com\/monacotribune\/","https:\/\/www.linkedin.com\/company\/monaco-tribune","https:\/\/www.youtube.com\/channel\/UCHle1MnG6hw1y4lWKijVbMA"]},{"@type":"Person","@id":"https:\/\/www.monaco-tribune.com\/en\/#\/schema\/person\/a855d420fff4d03637641d60b93ac62e","name":"Camille Esteve","image":{"@type":"ImageObject","inLanguage":"en-US","@id":"https:\/\/secure.gravatar.com\/avatar\/eaaa2355a7bb56c0018a391c20a55bf9b4690e3f493231dd850e612bfa6ce161?s=96&d=mm&r=g","url":"https:\/\/secure.gravatar.com\/avatar\/eaaa2355a7bb56c0018a391c20a55bf9b4690e3f493231dd850e612bfa6ce161?s=96&d=mm&r=g","contentUrl":"https:\/\/secure.gravatar.com\/avatar\/eaaa2355a7bb56c0018a391c20a55bf9b4690e3f493231dd850e612bfa6ce161?s=96&d=mm&r=g","caption":"Camille Esteve"},"url":"https:\/\/www.monaco-tribune.com\/en\/author\/camilleesteve\/"}]}},"_links":{"self":[{"href":"https:\/\/www.monaco-tribune.com\/en\/wp-json\/wp\/v2\/posts\/212068","targetHints":{"allow":["GET"]}}],"collection":[{"href":"https:\/\/www.monaco-tribune.com\/en\/wp-json\/wp\/v2\/posts"}],"about":[{"href":"https:\/\/www.monaco-tribune.com\/en\/wp-json\/wp\/v2\/types\/post"}],"author":[{"embeddable":true,"href":"https:\/\/www.monaco-tribune.com\/en\/wp-json\/wp\/v2\/users\/60"}],"replies":[{"embeddable":true,"href":"https:\/\/www.monaco-tribune.com\/en\/wp-json\/wp\/v2\/comments?post=212068"}],"version-history":[{"count":2,"href":"https:\/\/www.monaco-tribune.com\/en\/wp-json\/wp\/v2\/posts\/212068\/revisions"}],"predecessor-version":[{"id":212073,"href":"https:\/\/www.monaco-tribune.com\/en\/wp-json\/wp\/v2\/posts\/212068\/revisions\/212073"}],"wp:featuredmedia":[{"embeddable":true,"href":"https:\/\/www.monaco-tribune.com\/en\/wp-json\/wp\/v2\/media\/211903"}],"wp:attachment":[{"href":"https:\/\/www.monaco-tribune.com\/en\/wp-json\/wp\/v2\/media?parent=212068"}],"wp:term":[{"taxonomy":"category","embeddable":true,"href":"https:\/\/www.monaco-tribune.com\/en\/wp-json\/wp\/v2\/categories?post=212068"},{"taxonomy":"post_tag","embeddable":true,"href":"https:\/\/www.monaco-tribune.com\/en\/wp-json\/wp\/v2\/tags?post=212068"},{"taxonomy":"sectag","embeddable":true,"href":"https:\/\/www.monaco-tribune.com\/en\/wp-json\/wp\/v2\/post_sectags?post=212068"},{"taxonomy":"format","embeddable":true,"href":"https:\/\/www.monaco-tribune.com\/en\/wp-json\/wp\/v2\/post_format?post=212068"}],"curies":[{"name":"wp","href":"https:\/\/api.w.org\/{rel}","templated":true}]}}