{"id":216849,"date":"2024-02-13T12:33:12","date_gmt":"2024-02-13T10:33:12","guid":{"rendered":"https:\/\/www.monaco-tribune.com\/2024\/02\/monaco-private-label-evolving-to-enhance-monacos-attractiveness\/"},"modified":"2024-02-13T12:49:56","modified_gmt":"2024-02-13T10:49:56","slug":"monaco-private-label-evolving-to-enhance-monacos-attractiveness","status":"publish","type":"post","link":"https:\/\/www.monaco-tribune.com\/en\/2024\/02\/monaco-private-label-evolving-to-enhance-monacos-attractiveness\/","title":{"rendered":"Monaco Private Label evolving to enhance Monaco&#8217;s attractiveness"},"content":{"rendered":"\n<p><strong>The main changes were presented at a press conference, attended by the new Director, Chlo\u00e9 Leclercq, who is also in charge of the Attractiveness Unit.<\/strong><\/p>\n\n<p><i>&#8220;The attractiveness policy is critical and indispensable to consolidate Monaco&#8217;s economic model, and the MPL is a key enabler.&#8221; <\/i>Pierre Dartout set the tone on Monday 5 February. As the Minister of State pointed out, Monaco&#8217;s major asset is its ability to attract tourists, investors, employees and residents, who contribute to all the different facets of Monaco&#8217;s economy, which mostly relies on real estate, financial and banking activities and tourism.<\/p>\n\n<p>To continue to attract interesting profiles to Monaco and retain existing talent, the Government of Monaco is counting on the Monaco Private Label, a tool developed in 2009 that is now evolving to support its attractiveness policy. Frederic Genta, Interministerial Delegate for Attractiveness and Digital Transition, began by outlining the Label&#8217;s role: <i>&#8220;The MPL is specifically aimed at residents and investors. We are fortunate to have an exceptional community of residents and investors in the Principality, made up of 149 nationalities from every industry in the world: health, real estate, media, etc. These leaders are keen to help Monaco through their investments, their network or their philanthropic contribution.&#8221;<\/i><\/p>\n\n<p>The new version will help: <\/p>\n\n<ul class=\"wp-block-list\">\n<li><b>attract<\/b> interesting candidates by promoting Monaco.<\/li>\n\n\n\n<li><b>retain <\/b>the 320 members (out of 2,250) who are in Monaco by significantly increasing the number of events organised during the year. The Summit, Formula 1 Grand Prix and Yacht Show will be complemented by conferences in Monaco and abroad. The idea is to increase the number of Monegasque residents in the club by 20%. Chloe Leclerc also mentioned that a digital tool would soon be launched to further strengthen the links between members and develop a sense of community.<\/li>\n\n\n\n<li><b>involve<\/b> members, treating them as genuine partners in improving our welcome, our lifestyle, and our competitiveness with rival locations such as Singapore and Dubai.<\/li>\n<\/ul>\n\n<blockquote class=\"wp-block-quote is-layout-flow wp-block-quote-is-layout-flow\">\n<p>Although the MPL is a government body, it works closely with private concerns such as the AMAF, MEB and SBM. <\/p>\n<cite>Frederic Genta, Interministerial Delegate for Attractiveness and Digital Transition<\/cite><\/blockquote>\n\n<h2 class=\"wp-block-heading\" id=\"h-generer-des-liens-et-de-la-confiance\">Building bonds and trust<\/h2>\n\n<p><i>&#8220;Over the last few months, we&#8217;ve been meeting our residents, who represent a truly elite group with a global presence. We discussed why they chose to live in Monaco, and took the same proactive approach with our international members, asking them about their expectations and needs. Although the decision to settle in a country is multifactorial, it involves human bonds and a relationship of trust, and this is MPL&#8217;s strength. We act as a catalyst,&#8221;<\/i> explains the new director.<\/p>\n\n<p class=\"related\"><a href=\"https:\/\/www.monaco-tribune.com\/en\/2024\/02\/monaco-among-best-european-destinations-in-2024\/\">Monaco among best European destinations in 2024<\/a><\/p>\n\n<p>The MPL will also draw on the community of younger people, who are usually members&#8217; children.<i>\u00a0&#8220;Within the MPL Young Leaders, we have 140 members of 21 nationalities, aged between 18 and 31,&#8221; <\/i>explains Chlo\u00e9 Leclerc. In case you are wondering, people cannot apply directly to join the club.\u00a0<i>&#8220;Residents give us recommendations for choosing members&#8221;<\/i>, concluded Frederic Genta, mentioning some of the criteria for joining the network: having a connection to the Principality, being someone of good character, having been successful in their field whether it be financial, cultural or sporting, and wishing to harness that success for Monaco\u2019s benefit.<\/p>\n","protected":false},"excerpt":{"rendered":"<p>The main changes were presented at a press conference, attended by the new Director, Chlo\u00e9 Leclercq, who is also in [&hellip;]<\/p>\n","protected":false},"author":69,"featured_media":216304,"comment_status":"closed","ping_status":"closed","sticky":false,"template":"","format":"standard","meta":{"_acf_changed":false,"footnotes":""},"categories":[247,243],"tags":[3141],"post_sectags":[],"post_format":[2467],"class_list":["post-216849","post","type-post","status-publish","format-standard","has-post-thumbnail","hentry","category-business","category-news","tag-attractiveness","format-feature"],"acf":[],"yoast_head":"<!-- This site is optimized with the Yoast SEO Premium plugin v26.8 (Yoast SEO v27.5) - https:\/\/yoast.com\/product\/yoast-seo-premium-wordpress\/ -->\n<title>Monaco Private Label evolving to enhance Monaco&#039;s attractiveness<\/title>\n<meta name=\"description\" content=\"The main changes were presented at a press conference, attended by the new Director, Chlo\u00e9 Leclercq, who is also in charge of the Attractiveness Unit.\" \/>\n<meta name=\"robots\" content=\"index, follow, max-snippet:-1, max-image-preview:large, max-video-preview:-1\" \/>\n<link rel=\"canonical\" href=\"https:\/\/www.monaco-tribune.com\/en\/2024\/02\/monaco-private-label-evolving-to-enhance-monacos-attractiveness\/\" \/>\n<meta property=\"og:locale\" content=\"en_US\" \/>\n<meta property=\"og:type\" content=\"article\" \/>\n<meta property=\"og:title\" content=\"Monaco Private Label evolving to enhance Monaco&#039;s attractiveness - Monaco Tribune\" \/>\n<meta property=\"og:description\" content=\"The main changes were presented at a press conference, attended by the new Director, Chlo\u00e9 Leclercq, who is also in charge of the Attractiveness Unit.\" \/>\n<meta property=\"og:url\" content=\"https:\/\/www.monaco-tribune.com\/en\/2024\/02\/monaco-private-label-evolving-to-enhance-monacos-attractiveness\/\" \/>\n<meta property=\"og:site_name\" content=\"Monaco Tribune\" \/>\n<meta property=\"article:publisher\" content=\"https:\/\/www.facebook.com\/MonacoTribune\" \/>\n<meta property=\"article:published_time\" content=\"2024-02-13T10:33:12+00:00\" \/>\n<meta property=\"article:modified_time\" content=\"2024-02-13T10:49:56+00:00\" \/>\n<meta property=\"og:image\" content=\"https:\/\/www.monaco-tribune.com\/wp-content\/uploads\/2024\/02\/mpl-050224-officiels-\u00a9manuel-vitali-direction-de-la-communication-.jpg\" \/>\n\t<meta property=\"og:image:width\" content=\"1200\" \/>\n\t<meta property=\"og:image:height\" content=\"800\" \/>\n\t<meta property=\"og:image:type\" content=\"image\/jpeg\" \/>\n<meta name=\"author\" content=\"Sarah Incari\" \/>\n<meta name=\"twitter:card\" content=\"summary_large_image\" \/>\n<meta name=\"twitter:creator\" content=\"@MonacoTribune\" \/>\n<meta name=\"twitter:site\" content=\"@MonacoTribune\" \/>\n<script type=\"application\/ld+json\" class=\"yoast-schema-graph\">{\"@context\":\"https:\\\/\\\/schema.org\",\"@graph\":[{\"@type\":\"NewsArticle\",\"@id\":\"https:\\\/\\\/www.monaco-tribune.com\\\/en\\\/2024\\\/02\\\/monaco-private-label-evolving-to-enhance-monacos-attractiveness\\\/#article\",\"isPartOf\":{\"@id\":\"https:\\\/\\\/www.monaco-tribune.com\\\/en\\\/2024\\\/02\\\/monaco-private-label-evolving-to-enhance-monacos-attractiveness\\\/\"},\"author\":{\"name\":\"Sarah Incari\",\"@id\":\"https:\\\/\\\/www.monaco-tribune.com\\\/en\\\/#\\\/schema\\\/person\\\/dd3b5770833f791d3f4d808f1aa84499\"},\"headline\":\"Monaco Private Label evolving to enhance Monaco&#8217;s attractiveness\",\"datePublished\":\"2024-02-13T10:33:12+00:00\",\"dateModified\":\"2024-02-13T10:49:56+00:00\",\"mainEntityOfPage\":{\"@id\":\"https:\\\/\\\/www.monaco-tribune.com\\\/en\\\/2024\\\/02\\\/monaco-private-label-evolving-to-enhance-monacos-attractiveness\\\/\"},\"wordCount\":542,\"publisher\":{\"@id\":\"https:\\\/\\\/www.monaco-tribune.com\\\/en\\\/#organization\"},\"image\":{\"@id\":\"https:\\\/\\\/www.monaco-tribune.com\\\/en\\\/2024\\\/02\\\/monaco-private-label-evolving-to-enhance-monacos-attractiveness\\\/#primaryimage\"},\"thumbnailUrl\":\"https:\\\/\\\/www.monaco-tribune.com\\\/wp-content\\\/uploads\\\/2024\\\/02\\\/mpl-050224-officiels-\u00a9manuel-vitali-direction-de-la-communication-.jpg\",\"keywords\":[\"Attractiveness\"],\"articleSection\":[\"Business\",\"News\"],\"inLanguage\":\"en-US\",\"copyrightYear\":\"2024\",\"copyrightHolder\":{\"@id\":\"https:\\\/\\\/www.monaco-tribune.com\\\/#organization\"}},{\"@type\":\"WebPage\",\"@id\":\"https:\\\/\\\/www.monaco-tribune.com\\\/en\\\/2024\\\/02\\\/monaco-private-label-evolving-to-enhance-monacos-attractiveness\\\/\",\"url\":\"https:\\\/\\\/www.monaco-tribune.com\\\/en\\\/2024\\\/02\\\/monaco-private-label-evolving-to-enhance-monacos-attractiveness\\\/\",\"name\":\"Monaco Private Label evolving to enhance Monaco's attractiveness\",\"isPartOf\":{\"@id\":\"https:\\\/\\\/www.monaco-tribune.com\\\/en\\\/#website\"},\"primaryImageOfPage\":{\"@id\":\"https:\\\/\\\/www.monaco-tribune.com\\\/en\\\/2024\\\/02\\\/monaco-private-label-evolving-to-enhance-monacos-attractiveness\\\/#primaryimage\"},\"image\":{\"@id\":\"https:\\\/\\\/www.monaco-tribune.com\\\/en\\\/2024\\\/02\\\/monaco-private-label-evolving-to-enhance-monacos-attractiveness\\\/#primaryimage\"},\"thumbnailUrl\":\"https:\\\/\\\/www.monaco-tribune.com\\\/wp-content\\\/uploads\\\/2024\\\/02\\\/mpl-050224-officiels-\u00a9manuel-vitali-direction-de-la-communication-.jpg\",\"datePublished\":\"2024-02-13T10:33:12+00:00\",\"dateModified\":\"2024-02-13T10:49:56+00:00\",\"description\":\"The main changes were presented at a press conference, attended by the new Director, Chlo\u00e9 Leclercq, who is also in charge of the Attractiveness Unit.\",\"breadcrumb\":{\"@id\":\"https:\\\/\\\/www.monaco-tribune.com\\\/en\\\/2024\\\/02\\\/monaco-private-label-evolving-to-enhance-monacos-attractiveness\\\/#breadcrumb\"},\"inLanguage\":\"en-US\",\"potentialAction\":[{\"@type\":\"ReadAction\",\"target\":[\"https:\\\/\\\/www.monaco-tribune.com\\\/en\\\/2024\\\/02\\\/monaco-private-label-evolving-to-enhance-monacos-attractiveness\\\/\"]}]},{\"@type\":\"ImageObject\",\"inLanguage\":\"en-US\",\"@id\":\"https:\\\/\\\/www.monaco-tribune.com\\\/en\\\/2024\\\/02\\\/monaco-private-label-evolving-to-enhance-monacos-attractiveness\\\/#primaryimage\",\"url\":\"https:\\\/\\\/www.monaco-tribune.com\\\/wp-content\\\/uploads\\\/2024\\\/02\\\/mpl-050224-officiels-\u00a9manuel-vitali-direction-de-la-communication-.jpg\",\"contentUrl\":\"https:\\\/\\\/www.monaco-tribune.com\\\/wp-content\\\/uploads\\\/2024\\\/02\\\/mpl-050224-officiels-\u00a9manuel-vitali-direction-de-la-communication-.jpg\",\"width\":1200,\"height\":800,\"caption\":\"From left to right: Laurence Garino, S.E. M. Pierre Dartout, Chlo\u00e9 Leclercq, Fr\u00e9d\u00e9ric Genta. Chlo\u00e9 Leclercq recently succeeded Michel Bouquier at the head of the MPL, an international network created in 2009 - \u00a9 Manuel Vitali - Communication Department\"},{\"@type\":\"BreadcrumbList\",\"@id\":\"https:\\\/\\\/www.monaco-tribune.com\\\/en\\\/2024\\\/02\\\/monaco-private-label-evolving-to-enhance-monacos-attractiveness\\\/#breadcrumb\",\"itemListElement\":[{\"@type\":\"ListItem\",\"position\":1,\"name\":\"Accueil\",\"item\":\"https:\\\/\\\/www.monaco-tribune.com\\\/en\\\/\"},{\"@type\":\"ListItem\",\"position\":2,\"name\":\"Monaco Private Label evolving to enhance Monaco&#8217;s attractiveness\"}]},{\"@type\":\"WebSite\",\"@id\":\"https:\\\/\\\/www.monaco-tribune.com\\\/en\\\/#website\",\"url\":\"https:\\\/\\\/www.monaco-tribune.com\\\/en\\\/\",\"name\":\"Monaco Tribune\",\"description\":\"Monaco : actualit\u00e9s \u00e9conomiques, politiques, culturelles et sportives de Monaco et de la French Riviera.\",\"publisher\":{\"@id\":\"https:\\\/\\\/www.monaco-tribune.com\\\/en\\\/#organization\"},\"potentialAction\":[{\"@type\":\"SearchAction\",\"target\":{\"@type\":\"EntryPoint\",\"urlTemplate\":\"https:\\\/\\\/www.monaco-tribune.com\\\/en\\\/?s={search_term_string}\"},\"query-input\":{\"@type\":\"PropertyValueSpecification\",\"valueRequired\":true,\"valueName\":\"search_term_string\"}}],\"inLanguage\":\"en-US\"},{\"@type\":\"Organization\",\"@id\":\"https:\\\/\\\/www.monaco-tribune.com\\\/en\\\/#organization\",\"name\":\"Monaco Tribune\",\"url\":\"https:\\\/\\\/www.monaco-tribune.com\\\/en\\\/\",\"logo\":{\"@type\":\"ImageObject\",\"inLanguage\":\"en-US\",\"@id\":\"https:\\\/\\\/www.monaco-tribune.com\\\/en\\\/#\\\/schema\\\/logo\\\/image\\\/\",\"url\":\"https:\\\/\\\/www.monaco-tribune.com\\\/wp-content\\\/uploads\\\/2022\\\/11\\\/logo-monaco-tribune.png\",\"contentUrl\":\"https:\\\/\\\/www.monaco-tribune.com\\\/wp-content\\\/uploads\\\/2022\\\/11\\\/logo-monaco-tribune.png\",\"width\":1548,\"height\":600,\"caption\":\"Monaco Tribune\"},\"image\":{\"@id\":\"https:\\\/\\\/www.monaco-tribune.com\\\/en\\\/#\\\/schema\\\/logo\\\/image\\\/\"},\"sameAs\":[\"https:\\\/\\\/www.facebook.com\\\/MonacoTribune\",\"https:\\\/\\\/x.com\\\/MonacoTribune\",\"https:\\\/\\\/www.instagram.com\\\/monacotribune\\\/\",\"https:\\\/\\\/www.linkedin.com\\\/company\\\/monaco-tribune\",\"https:\\\/\\\/www.youtube.com\\\/channel\\\/UCHle1MnG6hw1y4lWKijVbMA\"]},{\"@type\":\"Person\",\"@id\":\"https:\\\/\\\/www.monaco-tribune.com\\\/en\\\/#\\\/schema\\\/person\\\/dd3b5770833f791d3f4d808f1aa84499\",\"name\":\"Sarah Incari\",\"image\":{\"@type\":\"ImageObject\",\"inLanguage\":\"en-US\",\"@id\":\"https:\\\/\\\/secure.gravatar.com\\\/avatar\\\/4ac0b37be892d57107ccdd804e3f2a03bf1e3fca097512136d3603859293cb0e?s=96&d=mm&r=g\",\"url\":\"https:\\\/\\\/secure.gravatar.com\\\/avatar\\\/4ac0b37be892d57107ccdd804e3f2a03bf1e3fca097512136d3603859293cb0e?s=96&d=mm&r=g\",\"contentUrl\":\"https:\\\/\\\/secure.gravatar.com\\\/avatar\\\/4ac0b37be892d57107ccdd804e3f2a03bf1e3fca097512136d3603859293cb0e?s=96&d=mm&r=g\",\"caption\":\"Sarah Incari\"},\"url\":\"https:\\\/\\\/www.monaco-tribune.com\\\/en\\\/author\\\/sarahincari\\\/\"}]}<\/script>\n<!-- \/ Yoast SEO Premium plugin. -->","yoast_head_json":{"title":"Monaco Private Label evolving to enhance Monaco's attractiveness","description":"The main changes were presented at a press conference, attended by the new Director, Chlo\u00e9 Leclercq, who is also in charge of the Attractiveness Unit.","robots":{"index":"index","follow":"follow","max-snippet":"max-snippet:-1","max-image-preview":"max-image-preview:large","max-video-preview":"max-video-preview:-1"},"canonical":"https:\/\/www.monaco-tribune.com\/en\/2024\/02\/monaco-private-label-evolving-to-enhance-monacos-attractiveness\/","og_locale":"en_US","og_type":"article","og_title":"Monaco Private Label evolving to enhance Monaco's attractiveness - Monaco Tribune","og_description":"The main changes were presented at a press conference, attended by the new Director, Chlo\u00e9 Leclercq, who is also in charge of the Attractiveness Unit.","og_url":"https:\/\/www.monaco-tribune.com\/en\/2024\/02\/monaco-private-label-evolving-to-enhance-monacos-attractiveness\/","og_site_name":"Monaco Tribune","article_publisher":"https:\/\/www.facebook.com\/MonacoTribune","article_published_time":"2024-02-13T10:33:12+00:00","article_modified_time":"2024-02-13T10:49:56+00:00","og_image":[{"width":1200,"height":800,"url":"https:\/\/www.monaco-tribune.com\/wp-content\/uploads\/2024\/02\/mpl-050224-officiels-\u00a9manuel-vitali-direction-de-la-communication-.jpg","type":"image\/jpeg"}],"author":"Sarah Incari","twitter_card":"summary_large_image","twitter_creator":"@MonacoTribune","twitter_site":"@MonacoTribune","schema":{"@context":"https:\/\/schema.org","@graph":[{"@type":"NewsArticle","@id":"https:\/\/www.monaco-tribune.com\/en\/2024\/02\/monaco-private-label-evolving-to-enhance-monacos-attractiveness\/#article","isPartOf":{"@id":"https:\/\/www.monaco-tribune.com\/en\/2024\/02\/monaco-private-label-evolving-to-enhance-monacos-attractiveness\/"},"author":{"name":"Sarah Incari","@id":"https:\/\/www.monaco-tribune.com\/en\/#\/schema\/person\/dd3b5770833f791d3f4d808f1aa84499"},"headline":"Monaco Private Label evolving to enhance Monaco&#8217;s attractiveness","datePublished":"2024-02-13T10:33:12+00:00","dateModified":"2024-02-13T10:49:56+00:00","mainEntityOfPage":{"@id":"https:\/\/www.monaco-tribune.com\/en\/2024\/02\/monaco-private-label-evolving-to-enhance-monacos-attractiveness\/"},"wordCount":542,"publisher":{"@id":"https:\/\/www.monaco-tribune.com\/en\/#organization"},"image":{"@id":"https:\/\/www.monaco-tribune.com\/en\/2024\/02\/monaco-private-label-evolving-to-enhance-monacos-attractiveness\/#primaryimage"},"thumbnailUrl":"https:\/\/www.monaco-tribune.com\/wp-content\/uploads\/2024\/02\/mpl-050224-officiels-\u00a9manuel-vitali-direction-de-la-communication-.jpg","keywords":["Attractiveness"],"articleSection":["Business","News"],"inLanguage":"en-US","copyrightYear":"2024","copyrightHolder":{"@id":"https:\/\/www.monaco-tribune.com\/#organization"}},{"@type":"WebPage","@id":"https:\/\/www.monaco-tribune.com\/en\/2024\/02\/monaco-private-label-evolving-to-enhance-monacos-attractiveness\/","url":"https:\/\/www.monaco-tribune.com\/en\/2024\/02\/monaco-private-label-evolving-to-enhance-monacos-attractiveness\/","name":"Monaco Private Label evolving to enhance Monaco's attractiveness","isPartOf":{"@id":"https:\/\/www.monaco-tribune.com\/en\/#website"},"primaryImageOfPage":{"@id":"https:\/\/www.monaco-tribune.com\/en\/2024\/02\/monaco-private-label-evolving-to-enhance-monacos-attractiveness\/#primaryimage"},"image":{"@id":"https:\/\/www.monaco-tribune.com\/en\/2024\/02\/monaco-private-label-evolving-to-enhance-monacos-attractiveness\/#primaryimage"},"thumbnailUrl":"https:\/\/www.monaco-tribune.com\/wp-content\/uploads\/2024\/02\/mpl-050224-officiels-\u00a9manuel-vitali-direction-de-la-communication-.jpg","datePublished":"2024-02-13T10:33:12+00:00","dateModified":"2024-02-13T10:49:56+00:00","description":"The main changes were presented at a press conference, attended by the new Director, Chlo\u00e9 Leclercq, who is also in charge of the Attractiveness Unit.","breadcrumb":{"@id":"https:\/\/www.monaco-tribune.com\/en\/2024\/02\/monaco-private-label-evolving-to-enhance-monacos-attractiveness\/#breadcrumb"},"inLanguage":"en-US","potentialAction":[{"@type":"ReadAction","target":["https:\/\/www.monaco-tribune.com\/en\/2024\/02\/monaco-private-label-evolving-to-enhance-monacos-attractiveness\/"]}]},{"@type":"ImageObject","inLanguage":"en-US","@id":"https:\/\/www.monaco-tribune.com\/en\/2024\/02\/monaco-private-label-evolving-to-enhance-monacos-attractiveness\/#primaryimage","url":"https:\/\/www.monaco-tribune.com\/wp-content\/uploads\/2024\/02\/mpl-050224-officiels-\u00a9manuel-vitali-direction-de-la-communication-.jpg","contentUrl":"https:\/\/www.monaco-tribune.com\/wp-content\/uploads\/2024\/02\/mpl-050224-officiels-\u00a9manuel-vitali-direction-de-la-communication-.jpg","width":1200,"height":800,"caption":"From left to right: Laurence Garino, S.E. M. Pierre Dartout, Chlo\u00e9 Leclercq, Fr\u00e9d\u00e9ric Genta. Chlo\u00e9 Leclercq recently succeeded Michel Bouquier at the head of the MPL, an international network created in 2009 - \u00a9 Manuel Vitali - Communication Department"},{"@type":"BreadcrumbList","@id":"https:\/\/www.monaco-tribune.com\/en\/2024\/02\/monaco-private-label-evolving-to-enhance-monacos-attractiveness\/#breadcrumb","itemListElement":[{"@type":"ListItem","position":1,"name":"Accueil","item":"https:\/\/www.monaco-tribune.com\/en\/"},{"@type":"ListItem","position":2,"name":"Monaco Private Label evolving to enhance Monaco&#8217;s attractiveness"}]},{"@type":"WebSite","@id":"https:\/\/www.monaco-tribune.com\/en\/#website","url":"https:\/\/www.monaco-tribune.com\/en\/","name":"Monaco Tribune","description":"Monaco : actualit\u00e9s \u00e9conomiques, politiques, culturelles et sportives de Monaco et de la French Riviera.","publisher":{"@id":"https:\/\/www.monaco-tribune.com\/en\/#organization"},"potentialAction":[{"@type":"SearchAction","target":{"@type":"EntryPoint","urlTemplate":"https:\/\/www.monaco-tribune.com\/en\/?s={search_term_string}"},"query-input":{"@type":"PropertyValueSpecification","valueRequired":true,"valueName":"search_term_string"}}],"inLanguage":"en-US"},{"@type":"Organization","@id":"https:\/\/www.monaco-tribune.com\/en\/#organization","name":"Monaco Tribune","url":"https:\/\/www.monaco-tribune.com\/en\/","logo":{"@type":"ImageObject","inLanguage":"en-US","@id":"https:\/\/www.monaco-tribune.com\/en\/#\/schema\/logo\/image\/","url":"https:\/\/www.monaco-tribune.com\/wp-content\/uploads\/2022\/11\/logo-monaco-tribune.png","contentUrl":"https:\/\/www.monaco-tribune.com\/wp-content\/uploads\/2022\/11\/logo-monaco-tribune.png","width":1548,"height":600,"caption":"Monaco Tribune"},"image":{"@id":"https:\/\/www.monaco-tribune.com\/en\/#\/schema\/logo\/image\/"},"sameAs":["https:\/\/www.facebook.com\/MonacoTribune","https:\/\/x.com\/MonacoTribune","https:\/\/www.instagram.com\/monacotribune\/","https:\/\/www.linkedin.com\/company\/monaco-tribune","https:\/\/www.youtube.com\/channel\/UCHle1MnG6hw1y4lWKijVbMA"]},{"@type":"Person","@id":"https:\/\/www.monaco-tribune.com\/en\/#\/schema\/person\/dd3b5770833f791d3f4d808f1aa84499","name":"Sarah Incari","image":{"@type":"ImageObject","inLanguage":"en-US","@id":"https:\/\/secure.gravatar.com\/avatar\/4ac0b37be892d57107ccdd804e3f2a03bf1e3fca097512136d3603859293cb0e?s=96&d=mm&r=g","url":"https:\/\/secure.gravatar.com\/avatar\/4ac0b37be892d57107ccdd804e3f2a03bf1e3fca097512136d3603859293cb0e?s=96&d=mm&r=g","contentUrl":"https:\/\/secure.gravatar.com\/avatar\/4ac0b37be892d57107ccdd804e3f2a03bf1e3fca097512136d3603859293cb0e?s=96&d=mm&r=g","caption":"Sarah Incari"},"url":"https:\/\/www.monaco-tribune.com\/en\/author\/sarahincari\/"}]}},"_links":{"self":[{"href":"https:\/\/www.monaco-tribune.com\/en\/wp-json\/wp\/v2\/posts\/216849","targetHints":{"allow":["GET"]}}],"collection":[{"href":"https:\/\/www.monaco-tribune.com\/en\/wp-json\/wp\/v2\/posts"}],"about":[{"href":"https:\/\/www.monaco-tribune.com\/en\/wp-json\/wp\/v2\/types\/post"}],"author":[{"embeddable":true,"href":"https:\/\/www.monaco-tribune.com\/en\/wp-json\/wp\/v2\/users\/69"}],"replies":[{"embeddable":true,"href":"https:\/\/www.monaco-tribune.com\/en\/wp-json\/wp\/v2\/comments?post=216849"}],"version-history":[{"count":2,"href":"https:\/\/www.monaco-tribune.com\/en\/wp-json\/wp\/v2\/posts\/216849\/revisions"}],"predecessor-version":[{"id":216858,"href":"https:\/\/www.monaco-tribune.com\/en\/wp-json\/wp\/v2\/posts\/216849\/revisions\/216858"}],"wp:featuredmedia":[{"embeddable":true,"href":"https:\/\/www.monaco-tribune.com\/en\/wp-json\/wp\/v2\/media\/216304"}],"wp:attachment":[{"href":"https:\/\/www.monaco-tribune.com\/en\/wp-json\/wp\/v2\/media?parent=216849"}],"wp:term":[{"taxonomy":"category","embeddable":true,"href":"https:\/\/www.monaco-tribune.com\/en\/wp-json\/wp\/v2\/categories?post=216849"},{"taxonomy":"post_tag","embeddable":true,"href":"https:\/\/www.monaco-tribune.com\/en\/wp-json\/wp\/v2\/tags?post=216849"},{"taxonomy":"sectag","embeddable":true,"href":"https:\/\/www.monaco-tribune.com\/en\/wp-json\/wp\/v2\/post_sectags?post=216849"},{"taxonomy":"format","embeddable":true,"href":"https:\/\/www.monaco-tribune.com\/en\/wp-json\/wp\/v2\/post_format?post=216849"}],"curies":[{"name":"wp","href":"https:\/\/api.w.org\/{rel}","templated":true}]}}