{"id":226610,"date":"2024-04-08T10:52:54","date_gmt":"2024-04-08T08:52:54","guid":{"rendered":"https:\/\/www.monaco-tribune.com\/2024\/04\/princely-family-together-for-amazonico-launch\/"},"modified":"2024-04-08T10:56:51","modified_gmt":"2024-04-08T08:56:51","slug":"princely-family-together-for-amazonico-launch","status":"publish","type":"post","link":"https:\/\/www.monaco-tribune.com\/en\/2024\/04\/princely-family-together-for-amazonico-launch\/","title":{"rendered":"Princely Family together for Amaz\u00f3nico launch"},"content":{"rendered":"\n<p><strong>Looking for something exotic? We&#8217;ve got you covered and you don&#8217;t even need to take a flight! Thanks to the new restaurant, bar and lounge by the Monte-Carlo Soci\u00e9t\u00e9 des Bains de Mer (SBM) you&#8217;re headed to the Amazon!<\/strong><\/p>\n\n<p>The inauguration of the festive fine dining establishment took place on Thursday evening, April 4, with the Princely Family, the Minister of State and many other prominent Principality figures in attendance. Created by Sandro Silva and Marta Seco in Madrid in 2016, then in London and Dubai, the concept has just arrived in Monaco. The first customers were welcomed on Friday. <\/p>\n\n<figure class=\"wp-block-gallery has-nested-images columns-1 is-cropped wp-block-gallery-1 is-layout-flex wp-block-gallery-is-layout-flex\">\n<figure class=\"wp-block-image size-full\"><img loading=\"lazy\" decoding=\"async\" width=\"1200\" height=\"800\" data-id=\"226422\" src=\"https:\/\/www.monaco-tribune.com\/wp-content\/uploads\/2024\/04\/amazonico-inauguration-sbm.jpg\" alt=\"amazonico-inauguration-sbm\" class=\"wp-image-226422\" srcset=\"https:\/\/www.monaco-tribune.com\/wp-content\/uploads\/2024\/04\/amazonico-inauguration-sbm.jpg 1200w, https:\/\/www.monaco-tribune.com\/wp-content\/uploads\/2024\/04\/amazonico-inauguration-sbm-450x300.jpg 450w, https:\/\/www.monaco-tribune.com\/wp-content\/uploads\/2024\/04\/amazonico-inauguration-sbm-1024x683.jpg 1024w\" sizes=\"auto, (max-width: 1200px) 100vw, 1200px\" \/><\/figure>\n\n\n\n<figure class=\"wp-block-image size-full\"><img loading=\"lazy\" decoding=\"async\" width=\"1200\" height=\"800\" data-id=\"226418\" src=\"https:\/\/www.monaco-tribune.com\/wp-content\/uploads\/2024\/04\/amazonico-inauguration-prince.jpg\" alt=\"amazonico-inauguration-prince\" class=\"wp-image-226418\" srcset=\"https:\/\/www.monaco-tribune.com\/wp-content\/uploads\/2024\/04\/amazonico-inauguration-prince.jpg 1200w, https:\/\/www.monaco-tribune.com\/wp-content\/uploads\/2024\/04\/amazonico-inauguration-prince-450x300.jpg 450w, https:\/\/www.monaco-tribune.com\/wp-content\/uploads\/2024\/04\/amazonico-inauguration-prince-1024x683.jpg 1024w\" sizes=\"auto, (max-width: 1200px) 100vw, 1200px\" \/><\/figure>\n\n\n\n<figure class=\"wp-block-image size-full\"><img loading=\"lazy\" decoding=\"async\" width=\"1200\" height=\"800\" data-id=\"226414\" src=\"https:\/\/www.monaco-tribune.com\/wp-content\/uploads\/2024\/04\/amazonico-inauguration-restaurant.jpg\" alt=\"amazonico-inauguration-restaurant\" class=\"wp-image-226414\" srcset=\"https:\/\/www.monaco-tribune.com\/wp-content\/uploads\/2024\/04\/amazonico-inauguration-restaurant.jpg 1200w, https:\/\/www.monaco-tribune.com\/wp-content\/uploads\/2024\/04\/amazonico-inauguration-restaurant-450x300.jpg 450w, https:\/\/www.monaco-tribune.com\/wp-content\/uploads\/2024\/04\/amazonico-inauguration-restaurant-1024x683.jpg 1024w\" sizes=\"auto, (max-width: 1200px) 100vw, 1200px\" \/><\/figure>\n\n\n\n<figure class=\"wp-block-image size-full\"><img loading=\"lazy\" decoding=\"async\" width=\"1200\" height=\"800\" data-id=\"226410\" src=\"https:\/\/www.monaco-tribune.com\/wp-content\/uploads\/2024\/04\/amazonico-inauguration.jpg\" alt=\"amazonico-inauguration\" class=\"wp-image-226410\" srcset=\"https:\/\/www.monaco-tribune.com\/wp-content\/uploads\/2024\/04\/amazonico-inauguration.jpg 1200w, https:\/\/www.monaco-tribune.com\/wp-content\/uploads\/2024\/04\/amazonico-inauguration-450x300.jpg 450w, https:\/\/www.monaco-tribune.com\/wp-content\/uploads\/2024\/04\/amazonico-inauguration-1024x683.jpg 1024w\" sizes=\"auto, (max-width: 1200px) 100vw, 1200px\" \/><\/figure>\n\n\n\n<figure class=\"wp-block-image size-full\"><img loading=\"lazy\" decoding=\"async\" width=\"1200\" height=\"800\" data-id=\"226406\" src=\"https:\/\/www.monaco-tribune.com\/wp-content\/uploads\/2024\/04\/amazonico.jpg\" alt=\"amazonico\" class=\"wp-image-226406\" srcset=\"https:\/\/www.monaco-tribune.com\/wp-content\/uploads\/2024\/04\/amazonico.jpg 1200w, https:\/\/www.monaco-tribune.com\/wp-content\/uploads\/2024\/04\/amazonico-450x300.jpg 450w, https:\/\/www.monaco-tribune.com\/wp-content\/uploads\/2024\/04\/amazonico-1024x683.jpg 1024w\" sizes=\"auto, (max-width: 1200px) 100vw, 1200px\" \/><\/figure>\n<\/figure>\n\n<p class=\"has-text-align-center\"><em>The design, inspired by nature, is the brainchild of artist and decorator L\u00e1zaro Rosa-Violan &#8211; \u00a9 Communication Department \/ St\u00e9phane Danna<\/em><\/p>\n\n<p><i>&#8220;E<em>nhancing our gastronomic offering, while opening up to the world, is right at the heart of our strategy, building on our heritage<\/em>,&#8221;<\/i>\u00a0<a href=\"https:\/\/www.monaco-tribune.com\/en\/2024\/03\/amazonico-monte-carlo-new-festive-and-gourmet-rooftop-opens-on-5-april\/\">said St\u00e9phane Valeri, Chairman and CEO of SBM<\/a>. And the menu, which combines Asian, Latin American and Mediterranean flavours, as well as Monegasque specialities, will enable you to discover gourmet food from all over the world. The pleasant musical atmosphere is provided by live performances of jazz, bossa nova and Cuban music.<\/p>\n","protected":false},"excerpt":{"rendered":"<p>Looking for something exotic? We&#8217;ve got you covered and you don&#8217;t even need to take a flight! Thanks to the [&hellip;]<\/p>\n","protected":false},"author":69,"featured_media":226427,"comment_status":"closed","ping_status":"closed","sticky":false,"template":"","format":"standard","meta":{"_acf_changed":false,"footnotes":""},"categories":[1825,243,254],"tags":[2862],"post_sectags":[4156],"post_format":[2462],"class_list":["post-226610","post","type-post","status-publish","format-standard","has-post-thumbnail","hentry","category-editors-choice","category-news","category-people-en","tag-monte-carlo-sbm-en","sectag-fine-dining","format-photos-en"],"acf":[],"yoast_head":"<!-- This site is optimized with the Yoast SEO Premium plugin v26.8 (Yoast SEO v27.4) - https:\/\/yoast.com\/product\/yoast-seo-premium-wordpress\/ -->\n<title>Princely Family together for Amaz\u00f3nico launch<\/title>\n<meta name=\"description\" content=\"Looking for something exotic? We&#039;ve got you covered and you don&#039;t even need to take a flight! Thanks to the new restaurant, bar and lounge by the\" \/>\n<meta name=\"robots\" content=\"index, follow, max-snippet:-1, max-image-preview:large, max-video-preview:-1\" \/>\n<link rel=\"canonical\" href=\"https:\/\/www.monaco-tribune.com\/en\/2024\/04\/princely-family-together-for-amazonico-launch\/\" \/>\n<meta property=\"og:locale\" content=\"en_US\" \/>\n<meta property=\"og:type\" content=\"article\" \/>\n<meta property=\"og:title\" content=\"Princely Family together for Amaz\u00f3nico launch - Monaco Tribune\" \/>\n<meta property=\"og:description\" content=\"Looking for something exotic? We&#039;ve got you covered and you don&#039;t even need to take a flight! Thanks to the new restaurant, bar and lounge by the\" \/>\n<meta property=\"og:url\" content=\"https:\/\/www.monaco-tribune.com\/en\/2024\/04\/princely-family-together-for-amazonico-launch\/\" \/>\n<meta property=\"og:site_name\" content=\"Monaco Tribune\" \/>\n<meta property=\"article:publisher\" content=\"https:\/\/www.facebook.com\/MonacoTribune\" \/>\n<meta property=\"article:published_time\" content=\"2024-04-08T08:52:54+00:00\" \/>\n<meta property=\"article:modified_time\" content=\"2024-04-08T08:56:51+00:00\" \/>\n<meta property=\"og:image\" content=\"https:\/\/www.monaco-tribune.com\/wp-content\/uploads\/2024\/04\/amazonico-inauguration-famille-princiere.jpg\" \/>\n\t<meta property=\"og:image:width\" content=\"1200\" \/>\n\t<meta property=\"og:image:height\" content=\"800\" \/>\n\t<meta property=\"og:image:type\" content=\"image\/jpeg\" \/>\n<meta name=\"author\" content=\"Sarah Incari\" \/>\n<meta name=\"twitter:card\" content=\"summary_large_image\" \/>\n<meta name=\"twitter:creator\" content=\"@MonacoTribune\" \/>\n<meta name=\"twitter:site\" content=\"@MonacoTribune\" \/>\n<script type=\"application\/ld+json\" class=\"yoast-schema-graph\">{\"@context\":\"https:\\\/\\\/schema.org\",\"@graph\":[{\"@type\":\"NewsArticle\",\"@id\":\"https:\\\/\\\/www.monaco-tribune.com\\\/en\\\/2024\\\/04\\\/princely-family-together-for-amazonico-launch\\\/#article\",\"isPartOf\":{\"@id\":\"https:\\\/\\\/www.monaco-tribune.com\\\/en\\\/2024\\\/04\\\/princely-family-together-for-amazonico-launch\\\/\"},\"author\":{\"name\":\"Sarah Incari\",\"@id\":\"https:\\\/\\\/www.monaco-tribune.com\\\/en\\\/#\\\/schema\\\/person\\\/dd3b5770833f791d3f4d808f1aa84499\"},\"headline\":\"Princely Family together for Amaz\u00f3nico launch\",\"datePublished\":\"2024-04-08T08:52:54+00:00\",\"dateModified\":\"2024-04-08T08:56:51+00:00\",\"mainEntityOfPage\":{\"@id\":\"https:\\\/\\\/www.monaco-tribune.com\\\/en\\\/2024\\\/04\\\/princely-family-together-for-amazonico-launch\\\/\"},\"wordCount\":205,\"publisher\":{\"@id\":\"https:\\\/\\\/www.monaco-tribune.com\\\/en\\\/#organization\"},\"image\":{\"@id\":\"https:\\\/\\\/www.monaco-tribune.com\\\/en\\\/2024\\\/04\\\/princely-family-together-for-amazonico-launch\\\/#primaryimage\"},\"thumbnailUrl\":\"https:\\\/\\\/www.monaco-tribune.com\\\/wp-content\\\/uploads\\\/2024\\\/04\\\/amazonico-inauguration-famille-princiere.jpg\",\"keywords\":[\"Monte-Carlo SBM\"],\"articleSection\":[\"Editor&#039;s choice\",\"News\",\"Princely Family\"],\"inLanguage\":\"en-US\",\"copyrightYear\":\"2024\",\"copyrightHolder\":{\"@id\":\"https:\\\/\\\/www.monaco-tribune.com\\\/#organization\"}},{\"@type\":\"WebPage\",\"@id\":\"https:\\\/\\\/www.monaco-tribune.com\\\/en\\\/2024\\\/04\\\/princely-family-together-for-amazonico-launch\\\/\",\"url\":\"https:\\\/\\\/www.monaco-tribune.com\\\/en\\\/2024\\\/04\\\/princely-family-together-for-amazonico-launch\\\/\",\"name\":\"Princely Family together for Amaz\u00f3nico launch\",\"isPartOf\":{\"@id\":\"https:\\\/\\\/www.monaco-tribune.com\\\/en\\\/#website\"},\"primaryImageOfPage\":{\"@id\":\"https:\\\/\\\/www.monaco-tribune.com\\\/en\\\/2024\\\/04\\\/princely-family-together-for-amazonico-launch\\\/#primaryimage\"},\"image\":{\"@id\":\"https:\\\/\\\/www.monaco-tribune.com\\\/en\\\/2024\\\/04\\\/princely-family-together-for-amazonico-launch\\\/#primaryimage\"},\"thumbnailUrl\":\"https:\\\/\\\/www.monaco-tribune.com\\\/wp-content\\\/uploads\\\/2024\\\/04\\\/amazonico-inauguration-famille-princiere.jpg\",\"datePublished\":\"2024-04-08T08:52:54+00:00\",\"dateModified\":\"2024-04-08T08:56:51+00:00\",\"description\":\"Looking for something exotic? We've got you covered and you don't even need to take a flight! Thanks to the new restaurant, bar and lounge by the\",\"breadcrumb\":{\"@id\":\"https:\\\/\\\/www.monaco-tribune.com\\\/en\\\/2024\\\/04\\\/princely-family-together-for-amazonico-launch\\\/#breadcrumb\"},\"inLanguage\":\"en-US\",\"potentialAction\":[{\"@type\":\"ReadAction\",\"target\":[\"https:\\\/\\\/www.monaco-tribune.com\\\/en\\\/2024\\\/04\\\/princely-family-together-for-amazonico-launch\\\/\"]}]},{\"@type\":\"ImageObject\",\"inLanguage\":\"en-US\",\"@id\":\"https:\\\/\\\/www.monaco-tribune.com\\\/en\\\/2024\\\/04\\\/princely-family-together-for-amazonico-launch\\\/#primaryimage\",\"url\":\"https:\\\/\\\/www.monaco-tribune.com\\\/wp-content\\\/uploads\\\/2024\\\/04\\\/amazonico-inauguration-famille-princiere.jpg\",\"contentUrl\":\"https:\\\/\\\/www.monaco-tribune.com\\\/wp-content\\\/uploads\\\/2024\\\/04\\\/amazonico-inauguration-famille-princiere.jpg\",\"width\":1200,\"height\":800,\"caption\":\"After Madrid, London and Dubai, Amaz\u00f3nico has come to the Principality's Carr\u00e9 d'Or, above the Caf\u00e9 de Paris - \u00a9 Communication Department \\\/ St\u00e9phane Danna\"},{\"@type\":\"BreadcrumbList\",\"@id\":\"https:\\\/\\\/www.monaco-tribune.com\\\/en\\\/2024\\\/04\\\/princely-family-together-for-amazonico-launch\\\/#breadcrumb\",\"itemListElement\":[{\"@type\":\"ListItem\",\"position\":1,\"name\":\"Accueil\",\"item\":\"https:\\\/\\\/www.monaco-tribune.com\\\/en\\\/\"},{\"@type\":\"ListItem\",\"position\":2,\"name\":\"Princely Family together for Amaz\u00f3nico launch\"}]},{\"@type\":\"WebSite\",\"@id\":\"https:\\\/\\\/www.monaco-tribune.com\\\/en\\\/#website\",\"url\":\"https:\\\/\\\/www.monaco-tribune.com\\\/en\\\/\",\"name\":\"Monaco Tribune\",\"description\":\"Monaco : actualit\u00e9s \u00e9conomiques, politiques, culturelles et sportives de Monaco et de la French Riviera.\",\"publisher\":{\"@id\":\"https:\\\/\\\/www.monaco-tribune.com\\\/en\\\/#organization\"},\"potentialAction\":[{\"@type\":\"SearchAction\",\"target\":{\"@type\":\"EntryPoint\",\"urlTemplate\":\"https:\\\/\\\/www.monaco-tribune.com\\\/en\\\/?s={search_term_string}\"},\"query-input\":{\"@type\":\"PropertyValueSpecification\",\"valueRequired\":true,\"valueName\":\"search_term_string\"}}],\"inLanguage\":\"en-US\"},{\"@type\":\"Organization\",\"@id\":\"https:\\\/\\\/www.monaco-tribune.com\\\/en\\\/#organization\",\"name\":\"Monaco Tribune\",\"url\":\"https:\\\/\\\/www.monaco-tribune.com\\\/en\\\/\",\"logo\":{\"@type\":\"ImageObject\",\"inLanguage\":\"en-US\",\"@id\":\"https:\\\/\\\/www.monaco-tribune.com\\\/en\\\/#\\\/schema\\\/logo\\\/image\\\/\",\"url\":\"https:\\\/\\\/www.monaco-tribune.com\\\/wp-content\\\/uploads\\\/2022\\\/11\\\/logo-monaco-tribune.png\",\"contentUrl\":\"https:\\\/\\\/www.monaco-tribune.com\\\/wp-content\\\/uploads\\\/2022\\\/11\\\/logo-monaco-tribune.png\",\"width\":1548,\"height\":600,\"caption\":\"Monaco Tribune\"},\"image\":{\"@id\":\"https:\\\/\\\/www.monaco-tribune.com\\\/en\\\/#\\\/schema\\\/logo\\\/image\\\/\"},\"sameAs\":[\"https:\\\/\\\/www.facebook.com\\\/MonacoTribune\",\"https:\\\/\\\/x.com\\\/MonacoTribune\",\"https:\\\/\\\/www.instagram.com\\\/monacotribune\\\/\",\"https:\\\/\\\/www.linkedin.com\\\/company\\\/monaco-tribune\",\"https:\\\/\\\/www.youtube.com\\\/channel\\\/UCHle1MnG6hw1y4lWKijVbMA\"]},{\"@type\":\"Person\",\"@id\":\"https:\\\/\\\/www.monaco-tribune.com\\\/en\\\/#\\\/schema\\\/person\\\/dd3b5770833f791d3f4d808f1aa84499\",\"name\":\"Sarah Incari\",\"image\":{\"@type\":\"ImageObject\",\"inLanguage\":\"en-US\",\"@id\":\"https:\\\/\\\/secure.gravatar.com\\\/avatar\\\/4ac0b37be892d57107ccdd804e3f2a03bf1e3fca097512136d3603859293cb0e?s=96&d=mm&r=g\",\"url\":\"https:\\\/\\\/secure.gravatar.com\\\/avatar\\\/4ac0b37be892d57107ccdd804e3f2a03bf1e3fca097512136d3603859293cb0e?s=96&d=mm&r=g\",\"contentUrl\":\"https:\\\/\\\/secure.gravatar.com\\\/avatar\\\/4ac0b37be892d57107ccdd804e3f2a03bf1e3fca097512136d3603859293cb0e?s=96&d=mm&r=g\",\"caption\":\"Sarah Incari\"},\"url\":\"https:\\\/\\\/www.monaco-tribune.com\\\/en\\\/author\\\/sarahincari\\\/\"}]}<\/script>\n<!-- \/ Yoast SEO Premium plugin. -->","yoast_head_json":{"title":"Princely Family together for Amaz\u00f3nico launch","description":"Looking for something exotic? We've got you covered and you don't even need to take a flight! Thanks to the new restaurant, bar and lounge by the","robots":{"index":"index","follow":"follow","max-snippet":"max-snippet:-1","max-image-preview":"max-image-preview:large","max-video-preview":"max-video-preview:-1"},"canonical":"https:\/\/www.monaco-tribune.com\/en\/2024\/04\/princely-family-together-for-amazonico-launch\/","og_locale":"en_US","og_type":"article","og_title":"Princely Family together for Amaz\u00f3nico launch - Monaco Tribune","og_description":"Looking for something exotic? We've got you covered and you don't even need to take a flight! Thanks to the new restaurant, bar and lounge by the","og_url":"https:\/\/www.monaco-tribune.com\/en\/2024\/04\/princely-family-together-for-amazonico-launch\/","og_site_name":"Monaco Tribune","article_publisher":"https:\/\/www.facebook.com\/MonacoTribune","article_published_time":"2024-04-08T08:52:54+00:00","article_modified_time":"2024-04-08T08:56:51+00:00","og_image":[{"width":1200,"height":800,"url":"https:\/\/www.monaco-tribune.com\/wp-content\/uploads\/2024\/04\/amazonico-inauguration-famille-princiere.jpg","type":"image\/jpeg"}],"author":"Sarah Incari","twitter_card":"summary_large_image","twitter_creator":"@MonacoTribune","twitter_site":"@MonacoTribune","schema":{"@context":"https:\/\/schema.org","@graph":[{"@type":"NewsArticle","@id":"https:\/\/www.monaco-tribune.com\/en\/2024\/04\/princely-family-together-for-amazonico-launch\/#article","isPartOf":{"@id":"https:\/\/www.monaco-tribune.com\/en\/2024\/04\/princely-family-together-for-amazonico-launch\/"},"author":{"name":"Sarah Incari","@id":"https:\/\/www.monaco-tribune.com\/en\/#\/schema\/person\/dd3b5770833f791d3f4d808f1aa84499"},"headline":"Princely Family together for Amaz\u00f3nico launch","datePublished":"2024-04-08T08:52:54+00:00","dateModified":"2024-04-08T08:56:51+00:00","mainEntityOfPage":{"@id":"https:\/\/www.monaco-tribune.com\/en\/2024\/04\/princely-family-together-for-amazonico-launch\/"},"wordCount":205,"publisher":{"@id":"https:\/\/www.monaco-tribune.com\/en\/#organization"},"image":{"@id":"https:\/\/www.monaco-tribune.com\/en\/2024\/04\/princely-family-together-for-amazonico-launch\/#primaryimage"},"thumbnailUrl":"https:\/\/www.monaco-tribune.com\/wp-content\/uploads\/2024\/04\/amazonico-inauguration-famille-princiere.jpg","keywords":["Monte-Carlo SBM"],"articleSection":["Editor&#039;s choice","News","Princely Family"],"inLanguage":"en-US","copyrightYear":"2024","copyrightHolder":{"@id":"https:\/\/www.monaco-tribune.com\/#organization"}},{"@type":"WebPage","@id":"https:\/\/www.monaco-tribune.com\/en\/2024\/04\/princely-family-together-for-amazonico-launch\/","url":"https:\/\/www.monaco-tribune.com\/en\/2024\/04\/princely-family-together-for-amazonico-launch\/","name":"Princely Family together for Amaz\u00f3nico launch","isPartOf":{"@id":"https:\/\/www.monaco-tribune.com\/en\/#website"},"primaryImageOfPage":{"@id":"https:\/\/www.monaco-tribune.com\/en\/2024\/04\/princely-family-together-for-amazonico-launch\/#primaryimage"},"image":{"@id":"https:\/\/www.monaco-tribune.com\/en\/2024\/04\/princely-family-together-for-amazonico-launch\/#primaryimage"},"thumbnailUrl":"https:\/\/www.monaco-tribune.com\/wp-content\/uploads\/2024\/04\/amazonico-inauguration-famille-princiere.jpg","datePublished":"2024-04-08T08:52:54+00:00","dateModified":"2024-04-08T08:56:51+00:00","description":"Looking for something exotic? We've got you covered and you don't even need to take a flight! Thanks to the new restaurant, bar and lounge by the","breadcrumb":{"@id":"https:\/\/www.monaco-tribune.com\/en\/2024\/04\/princely-family-together-for-amazonico-launch\/#breadcrumb"},"inLanguage":"en-US","potentialAction":[{"@type":"ReadAction","target":["https:\/\/www.monaco-tribune.com\/en\/2024\/04\/princely-family-together-for-amazonico-launch\/"]}]},{"@type":"ImageObject","inLanguage":"en-US","@id":"https:\/\/www.monaco-tribune.com\/en\/2024\/04\/princely-family-together-for-amazonico-launch\/#primaryimage","url":"https:\/\/www.monaco-tribune.com\/wp-content\/uploads\/2024\/04\/amazonico-inauguration-famille-princiere.jpg","contentUrl":"https:\/\/www.monaco-tribune.com\/wp-content\/uploads\/2024\/04\/amazonico-inauguration-famille-princiere.jpg","width":1200,"height":800,"caption":"After Madrid, London and Dubai, Amaz\u00f3nico has come to the Principality's Carr\u00e9 d'Or, above the Caf\u00e9 de Paris - \u00a9 Communication Department \/ St\u00e9phane Danna"},{"@type":"BreadcrumbList","@id":"https:\/\/www.monaco-tribune.com\/en\/2024\/04\/princely-family-together-for-amazonico-launch\/#breadcrumb","itemListElement":[{"@type":"ListItem","position":1,"name":"Accueil","item":"https:\/\/www.monaco-tribune.com\/en\/"},{"@type":"ListItem","position":2,"name":"Princely Family together for Amaz\u00f3nico launch"}]},{"@type":"WebSite","@id":"https:\/\/www.monaco-tribune.com\/en\/#website","url":"https:\/\/www.monaco-tribune.com\/en\/","name":"Monaco Tribune","description":"Monaco : actualit\u00e9s \u00e9conomiques, politiques, culturelles et sportives de Monaco et de la French Riviera.","publisher":{"@id":"https:\/\/www.monaco-tribune.com\/en\/#organization"},"potentialAction":[{"@type":"SearchAction","target":{"@type":"EntryPoint","urlTemplate":"https:\/\/www.monaco-tribune.com\/en\/?s={search_term_string}"},"query-input":{"@type":"PropertyValueSpecification","valueRequired":true,"valueName":"search_term_string"}}],"inLanguage":"en-US"},{"@type":"Organization","@id":"https:\/\/www.monaco-tribune.com\/en\/#organization","name":"Monaco Tribune","url":"https:\/\/www.monaco-tribune.com\/en\/","logo":{"@type":"ImageObject","inLanguage":"en-US","@id":"https:\/\/www.monaco-tribune.com\/en\/#\/schema\/logo\/image\/","url":"https:\/\/www.monaco-tribune.com\/wp-content\/uploads\/2022\/11\/logo-monaco-tribune.png","contentUrl":"https:\/\/www.monaco-tribune.com\/wp-content\/uploads\/2022\/11\/logo-monaco-tribune.png","width":1548,"height":600,"caption":"Monaco Tribune"},"image":{"@id":"https:\/\/www.monaco-tribune.com\/en\/#\/schema\/logo\/image\/"},"sameAs":["https:\/\/www.facebook.com\/MonacoTribune","https:\/\/x.com\/MonacoTribune","https:\/\/www.instagram.com\/monacotribune\/","https:\/\/www.linkedin.com\/company\/monaco-tribune","https:\/\/www.youtube.com\/channel\/UCHle1MnG6hw1y4lWKijVbMA"]},{"@type":"Person","@id":"https:\/\/www.monaco-tribune.com\/en\/#\/schema\/person\/dd3b5770833f791d3f4d808f1aa84499","name":"Sarah Incari","image":{"@type":"ImageObject","inLanguage":"en-US","@id":"https:\/\/secure.gravatar.com\/avatar\/4ac0b37be892d57107ccdd804e3f2a03bf1e3fca097512136d3603859293cb0e?s=96&d=mm&r=g","url":"https:\/\/secure.gravatar.com\/avatar\/4ac0b37be892d57107ccdd804e3f2a03bf1e3fca097512136d3603859293cb0e?s=96&d=mm&r=g","contentUrl":"https:\/\/secure.gravatar.com\/avatar\/4ac0b37be892d57107ccdd804e3f2a03bf1e3fca097512136d3603859293cb0e?s=96&d=mm&r=g","caption":"Sarah Incari"},"url":"https:\/\/www.monaco-tribune.com\/en\/author\/sarahincari\/"}]}},"_links":{"self":[{"href":"https:\/\/www.monaco-tribune.com\/en\/wp-json\/wp\/v2\/posts\/226610","targetHints":{"allow":["GET"]}}],"collection":[{"href":"https:\/\/www.monaco-tribune.com\/en\/wp-json\/wp\/v2\/posts"}],"about":[{"href":"https:\/\/www.monaco-tribune.com\/en\/wp-json\/wp\/v2\/types\/post"}],"author":[{"embeddable":true,"href":"https:\/\/www.monaco-tribune.com\/en\/wp-json\/wp\/v2\/users\/69"}],"replies":[{"embeddable":true,"href":"https:\/\/www.monaco-tribune.com\/en\/wp-json\/wp\/v2\/comments?post=226610"}],"version-history":[{"count":2,"href":"https:\/\/www.monaco-tribune.com\/en\/wp-json\/wp\/v2\/posts\/226610\/revisions"}],"predecessor-version":[{"id":226616,"href":"https:\/\/www.monaco-tribune.com\/en\/wp-json\/wp\/v2\/posts\/226610\/revisions\/226616"}],"wp:featuredmedia":[{"embeddable":true,"href":"https:\/\/www.monaco-tribune.com\/en\/wp-json\/wp\/v2\/media\/226427"}],"wp:attachment":[{"href":"https:\/\/www.monaco-tribune.com\/en\/wp-json\/wp\/v2\/media?parent=226610"}],"wp:term":[{"taxonomy":"category","embeddable":true,"href":"https:\/\/www.monaco-tribune.com\/en\/wp-json\/wp\/v2\/categories?post=226610"},{"taxonomy":"post_tag","embeddable":true,"href":"https:\/\/www.monaco-tribune.com\/en\/wp-json\/wp\/v2\/tags?post=226610"},{"taxonomy":"sectag","embeddable":true,"href":"https:\/\/www.monaco-tribune.com\/en\/wp-json\/wp\/v2\/post_sectags?post=226610"},{"taxonomy":"format","embeddable":true,"href":"https:\/\/www.monaco-tribune.com\/en\/wp-json\/wp\/v2\/post_format?post=226610"}],"curies":[{"name":"wp","href":"https:\/\/api.w.org\/{rel}","templated":true}]}}