{"id":22763,"date":"2020-03-03T13:00:25","date_gmt":"2020-03-03T12:00:25","guid":{"rendered":"https:\/\/www.monaco-tribune.com\/?p=22763"},"modified":"2020-11-22T21:47:43","modified_gmt":"2020-11-22T20:47:43","slug":"monaco-at-paris-fashion-week-pauline-ducruets-latest-collection-hits-runway","status":"publish","type":"post","link":"https:\/\/www.monaco-tribune.com\/en\/2020\/03\/monaco-at-paris-fashion-week-pauline-ducruets-latest-collection-hits-runway\/","title":{"rendered":"Monaco at Paris Fashion Week: Pauline Ducruet\u2019s latest collection hits runway"},"content":{"rendered":"<p>&nbsp;<\/p>\n<p><strong>At the height of Fashion Week last Wednesday, Princess St\u00e9phanie of Monaco\u2019s daughter Pauline Ducruet showcased her new unisex line at the modern and contemporary art centre Palais de Tokyo, Paris. It marks a return to the catwalk since the <a href=\"https:\/\/www.monaco-tribune.com\/2019\/06\/alter-designs-pauline-ducruet\/\">launch of Alter Designs<\/a>, her pr\u00eat-\u00e0-porter brand, in June 2019.<\/strong><\/p>\n<p>&nbsp;<\/p>\n<p>Her mother and half-sister, Camille Gottlieb, were seen on the front row and showed huge support for the emerging designer by sporting items from this season\u2019s designs. Ducruet dressed St\u00e9phanie in a silver pantsuit with a red coat, matching the one she wore herself, and her sister in a rough-hem mini dress.<\/p>\n<p>&nbsp;<\/p>\n<blockquote class=\"twitter-tweet\" data-width=\"500\" data-dnt=\"true\">\n<p lang=\"fr\" dir=\"ltr\">Pauline Ducruet, la fille de St\u00e9phanie de Monaco et Daniel Ducruet, a pr\u00e9sent\u00e9 au Palais de Tokyo ce mercredi sa nouvelle collection. C\u2019est en compagnie de sa m\u00e8re et de sa petite soeur Camille Gottlieb que la cr\u00e9atrice a c\u00e9l\u00e9br\u00e9 le succ\u00e8s de son d\u00e9fil\u00e9. <a href=\"https:\/\/t.co\/6842bv7Jlu\">pic.twitter.com\/6842bv7Jlu<\/a><\/p>\n<p>&mdash; Paris Match (@ParisMatch) <a href=\"https:\/\/twitter.com\/ParisMatch\/status\/1233090955961675776?ref_src=twsrc%5Etfw\">February 27, 2020<\/a><\/p><\/blockquote>\n<p><script async src=\"https:\/\/platform.twitter.com\/widgets.js\" charset=\"utf-8\"><\/script><\/p>\n<p>&nbsp;<\/p>\n<p><strong>Familiar inspiration for a universal product<\/strong><\/p>\n<p>&nbsp;<\/p>\n<p>Staying true to her uncle Prince Albert II&#8217;s commitment to environmental causes, the use of recycled jeans stood out amongst the flowing fabrics and loose cuts of the collection. Also, bold splashes of red and yellow satin made for a striking addition to her use of timeless silver-greys and blues.<\/p>\n<p>&nbsp;<\/p>\n<p>https:\/\/www.instagram.com\/p\/B9M2OW-o_GQ\/<\/p>\n<p>&nbsp;<\/p>\n<p>Her ready-to-wear brand heralds the idea that clothes should be made for people, not a gender, as revealed in an\u00a0<a href=\"https:\/\/www.elle.fr\/Mode\/Les-news-mode\/Pauline-Ducruet-lance-sa-premiere-collection-L-idee-c-est-de-proposer-des-belle-pieces-pour-une-personne-et-non-pour-un-genre-3843732\">interview with Elle<\/a>\u00a0this February.<\/p>\n<p>&nbsp;<\/p>\n<p>Whereas <a href=\"https:\/\/www.purepeople.com\/article\/pauline-ducruet-defile-a-paris-sa-mere-stephanie-l-applaudit-au-premier-rang_a376886\/1\">Pure People<\/a> tells us that the brand takes inspiration from her formative years in New York, where she studied at the Parsons School, the people around her played a crucial role in the shaping of this collection. She also mentions that her family and friends trialled the clothes before unveiling them at Paris Fashion Week to further ensure her vision of a ready-to-wear unisex line.<\/p>\n<p>&nbsp;<\/p>\n<p>In light of her\u00a0<a href=\"https:\/\/www.elle.fr\/Mode\/Les-news-mode\/Pauline-Ducruet-lance-sa-premiere-collection-L-idee-c-est-de-proposer-des-belle-pieces-pour-une-personne-et-non-pour-un-genre-3843732\">recent response<\/a> to critics that her status within the Princely Family of Monaco has boosted Alter Design\u2019s image, it is clear that her dedication to the industry and hard work has made for a successful show.<\/p>\n","protected":false},"excerpt":{"rendered":"<p>&nbsp; At the height of Fashion Week last Wednesday, Princess St\u00e9phanie of Monaco\u2019s daughter Pauline Ducruet showcased her new unisex [&hellip;]<\/p>\n","protected":false},"author":26,"featured_media":22764,"comment_status":"closed","ping_status":"open","sticky":false,"template":"","format":"standard","meta":{"_acf_changed":false,"footnotes":""},"categories":[254,251],"tags":[],"post_sectags":[],"post_format":[],"class_list":["post-22763","post","type-post","status-publish","format-standard","has-post-thumbnail","hentry","category-people-en","category-whats-on"],"acf":[],"yoast_head":"<!-- This site is optimized with the Yoast SEO Premium plugin v26.8 (Yoast SEO v27.4) - https:\/\/yoast.com\/product\/yoast-seo-premium-wordpress\/ -->\n<title>Monaco at Paris Fashion Week: Pauline Ducruet\u2019s latest collection hits runway<\/title>\n<meta name=\"description\" content=\"&nbsp; At the height of Fashion Week last Wednesday, Princess St\u00e9phanie of Monaco\u2019s daughter Pauline Ducruet showcased her new unisex line at the modern\" \/>\n<meta name=\"robots\" content=\"index, follow, max-snippet:-1, max-image-preview:large, max-video-preview:-1\" \/>\n<link rel=\"canonical\" href=\"https:\/\/www.monaco-tribune.com\/en\/2020\/03\/monaco-at-paris-fashion-week-pauline-ducruets-latest-collection-hits-runway\/\" \/>\n<meta property=\"og:locale\" content=\"en_US\" \/>\n<meta property=\"og:type\" content=\"article\" \/>\n<meta property=\"og:title\" content=\"Monaco at Paris Fashion Week: Pauline Ducruet\u2019s latest collection hits runway - Monaco Tribune\" \/>\n<meta property=\"og:description\" content=\"&nbsp; At the height of Fashion Week last Wednesday, Princess St\u00e9phanie of Monaco\u2019s daughter Pauline Ducruet showcased her new unisex line at the modern\" \/>\n<meta property=\"og:url\" content=\"https:\/\/www.monaco-tribune.com\/en\/2020\/03\/monaco-at-paris-fashion-week-pauline-ducruets-latest-collection-hits-runway\/\" \/>\n<meta property=\"og:site_name\" content=\"Monaco Tribune\" \/>\n<meta property=\"article:publisher\" content=\"https:\/\/www.facebook.com\/MonacoTribune\" \/>\n<meta property=\"article:published_time\" content=\"2020-03-03T12:00:25+00:00\" \/>\n<meta property=\"article:modified_time\" content=\"2020-11-22T20:47:43+00:00\" \/>\n<meta property=\"og:image\" content=\"https:\/\/www.monaco-tribune.com\/wp-content\/uploads\/2020\/03\/Alter-Designs-Pauline-Ducruet-Paris-Fashion-Week-2020.jpg\" \/>\n\t<meta property=\"og:image:width\" content=\"1440\" \/>\n\t<meta property=\"og:image:height\" content=\"960\" \/>\n\t<meta property=\"og:image:type\" content=\"image\/jpeg\" \/>\n<meta name=\"author\" content=\"Amy Cartledge\" \/>\n<meta name=\"twitter:card\" content=\"summary_large_image\" \/>\n<meta name=\"twitter:creator\" content=\"@MonacoTribune\" \/>\n<meta name=\"twitter:site\" content=\"@MonacoTribune\" \/>\n<script type=\"application\/ld+json\" class=\"yoast-schema-graph\">{\"@context\":\"https:\\\/\\\/schema.org\",\"@graph\":[{\"@type\":\"NewsArticle\",\"@id\":\"https:\\\/\\\/www.monaco-tribune.com\\\/en\\\/2020\\\/03\\\/monaco-at-paris-fashion-week-pauline-ducruets-latest-collection-hits-runway\\\/#article\",\"isPartOf\":{\"@id\":\"https:\\\/\\\/www.monaco-tribune.com\\\/en\\\/2020\\\/03\\\/monaco-at-paris-fashion-week-pauline-ducruets-latest-collection-hits-runway\\\/\"},\"author\":{\"name\":\"Amy Cartledge\",\"@id\":\"https:\\\/\\\/www.monaco-tribune.com\\\/en\\\/#\\\/schema\\\/person\\\/0dc76d3f32e52ffacdcc2a53b81750df\"},\"headline\":\"Monaco at Paris Fashion Week: Pauline Ducruet\u2019s latest collection hits runway\",\"datePublished\":\"2020-03-03T12:00:25+00:00\",\"dateModified\":\"2020-11-22T20:47:43+00:00\",\"mainEntityOfPage\":{\"@id\":\"https:\\\/\\\/www.monaco-tribune.com\\\/en\\\/2020\\\/03\\\/monaco-at-paris-fashion-week-pauline-ducruets-latest-collection-hits-runway\\\/\"},\"wordCount\":332,\"publisher\":{\"@id\":\"https:\\\/\\\/www.monaco-tribune.com\\\/en\\\/#organization\"},\"image\":{\"@id\":\"https:\\\/\\\/www.monaco-tribune.com\\\/en\\\/2020\\\/03\\\/monaco-at-paris-fashion-week-pauline-ducruets-latest-collection-hits-runway\\\/#primaryimage\"},\"thumbnailUrl\":\"https:\\\/\\\/www.monaco-tribune.com\\\/wp-content\\\/uploads\\\/2020\\\/03\\\/Alter-Designs-Pauline-Ducruet-Paris-Fashion-Week-2020.jpg\",\"articleSection\":[\"Princely Family\",\"What&#039;s on\"],\"inLanguage\":\"en-US\",\"copyrightYear\":\"2020\",\"copyrightHolder\":{\"@id\":\"https:\\\/\\\/www.monaco-tribune.com\\\/#organization\"}},{\"@type\":\"WebPage\",\"@id\":\"https:\\\/\\\/www.monaco-tribune.com\\\/en\\\/2020\\\/03\\\/monaco-at-paris-fashion-week-pauline-ducruets-latest-collection-hits-runway\\\/\",\"url\":\"https:\\\/\\\/www.monaco-tribune.com\\\/en\\\/2020\\\/03\\\/monaco-at-paris-fashion-week-pauline-ducruets-latest-collection-hits-runway\\\/\",\"name\":\"Monaco at Paris Fashion Week: Pauline Ducruet\u2019s latest collection hits runway\",\"isPartOf\":{\"@id\":\"https:\\\/\\\/www.monaco-tribune.com\\\/en\\\/#website\"},\"primaryImageOfPage\":{\"@id\":\"https:\\\/\\\/www.monaco-tribune.com\\\/en\\\/2020\\\/03\\\/monaco-at-paris-fashion-week-pauline-ducruets-latest-collection-hits-runway\\\/#primaryimage\"},\"image\":{\"@id\":\"https:\\\/\\\/www.monaco-tribune.com\\\/en\\\/2020\\\/03\\\/monaco-at-paris-fashion-week-pauline-ducruets-latest-collection-hits-runway\\\/#primaryimage\"},\"thumbnailUrl\":\"https:\\\/\\\/www.monaco-tribune.com\\\/wp-content\\\/uploads\\\/2020\\\/03\\\/Alter-Designs-Pauline-Ducruet-Paris-Fashion-Week-2020.jpg\",\"datePublished\":\"2020-03-03T12:00:25+00:00\",\"dateModified\":\"2020-11-22T20:47:43+00:00\",\"description\":\"&nbsp; At the height of Fashion Week last Wednesday, Princess St\u00e9phanie of Monaco\u2019s daughter Pauline Ducruet showcased her new unisex line at the modern\",\"breadcrumb\":{\"@id\":\"https:\\\/\\\/www.monaco-tribune.com\\\/en\\\/2020\\\/03\\\/monaco-at-paris-fashion-week-pauline-ducruets-latest-collection-hits-runway\\\/#breadcrumb\"},\"inLanguage\":\"en-US\",\"potentialAction\":[{\"@type\":\"ReadAction\",\"target\":[\"https:\\\/\\\/www.monaco-tribune.com\\\/en\\\/2020\\\/03\\\/monaco-at-paris-fashion-week-pauline-ducruets-latest-collection-hits-runway\\\/\"]}]},{\"@type\":\"ImageObject\",\"inLanguage\":\"en-US\",\"@id\":\"https:\\\/\\\/www.monaco-tribune.com\\\/en\\\/2020\\\/03\\\/monaco-at-paris-fashion-week-pauline-ducruets-latest-collection-hits-runway\\\/#primaryimage\",\"url\":\"https:\\\/\\\/www.monaco-tribune.com\\\/wp-content\\\/uploads\\\/2020\\\/03\\\/Alter-Designs-Pauline-Ducruet-Paris-Fashion-Week-2020.jpg\",\"contentUrl\":\"https:\\\/\\\/www.monaco-tribune.com\\\/wp-content\\\/uploads\\\/2020\\\/03\\\/Alter-Designs-Pauline-Ducruet-Paris-Fashion-Week-2020.jpg\",\"width\":1440,\"height\":960,\"caption\":\"Alter Designs\"},{\"@type\":\"BreadcrumbList\",\"@id\":\"https:\\\/\\\/www.monaco-tribune.com\\\/en\\\/2020\\\/03\\\/monaco-at-paris-fashion-week-pauline-ducruets-latest-collection-hits-runway\\\/#breadcrumb\",\"itemListElement\":[{\"@type\":\"ListItem\",\"position\":1,\"name\":\"Accueil\",\"item\":\"https:\\\/\\\/www.monaco-tribune.com\\\/en\\\/\"},{\"@type\":\"ListItem\",\"position\":2,\"name\":\"Monaco at Paris Fashion Week: Pauline Ducruet\u2019s latest collection hits runway\"}]},{\"@type\":\"WebSite\",\"@id\":\"https:\\\/\\\/www.monaco-tribune.com\\\/en\\\/#website\",\"url\":\"https:\\\/\\\/www.monaco-tribune.com\\\/en\\\/\",\"name\":\"Monaco Tribune\",\"description\":\"Monaco : actualit\u00e9s \u00e9conomiques, politiques, culturelles et sportives de Monaco et de la French Riviera.\",\"publisher\":{\"@id\":\"https:\\\/\\\/www.monaco-tribune.com\\\/en\\\/#organization\"},\"potentialAction\":[{\"@type\":\"SearchAction\",\"target\":{\"@type\":\"EntryPoint\",\"urlTemplate\":\"https:\\\/\\\/www.monaco-tribune.com\\\/en\\\/?s={search_term_string}\"},\"query-input\":{\"@type\":\"PropertyValueSpecification\",\"valueRequired\":true,\"valueName\":\"search_term_string\"}}],\"inLanguage\":\"en-US\"},{\"@type\":\"Organization\",\"@id\":\"https:\\\/\\\/www.monaco-tribune.com\\\/en\\\/#organization\",\"name\":\"Monaco Tribune\",\"url\":\"https:\\\/\\\/www.monaco-tribune.com\\\/en\\\/\",\"logo\":{\"@type\":\"ImageObject\",\"inLanguage\":\"en-US\",\"@id\":\"https:\\\/\\\/www.monaco-tribune.com\\\/en\\\/#\\\/schema\\\/logo\\\/image\\\/\",\"url\":\"https:\\\/\\\/www.monaco-tribune.com\\\/wp-content\\\/uploads\\\/2022\\\/11\\\/logo-monaco-tribune.png\",\"contentUrl\":\"https:\\\/\\\/www.monaco-tribune.com\\\/wp-content\\\/uploads\\\/2022\\\/11\\\/logo-monaco-tribune.png\",\"width\":1548,\"height\":600,\"caption\":\"Monaco Tribune\"},\"image\":{\"@id\":\"https:\\\/\\\/www.monaco-tribune.com\\\/en\\\/#\\\/schema\\\/logo\\\/image\\\/\"},\"sameAs\":[\"https:\\\/\\\/www.facebook.com\\\/MonacoTribune\",\"https:\\\/\\\/x.com\\\/MonacoTribune\",\"https:\\\/\\\/www.instagram.com\\\/monacotribune\\\/\",\"https:\\\/\\\/www.linkedin.com\\\/company\\\/monaco-tribune\",\"https:\\\/\\\/www.youtube.com\\\/channel\\\/UCHle1MnG6hw1y4lWKijVbMA\"]},{\"@type\":\"Person\",\"@id\":\"https:\\\/\\\/www.monaco-tribune.com\\\/en\\\/#\\\/schema\\\/person\\\/0dc76d3f32e52ffacdcc2a53b81750df\",\"name\":\"Amy Cartledge\",\"image\":{\"@type\":\"ImageObject\",\"inLanguage\":\"en-US\",\"@id\":\"https:\\\/\\\/secure.gravatar.com\\\/avatar\\\/9a09fffd41bf12133660511cc56cee16139846eca5e17fb39941aeadce044ab5?s=96&d=mm&r=g\",\"url\":\"https:\\\/\\\/secure.gravatar.com\\\/avatar\\\/9a09fffd41bf12133660511cc56cee16139846eca5e17fb39941aeadce044ab5?s=96&d=mm&r=g\",\"contentUrl\":\"https:\\\/\\\/secure.gravatar.com\\\/avatar\\\/9a09fffd41bf12133660511cc56cee16139846eca5e17fb39941aeadce044ab5?s=96&d=mm&r=g\",\"caption\":\"Amy Cartledge\"},\"url\":\"https:\\\/\\\/www.monaco-tribune.com\\\/en\\\/author\\\/amy-cartledge\\\/\"}]}<\/script>\n<!-- \/ Yoast SEO Premium plugin. -->","yoast_head_json":{"title":"Monaco at Paris Fashion Week: Pauline Ducruet\u2019s latest collection hits runway","description":"&nbsp; At the height of Fashion Week last Wednesday, Princess St\u00e9phanie of Monaco\u2019s daughter Pauline Ducruet showcased her new unisex line at the modern","robots":{"index":"index","follow":"follow","max-snippet":"max-snippet:-1","max-image-preview":"max-image-preview:large","max-video-preview":"max-video-preview:-1"},"canonical":"https:\/\/www.monaco-tribune.com\/en\/2020\/03\/monaco-at-paris-fashion-week-pauline-ducruets-latest-collection-hits-runway\/","og_locale":"en_US","og_type":"article","og_title":"Monaco at Paris Fashion Week: Pauline Ducruet\u2019s latest collection hits runway - Monaco Tribune","og_description":"&nbsp; At the height of Fashion Week last Wednesday, Princess St\u00e9phanie of Monaco\u2019s daughter Pauline Ducruet showcased her new unisex line at the modern","og_url":"https:\/\/www.monaco-tribune.com\/en\/2020\/03\/monaco-at-paris-fashion-week-pauline-ducruets-latest-collection-hits-runway\/","og_site_name":"Monaco Tribune","article_publisher":"https:\/\/www.facebook.com\/MonacoTribune","article_published_time":"2020-03-03T12:00:25+00:00","article_modified_time":"2020-11-22T20:47:43+00:00","og_image":[{"width":1440,"height":960,"url":"https:\/\/www.monaco-tribune.com\/wp-content\/uploads\/2020\/03\/Alter-Designs-Pauline-Ducruet-Paris-Fashion-Week-2020.jpg","type":"image\/jpeg"}],"author":"Amy Cartledge","twitter_card":"summary_large_image","twitter_creator":"@MonacoTribune","twitter_site":"@MonacoTribune","schema":{"@context":"https:\/\/schema.org","@graph":[{"@type":"NewsArticle","@id":"https:\/\/www.monaco-tribune.com\/en\/2020\/03\/monaco-at-paris-fashion-week-pauline-ducruets-latest-collection-hits-runway\/#article","isPartOf":{"@id":"https:\/\/www.monaco-tribune.com\/en\/2020\/03\/monaco-at-paris-fashion-week-pauline-ducruets-latest-collection-hits-runway\/"},"author":{"name":"Amy Cartledge","@id":"https:\/\/www.monaco-tribune.com\/en\/#\/schema\/person\/0dc76d3f32e52ffacdcc2a53b81750df"},"headline":"Monaco at Paris Fashion Week: Pauline Ducruet\u2019s latest collection hits runway","datePublished":"2020-03-03T12:00:25+00:00","dateModified":"2020-11-22T20:47:43+00:00","mainEntityOfPage":{"@id":"https:\/\/www.monaco-tribune.com\/en\/2020\/03\/monaco-at-paris-fashion-week-pauline-ducruets-latest-collection-hits-runway\/"},"wordCount":332,"publisher":{"@id":"https:\/\/www.monaco-tribune.com\/en\/#organization"},"image":{"@id":"https:\/\/www.monaco-tribune.com\/en\/2020\/03\/monaco-at-paris-fashion-week-pauline-ducruets-latest-collection-hits-runway\/#primaryimage"},"thumbnailUrl":"https:\/\/www.monaco-tribune.com\/wp-content\/uploads\/2020\/03\/Alter-Designs-Pauline-Ducruet-Paris-Fashion-Week-2020.jpg","articleSection":["Princely Family","What&#039;s on"],"inLanguage":"en-US","copyrightYear":"2020","copyrightHolder":{"@id":"https:\/\/www.monaco-tribune.com\/#organization"}},{"@type":"WebPage","@id":"https:\/\/www.monaco-tribune.com\/en\/2020\/03\/monaco-at-paris-fashion-week-pauline-ducruets-latest-collection-hits-runway\/","url":"https:\/\/www.monaco-tribune.com\/en\/2020\/03\/monaco-at-paris-fashion-week-pauline-ducruets-latest-collection-hits-runway\/","name":"Monaco at Paris Fashion Week: Pauline Ducruet\u2019s latest collection hits runway","isPartOf":{"@id":"https:\/\/www.monaco-tribune.com\/en\/#website"},"primaryImageOfPage":{"@id":"https:\/\/www.monaco-tribune.com\/en\/2020\/03\/monaco-at-paris-fashion-week-pauline-ducruets-latest-collection-hits-runway\/#primaryimage"},"image":{"@id":"https:\/\/www.monaco-tribune.com\/en\/2020\/03\/monaco-at-paris-fashion-week-pauline-ducruets-latest-collection-hits-runway\/#primaryimage"},"thumbnailUrl":"https:\/\/www.monaco-tribune.com\/wp-content\/uploads\/2020\/03\/Alter-Designs-Pauline-Ducruet-Paris-Fashion-Week-2020.jpg","datePublished":"2020-03-03T12:00:25+00:00","dateModified":"2020-11-22T20:47:43+00:00","description":"&nbsp; At the height of Fashion Week last Wednesday, Princess St\u00e9phanie of Monaco\u2019s daughter Pauline Ducruet showcased her new unisex line at the modern","breadcrumb":{"@id":"https:\/\/www.monaco-tribune.com\/en\/2020\/03\/monaco-at-paris-fashion-week-pauline-ducruets-latest-collection-hits-runway\/#breadcrumb"},"inLanguage":"en-US","potentialAction":[{"@type":"ReadAction","target":["https:\/\/www.monaco-tribune.com\/en\/2020\/03\/monaco-at-paris-fashion-week-pauline-ducruets-latest-collection-hits-runway\/"]}]},{"@type":"ImageObject","inLanguage":"en-US","@id":"https:\/\/www.monaco-tribune.com\/en\/2020\/03\/monaco-at-paris-fashion-week-pauline-ducruets-latest-collection-hits-runway\/#primaryimage","url":"https:\/\/www.monaco-tribune.com\/wp-content\/uploads\/2020\/03\/Alter-Designs-Pauline-Ducruet-Paris-Fashion-Week-2020.jpg","contentUrl":"https:\/\/www.monaco-tribune.com\/wp-content\/uploads\/2020\/03\/Alter-Designs-Pauline-Ducruet-Paris-Fashion-Week-2020.jpg","width":1440,"height":960,"caption":"Alter Designs"},{"@type":"BreadcrumbList","@id":"https:\/\/www.monaco-tribune.com\/en\/2020\/03\/monaco-at-paris-fashion-week-pauline-ducruets-latest-collection-hits-runway\/#breadcrumb","itemListElement":[{"@type":"ListItem","position":1,"name":"Accueil","item":"https:\/\/www.monaco-tribune.com\/en\/"},{"@type":"ListItem","position":2,"name":"Monaco at Paris Fashion Week: Pauline Ducruet\u2019s latest collection hits runway"}]},{"@type":"WebSite","@id":"https:\/\/www.monaco-tribune.com\/en\/#website","url":"https:\/\/www.monaco-tribune.com\/en\/","name":"Monaco Tribune","description":"Monaco : actualit\u00e9s \u00e9conomiques, politiques, culturelles et sportives de Monaco et de la French Riviera.","publisher":{"@id":"https:\/\/www.monaco-tribune.com\/en\/#organization"},"potentialAction":[{"@type":"SearchAction","target":{"@type":"EntryPoint","urlTemplate":"https:\/\/www.monaco-tribune.com\/en\/?s={search_term_string}"},"query-input":{"@type":"PropertyValueSpecification","valueRequired":true,"valueName":"search_term_string"}}],"inLanguage":"en-US"},{"@type":"Organization","@id":"https:\/\/www.monaco-tribune.com\/en\/#organization","name":"Monaco Tribune","url":"https:\/\/www.monaco-tribune.com\/en\/","logo":{"@type":"ImageObject","inLanguage":"en-US","@id":"https:\/\/www.monaco-tribune.com\/en\/#\/schema\/logo\/image\/","url":"https:\/\/www.monaco-tribune.com\/wp-content\/uploads\/2022\/11\/logo-monaco-tribune.png","contentUrl":"https:\/\/www.monaco-tribune.com\/wp-content\/uploads\/2022\/11\/logo-monaco-tribune.png","width":1548,"height":600,"caption":"Monaco Tribune"},"image":{"@id":"https:\/\/www.monaco-tribune.com\/en\/#\/schema\/logo\/image\/"},"sameAs":["https:\/\/www.facebook.com\/MonacoTribune","https:\/\/x.com\/MonacoTribune","https:\/\/www.instagram.com\/monacotribune\/","https:\/\/www.linkedin.com\/company\/monaco-tribune","https:\/\/www.youtube.com\/channel\/UCHle1MnG6hw1y4lWKijVbMA"]},{"@type":"Person","@id":"https:\/\/www.monaco-tribune.com\/en\/#\/schema\/person\/0dc76d3f32e52ffacdcc2a53b81750df","name":"Amy Cartledge","image":{"@type":"ImageObject","inLanguage":"en-US","@id":"https:\/\/secure.gravatar.com\/avatar\/9a09fffd41bf12133660511cc56cee16139846eca5e17fb39941aeadce044ab5?s=96&d=mm&r=g","url":"https:\/\/secure.gravatar.com\/avatar\/9a09fffd41bf12133660511cc56cee16139846eca5e17fb39941aeadce044ab5?s=96&d=mm&r=g","contentUrl":"https:\/\/secure.gravatar.com\/avatar\/9a09fffd41bf12133660511cc56cee16139846eca5e17fb39941aeadce044ab5?s=96&d=mm&r=g","caption":"Amy Cartledge"},"url":"https:\/\/www.monaco-tribune.com\/en\/author\/amy-cartledge\/"}]}},"_links":{"self":[{"href":"https:\/\/www.monaco-tribune.com\/en\/wp-json\/wp\/v2\/posts\/22763","targetHints":{"allow":["GET"]}}],"collection":[{"href":"https:\/\/www.monaco-tribune.com\/en\/wp-json\/wp\/v2\/posts"}],"about":[{"href":"https:\/\/www.monaco-tribune.com\/en\/wp-json\/wp\/v2\/types\/post"}],"author":[{"embeddable":true,"href":"https:\/\/www.monaco-tribune.com\/en\/wp-json\/wp\/v2\/users\/26"}],"replies":[{"embeddable":true,"href":"https:\/\/www.monaco-tribune.com\/en\/wp-json\/wp\/v2\/comments?post=22763"}],"version-history":[{"count":0,"href":"https:\/\/www.monaco-tribune.com\/en\/wp-json\/wp\/v2\/posts\/22763\/revisions"}],"wp:featuredmedia":[{"embeddable":true,"href":"https:\/\/www.monaco-tribune.com\/en\/wp-json\/wp\/v2\/media\/22764"}],"wp:attachment":[{"href":"https:\/\/www.monaco-tribune.com\/en\/wp-json\/wp\/v2\/media?parent=22763"}],"wp:term":[{"taxonomy":"category","embeddable":true,"href":"https:\/\/www.monaco-tribune.com\/en\/wp-json\/wp\/v2\/categories?post=22763"},{"taxonomy":"post_tag","embeddable":true,"href":"https:\/\/www.monaco-tribune.com\/en\/wp-json\/wp\/v2\/tags?post=22763"},{"taxonomy":"sectag","embeddable":true,"href":"https:\/\/www.monaco-tribune.com\/en\/wp-json\/wp\/v2\/post_sectags?post=22763"},{"taxonomy":"format","embeddable":true,"href":"https:\/\/www.monaco-tribune.com\/en\/wp-json\/wp\/v2\/post_format?post=22763"}],"curies":[{"name":"wp","href":"https:\/\/api.w.org\/{rel}","templated":true}]}}