{"id":228632,"date":"2024-04-18T20:44:44","date_gmt":"2024-04-18T18:44:44","guid":{"rendered":"https:\/\/www.monaco-tribune.com\/2024\/04\/societe-des-bains-de-mer-signs-partnership-with-be-safe-monaco\/"},"modified":"2024-04-18T20:44:45","modified_gmt":"2024-04-18T18:44:45","slug":"societe-des-bains-de-mer-signs-partnership-with-be-safe-monaco","status":"publish","type":"post","link":"https:\/\/www.monaco-tribune.com\/en\/2024\/04\/societe-des-bains-de-mer-signs-partnership-with-be-safe-monaco\/","title":{"rendered":"Soci\u00e9t\u00e9 des Bains de Mer signs partnership with Be Safe Monaco"},"content":{"rendered":"\n<p><strong>On Wednesday 17 April, the Soci\u00e9t\u00e9 des Bains de Mer made a commitment to Be Safe Monaco to train two drivers to operate their new night-time shuttle service.<\/strong><\/p>\n\n<p><a href=\"https:\/\/www.monaco-tribune.com\/en\/2022\/06\/be-safe-monaco-seeing-young-drinkers-home-safely\/\">Be Safe Monaco<\/a> has been campaigning to highlight the dangers of drink-driving for seven years, and is committed to raising awareness, particularly among young people.<\/p>\n\n<p>The initiative was welcomed by organisations in Monaco, including the Soci\u00e9t\u00e9 des Bains de Mer (SBM), which is committed to helping the Monegasque charity.<\/p>\n\n<p><em>&#8220;It&#8217;s a huge honour for us that this cause is finally being put front and centre by Monaco&#8217;s private and public companies. It&#8217;s a cause that impacts everyone, whether we&#8217;re drivers, passengers or people in the wrong place at the wrong time,&#8221;<\/em> said Be Safe Monaco President Camille Gottlieb, speaking to Monaco Info.<\/p>\n\n<p>St\u00e9phane Valeri,\u00a0 SBM&#8217;s CEO, says on his LinkedIn profile that he had the idea of the partnership : <em>&#8220;I wanted our establishments to join in the scheme set up by this Monegasque charity. However, in view of some of the tragedies that have unfortunately occurred in the Principality, we wanted to give even greater support to this initiative. \u00bb<\/em><\/p>\n\n<p class=\"related\"><a href=\"https:\/\/www.monaco-tribune.com\/en\/2024\/04\/the-100-nice-monaco-menton-bus-in-2023-routes-timetables-fares-changes\/\">The #600 Nice-Monaco-Menton bus: routes, timetables, fares<\/a><\/p>\n\n<p>From 1 July to 31 August, SBM will train two drivers and make them available to Be Safe Monaco to drive a new night-time shuttle service throughout the summer. <\/p>\n\n<p>This will enable customers of the Principality&#8217;s different party venues who are unable to get behind the wheel, to be taken home. It will be available 7 days a week, from midnight to 5 am.<\/p>\n","protected":false},"excerpt":{"rendered":"<p>On Wednesday 17 April, the Soci\u00e9t\u00e9 des Bains de Mer made a commitment to Be Safe Monaco to train two [&hellip;]<\/p>\n","protected":false},"author":76,"featured_media":228222,"comment_status":"closed","ping_status":"closed","sticky":false,"template":"","format":"standard","meta":{"_acf_changed":false,"footnotes":""},"categories":[243,258],"tags":[3122],"post_sectags":[4113],"post_format":[2465],"class_list":["post-228632","post","type-post","status-publish","format-standard","has-post-thumbnail","hentry","category-news","category-public-life","tag-safety","sectag-monte-carlo-sbm-en","format-in-brief"],"acf":[],"yoast_head":"<!-- This site is optimized with the Yoast SEO Premium plugin v26.8 (Yoast SEO v27.5) - https:\/\/yoast.com\/product\/yoast-seo-premium-wordpress\/ -->\n<title>Soci\u00e9t\u00e9 des Bains de Mer signs partnership with Be Safe Monaco<\/title>\n<meta name=\"description\" content=\"On Wednesday 17 April, the Soci\u00e9t\u00e9 des Bains de Mer made a commitment to Be Safe Monaco to train two drivers to operate their new night-time shuttle\" \/>\n<meta name=\"robots\" content=\"index, follow, max-snippet:-1, max-image-preview:large, max-video-preview:-1\" \/>\n<link rel=\"canonical\" href=\"https:\/\/www.monaco-tribune.com\/en\/2024\/04\/societe-des-bains-de-mer-signs-partnership-with-be-safe-monaco\/\" \/>\n<meta property=\"og:locale\" content=\"en_US\" \/>\n<meta property=\"og:type\" content=\"article\" \/>\n<meta property=\"og:title\" content=\"Soci\u00e9t\u00e9 des Bains de Mer signs partnership with Be Safe Monaco - Monaco Tribune\" \/>\n<meta property=\"og:description\" content=\"On Wednesday 17 April, the Soci\u00e9t\u00e9 des Bains de Mer made a commitment to Be Safe Monaco to train two drivers to operate their new night-time shuttle\" \/>\n<meta property=\"og:url\" content=\"https:\/\/www.monaco-tribune.com\/en\/2024\/04\/societe-des-bains-de-mer-signs-partnership-with-be-safe-monaco\/\" \/>\n<meta property=\"og:site_name\" content=\"Monaco Tribune\" \/>\n<meta property=\"article:publisher\" content=\"https:\/\/www.facebook.com\/MonacoTribune\" \/>\n<meta property=\"article:published_time\" content=\"2024-04-18T18:44:44+00:00\" \/>\n<meta property=\"article:modified_time\" content=\"2024-04-18T18:44:45+00:00\" \/>\n<meta property=\"og:image\" content=\"https:\/\/www.monaco-tribune.com\/wp-content\/uploads\/2024\/04\/la-sbm-et-be-safe-monaco-signe-un-partenariat-pour-se-mobiliser-ensemble-contre-les-dangers-de-lalcool-au-volant.jpg\" \/>\n\t<meta property=\"og:image:width\" content=\"1200\" \/>\n\t<meta property=\"og:image:height\" content=\"800\" \/>\n\t<meta property=\"og:image:type\" content=\"image\/jpeg\" \/>\n<meta name=\"author\" content=\"Killian Masurier\" \/>\n<meta name=\"twitter:card\" content=\"summary_large_image\" \/>\n<meta name=\"twitter:creator\" content=\"@MonacoTribune\" \/>\n<meta name=\"twitter:site\" content=\"@MonacoTribune\" \/>\n<script type=\"application\/ld+json\" class=\"yoast-schema-graph\">{\"@context\":\"https:\\\/\\\/schema.org\",\"@graph\":[{\"@type\":\"NewsArticle\",\"@id\":\"https:\\\/\\\/www.monaco-tribune.com\\\/en\\\/2024\\\/04\\\/societe-des-bains-de-mer-signs-partnership-with-be-safe-monaco\\\/#article\",\"isPartOf\":{\"@id\":\"https:\\\/\\\/www.monaco-tribune.com\\\/en\\\/2024\\\/04\\\/societe-des-bains-de-mer-signs-partnership-with-be-safe-monaco\\\/\"},\"author\":{\"name\":\"Killian Masurier\",\"@id\":\"https:\\\/\\\/www.monaco-tribune.com\\\/en\\\/#\\\/schema\\\/person\\\/430d20b322a92cf77ed693c80401a9f1\"},\"headline\":\"Soci\u00e9t\u00e9 des Bains de Mer signs partnership with Be Safe Monaco\",\"datePublished\":\"2024-04-18T18:44:44+00:00\",\"dateModified\":\"2024-04-18T18:44:45+00:00\",\"mainEntityOfPage\":{\"@id\":\"https:\\\/\\\/www.monaco-tribune.com\\\/en\\\/2024\\\/04\\\/societe-des-bains-de-mer-signs-partnership-with-be-safe-monaco\\\/\"},\"wordCount\":273,\"publisher\":{\"@id\":\"https:\\\/\\\/www.monaco-tribune.com\\\/en\\\/#organization\"},\"image\":{\"@id\":\"https:\\\/\\\/www.monaco-tribune.com\\\/en\\\/2024\\\/04\\\/societe-des-bains-de-mer-signs-partnership-with-be-safe-monaco\\\/#primaryimage\"},\"thumbnailUrl\":\"https:\\\/\\\/www.monaco-tribune.com\\\/wp-content\\\/uploads\\\/2024\\\/04\\\/la-sbm-et-be-safe-monaco-signe-un-partenariat-pour-se-mobiliser-ensemble-contre-les-dangers-de-lalcool-au-volant.jpg\",\"keywords\":[\"Safety\"],\"articleSection\":[\"News\",\"Society\"],\"inLanguage\":\"en-US\",\"copyrightYear\":\"2024\",\"copyrightHolder\":{\"@id\":\"https:\\\/\\\/www.monaco-tribune.com\\\/#organization\"}},{\"@type\":\"WebPage\",\"@id\":\"https:\\\/\\\/www.monaco-tribune.com\\\/en\\\/2024\\\/04\\\/societe-des-bains-de-mer-signs-partnership-with-be-safe-monaco\\\/\",\"url\":\"https:\\\/\\\/www.monaco-tribune.com\\\/en\\\/2024\\\/04\\\/societe-des-bains-de-mer-signs-partnership-with-be-safe-monaco\\\/\",\"name\":\"Soci\u00e9t\u00e9 des Bains de Mer signs partnership with Be Safe Monaco\",\"isPartOf\":{\"@id\":\"https:\\\/\\\/www.monaco-tribune.com\\\/en\\\/#website\"},\"primaryImageOfPage\":{\"@id\":\"https:\\\/\\\/www.monaco-tribune.com\\\/en\\\/2024\\\/04\\\/societe-des-bains-de-mer-signs-partnership-with-be-safe-monaco\\\/#primaryimage\"},\"image\":{\"@id\":\"https:\\\/\\\/www.monaco-tribune.com\\\/en\\\/2024\\\/04\\\/societe-des-bains-de-mer-signs-partnership-with-be-safe-monaco\\\/#primaryimage\"},\"thumbnailUrl\":\"https:\\\/\\\/www.monaco-tribune.com\\\/wp-content\\\/uploads\\\/2024\\\/04\\\/la-sbm-et-be-safe-monaco-signe-un-partenariat-pour-se-mobiliser-ensemble-contre-les-dangers-de-lalcool-au-volant.jpg\",\"datePublished\":\"2024-04-18T18:44:44+00:00\",\"dateModified\":\"2024-04-18T18:44:45+00:00\",\"description\":\"On Wednesday 17 April, the Soci\u00e9t\u00e9 des Bains de Mer made a commitment to Be Safe Monaco to train two drivers to operate their new night-time shuttle\",\"breadcrumb\":{\"@id\":\"https:\\\/\\\/www.monaco-tribune.com\\\/en\\\/2024\\\/04\\\/societe-des-bains-de-mer-signs-partnership-with-be-safe-monaco\\\/#breadcrumb\"},\"inLanguage\":\"en-US\",\"potentialAction\":[{\"@type\":\"ReadAction\",\"target\":[\"https:\\\/\\\/www.monaco-tribune.com\\\/en\\\/2024\\\/04\\\/societe-des-bains-de-mer-signs-partnership-with-be-safe-monaco\\\/\"]}]},{\"@type\":\"ImageObject\",\"inLanguage\":\"en-US\",\"@id\":\"https:\\\/\\\/www.monaco-tribune.com\\\/en\\\/2024\\\/04\\\/societe-des-bains-de-mer-signs-partnership-with-be-safe-monaco\\\/#primaryimage\",\"url\":\"https:\\\/\\\/www.monaco-tribune.com\\\/wp-content\\\/uploads\\\/2024\\\/04\\\/la-sbm-et-be-safe-monaco-signe-un-partenariat-pour-se-mobiliser-ensemble-contre-les-dangers-de-lalcool-au-volant.jpg\",\"contentUrl\":\"https:\\\/\\\/www.monaco-tribune.com\\\/wp-content\\\/uploads\\\/2024\\\/04\\\/la-sbm-et-be-safe-monaco-signe-un-partenariat-pour-se-mobiliser-ensemble-contre-les-dangers-de-lalcool-au-volant.jpg\",\"width\":1200,\"height\":800,\"caption\":\"St\u00e9phane Valeri, SBM CEO, and Camille Gottlieb, President of Be Safe Monaco, sign a partnership agreement to work together to tackle drink-driving \u00a9 Fr\u00e9d\u00e9ric Nebinger\"},{\"@type\":\"BreadcrumbList\",\"@id\":\"https:\\\/\\\/www.monaco-tribune.com\\\/en\\\/2024\\\/04\\\/societe-des-bains-de-mer-signs-partnership-with-be-safe-monaco\\\/#breadcrumb\",\"itemListElement\":[{\"@type\":\"ListItem\",\"position\":1,\"name\":\"Accueil\",\"item\":\"https:\\\/\\\/www.monaco-tribune.com\\\/en\\\/\"},{\"@type\":\"ListItem\",\"position\":2,\"name\":\"Soci\u00e9t\u00e9 des Bains de Mer signs partnership with Be Safe Monaco\"}]},{\"@type\":\"WebSite\",\"@id\":\"https:\\\/\\\/www.monaco-tribune.com\\\/en\\\/#website\",\"url\":\"https:\\\/\\\/www.monaco-tribune.com\\\/en\\\/\",\"name\":\"Monaco Tribune\",\"description\":\"Monaco : actualit\u00e9s \u00e9conomiques, politiques, culturelles et sportives de Monaco et de la French Riviera.\",\"publisher\":{\"@id\":\"https:\\\/\\\/www.monaco-tribune.com\\\/en\\\/#organization\"},\"potentialAction\":[{\"@type\":\"SearchAction\",\"target\":{\"@type\":\"EntryPoint\",\"urlTemplate\":\"https:\\\/\\\/www.monaco-tribune.com\\\/en\\\/?s={search_term_string}\"},\"query-input\":{\"@type\":\"PropertyValueSpecification\",\"valueRequired\":true,\"valueName\":\"search_term_string\"}}],\"inLanguage\":\"en-US\"},{\"@type\":\"Organization\",\"@id\":\"https:\\\/\\\/www.monaco-tribune.com\\\/en\\\/#organization\",\"name\":\"Monaco Tribune\",\"url\":\"https:\\\/\\\/www.monaco-tribune.com\\\/en\\\/\",\"logo\":{\"@type\":\"ImageObject\",\"inLanguage\":\"en-US\",\"@id\":\"https:\\\/\\\/www.monaco-tribune.com\\\/en\\\/#\\\/schema\\\/logo\\\/image\\\/\",\"url\":\"https:\\\/\\\/www.monaco-tribune.com\\\/wp-content\\\/uploads\\\/2022\\\/11\\\/logo-monaco-tribune.png\",\"contentUrl\":\"https:\\\/\\\/www.monaco-tribune.com\\\/wp-content\\\/uploads\\\/2022\\\/11\\\/logo-monaco-tribune.png\",\"width\":1548,\"height\":600,\"caption\":\"Monaco Tribune\"},\"image\":{\"@id\":\"https:\\\/\\\/www.monaco-tribune.com\\\/en\\\/#\\\/schema\\\/logo\\\/image\\\/\"},\"sameAs\":[\"https:\\\/\\\/www.facebook.com\\\/MonacoTribune\",\"https:\\\/\\\/x.com\\\/MonacoTribune\",\"https:\\\/\\\/www.instagram.com\\\/monacotribune\\\/\",\"https:\\\/\\\/www.linkedin.com\\\/company\\\/monaco-tribune\",\"https:\\\/\\\/www.youtube.com\\\/channel\\\/UCHle1MnG6hw1y4lWKijVbMA\"]},{\"@type\":\"Person\",\"@id\":\"https:\\\/\\\/www.monaco-tribune.com\\\/en\\\/#\\\/schema\\\/person\\\/430d20b322a92cf77ed693c80401a9f1\",\"name\":\"Killian Masurier\",\"image\":{\"@type\":\"ImageObject\",\"inLanguage\":\"en-US\",\"@id\":\"https:\\\/\\\/secure.gravatar.com\\\/avatar\\\/2b945dc7d96e6fec85032621c16cd3de6e31a754758f25fdb5adce4ef6696a8e?s=96&d=mm&r=g\",\"url\":\"https:\\\/\\\/secure.gravatar.com\\\/avatar\\\/2b945dc7d96e6fec85032621c16cd3de6e31a754758f25fdb5adce4ef6696a8e?s=96&d=mm&r=g\",\"contentUrl\":\"https:\\\/\\\/secure.gravatar.com\\\/avatar\\\/2b945dc7d96e6fec85032621c16cd3de6e31a754758f25fdb5adce4ef6696a8e?s=96&d=mm&r=g\",\"caption\":\"Killian Masurier\"},\"url\":\"https:\\\/\\\/www.monaco-tribune.com\\\/en\\\/author\\\/killianmasurier\\\/\"}]}<\/script>\n<!-- \/ Yoast SEO Premium plugin. -->","yoast_head_json":{"title":"Soci\u00e9t\u00e9 des Bains de Mer signs partnership with Be Safe Monaco","description":"On Wednesday 17 April, the Soci\u00e9t\u00e9 des Bains de Mer made a commitment to Be Safe Monaco to train two drivers to operate their new night-time shuttle","robots":{"index":"index","follow":"follow","max-snippet":"max-snippet:-1","max-image-preview":"max-image-preview:large","max-video-preview":"max-video-preview:-1"},"canonical":"https:\/\/www.monaco-tribune.com\/en\/2024\/04\/societe-des-bains-de-mer-signs-partnership-with-be-safe-monaco\/","og_locale":"en_US","og_type":"article","og_title":"Soci\u00e9t\u00e9 des Bains de Mer signs partnership with Be Safe Monaco - Monaco Tribune","og_description":"On Wednesday 17 April, the Soci\u00e9t\u00e9 des Bains de Mer made a commitment to Be Safe Monaco to train two drivers to operate their new night-time shuttle","og_url":"https:\/\/www.monaco-tribune.com\/en\/2024\/04\/societe-des-bains-de-mer-signs-partnership-with-be-safe-monaco\/","og_site_name":"Monaco Tribune","article_publisher":"https:\/\/www.facebook.com\/MonacoTribune","article_published_time":"2024-04-18T18:44:44+00:00","article_modified_time":"2024-04-18T18:44:45+00:00","og_image":[{"width":1200,"height":800,"url":"https:\/\/www.monaco-tribune.com\/wp-content\/uploads\/2024\/04\/la-sbm-et-be-safe-monaco-signe-un-partenariat-pour-se-mobiliser-ensemble-contre-les-dangers-de-lalcool-au-volant.jpg","type":"image\/jpeg"}],"author":"Killian Masurier","twitter_card":"summary_large_image","twitter_creator":"@MonacoTribune","twitter_site":"@MonacoTribune","schema":{"@context":"https:\/\/schema.org","@graph":[{"@type":"NewsArticle","@id":"https:\/\/www.monaco-tribune.com\/en\/2024\/04\/societe-des-bains-de-mer-signs-partnership-with-be-safe-monaco\/#article","isPartOf":{"@id":"https:\/\/www.monaco-tribune.com\/en\/2024\/04\/societe-des-bains-de-mer-signs-partnership-with-be-safe-monaco\/"},"author":{"name":"Killian Masurier","@id":"https:\/\/www.monaco-tribune.com\/en\/#\/schema\/person\/430d20b322a92cf77ed693c80401a9f1"},"headline":"Soci\u00e9t\u00e9 des Bains de Mer signs partnership with Be Safe Monaco","datePublished":"2024-04-18T18:44:44+00:00","dateModified":"2024-04-18T18:44:45+00:00","mainEntityOfPage":{"@id":"https:\/\/www.monaco-tribune.com\/en\/2024\/04\/societe-des-bains-de-mer-signs-partnership-with-be-safe-monaco\/"},"wordCount":273,"publisher":{"@id":"https:\/\/www.monaco-tribune.com\/en\/#organization"},"image":{"@id":"https:\/\/www.monaco-tribune.com\/en\/2024\/04\/societe-des-bains-de-mer-signs-partnership-with-be-safe-monaco\/#primaryimage"},"thumbnailUrl":"https:\/\/www.monaco-tribune.com\/wp-content\/uploads\/2024\/04\/la-sbm-et-be-safe-monaco-signe-un-partenariat-pour-se-mobiliser-ensemble-contre-les-dangers-de-lalcool-au-volant.jpg","keywords":["Safety"],"articleSection":["News","Society"],"inLanguage":"en-US","copyrightYear":"2024","copyrightHolder":{"@id":"https:\/\/www.monaco-tribune.com\/#organization"}},{"@type":"WebPage","@id":"https:\/\/www.monaco-tribune.com\/en\/2024\/04\/societe-des-bains-de-mer-signs-partnership-with-be-safe-monaco\/","url":"https:\/\/www.monaco-tribune.com\/en\/2024\/04\/societe-des-bains-de-mer-signs-partnership-with-be-safe-monaco\/","name":"Soci\u00e9t\u00e9 des Bains de Mer signs partnership with Be Safe Monaco","isPartOf":{"@id":"https:\/\/www.monaco-tribune.com\/en\/#website"},"primaryImageOfPage":{"@id":"https:\/\/www.monaco-tribune.com\/en\/2024\/04\/societe-des-bains-de-mer-signs-partnership-with-be-safe-monaco\/#primaryimage"},"image":{"@id":"https:\/\/www.monaco-tribune.com\/en\/2024\/04\/societe-des-bains-de-mer-signs-partnership-with-be-safe-monaco\/#primaryimage"},"thumbnailUrl":"https:\/\/www.monaco-tribune.com\/wp-content\/uploads\/2024\/04\/la-sbm-et-be-safe-monaco-signe-un-partenariat-pour-se-mobiliser-ensemble-contre-les-dangers-de-lalcool-au-volant.jpg","datePublished":"2024-04-18T18:44:44+00:00","dateModified":"2024-04-18T18:44:45+00:00","description":"On Wednesday 17 April, the Soci\u00e9t\u00e9 des Bains de Mer made a commitment to Be Safe Monaco to train two drivers to operate their new night-time shuttle","breadcrumb":{"@id":"https:\/\/www.monaco-tribune.com\/en\/2024\/04\/societe-des-bains-de-mer-signs-partnership-with-be-safe-monaco\/#breadcrumb"},"inLanguage":"en-US","potentialAction":[{"@type":"ReadAction","target":["https:\/\/www.monaco-tribune.com\/en\/2024\/04\/societe-des-bains-de-mer-signs-partnership-with-be-safe-monaco\/"]}]},{"@type":"ImageObject","inLanguage":"en-US","@id":"https:\/\/www.monaco-tribune.com\/en\/2024\/04\/societe-des-bains-de-mer-signs-partnership-with-be-safe-monaco\/#primaryimage","url":"https:\/\/www.monaco-tribune.com\/wp-content\/uploads\/2024\/04\/la-sbm-et-be-safe-monaco-signe-un-partenariat-pour-se-mobiliser-ensemble-contre-les-dangers-de-lalcool-au-volant.jpg","contentUrl":"https:\/\/www.monaco-tribune.com\/wp-content\/uploads\/2024\/04\/la-sbm-et-be-safe-monaco-signe-un-partenariat-pour-se-mobiliser-ensemble-contre-les-dangers-de-lalcool-au-volant.jpg","width":1200,"height":800,"caption":"St\u00e9phane Valeri, SBM CEO, and Camille Gottlieb, President of Be Safe Monaco, sign a partnership agreement to work together to tackle drink-driving \u00a9 Fr\u00e9d\u00e9ric Nebinger"},{"@type":"BreadcrumbList","@id":"https:\/\/www.monaco-tribune.com\/en\/2024\/04\/societe-des-bains-de-mer-signs-partnership-with-be-safe-monaco\/#breadcrumb","itemListElement":[{"@type":"ListItem","position":1,"name":"Accueil","item":"https:\/\/www.monaco-tribune.com\/en\/"},{"@type":"ListItem","position":2,"name":"Soci\u00e9t\u00e9 des Bains de Mer signs partnership with Be Safe Monaco"}]},{"@type":"WebSite","@id":"https:\/\/www.monaco-tribune.com\/en\/#website","url":"https:\/\/www.monaco-tribune.com\/en\/","name":"Monaco Tribune","description":"Monaco : actualit\u00e9s \u00e9conomiques, politiques, culturelles et sportives de Monaco et de la French Riviera.","publisher":{"@id":"https:\/\/www.monaco-tribune.com\/en\/#organization"},"potentialAction":[{"@type":"SearchAction","target":{"@type":"EntryPoint","urlTemplate":"https:\/\/www.monaco-tribune.com\/en\/?s={search_term_string}"},"query-input":{"@type":"PropertyValueSpecification","valueRequired":true,"valueName":"search_term_string"}}],"inLanguage":"en-US"},{"@type":"Organization","@id":"https:\/\/www.monaco-tribune.com\/en\/#organization","name":"Monaco Tribune","url":"https:\/\/www.monaco-tribune.com\/en\/","logo":{"@type":"ImageObject","inLanguage":"en-US","@id":"https:\/\/www.monaco-tribune.com\/en\/#\/schema\/logo\/image\/","url":"https:\/\/www.monaco-tribune.com\/wp-content\/uploads\/2022\/11\/logo-monaco-tribune.png","contentUrl":"https:\/\/www.monaco-tribune.com\/wp-content\/uploads\/2022\/11\/logo-monaco-tribune.png","width":1548,"height":600,"caption":"Monaco Tribune"},"image":{"@id":"https:\/\/www.monaco-tribune.com\/en\/#\/schema\/logo\/image\/"},"sameAs":["https:\/\/www.facebook.com\/MonacoTribune","https:\/\/x.com\/MonacoTribune","https:\/\/www.instagram.com\/monacotribune\/","https:\/\/www.linkedin.com\/company\/monaco-tribune","https:\/\/www.youtube.com\/channel\/UCHle1MnG6hw1y4lWKijVbMA"]},{"@type":"Person","@id":"https:\/\/www.monaco-tribune.com\/en\/#\/schema\/person\/430d20b322a92cf77ed693c80401a9f1","name":"Killian Masurier","image":{"@type":"ImageObject","inLanguage":"en-US","@id":"https:\/\/secure.gravatar.com\/avatar\/2b945dc7d96e6fec85032621c16cd3de6e31a754758f25fdb5adce4ef6696a8e?s=96&d=mm&r=g","url":"https:\/\/secure.gravatar.com\/avatar\/2b945dc7d96e6fec85032621c16cd3de6e31a754758f25fdb5adce4ef6696a8e?s=96&d=mm&r=g","contentUrl":"https:\/\/secure.gravatar.com\/avatar\/2b945dc7d96e6fec85032621c16cd3de6e31a754758f25fdb5adce4ef6696a8e?s=96&d=mm&r=g","caption":"Killian Masurier"},"url":"https:\/\/www.monaco-tribune.com\/en\/author\/killianmasurier\/"}]}},"_links":{"self":[{"href":"https:\/\/www.monaco-tribune.com\/en\/wp-json\/wp\/v2\/posts\/228632","targetHints":{"allow":["GET"]}}],"collection":[{"href":"https:\/\/www.monaco-tribune.com\/en\/wp-json\/wp\/v2\/posts"}],"about":[{"href":"https:\/\/www.monaco-tribune.com\/en\/wp-json\/wp\/v2\/types\/post"}],"author":[{"embeddable":true,"href":"https:\/\/www.monaco-tribune.com\/en\/wp-json\/wp\/v2\/users\/76"}],"replies":[{"embeddable":true,"href":"https:\/\/www.monaco-tribune.com\/en\/wp-json\/wp\/v2\/comments?post=228632"}],"version-history":[{"count":1,"href":"https:\/\/www.monaco-tribune.com\/en\/wp-json\/wp\/v2\/posts\/228632\/revisions"}],"predecessor-version":[{"id":228633,"href":"https:\/\/www.monaco-tribune.com\/en\/wp-json\/wp\/v2\/posts\/228632\/revisions\/228633"}],"wp:featuredmedia":[{"embeddable":true,"href":"https:\/\/www.monaco-tribune.com\/en\/wp-json\/wp\/v2\/media\/228222"}],"wp:attachment":[{"href":"https:\/\/www.monaco-tribune.com\/en\/wp-json\/wp\/v2\/media?parent=228632"}],"wp:term":[{"taxonomy":"category","embeddable":true,"href":"https:\/\/www.monaco-tribune.com\/en\/wp-json\/wp\/v2\/categories?post=228632"},{"taxonomy":"post_tag","embeddable":true,"href":"https:\/\/www.monaco-tribune.com\/en\/wp-json\/wp\/v2\/tags?post=228632"},{"taxonomy":"sectag","embeddable":true,"href":"https:\/\/www.monaco-tribune.com\/en\/wp-json\/wp\/v2\/post_sectags?post=228632"},{"taxonomy":"format","embeddable":true,"href":"https:\/\/www.monaco-tribune.com\/en\/wp-json\/wp\/v2\/post_format?post=228632"}],"curies":[{"name":"wp","href":"https:\/\/api.w.org\/{rel}","templated":true}]}}