{"id":231424,"date":"2024-05-06T13:10:51","date_gmt":"2024-05-06T11:10:51","guid":{"rendered":"https:\/\/www.monaco-tribune.com\/2024\/05\/whats-on-in-monaco-in-may-2024\/"},"modified":"2024-05-06T13:16:35","modified_gmt":"2024-05-06T11:16:35","slug":"whats-on-in-monaco-in-may-2024","status":"publish","type":"post","link":"https:\/\/www.monaco-tribune.com\/en\/2024\/05\/whats-on-in-monaco-in-may-2024\/","title":{"rendered":"What&#8217;s on in Monaco in May 2024?"},"content":{"rendered":"\n<p><strong>Monaco Tribune has compiled a list of the key events you shouldn&#8217;t miss in the Principality, as well as some ideas for outings.<\/strong>\r\n\r\n<\/p>\n\n\n\n<hr class=\"wp-block-separator has-alpha-channel-opacity\"\/>\n\n\n\n<h2 class=\"wp-block-heading\" id=\"h-14th-historical-monaco-grand-prix\">14th Historical Monaco Grand Prix<\/h2>\n\n\n\n<p>Monaco&#8217;s Historical Grand Prix is a journey through time, taking spectators back through the history of motor racing in Monaco. The Principality will be filled with the sound of engines as the cars follow the racing circuit from a bygone era.<\/p>\n\n\n\n<ul class=\"wp-block-list\">\n<li>When: <strong>May 10-12<\/strong><\/li>\n\n\n\n<li>Times: <b>May 10 \u2013 11 am to 6.20 pm, May 11 \u2013 8.15 am to 4.35 pm, May 12 \u2013 8 am to 5.40 pm<\/b><\/li>\n\n\n\n<li>Where: <strong>Monaco circuit<\/strong><\/li>\n\n\n\n<li>Prices: <strong>50 to 120 euros (<\/strong><b>except Friday, free trial, free of charge<\/b><strong>)<\/strong><\/li>\n<\/ul>\n\n\n\n<hr class=\"wp-block-separator has-alpha-channel-opacity\"\/>\n\n\n\n<h2 class=\"wp-block-heading\" id=\"h-show-gad-elmaleh-lui-meme-himself\">Show &#8211; Gad Elmaleh <em>&#8220;Lui-M\u00eame&#8221; <\/em>(Himself)<\/h2>\n\n\n\n<p>The Moroccan comedian has been on tour with his new show since February and is coming to the Principality, which he knows well, for two dates. \u00abLui-m\u00eame\u00bb, his 10th show, is already sold out.<\/p>\n\n\n\n<ul class=\"wp-block-list\">\n<li>When: <b>May 17 and 19<\/b><\/li>\n\n\n\n<li>Time: <strong>8pm<\/strong><\/li>\n\n\n\n<li>Venue: <strong>Salle des Princes, Grimaldi Forum, 10 Avenue Princesse Gr\u00e2ce<\/strong><\/li>\n\n\n\n<li><strong>Sold out<\/strong><\/li>\n<\/ul>\n\n\n\n<hr class=\"wp-block-separator has-alpha-channel-opacity\"\/>\n\n\n\n<h2 class=\"wp-block-heading\" id=\"h-ligue-1-uber-eats-as-monaco-fc-nantes\">Ligue 1 Uber Eats &#8211; AS Monaco &#8211; FC Nantes<\/h2>\n\n\n\n<p>34th match day in the Uber Eats Ligue 1, and Monaco is at home to Nantes for the closing match of the season. Perhaps a &#8216;victory lap&#8217; win at the Louis II stadium to celebrate AS Monaco&#8217;s qualification for the Champions League next season?<\/p>\n\n\n\n<p class=\"related\"><a href=\"https:\/\/www.monaco-tribune.com\/en\/2024\/05\/ligue-1-masterful-as-monaco-brush-aside-clermont-foot\/\">Ligue 1: Masterful AS Monaco brush aside Clermont Foot<\/a><\/p>\n\n\n\n<ul class=\"wp-block-list\">\n<li>Date: <strong>May 19<\/strong><\/li>\n\n\n\n<li>Time: <strong>9pm<\/strong><\/li>\n\n\n\n<li>Where: <strong>Stade Louis II, 7 Avenue des Castelans<\/strong><\/li>\n\n\n\n<li>Prices:<strong> 8 to 85 euros<\/strong><\/li>\n<\/ul>\n\n\n\n<hr class=\"wp-block-separator has-alpha-channel-opacity\"\/>\n\n\n\n<h2 class=\"wp-block-heading\" id=\"h-concert-louane-le-club-des-sentiments\">Concert &#8211; Louane <em>&#8220;Le Club Des Sentiments&#8221;<\/em><\/h2>\n\n\n\n<p>After two diamond albums and a third album \u00abJoie de vivre\u00bb that went platinum, Louane is back on stage with \u00abLe Club des Sentiments\u00bb, an intimist theatre tour for the artist and her fans.<\/p>\n\n\n\n<ul class=\"wp-block-list\">\n<li>When: <strong>May 22<\/strong><\/li>\n\n\n\n<li>Time: <strong>8.30pm<\/strong><\/li>\n\n\n\n<li>Venue: <strong>Salle des Princes, Grimaldi Forum, 10 Avenue Princesse Gr\u00e2ce<\/strong><\/li>\n\n\n\n<li>Prices: <strong>from<\/strong> \u20ac<strong>41,50 to \u20ac52<\/strong><\/li>\n<\/ul>\n\n\n\n<hr class=\"wp-block-separator has-alpha-channel-opacity\"\/>\n\n\n\n<h2 class=\"wp-block-heading\" id=\"h-monaco-formula-1-grand-prix-2024\">Monaco Formula 1 Grand Prix 2024<\/h2>\n\n\n\n<p>The 81st edition of the Monaco Formula 1 Grand Prix, with its legendary track, will be one of the major events of this season. The Principality will be buzzing as it hosts the 8th leg of the 2024 Formula 1 World Championship over 4 days. Who will succeed Max Verstappen on the top step of the podium this year?<\/p>\n\n\n\n<p class=\"related\"><a href=\"https:\/\/www.monaco-tribune.com\/en\/2024\/04\/f1-calendar-2025\/\">F1 Calendar 2025<\/a><\/p>\n\n\n\n<ul class=\"wp-block-list\">\n<li>When: <b>May 23-26<\/b><\/li>\n\n\n\n<li>Times: <b>May 23 \u2013 1.10 pm to 5.15 pm, May 24 \u2013 11.05 am to 7.15 pm, May 25 \u2013 10.45 am to 5 pm, May 26 \u2013 8 am to 5 pm<\/b><\/li>\n\n\n\n<li>Where: <strong><strong>Monaco Circuit<\/strong><\/strong><\/li>\n\n\n\n<li>Prices: <strong>from \u20ac30 to \u20ac1,665<\/strong><\/li>\n<\/ul>\n\n\n\n<hr class=\"wp-block-separator has-alpha-channel-opacity\"\/>\n\n\n\n<h2 class=\"wp-block-heading\" id=\"h-ideas-for-outings\">Ideas for outings<\/h2>\n\n\n\n<ul class=\"wp-block-list\">\n<li><b>Until 29 September<\/b> <b>2024<\/b> : <a href=\"https:\/\/www.monaco-tribune.com\/en\/2024\/04\/villa-sauber-retrospective-on-pier-paolo-pasolinis-work\/\">Pasolini exhibition in Chiaroscuro<\/a> \/ Nouveau Mus\u00e9e National de Monaco<\/li>\n\n\n\n<li><b>May 7<\/b>: Conference \u2013 \u201cTara Pacific, une mission au coeur du corail\u201d \/ Lyc\u00e9e Rainier III \u2013 7pm<\/li>\n\n\n\n<li><b>May 7<\/b>: Theatre \u2013 \u201cDeux amis \u2013 Pascal Rambert\u201d \/ Th\u00e9\u00e2tre Princesse Grace \u2013 8pm<\/li>\n\n\n\n<li><b>May 11:<\/b>&nbsp;Festival des \u00c9toil\u00e9s Monte-Carlo \u2013 \u00abUn 4 mains Marcel Ravin x David Toutain\u00bb \/ Blue Bay Marcel Ravin<\/li>\n\n\n\n<li><b>May 15<\/b>: Family Cinema-concert \u2013 \u00abCharlie Chaplin&#8217;s The Kid\u00bb \/ Salle Garnier \u2013 3pm<\/li>\n\n\n\n<li><b>May 15<\/b>: Show \u2013 \u00ab Psych\u00e9 \u00bb \/ Auditorium Rainier III \u2013 6pm<\/li>\n\n\n\n<li><b>May 16<\/b>: Theatre \u2013 \u201cSilence on tourne\u201d \/ Th\u00e9\u00e2tre des Vari\u00e9t\u00e9s \u2013 8.30pm<\/li>\n\n\n\n<li><b>May 17<\/b>: Tout l&#8217;Art du Cin\u00e9ma \u2013 \u201cCinema-concert \u2013 La Passion de Jeanne d&#8217;Arc\u201d \/ Salle Garnier \u2013 8pm<\/li>\n\n\n\n<li><b>May 18<\/b>: Event \u2013 \u201cNight at the Museum,at the Botanical Centre\u201d \/ Centre Botanique de Monaco \u2013 from 9 pm to 10.30 pm<\/li>\n\n\n\n<li><b>May 28:<\/b> The art of cinema \u2013 Tout l\u2019Art du Cin\u00e9ma \u2013 \u00ab Douleur et Gloire \u00bb \/ Th\u00e9\u00e2tre des Vari\u00e9t\u00e9s &#8211; 8 pm<\/li>\n\n\n\n<li><strong>31 May<\/strong>: Concert &#8211; &#8220;Carlos Lopes&#8221; \/ La Note Bleue &#8211; 9pm<\/li>\n<\/ul>\n","protected":false},"excerpt":{"rendered":"<p>Monaco Tribune has compiled a list of the key events you shouldn&#8217;t miss in the Principality, as well as some [&hellip;]<\/p>\n","protected":false},"author":76,"featured_media":231062,"comment_status":"closed","ping_status":"closed","sticky":false,"template":"","format":"standard","meta":{"_acf_changed":false,"footnotes":""},"categories":[1825,243,251],"tags":[2844],"post_sectags":[],"post_format":[2452],"class_list":["post-231424","post","type-post","status-publish","format-standard","has-post-thumbnail","hentry","category-editors-choice","category-news","category-whats-on","tag-events-en","format-events"],"acf":[],"yoast_head":"<!-- This site is optimized with the Yoast SEO Premium plugin v26.8 (Yoast SEO v27.4) - https:\/\/yoast.com\/product\/yoast-seo-premium-wordpress\/ -->\n<title>What&#039;s on in Monaco in May 2024?<\/title>\n<meta name=\"description\" content=\"Monaco Tribune has compiled a list of the key events you shouldn&#039;t miss in the Principality, as well as some ideas for outings. 14th Historical Monaco\" \/>\n<meta name=\"robots\" content=\"index, follow, max-snippet:-1, max-image-preview:large, max-video-preview:-1\" \/>\n<link rel=\"canonical\" href=\"https:\/\/www.monaco-tribune.com\/en\/2024\/05\/whats-on-in-monaco-in-may-2024\/\" \/>\n<meta property=\"og:locale\" content=\"en_US\" \/>\n<meta property=\"og:type\" content=\"article\" \/>\n<meta property=\"og:title\" content=\"What&#039;s on in Monaco in May 2024? - Monaco Tribune\" \/>\n<meta property=\"og:description\" content=\"Monaco Tribune has compiled a list of the key events you shouldn&#039;t miss in the Principality, as well as some ideas for outings. 14th Historical Monaco\" \/>\n<meta property=\"og:url\" content=\"https:\/\/www.monaco-tribune.com\/en\/2024\/05\/whats-on-in-monaco-in-may-2024\/\" \/>\n<meta property=\"og:site_name\" content=\"Monaco Tribune\" \/>\n<meta property=\"article:publisher\" content=\"https:\/\/www.facebook.com\/MonacoTribune\" \/>\n<meta property=\"article:published_time\" content=\"2024-05-06T11:10:51+00:00\" \/>\n<meta property=\"article:modified_time\" content=\"2024-05-06T11:16:35+00:00\" \/>\n<meta property=\"og:image\" content=\"https:\/\/www.monaco-tribune.com\/wp-content\/uploads\/2024\/05\/le-grand-prix-de-formule-1-de-monaco-2024-evenement-majeur-du-mois-de-mai1.jpeg\" \/>\n\t<meta property=\"og:image:width\" content=\"1200\" \/>\n\t<meta property=\"og:image:height\" content=\"675\" \/>\n\t<meta property=\"og:image:type\" content=\"image\/jpeg\" \/>\n<meta name=\"author\" content=\"Killian Masurier\" \/>\n<meta name=\"twitter:card\" content=\"summary_large_image\" \/>\n<meta name=\"twitter:creator\" content=\"@MonacoTribune\" \/>\n<meta name=\"twitter:site\" content=\"@MonacoTribune\" \/>\n<script type=\"application\/ld+json\" class=\"yoast-schema-graph\">{\"@context\":\"https:\\\/\\\/schema.org\",\"@graph\":[{\"@type\":\"NewsArticle\",\"@id\":\"https:\\\/\\\/www.monaco-tribune.com\\\/en\\\/2024\\\/05\\\/whats-on-in-monaco-in-may-2024\\\/#article\",\"isPartOf\":{\"@id\":\"https:\\\/\\\/www.monaco-tribune.com\\\/en\\\/2024\\\/05\\\/whats-on-in-monaco-in-may-2024\\\/\"},\"author\":{\"name\":\"Killian Masurier\",\"@id\":\"https:\\\/\\\/www.monaco-tribune.com\\\/en\\\/#\\\/schema\\\/person\\\/430d20b322a92cf77ed693c80401a9f1\"},\"headline\":\"What&#8217;s on in Monaco in May 2024?\",\"datePublished\":\"2024-05-06T11:10:51+00:00\",\"dateModified\":\"2024-05-06T11:16:35+00:00\",\"mainEntityOfPage\":{\"@id\":\"https:\\\/\\\/www.monaco-tribune.com\\\/en\\\/2024\\\/05\\\/whats-on-in-monaco-in-may-2024\\\/\"},\"wordCount\":542,\"publisher\":{\"@id\":\"https:\\\/\\\/www.monaco-tribune.com\\\/en\\\/#organization\"},\"image\":{\"@id\":\"https:\\\/\\\/www.monaco-tribune.com\\\/en\\\/2024\\\/05\\\/whats-on-in-monaco-in-may-2024\\\/#primaryimage\"},\"thumbnailUrl\":\"https:\\\/\\\/www.monaco-tribune.com\\\/wp-content\\\/uploads\\\/2024\\\/05\\\/le-grand-prix-de-formule-1-de-monaco-2024-evenement-majeur-du-mois-de-mai1.jpeg\",\"keywords\":[\"Events\"],\"articleSection\":[\"Editor&#039;s choice\",\"News\",\"What&#039;s on\"],\"inLanguage\":\"en-US\",\"copyrightYear\":\"2024\",\"copyrightHolder\":{\"@id\":\"https:\\\/\\\/www.monaco-tribune.com\\\/#organization\"}},{\"@type\":\"WebPage\",\"@id\":\"https:\\\/\\\/www.monaco-tribune.com\\\/en\\\/2024\\\/05\\\/whats-on-in-monaco-in-may-2024\\\/\",\"url\":\"https:\\\/\\\/www.monaco-tribune.com\\\/en\\\/2024\\\/05\\\/whats-on-in-monaco-in-may-2024\\\/\",\"name\":\"What's on in Monaco in May 2024?\",\"isPartOf\":{\"@id\":\"https:\\\/\\\/www.monaco-tribune.com\\\/en\\\/#website\"},\"primaryImageOfPage\":{\"@id\":\"https:\\\/\\\/www.monaco-tribune.com\\\/en\\\/2024\\\/05\\\/whats-on-in-monaco-in-may-2024\\\/#primaryimage\"},\"image\":{\"@id\":\"https:\\\/\\\/www.monaco-tribune.com\\\/en\\\/2024\\\/05\\\/whats-on-in-monaco-in-may-2024\\\/#primaryimage\"},\"thumbnailUrl\":\"https:\\\/\\\/www.monaco-tribune.com\\\/wp-content\\\/uploads\\\/2024\\\/05\\\/le-grand-prix-de-formule-1-de-monaco-2024-evenement-majeur-du-mois-de-mai1.jpeg\",\"datePublished\":\"2024-05-06T11:10:51+00:00\",\"dateModified\":\"2024-05-06T11:16:35+00:00\",\"description\":\"Monaco Tribune has compiled a list of the key events you shouldn't miss in the Principality, as well as some ideas for outings. 14th Historical Monaco\",\"breadcrumb\":{\"@id\":\"https:\\\/\\\/www.monaco-tribune.com\\\/en\\\/2024\\\/05\\\/whats-on-in-monaco-in-may-2024\\\/#breadcrumb\"},\"inLanguage\":\"en-US\",\"potentialAction\":[{\"@type\":\"ReadAction\",\"target\":[\"https:\\\/\\\/www.monaco-tribune.com\\\/en\\\/2024\\\/05\\\/whats-on-in-monaco-in-may-2024\\\/\"]}]},{\"@type\":\"ImageObject\",\"inLanguage\":\"en-US\",\"@id\":\"https:\\\/\\\/www.monaco-tribune.com\\\/en\\\/2024\\\/05\\\/whats-on-in-monaco-in-may-2024\\\/#primaryimage\",\"url\":\"https:\\\/\\\/www.monaco-tribune.com\\\/wp-content\\\/uploads\\\/2024\\\/05\\\/le-grand-prix-de-formule-1-de-monaco-2024-evenement-majeur-du-mois-de-mai1.jpeg\",\"contentUrl\":\"https:\\\/\\\/www.monaco-tribune.com\\\/wp-content\\\/uploads\\\/2024\\\/05\\\/le-grand-prix-de-formule-1-de-monaco-2024-evenement-majeur-du-mois-de-mai1.jpeg\",\"width\":1200,\"height\":675,\"caption\":\"The Formula 1 Grand Prix of Monaco 2024, a major event this month \u00a9 X\\\/ F1\"},{\"@type\":\"BreadcrumbList\",\"@id\":\"https:\\\/\\\/www.monaco-tribune.com\\\/en\\\/2024\\\/05\\\/whats-on-in-monaco-in-may-2024\\\/#breadcrumb\",\"itemListElement\":[{\"@type\":\"ListItem\",\"position\":1,\"name\":\"Accueil\",\"item\":\"https:\\\/\\\/www.monaco-tribune.com\\\/en\\\/\"},{\"@type\":\"ListItem\",\"position\":2,\"name\":\"What&rsquo;s on in Monaco in May 2024?\"}]},{\"@type\":\"WebSite\",\"@id\":\"https:\\\/\\\/www.monaco-tribune.com\\\/en\\\/#website\",\"url\":\"https:\\\/\\\/www.monaco-tribune.com\\\/en\\\/\",\"name\":\"Monaco Tribune\",\"description\":\"Monaco : actualit\u00e9s \u00e9conomiques, politiques, culturelles et sportives de Monaco et de la French Riviera.\",\"publisher\":{\"@id\":\"https:\\\/\\\/www.monaco-tribune.com\\\/en\\\/#organization\"},\"potentialAction\":[{\"@type\":\"SearchAction\",\"target\":{\"@type\":\"EntryPoint\",\"urlTemplate\":\"https:\\\/\\\/www.monaco-tribune.com\\\/en\\\/?s={search_term_string}\"},\"query-input\":{\"@type\":\"PropertyValueSpecification\",\"valueRequired\":true,\"valueName\":\"search_term_string\"}}],\"inLanguage\":\"en-US\"},{\"@type\":\"Organization\",\"@id\":\"https:\\\/\\\/www.monaco-tribune.com\\\/en\\\/#organization\",\"name\":\"Monaco Tribune\",\"url\":\"https:\\\/\\\/www.monaco-tribune.com\\\/en\\\/\",\"logo\":{\"@type\":\"ImageObject\",\"inLanguage\":\"en-US\",\"@id\":\"https:\\\/\\\/www.monaco-tribune.com\\\/en\\\/#\\\/schema\\\/logo\\\/image\\\/\",\"url\":\"https:\\\/\\\/www.monaco-tribune.com\\\/wp-content\\\/uploads\\\/2022\\\/11\\\/logo-monaco-tribune.png\",\"contentUrl\":\"https:\\\/\\\/www.monaco-tribune.com\\\/wp-content\\\/uploads\\\/2022\\\/11\\\/logo-monaco-tribune.png\",\"width\":1548,\"height\":600,\"caption\":\"Monaco Tribune\"},\"image\":{\"@id\":\"https:\\\/\\\/www.monaco-tribune.com\\\/en\\\/#\\\/schema\\\/logo\\\/image\\\/\"},\"sameAs\":[\"https:\\\/\\\/www.facebook.com\\\/MonacoTribune\",\"https:\\\/\\\/x.com\\\/MonacoTribune\",\"https:\\\/\\\/www.instagram.com\\\/monacotribune\\\/\",\"https:\\\/\\\/www.linkedin.com\\\/company\\\/monaco-tribune\",\"https:\\\/\\\/www.youtube.com\\\/channel\\\/UCHle1MnG6hw1y4lWKijVbMA\"]},{\"@type\":\"Person\",\"@id\":\"https:\\\/\\\/www.monaco-tribune.com\\\/en\\\/#\\\/schema\\\/person\\\/430d20b322a92cf77ed693c80401a9f1\",\"name\":\"Killian Masurier\",\"image\":{\"@type\":\"ImageObject\",\"inLanguage\":\"en-US\",\"@id\":\"https:\\\/\\\/secure.gravatar.com\\\/avatar\\\/2b945dc7d96e6fec85032621c16cd3de6e31a754758f25fdb5adce4ef6696a8e?s=96&d=mm&r=g\",\"url\":\"https:\\\/\\\/secure.gravatar.com\\\/avatar\\\/2b945dc7d96e6fec85032621c16cd3de6e31a754758f25fdb5adce4ef6696a8e?s=96&d=mm&r=g\",\"contentUrl\":\"https:\\\/\\\/secure.gravatar.com\\\/avatar\\\/2b945dc7d96e6fec85032621c16cd3de6e31a754758f25fdb5adce4ef6696a8e?s=96&d=mm&r=g\",\"caption\":\"Killian Masurier\"},\"url\":\"https:\\\/\\\/www.monaco-tribune.com\\\/en\\\/author\\\/killianmasurier\\\/\"}]}<\/script>\n<!-- \/ Yoast SEO Premium plugin. -->","yoast_head_json":{"title":"What's on in Monaco in May 2024?","description":"Monaco Tribune has compiled a list of the key events you shouldn't miss in the Principality, as well as some ideas for outings. 14th Historical Monaco","robots":{"index":"index","follow":"follow","max-snippet":"max-snippet:-1","max-image-preview":"max-image-preview:large","max-video-preview":"max-video-preview:-1"},"canonical":"https:\/\/www.monaco-tribune.com\/en\/2024\/05\/whats-on-in-monaco-in-may-2024\/","og_locale":"en_US","og_type":"article","og_title":"What's on in Monaco in May 2024? - Monaco Tribune","og_description":"Monaco Tribune has compiled a list of the key events you shouldn't miss in the Principality, as well as some ideas for outings. 14th Historical Monaco","og_url":"https:\/\/www.monaco-tribune.com\/en\/2024\/05\/whats-on-in-monaco-in-may-2024\/","og_site_name":"Monaco Tribune","article_publisher":"https:\/\/www.facebook.com\/MonacoTribune","article_published_time":"2024-05-06T11:10:51+00:00","article_modified_time":"2024-05-06T11:16:35+00:00","og_image":[{"width":1200,"height":675,"url":"https:\/\/www.monaco-tribune.com\/wp-content\/uploads\/2024\/05\/le-grand-prix-de-formule-1-de-monaco-2024-evenement-majeur-du-mois-de-mai1.jpeg","type":"image\/jpeg"}],"author":"Killian Masurier","twitter_card":"summary_large_image","twitter_creator":"@MonacoTribune","twitter_site":"@MonacoTribune","schema":{"@context":"https:\/\/schema.org","@graph":[{"@type":"NewsArticle","@id":"https:\/\/www.monaco-tribune.com\/en\/2024\/05\/whats-on-in-monaco-in-may-2024\/#article","isPartOf":{"@id":"https:\/\/www.monaco-tribune.com\/en\/2024\/05\/whats-on-in-monaco-in-may-2024\/"},"author":{"name":"Killian Masurier","@id":"https:\/\/www.monaco-tribune.com\/en\/#\/schema\/person\/430d20b322a92cf77ed693c80401a9f1"},"headline":"What&#8217;s on in Monaco in May 2024?","datePublished":"2024-05-06T11:10:51+00:00","dateModified":"2024-05-06T11:16:35+00:00","mainEntityOfPage":{"@id":"https:\/\/www.monaco-tribune.com\/en\/2024\/05\/whats-on-in-monaco-in-may-2024\/"},"wordCount":542,"publisher":{"@id":"https:\/\/www.monaco-tribune.com\/en\/#organization"},"image":{"@id":"https:\/\/www.monaco-tribune.com\/en\/2024\/05\/whats-on-in-monaco-in-may-2024\/#primaryimage"},"thumbnailUrl":"https:\/\/www.monaco-tribune.com\/wp-content\/uploads\/2024\/05\/le-grand-prix-de-formule-1-de-monaco-2024-evenement-majeur-du-mois-de-mai1.jpeg","keywords":["Events"],"articleSection":["Editor&#039;s choice","News","What&#039;s on"],"inLanguage":"en-US","copyrightYear":"2024","copyrightHolder":{"@id":"https:\/\/www.monaco-tribune.com\/#organization"}},{"@type":"WebPage","@id":"https:\/\/www.monaco-tribune.com\/en\/2024\/05\/whats-on-in-monaco-in-may-2024\/","url":"https:\/\/www.monaco-tribune.com\/en\/2024\/05\/whats-on-in-monaco-in-may-2024\/","name":"What's on in Monaco in May 2024?","isPartOf":{"@id":"https:\/\/www.monaco-tribune.com\/en\/#website"},"primaryImageOfPage":{"@id":"https:\/\/www.monaco-tribune.com\/en\/2024\/05\/whats-on-in-monaco-in-may-2024\/#primaryimage"},"image":{"@id":"https:\/\/www.monaco-tribune.com\/en\/2024\/05\/whats-on-in-monaco-in-may-2024\/#primaryimage"},"thumbnailUrl":"https:\/\/www.monaco-tribune.com\/wp-content\/uploads\/2024\/05\/le-grand-prix-de-formule-1-de-monaco-2024-evenement-majeur-du-mois-de-mai1.jpeg","datePublished":"2024-05-06T11:10:51+00:00","dateModified":"2024-05-06T11:16:35+00:00","description":"Monaco Tribune has compiled a list of the key events you shouldn't miss in the Principality, as well as some ideas for outings. 14th Historical Monaco","breadcrumb":{"@id":"https:\/\/www.monaco-tribune.com\/en\/2024\/05\/whats-on-in-monaco-in-may-2024\/#breadcrumb"},"inLanguage":"en-US","potentialAction":[{"@type":"ReadAction","target":["https:\/\/www.monaco-tribune.com\/en\/2024\/05\/whats-on-in-monaco-in-may-2024\/"]}]},{"@type":"ImageObject","inLanguage":"en-US","@id":"https:\/\/www.monaco-tribune.com\/en\/2024\/05\/whats-on-in-monaco-in-may-2024\/#primaryimage","url":"https:\/\/www.monaco-tribune.com\/wp-content\/uploads\/2024\/05\/le-grand-prix-de-formule-1-de-monaco-2024-evenement-majeur-du-mois-de-mai1.jpeg","contentUrl":"https:\/\/www.monaco-tribune.com\/wp-content\/uploads\/2024\/05\/le-grand-prix-de-formule-1-de-monaco-2024-evenement-majeur-du-mois-de-mai1.jpeg","width":1200,"height":675,"caption":"The Formula 1 Grand Prix of Monaco 2024, a major event this month \u00a9 X\/ F1"},{"@type":"BreadcrumbList","@id":"https:\/\/www.monaco-tribune.com\/en\/2024\/05\/whats-on-in-monaco-in-may-2024\/#breadcrumb","itemListElement":[{"@type":"ListItem","position":1,"name":"Accueil","item":"https:\/\/www.monaco-tribune.com\/en\/"},{"@type":"ListItem","position":2,"name":"What&rsquo;s on in Monaco in May 2024?"}]},{"@type":"WebSite","@id":"https:\/\/www.monaco-tribune.com\/en\/#website","url":"https:\/\/www.monaco-tribune.com\/en\/","name":"Monaco Tribune","description":"Monaco : actualit\u00e9s \u00e9conomiques, politiques, culturelles et sportives de Monaco et de la French Riviera.","publisher":{"@id":"https:\/\/www.monaco-tribune.com\/en\/#organization"},"potentialAction":[{"@type":"SearchAction","target":{"@type":"EntryPoint","urlTemplate":"https:\/\/www.monaco-tribune.com\/en\/?s={search_term_string}"},"query-input":{"@type":"PropertyValueSpecification","valueRequired":true,"valueName":"search_term_string"}}],"inLanguage":"en-US"},{"@type":"Organization","@id":"https:\/\/www.monaco-tribune.com\/en\/#organization","name":"Monaco Tribune","url":"https:\/\/www.monaco-tribune.com\/en\/","logo":{"@type":"ImageObject","inLanguage":"en-US","@id":"https:\/\/www.monaco-tribune.com\/en\/#\/schema\/logo\/image\/","url":"https:\/\/www.monaco-tribune.com\/wp-content\/uploads\/2022\/11\/logo-monaco-tribune.png","contentUrl":"https:\/\/www.monaco-tribune.com\/wp-content\/uploads\/2022\/11\/logo-monaco-tribune.png","width":1548,"height":600,"caption":"Monaco Tribune"},"image":{"@id":"https:\/\/www.monaco-tribune.com\/en\/#\/schema\/logo\/image\/"},"sameAs":["https:\/\/www.facebook.com\/MonacoTribune","https:\/\/x.com\/MonacoTribune","https:\/\/www.instagram.com\/monacotribune\/","https:\/\/www.linkedin.com\/company\/monaco-tribune","https:\/\/www.youtube.com\/channel\/UCHle1MnG6hw1y4lWKijVbMA"]},{"@type":"Person","@id":"https:\/\/www.monaco-tribune.com\/en\/#\/schema\/person\/430d20b322a92cf77ed693c80401a9f1","name":"Killian Masurier","image":{"@type":"ImageObject","inLanguage":"en-US","@id":"https:\/\/secure.gravatar.com\/avatar\/2b945dc7d96e6fec85032621c16cd3de6e31a754758f25fdb5adce4ef6696a8e?s=96&d=mm&r=g","url":"https:\/\/secure.gravatar.com\/avatar\/2b945dc7d96e6fec85032621c16cd3de6e31a754758f25fdb5adce4ef6696a8e?s=96&d=mm&r=g","contentUrl":"https:\/\/secure.gravatar.com\/avatar\/2b945dc7d96e6fec85032621c16cd3de6e31a754758f25fdb5adce4ef6696a8e?s=96&d=mm&r=g","caption":"Killian Masurier"},"url":"https:\/\/www.monaco-tribune.com\/en\/author\/killianmasurier\/"}]}},"_links":{"self":[{"href":"https:\/\/www.monaco-tribune.com\/en\/wp-json\/wp\/v2\/posts\/231424","targetHints":{"allow":["GET"]}}],"collection":[{"href":"https:\/\/www.monaco-tribune.com\/en\/wp-json\/wp\/v2\/posts"}],"about":[{"href":"https:\/\/www.monaco-tribune.com\/en\/wp-json\/wp\/v2\/types\/post"}],"author":[{"embeddable":true,"href":"https:\/\/www.monaco-tribune.com\/en\/wp-json\/wp\/v2\/users\/76"}],"replies":[{"embeddable":true,"href":"https:\/\/www.monaco-tribune.com\/en\/wp-json\/wp\/v2\/comments?post=231424"}],"version-history":[{"count":2,"href":"https:\/\/www.monaco-tribune.com\/en\/wp-json\/wp\/v2\/posts\/231424\/revisions"}],"predecessor-version":[{"id":231430,"href":"https:\/\/www.monaco-tribune.com\/en\/wp-json\/wp\/v2\/posts\/231424\/revisions\/231430"}],"wp:featuredmedia":[{"embeddable":true,"href":"https:\/\/www.monaco-tribune.com\/en\/wp-json\/wp\/v2\/media\/231062"}],"wp:attachment":[{"href":"https:\/\/www.monaco-tribune.com\/en\/wp-json\/wp\/v2\/media?parent=231424"}],"wp:term":[{"taxonomy":"category","embeddable":true,"href":"https:\/\/www.monaco-tribune.com\/en\/wp-json\/wp\/v2\/categories?post=231424"},{"taxonomy":"post_tag","embeddable":true,"href":"https:\/\/www.monaco-tribune.com\/en\/wp-json\/wp\/v2\/tags?post=231424"},{"taxonomy":"sectag","embeddable":true,"href":"https:\/\/www.monaco-tribune.com\/en\/wp-json\/wp\/v2\/post_sectags?post=231424"},{"taxonomy":"format","embeddable":true,"href":"https:\/\/www.monaco-tribune.com\/en\/wp-json\/wp\/v2\/post_format?post=231424"}],"curies":[{"name":"wp","href":"https:\/\/api.w.org\/{rel}","templated":true}]}}