{"id":233581,"date":"2024-05-21T17:36:03","date_gmt":"2024-05-21T15:36:03","guid":{"rendered":"https:\/\/www.monaco-tribune.com\/2024\/05\/princess-grace-foundation-60-years-of-support-for-sick-children-and-culture\/"},"modified":"2024-05-21T17:47:32","modified_gmt":"2024-05-21T15:47:32","slug":"princess-grace-foundation-60-years-of-support-for-sick-children-and-culture","status":"publish","type":"post","link":"https:\/\/www.monaco-tribune.com\/en\/2024\/05\/princess-grace-foundation-60-years-of-support-for-sick-children-and-culture\/","title":{"rendered":"Princess Grace Foundation: 60 years of support for sick children and culture"},"content":{"rendered":"\n<p><strong>We met up with Caroline O&#8217;Conor for whom the Foundation has become &#8220;second nature&#8221;.<\/strong><\/p>\n\n<p>The Princess Grace Foundation is as solid as the Rock it stands on. A Foundation that took on the name of Princess Grace, still synonymous today with hope, solidarity and kindness.<\/p>\n\n<p>Founded in 1964 at the behest of Princess Grace, the famous institution is celebrating its 60th anniversary this year. Six decades dedicated to helping sick children and their parents, and to promoting Irish and Monegasque culture.<\/p>\n\n<h2 class=\"wp-block-heading\" id=\"h-au-commencement-un-soutien-a-la-culture-locale\">At first: support for local culture<\/h2>\n\n<p>From the outset, the Foundation was destined to become an essential pillar of Monegasque life. Its aim was to support local culture and the know-how that was specific to the Principality through two stores (La Boutique du Rocher), which would only sell locally-designed objects.<\/p>\n<div class=\"wp-block-image\">\n<figure class=\"aligncenter size-large\"><img loading=\"lazy\" decoding=\"async\" width=\"1024\" height=\"683\" src=\"https:\/\/www.monaco-tribune.com\/wp-content\/uploads\/2024\/05\/la-boutique-du-rocher-1024x683.jpg\" alt=\"la-boutique-du-rocher\" class=\"wp-image-233006\" srcset=\"https:\/\/www.monaco-tribune.com\/wp-content\/uploads\/2024\/05\/la-boutique-du-rocher-1024x683.jpg 1024w, https:\/\/www.monaco-tribune.com\/wp-content\/uploads\/2024\/05\/la-boutique-du-rocher-450x300.jpg 450w, https:\/\/www.monaco-tribune.com\/wp-content\/uploads\/2024\/05\/la-boutique-du-rocher.jpg 1200w\" sizes=\"auto, (max-width: 1024px) 100vw, 1024px\" \/><figcaption class=\"wp-element-caption\"><em>La Boutique du Rocher in Monte-Carlo \u00a9 La Boutique du Rocher\/ Facebook<\/em><\/figcaption><\/figure>\n<\/div>\n<p>These shops still exist and are popular with both tourists and Monegasques. Candles, soaps, bags, pottery, linen, embroidery, everything comes from local craftspeople. As soon as they cross the threshold, a delicious aroma meets visitors and invites them to discover the fine details of the objects sold in the shop.<\/p>\n<div class=\"wp-block-image\">\n<figure class=\"aligncenter size-large is-resized\"><img loading=\"lazy\" decoding=\"async\" width=\"768\" height=\"1024\" src=\"https:\/\/www.monaco-tribune.com\/wp-content\/uploads\/2024\/05\/objets-boutique-du-rocher-768x1024.jpg\" alt=\"objets-boutique-du-rocher\" class=\"wp-image-233012\" style=\"width:532px;height:auto\" srcset=\"https:\/\/www.monaco-tribune.com\/wp-content\/uploads\/2024\/05\/objets-boutique-du-rocher-768x1024.jpg 768w, https:\/\/www.monaco-tribune.com\/wp-content\/uploads\/2024\/05\/objets-boutique-du-rocher-225x300.jpg 225w, https:\/\/www.monaco-tribune.com\/wp-content\/uploads\/2024\/05\/objets-boutique-du-rocher.jpg 1500w\" sizes=\"auto, (max-width: 768px) 100vw, 768px\" \/><\/figure>\n<\/div>\n<p><\/p>\n<div class=\"wp-block-image\">\n<figure class=\"aligncenter size-large is-resized\"><img loading=\"lazy\" decoding=\"async\" width=\"768\" height=\"1024\" src=\"https:\/\/www.monaco-tribune.com\/wp-content\/uploads\/2024\/05\/boutique-du-rocher-artisanat-local-768x1024.jpg\" alt=\"boutique-du-rocher-artisanat-local\" class=\"wp-image-233051\" style=\"width:526px;height:auto\" srcset=\"https:\/\/www.monaco-tribune.com\/wp-content\/uploads\/2024\/05\/boutique-du-rocher-artisanat-local-768x1024.jpg 768w, https:\/\/www.monaco-tribune.com\/wp-content\/uploads\/2024\/05\/boutique-du-rocher-artisanat-local-225x300.jpg 225w, https:\/\/www.monaco-tribune.com\/wp-content\/uploads\/2024\/05\/boutique-du-rocher-artisanat-local.jpg 1500w\" sizes=\"auto, (max-width: 768px) 100vw, 768px\" \/><\/figure>\n<\/div>\n<p><\/p>\n<div class=\"wp-block-image\">\n<figure class=\"aligncenter size-large\"><img loading=\"lazy\" decoding=\"async\" width=\"1024\" height=\"768\" src=\"https:\/\/www.monaco-tribune.com\/wp-content\/uploads\/2024\/05\/broderie-concue-mains-boutique-du-rocher-1024x768.jpg\" alt=\"broderie-concue-mains-boutique-du-rocher\" class=\"wp-image-233047\" srcset=\"https:\/\/www.monaco-tribune.com\/wp-content\/uploads\/2024\/05\/broderie-concue-mains-boutique-du-rocher-1024x768.jpg 1024w, https:\/\/www.monaco-tribune.com\/wp-content\/uploads\/2024\/05\/broderie-concue-mains-boutique-du-rocher-400x300.jpg 400w, https:\/\/www.monaco-tribune.com\/wp-content\/uploads\/2024\/05\/broderie-concue-mains-boutique-du-rocher.jpg 1300w\" sizes=\"auto, (max-width: 1024px) 100vw, 1024px\" \/><figcaption class=\"wp-element-caption\"><em>The embroidered goods in the Monte-Carlo boutique are handmade \u00a9 Monaco Tribune<\/em><\/figcaption><\/figure>\n<\/div>\n<p>The Princess Grace Foundation also supports an Irish Library, containing Princess Grace&#8217;s personal collection, as well as young dancers at the Princess Grace Dance Academy and young musicians at the Rainier III Academy.<\/p>\n<div class=\"wp-block-image\">\n<figure class=\"aligncenter size-large is-resized\"><img loading=\"lazy\" decoding=\"async\" width=\"768\" height=\"1024\" src=\"https:\/\/www.monaco-tribune.com\/wp-content\/uploads\/2024\/05\/bibliotheque-irlandaise-princesse-grace-768x1024.jpg\" alt=\"bibliotheque-irlandaise-princesse-grace\" class=\"wp-image-233043\" style=\"width:639px;height:auto\" srcset=\"https:\/\/www.monaco-tribune.com\/wp-content\/uploads\/2024\/05\/bibliotheque-irlandaise-princesse-grace-768x1024.jpg 768w, https:\/\/www.monaco-tribune.com\/wp-content\/uploads\/2024\/05\/bibliotheque-irlandaise-princesse-grace-225x300.jpg 225w, https:\/\/www.monaco-tribune.com\/wp-content\/uploads\/2024\/05\/bibliotheque-irlandaise-princesse-grace.jpg 1500w\" sizes=\"auto, (max-width: 768px) 100vw, 768px\" \/><figcaption class=\"wp-element-caption\"><em>Princess Grace&#8217;s personal collection at the Irish library that bears her name \u00a9 Monaco Tribune<\/em><\/figcaption><\/figure>\n<\/div>\n<p>The Foundation also grants the &#8216;Bourse de la D\u00e9couverte&#8217; (Discovery Scholarship) to writers under the age of 40, the &#8216;Coup de c\u0153ur des lyc\u00e9ens&#8217; (High School student prize) and the &#8216;Coup de coeur des jeunes musiciens&#8217; (Young Musicians&#8217; prize) in collaboration with the Prince Pierre Foundation.<\/p>\n\n<h2 class=\"wp-block-heading\" id=\"h-un-soutien-indefectible-aux-enfants-malades\"><strong>Unfailing support for sick children<\/strong><\/h2>\n\n<p>Today, when we think of the Foundation, it is not so much  the cultural side that comes to mind as its outreach to hospitalised children and their parents.<\/p>\n\n<p>The administrative director of the Foundation, Caroline O&#8217;Conor, has kept the Foundation running smoothly for some twenty years now. It is chaired by the Princess of Hanover, who took over after her mother&#8217;s accidental death in 1982.<\/p>\n\n<p class=\"related\"><a href=\"https:\/\/www.monaco-tribune.com\/en\/2023\/10\/amade-celebrates-60th-anniversary-in-monaco\/\">AMADE celebrates 60th anniversary in Monaco<\/a>&#13;\n&#13;\n<\/p>\n\n<p>Helping hospitalised children has been at the core of the Foundation\u2019s activities since 1999. This aspect has been growing ever since and the Foundation now provides invaluable material and moral support to families who are trying to cope with their child\u2019s illness. It creates a peaceful haven to try to relieve families of the concerns that go with their illness.<\/p>\n<div class=\"wp-block-image\">\n<figure class=\"aligncenter size-large\"><img loading=\"lazy\" decoding=\"async\" width=\"1024\" height=\"683\" src=\"https:\/\/www.monaco-tribune.com\/wp-content\/uploads\/2024\/05\/maison-des-parents-chu-orleans-1024x683.jpg\" alt=\"Maison-des-parents-CHU Orl&#xE9;ans\" class=\"wp-image-233060\" srcset=\"https:\/\/www.monaco-tribune.com\/wp-content\/uploads\/2024\/05\/maison-des-parents-chu-orleans-1024x683.jpg 1024w, https:\/\/www.monaco-tribune.com\/wp-content\/uploads\/2024\/05\/maison-des-parents-chu-orleans-450x300.jpg 450w, https:\/\/www.monaco-tribune.com\/wp-content\/uploads\/2024\/05\/maison-des-parents-chu-orleans.jpg 1200w\" sizes=\"auto, (max-width: 1024px) 100vw, 1024px\" \/><figcaption class=\"wp-element-caption\"><em>The Parents&#8217; House at Orl\u00e9ans University Hospital \u00a9 Princess Grace Foundation<\/em><\/figcaption><\/figure>\n<\/div>\n<p><i>&#8220;We help parents directly, there are no intermediaries. We provide them with the money directly, or we pay for their hotel or accommodation,&#8221; <\/i>\u00a0explains Caroline O&#8217;Conor, summing up the essence of the Foundation\u2019s work. As proof of its effectiveness, the funds can be released overnight if the situation demands it. This responsiveness is one of the Foundation\u2019s greatest sources of pride.<\/p>\n\n<p>In concrete terms, their support takes care of medical expenses that are not covered by social security, accommodation of parents in parents&#8217; homes and workshops and entertainment activities to brighten the children&#8217;s daily lives in hospital.<\/p>\n<div class=\"wp-block-image\">\n<figure class=\"aligncenter size-full\"><img loading=\"lazy\" decoding=\"async\" width=\"930\" height=\"620\" src=\"https:\/\/www.monaco-tribune.com\/wp-content\/uploads\/2024\/05\/mediation-animale-centre-hospitalier-aix.jpg\" alt=\"mediation-animale-centre-hospitalier-aix\" class=\"wp-image-233056\" srcset=\"https:\/\/www.monaco-tribune.com\/wp-content\/uploads\/2024\/05\/mediation-animale-centre-hospitalier-aix.jpg 930w, https:\/\/www.monaco-tribune.com\/wp-content\/uploads\/2024\/05\/mediation-animale-centre-hospitalier-aix-450x300.jpg 450w\" sizes=\"auto, (max-width: 930px) 100vw, 930px\" \/><figcaption class=\"wp-element-caption\"><em>An animal mediation session to entertain sick children at the Aix Hospital Centre \u00a9 Princess Grace Foundation<\/em><\/figcaption><\/figure>\n<\/div>\n<p><i>&#8220;Some of them are in hospital for months, they do their schoolwork in hospital. We try to entertain them, take their minds off things,&#8221;<\/i>\u00a0says Caroline O&#8217;Conor.<\/p>\n\n<h2 class=\"wp-block-heading\" id=\"h-un-partenariat-etroit-avec-le-monde-hospitalier\">A close partnership with the hospital sector<\/h2>\n\n<p><i>&#8220;We are in partnership with just over 60 children&#8217;s hospitals. We work closely with social, educational and hospital departments. They are the ones who come to us, and suggest projects. Then Mr Riey <\/i>[the general secretary and treasurer] <i>decides whether or not to respond favourably, along with the Princess of Hanover,&#8221;<\/i> says the director, stressing the importance of teamwork and consultation between all those involved.<\/p>\n<div class=\"wp-block-image\">\n<figure class=\"aligncenter size-large\"><img loading=\"lazy\" decoding=\"async\" width=\"1024\" height=\"768\" src=\"https:\/\/www.monaco-tribune.com\/wp-content\/uploads\/2024\/05\/maison-du-bonheur-1024x768.jpg\" alt=\"Maison-du-Bonheur\" class=\"wp-image-233066\" srcset=\"https:\/\/www.monaco-tribune.com\/wp-content\/uploads\/2024\/05\/maison-du-bonheur-1024x768.jpg 1024w, https:\/\/www.monaco-tribune.com\/wp-content\/uploads\/2024\/05\/maison-du-bonheur-400x300.jpg 400w, https:\/\/www.monaco-tribune.com\/wp-content\/uploads\/2024\/05\/maison-du-bonheur.jpg 1200w\" sizes=\"auto, (max-width: 1024px) 100vw, 1024px\" \/><figcaption class=\"wp-element-caption\"><em>The kitchen at the &#8216;Maison du Bonheur&#8217; (Happy House) \u00a9 Princess Grace Foundation<\/em><\/figcaption><\/figure>\n<\/div><div class=\"wp-block-image\">\n<figure class=\"aligncenter size-large\"><img loading=\"lazy\" decoding=\"async\" width=\"1024\" height=\"679\" src=\"https:\/\/www.monaco-tribune.com\/wp-content\/uploads\/2024\/05\/chambre-30m2-maison-des-parents-1024x679.jpg\" alt=\"chambre-30m2-maison-des-parents\" class=\"wp-image-233072\" srcset=\"https:\/\/www.monaco-tribune.com\/wp-content\/uploads\/2024\/05\/chambre-30m2-maison-des-parents-1024x679.jpg 1024w, https:\/\/www.monaco-tribune.com\/wp-content\/uploads\/2024\/05\/chambre-30m2-maison-des-parents-452x300.jpg 452w, https:\/\/www.monaco-tribune.com\/wp-content\/uploads\/2024\/05\/chambre-30m2-maison-des-parents.jpg 1200w\" sizes=\"auto, (max-width: 1024px) 100vw, 1024px\" \/><figcaption class=\"wp-element-caption\"><em>A 30 m\u00b2 room for families of sick children \u00a9 Princess Grace Foundation<\/em><\/figcaption><\/figure>\n<\/div>\n<p>Today, parents&#8217; homes are built more frequently near paediatric hospitals, Caroline O&#8217;Conor says, <i>&#8220;20 years ago, there were very few parents&#8217; homes. It was a real struggle for parents whose children were hospitalised. It is just not possible to leave a 5-year-old child in the hospital by themselves long term. They need to have at least one of their parents with them, or it becomes seriously problematic.&#8221;<\/i><\/p>\n\n<h2 class=\"wp-block-heading\" id=\"h-une-petite-equipe-devouee-et-passionnee\">A small, committed and enthusiastic team<\/h2>\n\n<p>Nearly 6 million euros have been donated to help some 25,000 children in 62 different French hospitals,\u20ac7.3 million were earmarked for medical research and \u20ac1.6 million to contribute to building hospital-specific parents&#8217; homes.<\/p>\n\n<blockquote class=\"wp-block-quote is-layout-flow wp-block-quote-is-layout-flow\">\n<p class=\"related\">I do everything I can to help the parents. It really makes me happy! Even when I\u2019m on holiday, I check my emails. It&#8217;s a labour of love.<\/p>\n<\/blockquote>\n\n<p>A total of \u20ac30 million has already been paid out in just 22 years. Behind this success story are Henri Riey, one of the board members, who is the Foundation&#8217;s secretary general and treasurer, and Caroline O&#8217;Conor, its administrative director. A small but efficient team, as evidenced by the hundreds of photographs, drawings and letters of thanks that line the walls of the Foundation\u2019s office.<\/p>\n\n<p><i>&#8220;I do everything I can to help the parents. It really makes me happy! Even when I\u2019m on holiday, I check my emails. It&#8217;s a labour of love. I\u2019m not just filling out forms or paperwork. There are parents who are in a great deal of distress with very sick children, and sometimes it&#8217;s heartbreaking,&#8221;<\/i> says Caroline O&#8217;Conor, showing the compassion that drives her.<\/p>\n\n<h2 class=\"wp-block-heading\" id=\"h-une-mobilisation-exemplaire-et-des-donateurs-fideles\">Outstanding support and loyal donors<\/h2>\n\n<p>The Bal de la Rose (Rose Ball), organised by the SBM in aid of the Foundation, attracts the Monegasque and international elite every year, helping to raise essential funds for its ongoing activities. This year&#8217;s Bal de la Rose, held in March, raised a remarkable \u20ac260,000, reflecting the exceptional generosity and support behind the Foundation.<\/p>\n<div class=\"wp-block-image\">\n<figure class=\"aligncenter size-large\"><img loading=\"lazy\" decoding=\"async\" width=\"1024\" height=\"683\" src=\"https:\/\/www.monaco-tribune.com\/wp-content\/uploads\/2024\/03\/bal-de-la-rose-2024-famille-princiere-monaco-1024x683.jpg\" alt=\"bal-de-la-rose-2024-famille-princiere-monaco\" class=\"wp-image-224275\" srcset=\"https:\/\/www.monaco-tribune.com\/wp-content\/uploads\/2024\/03\/bal-de-la-rose-2024-famille-princiere-monaco-1024x683.jpg 1024w, https:\/\/www.monaco-tribune.com\/wp-content\/uploads\/2024\/03\/bal-de-la-rose-2024-famille-princiere-monaco-450x300.jpg 450w, https:\/\/www.monaco-tribune.com\/wp-content\/uploads\/2024\/03\/bal-de-la-rose-2024-famille-princiere-monaco.jpg 1200w\" sizes=\"auto, (max-width: 1024px) 100vw, 1024px\" \/><figcaption class=\"wp-element-caption\">From left to right: <i>Beatrice Borromeo, Pierre Casiraghi, Gloria Gaynor, Christian Louboutin, Princess Charlene, Prince Albert II, Princess Caroline, Charlotte Casiraghi, Alexandra of Hanover and Ben-Sylvester arrive at the Rose Ball.<\/i>\u00a0\u00a9 Eric Mathon \/ Prince&#8217;s Palace<\/figcaption><\/figure>\n<\/div>\n<p>As well as the success of the Rose Ball, the Foundation can count on the unfailing support of loyal donors, including the SBM and some very regular resident donors.<\/p>\n\n<p class=\"related\"><a href=\"https:\/\/www.monaco-tribune.com\/en\/2024\/03\/princess-charlene-attends-first-bal-de-la-rose-in-10-years\/\">Princess Charlene attends first Bal de la Rose in 10 years<\/a><\/p>\n\n<p>All donations are welcome for the Foundation. Whether by cheque, bank transfer or cash, all the information you need is on <a href=\"https:\/\/www.fondation-psse-grace.mc\/en\/contacts.html\">their website<\/a>.<\/p>\n\n<p>The Princess Grace Foundation has made a difference to the lives of thousands of sick children and their families in its 60-year history. Today, the Princess of Hanover and her small team are carrying on the legacy of one of the Principality&#8217;s most emblematic Princesses: Princess Grace.<\/p>\n","protected":false},"excerpt":{"rendered":"<p>We met up with Caroline O&#8217;Conor for whom the Foundation has become &#8220;second nature&#8221;. The Princess Grace Foundation is as [&hellip;]<\/p>\n","protected":false},"author":66,"featured_media":232656,"comment_status":"closed","ping_status":"closed","sticky":false,"template":"","format":"standard","meta":{"_acf_changed":false,"footnotes":""},"categories":[1825,243,251],"tags":[2943],"post_sectags":[],"post_format":[2463],"class_list":["post-233581","post","type-post","status-publish","format-standard","has-post-thumbnail","hentry","category-editors-choice","category-news","category-whats-on","tag-charities","format-interview-en"],"acf":[],"yoast_head":"<!-- This site is optimized with the Yoast SEO Premium plugin v26.8 (Yoast SEO v27.4) - https:\/\/yoast.com\/product\/yoast-seo-premium-wordpress\/ -->\n<title>Princess Grace Foundation: 60 years of support for sick children and culture<\/title>\n<meta name=\"description\" content=\"We met up with Caroline O&#039;Conor for whom the Foundation has become &quot;second nature&quot;. The Princess Grace Foundation is as solid as the Rock it stands on. A\" \/>\n<meta name=\"robots\" content=\"index, follow, max-snippet:-1, max-image-preview:large, max-video-preview:-1\" \/>\n<link rel=\"canonical\" href=\"https:\/\/www.monaco-tribune.com\/en\/2024\/05\/princess-grace-foundation-60-years-of-support-for-sick-children-and-culture\/\" \/>\n<meta property=\"og:locale\" content=\"en_US\" \/>\n<meta property=\"og:type\" content=\"article\" \/>\n<meta property=\"og:title\" content=\"Princess Grace Foundation: 60 years of support for sick children and culture - Monaco Tribune\" \/>\n<meta property=\"og:description\" content=\"We met up with Caroline O&#039;Conor for whom the Foundation has become &quot;second nature&quot;. The Princess Grace Foundation is as solid as the Rock it stands on. A\" \/>\n<meta property=\"og:url\" content=\"https:\/\/www.monaco-tribune.com\/en\/2024\/05\/princess-grace-foundation-60-years-of-support-for-sick-children-and-culture\/\" \/>\n<meta property=\"og:site_name\" content=\"Monaco Tribune\" \/>\n<meta property=\"article:publisher\" content=\"https:\/\/www.facebook.com\/MonacoTribune\" \/>\n<meta property=\"article:published_time\" content=\"2024-05-21T15:36:03+00:00\" \/>\n<meta property=\"article:modified_time\" content=\"2024-05-21T15:47:32+00:00\" \/>\n<meta property=\"og:image\" content=\"https:\/\/www.monaco-tribune.com\/wp-content\/uploads\/2024\/05\/caroline-oconor-directrice-fondation-princesse-grace.jpg\" \/>\n\t<meta property=\"og:image:width\" content=\"1400\" \/>\n\t<meta property=\"og:image:height\" content=\"933\" \/>\n\t<meta property=\"og:image:type\" content=\"image\/jpeg\" \/>\n<meta name=\"author\" content=\"Th\u00e9o Briand\" \/>\n<meta name=\"twitter:card\" content=\"summary_large_image\" \/>\n<meta name=\"twitter:creator\" content=\"@MonacoTribune\" \/>\n<meta name=\"twitter:site\" content=\"@MonacoTribune\" \/>\n<script type=\"application\/ld+json\" class=\"yoast-schema-graph\">{\"@context\":\"https:\\\/\\\/schema.org\",\"@graph\":[{\"@type\":\"NewsArticle\",\"@id\":\"https:\\\/\\\/www.monaco-tribune.com\\\/en\\\/2024\\\/05\\\/princess-grace-foundation-60-years-of-support-for-sick-children-and-culture\\\/#article\",\"isPartOf\":{\"@id\":\"https:\\\/\\\/www.monaco-tribune.com\\\/en\\\/2024\\\/05\\\/princess-grace-foundation-60-years-of-support-for-sick-children-and-culture\\\/\"},\"author\":{\"name\":\"Th\u00e9o Briand\",\"@id\":\"https:\\\/\\\/www.monaco-tribune.com\\\/en\\\/#\\\/schema\\\/person\\\/94fb5723547bd83dea1eed97e25145aa\"},\"headline\":\"Princess Grace Foundation: 60 years of support for sick children and culture\",\"datePublished\":\"2024-05-21T15:36:03+00:00\",\"dateModified\":\"2024-05-21T15:47:32+00:00\",\"mainEntityOfPage\":{\"@id\":\"https:\\\/\\\/www.monaco-tribune.com\\\/en\\\/2024\\\/05\\\/princess-grace-foundation-60-years-of-support-for-sick-children-and-culture\\\/\"},\"wordCount\":1173,\"publisher\":{\"@id\":\"https:\\\/\\\/www.monaco-tribune.com\\\/en\\\/#organization\"},\"image\":{\"@id\":\"https:\\\/\\\/www.monaco-tribune.com\\\/en\\\/2024\\\/05\\\/princess-grace-foundation-60-years-of-support-for-sick-children-and-culture\\\/#primaryimage\"},\"thumbnailUrl\":\"https:\\\/\\\/www.monaco-tribune.com\\\/wp-content\\\/uploads\\\/2024\\\/05\\\/caroline-oconor-directrice-fondation-princesse-grace.jpg\",\"keywords\":[\"Charities\"],\"articleSection\":[\"Editor&#039;s choice\",\"News\",\"What&#039;s on\"],\"inLanguage\":\"en-US\",\"copyrightYear\":\"2024\",\"copyrightHolder\":{\"@id\":\"https:\\\/\\\/www.monaco-tribune.com\\\/#organization\"}},{\"@type\":\"WebPage\",\"@id\":\"https:\\\/\\\/www.monaco-tribune.com\\\/en\\\/2024\\\/05\\\/princess-grace-foundation-60-years-of-support-for-sick-children-and-culture\\\/\",\"url\":\"https:\\\/\\\/www.monaco-tribune.com\\\/en\\\/2024\\\/05\\\/princess-grace-foundation-60-years-of-support-for-sick-children-and-culture\\\/\",\"name\":\"Princess Grace Foundation: 60 years of support for sick children and culture\",\"isPartOf\":{\"@id\":\"https:\\\/\\\/www.monaco-tribune.com\\\/en\\\/#website\"},\"primaryImageOfPage\":{\"@id\":\"https:\\\/\\\/www.monaco-tribune.com\\\/en\\\/2024\\\/05\\\/princess-grace-foundation-60-years-of-support-for-sick-children-and-culture\\\/#primaryimage\"},\"image\":{\"@id\":\"https:\\\/\\\/www.monaco-tribune.com\\\/en\\\/2024\\\/05\\\/princess-grace-foundation-60-years-of-support-for-sick-children-and-culture\\\/#primaryimage\"},\"thumbnailUrl\":\"https:\\\/\\\/www.monaco-tribune.com\\\/wp-content\\\/uploads\\\/2024\\\/05\\\/caroline-oconor-directrice-fondation-princesse-grace.jpg\",\"datePublished\":\"2024-05-21T15:36:03+00:00\",\"dateModified\":\"2024-05-21T15:47:32+00:00\",\"description\":\"We met up with Caroline O'Conor for whom the Foundation has become \\\"second nature\\\". The Princess Grace Foundation is as solid as the Rock it stands on. A\",\"breadcrumb\":{\"@id\":\"https:\\\/\\\/www.monaco-tribune.com\\\/en\\\/2024\\\/05\\\/princess-grace-foundation-60-years-of-support-for-sick-children-and-culture\\\/#breadcrumb\"},\"inLanguage\":\"en-US\",\"potentialAction\":[{\"@type\":\"ReadAction\",\"target\":[\"https:\\\/\\\/www.monaco-tribune.com\\\/en\\\/2024\\\/05\\\/princess-grace-foundation-60-years-of-support-for-sick-children-and-culture\\\/\"]}]},{\"@type\":\"ImageObject\",\"inLanguage\":\"en-US\",\"@id\":\"https:\\\/\\\/www.monaco-tribune.com\\\/en\\\/2024\\\/05\\\/princess-grace-foundation-60-years-of-support-for-sick-children-and-culture\\\/#primaryimage\",\"url\":\"https:\\\/\\\/www.monaco-tribune.com\\\/wp-content\\\/uploads\\\/2024\\\/05\\\/caroline-oconor-directrice-fondation-princesse-grace.jpg\",\"contentUrl\":\"https:\\\/\\\/www.monaco-tribune.com\\\/wp-content\\\/uploads\\\/2024\\\/05\\\/caroline-oconor-directrice-fondation-princesse-grace.jpg\",\"width\":1400,\"height\":933,\"caption\":\"Caroline O\u2019Conor, Administrative Director \u00a9 Monaco Tribune\"},{\"@type\":\"BreadcrumbList\",\"@id\":\"https:\\\/\\\/www.monaco-tribune.com\\\/en\\\/2024\\\/05\\\/princess-grace-foundation-60-years-of-support-for-sick-children-and-culture\\\/#breadcrumb\",\"itemListElement\":[{\"@type\":\"ListItem\",\"position\":1,\"name\":\"Accueil\",\"item\":\"https:\\\/\\\/www.monaco-tribune.com\\\/en\\\/\"},{\"@type\":\"ListItem\",\"position\":2,\"name\":\"Princess Grace Foundation: 60 years of support for sick children and culture\"}]},{\"@type\":\"WebSite\",\"@id\":\"https:\\\/\\\/www.monaco-tribune.com\\\/en\\\/#website\",\"url\":\"https:\\\/\\\/www.monaco-tribune.com\\\/en\\\/\",\"name\":\"Monaco Tribune\",\"description\":\"Monaco : actualit\u00e9s \u00e9conomiques, politiques, culturelles et sportives de Monaco et de la French Riviera.\",\"publisher\":{\"@id\":\"https:\\\/\\\/www.monaco-tribune.com\\\/en\\\/#organization\"},\"potentialAction\":[{\"@type\":\"SearchAction\",\"target\":{\"@type\":\"EntryPoint\",\"urlTemplate\":\"https:\\\/\\\/www.monaco-tribune.com\\\/en\\\/?s={search_term_string}\"},\"query-input\":{\"@type\":\"PropertyValueSpecification\",\"valueRequired\":true,\"valueName\":\"search_term_string\"}}],\"inLanguage\":\"en-US\"},{\"@type\":\"Organization\",\"@id\":\"https:\\\/\\\/www.monaco-tribune.com\\\/en\\\/#organization\",\"name\":\"Monaco Tribune\",\"url\":\"https:\\\/\\\/www.monaco-tribune.com\\\/en\\\/\",\"logo\":{\"@type\":\"ImageObject\",\"inLanguage\":\"en-US\",\"@id\":\"https:\\\/\\\/www.monaco-tribune.com\\\/en\\\/#\\\/schema\\\/logo\\\/image\\\/\",\"url\":\"https:\\\/\\\/www.monaco-tribune.com\\\/wp-content\\\/uploads\\\/2022\\\/11\\\/logo-monaco-tribune.png\",\"contentUrl\":\"https:\\\/\\\/www.monaco-tribune.com\\\/wp-content\\\/uploads\\\/2022\\\/11\\\/logo-monaco-tribune.png\",\"width\":1548,\"height\":600,\"caption\":\"Monaco Tribune\"},\"image\":{\"@id\":\"https:\\\/\\\/www.monaco-tribune.com\\\/en\\\/#\\\/schema\\\/logo\\\/image\\\/\"},\"sameAs\":[\"https:\\\/\\\/www.facebook.com\\\/MonacoTribune\",\"https:\\\/\\\/x.com\\\/MonacoTribune\",\"https:\\\/\\\/www.instagram.com\\\/monacotribune\\\/\",\"https:\\\/\\\/www.linkedin.com\\\/company\\\/monaco-tribune\",\"https:\\\/\\\/www.youtube.com\\\/channel\\\/UCHle1MnG6hw1y4lWKijVbMA\"]},{\"@type\":\"Person\",\"@id\":\"https:\\\/\\\/www.monaco-tribune.com\\\/en\\\/#\\\/schema\\\/person\\\/94fb5723547bd83dea1eed97e25145aa\",\"name\":\"Th\u00e9o Briand\",\"image\":{\"@type\":\"ImageObject\",\"inLanguage\":\"en-US\",\"@id\":\"https:\\\/\\\/secure.gravatar.com\\\/avatar\\\/1c02cfd8b8054d8c376f9a942a1dc4dbacfd8ba5e6f8dbb5e16f4aa3d281972a?s=96&d=mm&r=g\",\"url\":\"https:\\\/\\\/secure.gravatar.com\\\/avatar\\\/1c02cfd8b8054d8c376f9a942a1dc4dbacfd8ba5e6f8dbb5e16f4aa3d281972a?s=96&d=mm&r=g\",\"contentUrl\":\"https:\\\/\\\/secure.gravatar.com\\\/avatar\\\/1c02cfd8b8054d8c376f9a942a1dc4dbacfd8ba5e6f8dbb5e16f4aa3d281972a?s=96&d=mm&r=g\",\"caption\":\"Th\u00e9o Briand\"},\"url\":\"https:\\\/\\\/www.monaco-tribune.com\\\/en\\\/author\\\/theobriand\\\/\"}]}<\/script>\n<!-- \/ Yoast SEO Premium plugin. -->","yoast_head_json":{"title":"Princess Grace Foundation: 60 years of support for sick children and culture","description":"We met up with Caroline O'Conor for whom the Foundation has become \"second nature\". The Princess Grace Foundation is as solid as the Rock it stands on. A","robots":{"index":"index","follow":"follow","max-snippet":"max-snippet:-1","max-image-preview":"max-image-preview:large","max-video-preview":"max-video-preview:-1"},"canonical":"https:\/\/www.monaco-tribune.com\/en\/2024\/05\/princess-grace-foundation-60-years-of-support-for-sick-children-and-culture\/","og_locale":"en_US","og_type":"article","og_title":"Princess Grace Foundation: 60 years of support for sick children and culture - Monaco Tribune","og_description":"We met up with Caroline O'Conor for whom the Foundation has become \"second nature\". The Princess Grace Foundation is as solid as the Rock it stands on. A","og_url":"https:\/\/www.monaco-tribune.com\/en\/2024\/05\/princess-grace-foundation-60-years-of-support-for-sick-children-and-culture\/","og_site_name":"Monaco Tribune","article_publisher":"https:\/\/www.facebook.com\/MonacoTribune","article_published_time":"2024-05-21T15:36:03+00:00","article_modified_time":"2024-05-21T15:47:32+00:00","og_image":[{"width":1400,"height":933,"url":"https:\/\/www.monaco-tribune.com\/wp-content\/uploads\/2024\/05\/caroline-oconor-directrice-fondation-princesse-grace.jpg","type":"image\/jpeg"}],"author":"Th\u00e9o Briand","twitter_card":"summary_large_image","twitter_creator":"@MonacoTribune","twitter_site":"@MonacoTribune","schema":{"@context":"https:\/\/schema.org","@graph":[{"@type":"NewsArticle","@id":"https:\/\/www.monaco-tribune.com\/en\/2024\/05\/princess-grace-foundation-60-years-of-support-for-sick-children-and-culture\/#article","isPartOf":{"@id":"https:\/\/www.monaco-tribune.com\/en\/2024\/05\/princess-grace-foundation-60-years-of-support-for-sick-children-and-culture\/"},"author":{"name":"Th\u00e9o Briand","@id":"https:\/\/www.monaco-tribune.com\/en\/#\/schema\/person\/94fb5723547bd83dea1eed97e25145aa"},"headline":"Princess Grace Foundation: 60 years of support for sick children and culture","datePublished":"2024-05-21T15:36:03+00:00","dateModified":"2024-05-21T15:47:32+00:00","mainEntityOfPage":{"@id":"https:\/\/www.monaco-tribune.com\/en\/2024\/05\/princess-grace-foundation-60-years-of-support-for-sick-children-and-culture\/"},"wordCount":1173,"publisher":{"@id":"https:\/\/www.monaco-tribune.com\/en\/#organization"},"image":{"@id":"https:\/\/www.monaco-tribune.com\/en\/2024\/05\/princess-grace-foundation-60-years-of-support-for-sick-children-and-culture\/#primaryimage"},"thumbnailUrl":"https:\/\/www.monaco-tribune.com\/wp-content\/uploads\/2024\/05\/caroline-oconor-directrice-fondation-princesse-grace.jpg","keywords":["Charities"],"articleSection":["Editor&#039;s choice","News","What&#039;s on"],"inLanguage":"en-US","copyrightYear":"2024","copyrightHolder":{"@id":"https:\/\/www.monaco-tribune.com\/#organization"}},{"@type":"WebPage","@id":"https:\/\/www.monaco-tribune.com\/en\/2024\/05\/princess-grace-foundation-60-years-of-support-for-sick-children-and-culture\/","url":"https:\/\/www.monaco-tribune.com\/en\/2024\/05\/princess-grace-foundation-60-years-of-support-for-sick-children-and-culture\/","name":"Princess Grace Foundation: 60 years of support for sick children and culture","isPartOf":{"@id":"https:\/\/www.monaco-tribune.com\/en\/#website"},"primaryImageOfPage":{"@id":"https:\/\/www.monaco-tribune.com\/en\/2024\/05\/princess-grace-foundation-60-years-of-support-for-sick-children-and-culture\/#primaryimage"},"image":{"@id":"https:\/\/www.monaco-tribune.com\/en\/2024\/05\/princess-grace-foundation-60-years-of-support-for-sick-children-and-culture\/#primaryimage"},"thumbnailUrl":"https:\/\/www.monaco-tribune.com\/wp-content\/uploads\/2024\/05\/caroline-oconor-directrice-fondation-princesse-grace.jpg","datePublished":"2024-05-21T15:36:03+00:00","dateModified":"2024-05-21T15:47:32+00:00","description":"We met up with Caroline O'Conor for whom the Foundation has become \"second nature\". The Princess Grace Foundation is as solid as the Rock it stands on. A","breadcrumb":{"@id":"https:\/\/www.monaco-tribune.com\/en\/2024\/05\/princess-grace-foundation-60-years-of-support-for-sick-children-and-culture\/#breadcrumb"},"inLanguage":"en-US","potentialAction":[{"@type":"ReadAction","target":["https:\/\/www.monaco-tribune.com\/en\/2024\/05\/princess-grace-foundation-60-years-of-support-for-sick-children-and-culture\/"]}]},{"@type":"ImageObject","inLanguage":"en-US","@id":"https:\/\/www.monaco-tribune.com\/en\/2024\/05\/princess-grace-foundation-60-years-of-support-for-sick-children-and-culture\/#primaryimage","url":"https:\/\/www.monaco-tribune.com\/wp-content\/uploads\/2024\/05\/caroline-oconor-directrice-fondation-princesse-grace.jpg","contentUrl":"https:\/\/www.monaco-tribune.com\/wp-content\/uploads\/2024\/05\/caroline-oconor-directrice-fondation-princesse-grace.jpg","width":1400,"height":933,"caption":"Caroline O\u2019Conor, Administrative Director \u00a9 Monaco Tribune"},{"@type":"BreadcrumbList","@id":"https:\/\/www.monaco-tribune.com\/en\/2024\/05\/princess-grace-foundation-60-years-of-support-for-sick-children-and-culture\/#breadcrumb","itemListElement":[{"@type":"ListItem","position":1,"name":"Accueil","item":"https:\/\/www.monaco-tribune.com\/en\/"},{"@type":"ListItem","position":2,"name":"Princess Grace Foundation: 60 years of support for sick children and culture"}]},{"@type":"WebSite","@id":"https:\/\/www.monaco-tribune.com\/en\/#website","url":"https:\/\/www.monaco-tribune.com\/en\/","name":"Monaco Tribune","description":"Monaco : actualit\u00e9s \u00e9conomiques, politiques, culturelles et sportives de Monaco et de la French Riviera.","publisher":{"@id":"https:\/\/www.monaco-tribune.com\/en\/#organization"},"potentialAction":[{"@type":"SearchAction","target":{"@type":"EntryPoint","urlTemplate":"https:\/\/www.monaco-tribune.com\/en\/?s={search_term_string}"},"query-input":{"@type":"PropertyValueSpecification","valueRequired":true,"valueName":"search_term_string"}}],"inLanguage":"en-US"},{"@type":"Organization","@id":"https:\/\/www.monaco-tribune.com\/en\/#organization","name":"Monaco Tribune","url":"https:\/\/www.monaco-tribune.com\/en\/","logo":{"@type":"ImageObject","inLanguage":"en-US","@id":"https:\/\/www.monaco-tribune.com\/en\/#\/schema\/logo\/image\/","url":"https:\/\/www.monaco-tribune.com\/wp-content\/uploads\/2022\/11\/logo-monaco-tribune.png","contentUrl":"https:\/\/www.monaco-tribune.com\/wp-content\/uploads\/2022\/11\/logo-monaco-tribune.png","width":1548,"height":600,"caption":"Monaco Tribune"},"image":{"@id":"https:\/\/www.monaco-tribune.com\/en\/#\/schema\/logo\/image\/"},"sameAs":["https:\/\/www.facebook.com\/MonacoTribune","https:\/\/x.com\/MonacoTribune","https:\/\/www.instagram.com\/monacotribune\/","https:\/\/www.linkedin.com\/company\/monaco-tribune","https:\/\/www.youtube.com\/channel\/UCHle1MnG6hw1y4lWKijVbMA"]},{"@type":"Person","@id":"https:\/\/www.monaco-tribune.com\/en\/#\/schema\/person\/94fb5723547bd83dea1eed97e25145aa","name":"Th\u00e9o Briand","image":{"@type":"ImageObject","inLanguage":"en-US","@id":"https:\/\/secure.gravatar.com\/avatar\/1c02cfd8b8054d8c376f9a942a1dc4dbacfd8ba5e6f8dbb5e16f4aa3d281972a?s=96&d=mm&r=g","url":"https:\/\/secure.gravatar.com\/avatar\/1c02cfd8b8054d8c376f9a942a1dc4dbacfd8ba5e6f8dbb5e16f4aa3d281972a?s=96&d=mm&r=g","contentUrl":"https:\/\/secure.gravatar.com\/avatar\/1c02cfd8b8054d8c376f9a942a1dc4dbacfd8ba5e6f8dbb5e16f4aa3d281972a?s=96&d=mm&r=g","caption":"Th\u00e9o Briand"},"url":"https:\/\/www.monaco-tribune.com\/en\/author\/theobriand\/"}]}},"_links":{"self":[{"href":"https:\/\/www.monaco-tribune.com\/en\/wp-json\/wp\/v2\/posts\/233581","targetHints":{"allow":["GET"]}}],"collection":[{"href":"https:\/\/www.monaco-tribune.com\/en\/wp-json\/wp\/v2\/posts"}],"about":[{"href":"https:\/\/www.monaco-tribune.com\/en\/wp-json\/wp\/v2\/types\/post"}],"author":[{"embeddable":true,"href":"https:\/\/www.monaco-tribune.com\/en\/wp-json\/wp\/v2\/users\/66"}],"replies":[{"embeddable":true,"href":"https:\/\/www.monaco-tribune.com\/en\/wp-json\/wp\/v2\/comments?post=233581"}],"version-history":[{"count":2,"href":"https:\/\/www.monaco-tribune.com\/en\/wp-json\/wp\/v2\/posts\/233581\/revisions"}],"predecessor-version":[{"id":233588,"href":"https:\/\/www.monaco-tribune.com\/en\/wp-json\/wp\/v2\/posts\/233581\/revisions\/233588"}],"wp:featuredmedia":[{"embeddable":true,"href":"https:\/\/www.monaco-tribune.com\/en\/wp-json\/wp\/v2\/media\/232656"}],"wp:attachment":[{"href":"https:\/\/www.monaco-tribune.com\/en\/wp-json\/wp\/v2\/media?parent=233581"}],"wp:term":[{"taxonomy":"category","embeddable":true,"href":"https:\/\/www.monaco-tribune.com\/en\/wp-json\/wp\/v2\/categories?post=233581"},{"taxonomy":"post_tag","embeddable":true,"href":"https:\/\/www.monaco-tribune.com\/en\/wp-json\/wp\/v2\/tags?post=233581"},{"taxonomy":"sectag","embeddable":true,"href":"https:\/\/www.monaco-tribune.com\/en\/wp-json\/wp\/v2\/post_sectags?post=233581"},{"taxonomy":"format","embeddable":true,"href":"https:\/\/www.monaco-tribune.com\/en\/wp-json\/wp\/v2\/post_format?post=233581"}],"curies":[{"name":"wp","href":"https:\/\/api.w.org\/{rel}","templated":true}]}}