{"id":235242,"date":"2024-05-31T15:45:05","date_gmt":"2024-05-31T13:45:05","guid":{"rendered":"https:\/\/www.monaco-tribune.com\/2024\/05\/societe-des-bains-de-mer-presents-annual-financial-report\/"},"modified":"2024-05-31T15:55:02","modified_gmt":"2024-05-31T13:55:02","slug":"societe-des-bains-de-mer-presents-annual-financial-report","status":"publish","type":"post","link":"https:\/\/www.monaco-tribune.com\/en\/2024\/05\/societe-des-bains-de-mer-presents-annual-financial-report\/","title":{"rendered":"Soci\u00e9t\u00e9 des Bains de Mer presents annual financial report"},"content":{"rendered":"\n<p><strong><span lang=\"EN-GB\">St\u00e9phane Valeri, Chairman and Chief Executive Officer of the Monte-Carlo Soci\u00e9t\u00e9 des Bains de Mer, outlined the key figures for the SBM Group in 2023\/2024, at a press conference held on Wednesday, May 29.<\/span><\/strong><\/p>\n\n<p>The assessment of the SBM&#8217;s past year was very positive, as the figures showed the best financial result in the group&#8217;s history! St\u00e9phane Valeri confirmed a 6% increase in turnover with \u20ac704 million and a \u20ac1.4 million increase in operating income with \u20ac73.6 million, despite lower targets than the previous year since the SBM carried out more investments in 2023\/2024.<\/p>\n\n<p><i><span lang=\"EN-GB\">&#8220;We are satisfied with the group&#8217;s high level of performance. These results confirm the robustness of our business model, which is founded on the complementarity of our different activities. Whether it\u2019s gaming, hospitality or rental activities, each sector is contributing to our growth in turnover, with significant synergies.<\/span><\/i><\/p>\n\n<p><i>The new governance at Monte-Carlo Soci\u00e9t\u00e9 des Bains de Mer, with the reorganisation that began at the start of the financial year, is undeniably having a positive effect on our business, taking into account the creation of two new divisions, international development and property development, which will reap the benefits of their investments in the medium term,\u201d <\/i><span lang=\"EN-GB\">he said.\u00a0<\/span><\/p>\n<div class=\"wp-block-image\">\n<figure class=\"aligncenter size-large\"><img loading=\"lazy\" decoding=\"async\" width=\"1024\" height=\"618\" src=\"https:\/\/www.monaco-tribune.com\/wp-content\/uploads\/2024\/05\/mcsbm-place-du-casino-monte-carlo--1024x618.jpg\" alt=\"\" class=\"wp-image-234912\" srcset=\"https:\/\/www.monaco-tribune.com\/wp-content\/uploads\/2024\/05\/mcsbm-place-du-casino-monte-carlo--1024x618.jpg 1024w, https:\/\/www.monaco-tribune.com\/wp-content\/uploads\/2024\/05\/mcsbm-place-du-casino-monte-carlo--497x300.jpg 497w, https:\/\/www.monaco-tribune.com\/wp-content\/uploads\/2024\/05\/mcsbm-place-du-casino-monte-carlo-.jpg 1200w\" sizes=\"auto, (max-width: 1024px) 100vw, 1024px\" \/><figcaption class=\"wp-element-caption\"><em><span lang=\"EN-GB\">Place du Casino &#8211; \u00a9 Monte-Carlo SBM<\/span><\/em><\/figcaption><\/figure>\n<\/div>\n<h2 class=\"wp-block-heading\" id=\"h-le-secteur-immobilier\">Real estate <\/h2>\n\n<p>According to Mr. Valeri, the rental sector is clearly the SBM&#8217;s best performer. Thanks to the increase in average rents as well as an occupancy rate that is close to 100%, the sector is the group&#8217;s biggest earner,  with operational income growing from \u20ac83.7 to \u20ac90.8 million.<\/p>\n\n<p><i><span lang=\"EN-GB\">&#8220;This year, rental revenues were up 9% to \u20ac135.4 million, driven by an optimised occupancy rate and the positive impact of rent indexation,&#8221;<\/span><\/i><span lang=\"EN-GB\"> he said.<\/span><\/p>\n\n<h2 class=\"wp-block-heading\" id=\"h-le-secteur-hotelier\">Hotels<\/h2>\n\n<p>As for hotel revenues, the SBM saw a 6% increase to \u20ac345.1 million, thanks to an increase of nearly 8% in room prices and a particularly successful summer season that also extended into the second half of the financial year. This is in large part due to a loyal clientele from the United States and Canada in first position, then from France and the Middle East, followed by the United Kingdom, Ireland and Switzerland.<\/p>\n\n<p><i>&#8220;If we look at the breakdown, the Finance Department tells us that it is very complex to allocate overheads accurately between hotels and restaurants because certain staff positions work for both, but we can say that, in general terms, we make money by renting rooms and we lose money managing our restaurants,&#8221; <\/i>the Group\u2019s Chairman and Chief Executive Officer explains.&#13;\n&#13;\n<\/p>\n\n<h2 class=\"wp-block-heading\" id=\"h-le-secteur-de-la-restauration\">Restaurants <\/h2>\n\n<p>With the <a href=\"https:\/\/www.monaco-tribune.com\/en\/2023\/11\/historic-moment-as-prince-albert-ii-and-princess-charlene-inaugurate-new-cafe-de-paris\/\">new Caf\u00e9 de Paris<\/a> and <a href=\"https:\/\/www.monaco-tribune.com\/en\/2024\/04\/over-800-people-attended-amazonico-monte-carlo-inauguration\/\">l&#8217;Amaz\u00f3nico<\/a> opening, promotional spending, the &#8220;soft opening&#8221; events for the staff, as well as an increase in personnel costs in line with business growth and the quest for excellence in service quality, several millions were invested this year without profit.<\/p>\n<div class=\"wp-block-image\">\n<figure class=\"aligncenter size-large\"><img loading=\"lazy\" decoding=\"async\" width=\"1024\" height=\"768\" src=\"https:\/\/www.monaco-tribune.com\/wp-content\/uploads\/2024\/05\/mcsbm-cafe-de-paris-monte-carlo-1024x768.jpg\" alt=\"\" class=\"wp-image-234921\" srcset=\"https:\/\/www.monaco-tribune.com\/wp-content\/uploads\/2024\/05\/mcsbm-cafe-de-paris-monte-carlo-1024x768.jpg 1024w, https:\/\/www.monaco-tribune.com\/wp-content\/uploads\/2024\/05\/mcsbm-cafe-de-paris-monte-carlo-400x300.jpg 400w, https:\/\/www.monaco-tribune.com\/wp-content\/uploads\/2024\/05\/mcsbm-cafe-de-paris-monte-carlo.jpg 1200w\" sizes=\"auto, (max-width: 1024px) 100vw, 1024px\" \/><figcaption class=\"wp-element-caption\">The new Caf\u00e9 de Paris brasserie &#8211; \u00a9 Monte-Carlo SBM<\/figcaption><\/figure>\n<\/div>\n<p>Although the restaurant sector represents a considerable cost for the group, the return on investment is expected in the coming year, as both of the two new establishments mentioned above have started out very strongly, thanks in particular to the Grand Prix.<\/p>\n\n<p><i>&#8220;The Caf\u00e9 de Paris and the Amaz\u00f3nico performed exceptionally well during this year&#8217;s Grand Prix. We also opened <\/i><a href=\"https:\/\/www.monaco-tribune.com\/en\/2023\/07\/maona-nightspot-reborn-in-monte-carlo\/\"><i>Maona<\/i><\/a><i> last July. In fact, the entire Scuderia Ferrari took over the premises last Thursday for a private function. The Grand Prix generates incredible spin-offs in terms of image but also for the economy, and the SBM&#8217;s performance was on a par with <\/i><a href=\"https:\/\/www.monaco-tribune.com\/en\/2024\/05\/formula-1-historic-monaco-grand-prix-victory-for-prince-albert-ii-in-tears\/\"><i>Charles Leclerc&#8217;s victory<\/i><\/a>.&#8221;<i><\/i><\/p>\n<div class=\"wp-block-image\">\n<figure class=\"aligncenter size-large\"><img loading=\"lazy\" decoding=\"async\" width=\"1024\" height=\"683\" src=\"https:\/\/www.monaco-tribune.com\/wp-content\/uploads\/2024\/05\/mcsbm-amazonico-monte-carlo-1024x683.jpg\" alt=\"\" class=\"wp-image-234929\" srcset=\"https:\/\/www.monaco-tribune.com\/wp-content\/uploads\/2024\/05\/mcsbm-amazonico-monte-carlo-1024x683.jpg 1024w, https:\/\/www.monaco-tribune.com\/wp-content\/uploads\/2024\/05\/mcsbm-amazonico-monte-carlo-450x300.jpg 450w, https:\/\/www.monaco-tribune.com\/wp-content\/uploads\/2024\/05\/mcsbm-amazonico-monte-carlo.jpg 1200w\" sizes=\"auto, (max-width: 1024px) 100vw, 1024px\" \/><figcaption class=\"wp-element-caption\"><em><span lang=\"EN-GB\">The new festive restaurant l&#8217;Amaz\u00f3nico @ Monte-Carlo SBM<\/span><\/em><\/figcaption><\/figure>\n<\/div>\n<p class=\"related\"><a href=\"https:\/\/www.monaco-tribune.com\/en\/2024\/01\/japanese-restaurant-moods-museum-5-major-sbm-projects-for-2024\/\">Japanese restaurant, Moods, museum&#8230; 5 major SBM projects for 2024<\/a><\/p>\n\n<h2 class=\"wp-block-heading\" id=\"h-le-secteur-des-jeux\">Gaming<\/h2>\n\n<p>At a time when international gambling regulations have become more stringent, the SBM has had to turn away many customers at the Casino who could not provide a cast-iron guarantee of the source of their funds. Regulations that deprived the group of several tens of millions of euros in turnover.<\/p>\n\n<p><em>&#8220;We had to turn away some very large clients who no longer met the standards. It is therefore all the more remarkable that turnover in the gaming sector grew from \u20ac215 to \u20ac221.3 million. We are now targeting the right invitation amount compared to the client&#8217;s real spending potential. We have also been much more stringent on loans, with far fewer arrears than before,&#8221;<\/em> says St\u00e9phane Valeri.<\/p>\n<div class=\"wp-block-image\">\n<figure class=\"aligncenter size-large\"><img loading=\"lazy\" decoding=\"async\" width=\"1024\" height=\"683\" src=\"https:\/\/www.monaco-tribune.com\/wp-content\/uploads\/2024\/05\/mcsbm-place-du-casino-monte-carlo-2-1024x683.jpg\" alt=\"\" class=\"wp-image-234916\" srcset=\"https:\/\/www.monaco-tribune.com\/wp-content\/uploads\/2024\/05\/mcsbm-place-du-casino-monte-carlo-2-1024x683.jpg 1024w, https:\/\/www.monaco-tribune.com\/wp-content\/uploads\/2024\/05\/mcsbm-place-du-casino-monte-carlo-2-450x300.jpg 450w, https:\/\/www.monaco-tribune.com\/wp-content\/uploads\/2024\/05\/mcsbm-place-du-casino-monte-carlo-2.jpg 1200w\" sizes=\"auto, (max-width: 1024px) 100vw, 1024px\" \/><figcaption class=\"wp-element-caption\"><em><span lang=\"EN-GB\">Place du Casino &#8211; \u00a9 Monte-Carlo SBM<\/span><\/em><\/figcaption><\/figure>\n<\/div>\n<h2 class=\"wp-block-heading\" id=\"h-projets-et-ambitions\">Projects and ambitions <\/h2>\n\n<p>For the first time in the group\u2019s history, the SBM acquired a hotel abroad: <span lang=\"EN-GB\"><a href=\"https:\/\/www.monaco-tribune.com\/en\/2023\/10\/monte-carlo-sbm-has-officially-acquired-the-palace-des-neiges-in-courchevel\/\">the &#8216;Palace des Neiges&#8217; in Courchevel <\/a>1850. Mr. Valeri\u2019s ambition is to make it the finest palace in the Alps.<\/span><\/p>\n\n<p><i>&#8220;Our aim is to deliver the hotel for winter 2026. It is important that the SBM is successful in this our first foreign venture, delivering a hotel of the highest quality, with an incredible spa and exceptional suites. Courchevel is unquestionably the right location for a very high-level international clientele, which could\u00a0 also be our clientele in Monaco.&#8221;<\/i><\/p>\n\n<p>The SBM has also signed an agreement with the <i>Dream International<\/i> group, a world leader in luxury party restaurants, to create a Monegasque restaurant brand, the first of which will open in Dubai in 2025. It will be a Mediterranean-inspired Monegasque restaurant, both in terms of the cuisine and the decor.<\/p>\n\n<p>However, Monaco remains St\u00e9phane Valeri&#8217;s priority, with renovations in the pipeline for a number of establishments, including the Hermitage and the Monte-Carlo Bay, an investment of several hundred million euros upon completion.<\/p>\n\n<p>For the new year 2024\/2025, the forecast is as high as last year, with many festivities and real estate projects to come in the Principality.<\/p>\n\n<p class=\"related\"><a href=\"https:\/\/www.monaco-tribune.com\/en\/2024\/02\/prince-albert-ii-inaugurates-blue-bay-marcel-ravin-restaurant\/\">Prince Albert II inaugurates Blue Bay Marcel Ravin restaurant<\/a><\/p>\n","protected":false},"excerpt":{"rendered":"<p>St\u00e9phane Valeri, Chairman and Chief Executive Officer of the Monte-Carlo Soci\u00e9t\u00e9 des Bains de Mer, outlined the key figures for [&hellip;]<\/p>\n","protected":false},"author":77,"featured_media":234892,"comment_status":"closed","ping_status":"closed","sticky":false,"template":"","format":"standard","meta":{"_acf_changed":false,"footnotes":""},"categories":[247,243],"tags":[2862],"post_sectags":[3708],"post_format":[2468],"class_list":["post-235242","post","type-post","status-publish","format-standard","has-post-thumbnail","hentry","category-business","category-news","tag-monte-carlo-sbm-en","sectag-stephane-valeri-en","format-story"],"acf":[],"yoast_head":"<!-- This site is optimized with the Yoast SEO Premium plugin v26.8 (Yoast SEO v27.4) - https:\/\/yoast.com\/product\/yoast-seo-premium-wordpress\/ -->\n<title>Soci\u00e9t\u00e9 des Bains de Mer presents annual financial report<\/title>\n<meta name=\"description\" content=\"St\u00e9phane Valeri, Chairman and Chief Executive Officer of the Monte-Carlo Soci\u00e9t\u00e9 des Bains de Mer, outlined the key figures for the SBM Group in\" \/>\n<meta name=\"robots\" content=\"index, follow, max-snippet:-1, max-image-preview:large, max-video-preview:-1\" \/>\n<link rel=\"canonical\" href=\"https:\/\/www.monaco-tribune.com\/en\/2024\/05\/societe-des-bains-de-mer-presents-annual-financial-report\/\" \/>\n<meta property=\"og:locale\" content=\"en_US\" \/>\n<meta property=\"og:type\" content=\"article\" \/>\n<meta property=\"og:title\" content=\"Soci\u00e9t\u00e9 des Bains de Mer presents annual financial report - Monaco Tribune\" \/>\n<meta property=\"og:description\" content=\"St\u00e9phane Valeri, Chairman and Chief Executive Officer of the Monte-Carlo Soci\u00e9t\u00e9 des Bains de Mer, outlined the key figures for the SBM Group in\" \/>\n<meta property=\"og:url\" content=\"https:\/\/www.monaco-tribune.com\/en\/2024\/05\/societe-des-bains-de-mer-presents-annual-financial-report\/\" \/>\n<meta property=\"og:site_name\" content=\"Monaco Tribune\" \/>\n<meta property=\"article:publisher\" content=\"https:\/\/www.facebook.com\/MonacoTribune\" \/>\n<meta property=\"article:published_time\" content=\"2024-05-31T13:45:05+00:00\" \/>\n<meta property=\"article:modified_time\" content=\"2024-05-31T13:55:02+00:00\" \/>\n<meta property=\"og:image\" content=\"https:\/\/www.monaco-tribune.com\/wp-content\/uploads\/2024\/05\/@monte-carlo-sbm-alain-duprat-3-1.jpg\" \/>\n\t<meta property=\"og:image:width\" content=\"1200\" \/>\n\t<meta property=\"og:image:height\" content=\"800\" \/>\n\t<meta property=\"og:image:type\" content=\"image\/jpeg\" \/>\n<meta name=\"author\" content=\"Ana\u00efs Riu\" \/>\n<meta name=\"twitter:card\" content=\"summary_large_image\" \/>\n<meta name=\"twitter:creator\" content=\"@MonacoTribune\" \/>\n<meta name=\"twitter:site\" content=\"@MonacoTribune\" \/>\n<script type=\"application\/ld+json\" class=\"yoast-schema-graph\">{\"@context\":\"https:\\\/\\\/schema.org\",\"@graph\":[{\"@type\":\"NewsArticle\",\"@id\":\"https:\\\/\\\/www.monaco-tribune.com\\\/en\\\/2024\\\/05\\\/societe-des-bains-de-mer-presents-annual-financial-report\\\/#article\",\"isPartOf\":{\"@id\":\"https:\\\/\\\/www.monaco-tribune.com\\\/en\\\/2024\\\/05\\\/societe-des-bains-de-mer-presents-annual-financial-report\\\/\"},\"author\":{\"name\":\"Ana\u00efs Riu\",\"@id\":\"https:\\\/\\\/www.monaco-tribune.com\\\/en\\\/#\\\/schema\\\/person\\\/6db631c784f2f0eff54c3ca4d1da2d49\"},\"headline\":\"Soci\u00e9t\u00e9 des Bains de Mer presents annual financial report\",\"datePublished\":\"2024-05-31T13:45:05+00:00\",\"dateModified\":\"2024-05-31T13:55:02+00:00\",\"mainEntityOfPage\":{\"@id\":\"https:\\\/\\\/www.monaco-tribune.com\\\/en\\\/2024\\\/05\\\/societe-des-bains-de-mer-presents-annual-financial-report\\\/\"},\"wordCount\":944,\"publisher\":{\"@id\":\"https:\\\/\\\/www.monaco-tribune.com\\\/en\\\/#organization\"},\"image\":{\"@id\":\"https:\\\/\\\/www.monaco-tribune.com\\\/en\\\/2024\\\/05\\\/societe-des-bains-de-mer-presents-annual-financial-report\\\/#primaryimage\"},\"thumbnailUrl\":\"https:\\\/\\\/www.monaco-tribune.com\\\/wp-content\\\/uploads\\\/2024\\\/05\\\/@monte-carlo-sbm-alain-duprat-3-1.jpg\",\"keywords\":[\"Monte-Carlo SBM\"],\"articleSection\":[\"Business\",\"News\"],\"inLanguage\":\"en-US\",\"copyrightYear\":\"2024\",\"copyrightHolder\":{\"@id\":\"https:\\\/\\\/www.monaco-tribune.com\\\/#organization\"}},{\"@type\":\"WebPage\",\"@id\":\"https:\\\/\\\/www.monaco-tribune.com\\\/en\\\/2024\\\/05\\\/societe-des-bains-de-mer-presents-annual-financial-report\\\/\",\"url\":\"https:\\\/\\\/www.monaco-tribune.com\\\/en\\\/2024\\\/05\\\/societe-des-bains-de-mer-presents-annual-financial-report\\\/\",\"name\":\"Soci\u00e9t\u00e9 des Bains de Mer presents annual financial report\",\"isPartOf\":{\"@id\":\"https:\\\/\\\/www.monaco-tribune.com\\\/en\\\/#website\"},\"primaryImageOfPage\":{\"@id\":\"https:\\\/\\\/www.monaco-tribune.com\\\/en\\\/2024\\\/05\\\/societe-des-bains-de-mer-presents-annual-financial-report\\\/#primaryimage\"},\"image\":{\"@id\":\"https:\\\/\\\/www.monaco-tribune.com\\\/en\\\/2024\\\/05\\\/societe-des-bains-de-mer-presents-annual-financial-report\\\/#primaryimage\"},\"thumbnailUrl\":\"https:\\\/\\\/www.monaco-tribune.com\\\/wp-content\\\/uploads\\\/2024\\\/05\\\/@monte-carlo-sbm-alain-duprat-3-1.jpg\",\"datePublished\":\"2024-05-31T13:45:05+00:00\",\"dateModified\":\"2024-05-31T13:55:02+00:00\",\"description\":\"St\u00e9phane Valeri, Chairman and Chief Executive Officer of the Monte-Carlo Soci\u00e9t\u00e9 des Bains de Mer, outlined the key figures for the SBM Group in\",\"breadcrumb\":{\"@id\":\"https:\\\/\\\/www.monaco-tribune.com\\\/en\\\/2024\\\/05\\\/societe-des-bains-de-mer-presents-annual-financial-report\\\/#breadcrumb\"},\"inLanguage\":\"en-US\",\"potentialAction\":[{\"@type\":\"ReadAction\",\"target\":[\"https:\\\/\\\/www.monaco-tribune.com\\\/en\\\/2024\\\/05\\\/societe-des-bains-de-mer-presents-annual-financial-report\\\/\"]}]},{\"@type\":\"ImageObject\",\"inLanguage\":\"en-US\",\"@id\":\"https:\\\/\\\/www.monaco-tribune.com\\\/en\\\/2024\\\/05\\\/societe-des-bains-de-mer-presents-annual-financial-report\\\/#primaryimage\",\"url\":\"https:\\\/\\\/www.monaco-tribune.com\\\/wp-content\\\/uploads\\\/2024\\\/05\\\/@monte-carlo-sbm-alain-duprat-3-1.jpg\",\"contentUrl\":\"https:\\\/\\\/www.monaco-tribune.com\\\/wp-content\\\/uploads\\\/2024\\\/05\\\/@monte-carlo-sbm-alain-duprat-3-1.jpg\",\"width\":1200,\"height\":800,\"caption\":\"\u201cThe 2023\\\/2024 result is a continuation of the previous one and confirms the relevance of our offering and the strength of our positioning in a highly competitive market,\u201d says St\u00e9phane Valeri @ Monte-Carlo SBM \u2013 Alain Duprat\"},{\"@type\":\"BreadcrumbList\",\"@id\":\"https:\\\/\\\/www.monaco-tribune.com\\\/en\\\/2024\\\/05\\\/societe-des-bains-de-mer-presents-annual-financial-report\\\/#breadcrumb\",\"itemListElement\":[{\"@type\":\"ListItem\",\"position\":1,\"name\":\"Accueil\",\"item\":\"https:\\\/\\\/www.monaco-tribune.com\\\/en\\\/\"},{\"@type\":\"ListItem\",\"position\":2,\"name\":\"Soci\u00e9t\u00e9 des Bains de Mer presents annual financial report\"}]},{\"@type\":\"WebSite\",\"@id\":\"https:\\\/\\\/www.monaco-tribune.com\\\/en\\\/#website\",\"url\":\"https:\\\/\\\/www.monaco-tribune.com\\\/en\\\/\",\"name\":\"Monaco Tribune\",\"description\":\"Monaco : actualit\u00e9s \u00e9conomiques, politiques, culturelles et sportives de Monaco et de la French Riviera.\",\"publisher\":{\"@id\":\"https:\\\/\\\/www.monaco-tribune.com\\\/en\\\/#organization\"},\"potentialAction\":[{\"@type\":\"SearchAction\",\"target\":{\"@type\":\"EntryPoint\",\"urlTemplate\":\"https:\\\/\\\/www.monaco-tribune.com\\\/en\\\/?s={search_term_string}\"},\"query-input\":{\"@type\":\"PropertyValueSpecification\",\"valueRequired\":true,\"valueName\":\"search_term_string\"}}],\"inLanguage\":\"en-US\"},{\"@type\":\"Organization\",\"@id\":\"https:\\\/\\\/www.monaco-tribune.com\\\/en\\\/#organization\",\"name\":\"Monaco Tribune\",\"url\":\"https:\\\/\\\/www.monaco-tribune.com\\\/en\\\/\",\"logo\":{\"@type\":\"ImageObject\",\"inLanguage\":\"en-US\",\"@id\":\"https:\\\/\\\/www.monaco-tribune.com\\\/en\\\/#\\\/schema\\\/logo\\\/image\\\/\",\"url\":\"https:\\\/\\\/www.monaco-tribune.com\\\/wp-content\\\/uploads\\\/2022\\\/11\\\/logo-monaco-tribune.png\",\"contentUrl\":\"https:\\\/\\\/www.monaco-tribune.com\\\/wp-content\\\/uploads\\\/2022\\\/11\\\/logo-monaco-tribune.png\",\"width\":1548,\"height\":600,\"caption\":\"Monaco Tribune\"},\"image\":{\"@id\":\"https:\\\/\\\/www.monaco-tribune.com\\\/en\\\/#\\\/schema\\\/logo\\\/image\\\/\"},\"sameAs\":[\"https:\\\/\\\/www.facebook.com\\\/MonacoTribune\",\"https:\\\/\\\/x.com\\\/MonacoTribune\",\"https:\\\/\\\/www.instagram.com\\\/monacotribune\\\/\",\"https:\\\/\\\/www.linkedin.com\\\/company\\\/monaco-tribune\",\"https:\\\/\\\/www.youtube.com\\\/channel\\\/UCHle1MnG6hw1y4lWKijVbMA\"]},{\"@type\":\"Person\",\"@id\":\"https:\\\/\\\/www.monaco-tribune.com\\\/en\\\/#\\\/schema\\\/person\\\/6db631c784f2f0eff54c3ca4d1da2d49\",\"name\":\"Ana\u00efs Riu\",\"image\":{\"@type\":\"ImageObject\",\"inLanguage\":\"en-US\",\"@id\":\"https:\\\/\\\/secure.gravatar.com\\\/avatar\\\/9137eff67ff750f1997c171f45e5829ca4c8fa34729a8f8cd9dc85be7e50df7f?s=96&d=mm&r=g\",\"url\":\"https:\\\/\\\/secure.gravatar.com\\\/avatar\\\/9137eff67ff750f1997c171f45e5829ca4c8fa34729a8f8cd9dc85be7e50df7f?s=96&d=mm&r=g\",\"contentUrl\":\"https:\\\/\\\/secure.gravatar.com\\\/avatar\\\/9137eff67ff750f1997c171f45e5829ca4c8fa34729a8f8cd9dc85be7e50df7f?s=96&d=mm&r=g\",\"caption\":\"Ana\u00efs Riu\"},\"url\":\"https:\\\/\\\/www.monaco-tribune.com\\\/en\\\/author\\\/anaisriu\\\/\"}]}<\/script>\n<!-- \/ Yoast SEO Premium plugin. -->","yoast_head_json":{"title":"Soci\u00e9t\u00e9 des Bains de Mer presents annual financial report","description":"St\u00e9phane Valeri, Chairman and Chief Executive Officer of the Monte-Carlo Soci\u00e9t\u00e9 des Bains de Mer, outlined the key figures for the SBM Group in","robots":{"index":"index","follow":"follow","max-snippet":"max-snippet:-1","max-image-preview":"max-image-preview:large","max-video-preview":"max-video-preview:-1"},"canonical":"https:\/\/www.monaco-tribune.com\/en\/2024\/05\/societe-des-bains-de-mer-presents-annual-financial-report\/","og_locale":"en_US","og_type":"article","og_title":"Soci\u00e9t\u00e9 des Bains de Mer presents annual financial report - Monaco Tribune","og_description":"St\u00e9phane Valeri, Chairman and Chief Executive Officer of the Monte-Carlo Soci\u00e9t\u00e9 des Bains de Mer, outlined the key figures for the SBM Group in","og_url":"https:\/\/www.monaco-tribune.com\/en\/2024\/05\/societe-des-bains-de-mer-presents-annual-financial-report\/","og_site_name":"Monaco Tribune","article_publisher":"https:\/\/www.facebook.com\/MonacoTribune","article_published_time":"2024-05-31T13:45:05+00:00","article_modified_time":"2024-05-31T13:55:02+00:00","og_image":[{"width":1200,"height":800,"url":"https:\/\/www.monaco-tribune.com\/wp-content\/uploads\/2024\/05\/@monte-carlo-sbm-alain-duprat-3-1.jpg","type":"image\/jpeg"}],"author":"Ana\u00efs Riu","twitter_card":"summary_large_image","twitter_creator":"@MonacoTribune","twitter_site":"@MonacoTribune","schema":{"@context":"https:\/\/schema.org","@graph":[{"@type":"NewsArticle","@id":"https:\/\/www.monaco-tribune.com\/en\/2024\/05\/societe-des-bains-de-mer-presents-annual-financial-report\/#article","isPartOf":{"@id":"https:\/\/www.monaco-tribune.com\/en\/2024\/05\/societe-des-bains-de-mer-presents-annual-financial-report\/"},"author":{"name":"Ana\u00efs Riu","@id":"https:\/\/www.monaco-tribune.com\/en\/#\/schema\/person\/6db631c784f2f0eff54c3ca4d1da2d49"},"headline":"Soci\u00e9t\u00e9 des Bains de Mer presents annual financial report","datePublished":"2024-05-31T13:45:05+00:00","dateModified":"2024-05-31T13:55:02+00:00","mainEntityOfPage":{"@id":"https:\/\/www.monaco-tribune.com\/en\/2024\/05\/societe-des-bains-de-mer-presents-annual-financial-report\/"},"wordCount":944,"publisher":{"@id":"https:\/\/www.monaco-tribune.com\/en\/#organization"},"image":{"@id":"https:\/\/www.monaco-tribune.com\/en\/2024\/05\/societe-des-bains-de-mer-presents-annual-financial-report\/#primaryimage"},"thumbnailUrl":"https:\/\/www.monaco-tribune.com\/wp-content\/uploads\/2024\/05\/@monte-carlo-sbm-alain-duprat-3-1.jpg","keywords":["Monte-Carlo SBM"],"articleSection":["Business","News"],"inLanguage":"en-US","copyrightYear":"2024","copyrightHolder":{"@id":"https:\/\/www.monaco-tribune.com\/#organization"}},{"@type":"WebPage","@id":"https:\/\/www.monaco-tribune.com\/en\/2024\/05\/societe-des-bains-de-mer-presents-annual-financial-report\/","url":"https:\/\/www.monaco-tribune.com\/en\/2024\/05\/societe-des-bains-de-mer-presents-annual-financial-report\/","name":"Soci\u00e9t\u00e9 des Bains de Mer presents annual financial report","isPartOf":{"@id":"https:\/\/www.monaco-tribune.com\/en\/#website"},"primaryImageOfPage":{"@id":"https:\/\/www.monaco-tribune.com\/en\/2024\/05\/societe-des-bains-de-mer-presents-annual-financial-report\/#primaryimage"},"image":{"@id":"https:\/\/www.monaco-tribune.com\/en\/2024\/05\/societe-des-bains-de-mer-presents-annual-financial-report\/#primaryimage"},"thumbnailUrl":"https:\/\/www.monaco-tribune.com\/wp-content\/uploads\/2024\/05\/@monte-carlo-sbm-alain-duprat-3-1.jpg","datePublished":"2024-05-31T13:45:05+00:00","dateModified":"2024-05-31T13:55:02+00:00","description":"St\u00e9phane Valeri, Chairman and Chief Executive Officer of the Monte-Carlo Soci\u00e9t\u00e9 des Bains de Mer, outlined the key figures for the SBM Group in","breadcrumb":{"@id":"https:\/\/www.monaco-tribune.com\/en\/2024\/05\/societe-des-bains-de-mer-presents-annual-financial-report\/#breadcrumb"},"inLanguage":"en-US","potentialAction":[{"@type":"ReadAction","target":["https:\/\/www.monaco-tribune.com\/en\/2024\/05\/societe-des-bains-de-mer-presents-annual-financial-report\/"]}]},{"@type":"ImageObject","inLanguage":"en-US","@id":"https:\/\/www.monaco-tribune.com\/en\/2024\/05\/societe-des-bains-de-mer-presents-annual-financial-report\/#primaryimage","url":"https:\/\/www.monaco-tribune.com\/wp-content\/uploads\/2024\/05\/@monte-carlo-sbm-alain-duprat-3-1.jpg","contentUrl":"https:\/\/www.monaco-tribune.com\/wp-content\/uploads\/2024\/05\/@monte-carlo-sbm-alain-duprat-3-1.jpg","width":1200,"height":800,"caption":"\u201cThe 2023\/2024 result is a continuation of the previous one and confirms the relevance of our offering and the strength of our positioning in a highly competitive market,\u201d says St\u00e9phane Valeri @ Monte-Carlo SBM \u2013 Alain Duprat"},{"@type":"BreadcrumbList","@id":"https:\/\/www.monaco-tribune.com\/en\/2024\/05\/societe-des-bains-de-mer-presents-annual-financial-report\/#breadcrumb","itemListElement":[{"@type":"ListItem","position":1,"name":"Accueil","item":"https:\/\/www.monaco-tribune.com\/en\/"},{"@type":"ListItem","position":2,"name":"Soci\u00e9t\u00e9 des Bains de Mer presents annual financial report"}]},{"@type":"WebSite","@id":"https:\/\/www.monaco-tribune.com\/en\/#website","url":"https:\/\/www.monaco-tribune.com\/en\/","name":"Monaco Tribune","description":"Monaco : actualit\u00e9s \u00e9conomiques, politiques, culturelles et sportives de Monaco et de la French Riviera.","publisher":{"@id":"https:\/\/www.monaco-tribune.com\/en\/#organization"},"potentialAction":[{"@type":"SearchAction","target":{"@type":"EntryPoint","urlTemplate":"https:\/\/www.monaco-tribune.com\/en\/?s={search_term_string}"},"query-input":{"@type":"PropertyValueSpecification","valueRequired":true,"valueName":"search_term_string"}}],"inLanguage":"en-US"},{"@type":"Organization","@id":"https:\/\/www.monaco-tribune.com\/en\/#organization","name":"Monaco Tribune","url":"https:\/\/www.monaco-tribune.com\/en\/","logo":{"@type":"ImageObject","inLanguage":"en-US","@id":"https:\/\/www.monaco-tribune.com\/en\/#\/schema\/logo\/image\/","url":"https:\/\/www.monaco-tribune.com\/wp-content\/uploads\/2022\/11\/logo-monaco-tribune.png","contentUrl":"https:\/\/www.monaco-tribune.com\/wp-content\/uploads\/2022\/11\/logo-monaco-tribune.png","width":1548,"height":600,"caption":"Monaco Tribune"},"image":{"@id":"https:\/\/www.monaco-tribune.com\/en\/#\/schema\/logo\/image\/"},"sameAs":["https:\/\/www.facebook.com\/MonacoTribune","https:\/\/x.com\/MonacoTribune","https:\/\/www.instagram.com\/monacotribune\/","https:\/\/www.linkedin.com\/company\/monaco-tribune","https:\/\/www.youtube.com\/channel\/UCHle1MnG6hw1y4lWKijVbMA"]},{"@type":"Person","@id":"https:\/\/www.monaco-tribune.com\/en\/#\/schema\/person\/6db631c784f2f0eff54c3ca4d1da2d49","name":"Ana\u00efs Riu","image":{"@type":"ImageObject","inLanguage":"en-US","@id":"https:\/\/secure.gravatar.com\/avatar\/9137eff67ff750f1997c171f45e5829ca4c8fa34729a8f8cd9dc85be7e50df7f?s=96&d=mm&r=g","url":"https:\/\/secure.gravatar.com\/avatar\/9137eff67ff750f1997c171f45e5829ca4c8fa34729a8f8cd9dc85be7e50df7f?s=96&d=mm&r=g","contentUrl":"https:\/\/secure.gravatar.com\/avatar\/9137eff67ff750f1997c171f45e5829ca4c8fa34729a8f8cd9dc85be7e50df7f?s=96&d=mm&r=g","caption":"Ana\u00efs Riu"},"url":"https:\/\/www.monaco-tribune.com\/en\/author\/anaisriu\/"}]}},"_links":{"self":[{"href":"https:\/\/www.monaco-tribune.com\/en\/wp-json\/wp\/v2\/posts\/235242","targetHints":{"allow":["GET"]}}],"collection":[{"href":"https:\/\/www.monaco-tribune.com\/en\/wp-json\/wp\/v2\/posts"}],"about":[{"href":"https:\/\/www.monaco-tribune.com\/en\/wp-json\/wp\/v2\/types\/post"}],"author":[{"embeddable":true,"href":"https:\/\/www.monaco-tribune.com\/en\/wp-json\/wp\/v2\/users\/77"}],"replies":[{"embeddable":true,"href":"https:\/\/www.monaco-tribune.com\/en\/wp-json\/wp\/v2\/comments?post=235242"}],"version-history":[{"count":2,"href":"https:\/\/www.monaco-tribune.com\/en\/wp-json\/wp\/v2\/posts\/235242\/revisions"}],"predecessor-version":[{"id":235256,"href":"https:\/\/www.monaco-tribune.com\/en\/wp-json\/wp\/v2\/posts\/235242\/revisions\/235256"}],"wp:featuredmedia":[{"embeddable":true,"href":"https:\/\/www.monaco-tribune.com\/en\/wp-json\/wp\/v2\/media\/234892"}],"wp:attachment":[{"href":"https:\/\/www.monaco-tribune.com\/en\/wp-json\/wp\/v2\/media?parent=235242"}],"wp:term":[{"taxonomy":"category","embeddable":true,"href":"https:\/\/www.monaco-tribune.com\/en\/wp-json\/wp\/v2\/categories?post=235242"},{"taxonomy":"post_tag","embeddable":true,"href":"https:\/\/www.monaco-tribune.com\/en\/wp-json\/wp\/v2\/tags?post=235242"},{"taxonomy":"sectag","embeddable":true,"href":"https:\/\/www.monaco-tribune.com\/en\/wp-json\/wp\/v2\/post_sectags?post=235242"},{"taxonomy":"format","embeddable":true,"href":"https:\/\/www.monaco-tribune.com\/en\/wp-json\/wp\/v2\/post_format?post=235242"}],"curies":[{"name":"wp","href":"https:\/\/api.w.org\/{rel}","templated":true}]}}