{"id":239698,"date":"2024-06-26T16:31:38","date_gmt":"2024-06-26T14:31:38","guid":{"rendered":"https:\/\/www.monaco-tribune.com\/2024\/06\/monarc-en-ciel-new-event-for-monegasque-lgbtqi-community\/"},"modified":"2024-06-26T16:33:16","modified_gmt":"2024-06-26T14:33:16","slug":"monarc-en-ciel-new-event-for-monegasque-lgbtqi-community","status":"publish","type":"post","link":"https:\/\/www.monaco-tribune.com\/en\/2024\/06\/monarc-en-ciel-new-event-for-monegasque-lgbtqi-community\/","title":{"rendered":"Mon&#8217;Arc en ciel: New event for Monegasque LGBTQI+ community"},"content":{"rendered":"\n<p><strong>On June 28, the new organisation is inviting all interested parties for an afterwork on the subject of the community&#8217;s rights.<\/strong><\/p>\n\n<p>June is LGBTQI+ community rights month. Prides are flourishing all over the world, and Monaco has had its own time of awareness and celebration of LGBT rights for the past three years now.<\/p>\n\n<p>Monaco Pride took place last Thursday, an initiative led by Barclays Bank and Fight Aids Association. It brought together 150 Monegasque residents and workers as well as Camille Gottlieb, Marina Ceyssac, High Commissioner for the Protection of Rights, Liberties and for Mediation, and other figures from public bodies such as the National Council and the Department of Foreign Affairs.<\/p>\n\n<h2 class=\"wp-block-heading\" id=\"h-prochain-rendez-vous\">Next event<\/h2>\n\n<p>While <a href=\"https:\/\/www.monaco-tribune.com\/en\/2023\/06\/great-success-for-second-monaco-pride\/\">the now traditional Monaco Pride <\/a>\u00a0took place at Le Marius, the new Monegasque charity <em>Mon&#8217;Arc en ciel<\/em> is organising an afterwork cocktail at the Monaco Novotel this Friday. It will be an opportunity to meet the founding members but also new members and those interested in joining.<\/p>\n\n<p>The event starts at 6 pm. The aim is to explain the reasons for creating an LGBT charity in Monaco and the community&#8217;s rights in the Principality, while spending a pleasant evening over a drink or two.<\/p>\n","protected":false},"excerpt":{"rendered":"<p>On June 28, the new organisation is inviting all interested parties for an afterwork on the subject of the community&#8217;s [&hellip;]<\/p>\n","protected":false},"author":66,"featured_media":239351,"comment_status":"closed","ping_status":"closed","sticky":false,"template":"","format":"standard","meta":{"_acf_changed":false,"footnotes":""},"categories":[243,258],"tags":[4952],"post_sectags":[],"post_format":[2465],"class_list":["post-239698","post","type-post","status-publish","format-standard","has-post-thumbnail","hentry","category-news","category-public-life","tag-non-profit","format-in-brief"],"acf":[],"yoast_head":"<!-- This site is optimized with the Yoast SEO Premium plugin v26.8 (Yoast SEO v27.5) - https:\/\/yoast.com\/product\/yoast-seo-premium-wordpress\/ -->\n<title>Mon&#039;Arc en ciel: New event for Monegasque LGBTQI+ community<\/title>\n<meta name=\"description\" content=\"On June 28, the new organisation is inviting all interested parties for an afterwork on the subject of the community&#039;s rights. June is LGBTQI+ community\" \/>\n<meta name=\"robots\" content=\"index, follow, max-snippet:-1, max-image-preview:large, max-video-preview:-1\" \/>\n<link rel=\"canonical\" href=\"https:\/\/www.monaco-tribune.com\/en\/2024\/06\/monarc-en-ciel-new-event-for-monegasque-lgbtqi-community\/\" \/>\n<meta property=\"og:locale\" content=\"en_US\" \/>\n<meta property=\"og:type\" content=\"article\" \/>\n<meta property=\"og:title\" content=\"Mon&#039;Arc en ciel: New event for Monegasque LGBTQI+ community - Monaco Tribune\" \/>\n<meta property=\"og:description\" content=\"On June 28, the new organisation is inviting all interested parties for an afterwork on the subject of the community&#039;s rights. June is LGBTQI+ community\" \/>\n<meta property=\"og:url\" content=\"https:\/\/www.monaco-tribune.com\/en\/2024\/06\/monarc-en-ciel-new-event-for-monegasque-lgbtqi-community\/\" \/>\n<meta property=\"og:site_name\" content=\"Monaco Tribune\" \/>\n<meta property=\"article:publisher\" content=\"https:\/\/www.facebook.com\/MonacoTribune\" \/>\n<meta property=\"article:published_time\" content=\"2024-06-26T14:31:38+00:00\" \/>\n<meta property=\"article:modified_time\" content=\"2024-06-26T14:33:16+00:00\" \/>\n<meta property=\"og:image\" content=\"https:\/\/www.monaco-tribune.com\/wp-content\/uploads\/2024\/06\/monaco-pride-marius.jpg\" \/>\n\t<meta property=\"og:image:width\" content=\"2048\" \/>\n\t<meta property=\"og:image:height\" content=\"1366\" \/>\n\t<meta property=\"og:image:type\" content=\"image\/jpeg\" \/>\n<meta name=\"author\" content=\"Th\u00e9o Briand\" \/>\n<meta name=\"twitter:card\" content=\"summary_large_image\" \/>\n<meta name=\"twitter:creator\" content=\"@MonacoTribune\" \/>\n<meta name=\"twitter:site\" content=\"@MonacoTribune\" \/>\n<script type=\"application\/ld+json\" class=\"yoast-schema-graph\">{\"@context\":\"https:\\\/\\\/schema.org\",\"@graph\":[{\"@type\":\"NewsArticle\",\"@id\":\"https:\\\/\\\/www.monaco-tribune.com\\\/en\\\/2024\\\/06\\\/monarc-en-ciel-new-event-for-monegasque-lgbtqi-community\\\/#article\",\"isPartOf\":{\"@id\":\"https:\\\/\\\/www.monaco-tribune.com\\\/en\\\/2024\\\/06\\\/monarc-en-ciel-new-event-for-monegasque-lgbtqi-community\\\/\"},\"author\":{\"name\":\"Th\u00e9o Briand\",\"@id\":\"https:\\\/\\\/www.monaco-tribune.com\\\/en\\\/#\\\/schema\\\/person\\\/94fb5723547bd83dea1eed97e25145aa\"},\"headline\":\"Mon&#8217;Arc en ciel: New event for Monegasque LGBTQI+ community\",\"datePublished\":\"2024-06-26T14:31:38+00:00\",\"dateModified\":\"2024-06-26T14:33:16+00:00\",\"mainEntityOfPage\":{\"@id\":\"https:\\\/\\\/www.monaco-tribune.com\\\/en\\\/2024\\\/06\\\/monarc-en-ciel-new-event-for-monegasque-lgbtqi-community\\\/\"},\"wordCount\":210,\"publisher\":{\"@id\":\"https:\\\/\\\/www.monaco-tribune.com\\\/en\\\/#organization\"},\"image\":{\"@id\":\"https:\\\/\\\/www.monaco-tribune.com\\\/en\\\/2024\\\/06\\\/monarc-en-ciel-new-event-for-monegasque-lgbtqi-community\\\/#primaryimage\"},\"thumbnailUrl\":\"https:\\\/\\\/www.monaco-tribune.com\\\/wp-content\\\/uploads\\\/2024\\\/06\\\/monaco-pride-marius.jpg\",\"keywords\":[\"Non-profit\"],\"articleSection\":[\"News\",\"Society\"],\"inLanguage\":\"en-US\",\"copyrightYear\":\"2024\",\"copyrightHolder\":{\"@id\":\"https:\\\/\\\/www.monaco-tribune.com\\\/#organization\"}},{\"@type\":\"WebPage\",\"@id\":\"https:\\\/\\\/www.monaco-tribune.com\\\/en\\\/2024\\\/06\\\/monarc-en-ciel-new-event-for-monegasque-lgbtqi-community\\\/\",\"url\":\"https:\\\/\\\/www.monaco-tribune.com\\\/en\\\/2024\\\/06\\\/monarc-en-ciel-new-event-for-monegasque-lgbtqi-community\\\/\",\"name\":\"Mon'Arc en ciel: New event for Monegasque LGBTQI+ community\",\"isPartOf\":{\"@id\":\"https:\\\/\\\/www.monaco-tribune.com\\\/en\\\/#website\"},\"primaryImageOfPage\":{\"@id\":\"https:\\\/\\\/www.monaco-tribune.com\\\/en\\\/2024\\\/06\\\/monarc-en-ciel-new-event-for-monegasque-lgbtqi-community\\\/#primaryimage\"},\"image\":{\"@id\":\"https:\\\/\\\/www.monaco-tribune.com\\\/en\\\/2024\\\/06\\\/monarc-en-ciel-new-event-for-monegasque-lgbtqi-community\\\/#primaryimage\"},\"thumbnailUrl\":\"https:\\\/\\\/www.monaco-tribune.com\\\/wp-content\\\/uploads\\\/2024\\\/06\\\/monaco-pride-marius.jpg\",\"datePublished\":\"2024-06-26T14:31:38+00:00\",\"dateModified\":\"2024-06-26T14:33:16+00:00\",\"description\":\"On June 28, the new organisation is inviting all interested parties for an afterwork on the subject of the community's rights. June is LGBTQI+ community\",\"breadcrumb\":{\"@id\":\"https:\\\/\\\/www.monaco-tribune.com\\\/en\\\/2024\\\/06\\\/monarc-en-ciel-new-event-for-monegasque-lgbtqi-community\\\/#breadcrumb\"},\"inLanguage\":\"en-US\",\"potentialAction\":[{\"@type\":\"ReadAction\",\"target\":[\"https:\\\/\\\/www.monaco-tribune.com\\\/en\\\/2024\\\/06\\\/monarc-en-ciel-new-event-for-monegasque-lgbtqi-community\\\/\"]}]},{\"@type\":\"ImageObject\",\"inLanguage\":\"en-US\",\"@id\":\"https:\\\/\\\/www.monaco-tribune.com\\\/en\\\/2024\\\/06\\\/monarc-en-ciel-new-event-for-monegasque-lgbtqi-community\\\/#primaryimage\",\"url\":\"https:\\\/\\\/www.monaco-tribune.com\\\/wp-content\\\/uploads\\\/2024\\\/06\\\/monaco-pride-marius.jpg\",\"contentUrl\":\"https:\\\/\\\/www.monaco-tribune.com\\\/wp-content\\\/uploads\\\/2024\\\/06\\\/monaco-pride-marius.jpg\",\"width\":2048,\"height\":1366,\"caption\":\"La Monaco Pride a r\u00e9uni 150 participants au Marius, anciennement le Stars'n'Bar \u00a9 Fr\u00e9d\u00e9ric Monaco Pride drew 150 participants at Le Marius, formerly Stars'n'Bars \u00a9 Fr\u00e9d\u00e9ric N\u00e9binger\"},{\"@type\":\"BreadcrumbList\",\"@id\":\"https:\\\/\\\/www.monaco-tribune.com\\\/en\\\/2024\\\/06\\\/monarc-en-ciel-new-event-for-monegasque-lgbtqi-community\\\/#breadcrumb\",\"itemListElement\":[{\"@type\":\"ListItem\",\"position\":1,\"name\":\"Accueil\",\"item\":\"https:\\\/\\\/www.monaco-tribune.com\\\/en\\\/\"},{\"@type\":\"ListItem\",\"position\":2,\"name\":\"Mon&#8217;Arc en ciel: New event for Monegasque LGBTQI+ community\"}]},{\"@type\":\"WebSite\",\"@id\":\"https:\\\/\\\/www.monaco-tribune.com\\\/en\\\/#website\",\"url\":\"https:\\\/\\\/www.monaco-tribune.com\\\/en\\\/\",\"name\":\"Monaco Tribune\",\"description\":\"Monaco : actualit\u00e9s \u00e9conomiques, politiques, culturelles et sportives de Monaco et de la French Riviera.\",\"publisher\":{\"@id\":\"https:\\\/\\\/www.monaco-tribune.com\\\/en\\\/#organization\"},\"potentialAction\":[{\"@type\":\"SearchAction\",\"target\":{\"@type\":\"EntryPoint\",\"urlTemplate\":\"https:\\\/\\\/www.monaco-tribune.com\\\/en\\\/?s={search_term_string}\"},\"query-input\":{\"@type\":\"PropertyValueSpecification\",\"valueRequired\":true,\"valueName\":\"search_term_string\"}}],\"inLanguage\":\"en-US\"},{\"@type\":\"Organization\",\"@id\":\"https:\\\/\\\/www.monaco-tribune.com\\\/en\\\/#organization\",\"name\":\"Monaco Tribune\",\"url\":\"https:\\\/\\\/www.monaco-tribune.com\\\/en\\\/\",\"logo\":{\"@type\":\"ImageObject\",\"inLanguage\":\"en-US\",\"@id\":\"https:\\\/\\\/www.monaco-tribune.com\\\/en\\\/#\\\/schema\\\/logo\\\/image\\\/\",\"url\":\"https:\\\/\\\/www.monaco-tribune.com\\\/wp-content\\\/uploads\\\/2022\\\/11\\\/logo-monaco-tribune.png\",\"contentUrl\":\"https:\\\/\\\/www.monaco-tribune.com\\\/wp-content\\\/uploads\\\/2022\\\/11\\\/logo-monaco-tribune.png\",\"width\":1548,\"height\":600,\"caption\":\"Monaco Tribune\"},\"image\":{\"@id\":\"https:\\\/\\\/www.monaco-tribune.com\\\/en\\\/#\\\/schema\\\/logo\\\/image\\\/\"},\"sameAs\":[\"https:\\\/\\\/www.facebook.com\\\/MonacoTribune\",\"https:\\\/\\\/x.com\\\/MonacoTribune\",\"https:\\\/\\\/www.instagram.com\\\/monacotribune\\\/\",\"https:\\\/\\\/www.linkedin.com\\\/company\\\/monaco-tribune\",\"https:\\\/\\\/www.youtube.com\\\/channel\\\/UCHle1MnG6hw1y4lWKijVbMA\"]},{\"@type\":\"Person\",\"@id\":\"https:\\\/\\\/www.monaco-tribune.com\\\/en\\\/#\\\/schema\\\/person\\\/94fb5723547bd83dea1eed97e25145aa\",\"name\":\"Th\u00e9o Briand\",\"image\":{\"@type\":\"ImageObject\",\"inLanguage\":\"en-US\",\"@id\":\"https:\\\/\\\/secure.gravatar.com\\\/avatar\\\/1c02cfd8b8054d8c376f9a942a1dc4dbacfd8ba5e6f8dbb5e16f4aa3d281972a?s=96&d=mm&r=g\",\"url\":\"https:\\\/\\\/secure.gravatar.com\\\/avatar\\\/1c02cfd8b8054d8c376f9a942a1dc4dbacfd8ba5e6f8dbb5e16f4aa3d281972a?s=96&d=mm&r=g\",\"contentUrl\":\"https:\\\/\\\/secure.gravatar.com\\\/avatar\\\/1c02cfd8b8054d8c376f9a942a1dc4dbacfd8ba5e6f8dbb5e16f4aa3d281972a?s=96&d=mm&r=g\",\"caption\":\"Th\u00e9o Briand\"},\"url\":\"https:\\\/\\\/www.monaco-tribune.com\\\/en\\\/author\\\/theobriand\\\/\"}]}<\/script>\n<!-- \/ Yoast SEO Premium plugin. -->","yoast_head_json":{"title":"Mon'Arc en ciel: New event for Monegasque LGBTQI+ community","description":"On June 28, the new organisation is inviting all interested parties for an afterwork on the subject of the community's rights. June is LGBTQI+ community","robots":{"index":"index","follow":"follow","max-snippet":"max-snippet:-1","max-image-preview":"max-image-preview:large","max-video-preview":"max-video-preview:-1"},"canonical":"https:\/\/www.monaco-tribune.com\/en\/2024\/06\/monarc-en-ciel-new-event-for-monegasque-lgbtqi-community\/","og_locale":"en_US","og_type":"article","og_title":"Mon'Arc en ciel: New event for Monegasque LGBTQI+ community - Monaco Tribune","og_description":"On June 28, the new organisation is inviting all interested parties for an afterwork on the subject of the community's rights. June is LGBTQI+ community","og_url":"https:\/\/www.monaco-tribune.com\/en\/2024\/06\/monarc-en-ciel-new-event-for-monegasque-lgbtqi-community\/","og_site_name":"Monaco Tribune","article_publisher":"https:\/\/www.facebook.com\/MonacoTribune","article_published_time":"2024-06-26T14:31:38+00:00","article_modified_time":"2024-06-26T14:33:16+00:00","og_image":[{"width":2048,"height":1366,"url":"https:\/\/www.monaco-tribune.com\/wp-content\/uploads\/2024\/06\/monaco-pride-marius.jpg","type":"image\/jpeg"}],"author":"Th\u00e9o Briand","twitter_card":"summary_large_image","twitter_creator":"@MonacoTribune","twitter_site":"@MonacoTribune","schema":{"@context":"https:\/\/schema.org","@graph":[{"@type":"NewsArticle","@id":"https:\/\/www.monaco-tribune.com\/en\/2024\/06\/monarc-en-ciel-new-event-for-monegasque-lgbtqi-community\/#article","isPartOf":{"@id":"https:\/\/www.monaco-tribune.com\/en\/2024\/06\/monarc-en-ciel-new-event-for-monegasque-lgbtqi-community\/"},"author":{"name":"Th\u00e9o Briand","@id":"https:\/\/www.monaco-tribune.com\/en\/#\/schema\/person\/94fb5723547bd83dea1eed97e25145aa"},"headline":"Mon&#8217;Arc en ciel: New event for Monegasque LGBTQI+ community","datePublished":"2024-06-26T14:31:38+00:00","dateModified":"2024-06-26T14:33:16+00:00","mainEntityOfPage":{"@id":"https:\/\/www.monaco-tribune.com\/en\/2024\/06\/monarc-en-ciel-new-event-for-monegasque-lgbtqi-community\/"},"wordCount":210,"publisher":{"@id":"https:\/\/www.monaco-tribune.com\/en\/#organization"},"image":{"@id":"https:\/\/www.monaco-tribune.com\/en\/2024\/06\/monarc-en-ciel-new-event-for-monegasque-lgbtqi-community\/#primaryimage"},"thumbnailUrl":"https:\/\/www.monaco-tribune.com\/wp-content\/uploads\/2024\/06\/monaco-pride-marius.jpg","keywords":["Non-profit"],"articleSection":["News","Society"],"inLanguage":"en-US","copyrightYear":"2024","copyrightHolder":{"@id":"https:\/\/www.monaco-tribune.com\/#organization"}},{"@type":"WebPage","@id":"https:\/\/www.monaco-tribune.com\/en\/2024\/06\/monarc-en-ciel-new-event-for-monegasque-lgbtqi-community\/","url":"https:\/\/www.monaco-tribune.com\/en\/2024\/06\/monarc-en-ciel-new-event-for-monegasque-lgbtqi-community\/","name":"Mon'Arc en ciel: New event for Monegasque LGBTQI+ community","isPartOf":{"@id":"https:\/\/www.monaco-tribune.com\/en\/#website"},"primaryImageOfPage":{"@id":"https:\/\/www.monaco-tribune.com\/en\/2024\/06\/monarc-en-ciel-new-event-for-monegasque-lgbtqi-community\/#primaryimage"},"image":{"@id":"https:\/\/www.monaco-tribune.com\/en\/2024\/06\/monarc-en-ciel-new-event-for-monegasque-lgbtqi-community\/#primaryimage"},"thumbnailUrl":"https:\/\/www.monaco-tribune.com\/wp-content\/uploads\/2024\/06\/monaco-pride-marius.jpg","datePublished":"2024-06-26T14:31:38+00:00","dateModified":"2024-06-26T14:33:16+00:00","description":"On June 28, the new organisation is inviting all interested parties for an afterwork on the subject of the community's rights. June is LGBTQI+ community","breadcrumb":{"@id":"https:\/\/www.monaco-tribune.com\/en\/2024\/06\/monarc-en-ciel-new-event-for-monegasque-lgbtqi-community\/#breadcrumb"},"inLanguage":"en-US","potentialAction":[{"@type":"ReadAction","target":["https:\/\/www.monaco-tribune.com\/en\/2024\/06\/monarc-en-ciel-new-event-for-monegasque-lgbtqi-community\/"]}]},{"@type":"ImageObject","inLanguage":"en-US","@id":"https:\/\/www.monaco-tribune.com\/en\/2024\/06\/monarc-en-ciel-new-event-for-monegasque-lgbtqi-community\/#primaryimage","url":"https:\/\/www.monaco-tribune.com\/wp-content\/uploads\/2024\/06\/monaco-pride-marius.jpg","contentUrl":"https:\/\/www.monaco-tribune.com\/wp-content\/uploads\/2024\/06\/monaco-pride-marius.jpg","width":2048,"height":1366,"caption":"La Monaco Pride a r\u00e9uni 150 participants au Marius, anciennement le Stars'n'Bar \u00a9 Fr\u00e9d\u00e9ric Monaco Pride drew 150 participants at Le Marius, formerly Stars'n'Bars \u00a9 Fr\u00e9d\u00e9ric N\u00e9binger"},{"@type":"BreadcrumbList","@id":"https:\/\/www.monaco-tribune.com\/en\/2024\/06\/monarc-en-ciel-new-event-for-monegasque-lgbtqi-community\/#breadcrumb","itemListElement":[{"@type":"ListItem","position":1,"name":"Accueil","item":"https:\/\/www.monaco-tribune.com\/en\/"},{"@type":"ListItem","position":2,"name":"Mon&#8217;Arc en ciel: New event for Monegasque LGBTQI+ community"}]},{"@type":"WebSite","@id":"https:\/\/www.monaco-tribune.com\/en\/#website","url":"https:\/\/www.monaco-tribune.com\/en\/","name":"Monaco Tribune","description":"Monaco : actualit\u00e9s \u00e9conomiques, politiques, culturelles et sportives de Monaco et de la French Riviera.","publisher":{"@id":"https:\/\/www.monaco-tribune.com\/en\/#organization"},"potentialAction":[{"@type":"SearchAction","target":{"@type":"EntryPoint","urlTemplate":"https:\/\/www.monaco-tribune.com\/en\/?s={search_term_string}"},"query-input":{"@type":"PropertyValueSpecification","valueRequired":true,"valueName":"search_term_string"}}],"inLanguage":"en-US"},{"@type":"Organization","@id":"https:\/\/www.monaco-tribune.com\/en\/#organization","name":"Monaco Tribune","url":"https:\/\/www.monaco-tribune.com\/en\/","logo":{"@type":"ImageObject","inLanguage":"en-US","@id":"https:\/\/www.monaco-tribune.com\/en\/#\/schema\/logo\/image\/","url":"https:\/\/www.monaco-tribune.com\/wp-content\/uploads\/2022\/11\/logo-monaco-tribune.png","contentUrl":"https:\/\/www.monaco-tribune.com\/wp-content\/uploads\/2022\/11\/logo-monaco-tribune.png","width":1548,"height":600,"caption":"Monaco Tribune"},"image":{"@id":"https:\/\/www.monaco-tribune.com\/en\/#\/schema\/logo\/image\/"},"sameAs":["https:\/\/www.facebook.com\/MonacoTribune","https:\/\/x.com\/MonacoTribune","https:\/\/www.instagram.com\/monacotribune\/","https:\/\/www.linkedin.com\/company\/monaco-tribune","https:\/\/www.youtube.com\/channel\/UCHle1MnG6hw1y4lWKijVbMA"]},{"@type":"Person","@id":"https:\/\/www.monaco-tribune.com\/en\/#\/schema\/person\/94fb5723547bd83dea1eed97e25145aa","name":"Th\u00e9o Briand","image":{"@type":"ImageObject","inLanguage":"en-US","@id":"https:\/\/secure.gravatar.com\/avatar\/1c02cfd8b8054d8c376f9a942a1dc4dbacfd8ba5e6f8dbb5e16f4aa3d281972a?s=96&d=mm&r=g","url":"https:\/\/secure.gravatar.com\/avatar\/1c02cfd8b8054d8c376f9a942a1dc4dbacfd8ba5e6f8dbb5e16f4aa3d281972a?s=96&d=mm&r=g","contentUrl":"https:\/\/secure.gravatar.com\/avatar\/1c02cfd8b8054d8c376f9a942a1dc4dbacfd8ba5e6f8dbb5e16f4aa3d281972a?s=96&d=mm&r=g","caption":"Th\u00e9o Briand"},"url":"https:\/\/www.monaco-tribune.com\/en\/author\/theobriand\/"}]}},"_links":{"self":[{"href":"https:\/\/www.monaco-tribune.com\/en\/wp-json\/wp\/v2\/posts\/239698","targetHints":{"allow":["GET"]}}],"collection":[{"href":"https:\/\/www.monaco-tribune.com\/en\/wp-json\/wp\/v2\/posts"}],"about":[{"href":"https:\/\/www.monaco-tribune.com\/en\/wp-json\/wp\/v2\/types\/post"}],"author":[{"embeddable":true,"href":"https:\/\/www.monaco-tribune.com\/en\/wp-json\/wp\/v2\/users\/66"}],"replies":[{"embeddable":true,"href":"https:\/\/www.monaco-tribune.com\/en\/wp-json\/wp\/v2\/comments?post=239698"}],"version-history":[{"count":2,"href":"https:\/\/www.monaco-tribune.com\/en\/wp-json\/wp\/v2\/posts\/239698\/revisions"}],"predecessor-version":[{"id":239703,"href":"https:\/\/www.monaco-tribune.com\/en\/wp-json\/wp\/v2\/posts\/239698\/revisions\/239703"}],"wp:featuredmedia":[{"embeddable":true,"href":"https:\/\/www.monaco-tribune.com\/en\/wp-json\/wp\/v2\/media\/239351"}],"wp:attachment":[{"href":"https:\/\/www.monaco-tribune.com\/en\/wp-json\/wp\/v2\/media?parent=239698"}],"wp:term":[{"taxonomy":"category","embeddable":true,"href":"https:\/\/www.monaco-tribune.com\/en\/wp-json\/wp\/v2\/categories?post=239698"},{"taxonomy":"post_tag","embeddable":true,"href":"https:\/\/www.monaco-tribune.com\/en\/wp-json\/wp\/v2\/tags?post=239698"},{"taxonomy":"sectag","embeddable":true,"href":"https:\/\/www.monaco-tribune.com\/en\/wp-json\/wp\/v2\/post_sectags?post=239698"},{"taxonomy":"format","embeddable":true,"href":"https:\/\/www.monaco-tribune.com\/en\/wp-json\/wp\/v2\/post_format?post=239698"}],"curies":[{"name":"wp","href":"https:\/\/api.w.org\/{rel}","templated":true}]}}