{"id":240039,"date":"2024-06-28T15:56:16","date_gmt":"2024-06-28T13:56:16","guid":{"rendered":"https:\/\/www.monaco-tribune.com\/2024\/06\/princess-caroline-attends-joyous-awards-ceremony-at-pavillon-bosio\/"},"modified":"2024-06-28T15:56:18","modified_gmt":"2024-06-28T13:56:18","slug":"princess-caroline-attends-joyous-awards-ceremony-at-pavillon-bosio","status":"publish","type":"post","link":"https:\/\/www.monaco-tribune.com\/en\/2024\/06\/princess-caroline-attends-joyous-awards-ceremony-at-pavillon-bosio\/","title":{"rendered":"Princess Caroline attends joyous awards ceremony at Pavillon Bosio"},"content":{"rendered":"\n<p><p class=\"p1\"><b>All the students took part, with some being rewarded by the jury.<\/b><\/p><\/p>\n\n<p>The 2024 prize-giving ceremony at the \u00c9cole Sup\u00e9rieure d&#8217;Arts Plastiques &#8211; Pavillon Bosio was held under threatening skies on Tuesday, but the atmosphere was nonetheless enthusiastic.\u00a0<\/p>\n\n<p>To mark the occasion, Princess Caroline and M\u00e9lanie-Antoinette de Massy both took part in the celebrations in the Cour d&#8217;Honneur at Monaco Town Hall. They warmly congratulated the newly graduated students.<\/p>\n\n<h2 class=\"wp-block-heading\" id=\"h-un-essor-remarquable-et-des-projets-enrichissants\">Remarkable growth and enriching projects<\/h2>\n\n<p><p class=\"p1\">Jean-Marc Deoriti-Castellini, Deputy Mayor and Delegate for the Pavillon Bosio, set the tone in his opening speech: &#8220;<i>The Pavillon Bosio, under the remarkable leadership of the management team and all the teaching staff, is experiencing great growth, both in terms of the higher education curriculum, with highly diversified, high-quality activities that attest to the school&#8217;s growing appeal<\/i>.&#8221;<\/p><\/p>\n<div class=\"wp-block-image\">\n<figure class=\"aligncenter size-large\"><img loading=\"lazy\" decoding=\"async\" width=\"1024\" height=\"683\" src=\"https:\/\/www.monaco-tribune.com\/wp-content\/uploads\/2024\/06\/etudiants-remise-prix-pavillon-bosio-1024x683.jpg\" alt=\"etudiants-remise-prix-pavillon-bosio\" class=\"wp-image-239801\" srcset=\"https:\/\/www.monaco-tribune.com\/wp-content\/uploads\/2024\/06\/etudiants-remise-prix-pavillon-bosio-1024x683.jpg 1024w, https:\/\/www.monaco-tribune.com\/wp-content\/uploads\/2024\/06\/etudiants-remise-prix-pavillon-bosio-450x300.jpg 450w, https:\/\/www.monaco-tribune.com\/wp-content\/uploads\/2024\/06\/etudiants-remise-prix-pavillon-bosio.jpg 2048w\" sizes=\"auto, (max-width: 1024px) 100vw, 1024px\" \/><figcaption class=\"wp-element-caption\"><p class=\"p1\"><i>\u00a9 Ed Wright Images \/ Monaco Town Council<\/i><\/p><\/figcaption><\/figure>\n<\/div>\n<p>The school&#8217;s Director, Thierry Leviez, then took the floor, underlining the school&#8217;s vitality and increasing appeal, particularly through all the projects that have taken place over the year. With a show staged at the Espace L\u00e9o Ferr\u00e9 featuring writer Chlo\u00e9 Delaume, a dozen conferences, half a dozen exhibitions, international juries and a host of guests for workshops, life at the Pavillon has been eventful this year.<\/p>\n\n<p class=\"related\"><p class=\"p1\"><a href=\"https:\/\/www.monaco-tribune.com\/en\/2021\/10\/portrait-thierry-leviez-expert-in-scenography-and-new-director-of-the-pavillon-bosio\/\">Thierry Leviez, scenography expert and new director of the Pavillon Bosio<\/a><\/p><\/p>\n\n<h2 class=\"wp-block-heading\" id=\"h-100-de-reussite\">100% success rate<\/h2>\n\n<p>The highlight of the evening was undoubtedly the presentation of diplomas to the students. And with good reason: the results were once again excellent. There was 100% success in the Dipl\u00f4me National d&#8217;Art (DNA), which 12 candidates passed, and the Dipl\u00f4me National Sup\u00e9rieur d&#8217;Expression Plastique en Art &amp; Sc\u00e9nographie (DNSEP), which 11 students sat.<\/p>\n<div class=\"wp-block-image\">\n<figure class=\"aligncenter size-large\"><img loading=\"lazy\" decoding=\"async\" width=\"1024\" height=\"683\" src=\"https:\/\/www.monaco-tribune.com\/wp-content\/uploads\/2024\/06\/princesse-caroline-melanie-antoinette-de-massy-remise-prix-pavillon-bosio-1024x683.jpg\" alt=\"princesse-caroline-melanie-antoinette-de-massy-remise-prix-pavillon-bosio\" class=\"wp-image-239793\" srcset=\"https:\/\/www.monaco-tribune.com\/wp-content\/uploads\/2024\/06\/princesse-caroline-melanie-antoinette-de-massy-remise-prix-pavillon-bosio-1024x683.jpg 1024w, https:\/\/www.monaco-tribune.com\/wp-content\/uploads\/2024\/06\/princesse-caroline-melanie-antoinette-de-massy-remise-prix-pavillon-bosio-450x300.jpg 450w, https:\/\/www.monaco-tribune.com\/wp-content\/uploads\/2024\/06\/princesse-caroline-melanie-antoinette-de-massy-remise-prix-pavillon-bosio.jpg 2048w\" sizes=\"auto, (max-width: 1024px) 100vw, 1024px\" \/><figcaption class=\"wp-element-caption\"><p class=\"p1\"><i>\u00a9 Ed Wright Images \/ Monaco Town Council<\/i><\/p><\/figcaption><\/figure>\n<\/div>\n<p>Special prizes were also presented to reward peer support, the ability to overcome obstacles and quality of contract work. Finally, deserving young talents from the public workshops were also rewarded during the evening.<\/p>\n","protected":false},"excerpt":{"rendered":"<p>All the students took part, with some being rewarded by the jury. The 2024 prize-giving ceremony at the \u00c9cole Sup\u00e9rieure [&hellip;]<\/p>\n","protected":false},"author":66,"featured_media":239798,"comment_status":"closed","ping_status":"closed","sticky":false,"template":"","format":"standard","meta":{"_acf_changed":false,"footnotes":""},"categories":[1825,243,254],"tags":[2831],"post_sectags":[5029],"post_format":[2465],"class_list":["post-240039","post","type-post","status-publish","format-standard","has-post-thumbnail","hentry","category-editors-choice","category-news","category-people-en","tag-princess-caroline-en","sectag-pavillon-bosio-en","format-in-brief"],"acf":[],"yoast_head":"<!-- This site is optimized with the Yoast SEO Premium plugin v27.5 (Yoast SEO v27.5) - https:\/\/yoast.com\/product\/yoast-seo-premium-wordpress\/ -->\n<title>Princess Caroline attends joyous awards ceremony at Pavillon Bosio<\/title>\n<meta name=\"description\" content=\"All the students took part, with some being rewarded by the jury. The 2024 prize-giving ceremony at the \u00c9cole Sup\u00e9rieure d&#039;Arts Plastiques - Pavillon\" \/>\n<meta name=\"robots\" content=\"index, follow, max-snippet:-1, max-image-preview:large, max-video-preview:-1\" \/>\n<link rel=\"canonical\" href=\"https:\/\/www.monaco-tribune.com\/en\/2024\/06\/princess-caroline-attends-joyous-awards-ceremony-at-pavillon-bosio\/\" \/>\n<meta property=\"og:locale\" content=\"en_US\" \/>\n<meta property=\"og:type\" content=\"article\" \/>\n<meta property=\"og:title\" content=\"Princess Caroline attends joyous awards ceremony at Pavillon Bosio - Monaco Tribune\" \/>\n<meta property=\"og:description\" content=\"All the students took part, with some being rewarded by the jury. The 2024 prize-giving ceremony at the \u00c9cole Sup\u00e9rieure d&#039;Arts Plastiques - Pavillon\" \/>\n<meta property=\"og:url\" content=\"https:\/\/www.monaco-tribune.com\/en\/2024\/06\/princess-caroline-attends-joyous-awards-ceremony-at-pavillon-bosio\/\" \/>\n<meta property=\"og:site_name\" content=\"Monaco Tribune\" \/>\n<meta property=\"article:publisher\" content=\"https:\/\/www.facebook.com\/MonacoTribune\" \/>\n<meta property=\"article:published_time\" content=\"2024-06-28T13:56:16+00:00\" \/>\n<meta property=\"article:modified_time\" content=\"2024-06-28T13:56:18+00:00\" \/>\n<meta property=\"og:image\" content=\"https:\/\/www.monaco-tribune.com\/wp-content\/uploads\/2024\/06\/etudiants-princesse-caroline-pavillon-bosio.jpg\" \/>\n\t<meta property=\"og:image:width\" content=\"2048\" \/>\n\t<meta property=\"og:image:height\" content=\"1366\" \/>\n\t<meta property=\"og:image:type\" content=\"image\/jpeg\" \/>\n<meta name=\"author\" content=\"Th\u00e9o Briand\" \/>\n<meta name=\"twitter:card\" content=\"summary_large_image\" \/>\n<meta name=\"twitter:creator\" content=\"@MonacoTribune\" \/>\n<meta name=\"twitter:site\" content=\"@MonacoTribune\" \/>\n<script type=\"application\/ld+json\" class=\"yoast-schema-graph\">{\"@context\":\"https:\\\/\\\/schema.org\",\"@graph\":[{\"@type\":\"NewsArticle\",\"@id\":\"https:\\\/\\\/www.monaco-tribune.com\\\/en\\\/2024\\\/06\\\/princess-caroline-attends-joyous-awards-ceremony-at-pavillon-bosio\\\/#article\",\"isPartOf\":{\"@id\":\"https:\\\/\\\/www.monaco-tribune.com\\\/en\\\/2024\\\/06\\\/princess-caroline-attends-joyous-awards-ceremony-at-pavillon-bosio\\\/\"},\"author\":{\"name\":\"Th\u00e9o Briand\",\"@id\":\"https:\\\/\\\/www.monaco-tribune.com\\\/en\\\/#\\\/schema\\\/person\\\/94fb5723547bd83dea1eed97e25145aa\"},\"headline\":\"Princess Caroline attends joyous awards ceremony at Pavillon Bosio\",\"datePublished\":\"2024-06-28T13:56:16+00:00\",\"dateModified\":\"2024-06-28T13:56:18+00:00\",\"mainEntityOfPage\":{\"@id\":\"https:\\\/\\\/www.monaco-tribune.com\\\/en\\\/2024\\\/06\\\/princess-caroline-attends-joyous-awards-ceremony-at-pavillon-bosio\\\/\"},\"wordCount\":328,\"publisher\":{\"@id\":\"https:\\\/\\\/www.monaco-tribune.com\\\/en\\\/#organization\"},\"image\":{\"@id\":\"https:\\\/\\\/www.monaco-tribune.com\\\/en\\\/2024\\\/06\\\/princess-caroline-attends-joyous-awards-ceremony-at-pavillon-bosio\\\/#primaryimage\"},\"thumbnailUrl\":\"https:\\\/\\\/www.monaco-tribune.com\\\/wp-content\\\/uploads\\\/2024\\\/06\\\/etudiants-princesse-caroline-pavillon-bosio.jpg\",\"keywords\":[\"Princess Caroline\"],\"articleSection\":[\"Editor&#039;s choice\",\"News\",\"Princely Family\"],\"inLanguage\":\"en-US\",\"copyrightYear\":\"2024\",\"copyrightHolder\":{\"@id\":\"https:\\\/\\\/www.monaco-tribune.com\\\/#organization\"}},{\"@type\":\"WebPage\",\"@id\":\"https:\\\/\\\/www.monaco-tribune.com\\\/en\\\/2024\\\/06\\\/princess-caroline-attends-joyous-awards-ceremony-at-pavillon-bosio\\\/\",\"url\":\"https:\\\/\\\/www.monaco-tribune.com\\\/en\\\/2024\\\/06\\\/princess-caroline-attends-joyous-awards-ceremony-at-pavillon-bosio\\\/\",\"name\":\"Princess Caroline attends joyous awards ceremony at Pavillon Bosio\",\"isPartOf\":{\"@id\":\"https:\\\/\\\/www.monaco-tribune.com\\\/en\\\/#website\"},\"primaryImageOfPage\":{\"@id\":\"https:\\\/\\\/www.monaco-tribune.com\\\/en\\\/2024\\\/06\\\/princess-caroline-attends-joyous-awards-ceremony-at-pavillon-bosio\\\/#primaryimage\"},\"image\":{\"@id\":\"https:\\\/\\\/www.monaco-tribune.com\\\/en\\\/2024\\\/06\\\/princess-caroline-attends-joyous-awards-ceremony-at-pavillon-bosio\\\/#primaryimage\"},\"thumbnailUrl\":\"https:\\\/\\\/www.monaco-tribune.com\\\/wp-content\\\/uploads\\\/2024\\\/06\\\/etudiants-princesse-caroline-pavillon-bosio.jpg\",\"datePublished\":\"2024-06-28T13:56:16+00:00\",\"dateModified\":\"2024-06-28T13:56:18+00:00\",\"description\":\"All the students took part, with some being rewarded by the jury. The 2024 prize-giving ceremony at the \u00c9cole Sup\u00e9rieure d'Arts Plastiques - Pavillon\",\"breadcrumb\":{\"@id\":\"https:\\\/\\\/www.monaco-tribune.com\\\/en\\\/2024\\\/06\\\/princess-caroline-attends-joyous-awards-ceremony-at-pavillon-bosio\\\/#breadcrumb\"},\"inLanguage\":\"en-US\",\"potentialAction\":[{\"@type\":\"ReadAction\",\"target\":[\"https:\\\/\\\/www.monaco-tribune.com\\\/en\\\/2024\\\/06\\\/princess-caroline-attends-joyous-awards-ceremony-at-pavillon-bosio\\\/\"]}]},{\"@type\":\"ImageObject\",\"inLanguage\":\"en-US\",\"@id\":\"https:\\\/\\\/www.monaco-tribune.com\\\/en\\\/2024\\\/06\\\/princess-caroline-attends-joyous-awards-ceremony-at-pavillon-bosio\\\/#primaryimage\",\"url\":\"https:\\\/\\\/www.monaco-tribune.com\\\/wp-content\\\/uploads\\\/2024\\\/06\\\/etudiants-princesse-caroline-pavillon-bosio.jpg\",\"contentUrl\":\"https:\\\/\\\/www.monaco-tribune.com\\\/wp-content\\\/uploads\\\/2024\\\/06\\\/etudiants-princesse-caroline-pavillon-bosio.jpg\",\"width\":2048,\"height\":1366,\"caption\":\"The students had their photo taken with Princess Caroline and M\u00e9lanie-Antoinette de Massy \u00a9 Ed Wright Images \\\/ Monaco Town Council\u00a0\"},{\"@type\":\"BreadcrumbList\",\"@id\":\"https:\\\/\\\/www.monaco-tribune.com\\\/en\\\/2024\\\/06\\\/princess-caroline-attends-joyous-awards-ceremony-at-pavillon-bosio\\\/#breadcrumb\",\"itemListElement\":[{\"@type\":\"ListItem\",\"position\":1,\"name\":\"Accueil\",\"item\":\"https:\\\/\\\/www.monaco-tribune.com\\\/en\\\/\"},{\"@type\":\"ListItem\",\"position\":2,\"name\":\"Princess Caroline attends joyous awards ceremony at Pavillon Bosio\"}]},{\"@type\":\"WebSite\",\"@id\":\"https:\\\/\\\/www.monaco-tribune.com\\\/en\\\/#website\",\"url\":\"https:\\\/\\\/www.monaco-tribune.com\\\/en\\\/\",\"name\":\"Monaco Tribune\",\"description\":\"Monaco : actualit\u00e9s \u00e9conomiques, politiques, culturelles et sportives de Monaco et de la French Riviera.\",\"publisher\":{\"@id\":\"https:\\\/\\\/www.monaco-tribune.com\\\/en\\\/#organization\"},\"potentialAction\":[{\"@type\":\"SearchAction\",\"target\":{\"@type\":\"EntryPoint\",\"urlTemplate\":\"https:\\\/\\\/www.monaco-tribune.com\\\/en\\\/?s={search_term_string}\"},\"query-input\":{\"@type\":\"PropertyValueSpecification\",\"valueRequired\":true,\"valueName\":\"search_term_string\"}}],\"inLanguage\":\"en-US\"},{\"@type\":\"Organization\",\"@id\":\"https:\\\/\\\/www.monaco-tribune.com\\\/en\\\/#organization\",\"name\":\"Monaco Tribune\",\"url\":\"https:\\\/\\\/www.monaco-tribune.com\\\/en\\\/\",\"logo\":{\"@type\":\"ImageObject\",\"inLanguage\":\"en-US\",\"@id\":\"https:\\\/\\\/www.monaco-tribune.com\\\/en\\\/#\\\/schema\\\/logo\\\/image\\\/\",\"url\":\"https:\\\/\\\/www.monaco-tribune.com\\\/wp-content\\\/uploads\\\/2022\\\/11\\\/logo-monaco-tribune.png\",\"contentUrl\":\"https:\\\/\\\/www.monaco-tribune.com\\\/wp-content\\\/uploads\\\/2022\\\/11\\\/logo-monaco-tribune.png\",\"width\":1548,\"height\":600,\"caption\":\"Monaco Tribune\"},\"image\":{\"@id\":\"https:\\\/\\\/www.monaco-tribune.com\\\/en\\\/#\\\/schema\\\/logo\\\/image\\\/\"},\"sameAs\":[\"https:\\\/\\\/www.facebook.com\\\/MonacoTribune\",\"https:\\\/\\\/x.com\\\/MonacoTribune\",\"https:\\\/\\\/www.instagram.com\\\/monacotribune\\\/\",\"https:\\\/\\\/www.linkedin.com\\\/company\\\/monaco-tribune\",\"https:\\\/\\\/www.youtube.com\\\/channel\\\/UCHle1MnG6hw1y4lWKijVbMA\"]},{\"@type\":\"Person\",\"@id\":\"https:\\\/\\\/www.monaco-tribune.com\\\/en\\\/#\\\/schema\\\/person\\\/94fb5723547bd83dea1eed97e25145aa\",\"name\":\"Th\u00e9o Briand\",\"image\":{\"@type\":\"ImageObject\",\"inLanguage\":\"en-US\",\"@id\":\"https:\\\/\\\/secure.gravatar.com\\\/avatar\\\/1c02cfd8b8054d8c376f9a942a1dc4dbacfd8ba5e6f8dbb5e16f4aa3d281972a?s=96&d=mm&r=g\",\"url\":\"https:\\\/\\\/secure.gravatar.com\\\/avatar\\\/1c02cfd8b8054d8c376f9a942a1dc4dbacfd8ba5e6f8dbb5e16f4aa3d281972a?s=96&d=mm&r=g\",\"contentUrl\":\"https:\\\/\\\/secure.gravatar.com\\\/avatar\\\/1c02cfd8b8054d8c376f9a942a1dc4dbacfd8ba5e6f8dbb5e16f4aa3d281972a?s=96&d=mm&r=g\",\"caption\":\"Th\u00e9o Briand\"},\"url\":\"https:\\\/\\\/www.monaco-tribune.com\\\/en\\\/author\\\/theobriand\\\/\"}]}<\/script>\n<!-- \/ Yoast SEO Premium plugin. -->","yoast_head_json":{"title":"Princess Caroline attends joyous awards ceremony at Pavillon Bosio","description":"All the students took part, with some being rewarded by the jury. The 2024 prize-giving ceremony at the \u00c9cole Sup\u00e9rieure d'Arts Plastiques - Pavillon","robots":{"index":"index","follow":"follow","max-snippet":"max-snippet:-1","max-image-preview":"max-image-preview:large","max-video-preview":"max-video-preview:-1"},"canonical":"https:\/\/www.monaco-tribune.com\/en\/2024\/06\/princess-caroline-attends-joyous-awards-ceremony-at-pavillon-bosio\/","og_locale":"en_US","og_type":"article","og_title":"Princess Caroline attends joyous awards ceremony at Pavillon Bosio - Monaco Tribune","og_description":"All the students took part, with some being rewarded by the jury. The 2024 prize-giving ceremony at the \u00c9cole Sup\u00e9rieure d'Arts Plastiques - Pavillon","og_url":"https:\/\/www.monaco-tribune.com\/en\/2024\/06\/princess-caroline-attends-joyous-awards-ceremony-at-pavillon-bosio\/","og_site_name":"Monaco Tribune","article_publisher":"https:\/\/www.facebook.com\/MonacoTribune","article_published_time":"2024-06-28T13:56:16+00:00","article_modified_time":"2024-06-28T13:56:18+00:00","og_image":[{"width":2048,"height":1366,"url":"https:\/\/www.monaco-tribune.com\/wp-content\/uploads\/2024\/06\/etudiants-princesse-caroline-pavillon-bosio.jpg","type":"image\/jpeg"}],"author":"Th\u00e9o Briand","twitter_card":"summary_large_image","twitter_creator":"@MonacoTribune","twitter_site":"@MonacoTribune","schema":{"@context":"https:\/\/schema.org","@graph":[{"@type":"NewsArticle","@id":"https:\/\/www.monaco-tribune.com\/en\/2024\/06\/princess-caroline-attends-joyous-awards-ceremony-at-pavillon-bosio\/#article","isPartOf":{"@id":"https:\/\/www.monaco-tribune.com\/en\/2024\/06\/princess-caroline-attends-joyous-awards-ceremony-at-pavillon-bosio\/"},"author":{"name":"Th\u00e9o Briand","@id":"https:\/\/www.monaco-tribune.com\/en\/#\/schema\/person\/94fb5723547bd83dea1eed97e25145aa"},"headline":"Princess Caroline attends joyous awards ceremony at Pavillon Bosio","datePublished":"2024-06-28T13:56:16+00:00","dateModified":"2024-06-28T13:56:18+00:00","mainEntityOfPage":{"@id":"https:\/\/www.monaco-tribune.com\/en\/2024\/06\/princess-caroline-attends-joyous-awards-ceremony-at-pavillon-bosio\/"},"wordCount":328,"publisher":{"@id":"https:\/\/www.monaco-tribune.com\/en\/#organization"},"image":{"@id":"https:\/\/www.monaco-tribune.com\/en\/2024\/06\/princess-caroline-attends-joyous-awards-ceremony-at-pavillon-bosio\/#primaryimage"},"thumbnailUrl":"https:\/\/www.monaco-tribune.com\/wp-content\/uploads\/2024\/06\/etudiants-princesse-caroline-pavillon-bosio.jpg","keywords":["Princess Caroline"],"articleSection":["Editor&#039;s choice","News","Princely Family"],"inLanguage":"en-US","copyrightYear":"2024","copyrightHolder":{"@id":"https:\/\/www.monaco-tribune.com\/#organization"}},{"@type":"WebPage","@id":"https:\/\/www.monaco-tribune.com\/en\/2024\/06\/princess-caroline-attends-joyous-awards-ceremony-at-pavillon-bosio\/","url":"https:\/\/www.monaco-tribune.com\/en\/2024\/06\/princess-caroline-attends-joyous-awards-ceremony-at-pavillon-bosio\/","name":"Princess Caroline attends joyous awards ceremony at Pavillon Bosio","isPartOf":{"@id":"https:\/\/www.monaco-tribune.com\/en\/#website"},"primaryImageOfPage":{"@id":"https:\/\/www.monaco-tribune.com\/en\/2024\/06\/princess-caroline-attends-joyous-awards-ceremony-at-pavillon-bosio\/#primaryimage"},"image":{"@id":"https:\/\/www.monaco-tribune.com\/en\/2024\/06\/princess-caroline-attends-joyous-awards-ceremony-at-pavillon-bosio\/#primaryimage"},"thumbnailUrl":"https:\/\/www.monaco-tribune.com\/wp-content\/uploads\/2024\/06\/etudiants-princesse-caroline-pavillon-bosio.jpg","datePublished":"2024-06-28T13:56:16+00:00","dateModified":"2024-06-28T13:56:18+00:00","description":"All the students took part, with some being rewarded by the jury. The 2024 prize-giving ceremony at the \u00c9cole Sup\u00e9rieure d'Arts Plastiques - Pavillon","breadcrumb":{"@id":"https:\/\/www.monaco-tribune.com\/en\/2024\/06\/princess-caroline-attends-joyous-awards-ceremony-at-pavillon-bosio\/#breadcrumb"},"inLanguage":"en-US","potentialAction":[{"@type":"ReadAction","target":["https:\/\/www.monaco-tribune.com\/en\/2024\/06\/princess-caroline-attends-joyous-awards-ceremony-at-pavillon-bosio\/"]}]},{"@type":"ImageObject","inLanguage":"en-US","@id":"https:\/\/www.monaco-tribune.com\/en\/2024\/06\/princess-caroline-attends-joyous-awards-ceremony-at-pavillon-bosio\/#primaryimage","url":"https:\/\/www.monaco-tribune.com\/wp-content\/uploads\/2024\/06\/etudiants-princesse-caroline-pavillon-bosio.jpg","contentUrl":"https:\/\/www.monaco-tribune.com\/wp-content\/uploads\/2024\/06\/etudiants-princesse-caroline-pavillon-bosio.jpg","width":2048,"height":1366,"caption":"The students had their photo taken with Princess Caroline and M\u00e9lanie-Antoinette de Massy \u00a9 Ed Wright Images \/ Monaco Town Council\u00a0"},{"@type":"BreadcrumbList","@id":"https:\/\/www.monaco-tribune.com\/en\/2024\/06\/princess-caroline-attends-joyous-awards-ceremony-at-pavillon-bosio\/#breadcrumb","itemListElement":[{"@type":"ListItem","position":1,"name":"Accueil","item":"https:\/\/www.monaco-tribune.com\/en\/"},{"@type":"ListItem","position":2,"name":"Princess Caroline attends joyous awards ceremony at Pavillon Bosio"}]},{"@type":"WebSite","@id":"https:\/\/www.monaco-tribune.com\/en\/#website","url":"https:\/\/www.monaco-tribune.com\/en\/","name":"Monaco Tribune","description":"Monaco : actualit\u00e9s \u00e9conomiques, politiques, culturelles et sportives de Monaco et de la French Riviera.","publisher":{"@id":"https:\/\/www.monaco-tribune.com\/en\/#organization"},"potentialAction":[{"@type":"SearchAction","target":{"@type":"EntryPoint","urlTemplate":"https:\/\/www.monaco-tribune.com\/en\/?s={search_term_string}"},"query-input":{"@type":"PropertyValueSpecification","valueRequired":true,"valueName":"search_term_string"}}],"inLanguage":"en-US"},{"@type":"Organization","@id":"https:\/\/www.monaco-tribune.com\/en\/#organization","name":"Monaco Tribune","url":"https:\/\/www.monaco-tribune.com\/en\/","logo":{"@type":"ImageObject","inLanguage":"en-US","@id":"https:\/\/www.monaco-tribune.com\/en\/#\/schema\/logo\/image\/","url":"https:\/\/www.monaco-tribune.com\/wp-content\/uploads\/2022\/11\/logo-monaco-tribune.png","contentUrl":"https:\/\/www.monaco-tribune.com\/wp-content\/uploads\/2022\/11\/logo-monaco-tribune.png","width":1548,"height":600,"caption":"Monaco Tribune"},"image":{"@id":"https:\/\/www.monaco-tribune.com\/en\/#\/schema\/logo\/image\/"},"sameAs":["https:\/\/www.facebook.com\/MonacoTribune","https:\/\/x.com\/MonacoTribune","https:\/\/www.instagram.com\/monacotribune\/","https:\/\/www.linkedin.com\/company\/monaco-tribune","https:\/\/www.youtube.com\/channel\/UCHle1MnG6hw1y4lWKijVbMA"]},{"@type":"Person","@id":"https:\/\/www.monaco-tribune.com\/en\/#\/schema\/person\/94fb5723547bd83dea1eed97e25145aa","name":"Th\u00e9o Briand","image":{"@type":"ImageObject","inLanguage":"en-US","@id":"https:\/\/secure.gravatar.com\/avatar\/1c02cfd8b8054d8c376f9a942a1dc4dbacfd8ba5e6f8dbb5e16f4aa3d281972a?s=96&d=mm&r=g","url":"https:\/\/secure.gravatar.com\/avatar\/1c02cfd8b8054d8c376f9a942a1dc4dbacfd8ba5e6f8dbb5e16f4aa3d281972a?s=96&d=mm&r=g","contentUrl":"https:\/\/secure.gravatar.com\/avatar\/1c02cfd8b8054d8c376f9a942a1dc4dbacfd8ba5e6f8dbb5e16f4aa3d281972a?s=96&d=mm&r=g","caption":"Th\u00e9o Briand"},"url":"https:\/\/www.monaco-tribune.com\/en\/author\/theobriand\/"}]}},"_links":{"self":[{"href":"https:\/\/www.monaco-tribune.com\/en\/wp-json\/wp\/v2\/posts\/240039","targetHints":{"allow":["GET"]}}],"collection":[{"href":"https:\/\/www.monaco-tribune.com\/en\/wp-json\/wp\/v2\/posts"}],"about":[{"href":"https:\/\/www.monaco-tribune.com\/en\/wp-json\/wp\/v2\/types\/post"}],"author":[{"embeddable":true,"href":"https:\/\/www.monaco-tribune.com\/en\/wp-json\/wp\/v2\/users\/66"}],"replies":[{"embeddable":true,"href":"https:\/\/www.monaco-tribune.com\/en\/wp-json\/wp\/v2\/comments?post=240039"}],"version-history":[{"count":1,"href":"https:\/\/www.monaco-tribune.com\/en\/wp-json\/wp\/v2\/posts\/240039\/revisions"}],"predecessor-version":[{"id":240040,"href":"https:\/\/www.monaco-tribune.com\/en\/wp-json\/wp\/v2\/posts\/240039\/revisions\/240040"}],"wp:featuredmedia":[{"embeddable":true,"href":"https:\/\/www.monaco-tribune.com\/en\/wp-json\/wp\/v2\/media\/239798"}],"wp:attachment":[{"href":"https:\/\/www.monaco-tribune.com\/en\/wp-json\/wp\/v2\/media?parent=240039"}],"wp:term":[{"taxonomy":"category","embeddable":true,"href":"https:\/\/www.monaco-tribune.com\/en\/wp-json\/wp\/v2\/categories?post=240039"},{"taxonomy":"post_tag","embeddable":true,"href":"https:\/\/www.monaco-tribune.com\/en\/wp-json\/wp\/v2\/tags?post=240039"},{"taxonomy":"sectag","embeddable":true,"href":"https:\/\/www.monaco-tribune.com\/en\/wp-json\/wp\/v2\/post_sectags?post=240039"},{"taxonomy":"format","embeddable":true,"href":"https:\/\/www.monaco-tribune.com\/en\/wp-json\/wp\/v2\/post_format?post=240039"}],"curies":[{"name":"wp","href":"https:\/\/api.w.org\/{rel}","templated":true}]}}