{"id":240407,"date":"2024-07-02T12:26:25","date_gmt":"2024-07-02T10:26:25","guid":{"rendered":"https:\/\/www.monaco-tribune.com\/2024\/07\/biodivmed-mission-sets-off-from-monaco-to-map-marine-biodiversity\/"},"modified":"2024-07-02T12:30:21","modified_gmt":"2024-07-02T10:30:21","slug":"biodivmed-mission-sets-off-from-monaco-to-map-marine-biodiversity","status":"publish","type":"post","link":"https:\/\/www.monaco-tribune.com\/en\/2024\/07\/biodivmed-mission-sets-off-from-monaco-to-map-marine-biodiversity\/","title":{"rendered":"BioDivMed mission sets off from Monaco to map marine biodiversity"},"content":{"rendered":"\n<p><strong>The YCM Pontoon of Honour welcomed the first synchronised, standardised scientific census of marine biodiversity in the Mediterranean Sea.\u00a0<\/strong><\/p>\n\n<p>The BioDivMed mission was launched on Thursday 27 June, with Prince Albert II in attendance. For the second year running, the oceanographic campaign set off from the Monaco Yacht Club in the direction of Carnon, in the H\u00e9rault region of France. The mission&#8217;s objective: to collect data on fish, crustacean and mammal species to improve our understanding of underwater life. <\/p>\n\n<p>Participants in the study include the Unit\u00e9 Mixte de Recherche Marbec (Marbec Joint Research Unit) \u2013 University of Montpellier in collaboration with the Centre d\u2019\u00c9cologie Fonctionnelle &amp; \u00c9volutive, companies Spygen and Androm\u00e8de Oc\u00e9anologie as well as the philanthropic organisations We are M\u00e9diterran\u00e9e and OceanoScientific. <\/p>\n\n<h2 class=\"wp-block-heading\" id=\"h-une-cartographie-inedite-nbsp\">Unprecedented mapping <\/h2>\n\n<p>Under the scientific direction of Professor David Mouillot, the OceanoScientific team will collect DNA samples from around 20 sentinel sites in order to map the Mediterranean seabed. This is thanks to a new technology that is able to locate an animal species up to 30 minutes after it has passed by, and then locate it in space. <\/p>\n\n<p><i>&#8220;DNA reveals the presence of the rarest species, which are rather limited in number with elusive and furtive behaviour,&#8221; <\/i>David Mouillot explained to Monaco Info before mentioning the case of angel sharks, which have disappeared from the French Mediterranean coasts: <i>In 1 year, 2 years, 3 years, or 10 years, if your children find one, we will have a trajectory, we will have positive signs of population revival in endangered species.\u201d<\/i><\/p>\n\n<p>During its first phase, in 2023, the BioDivMed mission identified 267 fish species on over 2,000 kilometres of coastline and it doesn&#8217;t plan to stop there! <\/p>\n","protected":false},"excerpt":{"rendered":"<p>The YCM Pontoon of Honour welcomed the first synchronised, standardised scientific census of marine biodiversity in the Mediterranean Sea.\u00a0 The [&hellip;]<\/p>\n","protected":false},"author":47,"featured_media":240086,"comment_status":"closed","ping_status":"closed","sticky":false,"template":"","format":"standard","meta":{"_acf_changed":false,"footnotes":""},"categories":[1837,243],"tags":[309],"post_sectags":[],"post_format":[2465],"class_list":["post-240407","post","type-post","status-publish","format-standard","has-post-thumbnail","hentry","category-environment","category-news","tag-yacht-club-de-monaco","format-in-brief"],"acf":[],"yoast_head":"<!-- This site is optimized with the Yoast SEO Premium plugin v26.8 (Yoast SEO v27.4) - https:\/\/yoast.com\/product\/yoast-seo-premium-wordpress\/ -->\n<title>BioDivMed mission sets off from Monaco to map marine biodiversity<\/title>\n<meta name=\"description\" content=\"The YCM Pontoon of Honour welcomed the first synchronised, standardised scientific census of marine biodiversity in the Mediterranean Sea.\u00a0 The BioDivMed\" \/>\n<meta name=\"robots\" content=\"index, follow, max-snippet:-1, max-image-preview:large, max-video-preview:-1\" \/>\n<link rel=\"canonical\" href=\"https:\/\/www.monaco-tribune.com\/en\/2024\/07\/biodivmed-mission-sets-off-from-monaco-to-map-marine-biodiversity\/\" \/>\n<meta property=\"og:locale\" content=\"en_US\" \/>\n<meta property=\"og:type\" content=\"article\" \/>\n<meta property=\"og:title\" content=\"BioDivMed mission sets off from Monaco to map marine biodiversity - Monaco Tribune\" \/>\n<meta property=\"og:description\" content=\"The YCM Pontoon of Honour welcomed the first synchronised, standardised scientific census of marine biodiversity in the Mediterranean Sea.\u00a0 The BioDivMed\" \/>\n<meta property=\"og:url\" content=\"https:\/\/www.monaco-tribune.com\/en\/2024\/07\/biodivmed-mission-sets-off-from-monaco-to-map-marine-biodiversity\/\" \/>\n<meta property=\"og:site_name\" content=\"Monaco Tribune\" \/>\n<meta property=\"article:publisher\" content=\"https:\/\/www.facebook.com\/MonacoTribune\" \/>\n<meta property=\"article:published_time\" content=\"2024-07-02T10:26:25+00:00\" \/>\n<meta property=\"article:modified_time\" content=\"2024-07-02T10:30:21+00:00\" \/>\n<meta property=\"og:image\" content=\"https:\/\/www.monaco-tribune.com\/wp-content\/uploads\/2024\/06\/biodivmed.jpeg\" \/>\n\t<meta property=\"og:image:width\" content=\"2048\" \/>\n\t<meta property=\"og:image:height\" content=\"1365\" \/>\n\t<meta property=\"og:image:type\" content=\"image\/jpeg\" \/>\n<meta name=\"author\" content=\"Agathe Ch\u00e9reau\" \/>\n<meta name=\"twitter:card\" content=\"summary_large_image\" \/>\n<meta name=\"twitter:creator\" content=\"@MonacoTribune\" \/>\n<meta name=\"twitter:site\" content=\"@MonacoTribune\" \/>\n<script type=\"application\/ld+json\" class=\"yoast-schema-graph\">{\"@context\":\"https:\\\/\\\/schema.org\",\"@graph\":[{\"@type\":\"NewsArticle\",\"@id\":\"https:\\\/\\\/www.monaco-tribune.com\\\/en\\\/2024\\\/07\\\/biodivmed-mission-sets-off-from-monaco-to-map-marine-biodiversity\\\/#article\",\"isPartOf\":{\"@id\":\"https:\\\/\\\/www.monaco-tribune.com\\\/en\\\/2024\\\/07\\\/biodivmed-mission-sets-off-from-monaco-to-map-marine-biodiversity\\\/\"},\"author\":{\"name\":\"Agathe Ch\u00e9reau\",\"@id\":\"https:\\\/\\\/www.monaco-tribune.com\\\/en\\\/#\\\/schema\\\/person\\\/fba2f8d5a098d473c92e84cc43a8f730\"},\"headline\":\"BioDivMed mission sets off from Monaco to map marine biodiversity\",\"datePublished\":\"2024-07-02T10:26:25+00:00\",\"dateModified\":\"2024-07-02T10:30:21+00:00\",\"mainEntityOfPage\":{\"@id\":\"https:\\\/\\\/www.monaco-tribune.com\\\/en\\\/2024\\\/07\\\/biodivmed-mission-sets-off-from-monaco-to-map-marine-biodiversity\\\/\"},\"wordCount\":286,\"publisher\":{\"@id\":\"https:\\\/\\\/www.monaco-tribune.com\\\/en\\\/#organization\"},\"image\":{\"@id\":\"https:\\\/\\\/www.monaco-tribune.com\\\/en\\\/2024\\\/07\\\/biodivmed-mission-sets-off-from-monaco-to-map-marine-biodiversity\\\/#primaryimage\"},\"thumbnailUrl\":\"https:\\\/\\\/www.monaco-tribune.com\\\/wp-content\\\/uploads\\\/2024\\\/06\\\/biodivmed.jpeg\",\"keywords\":[\"Yacht Club de Monaco\"],\"articleSection\":[\"Environment\",\"News\"],\"inLanguage\":\"en-US\",\"copyrightYear\":\"2024\",\"copyrightHolder\":{\"@id\":\"https:\\\/\\\/www.monaco-tribune.com\\\/#organization\"}},{\"@type\":\"WebPage\",\"@id\":\"https:\\\/\\\/www.monaco-tribune.com\\\/en\\\/2024\\\/07\\\/biodivmed-mission-sets-off-from-monaco-to-map-marine-biodiversity\\\/\",\"url\":\"https:\\\/\\\/www.monaco-tribune.com\\\/en\\\/2024\\\/07\\\/biodivmed-mission-sets-off-from-monaco-to-map-marine-biodiversity\\\/\",\"name\":\"BioDivMed mission sets off from Monaco to map marine biodiversity\",\"isPartOf\":{\"@id\":\"https:\\\/\\\/www.monaco-tribune.com\\\/en\\\/#website\"},\"primaryImageOfPage\":{\"@id\":\"https:\\\/\\\/www.monaco-tribune.com\\\/en\\\/2024\\\/07\\\/biodivmed-mission-sets-off-from-monaco-to-map-marine-biodiversity\\\/#primaryimage\"},\"image\":{\"@id\":\"https:\\\/\\\/www.monaco-tribune.com\\\/en\\\/2024\\\/07\\\/biodivmed-mission-sets-off-from-monaco-to-map-marine-biodiversity\\\/#primaryimage\"},\"thumbnailUrl\":\"https:\\\/\\\/www.monaco-tribune.com\\\/wp-content\\\/uploads\\\/2024\\\/06\\\/biodivmed.jpeg\",\"datePublished\":\"2024-07-02T10:26:25+00:00\",\"dateModified\":\"2024-07-02T10:30:21+00:00\",\"description\":\"The YCM Pontoon of Honour welcomed the first synchronised, standardised scientific census of marine biodiversity in the Mediterranean Sea.\u00a0 The BioDivMed\",\"breadcrumb\":{\"@id\":\"https:\\\/\\\/www.monaco-tribune.com\\\/en\\\/2024\\\/07\\\/biodivmed-mission-sets-off-from-monaco-to-map-marine-biodiversity\\\/#breadcrumb\"},\"inLanguage\":\"en-US\",\"potentialAction\":[{\"@type\":\"ReadAction\",\"target\":[\"https:\\\/\\\/www.monaco-tribune.com\\\/en\\\/2024\\\/07\\\/biodivmed-mission-sets-off-from-monaco-to-map-marine-biodiversity\\\/\"]}]},{\"@type\":\"ImageObject\",\"inLanguage\":\"en-US\",\"@id\":\"https:\\\/\\\/www.monaco-tribune.com\\\/en\\\/2024\\\/07\\\/biodivmed-mission-sets-off-from-monaco-to-map-marine-biodiversity\\\/#primaryimage\",\"url\":\"https:\\\/\\\/www.monaco-tribune.com\\\/wp-content\\\/uploads\\\/2024\\\/06\\\/biodivmed.jpeg\",\"contentUrl\":\"https:\\\/\\\/www.monaco-tribune.com\\\/wp-content\\\/uploads\\\/2024\\\/06\\\/biodivmed.jpeg\",\"width\":2048,\"height\":1365,\"caption\":\"The Lagoon 570 LOVE THE OCEAN catamaran team, Prince Albert II and the YCM General Manager \u00a9 Manuel Vitali \\\/ Communication department\"},{\"@type\":\"BreadcrumbList\",\"@id\":\"https:\\\/\\\/www.monaco-tribune.com\\\/en\\\/2024\\\/07\\\/biodivmed-mission-sets-off-from-monaco-to-map-marine-biodiversity\\\/#breadcrumb\",\"itemListElement\":[{\"@type\":\"ListItem\",\"position\":1,\"name\":\"Accueil\",\"item\":\"https:\\\/\\\/www.monaco-tribune.com\\\/en\\\/\"},{\"@type\":\"ListItem\",\"position\":2,\"name\":\"BioDivMed mission sets off from Monaco to map marine biodiversity\"}]},{\"@type\":\"WebSite\",\"@id\":\"https:\\\/\\\/www.monaco-tribune.com\\\/en\\\/#website\",\"url\":\"https:\\\/\\\/www.monaco-tribune.com\\\/en\\\/\",\"name\":\"Monaco Tribune\",\"description\":\"Monaco : actualit\u00e9s \u00e9conomiques, politiques, culturelles et sportives de Monaco et de la French Riviera.\",\"publisher\":{\"@id\":\"https:\\\/\\\/www.monaco-tribune.com\\\/en\\\/#organization\"},\"potentialAction\":[{\"@type\":\"SearchAction\",\"target\":{\"@type\":\"EntryPoint\",\"urlTemplate\":\"https:\\\/\\\/www.monaco-tribune.com\\\/en\\\/?s={search_term_string}\"},\"query-input\":{\"@type\":\"PropertyValueSpecification\",\"valueRequired\":true,\"valueName\":\"search_term_string\"}}],\"inLanguage\":\"en-US\"},{\"@type\":\"Organization\",\"@id\":\"https:\\\/\\\/www.monaco-tribune.com\\\/en\\\/#organization\",\"name\":\"Monaco Tribune\",\"url\":\"https:\\\/\\\/www.monaco-tribune.com\\\/en\\\/\",\"logo\":{\"@type\":\"ImageObject\",\"inLanguage\":\"en-US\",\"@id\":\"https:\\\/\\\/www.monaco-tribune.com\\\/en\\\/#\\\/schema\\\/logo\\\/image\\\/\",\"url\":\"https:\\\/\\\/www.monaco-tribune.com\\\/wp-content\\\/uploads\\\/2022\\\/11\\\/logo-monaco-tribune.png\",\"contentUrl\":\"https:\\\/\\\/www.monaco-tribune.com\\\/wp-content\\\/uploads\\\/2022\\\/11\\\/logo-monaco-tribune.png\",\"width\":1548,\"height\":600,\"caption\":\"Monaco Tribune\"},\"image\":{\"@id\":\"https:\\\/\\\/www.monaco-tribune.com\\\/en\\\/#\\\/schema\\\/logo\\\/image\\\/\"},\"sameAs\":[\"https:\\\/\\\/www.facebook.com\\\/MonacoTribune\",\"https:\\\/\\\/x.com\\\/MonacoTribune\",\"https:\\\/\\\/www.instagram.com\\\/monacotribune\\\/\",\"https:\\\/\\\/www.linkedin.com\\\/company\\\/monaco-tribune\",\"https:\\\/\\\/www.youtube.com\\\/channel\\\/UCHle1MnG6hw1y4lWKijVbMA\"]},{\"@type\":\"Person\",\"@id\":\"https:\\\/\\\/www.monaco-tribune.com\\\/en\\\/#\\\/schema\\\/person\\\/fba2f8d5a098d473c92e84cc43a8f730\",\"name\":\"Agathe Ch\u00e9reau\",\"image\":{\"@type\":\"ImageObject\",\"inLanguage\":\"en-US\",\"@id\":\"https:\\\/\\\/secure.gravatar.com\\\/avatar\\\/884b20ed9d4430c24d77a3ad560b1c21da67bd6992531a1971822779f9988ea5?s=96&d=mm&r=g\",\"url\":\"https:\\\/\\\/secure.gravatar.com\\\/avatar\\\/884b20ed9d4430c24d77a3ad560b1c21da67bd6992531a1971822779f9988ea5?s=96&d=mm&r=g\",\"contentUrl\":\"https:\\\/\\\/secure.gravatar.com\\\/avatar\\\/884b20ed9d4430c24d77a3ad560b1c21da67bd6992531a1971822779f9988ea5?s=96&d=mm&r=g\",\"caption\":\"Agathe Ch\u00e9reau\"},\"url\":\"https:\\\/\\\/www.monaco-tribune.com\\\/en\\\/author\\\/agathechereau\\\/\"}]}<\/script>\n<!-- \/ Yoast SEO Premium plugin. -->","yoast_head_json":{"title":"BioDivMed mission sets off from Monaco to map marine biodiversity","description":"The YCM Pontoon of Honour welcomed the first synchronised, standardised scientific census of marine biodiversity in the Mediterranean Sea.\u00a0 The BioDivMed","robots":{"index":"index","follow":"follow","max-snippet":"max-snippet:-1","max-image-preview":"max-image-preview:large","max-video-preview":"max-video-preview:-1"},"canonical":"https:\/\/www.monaco-tribune.com\/en\/2024\/07\/biodivmed-mission-sets-off-from-monaco-to-map-marine-biodiversity\/","og_locale":"en_US","og_type":"article","og_title":"BioDivMed mission sets off from Monaco to map marine biodiversity - Monaco Tribune","og_description":"The YCM Pontoon of Honour welcomed the first synchronised, standardised scientific census of marine biodiversity in the Mediterranean Sea.\u00a0 The BioDivMed","og_url":"https:\/\/www.monaco-tribune.com\/en\/2024\/07\/biodivmed-mission-sets-off-from-monaco-to-map-marine-biodiversity\/","og_site_name":"Monaco Tribune","article_publisher":"https:\/\/www.facebook.com\/MonacoTribune","article_published_time":"2024-07-02T10:26:25+00:00","article_modified_time":"2024-07-02T10:30:21+00:00","og_image":[{"width":2048,"height":1365,"url":"https:\/\/www.monaco-tribune.com\/wp-content\/uploads\/2024\/06\/biodivmed.jpeg","type":"image\/jpeg"}],"author":"Agathe Ch\u00e9reau","twitter_card":"summary_large_image","twitter_creator":"@MonacoTribune","twitter_site":"@MonacoTribune","schema":{"@context":"https:\/\/schema.org","@graph":[{"@type":"NewsArticle","@id":"https:\/\/www.monaco-tribune.com\/en\/2024\/07\/biodivmed-mission-sets-off-from-monaco-to-map-marine-biodiversity\/#article","isPartOf":{"@id":"https:\/\/www.monaco-tribune.com\/en\/2024\/07\/biodivmed-mission-sets-off-from-monaco-to-map-marine-biodiversity\/"},"author":{"name":"Agathe Ch\u00e9reau","@id":"https:\/\/www.monaco-tribune.com\/en\/#\/schema\/person\/fba2f8d5a098d473c92e84cc43a8f730"},"headline":"BioDivMed mission sets off from Monaco to map marine biodiversity","datePublished":"2024-07-02T10:26:25+00:00","dateModified":"2024-07-02T10:30:21+00:00","mainEntityOfPage":{"@id":"https:\/\/www.monaco-tribune.com\/en\/2024\/07\/biodivmed-mission-sets-off-from-monaco-to-map-marine-biodiversity\/"},"wordCount":286,"publisher":{"@id":"https:\/\/www.monaco-tribune.com\/en\/#organization"},"image":{"@id":"https:\/\/www.monaco-tribune.com\/en\/2024\/07\/biodivmed-mission-sets-off-from-monaco-to-map-marine-biodiversity\/#primaryimage"},"thumbnailUrl":"https:\/\/www.monaco-tribune.com\/wp-content\/uploads\/2024\/06\/biodivmed.jpeg","keywords":["Yacht Club de Monaco"],"articleSection":["Environment","News"],"inLanguage":"en-US","copyrightYear":"2024","copyrightHolder":{"@id":"https:\/\/www.monaco-tribune.com\/#organization"}},{"@type":"WebPage","@id":"https:\/\/www.monaco-tribune.com\/en\/2024\/07\/biodivmed-mission-sets-off-from-monaco-to-map-marine-biodiversity\/","url":"https:\/\/www.monaco-tribune.com\/en\/2024\/07\/biodivmed-mission-sets-off-from-monaco-to-map-marine-biodiversity\/","name":"BioDivMed mission sets off from Monaco to map marine biodiversity","isPartOf":{"@id":"https:\/\/www.monaco-tribune.com\/en\/#website"},"primaryImageOfPage":{"@id":"https:\/\/www.monaco-tribune.com\/en\/2024\/07\/biodivmed-mission-sets-off-from-monaco-to-map-marine-biodiversity\/#primaryimage"},"image":{"@id":"https:\/\/www.monaco-tribune.com\/en\/2024\/07\/biodivmed-mission-sets-off-from-monaco-to-map-marine-biodiversity\/#primaryimage"},"thumbnailUrl":"https:\/\/www.monaco-tribune.com\/wp-content\/uploads\/2024\/06\/biodivmed.jpeg","datePublished":"2024-07-02T10:26:25+00:00","dateModified":"2024-07-02T10:30:21+00:00","description":"The YCM Pontoon of Honour welcomed the first synchronised, standardised scientific census of marine biodiversity in the Mediterranean Sea.\u00a0 The BioDivMed","breadcrumb":{"@id":"https:\/\/www.monaco-tribune.com\/en\/2024\/07\/biodivmed-mission-sets-off-from-monaco-to-map-marine-biodiversity\/#breadcrumb"},"inLanguage":"en-US","potentialAction":[{"@type":"ReadAction","target":["https:\/\/www.monaco-tribune.com\/en\/2024\/07\/biodivmed-mission-sets-off-from-monaco-to-map-marine-biodiversity\/"]}]},{"@type":"ImageObject","inLanguage":"en-US","@id":"https:\/\/www.monaco-tribune.com\/en\/2024\/07\/biodivmed-mission-sets-off-from-monaco-to-map-marine-biodiversity\/#primaryimage","url":"https:\/\/www.monaco-tribune.com\/wp-content\/uploads\/2024\/06\/biodivmed.jpeg","contentUrl":"https:\/\/www.monaco-tribune.com\/wp-content\/uploads\/2024\/06\/biodivmed.jpeg","width":2048,"height":1365,"caption":"The Lagoon 570 LOVE THE OCEAN catamaran team, Prince Albert II and the YCM General Manager \u00a9 Manuel Vitali \/ Communication department"},{"@type":"BreadcrumbList","@id":"https:\/\/www.monaco-tribune.com\/en\/2024\/07\/biodivmed-mission-sets-off-from-monaco-to-map-marine-biodiversity\/#breadcrumb","itemListElement":[{"@type":"ListItem","position":1,"name":"Accueil","item":"https:\/\/www.monaco-tribune.com\/en\/"},{"@type":"ListItem","position":2,"name":"BioDivMed mission sets off from Monaco to map marine biodiversity"}]},{"@type":"WebSite","@id":"https:\/\/www.monaco-tribune.com\/en\/#website","url":"https:\/\/www.monaco-tribune.com\/en\/","name":"Monaco Tribune","description":"Monaco : actualit\u00e9s \u00e9conomiques, politiques, culturelles et sportives de Monaco et de la French Riviera.","publisher":{"@id":"https:\/\/www.monaco-tribune.com\/en\/#organization"},"potentialAction":[{"@type":"SearchAction","target":{"@type":"EntryPoint","urlTemplate":"https:\/\/www.monaco-tribune.com\/en\/?s={search_term_string}"},"query-input":{"@type":"PropertyValueSpecification","valueRequired":true,"valueName":"search_term_string"}}],"inLanguage":"en-US"},{"@type":"Organization","@id":"https:\/\/www.monaco-tribune.com\/en\/#organization","name":"Monaco Tribune","url":"https:\/\/www.monaco-tribune.com\/en\/","logo":{"@type":"ImageObject","inLanguage":"en-US","@id":"https:\/\/www.monaco-tribune.com\/en\/#\/schema\/logo\/image\/","url":"https:\/\/www.monaco-tribune.com\/wp-content\/uploads\/2022\/11\/logo-monaco-tribune.png","contentUrl":"https:\/\/www.monaco-tribune.com\/wp-content\/uploads\/2022\/11\/logo-monaco-tribune.png","width":1548,"height":600,"caption":"Monaco Tribune"},"image":{"@id":"https:\/\/www.monaco-tribune.com\/en\/#\/schema\/logo\/image\/"},"sameAs":["https:\/\/www.facebook.com\/MonacoTribune","https:\/\/x.com\/MonacoTribune","https:\/\/www.instagram.com\/monacotribune\/","https:\/\/www.linkedin.com\/company\/monaco-tribune","https:\/\/www.youtube.com\/channel\/UCHle1MnG6hw1y4lWKijVbMA"]},{"@type":"Person","@id":"https:\/\/www.monaco-tribune.com\/en\/#\/schema\/person\/fba2f8d5a098d473c92e84cc43a8f730","name":"Agathe Ch\u00e9reau","image":{"@type":"ImageObject","inLanguage":"en-US","@id":"https:\/\/secure.gravatar.com\/avatar\/884b20ed9d4430c24d77a3ad560b1c21da67bd6992531a1971822779f9988ea5?s=96&d=mm&r=g","url":"https:\/\/secure.gravatar.com\/avatar\/884b20ed9d4430c24d77a3ad560b1c21da67bd6992531a1971822779f9988ea5?s=96&d=mm&r=g","contentUrl":"https:\/\/secure.gravatar.com\/avatar\/884b20ed9d4430c24d77a3ad560b1c21da67bd6992531a1971822779f9988ea5?s=96&d=mm&r=g","caption":"Agathe Ch\u00e9reau"},"url":"https:\/\/www.monaco-tribune.com\/en\/author\/agathechereau\/"}]}},"_links":{"self":[{"href":"https:\/\/www.monaco-tribune.com\/en\/wp-json\/wp\/v2\/posts\/240407","targetHints":{"allow":["GET"]}}],"collection":[{"href":"https:\/\/www.monaco-tribune.com\/en\/wp-json\/wp\/v2\/posts"}],"about":[{"href":"https:\/\/www.monaco-tribune.com\/en\/wp-json\/wp\/v2\/types\/post"}],"author":[{"embeddable":true,"href":"https:\/\/www.monaco-tribune.com\/en\/wp-json\/wp\/v2\/users\/47"}],"replies":[{"embeddable":true,"href":"https:\/\/www.monaco-tribune.com\/en\/wp-json\/wp\/v2\/comments?post=240407"}],"version-history":[{"count":2,"href":"https:\/\/www.monaco-tribune.com\/en\/wp-json\/wp\/v2\/posts\/240407\/revisions"}],"predecessor-version":[{"id":240410,"href":"https:\/\/www.monaco-tribune.com\/en\/wp-json\/wp\/v2\/posts\/240407\/revisions\/240410"}],"wp:featuredmedia":[{"embeddable":true,"href":"https:\/\/www.monaco-tribune.com\/en\/wp-json\/wp\/v2\/media\/240086"}],"wp:attachment":[{"href":"https:\/\/www.monaco-tribune.com\/en\/wp-json\/wp\/v2\/media?parent=240407"}],"wp:term":[{"taxonomy":"category","embeddable":true,"href":"https:\/\/www.monaco-tribune.com\/en\/wp-json\/wp\/v2\/categories?post=240407"},{"taxonomy":"post_tag","embeddable":true,"href":"https:\/\/www.monaco-tribune.com\/en\/wp-json\/wp\/v2\/tags?post=240407"},{"taxonomy":"sectag","embeddable":true,"href":"https:\/\/www.monaco-tribune.com\/en\/wp-json\/wp\/v2\/post_sectags?post=240407"},{"taxonomy":"format","embeddable":true,"href":"https:\/\/www.monaco-tribune.com\/en\/wp-json\/wp\/v2\/post_format?post=240407"}],"curies":[{"name":"wp","href":"https:\/\/api.w.org\/{rel}","templated":true}]}}