{"id":241156,"date":"2024-07-07T08:24:43","date_gmt":"2024-07-07T06:24:43","guid":{"rendered":"https:\/\/www.monaco-tribune.com\/?p=241156"},"modified":"2024-07-08T08:56:13","modified_gmt":"2024-07-08T06:56:13","slug":"friendly-as-monaco-suffer-defeat-to-servette","status":"publish","type":"post","link":"https:\/\/www.monaco-tribune.com\/en\/2024\/07\/friendly-as-monaco-suffer-defeat-to-servette\/","title":{"rendered":"Friendly: AS Monaco suffer defeat to Servette"},"content":{"rendered":"\n<p><strong>AS Monaco began their preparations for the new season with a 0-1 loss against Swiss side Servette in a friendly under the watchful eyes of President Dmitry Rybolovlev and General Manager Thiago Scuro at the Performance Centre.<\/strong><\/p>\n\n\n\n<h2 class=\"wp-block-heading\" id=\"h-the-match\">The Match<\/h2>\n\n\n\n<p>Selecting a squad containing a nice blend of youth and experience that featured the likes of Aleksandr Golovin, Thilo Kehrer, Wilfried Singo, Mohamed Camara, Radoslaw Majecki, Felix Lemarechal and Kassoum Ouattara, Adi Hutter\u2019s team was full of quality for this first hit-out.<\/p>\n\n\n<div class=\"wp-block-image\">\n<figure class=\"aligncenter size-large\"><img loading=\"lazy\" decoding=\"async\" width=\"819\" height=\"1024\" src=\"https:\/\/www.monaco-tribune.com\/wp-content\/uploads\/2024\/07\/team-1-819x1024.jpg\" alt=\"\" class=\"wp-image-241157\" srcset=\"https:\/\/www.monaco-tribune.com\/wp-content\/uploads\/2024\/07\/team-1-819x1024.jpg 819w, https:\/\/www.monaco-tribune.com\/wp-content\/uploads\/2024\/07\/team-1-240x300.jpg 240w, https:\/\/www.monaco-tribune.com\/wp-content\/uploads\/2024\/07\/team-1.jpg 1080w\" sizes=\"auto, (max-width: 819px) 100vw, 819px\" \/><figcaption class=\"wp-element-caption\">@ASM<\/figcaption><\/figure>\n<\/div>\n\n\n<p>Getting off to a solid start by enjoying some positive stages of possession and creating a handful of chances, all the early signs were encouraging for Les Monegasques, who were playing in an offensively-minded 4-2-3-1.<\/p>\n\n\n\n<p>Last term&#8217;s Swiss Cup winners then came to life, unleashing some decent efforts on goal, as the match began to take shape.<\/p>\n\n\n<div class=\"wp-block-image\">\n<figure class=\"aligncenter size-large\"><img loading=\"lazy\" decoding=\"async\" width=\"1024\" height=\"574\" src=\"https:\/\/www.monaco-tribune.com\/wp-content\/uploads\/2024\/07\/rybolovlev-1024x574.jpg\" alt=\"\" class=\"wp-image-241111\" srcset=\"https:\/\/www.monaco-tribune.com\/wp-content\/uploads\/2024\/07\/rybolovlev-1024x574.jpg 1024w, https:\/\/www.monaco-tribune.com\/wp-content\/uploads\/2024\/07\/rybolovlev-535x300.jpg 535w, https:\/\/www.monaco-tribune.com\/wp-content\/uploads\/2024\/07\/rybolovlev.jpg 1160w\" sizes=\"auto, (max-width: 1024px) 100vw, 1024px\" \/><figcaption class=\"wp-element-caption\">Dmitry Rybolovlev with his advisor St\u00e9phane Morandi and Thiago Scuro @ASM<\/figcaption><\/figure>\n<\/div>\n\n\n<figure class=\"wp-block-embed is-type-rich is-provider-twitter wp-block-embed-twitter\"><div class=\"wp-block-embed__wrapper\">\n<blockquote class=\"twitter-tweet\" data-width=\"500\" data-dnt=\"true\"><p lang=\"fr\" dir=\"ltr\">Un premier match de pr\u00e9paration sous les yeux du Pr\u00e9sident Dmitry Rybolovlev, pr\u00e9sent ce samedi au Centre de Performance \ud83d\udd34\u26aa\ufe0f<br><br>\u2023 <a href=\"https:\/\/twitter.com\/hashtag\/ASMSFC?src=hash&amp;ref_src=twsrc%5Etfw\">#ASMSFC<\/a> <a href=\"https:\/\/t.co\/cT2fDvfeSc\">pic.twitter.com\/cT2fDvfeSc<\/a><\/p>&mdash; AS Monaco \ud83c\uddf2\ud83c\udde8 (@AS_Monaco) <a href=\"https:\/\/twitter.com\/AS_Monaco\/status\/1809526540297756892?ref_src=twsrc%5Etfw\">July 6, 2024<\/a><\/blockquote><script async src=\"https:\/\/platform.twitter.com\/widgets.js\" charset=\"utf-8\"><\/script>\n<\/div><\/figure>\n\n\n\n<p>The dangerous Ouattara continued to pose a huge threat with his marauding runs and crafty passing, but ASM were unable to convert their opportunities, with the match scoreless at the interval.<\/p>\n\n\n\n<p>The second stanza saw Hutter bring on a host of talents from the Elite Group such as Jules B\u00e9ry, Samuel Nibomb\u00e9, Aur\u00e9lien Platret, Ritchy Valme, Aladji Bamba, Romaric Etonde and Sandro Bertolucci. Keen to give the youngsters some vital professional experience, it was great to see many of them hold their own even though tiredness eventually kicked in for some.<\/p>\n\n\n<div class=\"wp-block-image\">\n<figure class=\"aligncenter size-large\"><img loading=\"lazy\" decoding=\"async\" width=\"1024\" height=\"683\" src=\"https:\/\/www.monaco-tribune.com\/wp-content\/uploads\/2024\/07\/as-monaco-match-de-preparation-servette-geneve2jpg-1024x683.jpg\" alt=\"\" class=\"wp-image-241086\" srcset=\"https:\/\/www.monaco-tribune.com\/wp-content\/uploads\/2024\/07\/as-monaco-match-de-preparation-servette-geneve2jpg-1024x683.jpg 1024w, https:\/\/www.monaco-tribune.com\/wp-content\/uploads\/2024\/07\/as-monaco-match-de-preparation-servette-geneve2jpg-450x300.jpg 450w, https:\/\/www.monaco-tribune.com\/wp-content\/uploads\/2024\/07\/as-monaco-match-de-preparation-servette-geneve2jpg.jpg 1200w\" sizes=\"auto, (max-width: 1024px) 100vw, 1024px\" \/><figcaption class=\"wp-element-caption\">@ASM<\/figcaption><\/figure>\n<\/div>\n\n\n<p>Both teams continued to trade chances as the half progressed, but it was the away team that took the lead through J\u00e9r\u00e9my Guillemenot.<\/p>\n\n\n\n<p>Unable to level the ledger and ultimately falling to a narrow loss, there was still plenty of upside for Hutter and his coaching staff to extract despite the result.<\/p>\n\n\n\n<h2 class=\"wp-block-heading\" id=\"h-hutter-s-debrief\">Hutter&#8217;s Debrief<\/h2>\n\n\n\n<p>&#8220;It&#8217;s always the same at the start of the preparations where there is fatigue, it&#8217;s normal. I&#8217;m obviously a little disappointed with the result, but we&#8217;re not stopping there and we want to continue to progress in our style of play. We have a lot of talented young players, who are still struggling with their conditioning, but they are progressing well. They are fighting for their place and, as a coach, I like that,&#8221; insisted the Austrian tactician.<\/p>\n\n\n<div class=\"wp-block-image\">\n<figure class=\"aligncenter size-large\"><img loading=\"lazy\" decoding=\"async\" width=\"1024\" height=\"682\" src=\"https:\/\/www.monaco-tribune.com\/wp-content\/uploads\/2024\/07\/as-monaco-match-de-preparation-servette-geneve4-1024x682.jpg\" alt=\"\" class=\"wp-image-241081\" srcset=\"https:\/\/www.monaco-tribune.com\/wp-content\/uploads\/2024\/07\/as-monaco-match-de-preparation-servette-geneve4-1024x682.jpg 1024w, https:\/\/www.monaco-tribune.com\/wp-content\/uploads\/2024\/07\/as-monaco-match-de-preparation-servette-geneve4-451x300.jpg 451w, https:\/\/www.monaco-tribune.com\/wp-content\/uploads\/2024\/07\/as-monaco-match-de-preparation-servette-geneve4.jpg 1200w\" sizes=\"auto, (max-width: 1024px) 100vw, 1024px\" \/><figcaption class=\"wp-element-caption\">@ASM<\/figcaption><\/figure>\n<\/div>\n\n\n<h2 class=\"wp-block-heading\" id=\"h-scuro-on-the-transfer-market\">Scuro on the transfer market<\/h2>\n\n\n\n<p>&#8220;The transfer market is just beginning. We are still looking for a goalscorer to give Adi Hutter more options, but it is important to emphasise that we already have several very good players for this role. International competitions have confirmed this in recent weeks. We are already very happy,&#8221; explained Scuro.<\/p>\n\n\n\n<h2 class=\"wp-block-heading\" id=\"h-on-the-horizon\">On the horizon<\/h2>\n\n\n\n<p>Up next for ASM is a friendly against Cercle Bruges, scheduled for Saturday the 13th of July at 10:30 am at the Performance Centre, where Hutter and his squad will be eager to keep building momentum ahead of what looms as a hugely exciting 2024\/2025 campaign.<\/p>\n","protected":false},"excerpt":{"rendered":"<p>AS Monaco began their preparations for the new season with a 0-1 loss against Swiss side Servette in a friendly [&hellip;]<\/p>\n","protected":false},"author":18,"featured_media":241070,"comment_status":"closed","ping_status":"closed","sticky":false,"template":"","format":"standard","meta":{"_acf_changed":false,"footnotes":""},"categories":[243,257],"tags":[761],"post_sectags":[],"post_format":[2466],"class_list":["post-241156","post","type-post","status-publish","format-standard","has-post-thumbnail","hentry","category-news","category-sports-en","tag-as-monaco-en","format-review"],"acf":[],"yoast_head":"<!-- This site is optimized with the Yoast SEO Premium plugin v26.8 (Yoast SEO v27.5) - https:\/\/yoast.com\/product\/yoast-seo-premium-wordpress\/ -->\n<title>Friendly: AS Monaco suffer defeat to Servette<\/title>\n<meta name=\"description\" content=\"AS Monaco began their preparations for the new season with a 0-1 loss against Swiss side Servette in a friendly under the watchful eyes of President\" \/>\n<meta name=\"robots\" content=\"index, follow, max-snippet:-1, max-image-preview:large, max-video-preview:-1\" \/>\n<link rel=\"canonical\" href=\"https:\/\/www.monaco-tribune.com\/en\/2024\/07\/friendly-as-monaco-suffer-defeat-to-servette\/\" \/>\n<meta property=\"og:locale\" content=\"en_US\" \/>\n<meta property=\"og:type\" content=\"article\" \/>\n<meta property=\"og:title\" content=\"Friendly: AS Monaco suffer defeat to Servette - Monaco Tribune\" \/>\n<meta property=\"og:description\" content=\"AS Monaco began their preparations for the new season with a 0-1 loss against Swiss side Servette in a friendly under the watchful eyes of President\" \/>\n<meta property=\"og:url\" content=\"https:\/\/www.monaco-tribune.com\/en\/2024\/07\/friendly-as-monaco-suffer-defeat-to-servette\/\" \/>\n<meta property=\"og:site_name\" content=\"Monaco Tribune\" \/>\n<meta property=\"article:publisher\" content=\"https:\/\/www.facebook.com\/MonacoTribune\" \/>\n<meta property=\"article:published_time\" content=\"2024-07-07T06:24:43+00:00\" \/>\n<meta property=\"article:modified_time\" content=\"2024-07-08T06:56:13+00:00\" \/>\n<meta property=\"og:image\" content=\"https:\/\/www.monaco-tribune.com\/wp-content\/uploads\/2024\/07\/dsc5763.jpg\" \/>\n\t<meta property=\"og:image:width\" content=\"1200\" \/>\n\t<meta property=\"og:image:height\" content=\"800\" \/>\n\t<meta property=\"og:image:type\" content=\"image\/jpeg\" \/>\n<meta name=\"author\" content=\"Edward Stratmann\" \/>\n<meta name=\"twitter:card\" content=\"summary_large_image\" \/>\n<meta name=\"twitter:creator\" content=\"@MonacoTribune\" \/>\n<meta name=\"twitter:site\" content=\"@MonacoTribune\" \/>\n<script type=\"application\/ld+json\" class=\"yoast-schema-graph\">{\"@context\":\"https:\\\/\\\/schema.org\",\"@graph\":[{\"@type\":\"NewsArticle\",\"@id\":\"https:\\\/\\\/www.monaco-tribune.com\\\/en\\\/2024\\\/07\\\/friendly-as-monaco-suffer-defeat-to-servette\\\/#article\",\"isPartOf\":{\"@id\":\"https:\\\/\\\/www.monaco-tribune.com\\\/en\\\/2024\\\/07\\\/friendly-as-monaco-suffer-defeat-to-servette\\\/\"},\"author\":{\"name\":\"Edward Stratmann\",\"@id\":\"https:\\\/\\\/www.monaco-tribune.com\\\/en\\\/#\\\/schema\\\/person\\\/a62f3291a12757084f4c9c1a7e2054a9\"},\"headline\":\"Friendly: AS Monaco suffer defeat to Servette\",\"datePublished\":\"2024-07-07T06:24:43+00:00\",\"dateModified\":\"2024-07-08T06:56:13+00:00\",\"mainEntityOfPage\":{\"@id\":\"https:\\\/\\\/www.monaco-tribune.com\\\/en\\\/2024\\\/07\\\/friendly-as-monaco-suffer-defeat-to-servette\\\/\"},\"wordCount\":505,\"publisher\":{\"@id\":\"https:\\\/\\\/www.monaco-tribune.com\\\/en\\\/#organization\"},\"image\":{\"@id\":\"https:\\\/\\\/www.monaco-tribune.com\\\/en\\\/2024\\\/07\\\/friendly-as-monaco-suffer-defeat-to-servette\\\/#primaryimage\"},\"thumbnailUrl\":\"https:\\\/\\\/www.monaco-tribune.com\\\/wp-content\\\/uploads\\\/2024\\\/07\\\/dsc5763.jpg\",\"keywords\":[\"AS Monaco\"],\"articleSection\":[\"News\",\"Sports\"],\"inLanguage\":\"en-US\",\"copyrightYear\":\"2024\",\"copyrightHolder\":{\"@id\":\"https:\\\/\\\/www.monaco-tribune.com\\\/#organization\"}},{\"@type\":\"WebPage\",\"@id\":\"https:\\\/\\\/www.monaco-tribune.com\\\/en\\\/2024\\\/07\\\/friendly-as-monaco-suffer-defeat-to-servette\\\/\",\"url\":\"https:\\\/\\\/www.monaco-tribune.com\\\/en\\\/2024\\\/07\\\/friendly-as-monaco-suffer-defeat-to-servette\\\/\",\"name\":\"Friendly: AS Monaco suffer defeat to Servette\",\"isPartOf\":{\"@id\":\"https:\\\/\\\/www.monaco-tribune.com\\\/en\\\/#website\"},\"primaryImageOfPage\":{\"@id\":\"https:\\\/\\\/www.monaco-tribune.com\\\/en\\\/2024\\\/07\\\/friendly-as-monaco-suffer-defeat-to-servette\\\/#primaryimage\"},\"image\":{\"@id\":\"https:\\\/\\\/www.monaco-tribune.com\\\/en\\\/2024\\\/07\\\/friendly-as-monaco-suffer-defeat-to-servette\\\/#primaryimage\"},\"thumbnailUrl\":\"https:\\\/\\\/www.monaco-tribune.com\\\/wp-content\\\/uploads\\\/2024\\\/07\\\/dsc5763.jpg\",\"datePublished\":\"2024-07-07T06:24:43+00:00\",\"dateModified\":\"2024-07-08T06:56:13+00:00\",\"description\":\"AS Monaco began their preparations for the new season with a 0-1 loss against Swiss side Servette in a friendly under the watchful eyes of President\",\"breadcrumb\":{\"@id\":\"https:\\\/\\\/www.monaco-tribune.com\\\/en\\\/2024\\\/07\\\/friendly-as-monaco-suffer-defeat-to-servette\\\/#breadcrumb\"},\"inLanguage\":\"en-US\",\"potentialAction\":[{\"@type\":\"ReadAction\",\"target\":[\"https:\\\/\\\/www.monaco-tribune.com\\\/en\\\/2024\\\/07\\\/friendly-as-monaco-suffer-defeat-to-servette\\\/\"]}]},{\"@type\":\"ImageObject\",\"inLanguage\":\"en-US\",\"@id\":\"https:\\\/\\\/www.monaco-tribune.com\\\/en\\\/2024\\\/07\\\/friendly-as-monaco-suffer-defeat-to-servette\\\/#primaryimage\",\"url\":\"https:\\\/\\\/www.monaco-tribune.com\\\/wp-content\\\/uploads\\\/2024\\\/07\\\/dsc5763.jpg\",\"contentUrl\":\"https:\\\/\\\/www.monaco-tribune.com\\\/wp-content\\\/uploads\\\/2024\\\/07\\\/dsc5763.jpg\",\"width\":1200,\"height\":800},{\"@type\":\"BreadcrumbList\",\"@id\":\"https:\\\/\\\/www.monaco-tribune.com\\\/en\\\/2024\\\/07\\\/friendly-as-monaco-suffer-defeat-to-servette\\\/#breadcrumb\",\"itemListElement\":[{\"@type\":\"ListItem\",\"position\":1,\"name\":\"Accueil\",\"item\":\"https:\\\/\\\/www.monaco-tribune.com\\\/en\\\/\"},{\"@type\":\"ListItem\",\"position\":2,\"name\":\"Friendly: AS Monaco suffer defeat to Servette\"}]},{\"@type\":\"WebSite\",\"@id\":\"https:\\\/\\\/www.monaco-tribune.com\\\/en\\\/#website\",\"url\":\"https:\\\/\\\/www.monaco-tribune.com\\\/en\\\/\",\"name\":\"Monaco Tribune\",\"description\":\"Monaco : actualit\u00e9s \u00e9conomiques, politiques, culturelles et sportives de Monaco et de la French Riviera.\",\"publisher\":{\"@id\":\"https:\\\/\\\/www.monaco-tribune.com\\\/en\\\/#organization\"},\"potentialAction\":[{\"@type\":\"SearchAction\",\"target\":{\"@type\":\"EntryPoint\",\"urlTemplate\":\"https:\\\/\\\/www.monaco-tribune.com\\\/en\\\/?s={search_term_string}\"},\"query-input\":{\"@type\":\"PropertyValueSpecification\",\"valueRequired\":true,\"valueName\":\"search_term_string\"}}],\"inLanguage\":\"en-US\"},{\"@type\":\"Organization\",\"@id\":\"https:\\\/\\\/www.monaco-tribune.com\\\/en\\\/#organization\",\"name\":\"Monaco Tribune\",\"url\":\"https:\\\/\\\/www.monaco-tribune.com\\\/en\\\/\",\"logo\":{\"@type\":\"ImageObject\",\"inLanguage\":\"en-US\",\"@id\":\"https:\\\/\\\/www.monaco-tribune.com\\\/en\\\/#\\\/schema\\\/logo\\\/image\\\/\",\"url\":\"https:\\\/\\\/www.monaco-tribune.com\\\/wp-content\\\/uploads\\\/2022\\\/11\\\/logo-monaco-tribune.png\",\"contentUrl\":\"https:\\\/\\\/www.monaco-tribune.com\\\/wp-content\\\/uploads\\\/2022\\\/11\\\/logo-monaco-tribune.png\",\"width\":1548,\"height\":600,\"caption\":\"Monaco Tribune\"},\"image\":{\"@id\":\"https:\\\/\\\/www.monaco-tribune.com\\\/en\\\/#\\\/schema\\\/logo\\\/image\\\/\"},\"sameAs\":[\"https:\\\/\\\/www.facebook.com\\\/MonacoTribune\",\"https:\\\/\\\/x.com\\\/MonacoTribune\",\"https:\\\/\\\/www.instagram.com\\\/monacotribune\\\/\",\"https:\\\/\\\/www.linkedin.com\\\/company\\\/monaco-tribune\",\"https:\\\/\\\/www.youtube.com\\\/channel\\\/UCHle1MnG6hw1y4lWKijVbMA\"]},{\"@type\":\"Person\",\"@id\":\"https:\\\/\\\/www.monaco-tribune.com\\\/en\\\/#\\\/schema\\\/person\\\/a62f3291a12757084f4c9c1a7e2054a9\",\"name\":\"Edward Stratmann\",\"image\":{\"@type\":\"ImageObject\",\"inLanguage\":\"en-US\",\"@id\":\"https:\\\/\\\/secure.gravatar.com\\\/avatar\\\/fed0463fc9124570b2804f2d3e39edabdb8b2dc066140fc68e1fde625e8c2d82?s=96&d=mm&r=g\",\"url\":\"https:\\\/\\\/secure.gravatar.com\\\/avatar\\\/fed0463fc9124570b2804f2d3e39edabdb8b2dc066140fc68e1fde625e8c2d82?s=96&d=mm&r=g\",\"contentUrl\":\"https:\\\/\\\/secure.gravatar.com\\\/avatar\\\/fed0463fc9124570b2804f2d3e39edabdb8b2dc066140fc68e1fde625e8c2d82?s=96&d=mm&r=g\",\"caption\":\"Edward Stratmann\"},\"sameAs\":[\"@adNL@min\"],\"url\":\"https:\\\/\\\/www.monaco-tribune.com\\\/en\\\/author\\\/edward-stratmann\\\/\"}]}<\/script>\n<!-- \/ Yoast SEO Premium plugin. -->","yoast_head_json":{"title":"Friendly: AS Monaco suffer defeat to Servette","description":"AS Monaco began their preparations for the new season with a 0-1 loss against Swiss side Servette in a friendly under the watchful eyes of President","robots":{"index":"index","follow":"follow","max-snippet":"max-snippet:-1","max-image-preview":"max-image-preview:large","max-video-preview":"max-video-preview:-1"},"canonical":"https:\/\/www.monaco-tribune.com\/en\/2024\/07\/friendly-as-monaco-suffer-defeat-to-servette\/","og_locale":"en_US","og_type":"article","og_title":"Friendly: AS Monaco suffer defeat to Servette - Monaco Tribune","og_description":"AS Monaco began their preparations for the new season with a 0-1 loss against Swiss side Servette in a friendly under the watchful eyes of President","og_url":"https:\/\/www.monaco-tribune.com\/en\/2024\/07\/friendly-as-monaco-suffer-defeat-to-servette\/","og_site_name":"Monaco Tribune","article_publisher":"https:\/\/www.facebook.com\/MonacoTribune","article_published_time":"2024-07-07T06:24:43+00:00","article_modified_time":"2024-07-08T06:56:13+00:00","og_image":[{"width":1200,"height":800,"url":"https:\/\/www.monaco-tribune.com\/wp-content\/uploads\/2024\/07\/dsc5763.jpg","type":"image\/jpeg"}],"author":"Edward Stratmann","twitter_card":"summary_large_image","twitter_creator":"@MonacoTribune","twitter_site":"@MonacoTribune","schema":{"@context":"https:\/\/schema.org","@graph":[{"@type":"NewsArticle","@id":"https:\/\/www.monaco-tribune.com\/en\/2024\/07\/friendly-as-monaco-suffer-defeat-to-servette\/#article","isPartOf":{"@id":"https:\/\/www.monaco-tribune.com\/en\/2024\/07\/friendly-as-monaco-suffer-defeat-to-servette\/"},"author":{"name":"Edward Stratmann","@id":"https:\/\/www.monaco-tribune.com\/en\/#\/schema\/person\/a62f3291a12757084f4c9c1a7e2054a9"},"headline":"Friendly: AS Monaco suffer defeat to Servette","datePublished":"2024-07-07T06:24:43+00:00","dateModified":"2024-07-08T06:56:13+00:00","mainEntityOfPage":{"@id":"https:\/\/www.monaco-tribune.com\/en\/2024\/07\/friendly-as-monaco-suffer-defeat-to-servette\/"},"wordCount":505,"publisher":{"@id":"https:\/\/www.monaco-tribune.com\/en\/#organization"},"image":{"@id":"https:\/\/www.monaco-tribune.com\/en\/2024\/07\/friendly-as-monaco-suffer-defeat-to-servette\/#primaryimage"},"thumbnailUrl":"https:\/\/www.monaco-tribune.com\/wp-content\/uploads\/2024\/07\/dsc5763.jpg","keywords":["AS Monaco"],"articleSection":["News","Sports"],"inLanguage":"en-US","copyrightYear":"2024","copyrightHolder":{"@id":"https:\/\/www.monaco-tribune.com\/#organization"}},{"@type":"WebPage","@id":"https:\/\/www.monaco-tribune.com\/en\/2024\/07\/friendly-as-monaco-suffer-defeat-to-servette\/","url":"https:\/\/www.monaco-tribune.com\/en\/2024\/07\/friendly-as-monaco-suffer-defeat-to-servette\/","name":"Friendly: AS Monaco suffer defeat to Servette","isPartOf":{"@id":"https:\/\/www.monaco-tribune.com\/en\/#website"},"primaryImageOfPage":{"@id":"https:\/\/www.monaco-tribune.com\/en\/2024\/07\/friendly-as-monaco-suffer-defeat-to-servette\/#primaryimage"},"image":{"@id":"https:\/\/www.monaco-tribune.com\/en\/2024\/07\/friendly-as-monaco-suffer-defeat-to-servette\/#primaryimage"},"thumbnailUrl":"https:\/\/www.monaco-tribune.com\/wp-content\/uploads\/2024\/07\/dsc5763.jpg","datePublished":"2024-07-07T06:24:43+00:00","dateModified":"2024-07-08T06:56:13+00:00","description":"AS Monaco began their preparations for the new season with a 0-1 loss against Swiss side Servette in a friendly under the watchful eyes of President","breadcrumb":{"@id":"https:\/\/www.monaco-tribune.com\/en\/2024\/07\/friendly-as-monaco-suffer-defeat-to-servette\/#breadcrumb"},"inLanguage":"en-US","potentialAction":[{"@type":"ReadAction","target":["https:\/\/www.monaco-tribune.com\/en\/2024\/07\/friendly-as-monaco-suffer-defeat-to-servette\/"]}]},{"@type":"ImageObject","inLanguage":"en-US","@id":"https:\/\/www.monaco-tribune.com\/en\/2024\/07\/friendly-as-monaco-suffer-defeat-to-servette\/#primaryimage","url":"https:\/\/www.monaco-tribune.com\/wp-content\/uploads\/2024\/07\/dsc5763.jpg","contentUrl":"https:\/\/www.monaco-tribune.com\/wp-content\/uploads\/2024\/07\/dsc5763.jpg","width":1200,"height":800},{"@type":"BreadcrumbList","@id":"https:\/\/www.monaco-tribune.com\/en\/2024\/07\/friendly-as-monaco-suffer-defeat-to-servette\/#breadcrumb","itemListElement":[{"@type":"ListItem","position":1,"name":"Accueil","item":"https:\/\/www.monaco-tribune.com\/en\/"},{"@type":"ListItem","position":2,"name":"Friendly: AS Monaco suffer defeat to Servette"}]},{"@type":"WebSite","@id":"https:\/\/www.monaco-tribune.com\/en\/#website","url":"https:\/\/www.monaco-tribune.com\/en\/","name":"Monaco Tribune","description":"Monaco : actualit\u00e9s \u00e9conomiques, politiques, culturelles et sportives de Monaco et de la French Riviera.","publisher":{"@id":"https:\/\/www.monaco-tribune.com\/en\/#organization"},"potentialAction":[{"@type":"SearchAction","target":{"@type":"EntryPoint","urlTemplate":"https:\/\/www.monaco-tribune.com\/en\/?s={search_term_string}"},"query-input":{"@type":"PropertyValueSpecification","valueRequired":true,"valueName":"search_term_string"}}],"inLanguage":"en-US"},{"@type":"Organization","@id":"https:\/\/www.monaco-tribune.com\/en\/#organization","name":"Monaco Tribune","url":"https:\/\/www.monaco-tribune.com\/en\/","logo":{"@type":"ImageObject","inLanguage":"en-US","@id":"https:\/\/www.monaco-tribune.com\/en\/#\/schema\/logo\/image\/","url":"https:\/\/www.monaco-tribune.com\/wp-content\/uploads\/2022\/11\/logo-monaco-tribune.png","contentUrl":"https:\/\/www.monaco-tribune.com\/wp-content\/uploads\/2022\/11\/logo-monaco-tribune.png","width":1548,"height":600,"caption":"Monaco Tribune"},"image":{"@id":"https:\/\/www.monaco-tribune.com\/en\/#\/schema\/logo\/image\/"},"sameAs":["https:\/\/www.facebook.com\/MonacoTribune","https:\/\/x.com\/MonacoTribune","https:\/\/www.instagram.com\/monacotribune\/","https:\/\/www.linkedin.com\/company\/monaco-tribune","https:\/\/www.youtube.com\/channel\/UCHle1MnG6hw1y4lWKijVbMA"]},{"@type":"Person","@id":"https:\/\/www.monaco-tribune.com\/en\/#\/schema\/person\/a62f3291a12757084f4c9c1a7e2054a9","name":"Edward Stratmann","image":{"@type":"ImageObject","inLanguage":"en-US","@id":"https:\/\/secure.gravatar.com\/avatar\/fed0463fc9124570b2804f2d3e39edabdb8b2dc066140fc68e1fde625e8c2d82?s=96&d=mm&r=g","url":"https:\/\/secure.gravatar.com\/avatar\/fed0463fc9124570b2804f2d3e39edabdb8b2dc066140fc68e1fde625e8c2d82?s=96&d=mm&r=g","contentUrl":"https:\/\/secure.gravatar.com\/avatar\/fed0463fc9124570b2804f2d3e39edabdb8b2dc066140fc68e1fde625e8c2d82?s=96&d=mm&r=g","caption":"Edward Stratmann"},"sameAs":["@adNL@min"],"url":"https:\/\/www.monaco-tribune.com\/en\/author\/edward-stratmann\/"}]}},"_links":{"self":[{"href":"https:\/\/www.monaco-tribune.com\/en\/wp-json\/wp\/v2\/posts\/241156","targetHints":{"allow":["GET"]}}],"collection":[{"href":"https:\/\/www.monaco-tribune.com\/en\/wp-json\/wp\/v2\/posts"}],"about":[{"href":"https:\/\/www.monaco-tribune.com\/en\/wp-json\/wp\/v2\/types\/post"}],"author":[{"embeddable":true,"href":"https:\/\/www.monaco-tribune.com\/en\/wp-json\/wp\/v2\/users\/18"}],"replies":[{"embeddable":true,"href":"https:\/\/www.monaco-tribune.com\/en\/wp-json\/wp\/v2\/comments?post=241156"}],"version-history":[{"count":2,"href":"https:\/\/www.monaco-tribune.com\/en\/wp-json\/wp\/v2\/posts\/241156\/revisions"}],"predecessor-version":[{"id":241194,"href":"https:\/\/www.monaco-tribune.com\/en\/wp-json\/wp\/v2\/posts\/241156\/revisions\/241194"}],"wp:featuredmedia":[{"embeddable":true,"href":"https:\/\/www.monaco-tribune.com\/en\/wp-json\/wp\/v2\/media\/241070"}],"wp:attachment":[{"href":"https:\/\/www.monaco-tribune.com\/en\/wp-json\/wp\/v2\/media?parent=241156"}],"wp:term":[{"taxonomy":"category","embeddable":true,"href":"https:\/\/www.monaco-tribune.com\/en\/wp-json\/wp\/v2\/categories?post=241156"},{"taxonomy":"post_tag","embeddable":true,"href":"https:\/\/www.monaco-tribune.com\/en\/wp-json\/wp\/v2\/tags?post=241156"},{"taxonomy":"sectag","embeddable":true,"href":"https:\/\/www.monaco-tribune.com\/en\/wp-json\/wp\/v2\/post_sectags?post=241156"},{"taxonomy":"format","embeddable":true,"href":"https:\/\/www.monaco-tribune.com\/en\/wp-json\/wp\/v2\/post_format?post=241156"}],"curies":[{"name":"wp","href":"https:\/\/api.w.org\/{rel}","templated":true}]}}