{"id":242291,"date":"2024-07-15T16:20:21","date_gmt":"2024-07-15T14:20:21","guid":{"rendered":"https:\/\/www.monaco-tribune.com\/2024\/07\/prince-albert-ii-inaugurates-labysse-monte-carlo-and-discovers-an-extraordinary-gastronomic-experience\/"},"modified":"2024-07-15T16:26:02","modified_gmt":"2024-07-15T14:26:02","slug":"prince-albert-ii-inaugurates-labysse-monte-carlo-and-discovers-an-extraordinary-gastronomic-experience","status":"publish","type":"post","link":"https:\/\/www.monaco-tribune.com\/en\/2024\/07\/prince-albert-ii-inaugurates-labysse-monte-carlo-and-discovers-an-extraordinary-gastronomic-experience\/","title":{"rendered":"Prince Albert II inaugurates L&#8217;Abysse Monte-Carlo and discovers an extraordinary gastronomic experience"},"content":{"rendered":"\n<p><b>L&#8217;Abysse Monte-Carlo opened on Tuesday, July 9, in the majestic setting of the H\u00f4tel Hermitage, This eagerly-awaited event, inaugurated by Prince Albert II, Thomas Brezzo, President of the National Council and St\u00e9phane Valeri, Executive Chairman of the SBM, was a true celebration of Japanese and French culinary art. <\/b><\/p>\n\n<p>Multi-starred chef Yannick All\u00e9no has teamed up with Japanese sushi master Yasunari Okazaki to offer a unique gastronomic experience, making <a href=\"https:\/\/www.montecarlosbm.com\/fr\/restaurant\/labysse-monte-carlo\">L&#8217;Abysse Monte-Carlo<\/a> a new jewel in the Principality&#8217;s culinary crown.<\/p>\n\n<p>The guests, who were hand-picked for the restaurant&#8217;s exclusive opening, had the privilege of tasting the &#8216;<em>Omakase&#8217;<\/em> menu (&#8216;I leave it up to you&#8217; in English) an invitation to let themselves be guided by the inspiration of the two chefs. The unique meal was an elegant blend of dishes, wines, extractions and sake, creating a symphony of unforgettable flavours.<\/p>\n\n<p>The traditional ribbon-cutting ceremony, followed by a dive into the world of L&#8217;Abysse, set the tone for an evening where every mouthful was a tribute to haute cuisine.&#13;\n&#13;\n<\/p>\n\n<p><i>&#8220;L&#8217;Abysse Monte-Carlo, a truly exceptional culinary adventure, proposed by our partner Chef Yannick All\u00e9no and Japanese Sushi Master Yasunari Okazaki, further enhances the catering offer not only of the H\u00f4tel Hermitage, but also of our Monte-Carlo Soci\u00e9t\u00e9 des Bains de Mer Resort as a whole.<\/i><\/p>\n\n<p><i>This new gastronomic journey is the perfect response to an expectation often expressed by our customers,&#8221;<\/i>, said St\u00e9phane Valeri, Chairman of Monte-Carlo Soci\u00e9t\u00e9 des Bains de Mer.<\/p>\n\n<p><em>\u201cI would like to thank the Soci\u00e9t\u00e9 des Bains de Mer for its faith in this unique and wonderful project. L&#8217;Abysse Monte-Carlo is a showcase of delicacy, a precious Mediterranean jewel, whose sushi and emotions are tinged with azure.\u00a0<\/em><\/p>\n\n<p><i>It&#8217;s a wonderful gastronomic adventure that we are writing, hand in hand, so we can make a truly memorable mark on our customers,&#8221; <\/i>\u00a0added Chef Yannick All\u00e9no.<\/p>\n<div class=\"wp-block-image\">\n<figure class=\"aligncenter size-large\"><img loading=\"lazy\" decoding=\"async\" width=\"1024\" height=\"682\" src=\"https:\/\/www.monaco-tribune.com\/wp-content\/uploads\/2024\/07\/s.a.s-le-prince-albert-ii-thomas-brezzo-yannick-alleno-et-stephane-valeri--1024x682.jpg\" alt=\"\" class=\"wp-image-242019\" srcset=\"https:\/\/www.monaco-tribune.com\/wp-content\/uploads\/2024\/07\/s.a.s-le-prince-albert-ii-thomas-brezzo-yannick-alleno-et-stephane-valeri--1024x682.jpg 1024w, https:\/\/www.monaco-tribune.com\/wp-content\/uploads\/2024\/07\/s.a.s-le-prince-albert-ii-thomas-brezzo-yannick-alleno-et-stephane-valeri--450x300.jpg 450w, https:\/\/www.monaco-tribune.com\/wp-content\/uploads\/2024\/07\/s.a.s-le-prince-albert-ii-thomas-brezzo-yannick-alleno-et-stephane-valeri-.jpg 1145w\" sizes=\"auto, (max-width: 1024px) 100vw, 1024px\" \/><figcaption class=\"wp-element-caption\"><em>From left to right, Thomas Brezzo, Yannick All\u00e9no, the Sovereign and St\u00e9phane Valeri \u00a9 SBM<\/em><\/figcaption><\/figure>\n<\/div>\n<h2 class=\"wp-block-heading\" id=\"h-attachez-vos-ceintures-pour-un-voyage-inoubliable\">Fasten your seatbelts for an unforgettable journey<\/h2>\n\n<p>By moving to the Principality, L&#8217;Abysse is extending the elegance of its first two-starred Parisian establishment to a Mediterranean version. Located in the prestigious H\u00f4tel Hermitage, known as the H\u00f4tel des Connaisseurs, the new establishment showcases all the subtlety of the Japanese and French culinary arts.<\/p>\n\n<p>The new culinary mecca offers a unique culinary journey between France and Japan with its <em>Omakase<\/em> menu, as well as the slightly shorter but equally refined <em>Empreinte<\/em> menu. Inspired by haikus, the short Japanese poems, <a href=\"https:\/\/asset.montecarlosbm.com\/menu\/menu-abysse-2024.pdf\">the menus<\/a> are an ode to nature and the elements.<\/p>\n<div class=\"wp-block-image\">\n<figure class=\"aligncenter size-large\"><img loading=\"lazy\" decoding=\"async\" width=\"1024\" height=\"683\" src=\"https:\/\/www.monaco-tribune.com\/wp-content\/uploads\/2024\/07\/gyotaku-@monte-carlo-sbm-1024x683.jpg\" alt=\"\" class=\"wp-image-242075\" srcset=\"https:\/\/www.monaco-tribune.com\/wp-content\/uploads\/2024\/07\/gyotaku-@monte-carlo-sbm-1024x683.jpg 1024w, https:\/\/www.monaco-tribune.com\/wp-content\/uploads\/2024\/07\/gyotaku-@monte-carlo-sbm-450x300.jpg 450w, https:\/\/www.monaco-tribune.com\/wp-content\/uploads\/2024\/07\/gyotaku-@monte-carlo-sbm.jpg 1200w\" sizes=\"auto, (max-width: 1024px) 100vw, 1024px\" \/><figcaption class=\"wp-element-caption\"><em>\u00a9 SBM<\/em><\/figcaption><\/figure>\n<\/div>\n<p>Each dish tells a story, with the Monegasque hinterland providing exceptional vegetables and the Mediterranean supplying local fish, caught with the greatest respect for nature and living creatures. Fire, mastered by Chef All\u00e9no&#8217;s precise cooking techniques, brings out the best in each ingredient.<\/p>\n\n<p>Water and Air, on the other hand, are magnified in each sushi thanks to the delicacy and art of Chef Okazaki\u2019s movements, creating moutfuls of unparalleled lightness and freshness.<\/p>\n<div class=\"wp-block-image\">\n<figure class=\"aligncenter size-large\"><img loading=\"lazy\" decoding=\"async\" width=\"1024\" height=\"683\" src=\"https:\/\/www.monaco-tribune.com\/wp-content\/uploads\/2024\/07\/abysse-monte-carlo-1024x683.jpg\" alt=\"\" class=\"wp-image-242061\" srcset=\"https:\/\/www.monaco-tribune.com\/wp-content\/uploads\/2024\/07\/abysse-monte-carlo-1024x683.jpg 1024w, https:\/\/www.monaco-tribune.com\/wp-content\/uploads\/2024\/07\/abysse-monte-carlo-450x300.jpg 450w, https:\/\/www.monaco-tribune.com\/wp-content\/uploads\/2024\/07\/abysse-monte-carlo.jpg 2048w\" sizes=\"auto, (max-width: 1024px) 100vw, 1024px\" \/><figcaption class=\"wp-element-caption\"><em>\u00a9 Communication Department \/ Manuel Vitali<\/em><\/figcaption><\/figure>\n<\/div>\n<p>L&#8217;Abysse takes the art of sushi and French gastronomy to new heights of refinement in an intimate &#8216;salon&#8217; that seats just thirty. A must for connoisseurs and discerning gourmets, where each visit promises an extraordinary sensory journey.<\/p>\n<div class=\"wp-block-image\">\n<figure class=\"aligncenter size-large\"><img loading=\"lazy\" decoding=\"async\" width=\"1024\" height=\"733\" src=\"https:\/\/www.monaco-tribune.com\/wp-content\/uploads\/2024\/07\/labysse-@monte-carlo-sbm-1-1024x733.jpg\" alt=\"\" class=\"wp-image-242071\" srcset=\"https:\/\/www.monaco-tribune.com\/wp-content\/uploads\/2024\/07\/labysse-@monte-carlo-sbm-1-1024x733.jpg 1024w, https:\/\/www.monaco-tribune.com\/wp-content\/uploads\/2024\/07\/labysse-@monte-carlo-sbm-1-419x300.jpg 419w, https:\/\/www.monaco-tribune.com\/wp-content\/uploads\/2024\/07\/labysse-@monte-carlo-sbm-1.jpg 1117w\" sizes=\"auto, (max-width: 1024px) 100vw, 1024px\" \/><figcaption class=\"wp-element-caption\"><em>\u00a9 SBM<\/em><\/figcaption><\/figure>\n<\/div><div class=\"wp-block-image\">\n<figure class=\"aligncenter size-large\"><img loading=\"lazy\" decoding=\"async\" width=\"1024\" height=\"723\" src=\"https:\/\/www.monaco-tribune.com\/wp-content\/uploads\/2024\/07\/labysse-@monte-carlo-sbm-2-1024x723.jpg\" alt=\"\" class=\"wp-image-242080\" srcset=\"https:\/\/www.monaco-tribune.com\/wp-content\/uploads\/2024\/07\/labysse-@monte-carlo-sbm-2-1024x723.jpg 1024w, https:\/\/www.monaco-tribune.com\/wp-content\/uploads\/2024\/07\/labysse-@monte-carlo-sbm-2-425x300.jpg 425w, https:\/\/www.monaco-tribune.com\/wp-content\/uploads\/2024\/07\/labysse-@monte-carlo-sbm-2.jpg 1133w\" sizes=\"auto, (max-width: 1024px) 100vw, 1024px\" \/><figcaption class=\"wp-element-caption\"><em>\u00a9 SBM<\/em><\/figcaption><\/figure>\n<\/div>\n<hr class=\"wp-block-separator has-alpha-channel-opacity\"\/>\n\n<p><strong>Practical details:\u00a0<\/strong><\/p>\n\n<ul class=\"wp-block-list\">\n<li>Where: H\u00f4tel Hermitage Monte-Carlo &#8211; Square Beaumarchais 98000 Monaco<\/li>\n\n\n\n<li>When: Open every evening for dinner only, from 7.00 pm to 11.00 pm<\/li>\n\n\n\n<li>Prices:  Omakase menu \u20ac360 &#8211;  Empreinte menu \u20ac240 euros<\/li>\n\n\n\n<li>Bookings: +377 98 06 94 94 \u2013 abysse@sbm.mc &#8211; <a href=\"https:\/\/eu.sevenrooms.com\/reservations\/labyssemontecarlo?venues=labyssemontecarlo,pavyllonyannickalleno,lelouisxvalainducasse,bluebay,legrill\">en ligne<\/a><\/li>\n<\/ul>\n\n<p class=\"related\"><a href=\"https:\/\/www.monaco-tribune.com\/en\/2024\/07\/where-to-enjoy-the-best-festive-dinner-this-summer-in-monaco\/\">Where to enjoy the best festive dinner this summer in Monaco?<\/a><\/p>\n","protected":false},"excerpt":{"rendered":"<p>L&#8217;Abysse Monte-Carlo opened on Tuesday, July 9, in the majestic setting of the H\u00f4tel Hermitage, This eagerly-awaited event, inaugurated by [&hellip;]<\/p>\n","protected":false},"author":77,"featured_media":242024,"comment_status":"closed","ping_status":"closed","sticky":false,"template":"","format":"standard","meta":{"_acf_changed":false,"footnotes":""},"categories":[243,251],"tags":[2861],"post_sectags":[4113],"post_format":[2468],"class_list":["post-242291","post","type-post","status-publish","format-standard","has-post-thumbnail","hentry","category-news","category-whats-on","tag-eating-out","sectag-monte-carlo-sbm-en","format-story"],"acf":[],"yoast_head":"<!-- This site is optimized with the Yoast SEO Premium plugin v26.8 (Yoast SEO v27.5) - https:\/\/yoast.com\/product\/yoast-seo-premium-wordpress\/ -->\n<title>Prince Albert II inaugurates L&#039;Abysse Monte-Carlo and discovers an extraordinary gastronomic experience<\/title>\n<meta name=\"description\" content=\"L&#039;Abysse Monte-Carlo opened on Tuesday, July 9, in the majestic setting of the H\u00f4tel Hermitage, This eagerly-awaited event, inaugurated by Prince Albert\" \/>\n<meta name=\"robots\" content=\"index, follow, max-snippet:-1, max-image-preview:large, max-video-preview:-1\" \/>\n<link rel=\"canonical\" href=\"https:\/\/www.monaco-tribune.com\/en\/2024\/07\/prince-albert-ii-inaugurates-labysse-monte-carlo-and-discovers-an-extraordinary-gastronomic-experience\/\" \/>\n<meta property=\"og:locale\" content=\"en_US\" \/>\n<meta property=\"og:type\" content=\"article\" \/>\n<meta property=\"og:title\" content=\"Prince Albert II inaugurates L&#039;Abysse Monte-Carlo and discovers an extraordinary gastronomic experience - Monaco Tribune\" \/>\n<meta property=\"og:description\" content=\"L&#039;Abysse Monte-Carlo opened on Tuesday, July 9, in the majestic setting of the H\u00f4tel Hermitage, This eagerly-awaited event, inaugurated by Prince Albert\" \/>\n<meta property=\"og:url\" content=\"https:\/\/www.monaco-tribune.com\/en\/2024\/07\/prince-albert-ii-inaugurates-labysse-monte-carlo-and-discovers-an-extraordinary-gastronomic-experience\/\" \/>\n<meta property=\"og:site_name\" content=\"Monaco Tribune\" \/>\n<meta property=\"article:publisher\" content=\"https:\/\/www.facebook.com\/MonacoTribune\" \/>\n<meta property=\"article:published_time\" content=\"2024-07-15T14:20:21+00:00\" \/>\n<meta property=\"article:modified_time\" content=\"2024-07-15T14:26:02+00:00\" \/>\n<meta property=\"og:image\" content=\"https:\/\/www.monaco-tribune.com\/wp-content\/uploads\/2024\/07\/coupe-de-ruban-inauguration-labysse-monte-carlo-09.07.2024-.jpg\" \/>\n\t<meta property=\"og:image:width\" content=\"1200\" \/>\n\t<meta property=\"og:image:height\" content=\"800\" \/>\n\t<meta property=\"og:image:type\" content=\"image\/jpeg\" \/>\n<meta name=\"author\" content=\"Ana\u00efs Riu\" \/>\n<meta name=\"twitter:card\" content=\"summary_large_image\" \/>\n<meta name=\"twitter:creator\" content=\"@MonacoTribune\" \/>\n<meta name=\"twitter:site\" content=\"@MonacoTribune\" \/>\n<script type=\"application\/ld+json\" class=\"yoast-schema-graph\">{\"@context\":\"https:\\\/\\\/schema.org\",\"@graph\":[{\"@type\":\"NewsArticle\",\"@id\":\"https:\\\/\\\/www.monaco-tribune.com\\\/en\\\/2024\\\/07\\\/prince-albert-ii-inaugurates-labysse-monte-carlo-and-discovers-an-extraordinary-gastronomic-experience\\\/#article\",\"isPartOf\":{\"@id\":\"https:\\\/\\\/www.monaco-tribune.com\\\/en\\\/2024\\\/07\\\/prince-albert-ii-inaugurates-labysse-monte-carlo-and-discovers-an-extraordinary-gastronomic-experience\\\/\"},\"author\":{\"name\":\"Ana\u00efs Riu\",\"@id\":\"https:\\\/\\\/www.monaco-tribune.com\\\/en\\\/#\\\/schema\\\/person\\\/6db631c784f2f0eff54c3ca4d1da2d49\"},\"headline\":\"Prince Albert II inaugurates L&#8217;Abysse Monte-Carlo and discovers an extraordinary gastronomic experience\",\"datePublished\":\"2024-07-15T14:20:21+00:00\",\"dateModified\":\"2024-07-15T14:26:02+00:00\",\"mainEntityOfPage\":{\"@id\":\"https:\\\/\\\/www.monaco-tribune.com\\\/en\\\/2024\\\/07\\\/prince-albert-ii-inaugurates-labysse-monte-carlo-and-discovers-an-extraordinary-gastronomic-experience\\\/\"},\"wordCount\":617,\"publisher\":{\"@id\":\"https:\\\/\\\/www.monaco-tribune.com\\\/en\\\/#organization\"},\"image\":{\"@id\":\"https:\\\/\\\/www.monaco-tribune.com\\\/en\\\/2024\\\/07\\\/prince-albert-ii-inaugurates-labysse-monte-carlo-and-discovers-an-extraordinary-gastronomic-experience\\\/#primaryimage\"},\"thumbnailUrl\":\"https:\\\/\\\/www.monaco-tribune.com\\\/wp-content\\\/uploads\\\/2024\\\/07\\\/coupe-de-ruban-inauguration-labysse-monte-carlo-09.07.2024-.jpg\",\"keywords\":[\"Eating out\"],\"articleSection\":[\"News\",\"What&#039;s on\"],\"inLanguage\":\"en-US\",\"copyrightYear\":\"2024\",\"copyrightHolder\":{\"@id\":\"https:\\\/\\\/www.monaco-tribune.com\\\/#organization\"}},{\"@type\":\"WebPage\",\"@id\":\"https:\\\/\\\/www.monaco-tribune.com\\\/en\\\/2024\\\/07\\\/prince-albert-ii-inaugurates-labysse-monte-carlo-and-discovers-an-extraordinary-gastronomic-experience\\\/\",\"url\":\"https:\\\/\\\/www.monaco-tribune.com\\\/en\\\/2024\\\/07\\\/prince-albert-ii-inaugurates-labysse-monte-carlo-and-discovers-an-extraordinary-gastronomic-experience\\\/\",\"name\":\"Prince Albert II inaugurates L'Abysse Monte-Carlo and discovers an extraordinary gastronomic experience\",\"isPartOf\":{\"@id\":\"https:\\\/\\\/www.monaco-tribune.com\\\/en\\\/#website\"},\"primaryImageOfPage\":{\"@id\":\"https:\\\/\\\/www.monaco-tribune.com\\\/en\\\/2024\\\/07\\\/prince-albert-ii-inaugurates-labysse-monte-carlo-and-discovers-an-extraordinary-gastronomic-experience\\\/#primaryimage\"},\"image\":{\"@id\":\"https:\\\/\\\/www.monaco-tribune.com\\\/en\\\/2024\\\/07\\\/prince-albert-ii-inaugurates-labysse-monte-carlo-and-discovers-an-extraordinary-gastronomic-experience\\\/#primaryimage\"},\"thumbnailUrl\":\"https:\\\/\\\/www.monaco-tribune.com\\\/wp-content\\\/uploads\\\/2024\\\/07\\\/coupe-de-ruban-inauguration-labysse-monte-carlo-09.07.2024-.jpg\",\"datePublished\":\"2024-07-15T14:20:21+00:00\",\"dateModified\":\"2024-07-15T14:26:02+00:00\",\"description\":\"L'Abysse Monte-Carlo opened on Tuesday, July 9, in the majestic setting of the H\u00f4tel Hermitage, This eagerly-awaited event, inaugurated by Prince Albert\",\"breadcrumb\":{\"@id\":\"https:\\\/\\\/www.monaco-tribune.com\\\/en\\\/2024\\\/07\\\/prince-albert-ii-inaugurates-labysse-monte-carlo-and-discovers-an-extraordinary-gastronomic-experience\\\/#breadcrumb\"},\"inLanguage\":\"en-US\",\"potentialAction\":[{\"@type\":\"ReadAction\",\"target\":[\"https:\\\/\\\/www.monaco-tribune.com\\\/en\\\/2024\\\/07\\\/prince-albert-ii-inaugurates-labysse-monte-carlo-and-discovers-an-extraordinary-gastronomic-experience\\\/\"]}]},{\"@type\":\"ImageObject\",\"inLanguage\":\"en-US\",\"@id\":\"https:\\\/\\\/www.monaco-tribune.com\\\/en\\\/2024\\\/07\\\/prince-albert-ii-inaugurates-labysse-monte-carlo-and-discovers-an-extraordinary-gastronomic-experience\\\/#primaryimage\",\"url\":\"https:\\\/\\\/www.monaco-tribune.com\\\/wp-content\\\/uploads\\\/2024\\\/07\\\/coupe-de-ruban-inauguration-labysse-monte-carlo-09.07.2024-.jpg\",\"contentUrl\":\"https:\\\/\\\/www.monaco-tribune.com\\\/wp-content\\\/uploads\\\/2024\\\/07\\\/coupe-de-ruban-inauguration-labysse-monte-carlo-09.07.2024-.jpg\",\"width\":1200,\"height\":800,\"caption\":\"Prince Albert II, along with from left to right Yasunari Okazaki, St\u00e9phane Valeri, Yannick All\u00e9no, Thomas Brezzo and Jennifer Casagrande \u00a9 SBM\"},{\"@type\":\"BreadcrumbList\",\"@id\":\"https:\\\/\\\/www.monaco-tribune.com\\\/en\\\/2024\\\/07\\\/prince-albert-ii-inaugurates-labysse-monte-carlo-and-discovers-an-extraordinary-gastronomic-experience\\\/#breadcrumb\",\"itemListElement\":[{\"@type\":\"ListItem\",\"position\":1,\"name\":\"Accueil\",\"item\":\"https:\\\/\\\/www.monaco-tribune.com\\\/en\\\/\"},{\"@type\":\"ListItem\",\"position\":2,\"name\":\"Prince Albert II inaugurates L&#8217;Abysse Monte-Carlo and discovers an extraordinary gastronomic experience\"}]},{\"@type\":\"WebSite\",\"@id\":\"https:\\\/\\\/www.monaco-tribune.com\\\/en\\\/#website\",\"url\":\"https:\\\/\\\/www.monaco-tribune.com\\\/en\\\/\",\"name\":\"Monaco Tribune\",\"description\":\"Monaco : actualit\u00e9s \u00e9conomiques, politiques, culturelles et sportives de Monaco et de la French Riviera.\",\"publisher\":{\"@id\":\"https:\\\/\\\/www.monaco-tribune.com\\\/en\\\/#organization\"},\"potentialAction\":[{\"@type\":\"SearchAction\",\"target\":{\"@type\":\"EntryPoint\",\"urlTemplate\":\"https:\\\/\\\/www.monaco-tribune.com\\\/en\\\/?s={search_term_string}\"},\"query-input\":{\"@type\":\"PropertyValueSpecification\",\"valueRequired\":true,\"valueName\":\"search_term_string\"}}],\"inLanguage\":\"en-US\"},{\"@type\":\"Organization\",\"@id\":\"https:\\\/\\\/www.monaco-tribune.com\\\/en\\\/#organization\",\"name\":\"Monaco Tribune\",\"url\":\"https:\\\/\\\/www.monaco-tribune.com\\\/en\\\/\",\"logo\":{\"@type\":\"ImageObject\",\"inLanguage\":\"en-US\",\"@id\":\"https:\\\/\\\/www.monaco-tribune.com\\\/en\\\/#\\\/schema\\\/logo\\\/image\\\/\",\"url\":\"https:\\\/\\\/www.monaco-tribune.com\\\/wp-content\\\/uploads\\\/2022\\\/11\\\/logo-monaco-tribune.png\",\"contentUrl\":\"https:\\\/\\\/www.monaco-tribune.com\\\/wp-content\\\/uploads\\\/2022\\\/11\\\/logo-monaco-tribune.png\",\"width\":1548,\"height\":600,\"caption\":\"Monaco Tribune\"},\"image\":{\"@id\":\"https:\\\/\\\/www.monaco-tribune.com\\\/en\\\/#\\\/schema\\\/logo\\\/image\\\/\"},\"sameAs\":[\"https:\\\/\\\/www.facebook.com\\\/MonacoTribune\",\"https:\\\/\\\/x.com\\\/MonacoTribune\",\"https:\\\/\\\/www.instagram.com\\\/monacotribune\\\/\",\"https:\\\/\\\/www.linkedin.com\\\/company\\\/monaco-tribune\",\"https:\\\/\\\/www.youtube.com\\\/channel\\\/UCHle1MnG6hw1y4lWKijVbMA\"]},{\"@type\":\"Person\",\"@id\":\"https:\\\/\\\/www.monaco-tribune.com\\\/en\\\/#\\\/schema\\\/person\\\/6db631c784f2f0eff54c3ca4d1da2d49\",\"name\":\"Ana\u00efs Riu\",\"image\":{\"@type\":\"ImageObject\",\"inLanguage\":\"en-US\",\"@id\":\"https:\\\/\\\/secure.gravatar.com\\\/avatar\\\/9137eff67ff750f1997c171f45e5829ca4c8fa34729a8f8cd9dc85be7e50df7f?s=96&d=mm&r=g\",\"url\":\"https:\\\/\\\/secure.gravatar.com\\\/avatar\\\/9137eff67ff750f1997c171f45e5829ca4c8fa34729a8f8cd9dc85be7e50df7f?s=96&d=mm&r=g\",\"contentUrl\":\"https:\\\/\\\/secure.gravatar.com\\\/avatar\\\/9137eff67ff750f1997c171f45e5829ca4c8fa34729a8f8cd9dc85be7e50df7f?s=96&d=mm&r=g\",\"caption\":\"Ana\u00efs Riu\"},\"url\":\"https:\\\/\\\/www.monaco-tribune.com\\\/en\\\/author\\\/anaisriu\\\/\"}]}<\/script>\n<!-- \/ Yoast SEO Premium plugin. -->","yoast_head_json":{"title":"Prince Albert II inaugurates L'Abysse Monte-Carlo and discovers an extraordinary gastronomic experience","description":"L'Abysse Monte-Carlo opened on Tuesday, July 9, in the majestic setting of the H\u00f4tel Hermitage, This eagerly-awaited event, inaugurated by Prince Albert","robots":{"index":"index","follow":"follow","max-snippet":"max-snippet:-1","max-image-preview":"max-image-preview:large","max-video-preview":"max-video-preview:-1"},"canonical":"https:\/\/www.monaco-tribune.com\/en\/2024\/07\/prince-albert-ii-inaugurates-labysse-monte-carlo-and-discovers-an-extraordinary-gastronomic-experience\/","og_locale":"en_US","og_type":"article","og_title":"Prince Albert II inaugurates L'Abysse Monte-Carlo and discovers an extraordinary gastronomic experience - Monaco Tribune","og_description":"L'Abysse Monte-Carlo opened on Tuesday, July 9, in the majestic setting of the H\u00f4tel Hermitage, This eagerly-awaited event, inaugurated by Prince Albert","og_url":"https:\/\/www.monaco-tribune.com\/en\/2024\/07\/prince-albert-ii-inaugurates-labysse-monte-carlo-and-discovers-an-extraordinary-gastronomic-experience\/","og_site_name":"Monaco Tribune","article_publisher":"https:\/\/www.facebook.com\/MonacoTribune","article_published_time":"2024-07-15T14:20:21+00:00","article_modified_time":"2024-07-15T14:26:02+00:00","og_image":[{"width":1200,"height":800,"url":"https:\/\/www.monaco-tribune.com\/wp-content\/uploads\/2024\/07\/coupe-de-ruban-inauguration-labysse-monte-carlo-09.07.2024-.jpg","type":"image\/jpeg"}],"author":"Ana\u00efs Riu","twitter_card":"summary_large_image","twitter_creator":"@MonacoTribune","twitter_site":"@MonacoTribune","schema":{"@context":"https:\/\/schema.org","@graph":[{"@type":"NewsArticle","@id":"https:\/\/www.monaco-tribune.com\/en\/2024\/07\/prince-albert-ii-inaugurates-labysse-monte-carlo-and-discovers-an-extraordinary-gastronomic-experience\/#article","isPartOf":{"@id":"https:\/\/www.monaco-tribune.com\/en\/2024\/07\/prince-albert-ii-inaugurates-labysse-monte-carlo-and-discovers-an-extraordinary-gastronomic-experience\/"},"author":{"name":"Ana\u00efs Riu","@id":"https:\/\/www.monaco-tribune.com\/en\/#\/schema\/person\/6db631c784f2f0eff54c3ca4d1da2d49"},"headline":"Prince Albert II inaugurates L&#8217;Abysse Monte-Carlo and discovers an extraordinary gastronomic experience","datePublished":"2024-07-15T14:20:21+00:00","dateModified":"2024-07-15T14:26:02+00:00","mainEntityOfPage":{"@id":"https:\/\/www.monaco-tribune.com\/en\/2024\/07\/prince-albert-ii-inaugurates-labysse-monte-carlo-and-discovers-an-extraordinary-gastronomic-experience\/"},"wordCount":617,"publisher":{"@id":"https:\/\/www.monaco-tribune.com\/en\/#organization"},"image":{"@id":"https:\/\/www.monaco-tribune.com\/en\/2024\/07\/prince-albert-ii-inaugurates-labysse-monte-carlo-and-discovers-an-extraordinary-gastronomic-experience\/#primaryimage"},"thumbnailUrl":"https:\/\/www.monaco-tribune.com\/wp-content\/uploads\/2024\/07\/coupe-de-ruban-inauguration-labysse-monte-carlo-09.07.2024-.jpg","keywords":["Eating out"],"articleSection":["News","What&#039;s on"],"inLanguage":"en-US","copyrightYear":"2024","copyrightHolder":{"@id":"https:\/\/www.monaco-tribune.com\/#organization"}},{"@type":"WebPage","@id":"https:\/\/www.monaco-tribune.com\/en\/2024\/07\/prince-albert-ii-inaugurates-labysse-monte-carlo-and-discovers-an-extraordinary-gastronomic-experience\/","url":"https:\/\/www.monaco-tribune.com\/en\/2024\/07\/prince-albert-ii-inaugurates-labysse-monte-carlo-and-discovers-an-extraordinary-gastronomic-experience\/","name":"Prince Albert II inaugurates L'Abysse Monte-Carlo and discovers an extraordinary gastronomic experience","isPartOf":{"@id":"https:\/\/www.monaco-tribune.com\/en\/#website"},"primaryImageOfPage":{"@id":"https:\/\/www.monaco-tribune.com\/en\/2024\/07\/prince-albert-ii-inaugurates-labysse-monte-carlo-and-discovers-an-extraordinary-gastronomic-experience\/#primaryimage"},"image":{"@id":"https:\/\/www.monaco-tribune.com\/en\/2024\/07\/prince-albert-ii-inaugurates-labysse-monte-carlo-and-discovers-an-extraordinary-gastronomic-experience\/#primaryimage"},"thumbnailUrl":"https:\/\/www.monaco-tribune.com\/wp-content\/uploads\/2024\/07\/coupe-de-ruban-inauguration-labysse-monte-carlo-09.07.2024-.jpg","datePublished":"2024-07-15T14:20:21+00:00","dateModified":"2024-07-15T14:26:02+00:00","description":"L'Abysse Monte-Carlo opened on Tuesday, July 9, in the majestic setting of the H\u00f4tel Hermitage, This eagerly-awaited event, inaugurated by Prince Albert","breadcrumb":{"@id":"https:\/\/www.monaco-tribune.com\/en\/2024\/07\/prince-albert-ii-inaugurates-labysse-monte-carlo-and-discovers-an-extraordinary-gastronomic-experience\/#breadcrumb"},"inLanguage":"en-US","potentialAction":[{"@type":"ReadAction","target":["https:\/\/www.monaco-tribune.com\/en\/2024\/07\/prince-albert-ii-inaugurates-labysse-monte-carlo-and-discovers-an-extraordinary-gastronomic-experience\/"]}]},{"@type":"ImageObject","inLanguage":"en-US","@id":"https:\/\/www.monaco-tribune.com\/en\/2024\/07\/prince-albert-ii-inaugurates-labysse-monte-carlo-and-discovers-an-extraordinary-gastronomic-experience\/#primaryimage","url":"https:\/\/www.monaco-tribune.com\/wp-content\/uploads\/2024\/07\/coupe-de-ruban-inauguration-labysse-monte-carlo-09.07.2024-.jpg","contentUrl":"https:\/\/www.monaco-tribune.com\/wp-content\/uploads\/2024\/07\/coupe-de-ruban-inauguration-labysse-monte-carlo-09.07.2024-.jpg","width":1200,"height":800,"caption":"Prince Albert II, along with from left to right Yasunari Okazaki, St\u00e9phane Valeri, Yannick All\u00e9no, Thomas Brezzo and Jennifer Casagrande \u00a9 SBM"},{"@type":"BreadcrumbList","@id":"https:\/\/www.monaco-tribune.com\/en\/2024\/07\/prince-albert-ii-inaugurates-labysse-monte-carlo-and-discovers-an-extraordinary-gastronomic-experience\/#breadcrumb","itemListElement":[{"@type":"ListItem","position":1,"name":"Accueil","item":"https:\/\/www.monaco-tribune.com\/en\/"},{"@type":"ListItem","position":2,"name":"Prince Albert II inaugurates L&#8217;Abysse Monte-Carlo and discovers an extraordinary gastronomic experience"}]},{"@type":"WebSite","@id":"https:\/\/www.monaco-tribune.com\/en\/#website","url":"https:\/\/www.monaco-tribune.com\/en\/","name":"Monaco Tribune","description":"Monaco : actualit\u00e9s \u00e9conomiques, politiques, culturelles et sportives de Monaco et de la French Riviera.","publisher":{"@id":"https:\/\/www.monaco-tribune.com\/en\/#organization"},"potentialAction":[{"@type":"SearchAction","target":{"@type":"EntryPoint","urlTemplate":"https:\/\/www.monaco-tribune.com\/en\/?s={search_term_string}"},"query-input":{"@type":"PropertyValueSpecification","valueRequired":true,"valueName":"search_term_string"}}],"inLanguage":"en-US"},{"@type":"Organization","@id":"https:\/\/www.monaco-tribune.com\/en\/#organization","name":"Monaco Tribune","url":"https:\/\/www.monaco-tribune.com\/en\/","logo":{"@type":"ImageObject","inLanguage":"en-US","@id":"https:\/\/www.monaco-tribune.com\/en\/#\/schema\/logo\/image\/","url":"https:\/\/www.monaco-tribune.com\/wp-content\/uploads\/2022\/11\/logo-monaco-tribune.png","contentUrl":"https:\/\/www.monaco-tribune.com\/wp-content\/uploads\/2022\/11\/logo-monaco-tribune.png","width":1548,"height":600,"caption":"Monaco Tribune"},"image":{"@id":"https:\/\/www.monaco-tribune.com\/en\/#\/schema\/logo\/image\/"},"sameAs":["https:\/\/www.facebook.com\/MonacoTribune","https:\/\/x.com\/MonacoTribune","https:\/\/www.instagram.com\/monacotribune\/","https:\/\/www.linkedin.com\/company\/monaco-tribune","https:\/\/www.youtube.com\/channel\/UCHle1MnG6hw1y4lWKijVbMA"]},{"@type":"Person","@id":"https:\/\/www.monaco-tribune.com\/en\/#\/schema\/person\/6db631c784f2f0eff54c3ca4d1da2d49","name":"Ana\u00efs Riu","image":{"@type":"ImageObject","inLanguage":"en-US","@id":"https:\/\/secure.gravatar.com\/avatar\/9137eff67ff750f1997c171f45e5829ca4c8fa34729a8f8cd9dc85be7e50df7f?s=96&d=mm&r=g","url":"https:\/\/secure.gravatar.com\/avatar\/9137eff67ff750f1997c171f45e5829ca4c8fa34729a8f8cd9dc85be7e50df7f?s=96&d=mm&r=g","contentUrl":"https:\/\/secure.gravatar.com\/avatar\/9137eff67ff750f1997c171f45e5829ca4c8fa34729a8f8cd9dc85be7e50df7f?s=96&d=mm&r=g","caption":"Ana\u00efs Riu"},"url":"https:\/\/www.monaco-tribune.com\/en\/author\/anaisriu\/"}]}},"_links":{"self":[{"href":"https:\/\/www.monaco-tribune.com\/en\/wp-json\/wp\/v2\/posts\/242291","targetHints":{"allow":["GET"]}}],"collection":[{"href":"https:\/\/www.monaco-tribune.com\/en\/wp-json\/wp\/v2\/posts"}],"about":[{"href":"https:\/\/www.monaco-tribune.com\/en\/wp-json\/wp\/v2\/types\/post"}],"author":[{"embeddable":true,"href":"https:\/\/www.monaco-tribune.com\/en\/wp-json\/wp\/v2\/users\/77"}],"replies":[{"embeddable":true,"href":"https:\/\/www.monaco-tribune.com\/en\/wp-json\/wp\/v2\/comments?post=242291"}],"version-history":[{"count":2,"href":"https:\/\/www.monaco-tribune.com\/en\/wp-json\/wp\/v2\/posts\/242291\/revisions"}],"predecessor-version":[{"id":242321,"href":"https:\/\/www.monaco-tribune.com\/en\/wp-json\/wp\/v2\/posts\/242291\/revisions\/242321"}],"wp:featuredmedia":[{"embeddable":true,"href":"https:\/\/www.monaco-tribune.com\/en\/wp-json\/wp\/v2\/media\/242024"}],"wp:attachment":[{"href":"https:\/\/www.monaco-tribune.com\/en\/wp-json\/wp\/v2\/media?parent=242291"}],"wp:term":[{"taxonomy":"category","embeddable":true,"href":"https:\/\/www.monaco-tribune.com\/en\/wp-json\/wp\/v2\/categories?post=242291"},{"taxonomy":"post_tag","embeddable":true,"href":"https:\/\/www.monaco-tribune.com\/en\/wp-json\/wp\/v2\/tags?post=242291"},{"taxonomy":"sectag","embeddable":true,"href":"https:\/\/www.monaco-tribune.com\/en\/wp-json\/wp\/v2\/post_sectags?post=242291"},{"taxonomy":"format","embeddable":true,"href":"https:\/\/www.monaco-tribune.com\/en\/wp-json\/wp\/v2\/post_format?post=242291"}],"curies":[{"name":"wp","href":"https:\/\/api.w.org\/{rel}","templated":true}]}}