{"id":246490,"date":"2024-08-15T18:05:18","date_gmt":"2024-08-15T16:05:18","guid":{"rendered":"https:\/\/www.monaco-tribune.com\/2024\/08\/concert-afterwork-theatre-chateau-de-cremat-comes-to-life-this-summer\/"},"modified":"2024-08-15T18:06:58","modified_gmt":"2024-08-15T16:06:58","slug":"concert-afterwork-theatre-chateau-de-cremat-comes-to-life-this-summer","status":"publish","type":"post","link":"https:\/\/www.monaco-tribune.com\/en\/2024\/08\/concert-afterwork-theatre-chateau-de-cremat-comes-to-life-this-summer\/","title":{"rendered":"Concert, afterwork, theatre&#8230;Ch\u00e2teau de Cr\u00e9mat comes to life this summer"},"content":{"rendered":"\n<p><strong>Here are the events you should not miss in August at Ch\u00e2teau de Cr\u00e9mat.\u00a0<\/strong><\/p>\n\n<p>Above Nice stands a bastide with neo-Tuscan architecture and breathtaking views of the surroundings: the Ch\u00e2teau de Cr\u00e9mat. A key wine-growing and cultural venue on the C\u00f4te d&#8217;Azur, it offers an exceptional setting for concerts, shows and events for the general public throughout the year. <\/p>\n\n<p>After thrilling audiences with a tenor trio and a recital of Russian composers in July, there are more not-to-be-missed events lined up for the end of the summer. For example, you can relax on one of the terraces with views of the sea and mountains at unforgettable after-work parties or during concert and tasting evenings. <\/p>\n\n<h2 class=\"wp-block-heading\" id=\"h-une-programmation-riche-et-variee\">A rich and varied programme<\/h2>\n\n<p>On August 18, the vineyard will host a concert of Cuban music with &#8220;Latin Clan&#8221;, a group of seven international musicians. There will be food-trucks on site and a free glass of wine with every ticket purchased. <\/p>\n\n<p>A few days later, on August 27, the &#8220;T&#8217;choup Summer Fest&#8221; will take place in the prestigious venue. It will kick off with a concert, followed by six comedians, each with their own unique world view, in a 90 minute show. An evening full of laughter!<\/p>\n\n<p>On Thursday, August 29, the Ch\u00e2teau de Cr\u00e9mat will be hosting a charity concert for the benefit of the A4 Autism non-profit, which helps people with autism or an autistic spectrum disorder, and their families.<\/p>\n\n<p class=\"related\"><a href=\"https:\/\/www.monaco-tribune.com\/en\/2024\/08\/a-journey-through-breathtaking-scenery-on-the-train-des-merveilles\/\">A journey through breathtaking scenery on the Train des Merveilles<\/a><\/p>\n\n<p>The summer season at Ch\u00e2teau de Cr\u00e9mat will conclude with an exceptional performance of Marivaux&#8217; play \u00abLa M\u00e9prise\u00bb by Nice&#8217;s National Theatre, on 3 September 2024. Way to finish on a high note!<\/p>\n","protected":false},"excerpt":{"rendered":"<p>Here are the events you should not miss in August at Ch\u00e2teau de Cr\u00e9mat.\u00a0 Above Nice stands a bastide with [&hellip;]<\/p>\n","protected":false},"author":47,"featured_media":246340,"comment_status":"closed","ping_status":"closed","sticky":false,"template":"","format":"standard","meta":{"_acf_changed":false,"footnotes":""},"categories":[243,251],"tags":[2844],"post_sectags":[],"post_format":[2452],"class_list":["post-246490","post","type-post","status-publish","format-standard","has-post-thumbnail","hentry","category-news","category-whats-on","tag-events-en","format-events"],"acf":[],"yoast_head":"<!-- This site is optimized with the Yoast SEO Premium plugin v26.8 (Yoast SEO v27.4) - https:\/\/yoast.com\/product\/yoast-seo-premium-wordpress\/ -->\n<title>Concert, afterwork, theatre...Ch\u00e2teau de Cr\u00e9mat comes to life this summer<\/title>\n<meta name=\"description\" content=\"Here are the events you should not miss in August at Ch\u00e2teau de Cr\u00e9mat.\u00a0 Above Nice stands a bastide with neo-Tuscan architecture and breathtaking views\" \/>\n<meta name=\"robots\" content=\"index, follow, max-snippet:-1, max-image-preview:large, max-video-preview:-1\" \/>\n<link rel=\"canonical\" href=\"https:\/\/www.monaco-tribune.com\/en\/2024\/08\/concert-afterwork-theatre-chateau-de-cremat-comes-to-life-this-summer\/\" \/>\n<meta property=\"og:locale\" content=\"en_US\" \/>\n<meta property=\"og:type\" content=\"article\" \/>\n<meta property=\"og:title\" content=\"Concert, afterwork, theatre...Ch\u00e2teau de Cr\u00e9mat comes to life this summer - Monaco Tribune\" \/>\n<meta property=\"og:description\" content=\"Here are the events you should not miss in August at Ch\u00e2teau de Cr\u00e9mat.\u00a0 Above Nice stands a bastide with neo-Tuscan architecture and breathtaking views\" \/>\n<meta property=\"og:url\" content=\"https:\/\/www.monaco-tribune.com\/en\/2024\/08\/concert-afterwork-theatre-chateau-de-cremat-comes-to-life-this-summer\/\" \/>\n<meta property=\"og:site_name\" content=\"Monaco Tribune\" \/>\n<meta property=\"article:publisher\" content=\"https:\/\/www.facebook.com\/MonacoTribune\" \/>\n<meta property=\"article:published_time\" content=\"2024-08-15T16:05:18+00:00\" \/>\n<meta property=\"article:modified_time\" content=\"2024-08-15T16:06:58+00:00\" \/>\n<meta property=\"og:image\" content=\"https:\/\/www.monaco-tribune.com\/wp-content\/uploads\/2024\/08\/chateau-cremat-programmation.jpeg\" \/>\n\t<meta property=\"og:image:width\" content=\"1200\" \/>\n\t<meta property=\"og:image:height\" content=\"702\" \/>\n\t<meta property=\"og:image:type\" content=\"image\/jpeg\" \/>\n<meta name=\"author\" content=\"Agathe Ch\u00e9reau\" \/>\n<meta name=\"twitter:card\" content=\"summary_large_image\" \/>\n<meta name=\"twitter:creator\" content=\"@MonacoTribune\" \/>\n<meta name=\"twitter:site\" content=\"@MonacoTribune\" \/>\n<script type=\"application\/ld+json\" class=\"yoast-schema-graph\">{\"@context\":\"https:\\\/\\\/schema.org\",\"@graph\":[{\"@type\":\"NewsArticle\",\"@id\":\"https:\\\/\\\/www.monaco-tribune.com\\\/en\\\/2024\\\/08\\\/concert-afterwork-theatre-chateau-de-cremat-comes-to-life-this-summer\\\/#article\",\"isPartOf\":{\"@id\":\"https:\\\/\\\/www.monaco-tribune.com\\\/en\\\/2024\\\/08\\\/concert-afterwork-theatre-chateau-de-cremat-comes-to-life-this-summer\\\/\"},\"author\":{\"name\":\"Agathe Ch\u00e9reau\",\"@id\":\"https:\\\/\\\/www.monaco-tribune.com\\\/en\\\/#\\\/schema\\\/person\\\/fba2f8d5a098d473c92e84cc43a8f730\"},\"headline\":\"Concert, afterwork, theatre&#8230;Ch\u00e2teau de Cr\u00e9mat comes to life this summer\",\"datePublished\":\"2024-08-15T16:05:18+00:00\",\"dateModified\":\"2024-08-15T16:06:58+00:00\",\"mainEntityOfPage\":{\"@id\":\"https:\\\/\\\/www.monaco-tribune.com\\\/en\\\/2024\\\/08\\\/concert-afterwork-theatre-chateau-de-cremat-comes-to-life-this-summer\\\/\"},\"wordCount\":300,\"publisher\":{\"@id\":\"https:\\\/\\\/www.monaco-tribune.com\\\/en\\\/#organization\"},\"image\":{\"@id\":\"https:\\\/\\\/www.monaco-tribune.com\\\/en\\\/2024\\\/08\\\/concert-afterwork-theatre-chateau-de-cremat-comes-to-life-this-summer\\\/#primaryimage\"},\"thumbnailUrl\":\"https:\\\/\\\/www.monaco-tribune.com\\\/wp-content\\\/uploads\\\/2024\\\/08\\\/chateau-cremat-programmation.jpeg\",\"keywords\":[\"Events\"],\"articleSection\":[\"News\",\"What&#039;s on\"],\"inLanguage\":\"en-US\",\"copyrightYear\":\"2024\",\"copyrightHolder\":{\"@id\":\"https:\\\/\\\/www.monaco-tribune.com\\\/#organization\"}},{\"@type\":\"WebPage\",\"@id\":\"https:\\\/\\\/www.monaco-tribune.com\\\/en\\\/2024\\\/08\\\/concert-afterwork-theatre-chateau-de-cremat-comes-to-life-this-summer\\\/\",\"url\":\"https:\\\/\\\/www.monaco-tribune.com\\\/en\\\/2024\\\/08\\\/concert-afterwork-theatre-chateau-de-cremat-comes-to-life-this-summer\\\/\",\"name\":\"Concert, afterwork, theatre...Ch\u00e2teau de Cr\u00e9mat comes to life this summer\",\"isPartOf\":{\"@id\":\"https:\\\/\\\/www.monaco-tribune.com\\\/en\\\/#website\"},\"primaryImageOfPage\":{\"@id\":\"https:\\\/\\\/www.monaco-tribune.com\\\/en\\\/2024\\\/08\\\/concert-afterwork-theatre-chateau-de-cremat-comes-to-life-this-summer\\\/#primaryimage\"},\"image\":{\"@id\":\"https:\\\/\\\/www.monaco-tribune.com\\\/en\\\/2024\\\/08\\\/concert-afterwork-theatre-chateau-de-cremat-comes-to-life-this-summer\\\/#primaryimage\"},\"thumbnailUrl\":\"https:\\\/\\\/www.monaco-tribune.com\\\/wp-content\\\/uploads\\\/2024\\\/08\\\/chateau-cremat-programmation.jpeg\",\"datePublished\":\"2024-08-15T16:05:18+00:00\",\"dateModified\":\"2024-08-15T16:06:58+00:00\",\"description\":\"Here are the events you should not miss in August at Ch\u00e2teau de Cr\u00e9mat.\u00a0 Above Nice stands a bastide with neo-Tuscan architecture and breathtaking views\",\"breadcrumb\":{\"@id\":\"https:\\\/\\\/www.monaco-tribune.com\\\/en\\\/2024\\\/08\\\/concert-afterwork-theatre-chateau-de-cremat-comes-to-life-this-summer\\\/#breadcrumb\"},\"inLanguage\":\"en-US\",\"potentialAction\":[{\"@type\":\"ReadAction\",\"target\":[\"https:\\\/\\\/www.monaco-tribune.com\\\/en\\\/2024\\\/08\\\/concert-afterwork-theatre-chateau-de-cremat-comes-to-life-this-summer\\\/\"]}]},{\"@type\":\"ImageObject\",\"inLanguage\":\"en-US\",\"@id\":\"https:\\\/\\\/www.monaco-tribune.com\\\/en\\\/2024\\\/08\\\/concert-afterwork-theatre-chateau-de-cremat-comes-to-life-this-summer\\\/#primaryimage\",\"url\":\"https:\\\/\\\/www.monaco-tribune.com\\\/wp-content\\\/uploads\\\/2024\\\/08\\\/chateau-cremat-programmation.jpeg\",\"contentUrl\":\"https:\\\/\\\/www.monaco-tribune.com\\\/wp-content\\\/uploads\\\/2024\\\/08\\\/chateau-cremat-programmation.jpeg\",\"width\":1200,\"height\":702,\"caption\":\"Cr\u00e9mat castle is hosting many summer events \u00a9 Ch\u00e2teau de Cr\u00e9mat\"},{\"@type\":\"BreadcrumbList\",\"@id\":\"https:\\\/\\\/www.monaco-tribune.com\\\/en\\\/2024\\\/08\\\/concert-afterwork-theatre-chateau-de-cremat-comes-to-life-this-summer\\\/#breadcrumb\",\"itemListElement\":[{\"@type\":\"ListItem\",\"position\":1,\"name\":\"Accueil\",\"item\":\"https:\\\/\\\/www.monaco-tribune.com\\\/en\\\/\"},{\"@type\":\"ListItem\",\"position\":2,\"name\":\"Concert, afterwork, theatre&#8230;Ch\u00e2teau de Cr\u00e9mat comes to life this summer\"}]},{\"@type\":\"WebSite\",\"@id\":\"https:\\\/\\\/www.monaco-tribune.com\\\/en\\\/#website\",\"url\":\"https:\\\/\\\/www.monaco-tribune.com\\\/en\\\/\",\"name\":\"Monaco Tribune\",\"description\":\"Monaco : actualit\u00e9s \u00e9conomiques, politiques, culturelles et sportives de Monaco et de la French Riviera.\",\"publisher\":{\"@id\":\"https:\\\/\\\/www.monaco-tribune.com\\\/en\\\/#organization\"},\"potentialAction\":[{\"@type\":\"SearchAction\",\"target\":{\"@type\":\"EntryPoint\",\"urlTemplate\":\"https:\\\/\\\/www.monaco-tribune.com\\\/en\\\/?s={search_term_string}\"},\"query-input\":{\"@type\":\"PropertyValueSpecification\",\"valueRequired\":true,\"valueName\":\"search_term_string\"}}],\"inLanguage\":\"en-US\"},{\"@type\":\"Organization\",\"@id\":\"https:\\\/\\\/www.monaco-tribune.com\\\/en\\\/#organization\",\"name\":\"Monaco Tribune\",\"url\":\"https:\\\/\\\/www.monaco-tribune.com\\\/en\\\/\",\"logo\":{\"@type\":\"ImageObject\",\"inLanguage\":\"en-US\",\"@id\":\"https:\\\/\\\/www.monaco-tribune.com\\\/en\\\/#\\\/schema\\\/logo\\\/image\\\/\",\"url\":\"https:\\\/\\\/www.monaco-tribune.com\\\/wp-content\\\/uploads\\\/2022\\\/11\\\/logo-monaco-tribune.png\",\"contentUrl\":\"https:\\\/\\\/www.monaco-tribune.com\\\/wp-content\\\/uploads\\\/2022\\\/11\\\/logo-monaco-tribune.png\",\"width\":1548,\"height\":600,\"caption\":\"Monaco Tribune\"},\"image\":{\"@id\":\"https:\\\/\\\/www.monaco-tribune.com\\\/en\\\/#\\\/schema\\\/logo\\\/image\\\/\"},\"sameAs\":[\"https:\\\/\\\/www.facebook.com\\\/MonacoTribune\",\"https:\\\/\\\/x.com\\\/MonacoTribune\",\"https:\\\/\\\/www.instagram.com\\\/monacotribune\\\/\",\"https:\\\/\\\/www.linkedin.com\\\/company\\\/monaco-tribune\",\"https:\\\/\\\/www.youtube.com\\\/channel\\\/UCHle1MnG6hw1y4lWKijVbMA\"]},{\"@type\":\"Person\",\"@id\":\"https:\\\/\\\/www.monaco-tribune.com\\\/en\\\/#\\\/schema\\\/person\\\/fba2f8d5a098d473c92e84cc43a8f730\",\"name\":\"Agathe Ch\u00e9reau\",\"image\":{\"@type\":\"ImageObject\",\"inLanguage\":\"en-US\",\"@id\":\"https:\\\/\\\/secure.gravatar.com\\\/avatar\\\/884b20ed9d4430c24d77a3ad560b1c21da67bd6992531a1971822779f9988ea5?s=96&d=mm&r=g\",\"url\":\"https:\\\/\\\/secure.gravatar.com\\\/avatar\\\/884b20ed9d4430c24d77a3ad560b1c21da67bd6992531a1971822779f9988ea5?s=96&d=mm&r=g\",\"contentUrl\":\"https:\\\/\\\/secure.gravatar.com\\\/avatar\\\/884b20ed9d4430c24d77a3ad560b1c21da67bd6992531a1971822779f9988ea5?s=96&d=mm&r=g\",\"caption\":\"Agathe Ch\u00e9reau\"},\"url\":\"https:\\\/\\\/www.monaco-tribune.com\\\/en\\\/author\\\/agathechereau\\\/\"}]}<\/script>\n<!-- \/ Yoast SEO Premium plugin. -->","yoast_head_json":{"title":"Concert, afterwork, theatre...Ch\u00e2teau de Cr\u00e9mat comes to life this summer","description":"Here are the events you should not miss in August at Ch\u00e2teau de Cr\u00e9mat.\u00a0 Above Nice stands a bastide with neo-Tuscan architecture and breathtaking views","robots":{"index":"index","follow":"follow","max-snippet":"max-snippet:-1","max-image-preview":"max-image-preview:large","max-video-preview":"max-video-preview:-1"},"canonical":"https:\/\/www.monaco-tribune.com\/en\/2024\/08\/concert-afterwork-theatre-chateau-de-cremat-comes-to-life-this-summer\/","og_locale":"en_US","og_type":"article","og_title":"Concert, afterwork, theatre...Ch\u00e2teau de Cr\u00e9mat comes to life this summer - Monaco Tribune","og_description":"Here are the events you should not miss in August at Ch\u00e2teau de Cr\u00e9mat.\u00a0 Above Nice stands a bastide with neo-Tuscan architecture and breathtaking views","og_url":"https:\/\/www.monaco-tribune.com\/en\/2024\/08\/concert-afterwork-theatre-chateau-de-cremat-comes-to-life-this-summer\/","og_site_name":"Monaco Tribune","article_publisher":"https:\/\/www.facebook.com\/MonacoTribune","article_published_time":"2024-08-15T16:05:18+00:00","article_modified_time":"2024-08-15T16:06:58+00:00","og_image":[{"width":1200,"height":702,"url":"https:\/\/www.monaco-tribune.com\/wp-content\/uploads\/2024\/08\/chateau-cremat-programmation.jpeg","type":"image\/jpeg"}],"author":"Agathe Ch\u00e9reau","twitter_card":"summary_large_image","twitter_creator":"@MonacoTribune","twitter_site":"@MonacoTribune","schema":{"@context":"https:\/\/schema.org","@graph":[{"@type":"NewsArticle","@id":"https:\/\/www.monaco-tribune.com\/en\/2024\/08\/concert-afterwork-theatre-chateau-de-cremat-comes-to-life-this-summer\/#article","isPartOf":{"@id":"https:\/\/www.monaco-tribune.com\/en\/2024\/08\/concert-afterwork-theatre-chateau-de-cremat-comes-to-life-this-summer\/"},"author":{"name":"Agathe Ch\u00e9reau","@id":"https:\/\/www.monaco-tribune.com\/en\/#\/schema\/person\/fba2f8d5a098d473c92e84cc43a8f730"},"headline":"Concert, afterwork, theatre&#8230;Ch\u00e2teau de Cr\u00e9mat comes to life this summer","datePublished":"2024-08-15T16:05:18+00:00","dateModified":"2024-08-15T16:06:58+00:00","mainEntityOfPage":{"@id":"https:\/\/www.monaco-tribune.com\/en\/2024\/08\/concert-afterwork-theatre-chateau-de-cremat-comes-to-life-this-summer\/"},"wordCount":300,"publisher":{"@id":"https:\/\/www.monaco-tribune.com\/en\/#organization"},"image":{"@id":"https:\/\/www.monaco-tribune.com\/en\/2024\/08\/concert-afterwork-theatre-chateau-de-cremat-comes-to-life-this-summer\/#primaryimage"},"thumbnailUrl":"https:\/\/www.monaco-tribune.com\/wp-content\/uploads\/2024\/08\/chateau-cremat-programmation.jpeg","keywords":["Events"],"articleSection":["News","What&#039;s on"],"inLanguage":"en-US","copyrightYear":"2024","copyrightHolder":{"@id":"https:\/\/www.monaco-tribune.com\/#organization"}},{"@type":"WebPage","@id":"https:\/\/www.monaco-tribune.com\/en\/2024\/08\/concert-afterwork-theatre-chateau-de-cremat-comes-to-life-this-summer\/","url":"https:\/\/www.monaco-tribune.com\/en\/2024\/08\/concert-afterwork-theatre-chateau-de-cremat-comes-to-life-this-summer\/","name":"Concert, afterwork, theatre...Ch\u00e2teau de Cr\u00e9mat comes to life this summer","isPartOf":{"@id":"https:\/\/www.monaco-tribune.com\/en\/#website"},"primaryImageOfPage":{"@id":"https:\/\/www.monaco-tribune.com\/en\/2024\/08\/concert-afterwork-theatre-chateau-de-cremat-comes-to-life-this-summer\/#primaryimage"},"image":{"@id":"https:\/\/www.monaco-tribune.com\/en\/2024\/08\/concert-afterwork-theatre-chateau-de-cremat-comes-to-life-this-summer\/#primaryimage"},"thumbnailUrl":"https:\/\/www.monaco-tribune.com\/wp-content\/uploads\/2024\/08\/chateau-cremat-programmation.jpeg","datePublished":"2024-08-15T16:05:18+00:00","dateModified":"2024-08-15T16:06:58+00:00","description":"Here are the events you should not miss in August at Ch\u00e2teau de Cr\u00e9mat.\u00a0 Above Nice stands a bastide with neo-Tuscan architecture and breathtaking views","breadcrumb":{"@id":"https:\/\/www.monaco-tribune.com\/en\/2024\/08\/concert-afterwork-theatre-chateau-de-cremat-comes-to-life-this-summer\/#breadcrumb"},"inLanguage":"en-US","potentialAction":[{"@type":"ReadAction","target":["https:\/\/www.monaco-tribune.com\/en\/2024\/08\/concert-afterwork-theatre-chateau-de-cremat-comes-to-life-this-summer\/"]}]},{"@type":"ImageObject","inLanguage":"en-US","@id":"https:\/\/www.monaco-tribune.com\/en\/2024\/08\/concert-afterwork-theatre-chateau-de-cremat-comes-to-life-this-summer\/#primaryimage","url":"https:\/\/www.monaco-tribune.com\/wp-content\/uploads\/2024\/08\/chateau-cremat-programmation.jpeg","contentUrl":"https:\/\/www.monaco-tribune.com\/wp-content\/uploads\/2024\/08\/chateau-cremat-programmation.jpeg","width":1200,"height":702,"caption":"Cr\u00e9mat castle is hosting many summer events \u00a9 Ch\u00e2teau de Cr\u00e9mat"},{"@type":"BreadcrumbList","@id":"https:\/\/www.monaco-tribune.com\/en\/2024\/08\/concert-afterwork-theatre-chateau-de-cremat-comes-to-life-this-summer\/#breadcrumb","itemListElement":[{"@type":"ListItem","position":1,"name":"Accueil","item":"https:\/\/www.monaco-tribune.com\/en\/"},{"@type":"ListItem","position":2,"name":"Concert, afterwork, theatre&#8230;Ch\u00e2teau de Cr\u00e9mat comes to life this summer"}]},{"@type":"WebSite","@id":"https:\/\/www.monaco-tribune.com\/en\/#website","url":"https:\/\/www.monaco-tribune.com\/en\/","name":"Monaco Tribune","description":"Monaco : actualit\u00e9s \u00e9conomiques, politiques, culturelles et sportives de Monaco et de la French Riviera.","publisher":{"@id":"https:\/\/www.monaco-tribune.com\/en\/#organization"},"potentialAction":[{"@type":"SearchAction","target":{"@type":"EntryPoint","urlTemplate":"https:\/\/www.monaco-tribune.com\/en\/?s={search_term_string}"},"query-input":{"@type":"PropertyValueSpecification","valueRequired":true,"valueName":"search_term_string"}}],"inLanguage":"en-US"},{"@type":"Organization","@id":"https:\/\/www.monaco-tribune.com\/en\/#organization","name":"Monaco Tribune","url":"https:\/\/www.monaco-tribune.com\/en\/","logo":{"@type":"ImageObject","inLanguage":"en-US","@id":"https:\/\/www.monaco-tribune.com\/en\/#\/schema\/logo\/image\/","url":"https:\/\/www.monaco-tribune.com\/wp-content\/uploads\/2022\/11\/logo-monaco-tribune.png","contentUrl":"https:\/\/www.monaco-tribune.com\/wp-content\/uploads\/2022\/11\/logo-monaco-tribune.png","width":1548,"height":600,"caption":"Monaco Tribune"},"image":{"@id":"https:\/\/www.monaco-tribune.com\/en\/#\/schema\/logo\/image\/"},"sameAs":["https:\/\/www.facebook.com\/MonacoTribune","https:\/\/x.com\/MonacoTribune","https:\/\/www.instagram.com\/monacotribune\/","https:\/\/www.linkedin.com\/company\/monaco-tribune","https:\/\/www.youtube.com\/channel\/UCHle1MnG6hw1y4lWKijVbMA"]},{"@type":"Person","@id":"https:\/\/www.monaco-tribune.com\/en\/#\/schema\/person\/fba2f8d5a098d473c92e84cc43a8f730","name":"Agathe Ch\u00e9reau","image":{"@type":"ImageObject","inLanguage":"en-US","@id":"https:\/\/secure.gravatar.com\/avatar\/884b20ed9d4430c24d77a3ad560b1c21da67bd6992531a1971822779f9988ea5?s=96&d=mm&r=g","url":"https:\/\/secure.gravatar.com\/avatar\/884b20ed9d4430c24d77a3ad560b1c21da67bd6992531a1971822779f9988ea5?s=96&d=mm&r=g","contentUrl":"https:\/\/secure.gravatar.com\/avatar\/884b20ed9d4430c24d77a3ad560b1c21da67bd6992531a1971822779f9988ea5?s=96&d=mm&r=g","caption":"Agathe Ch\u00e9reau"},"url":"https:\/\/www.monaco-tribune.com\/en\/author\/agathechereau\/"}]}},"_links":{"self":[{"href":"https:\/\/www.monaco-tribune.com\/en\/wp-json\/wp\/v2\/posts\/246490","targetHints":{"allow":["GET"]}}],"collection":[{"href":"https:\/\/www.monaco-tribune.com\/en\/wp-json\/wp\/v2\/posts"}],"about":[{"href":"https:\/\/www.monaco-tribune.com\/en\/wp-json\/wp\/v2\/types\/post"}],"author":[{"embeddable":true,"href":"https:\/\/www.monaco-tribune.com\/en\/wp-json\/wp\/v2\/users\/47"}],"replies":[{"embeddable":true,"href":"https:\/\/www.monaco-tribune.com\/en\/wp-json\/wp\/v2\/comments?post=246490"}],"version-history":[{"count":2,"href":"https:\/\/www.monaco-tribune.com\/en\/wp-json\/wp\/v2\/posts\/246490\/revisions"}],"predecessor-version":[{"id":246495,"href":"https:\/\/www.monaco-tribune.com\/en\/wp-json\/wp\/v2\/posts\/246490\/revisions\/246495"}],"wp:featuredmedia":[{"embeddable":true,"href":"https:\/\/www.monaco-tribune.com\/en\/wp-json\/wp\/v2\/media\/246340"}],"wp:attachment":[{"href":"https:\/\/www.monaco-tribune.com\/en\/wp-json\/wp\/v2\/media?parent=246490"}],"wp:term":[{"taxonomy":"category","embeddable":true,"href":"https:\/\/www.monaco-tribune.com\/en\/wp-json\/wp\/v2\/categories?post=246490"},{"taxonomy":"post_tag","embeddable":true,"href":"https:\/\/www.monaco-tribune.com\/en\/wp-json\/wp\/v2\/tags?post=246490"},{"taxonomy":"sectag","embeddable":true,"href":"https:\/\/www.monaco-tribune.com\/en\/wp-json\/wp\/v2\/post_sectags?post=246490"},{"taxonomy":"format","embeddable":true,"href":"https:\/\/www.monaco-tribune.com\/en\/wp-json\/wp\/v2\/post_format?post=246490"}],"curies":[{"name":"wp","href":"https:\/\/api.w.org\/{rel}","templated":true}]}}