{"id":246496,"date":"2024-08-15T18:10:25","date_gmt":"2024-08-15T16:10:25","guid":{"rendered":"https:\/\/www.monaco-tribune.com\/2024\/08\/brest-welcomes-prince-albert-ii-memories-history-and-sport-take-centre-stage\/"},"modified":"2024-08-15T18:16:53","modified_gmt":"2024-08-15T16:16:53","slug":"brest-welcomes-prince-albert-ii-memories-history-and-sport-take-centre-stage","status":"publish","type":"post","link":"https:\/\/www.monaco-tribune.com\/en\/2024\/08\/brest-welcomes-prince-albert-ii-memories-history-and-sport-take-centre-stage\/","title":{"rendered":"Brest welcomes Prince Albert II: memories, history and sport take centre stage"},"content":{"rendered":"\n<p><strong>The trip reminded the Sovereign of his youth.<\/strong><\/p>\n\n<p>After the Olympic Games in Paris, Prince Albert II made a short trip to Brest, where the cool temperatures contrasted with the heatwave the south of France was experiencing. The Sovereign travelled to Finist\u00e8re in Brittany on Monday August 12, to meet up with an old acquaintance: Jeanne d&#8217;Arc.<\/p>\n\n<p>The helicopter carrier, named after the French heroine Joan of Arc, was home to Prince Albert II between September 1981 and April 1982, while the Sovereign was a young trainee officer. The exceptionally large vessel &#8211; 181.38 m long and 24 m wide &#8211; is unfortunately no longer in service today, having been dismantled in 2010.<\/p>\n<div class=\"wp-block-image\">\n<figure class=\"aligncenter size-large\"><img loading=\"lazy\" decoding=\"async\" width=\"1024\" height=\"683\" src=\"https:\/\/www.monaco-tribune.com\/wp-content\/uploads\/2024\/08\/prince-albert-ii-jeanne-d-arc-1024x683.jpg\" alt=\"prince-albert-ii-jeanne-d-arc\" class=\"wp-image-246391\" srcset=\"https:\/\/www.monaco-tribune.com\/wp-content\/uploads\/2024\/08\/prince-albert-ii-jeanne-d-arc-1024x683.jpg 1024w, https:\/\/www.monaco-tribune.com\/wp-content\/uploads\/2024\/08\/prince-albert-ii-jeanne-d-arc-450x300.jpg 450w, https:\/\/www.monaco-tribune.com\/wp-content\/uploads\/2024\/08\/prince-albert-ii-jeanne-d-arc.jpg 1200w\" sizes=\"auto, (max-width: 1024px) 100vw, 1024px\" \/><figcaption class=\"wp-element-caption\"><em>\u00a9 Pr\u00e9fecture maritime et commandement en chef Atlantique<\/em><\/figcaption><\/figure>\n<\/div>\n<p>Welcomed by Vice-Admiral Jean-Fran\u00e7ois Qu\u00e9rat, Maritime Pr\u00e9fet for the Atlantic, and Fran\u00e7ois Cuillandre, Mayor of Brest, Prince Albert II was able to visit the &#8220;La Jeanne, fille de Brest&#8221; (Jeanne, Brest&#8217;s daughter) exhibition at the Capucins workshops. The exhibition chronicles the life of the French Navy ship, which served as a school for future naval officers.<\/p>\n\n<p class=\"related\"><a href=\"https:\/\/www.monaco-tribune.com\/en\/2024\/08\/prince-albert-ii-talks-about-olympic-magic-and-monegasques-performance\/\">Prince Albert II talks about Olympic magic and Monegasques&#8217; performance<\/a><\/p>\n\n<p>The Sovereign also visited the National Navy Museum in Brest&#8217;s castle. And lest we forget the recent Olympic Games, the Prince also discovered the temporary exhibition entitled &#8220;Jeux sur l\u2019eau, en qu\u00eate de victoires&#8221; (Games on water, the quest for victory), dedicated to the nautical side of the Games, with five flagship disciplines: sailing, rowing, water motorsports, kayaking and surfing.<\/p>\n<div class=\"wp-block-image\">\n<figure class=\"aligncenter size-large\"><img loading=\"lazy\" decoding=\"async\" width=\"1024\" height=\"681\" src=\"https:\/\/www.monaco-tribune.com\/wp-content\/uploads\/2024\/08\/prince-albert-ii-jeux-sur-leau-1024x681.jpg\" alt=\"prince-albert-ii-jeux-sur-leau\" class=\"wp-image-246395\" srcset=\"https:\/\/www.monaco-tribune.com\/wp-content\/uploads\/2024\/08\/prince-albert-ii-jeux-sur-leau-1024x681.jpg 1024w, https:\/\/www.monaco-tribune.com\/wp-content\/uploads\/2024\/08\/prince-albert-ii-jeux-sur-leau-451x300.jpg 451w, https:\/\/www.monaco-tribune.com\/wp-content\/uploads\/2024\/08\/prince-albert-ii-jeux-sur-leau.jpg 1200w\" sizes=\"auto, (max-width: 1024px) 100vw, 1024px\" \/><figcaption class=\"wp-element-caption\"><em>\u00a9 Pr\u00e9fecture maritime et commandement en chef Atlantique<\/em><\/figcaption><\/figure>\n<\/div>","protected":false},"excerpt":{"rendered":"<p>The trip reminded the Sovereign of his youth. After the Olympic Games in Paris, Prince Albert II made a short [&hellip;]<\/p>\n","protected":false},"author":66,"featured_media":246387,"comment_status":"closed","ping_status":"closed","sticky":false,"template":"","format":"standard","meta":{"_acf_changed":false,"footnotes":""},"categories":[1825,243,254],"tags":[2830],"post_sectags":[],"post_format":[2462],"class_list":["post-246496","post","type-post","status-publish","format-standard","has-post-thumbnail","hentry","category-editors-choice","category-news","category-people-en","tag-prince-albert-ii-en-2","format-photos-en"],"acf":[],"yoast_head":"<!-- This site is optimized with the Yoast SEO Premium plugin v26.8 (Yoast SEO v27.4) - https:\/\/yoast.com\/product\/yoast-seo-premium-wordpress\/ -->\n<title>Brest welcomes Prince Albert II: memories, history and sport take centre stage<\/title>\n<meta name=\"description\" content=\"The trip reminded the Sovereign of his youth. After the Olympic Games in Paris, Prince Albert II made a short trip to Brest, where the cool temperatures\" \/>\n<meta name=\"robots\" content=\"index, follow, max-snippet:-1, max-image-preview:large, max-video-preview:-1\" \/>\n<link rel=\"canonical\" href=\"https:\/\/www.monaco-tribune.com\/en\/2024\/08\/brest-welcomes-prince-albert-ii-memories-history-and-sport-take-centre-stage\/\" \/>\n<meta property=\"og:locale\" content=\"en_US\" \/>\n<meta property=\"og:type\" content=\"article\" \/>\n<meta property=\"og:title\" content=\"Brest welcomes Prince Albert II: memories, history and sport take centre stage - Monaco Tribune\" \/>\n<meta property=\"og:description\" content=\"The trip reminded the Sovereign of his youth. After the Olympic Games in Paris, Prince Albert II made a short trip to Brest, where the cool temperatures\" \/>\n<meta property=\"og:url\" content=\"https:\/\/www.monaco-tribune.com\/en\/2024\/08\/brest-welcomes-prince-albert-ii-memories-history-and-sport-take-centre-stage\/\" \/>\n<meta property=\"og:site_name\" content=\"Monaco Tribune\" \/>\n<meta property=\"article:publisher\" content=\"https:\/\/www.facebook.com\/MonacoTribune\" \/>\n<meta property=\"article:published_time\" content=\"2024-08-15T16:10:25+00:00\" \/>\n<meta property=\"article:modified_time\" content=\"2024-08-15T16:16:53+00:00\" \/>\n<meta property=\"og:image\" content=\"https:\/\/www.monaco-tribune.com\/wp-content\/uploads\/2024\/08\/prince-albert-ii-brest.jpg\" \/>\n\t<meta property=\"og:image:width\" content=\"1200\" \/>\n\t<meta property=\"og:image:height\" content=\"800\" \/>\n\t<meta property=\"og:image:type\" content=\"image\/jpeg\" \/>\n<meta name=\"author\" content=\"Th\u00e9o Briand\" \/>\n<meta name=\"twitter:card\" content=\"summary_large_image\" \/>\n<meta name=\"twitter:creator\" content=\"@MonacoTribune\" \/>\n<meta name=\"twitter:site\" content=\"@MonacoTribune\" \/>\n<script type=\"application\/ld+json\" class=\"yoast-schema-graph\">{\"@context\":\"https:\\\/\\\/schema.org\",\"@graph\":[{\"@type\":\"NewsArticle\",\"@id\":\"https:\\\/\\\/www.monaco-tribune.com\\\/en\\\/2024\\\/08\\\/brest-welcomes-prince-albert-ii-memories-history-and-sport-take-centre-stage\\\/#article\",\"isPartOf\":{\"@id\":\"https:\\\/\\\/www.monaco-tribune.com\\\/en\\\/2024\\\/08\\\/brest-welcomes-prince-albert-ii-memories-history-and-sport-take-centre-stage\\\/\"},\"author\":{\"name\":\"Th\u00e9o Briand\",\"@id\":\"https:\\\/\\\/www.monaco-tribune.com\\\/en\\\/#\\\/schema\\\/person\\\/94fb5723547bd83dea1eed97e25145aa\"},\"headline\":\"Brest welcomes Prince Albert II: memories, history and sport take centre stage\",\"datePublished\":\"2024-08-15T16:10:25+00:00\",\"dateModified\":\"2024-08-15T16:16:53+00:00\",\"mainEntityOfPage\":{\"@id\":\"https:\\\/\\\/www.monaco-tribune.com\\\/en\\\/2024\\\/08\\\/brest-welcomes-prince-albert-ii-memories-history-and-sport-take-centre-stage\\\/\"},\"wordCount\":271,\"publisher\":{\"@id\":\"https:\\\/\\\/www.monaco-tribune.com\\\/en\\\/#organization\"},\"image\":{\"@id\":\"https:\\\/\\\/www.monaco-tribune.com\\\/en\\\/2024\\\/08\\\/brest-welcomes-prince-albert-ii-memories-history-and-sport-take-centre-stage\\\/#primaryimage\"},\"thumbnailUrl\":\"https:\\\/\\\/www.monaco-tribune.com\\\/wp-content\\\/uploads\\\/2024\\\/08\\\/prince-albert-ii-brest.jpg\",\"keywords\":[\"Prince Albert II\"],\"articleSection\":[\"Editor&#039;s choice\",\"News\",\"Princely Family\"],\"inLanguage\":\"en-US\",\"copyrightYear\":\"2024\",\"copyrightHolder\":{\"@id\":\"https:\\\/\\\/www.monaco-tribune.com\\\/#organization\"}},{\"@type\":\"WebPage\",\"@id\":\"https:\\\/\\\/www.monaco-tribune.com\\\/en\\\/2024\\\/08\\\/brest-welcomes-prince-albert-ii-memories-history-and-sport-take-centre-stage\\\/\",\"url\":\"https:\\\/\\\/www.monaco-tribune.com\\\/en\\\/2024\\\/08\\\/brest-welcomes-prince-albert-ii-memories-history-and-sport-take-centre-stage\\\/\",\"name\":\"Brest welcomes Prince Albert II: memories, history and sport take centre stage\",\"isPartOf\":{\"@id\":\"https:\\\/\\\/www.monaco-tribune.com\\\/en\\\/#website\"},\"primaryImageOfPage\":{\"@id\":\"https:\\\/\\\/www.monaco-tribune.com\\\/en\\\/2024\\\/08\\\/brest-welcomes-prince-albert-ii-memories-history-and-sport-take-centre-stage\\\/#primaryimage\"},\"image\":{\"@id\":\"https:\\\/\\\/www.monaco-tribune.com\\\/en\\\/2024\\\/08\\\/brest-welcomes-prince-albert-ii-memories-history-and-sport-take-centre-stage\\\/#primaryimage\"},\"thumbnailUrl\":\"https:\\\/\\\/www.monaco-tribune.com\\\/wp-content\\\/uploads\\\/2024\\\/08\\\/prince-albert-ii-brest.jpg\",\"datePublished\":\"2024-08-15T16:10:25+00:00\",\"dateModified\":\"2024-08-15T16:16:53+00:00\",\"description\":\"The trip reminded the Sovereign of his youth. After the Olympic Games in Paris, Prince Albert II made a short trip to Brest, where the cool temperatures\",\"breadcrumb\":{\"@id\":\"https:\\\/\\\/www.monaco-tribune.com\\\/en\\\/2024\\\/08\\\/brest-welcomes-prince-albert-ii-memories-history-and-sport-take-centre-stage\\\/#breadcrumb\"},\"inLanguage\":\"en-US\",\"potentialAction\":[{\"@type\":\"ReadAction\",\"target\":[\"https:\\\/\\\/www.monaco-tribune.com\\\/en\\\/2024\\\/08\\\/brest-welcomes-prince-albert-ii-memories-history-and-sport-take-centre-stage\\\/\"]}]},{\"@type\":\"ImageObject\",\"inLanguage\":\"en-US\",\"@id\":\"https:\\\/\\\/www.monaco-tribune.com\\\/en\\\/2024\\\/08\\\/brest-welcomes-prince-albert-ii-memories-history-and-sport-take-centre-stage\\\/#primaryimage\",\"url\":\"https:\\\/\\\/www.monaco-tribune.com\\\/wp-content\\\/uploads\\\/2024\\\/08\\\/prince-albert-ii-brest.jpg\",\"contentUrl\":\"https:\\\/\\\/www.monaco-tribune.com\\\/wp-content\\\/uploads\\\/2024\\\/08\\\/prince-albert-ii-brest.jpg\",\"width\":1200,\"height\":800,\"caption\":\"Le Prince Albert II and Jean-Fran\u00e7ois Qu\u00e9rat \u00a9 Pr\u00e9fecture maritime et commandement en chef Atlantique\"},{\"@type\":\"BreadcrumbList\",\"@id\":\"https:\\\/\\\/www.monaco-tribune.com\\\/en\\\/2024\\\/08\\\/brest-welcomes-prince-albert-ii-memories-history-and-sport-take-centre-stage\\\/#breadcrumb\",\"itemListElement\":[{\"@type\":\"ListItem\",\"position\":1,\"name\":\"Accueil\",\"item\":\"https:\\\/\\\/www.monaco-tribune.com\\\/en\\\/\"},{\"@type\":\"ListItem\",\"position\":2,\"name\":\"Brest welcomes Prince Albert II: memories, history and sport take centre stage\"}]},{\"@type\":\"WebSite\",\"@id\":\"https:\\\/\\\/www.monaco-tribune.com\\\/en\\\/#website\",\"url\":\"https:\\\/\\\/www.monaco-tribune.com\\\/en\\\/\",\"name\":\"Monaco Tribune\",\"description\":\"Monaco : actualit\u00e9s \u00e9conomiques, politiques, culturelles et sportives de Monaco et de la French Riviera.\",\"publisher\":{\"@id\":\"https:\\\/\\\/www.monaco-tribune.com\\\/en\\\/#organization\"},\"potentialAction\":[{\"@type\":\"SearchAction\",\"target\":{\"@type\":\"EntryPoint\",\"urlTemplate\":\"https:\\\/\\\/www.monaco-tribune.com\\\/en\\\/?s={search_term_string}\"},\"query-input\":{\"@type\":\"PropertyValueSpecification\",\"valueRequired\":true,\"valueName\":\"search_term_string\"}}],\"inLanguage\":\"en-US\"},{\"@type\":\"Organization\",\"@id\":\"https:\\\/\\\/www.monaco-tribune.com\\\/en\\\/#organization\",\"name\":\"Monaco Tribune\",\"url\":\"https:\\\/\\\/www.monaco-tribune.com\\\/en\\\/\",\"logo\":{\"@type\":\"ImageObject\",\"inLanguage\":\"en-US\",\"@id\":\"https:\\\/\\\/www.monaco-tribune.com\\\/en\\\/#\\\/schema\\\/logo\\\/image\\\/\",\"url\":\"https:\\\/\\\/www.monaco-tribune.com\\\/wp-content\\\/uploads\\\/2022\\\/11\\\/logo-monaco-tribune.png\",\"contentUrl\":\"https:\\\/\\\/www.monaco-tribune.com\\\/wp-content\\\/uploads\\\/2022\\\/11\\\/logo-monaco-tribune.png\",\"width\":1548,\"height\":600,\"caption\":\"Monaco Tribune\"},\"image\":{\"@id\":\"https:\\\/\\\/www.monaco-tribune.com\\\/en\\\/#\\\/schema\\\/logo\\\/image\\\/\"},\"sameAs\":[\"https:\\\/\\\/www.facebook.com\\\/MonacoTribune\",\"https:\\\/\\\/x.com\\\/MonacoTribune\",\"https:\\\/\\\/www.instagram.com\\\/monacotribune\\\/\",\"https:\\\/\\\/www.linkedin.com\\\/company\\\/monaco-tribune\",\"https:\\\/\\\/www.youtube.com\\\/channel\\\/UCHle1MnG6hw1y4lWKijVbMA\"]},{\"@type\":\"Person\",\"@id\":\"https:\\\/\\\/www.monaco-tribune.com\\\/en\\\/#\\\/schema\\\/person\\\/94fb5723547bd83dea1eed97e25145aa\",\"name\":\"Th\u00e9o Briand\",\"image\":{\"@type\":\"ImageObject\",\"inLanguage\":\"en-US\",\"@id\":\"https:\\\/\\\/secure.gravatar.com\\\/avatar\\\/1c02cfd8b8054d8c376f9a942a1dc4dbacfd8ba5e6f8dbb5e16f4aa3d281972a?s=96&d=mm&r=g\",\"url\":\"https:\\\/\\\/secure.gravatar.com\\\/avatar\\\/1c02cfd8b8054d8c376f9a942a1dc4dbacfd8ba5e6f8dbb5e16f4aa3d281972a?s=96&d=mm&r=g\",\"contentUrl\":\"https:\\\/\\\/secure.gravatar.com\\\/avatar\\\/1c02cfd8b8054d8c376f9a942a1dc4dbacfd8ba5e6f8dbb5e16f4aa3d281972a?s=96&d=mm&r=g\",\"caption\":\"Th\u00e9o Briand\"},\"url\":\"https:\\\/\\\/www.monaco-tribune.com\\\/en\\\/author\\\/theobriand\\\/\"}]}<\/script>\n<!-- \/ Yoast SEO Premium plugin. -->","yoast_head_json":{"title":"Brest welcomes Prince Albert II: memories, history and sport take centre stage","description":"The trip reminded the Sovereign of his youth. After the Olympic Games in Paris, Prince Albert II made a short trip to Brest, where the cool temperatures","robots":{"index":"index","follow":"follow","max-snippet":"max-snippet:-1","max-image-preview":"max-image-preview:large","max-video-preview":"max-video-preview:-1"},"canonical":"https:\/\/www.monaco-tribune.com\/en\/2024\/08\/brest-welcomes-prince-albert-ii-memories-history-and-sport-take-centre-stage\/","og_locale":"en_US","og_type":"article","og_title":"Brest welcomes Prince Albert II: memories, history and sport take centre stage - Monaco Tribune","og_description":"The trip reminded the Sovereign of his youth. After the Olympic Games in Paris, Prince Albert II made a short trip to Brest, where the cool temperatures","og_url":"https:\/\/www.monaco-tribune.com\/en\/2024\/08\/brest-welcomes-prince-albert-ii-memories-history-and-sport-take-centre-stage\/","og_site_name":"Monaco Tribune","article_publisher":"https:\/\/www.facebook.com\/MonacoTribune","article_published_time":"2024-08-15T16:10:25+00:00","article_modified_time":"2024-08-15T16:16:53+00:00","og_image":[{"width":1200,"height":800,"url":"https:\/\/www.monaco-tribune.com\/wp-content\/uploads\/2024\/08\/prince-albert-ii-brest.jpg","type":"image\/jpeg"}],"author":"Th\u00e9o Briand","twitter_card":"summary_large_image","twitter_creator":"@MonacoTribune","twitter_site":"@MonacoTribune","schema":{"@context":"https:\/\/schema.org","@graph":[{"@type":"NewsArticle","@id":"https:\/\/www.monaco-tribune.com\/en\/2024\/08\/brest-welcomes-prince-albert-ii-memories-history-and-sport-take-centre-stage\/#article","isPartOf":{"@id":"https:\/\/www.monaco-tribune.com\/en\/2024\/08\/brest-welcomes-prince-albert-ii-memories-history-and-sport-take-centre-stage\/"},"author":{"name":"Th\u00e9o Briand","@id":"https:\/\/www.monaco-tribune.com\/en\/#\/schema\/person\/94fb5723547bd83dea1eed97e25145aa"},"headline":"Brest welcomes Prince Albert II: memories, history and sport take centre stage","datePublished":"2024-08-15T16:10:25+00:00","dateModified":"2024-08-15T16:16:53+00:00","mainEntityOfPage":{"@id":"https:\/\/www.monaco-tribune.com\/en\/2024\/08\/brest-welcomes-prince-albert-ii-memories-history-and-sport-take-centre-stage\/"},"wordCount":271,"publisher":{"@id":"https:\/\/www.monaco-tribune.com\/en\/#organization"},"image":{"@id":"https:\/\/www.monaco-tribune.com\/en\/2024\/08\/brest-welcomes-prince-albert-ii-memories-history-and-sport-take-centre-stage\/#primaryimage"},"thumbnailUrl":"https:\/\/www.monaco-tribune.com\/wp-content\/uploads\/2024\/08\/prince-albert-ii-brest.jpg","keywords":["Prince Albert II"],"articleSection":["Editor&#039;s choice","News","Princely Family"],"inLanguage":"en-US","copyrightYear":"2024","copyrightHolder":{"@id":"https:\/\/www.monaco-tribune.com\/#organization"}},{"@type":"WebPage","@id":"https:\/\/www.monaco-tribune.com\/en\/2024\/08\/brest-welcomes-prince-albert-ii-memories-history-and-sport-take-centre-stage\/","url":"https:\/\/www.monaco-tribune.com\/en\/2024\/08\/brest-welcomes-prince-albert-ii-memories-history-and-sport-take-centre-stage\/","name":"Brest welcomes Prince Albert II: memories, history and sport take centre stage","isPartOf":{"@id":"https:\/\/www.monaco-tribune.com\/en\/#website"},"primaryImageOfPage":{"@id":"https:\/\/www.monaco-tribune.com\/en\/2024\/08\/brest-welcomes-prince-albert-ii-memories-history-and-sport-take-centre-stage\/#primaryimage"},"image":{"@id":"https:\/\/www.monaco-tribune.com\/en\/2024\/08\/brest-welcomes-prince-albert-ii-memories-history-and-sport-take-centre-stage\/#primaryimage"},"thumbnailUrl":"https:\/\/www.monaco-tribune.com\/wp-content\/uploads\/2024\/08\/prince-albert-ii-brest.jpg","datePublished":"2024-08-15T16:10:25+00:00","dateModified":"2024-08-15T16:16:53+00:00","description":"The trip reminded the Sovereign of his youth. After the Olympic Games in Paris, Prince Albert II made a short trip to Brest, where the cool temperatures","breadcrumb":{"@id":"https:\/\/www.monaco-tribune.com\/en\/2024\/08\/brest-welcomes-prince-albert-ii-memories-history-and-sport-take-centre-stage\/#breadcrumb"},"inLanguage":"en-US","potentialAction":[{"@type":"ReadAction","target":["https:\/\/www.monaco-tribune.com\/en\/2024\/08\/brest-welcomes-prince-albert-ii-memories-history-and-sport-take-centre-stage\/"]}]},{"@type":"ImageObject","inLanguage":"en-US","@id":"https:\/\/www.monaco-tribune.com\/en\/2024\/08\/brest-welcomes-prince-albert-ii-memories-history-and-sport-take-centre-stage\/#primaryimage","url":"https:\/\/www.monaco-tribune.com\/wp-content\/uploads\/2024\/08\/prince-albert-ii-brest.jpg","contentUrl":"https:\/\/www.monaco-tribune.com\/wp-content\/uploads\/2024\/08\/prince-albert-ii-brest.jpg","width":1200,"height":800,"caption":"Le Prince Albert II and Jean-Fran\u00e7ois Qu\u00e9rat \u00a9 Pr\u00e9fecture maritime et commandement en chef Atlantique"},{"@type":"BreadcrumbList","@id":"https:\/\/www.monaco-tribune.com\/en\/2024\/08\/brest-welcomes-prince-albert-ii-memories-history-and-sport-take-centre-stage\/#breadcrumb","itemListElement":[{"@type":"ListItem","position":1,"name":"Accueil","item":"https:\/\/www.monaco-tribune.com\/en\/"},{"@type":"ListItem","position":2,"name":"Brest welcomes Prince Albert II: memories, history and sport take centre stage"}]},{"@type":"WebSite","@id":"https:\/\/www.monaco-tribune.com\/en\/#website","url":"https:\/\/www.monaco-tribune.com\/en\/","name":"Monaco Tribune","description":"Monaco : actualit\u00e9s \u00e9conomiques, politiques, culturelles et sportives de Monaco et de la French Riviera.","publisher":{"@id":"https:\/\/www.monaco-tribune.com\/en\/#organization"},"potentialAction":[{"@type":"SearchAction","target":{"@type":"EntryPoint","urlTemplate":"https:\/\/www.monaco-tribune.com\/en\/?s={search_term_string}"},"query-input":{"@type":"PropertyValueSpecification","valueRequired":true,"valueName":"search_term_string"}}],"inLanguage":"en-US"},{"@type":"Organization","@id":"https:\/\/www.monaco-tribune.com\/en\/#organization","name":"Monaco Tribune","url":"https:\/\/www.monaco-tribune.com\/en\/","logo":{"@type":"ImageObject","inLanguage":"en-US","@id":"https:\/\/www.monaco-tribune.com\/en\/#\/schema\/logo\/image\/","url":"https:\/\/www.monaco-tribune.com\/wp-content\/uploads\/2022\/11\/logo-monaco-tribune.png","contentUrl":"https:\/\/www.monaco-tribune.com\/wp-content\/uploads\/2022\/11\/logo-monaco-tribune.png","width":1548,"height":600,"caption":"Monaco Tribune"},"image":{"@id":"https:\/\/www.monaco-tribune.com\/en\/#\/schema\/logo\/image\/"},"sameAs":["https:\/\/www.facebook.com\/MonacoTribune","https:\/\/x.com\/MonacoTribune","https:\/\/www.instagram.com\/monacotribune\/","https:\/\/www.linkedin.com\/company\/monaco-tribune","https:\/\/www.youtube.com\/channel\/UCHle1MnG6hw1y4lWKijVbMA"]},{"@type":"Person","@id":"https:\/\/www.monaco-tribune.com\/en\/#\/schema\/person\/94fb5723547bd83dea1eed97e25145aa","name":"Th\u00e9o Briand","image":{"@type":"ImageObject","inLanguage":"en-US","@id":"https:\/\/secure.gravatar.com\/avatar\/1c02cfd8b8054d8c376f9a942a1dc4dbacfd8ba5e6f8dbb5e16f4aa3d281972a?s=96&d=mm&r=g","url":"https:\/\/secure.gravatar.com\/avatar\/1c02cfd8b8054d8c376f9a942a1dc4dbacfd8ba5e6f8dbb5e16f4aa3d281972a?s=96&d=mm&r=g","contentUrl":"https:\/\/secure.gravatar.com\/avatar\/1c02cfd8b8054d8c376f9a942a1dc4dbacfd8ba5e6f8dbb5e16f4aa3d281972a?s=96&d=mm&r=g","caption":"Th\u00e9o Briand"},"url":"https:\/\/www.monaco-tribune.com\/en\/author\/theobriand\/"}]}},"_links":{"self":[{"href":"https:\/\/www.monaco-tribune.com\/en\/wp-json\/wp\/v2\/posts\/246496","targetHints":{"allow":["GET"]}}],"collection":[{"href":"https:\/\/www.monaco-tribune.com\/en\/wp-json\/wp\/v2\/posts"}],"about":[{"href":"https:\/\/www.monaco-tribune.com\/en\/wp-json\/wp\/v2\/types\/post"}],"author":[{"embeddable":true,"href":"https:\/\/www.monaco-tribune.com\/en\/wp-json\/wp\/v2\/users\/66"}],"replies":[{"embeddable":true,"href":"https:\/\/www.monaco-tribune.com\/en\/wp-json\/wp\/v2\/comments?post=246496"}],"version-history":[{"count":2,"href":"https:\/\/www.monaco-tribune.com\/en\/wp-json\/wp\/v2\/posts\/246496\/revisions"}],"predecessor-version":[{"id":246501,"href":"https:\/\/www.monaco-tribune.com\/en\/wp-json\/wp\/v2\/posts\/246496\/revisions\/246501"}],"wp:featuredmedia":[{"embeddable":true,"href":"https:\/\/www.monaco-tribune.com\/en\/wp-json\/wp\/v2\/media\/246387"}],"wp:attachment":[{"href":"https:\/\/www.monaco-tribune.com\/en\/wp-json\/wp\/v2\/media?parent=246496"}],"wp:term":[{"taxonomy":"category","embeddable":true,"href":"https:\/\/www.monaco-tribune.com\/en\/wp-json\/wp\/v2\/categories?post=246496"},{"taxonomy":"post_tag","embeddable":true,"href":"https:\/\/www.monaco-tribune.com\/en\/wp-json\/wp\/v2\/tags?post=246496"},{"taxonomy":"sectag","embeddable":true,"href":"https:\/\/www.monaco-tribune.com\/en\/wp-json\/wp\/v2\/post_sectags?post=246496"},{"taxonomy":"format","embeddable":true,"href":"https:\/\/www.monaco-tribune.com\/en\/wp-json\/wp\/v2\/post_format?post=246496"}],"curies":[{"name":"wp","href":"https:\/\/api.w.org\/{rel}","templated":true}]}}