{"id":246779,"date":"2024-08-19T17:45:11","date_gmt":"2024-08-19T15:45:11","guid":{"rendered":"https:\/\/www.monaco-tribune.com\/2024\/08\/nice-jazz-fest-2024-a-classic-in-tune-with-the-times\/"},"modified":"2024-08-19T21:08:13","modified_gmt":"2024-08-19T19:08:13","slug":"nice-jazz-fest-2024-a-classic-in-tune-with-the-times","status":"publish","type":"post","link":"https:\/\/www.monaco-tribune.com\/en\/2024\/08\/nice-jazz-fest-2024-a-classic-in-tune-with-the-times\/","title":{"rendered":"Nice Jazz Fest 2024: A classic in tune with the times"},"content":{"rendered":"\n<p><strong>76 years young, the festival is back again this summer. Check out the programme!<\/strong><\/p>\n\n<p>The legendary Nice Jazz Festival has changed its name to Nice Jazz Fest! A little tweak that hints at a few changes in the festival&#8217;s organisation. A Kid&#8217;s Club and a Comedy Club are making their debut. As in previous years, the purists will be at the Th\u00e9\u00e2tre de Verdure, while fans of trending artists will be on the Place Mass\u00e9na.<\/p>\n\n<p>This week, from 20 to 23 August, music lovers and curious visitors alike will come together to enjoy the sounds of some of the world&#8217;s greatest artists.<\/p>\n\n<h2 class=\"wp-block-heading\" id=\"h-un-line-up-qui-fait-swinguer\">A mouth-watering line-up<\/h2>\n\n<p>The 2024 edition has pulled out all the stops to suit every taste. From legends of the genre to emerging talent and the most avant-garde artists, the programme is rich and eclectic.<\/p>\n\n<p>Nas, an iconic rap figure and son of a jazz musician, will be celebrating the 30th anniversary of his first album, while Jungle will be setting the stage alight with a blend of funk and disco. Fans of more traditional jazz won&#8217;t feel left out, with performances by Monty Alexander and Alfredo Rodriguez.<\/p>\n\n<h2 class=\"wp-block-heading\" id=\"h-une-ambiance-festive-et-drole\">A festive and fun atmosphere<\/h2>\n\n<p>In addition to the concerts, the festival is set to be a festive affair. Of course, there will also be a village, where you can taste local specialities. <\/p>\n\n<p>A Kid&#8217;s Club has also been announced, offering youngsters aged 4 to 10 a fun introduction to music while their parents enjoy the concerts.<\/p>\n\n<p class=\"related\"><a href=\"https:\/\/www.monaco-tribune.com\/en\/2024\/08\/concert-afterwork-theatre-chateau-de-cremat-comes-to-life-this-summer\/\">Concert, afterwork, theatre&#8230; The fabulous Ch\u00e2teau de Cr\u00e9mat comes to life this summer<\/a><\/p>\n\n<p>There will also be a comedy club in the village, where you can have a laugh between concerts and get into the mood beforehand.<\/p>\n\n<p>Not forgetting the different events that will take place throughout the city. Check out <a href=\"https:\/\/www.nicejazzfest.fr\/fr\/njf-friends\">the NJF website<\/a> for more info.<\/p>\n\n<h2 class=\"wp-block-heading\" id=\"h-dans-le-detail\">Need more details?<\/h2>\n\n<p>For the impatient, here&#8217;s an overview of the full programme for Nice Jazz Fest 2024:<\/p>\n\n<ul class=\"wp-block-list\">\n<li><strong>Tuesday 20 August:<\/strong> Wasia Project, Dabeull Live Band, Nas, Louis Matute, Thee Sacred Souls, Isaiah Collier &amp; The Chosen Few.<\/li>\n\n\n\n<li><strong>Wednesday 21 August:<\/strong> Jordan Rakei, Omah Lay, Jungle, Stella Cole, Alfredo Rodriguez, Kenny Garrett.<\/li>\n\n\n\n<li><strong>Thursday 22 August:<\/strong> Julien Granel, Sampha, Phoenix, Arnaud Dolmen &amp; Le Vitygroove, Theo Croker, Monty Alexander.<\/li>\n\n\n\n<li><strong>Friday 23 August:<\/strong> Rejjie Snow, MEUTE, Yam\u00ea, Kareen Guiock Thuram, L\u00e9on Phal, Jon Cleary and The Absolute Monster Gentlemen<\/li>\n<\/ul>\n","protected":false},"excerpt":{"rendered":"<p>76 years young, the festival is back again this summer. Check out the programme! The legendary Nice Jazz Festival has [&hellip;]<\/p>\n","protected":false},"author":66,"featured_media":246697,"comment_status":"closed","ping_status":"closed","sticky":false,"template":"","format":"standard","meta":{"_acf_changed":false,"footnotes":""},"categories":[243,251],"tags":[2844],"post_sectags":[3502],"post_format":[2465],"class_list":["post-246779","post","type-post","status-publish","format-standard","has-post-thumbnail","hentry","category-news","category-whats-on","tag-events-en","sectag-music","format-in-brief"],"acf":[],"yoast_head":"<!-- This site is optimized with the Yoast SEO Premium plugin v26.8 (Yoast SEO v27.4) - https:\/\/yoast.com\/product\/yoast-seo-premium-wordpress\/ -->\n<title>Nice Jazz Fest 2024: A classic in tune with the times<\/title>\n<meta name=\"description\" content=\"76 years young, the festival is back again this summer. Check out the programme! The legendary Nice Jazz Festival has changed its name to Nice Jazz Fest!\" \/>\n<meta name=\"robots\" content=\"index, follow, max-snippet:-1, max-image-preview:large, max-video-preview:-1\" \/>\n<link rel=\"canonical\" href=\"https:\/\/www.monaco-tribune.com\/en\/2024\/08\/nice-jazz-fest-2024-a-classic-in-tune-with-the-times\/\" \/>\n<meta property=\"og:locale\" content=\"en_US\" \/>\n<meta property=\"og:type\" content=\"article\" \/>\n<meta property=\"og:title\" content=\"Nice Jazz Fest 2024: A classic in tune with the times - Monaco Tribune\" \/>\n<meta property=\"og:description\" content=\"76 years young, the festival is back again this summer. Check out the programme! The legendary Nice Jazz Festival has changed its name to Nice Jazz Fest!\" \/>\n<meta property=\"og:url\" content=\"https:\/\/www.monaco-tribune.com\/en\/2024\/08\/nice-jazz-fest-2024-a-classic-in-tune-with-the-times\/\" \/>\n<meta property=\"og:site_name\" content=\"Monaco Tribune\" \/>\n<meta property=\"article:publisher\" content=\"https:\/\/www.facebook.com\/MonacoTribune\" \/>\n<meta property=\"article:published_time\" content=\"2024-08-19T15:45:11+00:00\" \/>\n<meta property=\"article:modified_time\" content=\"2024-08-19T19:08:13+00:00\" \/>\n<meta property=\"og:image\" content=\"https:\/\/www.monaco-tribune.com\/wp-content\/uploads\/2024\/08\/gogo-penguin-everything-is-going-to-be-ok.jpg\" \/>\n\t<meta property=\"og:image:width\" content=\"1200\" \/>\n\t<meta property=\"og:image:height\" content=\"800\" \/>\n\t<meta property=\"og:image:type\" content=\"image\/jpeg\" \/>\n<meta name=\"author\" content=\"Th\u00e9o Briand\" \/>\n<meta name=\"twitter:card\" content=\"summary_large_image\" \/>\n<meta name=\"twitter:creator\" content=\"@MonacoTribune\" \/>\n<meta name=\"twitter:site\" content=\"@MonacoTribune\" \/>\n<script type=\"application\/ld+json\" class=\"yoast-schema-graph\">{\"@context\":\"https:\\\/\\\/schema.org\",\"@graph\":[{\"@type\":\"NewsArticle\",\"@id\":\"https:\\\/\\\/www.monaco-tribune.com\\\/en\\\/2024\\\/08\\\/nice-jazz-fest-2024-a-classic-in-tune-with-the-times\\\/#article\",\"isPartOf\":{\"@id\":\"https:\\\/\\\/www.monaco-tribune.com\\\/en\\\/2024\\\/08\\\/nice-jazz-fest-2024-a-classic-in-tune-with-the-times\\\/\"},\"author\":{\"name\":\"Th\u00e9o Briand\",\"@id\":\"https:\\\/\\\/www.monaco-tribune.com\\\/en\\\/#\\\/schema\\\/person\\\/94fb5723547bd83dea1eed97e25145aa\"},\"headline\":\"Nice Jazz Fest 2024: A classic in tune with the times\",\"datePublished\":\"2024-08-19T15:45:11+00:00\",\"dateModified\":\"2024-08-19T19:08:13+00:00\",\"mainEntityOfPage\":{\"@id\":\"https:\\\/\\\/www.monaco-tribune.com\\\/en\\\/2024\\\/08\\\/nice-jazz-fest-2024-a-classic-in-tune-with-the-times\\\/\"},\"wordCount\":401,\"publisher\":{\"@id\":\"https:\\\/\\\/www.monaco-tribune.com\\\/en\\\/#organization\"},\"image\":{\"@id\":\"https:\\\/\\\/www.monaco-tribune.com\\\/en\\\/2024\\\/08\\\/nice-jazz-fest-2024-a-classic-in-tune-with-the-times\\\/#primaryimage\"},\"thumbnailUrl\":\"https:\\\/\\\/www.monaco-tribune.com\\\/wp-content\\\/uploads\\\/2024\\\/08\\\/gogo-penguin-everything-is-going-to-be-ok.jpg\",\"keywords\":[\"Events\"],\"articleSection\":[\"News\",\"What&#039;s on\"],\"inLanguage\":\"en-US\",\"copyrightYear\":\"2024\",\"copyrightHolder\":{\"@id\":\"https:\\\/\\\/www.monaco-tribune.com\\\/#organization\"}},{\"@type\":\"WebPage\",\"@id\":\"https:\\\/\\\/www.monaco-tribune.com\\\/en\\\/2024\\\/08\\\/nice-jazz-fest-2024-a-classic-in-tune-with-the-times\\\/\",\"url\":\"https:\\\/\\\/www.monaco-tribune.com\\\/en\\\/2024\\\/08\\\/nice-jazz-fest-2024-a-classic-in-tune-with-the-times\\\/\",\"name\":\"Nice Jazz Fest 2024: A classic in tune with the times\",\"isPartOf\":{\"@id\":\"https:\\\/\\\/www.monaco-tribune.com\\\/en\\\/#website\"},\"primaryImageOfPage\":{\"@id\":\"https:\\\/\\\/www.monaco-tribune.com\\\/en\\\/2024\\\/08\\\/nice-jazz-fest-2024-a-classic-in-tune-with-the-times\\\/#primaryimage\"},\"image\":{\"@id\":\"https:\\\/\\\/www.monaco-tribune.com\\\/en\\\/2024\\\/08\\\/nice-jazz-fest-2024-a-classic-in-tune-with-the-times\\\/#primaryimage\"},\"thumbnailUrl\":\"https:\\\/\\\/www.monaco-tribune.com\\\/wp-content\\\/uploads\\\/2024\\\/08\\\/gogo-penguin-everything-is-going-to-be-ok.jpg\",\"datePublished\":\"2024-08-19T15:45:11+00:00\",\"dateModified\":\"2024-08-19T19:08:13+00:00\",\"description\":\"76 years young, the festival is back again this summer. Check out the programme! The legendary Nice Jazz Festival has changed its name to Nice Jazz Fest!\",\"breadcrumb\":{\"@id\":\"https:\\\/\\\/www.monaco-tribune.com\\\/en\\\/2024\\\/08\\\/nice-jazz-fest-2024-a-classic-in-tune-with-the-times\\\/#breadcrumb\"},\"inLanguage\":\"en-US\",\"potentialAction\":[{\"@type\":\"ReadAction\",\"target\":[\"https:\\\/\\\/www.monaco-tribune.com\\\/en\\\/2024\\\/08\\\/nice-jazz-fest-2024-a-classic-in-tune-with-the-times\\\/\"]}]},{\"@type\":\"ImageObject\",\"inLanguage\":\"en-US\",\"@id\":\"https:\\\/\\\/www.monaco-tribune.com\\\/en\\\/2024\\\/08\\\/nice-jazz-fest-2024-a-classic-in-tune-with-the-times\\\/#primaryimage\",\"url\":\"https:\\\/\\\/www.monaco-tribune.com\\\/wp-content\\\/uploads\\\/2024\\\/08\\\/gogo-penguin-everything-is-going-to-be-ok.jpg\",\"contentUrl\":\"https:\\\/\\\/www.monaco-tribune.com\\\/wp-content\\\/uploads\\\/2024\\\/08\\\/gogo-penguin-everything-is-going-to-be-ok.jpg\",\"width\":1200,\"height\":800,\"caption\":\"The group GoGo Penguin was one of the highlights of the 2023 edition \u00a9 David Nouy \\\/ Ville de Nice\"},{\"@type\":\"BreadcrumbList\",\"@id\":\"https:\\\/\\\/www.monaco-tribune.com\\\/en\\\/2024\\\/08\\\/nice-jazz-fest-2024-a-classic-in-tune-with-the-times\\\/#breadcrumb\",\"itemListElement\":[{\"@type\":\"ListItem\",\"position\":1,\"name\":\"Accueil\",\"item\":\"https:\\\/\\\/www.monaco-tribune.com\\\/en\\\/\"},{\"@type\":\"ListItem\",\"position\":2,\"name\":\"Nice Jazz Fest 2024: A classic in tune with the times\"}]},{\"@type\":\"WebSite\",\"@id\":\"https:\\\/\\\/www.monaco-tribune.com\\\/en\\\/#website\",\"url\":\"https:\\\/\\\/www.monaco-tribune.com\\\/en\\\/\",\"name\":\"Monaco Tribune\",\"description\":\"Monaco : actualit\u00e9s \u00e9conomiques, politiques, culturelles et sportives de Monaco et de la French Riviera.\",\"publisher\":{\"@id\":\"https:\\\/\\\/www.monaco-tribune.com\\\/en\\\/#organization\"},\"potentialAction\":[{\"@type\":\"SearchAction\",\"target\":{\"@type\":\"EntryPoint\",\"urlTemplate\":\"https:\\\/\\\/www.monaco-tribune.com\\\/en\\\/?s={search_term_string}\"},\"query-input\":{\"@type\":\"PropertyValueSpecification\",\"valueRequired\":true,\"valueName\":\"search_term_string\"}}],\"inLanguage\":\"en-US\"},{\"@type\":\"Organization\",\"@id\":\"https:\\\/\\\/www.monaco-tribune.com\\\/en\\\/#organization\",\"name\":\"Monaco Tribune\",\"url\":\"https:\\\/\\\/www.monaco-tribune.com\\\/en\\\/\",\"logo\":{\"@type\":\"ImageObject\",\"inLanguage\":\"en-US\",\"@id\":\"https:\\\/\\\/www.monaco-tribune.com\\\/en\\\/#\\\/schema\\\/logo\\\/image\\\/\",\"url\":\"https:\\\/\\\/www.monaco-tribune.com\\\/wp-content\\\/uploads\\\/2022\\\/11\\\/logo-monaco-tribune.png\",\"contentUrl\":\"https:\\\/\\\/www.monaco-tribune.com\\\/wp-content\\\/uploads\\\/2022\\\/11\\\/logo-monaco-tribune.png\",\"width\":1548,\"height\":600,\"caption\":\"Monaco Tribune\"},\"image\":{\"@id\":\"https:\\\/\\\/www.monaco-tribune.com\\\/en\\\/#\\\/schema\\\/logo\\\/image\\\/\"},\"sameAs\":[\"https:\\\/\\\/www.facebook.com\\\/MonacoTribune\",\"https:\\\/\\\/x.com\\\/MonacoTribune\",\"https:\\\/\\\/www.instagram.com\\\/monacotribune\\\/\",\"https:\\\/\\\/www.linkedin.com\\\/company\\\/monaco-tribune\",\"https:\\\/\\\/www.youtube.com\\\/channel\\\/UCHle1MnG6hw1y4lWKijVbMA\"]},{\"@type\":\"Person\",\"@id\":\"https:\\\/\\\/www.monaco-tribune.com\\\/en\\\/#\\\/schema\\\/person\\\/94fb5723547bd83dea1eed97e25145aa\",\"name\":\"Th\u00e9o Briand\",\"image\":{\"@type\":\"ImageObject\",\"inLanguage\":\"en-US\",\"@id\":\"https:\\\/\\\/secure.gravatar.com\\\/avatar\\\/1c02cfd8b8054d8c376f9a942a1dc4dbacfd8ba5e6f8dbb5e16f4aa3d281972a?s=96&d=mm&r=g\",\"url\":\"https:\\\/\\\/secure.gravatar.com\\\/avatar\\\/1c02cfd8b8054d8c376f9a942a1dc4dbacfd8ba5e6f8dbb5e16f4aa3d281972a?s=96&d=mm&r=g\",\"contentUrl\":\"https:\\\/\\\/secure.gravatar.com\\\/avatar\\\/1c02cfd8b8054d8c376f9a942a1dc4dbacfd8ba5e6f8dbb5e16f4aa3d281972a?s=96&d=mm&r=g\",\"caption\":\"Th\u00e9o Briand\"},\"url\":\"https:\\\/\\\/www.monaco-tribune.com\\\/en\\\/author\\\/theobriand\\\/\"}]}<\/script>\n<!-- \/ Yoast SEO Premium plugin. -->","yoast_head_json":{"title":"Nice Jazz Fest 2024: A classic in tune with the times","description":"76 years young, the festival is back again this summer. Check out the programme! The legendary Nice Jazz Festival has changed its name to Nice Jazz Fest!","robots":{"index":"index","follow":"follow","max-snippet":"max-snippet:-1","max-image-preview":"max-image-preview:large","max-video-preview":"max-video-preview:-1"},"canonical":"https:\/\/www.monaco-tribune.com\/en\/2024\/08\/nice-jazz-fest-2024-a-classic-in-tune-with-the-times\/","og_locale":"en_US","og_type":"article","og_title":"Nice Jazz Fest 2024: A classic in tune with the times - Monaco Tribune","og_description":"76 years young, the festival is back again this summer. Check out the programme! The legendary Nice Jazz Festival has changed its name to Nice Jazz Fest!","og_url":"https:\/\/www.monaco-tribune.com\/en\/2024\/08\/nice-jazz-fest-2024-a-classic-in-tune-with-the-times\/","og_site_name":"Monaco Tribune","article_publisher":"https:\/\/www.facebook.com\/MonacoTribune","article_published_time":"2024-08-19T15:45:11+00:00","article_modified_time":"2024-08-19T19:08:13+00:00","og_image":[{"width":1200,"height":800,"url":"https:\/\/www.monaco-tribune.com\/wp-content\/uploads\/2024\/08\/gogo-penguin-everything-is-going-to-be-ok.jpg","type":"image\/jpeg"}],"author":"Th\u00e9o Briand","twitter_card":"summary_large_image","twitter_creator":"@MonacoTribune","twitter_site":"@MonacoTribune","schema":{"@context":"https:\/\/schema.org","@graph":[{"@type":"NewsArticle","@id":"https:\/\/www.monaco-tribune.com\/en\/2024\/08\/nice-jazz-fest-2024-a-classic-in-tune-with-the-times\/#article","isPartOf":{"@id":"https:\/\/www.monaco-tribune.com\/en\/2024\/08\/nice-jazz-fest-2024-a-classic-in-tune-with-the-times\/"},"author":{"name":"Th\u00e9o Briand","@id":"https:\/\/www.monaco-tribune.com\/en\/#\/schema\/person\/94fb5723547bd83dea1eed97e25145aa"},"headline":"Nice Jazz Fest 2024: A classic in tune with the times","datePublished":"2024-08-19T15:45:11+00:00","dateModified":"2024-08-19T19:08:13+00:00","mainEntityOfPage":{"@id":"https:\/\/www.monaco-tribune.com\/en\/2024\/08\/nice-jazz-fest-2024-a-classic-in-tune-with-the-times\/"},"wordCount":401,"publisher":{"@id":"https:\/\/www.monaco-tribune.com\/en\/#organization"},"image":{"@id":"https:\/\/www.monaco-tribune.com\/en\/2024\/08\/nice-jazz-fest-2024-a-classic-in-tune-with-the-times\/#primaryimage"},"thumbnailUrl":"https:\/\/www.monaco-tribune.com\/wp-content\/uploads\/2024\/08\/gogo-penguin-everything-is-going-to-be-ok.jpg","keywords":["Events"],"articleSection":["News","What&#039;s on"],"inLanguage":"en-US","copyrightYear":"2024","copyrightHolder":{"@id":"https:\/\/www.monaco-tribune.com\/#organization"}},{"@type":"WebPage","@id":"https:\/\/www.monaco-tribune.com\/en\/2024\/08\/nice-jazz-fest-2024-a-classic-in-tune-with-the-times\/","url":"https:\/\/www.monaco-tribune.com\/en\/2024\/08\/nice-jazz-fest-2024-a-classic-in-tune-with-the-times\/","name":"Nice Jazz Fest 2024: A classic in tune with the times","isPartOf":{"@id":"https:\/\/www.monaco-tribune.com\/en\/#website"},"primaryImageOfPage":{"@id":"https:\/\/www.monaco-tribune.com\/en\/2024\/08\/nice-jazz-fest-2024-a-classic-in-tune-with-the-times\/#primaryimage"},"image":{"@id":"https:\/\/www.monaco-tribune.com\/en\/2024\/08\/nice-jazz-fest-2024-a-classic-in-tune-with-the-times\/#primaryimage"},"thumbnailUrl":"https:\/\/www.monaco-tribune.com\/wp-content\/uploads\/2024\/08\/gogo-penguin-everything-is-going-to-be-ok.jpg","datePublished":"2024-08-19T15:45:11+00:00","dateModified":"2024-08-19T19:08:13+00:00","description":"76 years young, the festival is back again this summer. Check out the programme! The legendary Nice Jazz Festival has changed its name to Nice Jazz Fest!","breadcrumb":{"@id":"https:\/\/www.monaco-tribune.com\/en\/2024\/08\/nice-jazz-fest-2024-a-classic-in-tune-with-the-times\/#breadcrumb"},"inLanguage":"en-US","potentialAction":[{"@type":"ReadAction","target":["https:\/\/www.monaco-tribune.com\/en\/2024\/08\/nice-jazz-fest-2024-a-classic-in-tune-with-the-times\/"]}]},{"@type":"ImageObject","inLanguage":"en-US","@id":"https:\/\/www.monaco-tribune.com\/en\/2024\/08\/nice-jazz-fest-2024-a-classic-in-tune-with-the-times\/#primaryimage","url":"https:\/\/www.monaco-tribune.com\/wp-content\/uploads\/2024\/08\/gogo-penguin-everything-is-going-to-be-ok.jpg","contentUrl":"https:\/\/www.monaco-tribune.com\/wp-content\/uploads\/2024\/08\/gogo-penguin-everything-is-going-to-be-ok.jpg","width":1200,"height":800,"caption":"The group GoGo Penguin was one of the highlights of the 2023 edition \u00a9 David Nouy \/ Ville de Nice"},{"@type":"BreadcrumbList","@id":"https:\/\/www.monaco-tribune.com\/en\/2024\/08\/nice-jazz-fest-2024-a-classic-in-tune-with-the-times\/#breadcrumb","itemListElement":[{"@type":"ListItem","position":1,"name":"Accueil","item":"https:\/\/www.monaco-tribune.com\/en\/"},{"@type":"ListItem","position":2,"name":"Nice Jazz Fest 2024: A classic in tune with the times"}]},{"@type":"WebSite","@id":"https:\/\/www.monaco-tribune.com\/en\/#website","url":"https:\/\/www.monaco-tribune.com\/en\/","name":"Monaco Tribune","description":"Monaco : actualit\u00e9s \u00e9conomiques, politiques, culturelles et sportives de Monaco et de la French Riviera.","publisher":{"@id":"https:\/\/www.monaco-tribune.com\/en\/#organization"},"potentialAction":[{"@type":"SearchAction","target":{"@type":"EntryPoint","urlTemplate":"https:\/\/www.monaco-tribune.com\/en\/?s={search_term_string}"},"query-input":{"@type":"PropertyValueSpecification","valueRequired":true,"valueName":"search_term_string"}}],"inLanguage":"en-US"},{"@type":"Organization","@id":"https:\/\/www.monaco-tribune.com\/en\/#organization","name":"Monaco Tribune","url":"https:\/\/www.monaco-tribune.com\/en\/","logo":{"@type":"ImageObject","inLanguage":"en-US","@id":"https:\/\/www.monaco-tribune.com\/en\/#\/schema\/logo\/image\/","url":"https:\/\/www.monaco-tribune.com\/wp-content\/uploads\/2022\/11\/logo-monaco-tribune.png","contentUrl":"https:\/\/www.monaco-tribune.com\/wp-content\/uploads\/2022\/11\/logo-monaco-tribune.png","width":1548,"height":600,"caption":"Monaco Tribune"},"image":{"@id":"https:\/\/www.monaco-tribune.com\/en\/#\/schema\/logo\/image\/"},"sameAs":["https:\/\/www.facebook.com\/MonacoTribune","https:\/\/x.com\/MonacoTribune","https:\/\/www.instagram.com\/monacotribune\/","https:\/\/www.linkedin.com\/company\/monaco-tribune","https:\/\/www.youtube.com\/channel\/UCHle1MnG6hw1y4lWKijVbMA"]},{"@type":"Person","@id":"https:\/\/www.monaco-tribune.com\/en\/#\/schema\/person\/94fb5723547bd83dea1eed97e25145aa","name":"Th\u00e9o Briand","image":{"@type":"ImageObject","inLanguage":"en-US","@id":"https:\/\/secure.gravatar.com\/avatar\/1c02cfd8b8054d8c376f9a942a1dc4dbacfd8ba5e6f8dbb5e16f4aa3d281972a?s=96&d=mm&r=g","url":"https:\/\/secure.gravatar.com\/avatar\/1c02cfd8b8054d8c376f9a942a1dc4dbacfd8ba5e6f8dbb5e16f4aa3d281972a?s=96&d=mm&r=g","contentUrl":"https:\/\/secure.gravatar.com\/avatar\/1c02cfd8b8054d8c376f9a942a1dc4dbacfd8ba5e6f8dbb5e16f4aa3d281972a?s=96&d=mm&r=g","caption":"Th\u00e9o Briand"},"url":"https:\/\/www.monaco-tribune.com\/en\/author\/theobriand\/"}]}},"_links":{"self":[{"href":"https:\/\/www.monaco-tribune.com\/en\/wp-json\/wp\/v2\/posts\/246779","targetHints":{"allow":["GET"]}}],"collection":[{"href":"https:\/\/www.monaco-tribune.com\/en\/wp-json\/wp\/v2\/posts"}],"about":[{"href":"https:\/\/www.monaco-tribune.com\/en\/wp-json\/wp\/v2\/types\/post"}],"author":[{"embeddable":true,"href":"https:\/\/www.monaco-tribune.com\/en\/wp-json\/wp\/v2\/users\/66"}],"replies":[{"embeddable":true,"href":"https:\/\/www.monaco-tribune.com\/en\/wp-json\/wp\/v2\/comments?post=246779"}],"version-history":[{"count":2,"href":"https:\/\/www.monaco-tribune.com\/en\/wp-json\/wp\/v2\/posts\/246779\/revisions"}],"predecessor-version":[{"id":246782,"href":"https:\/\/www.monaco-tribune.com\/en\/wp-json\/wp\/v2\/posts\/246779\/revisions\/246782"}],"wp:featuredmedia":[{"embeddable":true,"href":"https:\/\/www.monaco-tribune.com\/en\/wp-json\/wp\/v2\/media\/246697"}],"wp:attachment":[{"href":"https:\/\/www.monaco-tribune.com\/en\/wp-json\/wp\/v2\/media?parent=246779"}],"wp:term":[{"taxonomy":"category","embeddable":true,"href":"https:\/\/www.monaco-tribune.com\/en\/wp-json\/wp\/v2\/categories?post=246779"},{"taxonomy":"post_tag","embeddable":true,"href":"https:\/\/www.monaco-tribune.com\/en\/wp-json\/wp\/v2\/tags?post=246779"},{"taxonomy":"sectag","embeddable":true,"href":"https:\/\/www.monaco-tribune.com\/en\/wp-json\/wp\/v2\/post_sectags?post=246779"},{"taxonomy":"format","embeddable":true,"href":"https:\/\/www.monaco-tribune.com\/en\/wp-json\/wp\/v2\/post_format?post=246779"}],"curies":[{"name":"wp","href":"https:\/\/api.w.org\/{rel}","templated":true}]}}