{"id":247810,"date":"2024-08-29T12:48:23","date_gmt":"2024-08-29T10:48:23","guid":{"rendered":"https:\/\/www.monaco-tribune.com\/2024\/08\/world-football-icon-cristiano-ronaldo-expected-in-monaco\/"},"modified":"2024-08-29T12:56:11","modified_gmt":"2024-08-29T10:56:11","slug":"world-football-icon-cristiano-ronaldo-expected-in-monaco","status":"publish","type":"post","link":"https:\/\/www.monaco-tribune.com\/en\/2024\/08\/world-football-icon-cristiano-ronaldo-expected-in-monaco\/","title":{"rendered":"World football icon Cristiano Ronaldo expected in Monaco"},"content":{"rendered":"\n<p><\/p><p style=\"white-space: normal;\"><strong>On Thursday 29 August, the Grimaldi Forum will be the setting for a special tribute to Cristiano Ronaldo, the UEFA Champions League&#8217;s top goalscorer. As the men&#8217;s 2024\/25 UEFA club competition season kicks off, the Portuguese striker will receive a special award, celebrating his extraordinary legacy in European football&#8217;s most prestigious competition.<\/strong><\/p>\n\n<p>On 29 and 30 August, over 700 guests, including representatives of European clubs, members of the European football family, footballing legends and the media, will be heading to Monaco&#8217;s Grimaldi Forum for the annual kick-off of the men&#8217;s UEFA club competition season.<\/p>\n\n<p>UEFA President Aleksander \u010ceferin is due to present Cristiano Ronaldo with a very special award when the Champions League&#8217;s draw for the league stage is made at 6pm this evening. This honour not only recognises the player&#8217;s achievements, but also his enduring influence on world football.<\/p>\n\n<p><em>&#8220;Cristiano Ronaldo is one of the brightest stars in the UEFA Champions League constellation. His extraordinary goalscoring achievements in the competition seem destined to stand the test of time, posing a remarkable challenge for future generations to surpass. His sustained excellence at the highest level is a testament to his relentless pursuit of both team and individual honours.<\/em><\/p>\n\n<p><em>Over more than two decades, he has continually evolved and refined his game while preserving a youthful passion for scoring and celebrating goals. His professionalism, work ethic, dedication and ability to shine on the grandest stage are qualities that football players everywhere should aspire to emulate,&#8221;<\/em>\u00a0 said Aleksander \u010ceferin.<\/p>\n\n<p>If the Al-Nassr FC striker does accept the invitation to the Principality, the award will be a landmark moment as the world of football honours one of its greatest ambassadors. And with a bit of luck, fans will also have the chance of catching a glimpse of their greatest idol.<\/p>\n\n<blockquote class=\"twitter-tweet\"><p lang=\"en\" dir=\"ltr\">\ud83c\uddf2\ud83c\udde8 We&#8217;re in Monaco this week for the <a href=\"https:\/\/twitter.com\/hashtag\/UCL?src=hash&#038;ref_src=twsrc%5Etfw\">#UCL<\/a>, <a href=\"https:\/\/twitter.com\/hashtag\/UEL?src=hash&#038;ref_src=twsrc%5Etfw\">#UEL<\/a> and <a href=\"https:\/\/twitter.com\/hashtag\/UECL?src=hash&#038;ref_src=twsrc%5Etfw\">#UECL<\/a> league phase draws!<br\/><br\/>Don&#8217;t miss any of it and watch it live on <a href=\"https:\/\/twitter.com\/hashtag\/UEFAtv?src=hash&#038;ref_src=twsrc%5Etfw\">#UEFAtv<\/a>: \u2b07\ufe0f<\/p>\u2014 UEFA (@UEFA) <a href=\"https:\/\/twitter.com\/UEFA\/status\/1828460687879782411?ref_src=twsrc%5Etfw\">August 27, 2024<\/a><\/blockquote> <script async=\"\" src=\"https:\/\/platform.twitter.com\/widgets.js\" charset=\"utf-8\"><\/script>\r\n\n<h2 class=\"wp-block-heading\" id=\"h-une-carriere-legendaire\">A legendary career<\/h2>\n\n<p>With 140 goals in 183 appearances, Cristiano Ronaldo has rewritten UEFA Champions League history. This impressive run has seen him surpass his biggest rivals. He is 11 goals ahead of Lionel Messi, and 46 ahead of Robert Lewandowski. But it&#8217;s not just about the numbers, it&#8217;s also Ronaldo&#8217;s ability to shine when it matters.<\/p>\n\n<p>Over the course of his career, Cristiano Ronaldo has been top scorer in the Champions League seven times, a record that is unmatched to date. He also holds the record for most goals in a single season with 17 in 2013\/14, including a decisive strike to beat Atl\u00e9tico Madrid in extra time in the final.<\/p>\n\n<blockquote class=\"twitter-tweet\"><p lang=\"en\" dir=\"ltr\">\u2728 UEFA Champions League all-time top scorer \u2728<br\/><br\/>\ud83c\udfc6 Record <a href=\"https:\/\/twitter.com\/hashtag\/UCL?src=hash&#038;ref_src=twsrc%5Etfw\">#UCL<\/a> golden boot in seven different seasons<br\/>\ud83c\udfc6 Record 17 goals in a single campaign<br\/>\ud83c\udfc6 Record 140 goals in 183 games<br\/> <a href=\"https:\/\/twitter.com\/Cristiano?ref_src=twsrc%5Etfw\">@Cristiano<\/a> will receive a special award from UEFA president Aleksander \u010ceferin this week in Monaco!<\/p>\u2014 UEFA (@UEFA) <a href=\"https:\/\/twitter.com\/UEFA\/status\/1828373665555108067?ref_src=twsrc%5Etfw\">August 27, 2024<\/a><\/blockquote> <script async=\"\" src=\"https:\/\/platform.twitter.com\/widgets.js\" charset=\"utf-8\"><\/script>\r\n\n<p>With five Champions League titles to his credit &#8211; one with Manchester United and four with Real Madrid &#8211; Ronaldo became the first player to win the competition five times since the new format was introduced in 1992. He is also the only player to have scored in three different finals (2008, 2014, 2017).<\/p>\n\n<p>The multiple winner of the Ballon d&#8217;Or and UEFA Men&#8217;s Player of the Year is also the all-time top scorer in all UEFA club competitions (145 goals, 197 appearances) as well as the all-time most prolific player in men&#8217;s international football (130 goals, 212 appearances).<\/p>\n\n<h2 class=\"wp-block-heading\" id=\"h-une-nouvelle-page-a-ecrire\">A new chapter to write<\/h2>\n\n<p>As Ronaldo prepares to receive the tribute, the draw for the UEFA Champions League 36-team league phase will also see the start of a new era for the competition, with a new format. Fans around the world are eager to see what new challenges await their favourite teams, including <a href=\"https:\/\/www.monaco-tribune.com\/en\/2024\/05\/ligue-1-as-monaco-brush-aside-montpellier-to-secure-second\/\">AS Monaco<\/a>, and whether anyone can ever match Ronaldo&#8217;s achievements on the biggest stage in European football.<\/p>\n\n<p>In addition, Gianluigi Buffon, the legendary former Italy goalkeeper, will receive the prestigious UEFA President&#8217;s Award for 2024, in recognition of his outstanding career and contribution to world football.<\/p>\n\n<blockquote class=\"twitter-tweet\"><p lang=\"fr\" dir=\"ltr\">Le \ud835\ude63\ud835\ude64\ud835\ude6a\ud835\ude6b\ud835\ude5a\ud835\ude56\ud835\ude6a format des comp\u00e9titions europ\u00e9ennes d\u00e9bute le mois prochain! \ud83d\ude0d <a href=\"https:\/\/twitter.com\/hashtag\/UCL?src=hash&#038;ref_src=twsrc%5Etfw\">#UCL<\/a> <a href=\"https:\/\/twitter.com\/hashtag\/UEL?src=hash&#038;ref_src=twsrc%5Etfw\">#UEL<\/a> <a href=\"https:\/\/twitter.com\/hashtag\/UECL?src=hash&#038;ref_src=twsrc%5Etfw\">#UECL<\/a><br\/><br\/>Tirage de la phase de Ligue le 2\ufe0f\u20e39\ufe0f\u20e3 ao\u00fbt \ud83e\udd29 <a href=\"https:\/\/t.co\/YgEslWy4jU\">pic.twitter.com\/YgEslWy4jU<\/a><\/p>\u2014 L&#8217;UEFA \ud83c\uddeb\ud83c\uddf7 (@UEFAcom_fr) <a href=\"https:\/\/twitter.com\/UEFAcom_fr\/status\/1818947807014777283?ref_src=twsrc%5Etfw\">August 1, 2024<\/a><\/blockquote> <script async=\"\" src=\"https:\/\/platform.twitter.com\/widgets.js\" charset=\"utf-8\"><\/script>\r\n\n<p class=\"related\"><a href=\"https:\/\/www.monaco-tribune.com\/en\/2024\/08\/ligue-1-as-monaco-record-dominant-away-win-vs-lyon\/\">Ligue 1: AS Monaco record dominant away win vs. Lyon<\/a><\/p>\n","protected":false},"excerpt":{"rendered":"<p>On Thursday 29 August, the Grimaldi Forum will be the setting for a special tribute to Cristiano Ronaldo, the UEFA [&hellip;]<\/p>\n","protected":false},"author":77,"featured_media":247722,"comment_status":"closed","ping_status":"closed","sticky":false,"template":"","format":"standard","meta":{"_acf_changed":false,"footnotes":""},"categories":[243,257],"tags":[2844],"post_sectags":[3102,3219],"post_format":[2465],"class_list":["post-247810","post","type-post","status-publish","format-standard","has-post-thumbnail","hentry","category-news","category-sports-en","tag-events-en","sectag-football-en","sectag-grimaldi-forum-en","format-in-brief"],"acf":[],"yoast_head":"<!-- This site is optimized with the Yoast SEO Premium plugin v26.8 (Yoast SEO v27.4) - https:\/\/yoast.com\/product\/yoast-seo-premium-wordpress\/ -->\n<title>World football icon Cristiano Ronaldo expected in Monaco<\/title>\n<meta name=\"description\" content=\"On Thursday 29 August, the Grimaldi Forum will be the setting for a special tribute to Cristiano Ronaldo, the UEFA Champions League&#039;s top goalscorer. As\" \/>\n<meta name=\"robots\" content=\"index, follow, max-snippet:-1, max-image-preview:large, max-video-preview:-1\" \/>\n<link rel=\"canonical\" href=\"https:\/\/www.monaco-tribune.com\/en\/2024\/08\/world-football-icon-cristiano-ronaldo-expected-in-monaco\/\" \/>\n<meta property=\"og:locale\" content=\"en_US\" \/>\n<meta property=\"og:type\" content=\"article\" \/>\n<meta property=\"og:title\" content=\"World football icon Cristiano Ronaldo expected in Monaco - Monaco Tribune\" \/>\n<meta property=\"og:description\" content=\"On Thursday 29 August, the Grimaldi Forum will be the setting for a special tribute to Cristiano Ronaldo, the UEFA Champions League&#039;s top goalscorer. As\" \/>\n<meta property=\"og:url\" content=\"https:\/\/www.monaco-tribune.com\/en\/2024\/08\/world-football-icon-cristiano-ronaldo-expected-in-monaco\/\" \/>\n<meta property=\"og:site_name\" content=\"Monaco Tribune\" \/>\n<meta property=\"article:publisher\" content=\"https:\/\/www.facebook.com\/MonacoTribune\" \/>\n<meta property=\"article:published_time\" content=\"2024-08-29T10:48:23+00:00\" \/>\n<meta property=\"article:modified_time\" content=\"2024-08-29T10:56:11+00:00\" \/>\n<meta property=\"og:image\" content=\"https:\/\/www.monaco-tribune.com\/wp-content\/uploads\/2024\/08\/cristiano-ronaldo-monaco-uefa-champions-league-1.jpg\" \/>\n\t<meta property=\"og:image:width\" content=\"1179\" \/>\n\t<meta property=\"og:image:height\" content=\"707\" \/>\n\t<meta property=\"og:image:type\" content=\"image\/jpeg\" \/>\n<meta name=\"author\" content=\"Ana\u00efs Riu\" \/>\n<meta name=\"twitter:card\" content=\"summary_large_image\" \/>\n<meta name=\"twitter:creator\" content=\"@MonacoTribune\" \/>\n<meta name=\"twitter:site\" content=\"@MonacoTribune\" \/>\n<script type=\"application\/ld+json\" class=\"yoast-schema-graph\">{\"@context\":\"https:\\\/\\\/schema.org\",\"@graph\":[{\"@type\":\"NewsArticle\",\"@id\":\"https:\\\/\\\/www.monaco-tribune.com\\\/en\\\/2024\\\/08\\\/world-football-icon-cristiano-ronaldo-expected-in-monaco\\\/#article\",\"isPartOf\":{\"@id\":\"https:\\\/\\\/www.monaco-tribune.com\\\/en\\\/2024\\\/08\\\/world-football-icon-cristiano-ronaldo-expected-in-monaco\\\/\"},\"author\":{\"name\":\"Ana\u00efs Riu\",\"@id\":\"https:\\\/\\\/www.monaco-tribune.com\\\/en\\\/#\\\/schema\\\/person\\\/6db631c784f2f0eff54c3ca4d1da2d49\"},\"headline\":\"World football icon Cristiano Ronaldo expected in Monaco\",\"datePublished\":\"2024-08-29T10:48:23+00:00\",\"dateModified\":\"2024-08-29T10:56:11+00:00\",\"mainEntityOfPage\":{\"@id\":\"https:\\\/\\\/www.monaco-tribune.com\\\/en\\\/2024\\\/08\\\/world-football-icon-cristiano-ronaldo-expected-in-monaco\\\/\"},\"wordCount\":727,\"publisher\":{\"@id\":\"https:\\\/\\\/www.monaco-tribune.com\\\/en\\\/#organization\"},\"image\":{\"@id\":\"https:\\\/\\\/www.monaco-tribune.com\\\/en\\\/2024\\\/08\\\/world-football-icon-cristiano-ronaldo-expected-in-monaco\\\/#primaryimage\"},\"thumbnailUrl\":\"https:\\\/\\\/www.monaco-tribune.com\\\/wp-content\\\/uploads\\\/2024\\\/08\\\/cristiano-ronaldo-monaco-uefa-champions-league-1.jpg\",\"keywords\":[\"Events\"],\"articleSection\":[\"News\",\"Sports\"],\"inLanguage\":\"en-US\",\"copyrightYear\":\"2024\",\"copyrightHolder\":{\"@id\":\"https:\\\/\\\/www.monaco-tribune.com\\\/#organization\"}},{\"@type\":\"WebPage\",\"@id\":\"https:\\\/\\\/www.monaco-tribune.com\\\/en\\\/2024\\\/08\\\/world-football-icon-cristiano-ronaldo-expected-in-monaco\\\/\",\"url\":\"https:\\\/\\\/www.monaco-tribune.com\\\/en\\\/2024\\\/08\\\/world-football-icon-cristiano-ronaldo-expected-in-monaco\\\/\",\"name\":\"World football icon Cristiano Ronaldo expected in Monaco\",\"isPartOf\":{\"@id\":\"https:\\\/\\\/www.monaco-tribune.com\\\/en\\\/#website\"},\"primaryImageOfPage\":{\"@id\":\"https:\\\/\\\/www.monaco-tribune.com\\\/en\\\/2024\\\/08\\\/world-football-icon-cristiano-ronaldo-expected-in-monaco\\\/#primaryimage\"},\"image\":{\"@id\":\"https:\\\/\\\/www.monaco-tribune.com\\\/en\\\/2024\\\/08\\\/world-football-icon-cristiano-ronaldo-expected-in-monaco\\\/#primaryimage\"},\"thumbnailUrl\":\"https:\\\/\\\/www.monaco-tribune.com\\\/wp-content\\\/uploads\\\/2024\\\/08\\\/cristiano-ronaldo-monaco-uefa-champions-league-1.jpg\",\"datePublished\":\"2024-08-29T10:48:23+00:00\",\"dateModified\":\"2024-08-29T10:56:11+00:00\",\"description\":\"On Thursday 29 August, the Grimaldi Forum will be the setting for a special tribute to Cristiano Ronaldo, the UEFA Champions League's top goalscorer. As\",\"breadcrumb\":{\"@id\":\"https:\\\/\\\/www.monaco-tribune.com\\\/en\\\/2024\\\/08\\\/world-football-icon-cristiano-ronaldo-expected-in-monaco\\\/#breadcrumb\"},\"inLanguage\":\"en-US\",\"potentialAction\":[{\"@type\":\"ReadAction\",\"target\":[\"https:\\\/\\\/www.monaco-tribune.com\\\/en\\\/2024\\\/08\\\/world-football-icon-cristiano-ronaldo-expected-in-monaco\\\/\"]}]},{\"@type\":\"ImageObject\",\"inLanguage\":\"en-US\",\"@id\":\"https:\\\/\\\/www.monaco-tribune.com\\\/en\\\/2024\\\/08\\\/world-football-icon-cristiano-ronaldo-expected-in-monaco\\\/#primaryimage\",\"url\":\"https:\\\/\\\/www.monaco-tribune.com\\\/wp-content\\\/uploads\\\/2024\\\/08\\\/cristiano-ronaldo-monaco-uefa-champions-league-1.jpg\",\"contentUrl\":\"https:\\\/\\\/www.monaco-tribune.com\\\/wp-content\\\/uploads\\\/2024\\\/08\\\/cristiano-ronaldo-monaco-uefa-champions-league-1.jpg\",\"width\":1179,\"height\":707,\"caption\":\"Screenshot\"},{\"@type\":\"BreadcrumbList\",\"@id\":\"https:\\\/\\\/www.monaco-tribune.com\\\/en\\\/2024\\\/08\\\/world-football-icon-cristiano-ronaldo-expected-in-monaco\\\/#breadcrumb\",\"itemListElement\":[{\"@type\":\"ListItem\",\"position\":1,\"name\":\"Accueil\",\"item\":\"https:\\\/\\\/www.monaco-tribune.com\\\/en\\\/\"},{\"@type\":\"ListItem\",\"position\":2,\"name\":\"World football icon Cristiano Ronaldo expected in Monaco\"}]},{\"@type\":\"WebSite\",\"@id\":\"https:\\\/\\\/www.monaco-tribune.com\\\/en\\\/#website\",\"url\":\"https:\\\/\\\/www.monaco-tribune.com\\\/en\\\/\",\"name\":\"Monaco Tribune\",\"description\":\"Monaco : actualit\u00e9s \u00e9conomiques, politiques, culturelles et sportives de Monaco et de la French Riviera.\",\"publisher\":{\"@id\":\"https:\\\/\\\/www.monaco-tribune.com\\\/en\\\/#organization\"},\"potentialAction\":[{\"@type\":\"SearchAction\",\"target\":{\"@type\":\"EntryPoint\",\"urlTemplate\":\"https:\\\/\\\/www.monaco-tribune.com\\\/en\\\/?s={search_term_string}\"},\"query-input\":{\"@type\":\"PropertyValueSpecification\",\"valueRequired\":true,\"valueName\":\"search_term_string\"}}],\"inLanguage\":\"en-US\"},{\"@type\":\"Organization\",\"@id\":\"https:\\\/\\\/www.monaco-tribune.com\\\/en\\\/#organization\",\"name\":\"Monaco Tribune\",\"url\":\"https:\\\/\\\/www.monaco-tribune.com\\\/en\\\/\",\"logo\":{\"@type\":\"ImageObject\",\"inLanguage\":\"en-US\",\"@id\":\"https:\\\/\\\/www.monaco-tribune.com\\\/en\\\/#\\\/schema\\\/logo\\\/image\\\/\",\"url\":\"https:\\\/\\\/www.monaco-tribune.com\\\/wp-content\\\/uploads\\\/2022\\\/11\\\/logo-monaco-tribune.png\",\"contentUrl\":\"https:\\\/\\\/www.monaco-tribune.com\\\/wp-content\\\/uploads\\\/2022\\\/11\\\/logo-monaco-tribune.png\",\"width\":1548,\"height\":600,\"caption\":\"Monaco Tribune\"},\"image\":{\"@id\":\"https:\\\/\\\/www.monaco-tribune.com\\\/en\\\/#\\\/schema\\\/logo\\\/image\\\/\"},\"sameAs\":[\"https:\\\/\\\/www.facebook.com\\\/MonacoTribune\",\"https:\\\/\\\/x.com\\\/MonacoTribune\",\"https:\\\/\\\/www.instagram.com\\\/monacotribune\\\/\",\"https:\\\/\\\/www.linkedin.com\\\/company\\\/monaco-tribune\",\"https:\\\/\\\/www.youtube.com\\\/channel\\\/UCHle1MnG6hw1y4lWKijVbMA\"]},{\"@type\":\"Person\",\"@id\":\"https:\\\/\\\/www.monaco-tribune.com\\\/en\\\/#\\\/schema\\\/person\\\/6db631c784f2f0eff54c3ca4d1da2d49\",\"name\":\"Ana\u00efs Riu\",\"image\":{\"@type\":\"ImageObject\",\"inLanguage\":\"en-US\",\"@id\":\"https:\\\/\\\/secure.gravatar.com\\\/avatar\\\/9137eff67ff750f1997c171f45e5829ca4c8fa34729a8f8cd9dc85be7e50df7f?s=96&d=mm&r=g\",\"url\":\"https:\\\/\\\/secure.gravatar.com\\\/avatar\\\/9137eff67ff750f1997c171f45e5829ca4c8fa34729a8f8cd9dc85be7e50df7f?s=96&d=mm&r=g\",\"contentUrl\":\"https:\\\/\\\/secure.gravatar.com\\\/avatar\\\/9137eff67ff750f1997c171f45e5829ca4c8fa34729a8f8cd9dc85be7e50df7f?s=96&d=mm&r=g\",\"caption\":\"Ana\u00efs Riu\"},\"url\":\"https:\\\/\\\/www.monaco-tribune.com\\\/en\\\/author\\\/anaisriu\\\/\"}]}<\/script>\n<!-- \/ Yoast SEO Premium plugin. -->","yoast_head_json":{"title":"World football icon Cristiano Ronaldo expected in Monaco","description":"On Thursday 29 August, the Grimaldi Forum will be the setting for a special tribute to Cristiano Ronaldo, the UEFA Champions League's top goalscorer. As","robots":{"index":"index","follow":"follow","max-snippet":"max-snippet:-1","max-image-preview":"max-image-preview:large","max-video-preview":"max-video-preview:-1"},"canonical":"https:\/\/www.monaco-tribune.com\/en\/2024\/08\/world-football-icon-cristiano-ronaldo-expected-in-monaco\/","og_locale":"en_US","og_type":"article","og_title":"World football icon Cristiano Ronaldo expected in Monaco - Monaco Tribune","og_description":"On Thursday 29 August, the Grimaldi Forum will be the setting for a special tribute to Cristiano Ronaldo, the UEFA Champions League's top goalscorer. As","og_url":"https:\/\/www.monaco-tribune.com\/en\/2024\/08\/world-football-icon-cristiano-ronaldo-expected-in-monaco\/","og_site_name":"Monaco Tribune","article_publisher":"https:\/\/www.facebook.com\/MonacoTribune","article_published_time":"2024-08-29T10:48:23+00:00","article_modified_time":"2024-08-29T10:56:11+00:00","og_image":[{"width":1179,"height":707,"url":"https:\/\/www.monaco-tribune.com\/wp-content\/uploads\/2024\/08\/cristiano-ronaldo-monaco-uefa-champions-league-1.jpg","type":"image\/jpeg"}],"author":"Ana\u00efs Riu","twitter_card":"summary_large_image","twitter_creator":"@MonacoTribune","twitter_site":"@MonacoTribune","schema":{"@context":"https:\/\/schema.org","@graph":[{"@type":"NewsArticle","@id":"https:\/\/www.monaco-tribune.com\/en\/2024\/08\/world-football-icon-cristiano-ronaldo-expected-in-monaco\/#article","isPartOf":{"@id":"https:\/\/www.monaco-tribune.com\/en\/2024\/08\/world-football-icon-cristiano-ronaldo-expected-in-monaco\/"},"author":{"name":"Ana\u00efs Riu","@id":"https:\/\/www.monaco-tribune.com\/en\/#\/schema\/person\/6db631c784f2f0eff54c3ca4d1da2d49"},"headline":"World football icon Cristiano Ronaldo expected in Monaco","datePublished":"2024-08-29T10:48:23+00:00","dateModified":"2024-08-29T10:56:11+00:00","mainEntityOfPage":{"@id":"https:\/\/www.monaco-tribune.com\/en\/2024\/08\/world-football-icon-cristiano-ronaldo-expected-in-monaco\/"},"wordCount":727,"publisher":{"@id":"https:\/\/www.monaco-tribune.com\/en\/#organization"},"image":{"@id":"https:\/\/www.monaco-tribune.com\/en\/2024\/08\/world-football-icon-cristiano-ronaldo-expected-in-monaco\/#primaryimage"},"thumbnailUrl":"https:\/\/www.monaco-tribune.com\/wp-content\/uploads\/2024\/08\/cristiano-ronaldo-monaco-uefa-champions-league-1.jpg","keywords":["Events"],"articleSection":["News","Sports"],"inLanguage":"en-US","copyrightYear":"2024","copyrightHolder":{"@id":"https:\/\/www.monaco-tribune.com\/#organization"}},{"@type":"WebPage","@id":"https:\/\/www.monaco-tribune.com\/en\/2024\/08\/world-football-icon-cristiano-ronaldo-expected-in-monaco\/","url":"https:\/\/www.monaco-tribune.com\/en\/2024\/08\/world-football-icon-cristiano-ronaldo-expected-in-monaco\/","name":"World football icon Cristiano Ronaldo expected in Monaco","isPartOf":{"@id":"https:\/\/www.monaco-tribune.com\/en\/#website"},"primaryImageOfPage":{"@id":"https:\/\/www.monaco-tribune.com\/en\/2024\/08\/world-football-icon-cristiano-ronaldo-expected-in-monaco\/#primaryimage"},"image":{"@id":"https:\/\/www.monaco-tribune.com\/en\/2024\/08\/world-football-icon-cristiano-ronaldo-expected-in-monaco\/#primaryimage"},"thumbnailUrl":"https:\/\/www.monaco-tribune.com\/wp-content\/uploads\/2024\/08\/cristiano-ronaldo-monaco-uefa-champions-league-1.jpg","datePublished":"2024-08-29T10:48:23+00:00","dateModified":"2024-08-29T10:56:11+00:00","description":"On Thursday 29 August, the Grimaldi Forum will be the setting for a special tribute to Cristiano Ronaldo, the UEFA Champions League's top goalscorer. As","breadcrumb":{"@id":"https:\/\/www.monaco-tribune.com\/en\/2024\/08\/world-football-icon-cristiano-ronaldo-expected-in-monaco\/#breadcrumb"},"inLanguage":"en-US","potentialAction":[{"@type":"ReadAction","target":["https:\/\/www.monaco-tribune.com\/en\/2024\/08\/world-football-icon-cristiano-ronaldo-expected-in-monaco\/"]}]},{"@type":"ImageObject","inLanguage":"en-US","@id":"https:\/\/www.monaco-tribune.com\/en\/2024\/08\/world-football-icon-cristiano-ronaldo-expected-in-monaco\/#primaryimage","url":"https:\/\/www.monaco-tribune.com\/wp-content\/uploads\/2024\/08\/cristiano-ronaldo-monaco-uefa-champions-league-1.jpg","contentUrl":"https:\/\/www.monaco-tribune.com\/wp-content\/uploads\/2024\/08\/cristiano-ronaldo-monaco-uefa-champions-league-1.jpg","width":1179,"height":707,"caption":"Screenshot"},{"@type":"BreadcrumbList","@id":"https:\/\/www.monaco-tribune.com\/en\/2024\/08\/world-football-icon-cristiano-ronaldo-expected-in-monaco\/#breadcrumb","itemListElement":[{"@type":"ListItem","position":1,"name":"Accueil","item":"https:\/\/www.monaco-tribune.com\/en\/"},{"@type":"ListItem","position":2,"name":"World football icon Cristiano Ronaldo expected in Monaco"}]},{"@type":"WebSite","@id":"https:\/\/www.monaco-tribune.com\/en\/#website","url":"https:\/\/www.monaco-tribune.com\/en\/","name":"Monaco Tribune","description":"Monaco : actualit\u00e9s \u00e9conomiques, politiques, culturelles et sportives de Monaco et de la French Riviera.","publisher":{"@id":"https:\/\/www.monaco-tribune.com\/en\/#organization"},"potentialAction":[{"@type":"SearchAction","target":{"@type":"EntryPoint","urlTemplate":"https:\/\/www.monaco-tribune.com\/en\/?s={search_term_string}"},"query-input":{"@type":"PropertyValueSpecification","valueRequired":true,"valueName":"search_term_string"}}],"inLanguage":"en-US"},{"@type":"Organization","@id":"https:\/\/www.monaco-tribune.com\/en\/#organization","name":"Monaco Tribune","url":"https:\/\/www.monaco-tribune.com\/en\/","logo":{"@type":"ImageObject","inLanguage":"en-US","@id":"https:\/\/www.monaco-tribune.com\/en\/#\/schema\/logo\/image\/","url":"https:\/\/www.monaco-tribune.com\/wp-content\/uploads\/2022\/11\/logo-monaco-tribune.png","contentUrl":"https:\/\/www.monaco-tribune.com\/wp-content\/uploads\/2022\/11\/logo-monaco-tribune.png","width":1548,"height":600,"caption":"Monaco Tribune"},"image":{"@id":"https:\/\/www.monaco-tribune.com\/en\/#\/schema\/logo\/image\/"},"sameAs":["https:\/\/www.facebook.com\/MonacoTribune","https:\/\/x.com\/MonacoTribune","https:\/\/www.instagram.com\/monacotribune\/","https:\/\/www.linkedin.com\/company\/monaco-tribune","https:\/\/www.youtube.com\/channel\/UCHle1MnG6hw1y4lWKijVbMA"]},{"@type":"Person","@id":"https:\/\/www.monaco-tribune.com\/en\/#\/schema\/person\/6db631c784f2f0eff54c3ca4d1da2d49","name":"Ana\u00efs Riu","image":{"@type":"ImageObject","inLanguage":"en-US","@id":"https:\/\/secure.gravatar.com\/avatar\/9137eff67ff750f1997c171f45e5829ca4c8fa34729a8f8cd9dc85be7e50df7f?s=96&d=mm&r=g","url":"https:\/\/secure.gravatar.com\/avatar\/9137eff67ff750f1997c171f45e5829ca4c8fa34729a8f8cd9dc85be7e50df7f?s=96&d=mm&r=g","contentUrl":"https:\/\/secure.gravatar.com\/avatar\/9137eff67ff750f1997c171f45e5829ca4c8fa34729a8f8cd9dc85be7e50df7f?s=96&d=mm&r=g","caption":"Ana\u00efs Riu"},"url":"https:\/\/www.monaco-tribune.com\/en\/author\/anaisriu\/"}]}},"_links":{"self":[{"href":"https:\/\/www.monaco-tribune.com\/en\/wp-json\/wp\/v2\/posts\/247810","targetHints":{"allow":["GET"]}}],"collection":[{"href":"https:\/\/www.monaco-tribune.com\/en\/wp-json\/wp\/v2\/posts"}],"about":[{"href":"https:\/\/www.monaco-tribune.com\/en\/wp-json\/wp\/v2\/types\/post"}],"author":[{"embeddable":true,"href":"https:\/\/www.monaco-tribune.com\/en\/wp-json\/wp\/v2\/users\/77"}],"replies":[{"embeddable":true,"href":"https:\/\/www.monaco-tribune.com\/en\/wp-json\/wp\/v2\/comments?post=247810"}],"version-history":[{"count":2,"href":"https:\/\/www.monaco-tribune.com\/en\/wp-json\/wp\/v2\/posts\/247810\/revisions"}],"predecessor-version":[{"id":247819,"href":"https:\/\/www.monaco-tribune.com\/en\/wp-json\/wp\/v2\/posts\/247810\/revisions\/247819"}],"wp:featuredmedia":[{"embeddable":true,"href":"https:\/\/www.monaco-tribune.com\/en\/wp-json\/wp\/v2\/media\/247722"}],"wp:attachment":[{"href":"https:\/\/www.monaco-tribune.com\/en\/wp-json\/wp\/v2\/media?parent=247810"}],"wp:term":[{"taxonomy":"category","embeddable":true,"href":"https:\/\/www.monaco-tribune.com\/en\/wp-json\/wp\/v2\/categories?post=247810"},{"taxonomy":"post_tag","embeddable":true,"href":"https:\/\/www.monaco-tribune.com\/en\/wp-json\/wp\/v2\/tags?post=247810"},{"taxonomy":"sectag","embeddable":true,"href":"https:\/\/www.monaco-tribune.com\/en\/wp-json\/wp\/v2\/post_sectags?post=247810"},{"taxonomy":"format","embeddable":true,"href":"https:\/\/www.monaco-tribune.com\/en\/wp-json\/wp\/v2\/post_format?post=247810"}],"curies":[{"name":"wp","href":"https:\/\/api.w.org\/{rel}","templated":true}]}}